{"id":51687,"date":"2026-09-05T21:46:06","date_gmt":"2026-09-05T19:46:06","guid":{"rendered":"https:\/\/fojustice.fr\/web\/?p=51687"},"modified":"2026-09-05T21:46:06","modified_gmt":"2026-09-05T19:46:06","slug":"prison-de-villenauxe-la-grande-decouverte-dangereuse","status":"publish","type":"post","link":"https:\/\/fojustice.fr\/web\/prison-de-villenauxe-la-grande-decouverte-dangereuse\/","title":{"rendered":"Prison de Villenauxe-la-Grande : D\u00e9couverte dangereuse"},"content":{"rendered":"<p class=\"p1\">Dans la nuit du vendredi 04 au samedi 05 Septembre 2026, gr\u00e2ce \u00e0 la vigilance des personnels lors d\u2019une projection, plusieurs colis ont pu \u00eatre r\u00e9cup\u00e9r\u00e9s ; Ils contenaient notamment :<\/p>\n<ul>\n<li class=\"p2\"><strong><span style=\"color: #ff0000;\">\u00a0Un couteau de type opinel, lame de 12 cm<\/span><\/strong><\/li>\n<li class=\"p2\"><strong><span style=\"color: #ff0000;\">\u00a0Deux autres couteaux, avec des lames de 6 \u00e0 9 cm<\/span><\/strong><\/li>\n<li class=\"p2\"><strong><span style=\"color: #ff0000;\">\u00a0Des produits stup\u00e9fiants<\/span><\/strong><\/li>\n<\/ul>\n<p class=\"p1\">Mais cette fois, les interventions ne se sont pas arr\u00eat\u00e9es aux saisies. L\u2019\u00e9quipe de nuit ainsi que le service du matin ont \u00e9t\u00e9 r\u00e9quisitionn\u00e9 pour une ouverture et des fouilles simultan\u00e9es de sept cellules cibl\u00e9es du QHB suite \u00e0 la r\u00e9cup\u00e9ration d\u2019un colis par un d\u00e9tenu d\u00e9j\u00e0 connu des faits.<\/p>\n<p class=\"p1\">Une nouvelle fois, les recherches ont port\u00e9 leurs fruits avec la d\u00e9couverte :<\/p>\n<ul>\n<li class=\"p2\"><strong><span style=\"color: #ff0000;\">\u00a0Un t\u00e9l\u00e9phone<\/span><\/strong><\/li>\n<li class=\"p2\"><strong><span style=\"color: #ff0000;\">\u00a0Mat\u00e9riels destin\u00e9s \u00e0 la r\u00e9cup\u00e9ration des projections Zones neutres, cours de promenade, terrain de sport ont \u00e9t\u00e9 tous v\u00e9rifi\u00e9s. Les personnels font leur travail.<\/span><\/strong><\/li>\n<\/ul>\n<p class=\"p1\" style=\"text-align: center;\"><span style=\"color: #ff0000;\"><strong>Zones neutres, cours de promenade, terrain de sport ont \u00e9t\u00e9 tous v\u00e9rifi\u00e9s. Les personnels font leur travail.<\/strong><\/span><\/p>\n<p class=\"p1\"><strong><span class=\"s2\"><span style=\"color: #ff0000;\">Fo justice VLG<\/span> <\/span><\/strong>demande depuis des ann\u00e9es l\u2019installation des filets anti-projections et avait propos\u00e9 une solution alternative. Combien de saisies dangereuses et d\u2019interpellations faudra-t-il encore avant que des mesures concr\u00e8tes soient enfin prises ?<\/p>\n<p class=\"p1\"><strong><span class=\"s2\" style=\"color: #ff0000;\">FO justice VLG <\/span><\/strong>salue le professionnalisme du grad\u00e9 et des agents du service de nuit donc la vigilance a permis de r\u00e9cup\u00e9rer les colis contenant des armes blanches redoutables.<\/p>\n<p class=\"p1\"><strong><span class=\"s2\" style=\"color: #ff0000;\">FO justice VLG <\/span><\/strong>f\u00e9licite \u00e9galement l\u2019encadrement et les agents de service du matin pour les fouilles r\u00e9alis\u00e9es et les nouvelles d\u00e9couvertes effectu\u00e9es en d\u00e9tention.<\/p>\n<p class=\"p1\"><strong><span class=\"s2\" style=\"color: #ff0000;\">FO Justice VLG<\/span><\/strong> sollicite l&#8217;octroi de lettres de f\u00e9licitations pour l&#8217;ensemble des agents et grad\u00e9s de nuit ainsi que du service du matin, dont la vigilance, la r\u00e9activit\u00e9 et le grand professionnalisme ont permis de pr\u00e9server la s\u00e9curit\u00e9 de l&#8217;\u00e9tablissement.<\/p>\n<p class=\"p2\" style=\"text-align: center;\"><strong><span style=\"color: #ff0000;\">La s\u00e9curit\u00e9 n\u2019a pas de prix, elle doit rester notre priorit\u00e9<\/span><\/strong><\/p>\n<p><a href=\"https:\/\/fojustice.fr\/web\/wp-content\/uploads\/2026\/09\/Decouverte-dangereuse.pdf\">Lire le communiqu\u00e9<\/a><\/p>\n","protected":false},"excerpt":{"rendered":"<p>Dans la nuit du vendredi 04 au samedi 05 Septembre 2026, gr\u00e2ce \u00e0 la vigilance des personnels lors d\u2019une projection, plusieurs colis ont pu \u00eatre r\u00e9cup\u00e9r\u00e9s ; Ils contenaient notamment : \u00a0Un couteau de type opinel, lame de 12 cm \u00a0Deux autres couteaux, avec des lames de 6 \u00e0 9 cm \u00a0Des produits stup\u00e9fiants Mais [&hellip;]<\/p>\n","protected":false},"author":1,"featured_media":16458,"comment_status":"open","ping_status":"open","sticky":false,"template":"","format":"standard","meta":{"_jetpack_newsletter_access":"","_jetpack_dont_email_post_to_subs":true,"_jetpack_newsletter_tier_id":0,"_jetpack_memberships_contains_paywalled_content":false,"page_builder":"","_jetpack_feature_clip_id":0,"_jetpack_memberships_contains_paid_content":false,"footnotes":"","jetpack_post_was_ever_published":false,"_members_access_role":[],"_members_access_error":""},"categories":[36],"tags":[],"class_list":["post-51687","post","type-post","status-publish","format-standard","has-post-thumbnail","hentry","category-disp-strasbourg"],"yoast_head":"<!-- This site is optimized with the Yoast SEO plugin v28.4 - https:\/\/yoast.com\/product\/yoast-seo-wordpress\/ -->\n<title>Prison de Villenauxe-la-Grande : D\u00e9couverte dangereuse - Syndicat FO Justice<\/title>\n<meta name=\"description\" content=\"Syndicat FO Justice - DISP Strasbourg - Prison de Villenauxe-la-Grande : D\u00e9couverte dangereuse\" \/>\n<meta name=\"robots\" content=\"index, follow, max-snippet:-1, max-image-preview:large, max-video-preview:-1\" \/>\n<link rel=\"canonical\" href=\"https:\/\/fojustice.fr\/web\/prison-de-villenauxe-la-grande-decouverte-dangereuse\/\" \/>\n<meta property=\"og:locale\" content=\"fr_FR\" \/>\n<meta property=\"og:type\" content=\"article\" \/>\n<meta property=\"og:title\" content=\"Prison de Villenauxe-la-Grande : D\u00e9couverte dangereuse - Syndicat FO Justice\" \/>\n<meta property=\"og:description\" content=\"Syndicat FO Justice - DISP Strasbourg - Prison de Villenauxe-la-Grande : D\u00e9couverte dangereuse\" \/>\n<meta property=\"og:url\" content=\"https:\/\/fojustice.fr\/web\/prison-de-villenauxe-la-grande-decouverte-dangereuse\/\" \/>\n<meta property=\"og:site_name\" content=\"Syndicat FO Justice\" \/>\n<meta property=\"article:publisher\" content=\"https:\/\/www.facebook.com\/SyndicatFoJustice\" \/>\n<meta property=\"article:published_time\" content=\"2026-09-05T19:46:06+00:00\" \/>\n<meta property=\"og:image\" content=\"https:\/\/fojustice.fr\/web\/wp-content\/uploads\/2023\/10\/villenauxe-la-Grande.jpeg\" \/>\n\t<meta property=\"og:image:width\" content=\"1200\" \/>\n\t<meta property=\"og:image:height\" content=\"900\" \/>\n\t<meta property=\"og:image:type\" content=\"image\/jpeg\" \/>\n<meta name=\"author\" content=\"adminfojustice\" \/>\n<meta name=\"twitter:card\" content=\"summary_large_image\" \/>\n<meta name=\"twitter:creator\" content=\"@SyndFoJustice\" \/>\n<meta name=\"twitter:site\" content=\"@SyndFoJustice\" \/>\n<meta name=\"twitter:label1\" content=\"\u00c9crit par\" \/>\n\t<meta name=\"twitter:data1\" content=\"adminfojustice\" \/>\n\t<meta name=\"twitter:label2\" content=\"Dur\u00e9e de lecture estim\u00e9e\" \/>\n\t<meta name=\"twitter:data2\" content=\"2 minutes\" \/>\n<script type=\"application\/ld+json\" class=\"yoast-schema-graph\">{\"@context\":\"https:\\\/\\\/schema.org\",\"@graph\":[{\"@type\":\"NewsArticle\",\"@id\":\"https:\\\/\\\/fojustice.fr\\\/web\\\/prison-de-villenauxe-la-grande-decouverte-dangereuse\\\/#article\",\"isPartOf\":{\"@id\":\"https:\\\/\\\/fojustice.fr\\\/web\\\/prison-de-villenauxe-la-grande-decouverte-dangereuse\\\/\"},\"author\":{\"name\":\"adminfojustice\",\"@id\":\"https:\\\/\\\/fojustice.fr\\\/web\\\/#\\\/schema\\\/person\\\/a51cb9c3495ce0ca62b78fc96ac3bf9f\"},\"headline\":\"Prison de Villenauxe-la-Grande : D\u00e9couverte dangereuse\",\"datePublished\":\"2026-09-05T19:46:06+00:00\",\"mainEntityOfPage\":{\"@id\":\"https:\\\/\\\/fojustice.fr\\\/web\\\/prison-de-villenauxe-la-grande-decouverte-dangereuse\\\/\"},\"wordCount\":344,\"commentCount\":0,\"publisher\":{\"@id\":\"https:\\\/\\\/fojustice.fr\\\/web\\\/#organization\"},\"image\":{\"@id\":\"https:\\\/\\\/fojustice.fr\\\/web\\\/prison-de-villenauxe-la-grande-decouverte-dangereuse\\\/#primaryimage\"},\"thumbnailUrl\":\"https:\\\/\\\/fojustice.fr\\\/web\\\/wp-content\\\/uploads\\\/2023\\\/10\\\/villenauxe-la-Grande.jpeg\",\"articleSection\":[\"DISP Strasbourg\"],\"inLanguage\":\"fr-FR\",\"potentialAction\":[{\"@type\":\"CommentAction\",\"name\":\"Comment\",\"target\":[\"https:\\\/\\\/fojustice.fr\\\/web\\\/prison-de-villenauxe-la-grande-decouverte-dangereuse\\\/#respond\"]}]},{\"@type\":\"WebPage\",\"@id\":\"https:\\\/\\\/fojustice.fr\\\/web\\\/prison-de-villenauxe-la-grande-decouverte-dangereuse\\\/\",\"url\":\"https:\\\/\\\/fojustice.fr\\\/web\\\/prison-de-villenauxe-la-grande-decouverte-dangereuse\\\/\",\"name\":\"Prison de Villenauxe-la-Grande : D\u00e9couverte dangereuse - Syndicat FO Justice\",\"isPartOf\":{\"@id\":\"https:\\\/\\\/fojustice.fr\\\/web\\\/#website\"},\"primaryImageOfPage\":{\"@id\":\"https:\\\/\\\/fojustice.fr\\\/web\\\/prison-de-villenauxe-la-grande-decouverte-dangereuse\\\/#primaryimage\"},\"image\":{\"@id\":\"https:\\\/\\\/fojustice.fr\\\/web\\\/prison-de-villenauxe-la-grande-decouverte-dangereuse\\\/#primaryimage\"},\"thumbnailUrl\":\"https:\\\/\\\/fojustice.fr\\\/web\\\/wp-content\\\/uploads\\\/2023\\\/10\\\/villenauxe-la-Grande.jpeg\",\"datePublished\":\"2026-09-05T19:46:06+00:00\",\"description\":\"Syndicat FO Justice - DISP Strasbourg - Prison de Villenauxe-la-Grande : D\u00e9couverte dangereuse\",\"breadcrumb\":{\"@id\":\"https:\\\/\\\/fojustice.fr\\\/web\\\/prison-de-villenauxe-la-grande-decouverte-dangereuse\\\/#breadcrumb\"},\"inLanguage\":\"fr-FR\",\"potentialAction\":[{\"@type\":\"ReadAction\",\"target\":[\"https:\\\/\\\/fojustice.fr\\\/web\\\/prison-de-villenauxe-la-grande-decouverte-dangereuse\\\/\"]}]},{\"@type\":\"ImageObject\",\"inLanguage\":\"fr-FR\",\"@id\":\"https:\\\/\\\/fojustice.fr\\\/web\\\/prison-de-villenauxe-la-grande-decouverte-dangereuse\\\/#primaryimage\",\"url\":\"https:\\\/\\\/fojustice.fr\\\/web\\\/wp-content\\\/uploads\\\/2023\\\/10\\\/villenauxe-la-Grande.jpeg\",\"contentUrl\":\"https:\\\/\\\/fojustice.fr\\\/web\\\/wp-content\\\/uploads\\\/2023\\\/10\\\/villenauxe-la-Grande.jpeg\",\"width\":1200,\"height\":900},{\"@type\":\"BreadcrumbList\",\"@id\":\"https:\\\/\\\/fojustice.fr\\\/web\\\/prison-de-villenauxe-la-grande-decouverte-dangereuse\\\/#breadcrumb\",\"itemListElement\":[{\"@type\":\"ListItem\",\"position\":1,\"name\":\"Accueil\",\"item\":\"https:\\\/\\\/fojustice.fr\\\/web\\\/\"},{\"@type\":\"ListItem\",\"position\":2,\"name\":\"Prison de Villenauxe-la-Grande : D\u00e9couverte dangereuse\"}]},{\"@type\":\"WebSite\",\"@id\":\"https:\\\/\\\/fojustice.fr\\\/web\\\/#website\",\"url\":\"https:\\\/\\\/fojustice.fr\\\/web\\\/\",\"name\":\"Syndicat FO Justice\",\"description\":\"Site du Syndicat National FO Justice\",\"publisher\":{\"@id\":\"https:\\\/\\\/fojustice.fr\\\/web\\\/#organization\"},\"alternateName\":\"Syndicat National FO Justice\",\"potentialAction\":[{\"@type\":\"SearchAction\",\"target\":{\"@type\":\"EntryPoint\",\"urlTemplate\":\"https:\\\/\\\/fojustice.fr\\\/web\\\/?s={search_term_string}\"},\"query-input\":{\"@type\":\"PropertyValueSpecification\",\"valueRequired\":true,\"valueName\":\"search_term_string\"}}],\"inLanguage\":\"fr-FR\"},{\"@type\":\"Organization\",\"@id\":\"https:\\\/\\\/fojustice.fr\\\/web\\\/#organization\",\"name\":\"Syndicat National FO Justice\",\"alternateName\":\"Syndicat National FO Justice\",\"url\":\"https:\\\/\\\/fojustice.fr\\\/web\\\/\",\"logo\":{\"@type\":\"ImageObject\",\"inLanguage\":\"fr-FR\",\"@id\":\"https:\\\/\\\/fojustice.fr\\\/web\\\/#\\\/schema\\\/logo\\\/image\\\/\",\"url\":\"https:\\\/\\\/fojustice.fr\\\/web\\\/wp-content\\\/uploads\\\/2022\\\/03\\\/logo-fo-justice.png\",\"contentUrl\":\"https:\\\/\\\/fojustice.fr\\\/web\\\/wp-content\\\/uploads\\\/2022\\\/03\\\/logo-fo-justice.png\",\"width\":800,\"height\":800,\"caption\":\"Syndicat National FO Justice\"},\"image\":{\"@id\":\"https:\\\/\\\/fojustice.fr\\\/web\\\/#\\\/schema\\\/logo\\\/image\\\/\"},\"sameAs\":[\"https:\\\/\\\/www.facebook.com\\\/SyndicatFoJustice\",\"https:\\\/\\\/x.com\\\/SyndFoJustice\"]},{\"@type\":\"Person\",\"@id\":\"https:\\\/\\\/fojustice.fr\\\/web\\\/#\\\/schema\\\/person\\\/a51cb9c3495ce0ca62b78fc96ac3bf9f\",\"name\":\"adminfojustice\",\"image\":{\"@type\":\"ImageObject\",\"inLanguage\":\"fr-FR\",\"@id\":\"https:\\\/\\\/secure.gravatar.com\\\/avatar\\\/368884c0ecc46e53d83c0c3c0af4c6c30a6bbc2aab7535848950f43a950bfd4e?s=96&d=mm&r=g\",\"url\":\"https:\\\/\\\/secure.gravatar.com\\\/avatar\\\/368884c0ecc46e53d83c0c3c0af4c6c30a6bbc2aab7535848950f43a950bfd4e?s=96&d=mm&r=g\",\"contentUrl\":\"https:\\\/\\\/secure.gravatar.com\\\/avatar\\\/368884c0ecc46e53d83c0c3c0af4c6c30a6bbc2aab7535848950f43a950bfd4e?s=96&d=mm&r=g\",\"caption\":\"adminfojustice\"},\"sameAs\":[\"https:\\\/\\\/www.fojustice.fr\\\/web\"],\"url\":\"https:\\\/\\\/fojustice.fr\\\/web\\\/author\\\/adminfojustice\\\/\"}]}<\/script>\n<!-- \/ Yoast SEO plugin. -->","yoast_head_json":{"title":"Prison de Villenauxe-la-Grande : D\u00e9couverte dangereuse - Syndicat FO Justice","description":"Syndicat FO Justice - DISP Strasbourg - Prison de Villenauxe-la-Grande : D\u00e9couverte dangereuse","robots":{"index":"index","follow":"follow","max-snippet":"max-snippet:-1","max-image-preview":"max-image-preview:large","max-video-preview":"max-video-preview:-1"},"canonical":"https:\/\/fojustice.fr\/web\/prison-de-villenauxe-la-grande-decouverte-dangereuse\/","og_locale":"fr_FR","og_type":"article","og_title":"Prison de Villenauxe-la-Grande : D\u00e9couverte dangereuse - Syndicat FO Justice","og_description":"Syndicat FO Justice - DISP Strasbourg - Prison de Villenauxe-la-Grande : D\u00e9couverte dangereuse","og_url":"https:\/\/fojustice.fr\/web\/prison-de-villenauxe-la-grande-decouverte-dangereuse\/","og_site_name":"Syndicat FO Justice","article_publisher":"https:\/\/www.facebook.com\/SyndicatFoJustice","article_published_time":"2026-09-05T19:46:06+00:00","og_image":[{"width":1200,"height":900,"url":"https:\/\/fojustice.fr\/web\/wp-content\/uploads\/2023\/10\/villenauxe-la-Grande.jpeg","type":"image\/jpeg"}],"author":"adminfojustice","twitter_card":"summary_large_image","twitter_creator":"@SyndFoJustice","twitter_site":"@SyndFoJustice","twitter_misc":{"\u00c9crit par":"adminfojustice","Dur\u00e9e de lecture estim\u00e9e":"2 minutes"},"schema":{"@context":"https:\/\/schema.org","@graph":[{"@type":"NewsArticle","@id":"https:\/\/fojustice.fr\/web\/prison-de-villenauxe-la-grande-decouverte-dangereuse\/#article","isPartOf":{"@id":"https:\/\/fojustice.fr\/web\/prison-de-villenauxe-la-grande-decouverte-dangereuse\/"},"author":{"name":"adminfojustice","@id":"https:\/\/fojustice.fr\/web\/#\/schema\/person\/a51cb9c3495ce0ca62b78fc96ac3bf9f"},"headline":"Prison de Villenauxe-la-Grande : D\u00e9couverte dangereuse","datePublished":"2026-09-05T19:46:06+00:00","mainEntityOfPage":{"@id":"https:\/\/fojustice.fr\/web\/prison-de-villenauxe-la-grande-decouverte-dangereuse\/"},"wordCount":344,"commentCount":0,"publisher":{"@id":"https:\/\/fojustice.fr\/web\/#organization"},"image":{"@id":"https:\/\/fojustice.fr\/web\/prison-de-villenauxe-la-grande-decouverte-dangereuse\/#primaryimage"},"thumbnailUrl":"https:\/\/fojustice.fr\/web\/wp-content\/uploads\/2023\/10\/villenauxe-la-Grande.jpeg","articleSection":["DISP Strasbourg"],"inLanguage":"fr-FR","potentialAction":[{"@type":"CommentAction","name":"Comment","target":["https:\/\/fojustice.fr\/web\/prison-de-villenauxe-la-grande-decouverte-dangereuse\/#respond"]}]},{"@type":"WebPage","@id":"https:\/\/fojustice.fr\/web\/prison-de-villenauxe-la-grande-decouverte-dangereuse\/","url":"https:\/\/fojustice.fr\/web\/prison-de-villenauxe-la-grande-decouverte-dangereuse\/","name":"Prison de Villenauxe-la-Grande : D\u00e9couverte dangereuse - Syndicat FO Justice","isPartOf":{"@id":"https:\/\/fojustice.fr\/web\/#website"},"primaryImageOfPage":{"@id":"https:\/\/fojustice.fr\/web\/prison-de-villenauxe-la-grande-decouverte-dangereuse\/#primaryimage"},"image":{"@id":"https:\/\/fojustice.fr\/web\/prison-de-villenauxe-la-grande-decouverte-dangereuse\/#primaryimage"},"thumbnailUrl":"https:\/\/fojustice.fr\/web\/wp-content\/uploads\/2023\/10\/villenauxe-la-Grande.jpeg","datePublished":"2026-09-05T19:46:06+00:00","description":"Syndicat FO Justice - DISP Strasbourg - Prison de Villenauxe-la-Grande : D\u00e9couverte dangereuse","breadcrumb":{"@id":"https:\/\/fojustice.fr\/web\/prison-de-villenauxe-la-grande-decouverte-dangereuse\/#breadcrumb"},"inLanguage":"fr-FR","potentialAction":[{"@type":"ReadAction","target":["https:\/\/fojustice.fr\/web\/prison-de-villenauxe-la-grande-decouverte-dangereuse\/"]}]},{"@type":"ImageObject","inLanguage":"fr-FR","@id":"https:\/\/fojustice.fr\/web\/prison-de-villenauxe-la-grande-decouverte-dangereuse\/#primaryimage","url":"https:\/\/fojustice.fr\/web\/wp-content\/uploads\/2023\/10\/villenauxe-la-Grande.jpeg","contentUrl":"https:\/\/fojustice.fr\/web\/wp-content\/uploads\/2023\/10\/villenauxe-la-Grande.jpeg","width":1200,"height":900},{"@type":"BreadcrumbList","@id":"https:\/\/fojustice.fr\/web\/prison-de-villenauxe-la-grande-decouverte-dangereuse\/#breadcrumb","itemListElement":[{"@type":"ListItem","position":1,"name":"Accueil","item":"https:\/\/fojustice.fr\/web\/"},{"@type":"ListItem","position":2,"name":"Prison de Villenauxe-la-Grande : D\u00e9couverte dangereuse"}]},{"@type":"WebSite","@id":"https:\/\/fojustice.fr\/web\/#website","url":"https:\/\/fojustice.fr\/web\/","name":"Syndicat FO Justice","description":"Site du Syndicat National FO Justice","publisher":{"@id":"https:\/\/fojustice.fr\/web\/#organization"},"alternateName":"Syndicat National FO Justice","potentialAction":[{"@type":"SearchAction","target":{"@type":"EntryPoint","urlTemplate":"https:\/\/fojustice.fr\/web\/?s={search_term_string}"},"query-input":{"@type":"PropertyValueSpecification","valueRequired":true,"valueName":"search_term_string"}}],"inLanguage":"fr-FR"},{"@type":"Organization","@id":"https:\/\/fojustice.fr\/web\/#organization","name":"Syndicat National FO Justice","alternateName":"Syndicat National FO Justice","url":"https:\/\/fojustice.fr\/web\/","logo":{"@type":"ImageObject","inLanguage":"fr-FR","@id":"https:\/\/fojustice.fr\/web\/#\/schema\/logo\/image\/","url":"https:\/\/fojustice.fr\/web\/wp-content\/uploads\/2022\/03\/logo-fo-justice.png","contentUrl":"https:\/\/fojustice.fr\/web\/wp-content\/uploads\/2022\/03\/logo-fo-justice.png","width":800,"height":800,"caption":"Syndicat National FO Justice"},"image":{"@id":"https:\/\/fojustice.fr\/web\/#\/schema\/logo\/image\/"},"sameAs":["https:\/\/www.facebook.com\/SyndicatFoJustice","https:\/\/x.com\/SyndFoJustice"]},{"@type":"Person","@id":"https:\/\/fojustice.fr\/web\/#\/schema\/person\/a51cb9c3495ce0ca62b78fc96ac3bf9f","name":"adminfojustice","image":{"@type":"ImageObject","inLanguage":"fr-FR","@id":"https:\/\/secure.gravatar.com\/avatar\/368884c0ecc46e53d83c0c3c0af4c6c30a6bbc2aab7535848950f43a950bfd4e?s=96&d=mm&r=g","url":"https:\/\/secure.gravatar.com\/avatar\/368884c0ecc46e53d83c0c3c0af4c6c30a6bbc2aab7535848950f43a950bfd4e?s=96&d=mm&r=g","contentUrl":"https:\/\/secure.gravatar.com\/avatar\/368884c0ecc46e53d83c0c3c0af4c6c30a6bbc2aab7535848950f43a950bfd4e?s=96&d=mm&r=g","caption":"adminfojustice"},"sameAs":["https:\/\/www.fojustice.fr\/web"],"url":"https:\/\/fojustice.fr\/web\/author\/adminfojustice\/"}]}},"jetpack_shortlink":"https:\/\/wp.me\/pdNWl1-drF","jetpack_sharing_enabled":true,"jetpack_featured_media_url":"https:\/\/fojustice.fr\/web\/wp-content\/uploads\/2023\/10\/villenauxe-la-Grande.jpeg","_links":{"self":[{"href":"https:\/\/fojustice.fr\/web\/wp-json\/wp\/v2\/posts\/51687","targetHints":{"allow":["GET"]}}],"collection":[{"href":"https:\/\/fojustice.fr\/web\/wp-json\/wp\/v2\/posts"}],"about":[{"href":"https:\/\/fojustice.fr\/web\/wp-json\/wp\/v2\/types\/post"}],"author":[{"embeddable":true,"href":"https:\/\/fojustice.fr\/web\/wp-json\/wp\/v2\/users\/1"}],"replies":[{"embeddable":true,"href":"https:\/\/fojustice.fr\/web\/wp-json\/wp\/v2\/comments?post=51687"}],"version-history":[{"count":1,"href":"https:\/\/fojustice.fr\/web\/wp-json\/wp\/v2\/posts\/51687\/revisions"}],"predecessor-version":[{"id":51689,"href":"https:\/\/fojustice.fr\/web\/wp-json\/wp\/v2\/posts\/51687\/revisions\/51689"}],"wp:featuredmedia":[{"embeddable":true,"href":"https:\/\/fojustice.fr\/web\/wp-json\/wp\/v2\/media\/16458"}],"wp:attachment":[{"href":"https:\/\/fojustice.fr\/web\/wp-json\/wp\/v2\/media?parent=51687"}],"wp:term":[{"taxonomy":"category","embeddable":true,"href":"https:\/\/fojustice.fr\/web\/wp-json\/wp\/v2\/categories?post=51687"},{"taxonomy":"post_tag","embeddable":true,"href":"https:\/\/fojustice.fr\/web\/wp-json\/wp\/v2\/tags?post=51687"}],"curies":[{"name":"wp","href":"https:\/\/api.w.org\/{rel}","templated":true}]}}