{"id":51683,"date":"2026-09-05T13:38:44","date_gmt":"2026-09-05T11:38:44","guid":{"rendered":"https:\/\/fojustice.fr\/web\/?p=51683"},"modified":"2026-09-05T13:38:44","modified_gmt":"2026-09-05T11:38:44","slug":"prison-de-tarascon-lundi-bloquons-le-cd","status":"publish","type":"post","link":"https:\/\/fojustice.fr\/web\/prison-de-tarascon-lundi-bloquons-le-cd\/","title":{"rendered":"Prison de Tarascon : Lundi bloquons le CD !!"},"content":{"rendered":"<p class=\"p1\" style=\"text-align: center;\"><span style=\"color: #ff0000;\"><b>VENDREDI 4 SEPTEMBRE, NOTRE AMI ET COLL\u00c8GUE A \u00c9T\u00c9 VIOLEMMENT AGRESS\u00c9 !<\/b><\/span><\/p>\n<p class=\"p2\" style=\"text-align: center;\"><span style=\"color: #ff0000;\"><b>AUJOURD\u2019HUI, NOS PREMI\u00c8RES PENS\u00c9ES VONT VERS LUI<\/b><\/span><\/p>\n<p class=\"p3\">Vers notre coll\u00e8gue, notre ami, qui est venu travailler comme chaque jour et qui a \u00e9t\u00e9 victime d\u2019une <b>violente agression <\/b><b>dans l\u2019exercice de ses fonctions<\/b>.<\/p>\n<p class=\"p5\"><span style=\"color: #ff0000;\"><b>Nous lui apportons tout notre soutien <\/b><b>et lui souhaitons un prompt et complet <\/b><b>r\u00e9tablissement.<\/b><\/span><\/p>\n<p class=\"p3\"><b>Mais notre soutien ne peut pas se <\/b><b>limiter \u00e0 des mots.<\/b><\/p>\n<p class=\"p6\" style=\"text-align: center;\"><span style=\"color: #ff0000;\"><b>CE QUI EST ARRIV\u00c9 \u00c0 NOTRE <\/b><b>COLL\u00c8GUE NE DOIT PLUS <\/b><b>ARRIVER !<\/b><\/span><\/p>\n<p class=\"p6\" style=\"text-align: center;\"><span style=\"color: #ff0000;\"><b>NOS COLL\u00c8GUES NE SONT PAS <\/b><b>DES CIBLES !!<\/b><\/span><\/p>\n<p class=\"p3\">L\u2019agression de vendredi d\u00e9montre une nouvelle fois que les personnels doivent pouvoir travailler dans des conditions garantissant r\u00e9ellement leur s\u00e9curit\u00e9 et disposer des moyens n\u00e9cessaires pour <b>se prot\u00e9ger et <\/b><b>intervenir face \u00e0 une situation violente.<\/b><\/p>\n<p class=\"p2\" style=\"text-align: center;\"><span style=\"color: #ff0000;\"><b>L\u2019INTERSYNDICALE DU CD DE TARASCON EXIGENT :<\/b><\/span><\/p>\n<p class=\"p3\"><span class=\"s1\">&gt;<\/span> <b>L\u2019adaptation imm\u00e9diate du fonctionnement de la d\u00e9tention<\/b>, avec la limitation des mouvements et des activit\u00e9s non prioritaires d\u00e8s lors que les conditions de s\u00e9curit\u00e9 ne sont plus r\u00e9unies.<\/p>\n<p class=\"p3\"><span class=\"s1\">&gt;<\/span> <b>La dotation effective du CD de Tarascon en BOMBES INCAPACITANTES !<\/b><\/p>\n<p class=\"p3\"><span class=\"s1\">&gt;<\/span> <b>Le d\u00e9ploiement du PISTOLET \u00c0 IMPULSION \u00c9LECTRIQUE (PIE)<\/b> !<\/p>\n<p class=\"p7\" style=\"text-align: center;\"><span style=\"color: #ff0000;\"><b>LES TEXTES EXISTENT, MAINTENANT, IL FAUT LE MATERIEL !<\/b><\/span><\/p>\n<p class=\"p3\"><b>Nous exigeons ces moyens parce que nous refusons qu\u2019un autre coll\u00e8gue subisse demain ce que notre <\/b><span class=\"s2\"><b>ami a subi vendredi.<\/b> <\/span><span style=\"color: #ff0000;\"><b>Cette mobilisation est d\u2019abord la sienne<\/b>.<\/span><\/p>\n<p class=\"p5\" style=\"text-align: center;\"><span style=\"color: #ff0000;\"><b>POUR NOTRE COLL\u00c8GUE, POUR NOTRE S\u00c9CURIT\u00c9, POUR QUE CELA NE SE REPRODUISE PLUS.<\/b><\/span><\/p>\n<p class=\"p8\" style=\"text-align: center;\"><span style=\"color: #ff0000;\"><b>LUNDI 7 SEPTEMBRE D\u00c8S 06H00<\/b><\/span><\/p>\n<p class=\"p8\" style=\"text-align: center;\"><span style=\"color: #ff0000;\"><b>BLOQUONS LE CD DE TARASCON !!!<\/b><\/span><\/p>\n<p><a href=\"https:\/\/fojustice.fr\/web\/wp-content\/uploads\/2026\/09\/144.3-Appel-au-blocage.pdf\">Lire le communiqu\u00e9<\/a><\/p>\n","protected":false},"excerpt":{"rendered":"<p>VENDREDI 4 SEPTEMBRE, NOTRE AMI ET COLL\u00c8GUE A \u00c9T\u00c9 VIOLEMMENT AGRESS\u00c9 ! AUJOURD\u2019HUI, NOS PREMI\u00c8RES PENS\u00c9ES VONT VERS LUI Vers notre coll\u00e8gue, notre ami, qui est venu travailler comme chaque jour et qui a \u00e9t\u00e9 victime d\u2019une violente agression dans l\u2019exercice de ses fonctions. Nous lui apportons tout notre soutien et lui souhaitons un prompt [&hellip;]<\/p>\n","protected":false},"author":1,"featured_media":51685,"comment_status":"open","ping_status":"open","sticky":false,"template":"","format":"standard","meta":{"_jetpack_newsletter_access":"","_jetpack_dont_email_post_to_subs":true,"_jetpack_newsletter_tier_id":0,"_jetpack_memberships_contains_paywalled_content":false,"page_builder":"","_jetpack_feature_clip_id":0,"_jetpack_memberships_contains_paid_content":false,"footnotes":"","jetpack_post_was_ever_published":false,"_members_access_role":[],"_members_access_error":""},"categories":[33],"tags":[],"class_list":["post-51683","post","type-post","status-publish","format-standard","has-post-thumbnail","hentry","category-disp-marseille"],"yoast_head":"<!-- This site is optimized with the Yoast SEO plugin v28.4 - https:\/\/yoast.com\/product\/yoast-seo-wordpress\/ -->\n<title>Prison de Tarascon : Lundi bloquons le CD !! - Syndicat FO Justice<\/title>\n<meta name=\"description\" content=\"Syndicat FO Justice - DISP Marseille - Prison de Tarascon : Lundi bloquons le CD !!\" \/>\n<meta name=\"robots\" content=\"index, follow, max-snippet:-1, max-image-preview:large, max-video-preview:-1\" \/>\n<link rel=\"canonical\" href=\"https:\/\/fojustice.fr\/web\/prison-de-tarascon-lundi-bloquons-le-cd\/\" \/>\n<meta property=\"og:locale\" content=\"fr_FR\" \/>\n<meta property=\"og:type\" content=\"article\" \/>\n<meta property=\"og:title\" content=\"Prison de Tarascon : Lundi bloquons le CD !! - Syndicat FO Justice\" \/>\n<meta property=\"og:description\" content=\"Syndicat FO Justice - DISP Marseille - Prison de Tarascon : Lundi bloquons le CD !!\" \/>\n<meta property=\"og:url\" content=\"https:\/\/fojustice.fr\/web\/prison-de-tarascon-lundi-bloquons-le-cd\/\" \/>\n<meta property=\"og:site_name\" content=\"Syndicat FO Justice\" \/>\n<meta property=\"article:publisher\" content=\"https:\/\/www.facebook.com\/SyndicatFoJustice\" \/>\n<meta property=\"article:published_time\" content=\"2026-09-05T11:38:44+00:00\" \/>\n<meta property=\"og:image\" content=\"https:\/\/fojustice.fr\/web\/wp-content\/uploads\/2026\/09\/Capture-decran-2026-09-05-a-13.37.19.png\" \/>\n\t<meta property=\"og:image:width\" content=\"1260\" \/>\n\t<meta property=\"og:image:height\" content=\"834\" \/>\n\t<meta property=\"og:image:type\" content=\"image\/png\" \/>\n<meta name=\"author\" content=\"adminfojustice\" \/>\n<meta name=\"twitter:card\" content=\"summary_large_image\" \/>\n<meta name=\"twitter:creator\" content=\"@SyndFoJustice\" \/>\n<meta name=\"twitter:site\" content=\"@SyndFoJustice\" \/>\n<meta name=\"twitter:label1\" content=\"\u00c9crit par\" \/>\n\t<meta name=\"twitter:data1\" content=\"adminfojustice\" \/>\n\t<meta name=\"twitter:label2\" content=\"Dur\u00e9e de lecture estim\u00e9e\" \/>\n\t<meta name=\"twitter:data2\" content=\"1 minute\" \/>\n<script type=\"application\/ld+json\" class=\"yoast-schema-graph\">{\"@context\":\"https:\\\/\\\/schema.org\",\"@graph\":[{\"@type\":\"NewsArticle\",\"@id\":\"https:\\\/\\\/fojustice.fr\\\/web\\\/prison-de-tarascon-lundi-bloquons-le-cd\\\/#article\",\"isPartOf\":{\"@id\":\"https:\\\/\\\/fojustice.fr\\\/web\\\/prison-de-tarascon-lundi-bloquons-le-cd\\\/\"},\"author\":{\"name\":\"adminfojustice\",\"@id\":\"https:\\\/\\\/fojustice.fr\\\/web\\\/#\\\/schema\\\/person\\\/a51cb9c3495ce0ca62b78fc96ac3bf9f\"},\"headline\":\"Prison de Tarascon : Lundi bloquons le CD !!\",\"datePublished\":\"2026-09-05T11:38:44+00:00\",\"mainEntityOfPage\":{\"@id\":\"https:\\\/\\\/fojustice.fr\\\/web\\\/prison-de-tarascon-lundi-bloquons-le-cd\\\/\"},\"wordCount\":268,\"commentCount\":0,\"publisher\":{\"@id\":\"https:\\\/\\\/fojustice.fr\\\/web\\\/#organization\"},\"image\":{\"@id\":\"https:\\\/\\\/fojustice.fr\\\/web\\\/prison-de-tarascon-lundi-bloquons-le-cd\\\/#primaryimage\"},\"thumbnailUrl\":\"https:\\\/\\\/fojustice.fr\\\/web\\\/wp-content\\\/uploads\\\/2026\\\/09\\\/Capture-decran-2026-09-05-a-13.37.19.png\",\"articleSection\":[\"DISP Marseille\"],\"inLanguage\":\"fr-FR\",\"potentialAction\":[{\"@type\":\"CommentAction\",\"name\":\"Comment\",\"target\":[\"https:\\\/\\\/fojustice.fr\\\/web\\\/prison-de-tarascon-lundi-bloquons-le-cd\\\/#respond\"]}]},{\"@type\":\"WebPage\",\"@id\":\"https:\\\/\\\/fojustice.fr\\\/web\\\/prison-de-tarascon-lundi-bloquons-le-cd\\\/\",\"url\":\"https:\\\/\\\/fojustice.fr\\\/web\\\/prison-de-tarascon-lundi-bloquons-le-cd\\\/\",\"name\":\"Prison de Tarascon : Lundi bloquons le CD !! - Syndicat FO Justice\",\"isPartOf\":{\"@id\":\"https:\\\/\\\/fojustice.fr\\\/web\\\/#website\"},\"primaryImageOfPage\":{\"@id\":\"https:\\\/\\\/fojustice.fr\\\/web\\\/prison-de-tarascon-lundi-bloquons-le-cd\\\/#primaryimage\"},\"image\":{\"@id\":\"https:\\\/\\\/fojustice.fr\\\/web\\\/prison-de-tarascon-lundi-bloquons-le-cd\\\/#primaryimage\"},\"thumbnailUrl\":\"https:\\\/\\\/fojustice.fr\\\/web\\\/wp-content\\\/uploads\\\/2026\\\/09\\\/Capture-decran-2026-09-05-a-13.37.19.png\",\"datePublished\":\"2026-09-05T11:38:44+00:00\",\"description\":\"Syndicat FO Justice - DISP Marseille - Prison de Tarascon : Lundi bloquons le CD !!\",\"breadcrumb\":{\"@id\":\"https:\\\/\\\/fojustice.fr\\\/web\\\/prison-de-tarascon-lundi-bloquons-le-cd\\\/#breadcrumb\"},\"inLanguage\":\"fr-FR\",\"potentialAction\":[{\"@type\":\"ReadAction\",\"target\":[\"https:\\\/\\\/fojustice.fr\\\/web\\\/prison-de-tarascon-lundi-bloquons-le-cd\\\/\"]}]},{\"@type\":\"ImageObject\",\"inLanguage\":\"fr-FR\",\"@id\":\"https:\\\/\\\/fojustice.fr\\\/web\\\/prison-de-tarascon-lundi-bloquons-le-cd\\\/#primaryimage\",\"url\":\"https:\\\/\\\/fojustice.fr\\\/web\\\/wp-content\\\/uploads\\\/2026\\\/09\\\/Capture-decran-2026-09-05-a-13.37.19.png\",\"contentUrl\":\"https:\\\/\\\/fojustice.fr\\\/web\\\/wp-content\\\/uploads\\\/2026\\\/09\\\/Capture-decran-2026-09-05-a-13.37.19.png\",\"width\":1260,\"height\":834},{\"@type\":\"BreadcrumbList\",\"@id\":\"https:\\\/\\\/fojustice.fr\\\/web\\\/prison-de-tarascon-lundi-bloquons-le-cd\\\/#breadcrumb\",\"itemListElement\":[{\"@type\":\"ListItem\",\"position\":1,\"name\":\"Accueil\",\"item\":\"https:\\\/\\\/fojustice.fr\\\/web\\\/\"},{\"@type\":\"ListItem\",\"position\":2,\"name\":\"Prison de Tarascon : Lundi bloquons le CD !!\"}]},{\"@type\":\"WebSite\",\"@id\":\"https:\\\/\\\/fojustice.fr\\\/web\\\/#website\",\"url\":\"https:\\\/\\\/fojustice.fr\\\/web\\\/\",\"name\":\"Syndicat FO Justice\",\"description\":\"Site du Syndicat National FO Justice\",\"publisher\":{\"@id\":\"https:\\\/\\\/fojustice.fr\\\/web\\\/#organization\"},\"alternateName\":\"Syndicat National FO Justice\",\"potentialAction\":[{\"@type\":\"SearchAction\",\"target\":{\"@type\":\"EntryPoint\",\"urlTemplate\":\"https:\\\/\\\/fojustice.fr\\\/web\\\/?s={search_term_string}\"},\"query-input\":{\"@type\":\"PropertyValueSpecification\",\"valueRequired\":true,\"valueName\":\"search_term_string\"}}],\"inLanguage\":\"fr-FR\"},{\"@type\":\"Organization\",\"@id\":\"https:\\\/\\\/fojustice.fr\\\/web\\\/#organization\",\"name\":\"Syndicat National FO Justice\",\"alternateName\":\"Syndicat National FO Justice\",\"url\":\"https:\\\/\\\/fojustice.fr\\\/web\\\/\",\"logo\":{\"@type\":\"ImageObject\",\"inLanguage\":\"fr-FR\",\"@id\":\"https:\\\/\\\/fojustice.fr\\\/web\\\/#\\\/schema\\\/logo\\\/image\\\/\",\"url\":\"https:\\\/\\\/fojustice.fr\\\/web\\\/wp-content\\\/uploads\\\/2022\\\/03\\\/logo-fo-justice.png\",\"contentUrl\":\"https:\\\/\\\/fojustice.fr\\\/web\\\/wp-content\\\/uploads\\\/2022\\\/03\\\/logo-fo-justice.png\",\"width\":800,\"height\":800,\"caption\":\"Syndicat National FO Justice\"},\"image\":{\"@id\":\"https:\\\/\\\/fojustice.fr\\\/web\\\/#\\\/schema\\\/logo\\\/image\\\/\"},\"sameAs\":[\"https:\\\/\\\/www.facebook.com\\\/SyndicatFoJustice\",\"https:\\\/\\\/x.com\\\/SyndFoJustice\"]},{\"@type\":\"Person\",\"@id\":\"https:\\\/\\\/fojustice.fr\\\/web\\\/#\\\/schema\\\/person\\\/a51cb9c3495ce0ca62b78fc96ac3bf9f\",\"name\":\"adminfojustice\",\"image\":{\"@type\":\"ImageObject\",\"inLanguage\":\"fr-FR\",\"@id\":\"https:\\\/\\\/secure.gravatar.com\\\/avatar\\\/368884c0ecc46e53d83c0c3c0af4c6c30a6bbc2aab7535848950f43a950bfd4e?s=96&d=mm&r=g\",\"url\":\"https:\\\/\\\/secure.gravatar.com\\\/avatar\\\/368884c0ecc46e53d83c0c3c0af4c6c30a6bbc2aab7535848950f43a950bfd4e?s=96&d=mm&r=g\",\"contentUrl\":\"https:\\\/\\\/secure.gravatar.com\\\/avatar\\\/368884c0ecc46e53d83c0c3c0af4c6c30a6bbc2aab7535848950f43a950bfd4e?s=96&d=mm&r=g\",\"caption\":\"adminfojustice\"},\"sameAs\":[\"https:\\\/\\\/www.fojustice.fr\\\/web\"],\"url\":\"https:\\\/\\\/fojustice.fr\\\/web\\\/author\\\/adminfojustice\\\/\"}]}<\/script>\n<!-- \/ Yoast SEO plugin. -->","yoast_head_json":{"title":"Prison de Tarascon : Lundi bloquons le CD !! - Syndicat FO Justice","description":"Syndicat FO Justice - DISP Marseille - Prison de Tarascon : Lundi bloquons le CD !!","robots":{"index":"index","follow":"follow","max-snippet":"max-snippet:-1","max-image-preview":"max-image-preview:large","max-video-preview":"max-video-preview:-1"},"canonical":"https:\/\/fojustice.fr\/web\/prison-de-tarascon-lundi-bloquons-le-cd\/","og_locale":"fr_FR","og_type":"article","og_title":"Prison de Tarascon : Lundi bloquons le CD !! - Syndicat FO Justice","og_description":"Syndicat FO Justice - DISP Marseille - Prison de Tarascon : Lundi bloquons le CD !!","og_url":"https:\/\/fojustice.fr\/web\/prison-de-tarascon-lundi-bloquons-le-cd\/","og_site_name":"Syndicat FO Justice","article_publisher":"https:\/\/www.facebook.com\/SyndicatFoJustice","article_published_time":"2026-09-05T11:38:44+00:00","og_image":[{"width":1260,"height":834,"url":"https:\/\/fojustice.fr\/web\/wp-content\/uploads\/2026\/09\/Capture-decran-2026-09-05-a-13.37.19.png","type":"image\/png"}],"author":"adminfojustice","twitter_card":"summary_large_image","twitter_creator":"@SyndFoJustice","twitter_site":"@SyndFoJustice","twitter_misc":{"\u00c9crit par":"adminfojustice","Dur\u00e9e de lecture estim\u00e9e":"1 minute"},"schema":{"@context":"https:\/\/schema.org","@graph":[{"@type":"NewsArticle","@id":"https:\/\/fojustice.fr\/web\/prison-de-tarascon-lundi-bloquons-le-cd\/#article","isPartOf":{"@id":"https:\/\/fojustice.fr\/web\/prison-de-tarascon-lundi-bloquons-le-cd\/"},"author":{"name":"adminfojustice","@id":"https:\/\/fojustice.fr\/web\/#\/schema\/person\/a51cb9c3495ce0ca62b78fc96ac3bf9f"},"headline":"Prison de Tarascon : Lundi bloquons le CD !!","datePublished":"2026-09-05T11:38:44+00:00","mainEntityOfPage":{"@id":"https:\/\/fojustice.fr\/web\/prison-de-tarascon-lundi-bloquons-le-cd\/"},"wordCount":268,"commentCount":0,"publisher":{"@id":"https:\/\/fojustice.fr\/web\/#organization"},"image":{"@id":"https:\/\/fojustice.fr\/web\/prison-de-tarascon-lundi-bloquons-le-cd\/#primaryimage"},"thumbnailUrl":"https:\/\/fojustice.fr\/web\/wp-content\/uploads\/2026\/09\/Capture-decran-2026-09-05-a-13.37.19.png","articleSection":["DISP Marseille"],"inLanguage":"fr-FR","potentialAction":[{"@type":"CommentAction","name":"Comment","target":["https:\/\/fojustice.fr\/web\/prison-de-tarascon-lundi-bloquons-le-cd\/#respond"]}]},{"@type":"WebPage","@id":"https:\/\/fojustice.fr\/web\/prison-de-tarascon-lundi-bloquons-le-cd\/","url":"https:\/\/fojustice.fr\/web\/prison-de-tarascon-lundi-bloquons-le-cd\/","name":"Prison de Tarascon : Lundi bloquons le CD !! - Syndicat FO Justice","isPartOf":{"@id":"https:\/\/fojustice.fr\/web\/#website"},"primaryImageOfPage":{"@id":"https:\/\/fojustice.fr\/web\/prison-de-tarascon-lundi-bloquons-le-cd\/#primaryimage"},"image":{"@id":"https:\/\/fojustice.fr\/web\/prison-de-tarascon-lundi-bloquons-le-cd\/#primaryimage"},"thumbnailUrl":"https:\/\/fojustice.fr\/web\/wp-content\/uploads\/2026\/09\/Capture-decran-2026-09-05-a-13.37.19.png","datePublished":"2026-09-05T11:38:44+00:00","description":"Syndicat FO Justice - DISP Marseille - Prison de Tarascon : Lundi bloquons le CD !!","breadcrumb":{"@id":"https:\/\/fojustice.fr\/web\/prison-de-tarascon-lundi-bloquons-le-cd\/#breadcrumb"},"inLanguage":"fr-FR","potentialAction":[{"@type":"ReadAction","target":["https:\/\/fojustice.fr\/web\/prison-de-tarascon-lundi-bloquons-le-cd\/"]}]},{"@type":"ImageObject","inLanguage":"fr-FR","@id":"https:\/\/fojustice.fr\/web\/prison-de-tarascon-lundi-bloquons-le-cd\/#primaryimage","url":"https:\/\/fojustice.fr\/web\/wp-content\/uploads\/2026\/09\/Capture-decran-2026-09-05-a-13.37.19.png","contentUrl":"https:\/\/fojustice.fr\/web\/wp-content\/uploads\/2026\/09\/Capture-decran-2026-09-05-a-13.37.19.png","width":1260,"height":834},{"@type":"BreadcrumbList","@id":"https:\/\/fojustice.fr\/web\/prison-de-tarascon-lundi-bloquons-le-cd\/#breadcrumb","itemListElement":[{"@type":"ListItem","position":1,"name":"Accueil","item":"https:\/\/fojustice.fr\/web\/"},{"@type":"ListItem","position":2,"name":"Prison de Tarascon : Lundi bloquons le CD !!"}]},{"@type":"WebSite","@id":"https:\/\/fojustice.fr\/web\/#website","url":"https:\/\/fojustice.fr\/web\/","name":"Syndicat FO Justice","description":"Site du Syndicat National FO Justice","publisher":{"@id":"https:\/\/fojustice.fr\/web\/#organization"},"alternateName":"Syndicat National FO Justice","potentialAction":[{"@type":"SearchAction","target":{"@type":"EntryPoint","urlTemplate":"https:\/\/fojustice.fr\/web\/?s={search_term_string}"},"query-input":{"@type":"PropertyValueSpecification","valueRequired":true,"valueName":"search_term_string"}}],"inLanguage":"fr-FR"},{"@type":"Organization","@id":"https:\/\/fojustice.fr\/web\/#organization","name":"Syndicat National FO Justice","alternateName":"Syndicat National FO Justice","url":"https:\/\/fojustice.fr\/web\/","logo":{"@type":"ImageObject","inLanguage":"fr-FR","@id":"https:\/\/fojustice.fr\/web\/#\/schema\/logo\/image\/","url":"https:\/\/fojustice.fr\/web\/wp-content\/uploads\/2022\/03\/logo-fo-justice.png","contentUrl":"https:\/\/fojustice.fr\/web\/wp-content\/uploads\/2022\/03\/logo-fo-justice.png","width":800,"height":800,"caption":"Syndicat National FO Justice"},"image":{"@id":"https:\/\/fojustice.fr\/web\/#\/schema\/logo\/image\/"},"sameAs":["https:\/\/www.facebook.com\/SyndicatFoJustice","https:\/\/x.com\/SyndFoJustice"]},{"@type":"Person","@id":"https:\/\/fojustice.fr\/web\/#\/schema\/person\/a51cb9c3495ce0ca62b78fc96ac3bf9f","name":"adminfojustice","image":{"@type":"ImageObject","inLanguage":"fr-FR","@id":"https:\/\/secure.gravatar.com\/avatar\/368884c0ecc46e53d83c0c3c0af4c6c30a6bbc2aab7535848950f43a950bfd4e?s=96&d=mm&r=g","url":"https:\/\/secure.gravatar.com\/avatar\/368884c0ecc46e53d83c0c3c0af4c6c30a6bbc2aab7535848950f43a950bfd4e?s=96&d=mm&r=g","contentUrl":"https:\/\/secure.gravatar.com\/avatar\/368884c0ecc46e53d83c0c3c0af4c6c30a6bbc2aab7535848950f43a950bfd4e?s=96&d=mm&r=g","caption":"adminfojustice"},"sameAs":["https:\/\/www.fojustice.fr\/web"],"url":"https:\/\/fojustice.fr\/web\/author\/adminfojustice\/"}]}},"jetpack_shortlink":"https:\/\/wp.me\/pdNWl1-drB","jetpack_sharing_enabled":true,"jetpack_featured_media_url":"https:\/\/fojustice.fr\/web\/wp-content\/uploads\/2026\/09\/Capture-decran-2026-09-05-a-13.37.19.png","_links":{"self":[{"href":"https:\/\/fojustice.fr\/web\/wp-json\/wp\/v2\/posts\/51683","targetHints":{"allow":["GET"]}}],"collection":[{"href":"https:\/\/fojustice.fr\/web\/wp-json\/wp\/v2\/posts"}],"about":[{"href":"https:\/\/fojustice.fr\/web\/wp-json\/wp\/v2\/types\/post"}],"author":[{"embeddable":true,"href":"https:\/\/fojustice.fr\/web\/wp-json\/wp\/v2\/users\/1"}],"replies":[{"embeddable":true,"href":"https:\/\/fojustice.fr\/web\/wp-json\/wp\/v2\/comments?post=51683"}],"version-history":[{"count":1,"href":"https:\/\/fojustice.fr\/web\/wp-json\/wp\/v2\/posts\/51683\/revisions"}],"predecessor-version":[{"id":51686,"href":"https:\/\/fojustice.fr\/web\/wp-json\/wp\/v2\/posts\/51683\/revisions\/51686"}],"wp:featuredmedia":[{"embeddable":true,"href":"https:\/\/fojustice.fr\/web\/wp-json\/wp\/v2\/media\/51685"}],"wp:attachment":[{"href":"https:\/\/fojustice.fr\/web\/wp-json\/wp\/v2\/media?parent=51683"}],"wp:term":[{"taxonomy":"category","embeddable":true,"href":"https:\/\/fojustice.fr\/web\/wp-json\/wp\/v2\/categories?post=51683"},{"taxonomy":"post_tag","embeddable":true,"href":"https:\/\/fojustice.fr\/web\/wp-json\/wp\/v2\/tags?post=51683"}],"curies":[{"name":"wp","href":"https:\/\/api.w.org\/{rel}","templated":true}]}}