{"id":51678,"date":"2026-09-05T09:46:01","date_gmt":"2026-09-05T07:46:01","guid":{"rendered":"https:\/\/fojustice.fr\/web\/?p=51678"},"modified":"2026-09-05T09:46:01","modified_gmt":"2026-09-05T07:46:01","slug":"prison-de-neuvic-jamais-2-sans-3-puis-4-sans-5","status":"publish","type":"post","link":"https:\/\/fojustice.fr\/web\/prison-de-neuvic-jamais-2-sans-3-puis-4-sans-5\/","title":{"rendered":"Prison de Neuvic : Jamais 2 sans 3&#8230; puis 4 sans 5 !"},"content":{"rendered":"<p class=\"p1\" style=\"text-align: center;\"><strong>Et encore UNE ce jeudi !<\/strong><\/p>\n<p class=\"p2\">Notre coll\u00e8gue, veillant au bien-\u00eatre de la personne d\u00e9tenue J. du A0, s\u2019est vu remerci\u00e9 par une agression gratuite. Alors que l\u2019agent effectuait un contr\u00f4le de la cabine t\u00e9l\u00e9phonique, le d\u00e9tenu s\u2019est lev\u00e9 et s\u2019est pr\u00e9cipit\u00e9 pour lui assener un coup de poing au visage.<\/p>\n<p class=\"p2\">Apr\u00e8s l\u2019arriv\u00e9e de renforts, le d\u00e9tenu a \u00e9t\u00e9 maitris\u00e9 et conduit au quartier disciplinaire.<\/p>\n<p class=\"p1\" style=\"text-align: center;\"><strong>R\u00e9sultat : un agent bless\u00e9 (4jours d\u2019ITT) et choqu\u00e9.<\/strong><\/p>\n<p class=\"p2\">2<span class=\"s1\">\u00e8me<\/span> agression de la semaine et une intervention compliqu\u00e9e dimanche, la semaine a \u00e9t\u00e9 \u00e9prouvante pour l\u2019\u00e9tablissement : extractions m\u00e9dicales d\u2019urgence <strong>\u00e0 gogo<\/strong>, agressions, tapages, insultes, menaces, etc.<\/p>\n<p class=\"p2\"><span style=\"color: #ff0000;\"><strong><span class=\"s2\">FO Justice <\/span><\/strong><\/span>exige une sanction exemplaire et le d\u00e9part de l\u2019agresseur.<\/p>\n<p class=\"p2\"><strong><span class=\"s2\" style=\"color: #ff0000;\">FO Justice <\/span><\/strong>souhaite un prompt r\u00e9tablissement au coll\u00e8gue bless\u00e9 et se tient \u00e0 sa disposition pour l\u2019accompagner dans ses d\u00e9marches administratives et judiciaires.<\/p>\n<p class=\"p2\"><strong><span class=\"s2\" style=\"color: #ff0000;\">FO Justice <\/span><\/strong>remercie les coll\u00e8gues pour leur solidarit\u00e9 et leur professionnalisme sur cette agression qui est d\u00e9j\u00e0 la <span style=\"text-decoration: underline;\"><strong><span class=\"s3\">5<\/span><span class=\"s4\">\u00e8me<\/span><span class=\"s3\"> depuis le d\u00e9but de l\u2019\u00e9t\u00e9<\/span>,<\/strong><\/span> et surtout pour cette semaine \u00ab un peu \u00bb compliqu\u00e9e.<\/p>\n<p><a href=\"https:\/\/fojustice.fr\/web\/wp-content\/uploads\/2026\/09\/Jamais-2-sans-3.pdf\">Lire le communiqu\u00e9<\/a><\/p>\n","protected":false},"excerpt":{"rendered":"<p>Et encore UNE ce jeudi ! Notre coll\u00e8gue, veillant au bien-\u00eatre de la personne d\u00e9tenue J. du A0, s\u2019est vu remerci\u00e9 par une agression gratuite. Alors que l\u2019agent effectuait un contr\u00f4le de la cabine t\u00e9l\u00e9phonique, le d\u00e9tenu s\u2019est lev\u00e9 et s\u2019est pr\u00e9cipit\u00e9 pour lui assener un coup de poing au visage. Apr\u00e8s l\u2019arriv\u00e9e de renforts, [&hellip;]<\/p>\n","protected":false},"author":1,"featured_media":3876,"comment_status":"open","ping_status":"open","sticky":false,"template":"","format":"standard","meta":{"_jetpack_newsletter_access":"","_jetpack_dont_email_post_to_subs":true,"_jetpack_newsletter_tier_id":0,"_jetpack_memberships_contains_paywalled_content":false,"page_builder":"","_jetpack_feature_clip_id":0,"_jetpack_memberships_contains_paid_content":false,"footnotes":"","jetpack_post_was_ever_published":false,"_members_access_role":[],"_members_access_error":""},"categories":[29],"tags":[],"class_list":["post-51678","post","type-post","status-publish","format-standard","has-post-thumbnail","hentry","category-disp-bordeaux"],"yoast_head":"<!-- This site is optimized with the Yoast SEO plugin v28.4 - https:\/\/yoast.com\/product\/yoast-seo-wordpress\/ -->\n<title>Prison de Neuvic : Jamais 2 sans 3... puis 4 sans 5 ! - Syndicat FO Justice<\/title>\n<meta name=\"description\" content=\"Syndicat FO Justice - DISP Bordeaux - Prison de Neuvic : Jamais 2 sans 3... puis 4 sans 5 !\" \/>\n<meta name=\"robots\" content=\"index, follow, max-snippet:-1, max-image-preview:large, max-video-preview:-1\" \/>\n<link rel=\"canonical\" href=\"https:\/\/fojustice.fr\/web\/prison-de-neuvic-jamais-2-sans-3-puis-4-sans-5\/\" \/>\n<meta property=\"og:locale\" content=\"fr_FR\" \/>\n<meta property=\"og:type\" content=\"article\" \/>\n<meta property=\"og:title\" content=\"Prison de Neuvic : Jamais 2 sans 3... puis 4 sans 5 ! - Syndicat FO Justice\" \/>\n<meta property=\"og:description\" content=\"Syndicat FO Justice - DISP Bordeaux - Prison de Neuvic : Jamais 2 sans 3... puis 4 sans 5 !\" \/>\n<meta property=\"og:url\" content=\"https:\/\/fojustice.fr\/web\/prison-de-neuvic-jamais-2-sans-3-puis-4-sans-5\/\" \/>\n<meta property=\"og:site_name\" content=\"Syndicat FO Justice\" \/>\n<meta property=\"article:publisher\" content=\"https:\/\/www.facebook.com\/SyndicatFoJustice\" \/>\n<meta property=\"article:published_time\" content=\"2026-09-05T07:46:01+00:00\" \/>\n<meta property=\"og:image\" content=\"https:\/\/fojustice.fr\/web\/wp-content\/uploads\/2022\/05\/agression2.jpg\" \/>\n\t<meta property=\"og:image:width\" content=\"1600\" \/>\n\t<meta property=\"og:image:height\" content=\"960\" \/>\n\t<meta property=\"og:image:type\" content=\"image\/jpeg\" \/>\n<meta name=\"author\" content=\"adminfojustice\" \/>\n<meta name=\"twitter:card\" content=\"summary_large_image\" \/>\n<meta name=\"twitter:creator\" content=\"@SyndFoJustice\" \/>\n<meta name=\"twitter:site\" content=\"@SyndFoJustice\" \/>\n<meta name=\"twitter:label1\" content=\"\u00c9crit par\" \/>\n\t<meta name=\"twitter:data1\" content=\"adminfojustice\" \/>\n\t<meta name=\"twitter:label2\" content=\"Dur\u00e9e de lecture estim\u00e9e\" \/>\n\t<meta name=\"twitter:data2\" content=\"1 minute\" \/>\n<script type=\"application\/ld+json\" class=\"yoast-schema-graph\">{\"@context\":\"https:\\\/\\\/schema.org\",\"@graph\":[{\"@type\":\"NewsArticle\",\"@id\":\"https:\\\/\\\/fojustice.fr\\\/web\\\/prison-de-neuvic-jamais-2-sans-3-puis-4-sans-5\\\/#article\",\"isPartOf\":{\"@id\":\"https:\\\/\\\/fojustice.fr\\\/web\\\/prison-de-neuvic-jamais-2-sans-3-puis-4-sans-5\\\/\"},\"author\":{\"name\":\"adminfojustice\",\"@id\":\"https:\\\/\\\/fojustice.fr\\\/web\\\/#\\\/schema\\\/person\\\/a51cb9c3495ce0ca62b78fc96ac3bf9f\"},\"headline\":\"Prison de Neuvic : Jamais 2 sans 3&#8230; puis 4 sans 5 !\",\"datePublished\":\"2026-09-05T07:46:01+00:00\",\"mainEntityOfPage\":{\"@id\":\"https:\\\/\\\/fojustice.fr\\\/web\\\/prison-de-neuvic-jamais-2-sans-3-puis-4-sans-5\\\/\"},\"wordCount\":206,\"commentCount\":0,\"publisher\":{\"@id\":\"https:\\\/\\\/fojustice.fr\\\/web\\\/#organization\"},\"image\":{\"@id\":\"https:\\\/\\\/fojustice.fr\\\/web\\\/prison-de-neuvic-jamais-2-sans-3-puis-4-sans-5\\\/#primaryimage\"},\"thumbnailUrl\":\"https:\\\/\\\/fojustice.fr\\\/web\\\/wp-content\\\/uploads\\\/2022\\\/05\\\/agression2.jpg\",\"articleSection\":[\"DISP Bordeaux\"],\"inLanguage\":\"fr-FR\",\"potentialAction\":[{\"@type\":\"CommentAction\",\"name\":\"Comment\",\"target\":[\"https:\\\/\\\/fojustice.fr\\\/web\\\/prison-de-neuvic-jamais-2-sans-3-puis-4-sans-5\\\/#respond\"]}]},{\"@type\":\"WebPage\",\"@id\":\"https:\\\/\\\/fojustice.fr\\\/web\\\/prison-de-neuvic-jamais-2-sans-3-puis-4-sans-5\\\/\",\"url\":\"https:\\\/\\\/fojustice.fr\\\/web\\\/prison-de-neuvic-jamais-2-sans-3-puis-4-sans-5\\\/\",\"name\":\"Prison de Neuvic : Jamais 2 sans 3... puis 4 sans 5 ! - Syndicat FO Justice\",\"isPartOf\":{\"@id\":\"https:\\\/\\\/fojustice.fr\\\/web\\\/#website\"},\"primaryImageOfPage\":{\"@id\":\"https:\\\/\\\/fojustice.fr\\\/web\\\/prison-de-neuvic-jamais-2-sans-3-puis-4-sans-5\\\/#primaryimage\"},\"image\":{\"@id\":\"https:\\\/\\\/fojustice.fr\\\/web\\\/prison-de-neuvic-jamais-2-sans-3-puis-4-sans-5\\\/#primaryimage\"},\"thumbnailUrl\":\"https:\\\/\\\/fojustice.fr\\\/web\\\/wp-content\\\/uploads\\\/2022\\\/05\\\/agression2.jpg\",\"datePublished\":\"2026-09-05T07:46:01+00:00\",\"description\":\"Syndicat FO Justice - DISP Bordeaux - Prison de Neuvic : Jamais 2 sans 3... puis 4 sans 5 !\",\"breadcrumb\":{\"@id\":\"https:\\\/\\\/fojustice.fr\\\/web\\\/prison-de-neuvic-jamais-2-sans-3-puis-4-sans-5\\\/#breadcrumb\"},\"inLanguage\":\"fr-FR\",\"potentialAction\":[{\"@type\":\"ReadAction\",\"target\":[\"https:\\\/\\\/fojustice.fr\\\/web\\\/prison-de-neuvic-jamais-2-sans-3-puis-4-sans-5\\\/\"]}]},{\"@type\":\"ImageObject\",\"inLanguage\":\"fr-FR\",\"@id\":\"https:\\\/\\\/fojustice.fr\\\/web\\\/prison-de-neuvic-jamais-2-sans-3-puis-4-sans-5\\\/#primaryimage\",\"url\":\"https:\\\/\\\/fojustice.fr\\\/web\\\/wp-content\\\/uploads\\\/2022\\\/05\\\/agression2.jpg\",\"contentUrl\":\"https:\\\/\\\/fojustice.fr\\\/web\\\/wp-content\\\/uploads\\\/2022\\\/05\\\/agression2.jpg\",\"width\":1600,\"height\":960},{\"@type\":\"BreadcrumbList\",\"@id\":\"https:\\\/\\\/fojustice.fr\\\/web\\\/prison-de-neuvic-jamais-2-sans-3-puis-4-sans-5\\\/#breadcrumb\",\"itemListElement\":[{\"@type\":\"ListItem\",\"position\":1,\"name\":\"Accueil\",\"item\":\"https:\\\/\\\/fojustice.fr\\\/web\\\/\"},{\"@type\":\"ListItem\",\"position\":2,\"name\":\"Prison de Neuvic : Jamais 2 sans 3&#8230; puis 4 sans 5 !\"}]},{\"@type\":\"WebSite\",\"@id\":\"https:\\\/\\\/fojustice.fr\\\/web\\\/#website\",\"url\":\"https:\\\/\\\/fojustice.fr\\\/web\\\/\",\"name\":\"Syndicat FO Justice\",\"description\":\"Site du Syndicat National FO Justice\",\"publisher\":{\"@id\":\"https:\\\/\\\/fojustice.fr\\\/web\\\/#organization\"},\"alternateName\":\"Syndicat National FO Justice\",\"potentialAction\":[{\"@type\":\"SearchAction\",\"target\":{\"@type\":\"EntryPoint\",\"urlTemplate\":\"https:\\\/\\\/fojustice.fr\\\/web\\\/?s={search_term_string}\"},\"query-input\":{\"@type\":\"PropertyValueSpecification\",\"valueRequired\":true,\"valueName\":\"search_term_string\"}}],\"inLanguage\":\"fr-FR\"},{\"@type\":\"Organization\",\"@id\":\"https:\\\/\\\/fojustice.fr\\\/web\\\/#organization\",\"name\":\"Syndicat National FO Justice\",\"alternateName\":\"Syndicat National FO Justice\",\"url\":\"https:\\\/\\\/fojustice.fr\\\/web\\\/\",\"logo\":{\"@type\":\"ImageObject\",\"inLanguage\":\"fr-FR\",\"@id\":\"https:\\\/\\\/fojustice.fr\\\/web\\\/#\\\/schema\\\/logo\\\/image\\\/\",\"url\":\"https:\\\/\\\/fojustice.fr\\\/web\\\/wp-content\\\/uploads\\\/2022\\\/03\\\/logo-fo-justice.png\",\"contentUrl\":\"https:\\\/\\\/fojustice.fr\\\/web\\\/wp-content\\\/uploads\\\/2022\\\/03\\\/logo-fo-justice.png\",\"width\":800,\"height\":800,\"caption\":\"Syndicat National FO Justice\"},\"image\":{\"@id\":\"https:\\\/\\\/fojustice.fr\\\/web\\\/#\\\/schema\\\/logo\\\/image\\\/\"},\"sameAs\":[\"https:\\\/\\\/www.facebook.com\\\/SyndicatFoJustice\",\"https:\\\/\\\/x.com\\\/SyndFoJustice\"]},{\"@type\":\"Person\",\"@id\":\"https:\\\/\\\/fojustice.fr\\\/web\\\/#\\\/schema\\\/person\\\/a51cb9c3495ce0ca62b78fc96ac3bf9f\",\"name\":\"adminfojustice\",\"image\":{\"@type\":\"ImageObject\",\"inLanguage\":\"fr-FR\",\"@id\":\"https:\\\/\\\/secure.gravatar.com\\\/avatar\\\/368884c0ecc46e53d83c0c3c0af4c6c30a6bbc2aab7535848950f43a950bfd4e?s=96&d=mm&r=g\",\"url\":\"https:\\\/\\\/secure.gravatar.com\\\/avatar\\\/368884c0ecc46e53d83c0c3c0af4c6c30a6bbc2aab7535848950f43a950bfd4e?s=96&d=mm&r=g\",\"contentUrl\":\"https:\\\/\\\/secure.gravatar.com\\\/avatar\\\/368884c0ecc46e53d83c0c3c0af4c6c30a6bbc2aab7535848950f43a950bfd4e?s=96&d=mm&r=g\",\"caption\":\"adminfojustice\"},\"sameAs\":[\"https:\\\/\\\/www.fojustice.fr\\\/web\"],\"url\":\"https:\\\/\\\/fojustice.fr\\\/web\\\/author\\\/adminfojustice\\\/\"}]}<\/script>\n<!-- \/ Yoast SEO plugin. -->","yoast_head_json":{"title":"Prison de Neuvic : Jamais 2 sans 3... puis 4 sans 5 ! - Syndicat FO Justice","description":"Syndicat FO Justice - DISP Bordeaux - Prison de Neuvic : Jamais 2 sans 3... puis 4 sans 5 !","robots":{"index":"index","follow":"follow","max-snippet":"max-snippet:-1","max-image-preview":"max-image-preview:large","max-video-preview":"max-video-preview:-1"},"canonical":"https:\/\/fojustice.fr\/web\/prison-de-neuvic-jamais-2-sans-3-puis-4-sans-5\/","og_locale":"fr_FR","og_type":"article","og_title":"Prison de Neuvic : Jamais 2 sans 3... puis 4 sans 5 ! - Syndicat FO Justice","og_description":"Syndicat FO Justice - DISP Bordeaux - Prison de Neuvic : Jamais 2 sans 3... puis 4 sans 5 !","og_url":"https:\/\/fojustice.fr\/web\/prison-de-neuvic-jamais-2-sans-3-puis-4-sans-5\/","og_site_name":"Syndicat FO Justice","article_publisher":"https:\/\/www.facebook.com\/SyndicatFoJustice","article_published_time":"2026-09-05T07:46:01+00:00","og_image":[{"width":1600,"height":960,"url":"https:\/\/fojustice.fr\/web\/wp-content\/uploads\/2022\/05\/agression2.jpg","type":"image\/jpeg"}],"author":"adminfojustice","twitter_card":"summary_large_image","twitter_creator":"@SyndFoJustice","twitter_site":"@SyndFoJustice","twitter_misc":{"\u00c9crit par":"adminfojustice","Dur\u00e9e de lecture estim\u00e9e":"1 minute"},"schema":{"@context":"https:\/\/schema.org","@graph":[{"@type":"NewsArticle","@id":"https:\/\/fojustice.fr\/web\/prison-de-neuvic-jamais-2-sans-3-puis-4-sans-5\/#article","isPartOf":{"@id":"https:\/\/fojustice.fr\/web\/prison-de-neuvic-jamais-2-sans-3-puis-4-sans-5\/"},"author":{"name":"adminfojustice","@id":"https:\/\/fojustice.fr\/web\/#\/schema\/person\/a51cb9c3495ce0ca62b78fc96ac3bf9f"},"headline":"Prison de Neuvic : Jamais 2 sans 3&#8230; puis 4 sans 5 !","datePublished":"2026-09-05T07:46:01+00:00","mainEntityOfPage":{"@id":"https:\/\/fojustice.fr\/web\/prison-de-neuvic-jamais-2-sans-3-puis-4-sans-5\/"},"wordCount":206,"commentCount":0,"publisher":{"@id":"https:\/\/fojustice.fr\/web\/#organization"},"image":{"@id":"https:\/\/fojustice.fr\/web\/prison-de-neuvic-jamais-2-sans-3-puis-4-sans-5\/#primaryimage"},"thumbnailUrl":"https:\/\/fojustice.fr\/web\/wp-content\/uploads\/2022\/05\/agression2.jpg","articleSection":["DISP Bordeaux"],"inLanguage":"fr-FR","potentialAction":[{"@type":"CommentAction","name":"Comment","target":["https:\/\/fojustice.fr\/web\/prison-de-neuvic-jamais-2-sans-3-puis-4-sans-5\/#respond"]}]},{"@type":"WebPage","@id":"https:\/\/fojustice.fr\/web\/prison-de-neuvic-jamais-2-sans-3-puis-4-sans-5\/","url":"https:\/\/fojustice.fr\/web\/prison-de-neuvic-jamais-2-sans-3-puis-4-sans-5\/","name":"Prison de Neuvic : Jamais 2 sans 3... puis 4 sans 5 ! - Syndicat FO Justice","isPartOf":{"@id":"https:\/\/fojustice.fr\/web\/#website"},"primaryImageOfPage":{"@id":"https:\/\/fojustice.fr\/web\/prison-de-neuvic-jamais-2-sans-3-puis-4-sans-5\/#primaryimage"},"image":{"@id":"https:\/\/fojustice.fr\/web\/prison-de-neuvic-jamais-2-sans-3-puis-4-sans-5\/#primaryimage"},"thumbnailUrl":"https:\/\/fojustice.fr\/web\/wp-content\/uploads\/2022\/05\/agression2.jpg","datePublished":"2026-09-05T07:46:01+00:00","description":"Syndicat FO Justice - DISP Bordeaux - Prison de Neuvic : Jamais 2 sans 3... puis 4 sans 5 !","breadcrumb":{"@id":"https:\/\/fojustice.fr\/web\/prison-de-neuvic-jamais-2-sans-3-puis-4-sans-5\/#breadcrumb"},"inLanguage":"fr-FR","potentialAction":[{"@type":"ReadAction","target":["https:\/\/fojustice.fr\/web\/prison-de-neuvic-jamais-2-sans-3-puis-4-sans-5\/"]}]},{"@type":"ImageObject","inLanguage":"fr-FR","@id":"https:\/\/fojustice.fr\/web\/prison-de-neuvic-jamais-2-sans-3-puis-4-sans-5\/#primaryimage","url":"https:\/\/fojustice.fr\/web\/wp-content\/uploads\/2022\/05\/agression2.jpg","contentUrl":"https:\/\/fojustice.fr\/web\/wp-content\/uploads\/2022\/05\/agression2.jpg","width":1600,"height":960},{"@type":"BreadcrumbList","@id":"https:\/\/fojustice.fr\/web\/prison-de-neuvic-jamais-2-sans-3-puis-4-sans-5\/#breadcrumb","itemListElement":[{"@type":"ListItem","position":1,"name":"Accueil","item":"https:\/\/fojustice.fr\/web\/"},{"@type":"ListItem","position":2,"name":"Prison de Neuvic : Jamais 2 sans 3&#8230; puis 4 sans 5 !"}]},{"@type":"WebSite","@id":"https:\/\/fojustice.fr\/web\/#website","url":"https:\/\/fojustice.fr\/web\/","name":"Syndicat FO Justice","description":"Site du Syndicat National FO Justice","publisher":{"@id":"https:\/\/fojustice.fr\/web\/#organization"},"alternateName":"Syndicat National FO Justice","potentialAction":[{"@type":"SearchAction","target":{"@type":"EntryPoint","urlTemplate":"https:\/\/fojustice.fr\/web\/?s={search_term_string}"},"query-input":{"@type":"PropertyValueSpecification","valueRequired":true,"valueName":"search_term_string"}}],"inLanguage":"fr-FR"},{"@type":"Organization","@id":"https:\/\/fojustice.fr\/web\/#organization","name":"Syndicat National FO Justice","alternateName":"Syndicat National FO Justice","url":"https:\/\/fojustice.fr\/web\/","logo":{"@type":"ImageObject","inLanguage":"fr-FR","@id":"https:\/\/fojustice.fr\/web\/#\/schema\/logo\/image\/","url":"https:\/\/fojustice.fr\/web\/wp-content\/uploads\/2022\/03\/logo-fo-justice.png","contentUrl":"https:\/\/fojustice.fr\/web\/wp-content\/uploads\/2022\/03\/logo-fo-justice.png","width":800,"height":800,"caption":"Syndicat National FO Justice"},"image":{"@id":"https:\/\/fojustice.fr\/web\/#\/schema\/logo\/image\/"},"sameAs":["https:\/\/www.facebook.com\/SyndicatFoJustice","https:\/\/x.com\/SyndFoJustice"]},{"@type":"Person","@id":"https:\/\/fojustice.fr\/web\/#\/schema\/person\/a51cb9c3495ce0ca62b78fc96ac3bf9f","name":"adminfojustice","image":{"@type":"ImageObject","inLanguage":"fr-FR","@id":"https:\/\/secure.gravatar.com\/avatar\/368884c0ecc46e53d83c0c3c0af4c6c30a6bbc2aab7535848950f43a950bfd4e?s=96&d=mm&r=g","url":"https:\/\/secure.gravatar.com\/avatar\/368884c0ecc46e53d83c0c3c0af4c6c30a6bbc2aab7535848950f43a950bfd4e?s=96&d=mm&r=g","contentUrl":"https:\/\/secure.gravatar.com\/avatar\/368884c0ecc46e53d83c0c3c0af4c6c30a6bbc2aab7535848950f43a950bfd4e?s=96&d=mm&r=g","caption":"adminfojustice"},"sameAs":["https:\/\/www.fojustice.fr\/web"],"url":"https:\/\/fojustice.fr\/web\/author\/adminfojustice\/"}]}},"jetpack_shortlink":"https:\/\/wp.me\/pdNWl1-drw","jetpack_sharing_enabled":true,"jetpack_featured_media_url":"https:\/\/fojustice.fr\/web\/wp-content\/uploads\/2022\/05\/agression2.jpg","_links":{"self":[{"href":"https:\/\/fojustice.fr\/web\/wp-json\/wp\/v2\/posts\/51678","targetHints":{"allow":["GET"]}}],"collection":[{"href":"https:\/\/fojustice.fr\/web\/wp-json\/wp\/v2\/posts"}],"about":[{"href":"https:\/\/fojustice.fr\/web\/wp-json\/wp\/v2\/types\/post"}],"author":[{"embeddable":true,"href":"https:\/\/fojustice.fr\/web\/wp-json\/wp\/v2\/users\/1"}],"replies":[{"embeddable":true,"href":"https:\/\/fojustice.fr\/web\/wp-json\/wp\/v2\/comments?post=51678"}],"version-history":[{"count":1,"href":"https:\/\/fojustice.fr\/web\/wp-json\/wp\/v2\/posts\/51678\/revisions"}],"predecessor-version":[{"id":51680,"href":"https:\/\/fojustice.fr\/web\/wp-json\/wp\/v2\/posts\/51678\/revisions\/51680"}],"wp:featuredmedia":[{"embeddable":true,"href":"https:\/\/fojustice.fr\/web\/wp-json\/wp\/v2\/media\/3876"}],"wp:attachment":[{"href":"https:\/\/fojustice.fr\/web\/wp-json\/wp\/v2\/media?parent=51678"}],"wp:term":[{"taxonomy":"category","embeddable":true,"href":"https:\/\/fojustice.fr\/web\/wp-json\/wp\/v2\/categories?post=51678"},{"taxonomy":"post_tag","embeddable":true,"href":"https:\/\/fojustice.fr\/web\/wp-json\/wp\/v2\/tags?post=51678"}],"curies":[{"name":"wp","href":"https:\/\/api.w.org\/{rel}","templated":true}]}}