{"id":51674,"date":"2026-09-04T17:06:40","date_gmt":"2026-09-04T15:06:40","guid":{"rendered":"https:\/\/fojustice.fr\/web\/?p=51674"},"modified":"2026-09-04T17:06:40","modified_gmt":"2026-09-04T15:06:40","slug":"prison-de-basse-terre-rentree-penitentiaire-sous-haute-tension","status":"publish","type":"post","link":"https:\/\/fojustice.fr\/web\/prison-de-basse-terre-rentree-penitentiaire-sous-haute-tension\/","title":{"rendered":"Prison de Basse-Terre : Rentr\u00e9e p\u00e9nitentiaire sous haute tension !"},"content":{"rendered":"<p class=\"p1\">Chers coll\u00e8gues,<\/p>\n<p class=\"p1\">Depuis l\u2019ouverture de l\u2019\u00e9tablissement, le bureau local <span class=\"s1\" style=\"color: #ff0000;\"><b>FO JUSTICE BAST\u00c8<\/b> <\/span>ne cesse d\u2019alerter sur les difficult\u00e9s rencontr\u00e9es quotidiennement par les personnels. Effectifs insuffisants, absent\u00e9isme, surcharge de travail, mouvements incessants, tensions en d\u00e9tention, circulation de stup\u00e9fiants et de t\u00e9l\u00e9phones, armes artisanales, difficult\u00e9s au parloir, pression permanente sur les brigades et les postes fixes\u2026 La liste est longue. Trop longue.<\/p>\n<p class=\"p1\">Aujourd\u2019hui, <span class=\"s1\" style=\"color: #ff0000;\"><b>FO JUSTICE BAST\u00c8<\/b><\/span> le dit clairement : <b>LA SITUATION N\u2019EST PLUS TENABLE !<\/b> Ce ne sont plus quelques dysfonctionnements isol\u00e9s. C\u2019est l\u2019organisation g\u00e9n\u00e9rale de l\u2019\u00e9tablissement qui arrive \u00e0 saturation. Et pendant que les personnels tiennent la d\u00e9tention \u00e0 bout de bras, on continue de leur demander toujours davantage, avec toujours moins de marges de man\u0153uvre.<\/p>\n<p class=\"p1\"><span class=\"s1\" style=\"color: #ff0000;\"><b>LES PERSONNELS SONT \u00c0 BOUT <\/b><\/span><b><span style=\"color: #ff0000;\">:<\/span> JUSQU\u2019\u00c0 QUAND ?<\/b> Surveillance, postes fixes, brigades, personnels administratifs, SPIP, personnels techniques\u2026 <b>TOUS LES SERVICES SONT EN <\/b><b>SOUFFRANCE<\/b> ! En d\u00e9tention, les personnels doivent quotidiennement absorber :<\/p>\n<ul>\n<li class=\"p1\">\u00a0Une surcharge de travail permanente ;<\/li>\n<li class=\"p1\">\u00a0Des mouvements toujours plus nombreux ;<\/li>\n<li class=\"p1\">\u00a03 tours de promenade le matin et 3 tours le soir ;<\/li>\n<li class=\"p1\">\u00a0Des mouvements infirmiers importants ;<\/li>\n<li class=\"p1\">\u00a0Une population p\u00e9nale en augmentation ;<\/li>\n<li class=\"p1\">\u00a0Un absent\u00e9isme pr\u00e9occupant ;<\/li>\n<li class=\"p1\">\u00a0Des conditions de travail fortement d\u00e9grad\u00e9es ;<\/li>\n<li class=\"p1\">\u00a0Une pression professionnelle permanente.<\/li>\n<\/ul>\n<p class=\"p1\">On demande toujours plus aux m\u00eames personnels. Mais jusqu\u2019o\u00f9 ? Faudra-t-il attendre une agression grave, un accident ou un drame pour que l\u2019administration reconnaisse enfin l\u2019urgence ?<\/p>\n<p class=\"p1\"><span class=\"s1\"><b>FO JUSTICE BAST\u00c8 <\/b><\/span><b>REFUSE D\u2019ATTENDRE LE DRAME ! LA S\u00c9CURIT\u00c9 DE<\/b><\/p>\n<p class=\"p1\"><b>L\u2019\u00c9TABLISSEMENT EST MISE \u00c0 MAL<\/b> : T\u00e9l\u00e9phones portables, stup\u00e9fiants, armes artisanales, violences, r\u00e8glements de comptes, tensions en coursive, en cellule et lors des promenades\u2026 Le constat s\u00e9curitaire est alarmant. Les personnels ne demandent pas l\u2019impossible. Ils demandent simplement les moyens humains, mat\u00e9riels et organisationnels n\u00e9cessaires pour assurer leur mission r\u00e9galienne en toute s\u00e9curit\u00e9. <b>Un <\/b><b>\u00e9tablissement p\u00e9nitentiaire ne peut pas fonctionner avec la m\u00e9thode : \u00ab ON VERRA BIEN ! \u00bb<\/b><\/p>\n<p class=\"p1\"><b>LA S\u00c9CURIT\u00c9 DES PERSONNELS N\u2019EST PAS N\u00c9GOCIABLE !<\/b><\/p>\n<p class=\"p1\"><span class=\"s1\" style=\"color: #ff0000;\"><b>FO JUSTICE BAST\u00c8<\/b> <\/span>r\u00e9clame depuis des mois une v\u00e9ritable politique de s\u00e9curisation de l\u2019\u00e9tablissement.<\/p>\n<p class=\"p1\">Aujourd\u2019hui, nous demandons : <b>DES ACTES. PAS DES PROMESSES !<\/b><\/p>\n<p class=\"p1\"><span style=\"color: #ff0000;\"><span class=\"s1\"><b>PENDANT QUE LA D\u00c9TENTION CRAQUE<\/b><\/span>\u2026<\/span> Pendant que les personnels s\u2019\u00e9puisent. Pendant que les mouvements s\u2019accumulent. Pendant que l\u2019absent\u00e9isme p\u00e8se sur les \u00e9quipes. Pendant que les tensions et l\u2019ins\u00e9curit\u00e9 progressent. Pendant que la Guadeloupe conna\u00eet une probl\u00e9matique majeure concernant l\u2019acc\u00e8s \u00e0 l\u2019eau\u2026 la priorit\u00e9 semble \u00eatre ailleurs. <b>La direction trouve le temps de s\u2019int\u00e9resser \u00e0 la fermeture des <\/b><b>robinets du parking. <\/b><span class=\"s1\" style=\"color: #ff0000;\"><b>S\u00c9RIEUX ?<\/b><\/span><b> Voil\u00e0 donc vos priorit\u00e9s ?<\/b> <span class=\"s1\" style=\"color: #ff0000;\"><b>FO JUSTICE BAST\u00c8<\/b> <\/span>d\u00e9nonce une gestion qui donne le sentiment d\u2019\u00eatre d\u00e9connect\u00e9e des urgences du terrain.<\/p>\n<p class=\"p2\"><span class=\"s2\">Nous le rappelons clairement : <\/span><span style=\"color: #ff0000;\"><b>LES PRIORIT\u00c9S SONT : LES EFFECTIFS \u2014 LA S\u00c9CURIT\u00c9 \u2014 LES <\/b><b>CONDITIONS DE TRAVAIL !<\/b><\/span><\/p>\n<p class=\"p1\">Quand la d\u00e9tention est en difficult\u00e9, c\u2019est toute la cha\u00eene p\u00e9nitentiaire qui se retrouve paralys\u00e9e. Le probl\u00e8me est donc global. La r\u00e9ponse doit l\u2019\u00eatre \u00e9galement.<\/p>\n<p class=\"p2\"><span style=\"color: #ff0000;\"><b>LE PROBL\u00c8ME N\u2019EST PLUS LE PERSONNEL : C\u2019EST L\u2019ORGANISATION <\/b><\/span><span class=\"s2\"><span style=\"color: #ff0000;\"><b>!<\/b><\/span> Monsieur le Directeur,<\/span><\/p>\n<p class=\"p1\">il est temps de regarder la r\u00e9alit\u00e9 en face. On ne peut pas continuer \u00e0 faire fonctionner un \u00e9tablissement neuf avec une organisation qui ne correspond plus aux r\u00e9alit\u00e9s du terrain. Le personnel ne peut pas \u00eatre la variable d\u2019ajustement permanente. Lorsqu\u2019un secteur fonctionne encore, la solution ne peut pas \u00eatre syst\u00e9matiquement de d\u00e9placer les difficult\u00e9s vers un autre service.<\/p>\n<p class=\"p1\"><b>\u00c0 FORCE DE D\u00c9PLACER LES PROBL\u00c8MES, ON NE LES R\u00c8GLE PAS !<\/b> <span class=\"s1\"><b>FO JUSTICE BAST\u00c8 <\/b><\/span>demande une v\u00e9ritable r\u00e9flexion sur l\u2019organisation globale de l\u2019\u00e9tablissement. Nous demandons notamment :<\/p>\n<ul>\n<li class=\"p1\">\u00a0Un \u00e9tat des lieux r\u00e9el et transparent des effectifs et des besoins ;<\/li>\n<li class=\"p1\">\u00a0Une r\u00e9\u00e9valuation urgente de l\u2019organisation de la d\u00e9tention ;<\/li>\n<li class=\"p1\">\u00a0Une r\u00e9flexion sur les promenades et les mouvements ;<\/li>\n<li class=\"p1\">\u00a0Une r\u00e9organisation du secteur vestiaire ;<\/li>\n<li class=\"p1\">\u00a0Une r\u00e9organisation du fonctionnement des parloirs ;<\/li>\n<li class=\"p1\">\u00a0Des moyens humains adapt\u00e9s au parloir ;<\/li>\n<li class=\"p1\">Un renforcement concret de la s\u00e9curit\u00e9 de l\u2019\u00e9tablissement ;<\/li>\n<li class=\"p1\">\u00a0Des mesures efficaces contre la circulation des t\u00e9l\u00e9phones, stup\u00e9fiants et armes ;<\/li>\n<li class=\"p1\">\u00a0Des moyens suppl\u00e9mentaires pour les services en tension, notamment le SPIP ;<\/li>\n<li class=\"p1\">\u00a0Une prise en compte r\u00e9elle de l\u2019absent\u00e9isme et de l\u2019\u00e9puisement professionnel ;<\/li>\n<li class=\"p1\">\u00a0Un v\u00e9ritable dialogue social \u00e0 la hauteur de la situation.<\/li>\n<\/ul>\n<p class=\"p2\"><span style=\"color: #ff0000;\"><b>RENTR\u00c9E SCOLAIRE : O\u00d9 EST L\u2019HUMAIN <\/b><\/span><span class=\"s2\"><span style=\"color: #ff0000;\"><b>?<\/b> <\/span>Monsieur le Directeur, Le bureau local <\/span><span style=\"color: #ff0000;\"><b>FO JUSTICE <\/b><span class=\"s1\"><b>BAST\u00c8<\/b><\/span><\/span> a \u00e9galement constat\u00e9 une situation que nous jugeons particuli\u00e8rement regrettable concernant les demandes formul\u00e9es par des personnels souhaitant pouvoir accompagner leurs enfants pour la rentr\u00e9e scolaire.<\/p>\n<p class=\"p1\">Nous constatons que certaines demandes semblent \u00eatre refus\u00e9es de mani\u00e8re quasi syst\u00e9matique, sans que soit suffisamment prise en consid\u00e9ration la situation familiale et humaine des agents. Nous d\u00e9non\u00e7ons ce manque de souplesse et surtout ce que nous consid\u00e9rons comme un manque d\u2019empathie envers les personnels. Alors que ces agents donnent quotidiennement de leur temps, de leur \u00e9nergie et parfois de leur vie familiale pour assurer la continuit\u00e9 du service public p\u00e9nitentiaire, nous estimons qu\u2019un minimum de consid\u00e9ration doit leur \u00eatre accord\u00e9. Plus inqui\u00e9tant encore : aucune note de service claire n\u2019a \u00e9t\u00e9 diffus\u00e9e \u00e0 l\u2019ensemble des personnels concernant les dispositions prises pour cette rentr\u00e9e scolaire. Une communication anticip\u00e9e aurait pourtant permis d\u2019\u00e9viter les incompr\u00e9hensions et de donner aux agents une visibilit\u00e9 sur les possibilit\u00e9s qui leur sont offertes.<\/p>\n<p class=\"p1\"><span class=\"s1\" style=\"color: #ff0000;\"><b>FO JUSTICE BAST\u00c8<\/b> <\/span>demande davantage de dialogue, d\u2019\u00e9coute et d\u2019humanit\u00e9 dans la gestion des personnels.<\/p>\n<p class=\"p1\"><span class=\"s1\" style=\"color: #ff0000;\"><b>RETRAITES <\/b><\/span><b><span style=\"color: #ff0000;\">:<\/span> LE RESPECT ET LA RECONNAISSANCE NE DOIVENT PAS ATTENDRE !<\/b><\/p>\n<p class=\"p1\">Monsieur le Directeur, Le bureau local <span class=\"s1\" style=\"color: #ff0000;\"><b>FO JUSTICE BAST\u00c8<\/b> <\/span>souhaite \u00e9galement d\u00e9noncer une situation qui nous para\u00eet profond\u00e9ment regrettable : <b>le d\u00e9part de personnels en retraite sans v\u00e9ritable marque de <\/b><b>reconnaissance de la part de leur direction<\/b>. Apr\u00e8s des ann\u00e9es, voire des d\u00e9cennies, consacr\u00e9es au service de l\u2019administration p\u00e9nitentiaire, ces femmes et ces hommes m\u00e9ritent autre chose qu\u2019un simple d\u00e9part administratif. Ils ont servi l\u2019institution. Ils ont connu les difficult\u00e9s, les contraintes, les nuits, les week-ends, les jours f\u00e9ri\u00e9s, les heures suppl\u00e9mentaires, les situations de tension et les sacrifices personnels. Ils ont contribu\u00e9 \u00e0 faire fonctionner cet \u00e9tablissement. Et lorsqu\u2019arrive le moment de tourner la page, nous estimons qu\u2019une marque de reconnaissance institutionnelle doit \u00eatre pr\u00e9sente.<\/p>\n<p class=\"p1\"><span class=\"s1\" style=\"color: #ff0000;\"><b>FO JUSTICE BAST\u00c8<\/b><\/span> le dit clairement : <b>LA RECONNAISSANCE DOIT SE FAIRE AVANT LEUR <\/b><b>D\u00c9PART, PAS APR\u00c8S !<\/b> Il ne s\u2019agit pas d\u2019une question de protocole ou de c\u00e9r\u00e9monie. Il s\u2019agit simplement de respect humain et professionnel. Un agent qui quitte l\u2019administration apr\u00e8s des ann\u00e9es de service doit pouvoir partir avec le sentiment que son engagement a \u00e9t\u00e9 reconnu et appr\u00e9ci\u00e9. La reconnaissance ne co\u00fbte pas grand-chose. L\u2019absence de reconnaissance, elle, laisse des traces.<\/p>\n<p class=\"p1\"><span class=\"s1\" style=\"color: #ff0000;\"><b>UNIT\u00c9 DE VIE FAMILIALE <\/b><\/span><b><span style=\"color: #ff0000;\">:<\/span> PAS D\u2019OUVERTURE SANS MOYENS !<\/b> FO JUSTICE BASTE est \u00e9galement tr\u00e8s clair concernant l\u2019Unit\u00e9 de Vie Familiale. <b>PAS QUESTION D\u2019AJOUTER DE<\/b><\/p>\n<p class=\"p1\"><b>NOUVELLES CHARGES SANS EFFECTIFS SUPPL\u00c9MENTAIRES ! <\/b>Le secteur parloir conna\u00eet d\u00e9j\u00e0 d\u2019importantes difficult\u00e9s. Ajouter une nouvelle activit\u00e9 sans renforcer les \u00e9quipes serait irresponsable. FO JUSTICE BASTE refuse que les personnels soient une nouvelle fois sacrifi\u00e9s au nom de la continuit\u00e9 du service. <b>LA CONTINUIT\u00c9 DU SERVICE NE PEUT PAS SIGNIFIER L\u2019\u00c9PUISEMENT DES AGENTS <\/b><b>! ASSEZ DE BRICOLAGE !<\/b> Depuis l\u2019ouverture, les personnels font preuve de professionnalisme, de courage et d\u2019abn\u00e9gation. Ils ont :<\/p>\n<ul>\n<li class=\"p1\">\u00a0Absorb\u00e9 les absences ;<\/li>\n<li class=\"p1\">\u00a0Compens\u00e9 les sous-effectifs ;<\/li>\n<li class=\"p1\">\u00a0Encaiss\u00e9 la surcharge de travail ;<\/li>\n<li class=\"p1\">\u00a0Fait face aux incidents ;<\/li>\n<li class=\"p1\">\u00a0Assur\u00e9 les mouvements ;<\/li>\n<li class=\"p1\">\u00a0Maintenu la continuit\u00e9 du service malgr\u00e9 des conditions toujours plus difficiles.<\/li>\n<\/ul>\n<p class=\"p2\"><span style=\"color: #ff0000;\"><b>MAIS AUJOURD\u2019HUI, LA LIMITE EST ATTEINTE !<\/b><\/span><span class=\"s2\"> Le personnel n\u2019est pas responsable des <\/span>dysfonctionnements organisationnels. Le personnel n\u2019a pas \u00e0 payer le prix des mauvaises d\u00e9cisions.<\/p>\n<p class=\"p1\"><b>DERNIER AVERTISSEMENT !<\/b><\/p>\n<p class=\"p1\">Le bureau local <span class=\"s1\" style=\"color: #ff0000;\"><b>FO JUSTICE BAST\u00c8<\/b> <\/span>continuera d\u2019alerter. Nous continuerons de d\u00e9noncer. Nous continuerons de d\u00e9fendre les personnels. Mais nous le disons solennellement : <b>LA SITUATION EST<\/b><\/p>\n<p class=\"p1\"><b>D\u00c9SORMAIS TROP GRAVE POUR \u00caTRE TRAIT\u00c9E UNIQUEMENT AU NIVEAU LOCAL !<\/b><\/p>\n<p class=\"p1\">Nous demandons aux hautes instances de l\u2019administration p\u00e9nitentiaire de prendre imm\u00e9diatement la mesure de la situation et d\u2019intervenir avant qu\u2019un \u00e9v\u00e9nement grave ne survienne. <b>IL EST ENCORE TEMPS <\/b><b>D\u2019AGIR. MAIS IL FAUT AGIR MAINTENANT !<\/b><\/p>\n<p class=\"p1\"><b>POUR<\/b> <span class=\"s1\" style=\"color: #ff0000;\"><b>FO JUSTICE BAST\u00c8<\/b><\/span>, <b>LA S\u00c9CURIT\u00c9 DES PERSONNELS N\u2019EST PAS N\u00c9GOCIABLE ! DES <\/b><b>EFFECTIFS ! DE LA S\u00c9CURIT\u00c9 ! UNE ORGANISATION COH\u00c9RENTE ! DU RESPECT POUR <\/b><b>LES PERSONNELS !<\/b><\/p>\n<p class=\"p3\" style=\"text-align: center;\"><span style=\"color: #ff0000;\"><b>FO JUSTICE BAST\u00c8 NE L\u00c2CHERA RIEN !<\/b><\/span><\/p>\n<p><a href=\"https:\/\/fojustice.fr\/web\/wp-content\/uploads\/2026\/09\/MA-BT-RentrA\u00a9e-PA\u00a9nitentiaire-sous-haute-tension-.pdf\">Lire le communiqu\u00e9<\/a><\/p>\n","protected":false},"excerpt":{"rendered":"<p>Chers coll\u00e8gues, Depuis l\u2019ouverture de l\u2019\u00e9tablissement, le bureau local FO JUSTICE BAST\u00c8 ne cesse d\u2019alerter sur les difficult\u00e9s rencontr\u00e9es quotidiennement par les personnels. Effectifs insuffisants, absent\u00e9isme, surcharge de travail, mouvements incessants, tensions en d\u00e9tention, circulation de stup\u00e9fiants et de t\u00e9l\u00e9phones, armes artisanales, difficult\u00e9s au parloir, pression permanente sur les brigades et les postes fixes\u2026 La [&hellip;]<\/p>\n","protected":false},"author":1,"featured_media":28366,"comment_status":"open","ping_status":"open","sticky":false,"template":"","format":"standard","meta":{"_jetpack_newsletter_access":"","_jetpack_dont_email_post_to_subs":true,"_jetpack_newsletter_tier_id":0,"_jetpack_memberships_contains_paywalled_content":false,"page_builder":"","_jetpack_feature_clip_id":0,"_jetpack_memberships_contains_paid_content":false,"footnotes":"","jetpack_post_was_ever_published":false,"_members_access_role":[],"_members_access_error":""},"categories":[38],"tags":[],"class_list":["post-51674","post","type-post","status-publish","format-standard","has-post-thumbnail","hentry","category-dom-tom"],"yoast_head":"<!-- This site is optimized with the Yoast SEO plugin v28.4 - https:\/\/yoast.com\/product\/yoast-seo-wordpress\/ -->\n<title>Prison de Basse-Terre : Rentr\u00e9e p\u00e9nitentiaire sous haute tension ! - Syndicat FO Justice<\/title>\n<meta name=\"description\" content=\"Syndicat FO Justice - DOM-TOM - Prison de Basse-Terre : Rentr\u00e9e p\u00e9nitentiaire sous haute tension !\" \/>\n<meta name=\"robots\" content=\"index, follow, max-snippet:-1, max-image-preview:large, max-video-preview:-1\" \/>\n<link rel=\"canonical\" href=\"https:\/\/fojustice.fr\/web\/prison-de-basse-terre-rentree-penitentiaire-sous-haute-tension\/\" \/>\n<meta property=\"og:locale\" content=\"fr_FR\" \/>\n<meta property=\"og:type\" content=\"article\" \/>\n<meta property=\"og:title\" content=\"Prison de Basse-Terre : Rentr\u00e9e p\u00e9nitentiaire sous haute tension ! - Syndicat FO Justice\" \/>\n<meta property=\"og:description\" content=\"Syndicat FO Justice - DOM-TOM - Prison de Basse-Terre : Rentr\u00e9e p\u00e9nitentiaire sous haute tension !\" \/>\n<meta property=\"og:url\" content=\"https:\/\/fojustice.fr\/web\/prison-de-basse-terre-rentree-penitentiaire-sous-haute-tension\/\" \/>\n<meta property=\"og:site_name\" content=\"Syndicat FO Justice\" \/>\n<meta property=\"article:publisher\" content=\"https:\/\/www.facebook.com\/SyndicatFoJustice\" \/>\n<meta property=\"article:published_time\" content=\"2026-09-04T15:06:40+00:00\" \/>\n<meta property=\"og:image\" content=\"https:\/\/fojustice.fr\/web\/wp-content\/uploads\/2024\/11\/WhatsApp-Image-2024-11-08-at-19.09.26.jpeg\" \/>\n\t<meta property=\"og:image:width\" content=\"1600\" \/>\n\t<meta property=\"og:image:height\" content=\"1200\" \/>\n\t<meta property=\"og:image:type\" content=\"image\/jpeg\" \/>\n<meta name=\"author\" content=\"adminfojustice\" \/>\n<meta name=\"twitter:card\" content=\"summary_large_image\" \/>\n<meta name=\"twitter:creator\" content=\"@SyndFoJustice\" \/>\n<meta name=\"twitter:site\" content=\"@SyndFoJustice\" \/>\n<meta name=\"twitter:label1\" content=\"\u00c9crit par\" \/>\n\t<meta name=\"twitter:data1\" content=\"adminfojustice\" \/>\n\t<meta name=\"twitter:label2\" content=\"Dur\u00e9e de lecture estim\u00e9e\" \/>\n\t<meta name=\"twitter:data2\" content=\"7 minutes\" \/>\n<script type=\"application\/ld+json\" class=\"yoast-schema-graph\">{\"@context\":\"https:\\\/\\\/schema.org\",\"@graph\":[{\"@type\":\"NewsArticle\",\"@id\":\"https:\\\/\\\/fojustice.fr\\\/web\\\/prison-de-basse-terre-rentree-penitentiaire-sous-haute-tension\\\/#article\",\"isPartOf\":{\"@id\":\"https:\\\/\\\/fojustice.fr\\\/web\\\/prison-de-basse-terre-rentree-penitentiaire-sous-haute-tension\\\/\"},\"author\":{\"name\":\"adminfojustice\",\"@id\":\"https:\\\/\\\/fojustice.fr\\\/web\\\/#\\\/schema\\\/person\\\/a51cb9c3495ce0ca62b78fc96ac3bf9f\"},\"headline\":\"Prison de Basse-Terre : Rentr\u00e9e p\u00e9nitentiaire sous haute tension !\",\"datePublished\":\"2026-09-04T15:06:40+00:00\",\"mainEntityOfPage\":{\"@id\":\"https:\\\/\\\/fojustice.fr\\\/web\\\/prison-de-basse-terre-rentree-penitentiaire-sous-haute-tension\\\/\"},\"wordCount\":1478,\"commentCount\":0,\"publisher\":{\"@id\":\"https:\\\/\\\/fojustice.fr\\\/web\\\/#organization\"},\"image\":{\"@id\":\"https:\\\/\\\/fojustice.fr\\\/web\\\/prison-de-basse-terre-rentree-penitentiaire-sous-haute-tension\\\/#primaryimage\"},\"thumbnailUrl\":\"https:\\\/\\\/fojustice.fr\\\/web\\\/wp-content\\\/uploads\\\/2024\\\/11\\\/WhatsApp-Image-2024-11-08-at-19.09.26.jpeg\",\"articleSection\":[\"DOM-TOM\"],\"inLanguage\":\"fr-FR\",\"potentialAction\":[{\"@type\":\"CommentAction\",\"name\":\"Comment\",\"target\":[\"https:\\\/\\\/fojustice.fr\\\/web\\\/prison-de-basse-terre-rentree-penitentiaire-sous-haute-tension\\\/#respond\"]}]},{\"@type\":\"WebPage\",\"@id\":\"https:\\\/\\\/fojustice.fr\\\/web\\\/prison-de-basse-terre-rentree-penitentiaire-sous-haute-tension\\\/\",\"url\":\"https:\\\/\\\/fojustice.fr\\\/web\\\/prison-de-basse-terre-rentree-penitentiaire-sous-haute-tension\\\/\",\"name\":\"Prison de Basse-Terre : Rentr\u00e9e p\u00e9nitentiaire sous haute tension ! - Syndicat FO Justice\",\"isPartOf\":{\"@id\":\"https:\\\/\\\/fojustice.fr\\\/web\\\/#website\"},\"primaryImageOfPage\":{\"@id\":\"https:\\\/\\\/fojustice.fr\\\/web\\\/prison-de-basse-terre-rentree-penitentiaire-sous-haute-tension\\\/#primaryimage\"},\"image\":{\"@id\":\"https:\\\/\\\/fojustice.fr\\\/web\\\/prison-de-basse-terre-rentree-penitentiaire-sous-haute-tension\\\/#primaryimage\"},\"thumbnailUrl\":\"https:\\\/\\\/fojustice.fr\\\/web\\\/wp-content\\\/uploads\\\/2024\\\/11\\\/WhatsApp-Image-2024-11-08-at-19.09.26.jpeg\",\"datePublished\":\"2026-09-04T15:06:40+00:00\",\"description\":\"Syndicat FO Justice - DOM-TOM - Prison de Basse-Terre : Rentr\u00e9e p\u00e9nitentiaire sous haute tension !\",\"breadcrumb\":{\"@id\":\"https:\\\/\\\/fojustice.fr\\\/web\\\/prison-de-basse-terre-rentree-penitentiaire-sous-haute-tension\\\/#breadcrumb\"},\"inLanguage\":\"fr-FR\",\"potentialAction\":[{\"@type\":\"ReadAction\",\"target\":[\"https:\\\/\\\/fojustice.fr\\\/web\\\/prison-de-basse-terre-rentree-penitentiaire-sous-haute-tension\\\/\"]}]},{\"@type\":\"ImageObject\",\"inLanguage\":\"fr-FR\",\"@id\":\"https:\\\/\\\/fojustice.fr\\\/web\\\/prison-de-basse-terre-rentree-penitentiaire-sous-haute-tension\\\/#primaryimage\",\"url\":\"https:\\\/\\\/fojustice.fr\\\/web\\\/wp-content\\\/uploads\\\/2024\\\/11\\\/WhatsApp-Image-2024-11-08-at-19.09.26.jpeg\",\"contentUrl\":\"https:\\\/\\\/fojustice.fr\\\/web\\\/wp-content\\\/uploads\\\/2024\\\/11\\\/WhatsApp-Image-2024-11-08-at-19.09.26.jpeg\",\"width\":1600,\"height\":1200},{\"@type\":\"BreadcrumbList\",\"@id\":\"https:\\\/\\\/fojustice.fr\\\/web\\\/prison-de-basse-terre-rentree-penitentiaire-sous-haute-tension\\\/#breadcrumb\",\"itemListElement\":[{\"@type\":\"ListItem\",\"position\":1,\"name\":\"Accueil\",\"item\":\"https:\\\/\\\/fojustice.fr\\\/web\\\/\"},{\"@type\":\"ListItem\",\"position\":2,\"name\":\"Prison de Basse-Terre : Rentr\u00e9e p\u00e9nitentiaire sous haute tension !\"}]},{\"@type\":\"WebSite\",\"@id\":\"https:\\\/\\\/fojustice.fr\\\/web\\\/#website\",\"url\":\"https:\\\/\\\/fojustice.fr\\\/web\\\/\",\"name\":\"Syndicat FO Justice\",\"description\":\"Site du Syndicat National FO Justice\",\"publisher\":{\"@id\":\"https:\\\/\\\/fojustice.fr\\\/web\\\/#organization\"},\"alternateName\":\"Syndicat National FO Justice\",\"potentialAction\":[{\"@type\":\"SearchAction\",\"target\":{\"@type\":\"EntryPoint\",\"urlTemplate\":\"https:\\\/\\\/fojustice.fr\\\/web\\\/?s={search_term_string}\"},\"query-input\":{\"@type\":\"PropertyValueSpecification\",\"valueRequired\":true,\"valueName\":\"search_term_string\"}}],\"inLanguage\":\"fr-FR\"},{\"@type\":\"Organization\",\"@id\":\"https:\\\/\\\/fojustice.fr\\\/web\\\/#organization\",\"name\":\"Syndicat National FO Justice\",\"alternateName\":\"Syndicat National FO Justice\",\"url\":\"https:\\\/\\\/fojustice.fr\\\/web\\\/\",\"logo\":{\"@type\":\"ImageObject\",\"inLanguage\":\"fr-FR\",\"@id\":\"https:\\\/\\\/fojustice.fr\\\/web\\\/#\\\/schema\\\/logo\\\/image\\\/\",\"url\":\"https:\\\/\\\/fojustice.fr\\\/web\\\/wp-content\\\/uploads\\\/2022\\\/03\\\/logo-fo-justice.png\",\"contentUrl\":\"https:\\\/\\\/fojustice.fr\\\/web\\\/wp-content\\\/uploads\\\/2022\\\/03\\\/logo-fo-justice.png\",\"width\":800,\"height\":800,\"caption\":\"Syndicat National FO Justice\"},\"image\":{\"@id\":\"https:\\\/\\\/fojustice.fr\\\/web\\\/#\\\/schema\\\/logo\\\/image\\\/\"},\"sameAs\":[\"https:\\\/\\\/www.facebook.com\\\/SyndicatFoJustice\",\"https:\\\/\\\/x.com\\\/SyndFoJustice\"]},{\"@type\":\"Person\",\"@id\":\"https:\\\/\\\/fojustice.fr\\\/web\\\/#\\\/schema\\\/person\\\/a51cb9c3495ce0ca62b78fc96ac3bf9f\",\"name\":\"adminfojustice\",\"image\":{\"@type\":\"ImageObject\",\"inLanguage\":\"fr-FR\",\"@id\":\"https:\\\/\\\/secure.gravatar.com\\\/avatar\\\/368884c0ecc46e53d83c0c3c0af4c6c30a6bbc2aab7535848950f43a950bfd4e?s=96&d=mm&r=g\",\"url\":\"https:\\\/\\\/secure.gravatar.com\\\/avatar\\\/368884c0ecc46e53d83c0c3c0af4c6c30a6bbc2aab7535848950f43a950bfd4e?s=96&d=mm&r=g\",\"contentUrl\":\"https:\\\/\\\/secure.gravatar.com\\\/avatar\\\/368884c0ecc46e53d83c0c3c0af4c6c30a6bbc2aab7535848950f43a950bfd4e?s=96&d=mm&r=g\",\"caption\":\"adminfojustice\"},\"sameAs\":[\"https:\\\/\\\/www.fojustice.fr\\\/web\"],\"url\":\"https:\\\/\\\/fojustice.fr\\\/web\\\/author\\\/adminfojustice\\\/\"}]}<\/script>\n<!-- \/ Yoast SEO plugin. -->","yoast_head_json":{"title":"Prison de Basse-Terre : Rentr\u00e9e p\u00e9nitentiaire sous haute tension ! - Syndicat FO Justice","description":"Syndicat FO Justice - DOM-TOM - Prison de Basse-Terre : Rentr\u00e9e p\u00e9nitentiaire sous haute tension !","robots":{"index":"index","follow":"follow","max-snippet":"max-snippet:-1","max-image-preview":"max-image-preview:large","max-video-preview":"max-video-preview:-1"},"canonical":"https:\/\/fojustice.fr\/web\/prison-de-basse-terre-rentree-penitentiaire-sous-haute-tension\/","og_locale":"fr_FR","og_type":"article","og_title":"Prison de Basse-Terre : Rentr\u00e9e p\u00e9nitentiaire sous haute tension ! - Syndicat FO Justice","og_description":"Syndicat FO Justice - DOM-TOM - Prison de Basse-Terre : Rentr\u00e9e p\u00e9nitentiaire sous haute tension !","og_url":"https:\/\/fojustice.fr\/web\/prison-de-basse-terre-rentree-penitentiaire-sous-haute-tension\/","og_site_name":"Syndicat FO Justice","article_publisher":"https:\/\/www.facebook.com\/SyndicatFoJustice","article_published_time":"2026-09-04T15:06:40+00:00","og_image":[{"width":1600,"height":1200,"url":"https:\/\/fojustice.fr\/web\/wp-content\/uploads\/2024\/11\/WhatsApp-Image-2024-11-08-at-19.09.26.jpeg","type":"image\/jpeg"}],"author":"adminfojustice","twitter_card":"summary_large_image","twitter_creator":"@SyndFoJustice","twitter_site":"@SyndFoJustice","twitter_misc":{"\u00c9crit par":"adminfojustice","Dur\u00e9e de lecture estim\u00e9e":"7 minutes"},"schema":{"@context":"https:\/\/schema.org","@graph":[{"@type":"NewsArticle","@id":"https:\/\/fojustice.fr\/web\/prison-de-basse-terre-rentree-penitentiaire-sous-haute-tension\/#article","isPartOf":{"@id":"https:\/\/fojustice.fr\/web\/prison-de-basse-terre-rentree-penitentiaire-sous-haute-tension\/"},"author":{"name":"adminfojustice","@id":"https:\/\/fojustice.fr\/web\/#\/schema\/person\/a51cb9c3495ce0ca62b78fc96ac3bf9f"},"headline":"Prison de Basse-Terre : Rentr\u00e9e p\u00e9nitentiaire sous haute tension !","datePublished":"2026-09-04T15:06:40+00:00","mainEntityOfPage":{"@id":"https:\/\/fojustice.fr\/web\/prison-de-basse-terre-rentree-penitentiaire-sous-haute-tension\/"},"wordCount":1478,"commentCount":0,"publisher":{"@id":"https:\/\/fojustice.fr\/web\/#organization"},"image":{"@id":"https:\/\/fojustice.fr\/web\/prison-de-basse-terre-rentree-penitentiaire-sous-haute-tension\/#primaryimage"},"thumbnailUrl":"https:\/\/fojustice.fr\/web\/wp-content\/uploads\/2024\/11\/WhatsApp-Image-2024-11-08-at-19.09.26.jpeg","articleSection":["DOM-TOM"],"inLanguage":"fr-FR","potentialAction":[{"@type":"CommentAction","name":"Comment","target":["https:\/\/fojustice.fr\/web\/prison-de-basse-terre-rentree-penitentiaire-sous-haute-tension\/#respond"]}]},{"@type":"WebPage","@id":"https:\/\/fojustice.fr\/web\/prison-de-basse-terre-rentree-penitentiaire-sous-haute-tension\/","url":"https:\/\/fojustice.fr\/web\/prison-de-basse-terre-rentree-penitentiaire-sous-haute-tension\/","name":"Prison de Basse-Terre : Rentr\u00e9e p\u00e9nitentiaire sous haute tension ! - Syndicat FO Justice","isPartOf":{"@id":"https:\/\/fojustice.fr\/web\/#website"},"primaryImageOfPage":{"@id":"https:\/\/fojustice.fr\/web\/prison-de-basse-terre-rentree-penitentiaire-sous-haute-tension\/#primaryimage"},"image":{"@id":"https:\/\/fojustice.fr\/web\/prison-de-basse-terre-rentree-penitentiaire-sous-haute-tension\/#primaryimage"},"thumbnailUrl":"https:\/\/fojustice.fr\/web\/wp-content\/uploads\/2024\/11\/WhatsApp-Image-2024-11-08-at-19.09.26.jpeg","datePublished":"2026-09-04T15:06:40+00:00","description":"Syndicat FO Justice - DOM-TOM - Prison de Basse-Terre : Rentr\u00e9e p\u00e9nitentiaire sous haute tension !","breadcrumb":{"@id":"https:\/\/fojustice.fr\/web\/prison-de-basse-terre-rentree-penitentiaire-sous-haute-tension\/#breadcrumb"},"inLanguage":"fr-FR","potentialAction":[{"@type":"ReadAction","target":["https:\/\/fojustice.fr\/web\/prison-de-basse-terre-rentree-penitentiaire-sous-haute-tension\/"]}]},{"@type":"ImageObject","inLanguage":"fr-FR","@id":"https:\/\/fojustice.fr\/web\/prison-de-basse-terre-rentree-penitentiaire-sous-haute-tension\/#primaryimage","url":"https:\/\/fojustice.fr\/web\/wp-content\/uploads\/2024\/11\/WhatsApp-Image-2024-11-08-at-19.09.26.jpeg","contentUrl":"https:\/\/fojustice.fr\/web\/wp-content\/uploads\/2024\/11\/WhatsApp-Image-2024-11-08-at-19.09.26.jpeg","width":1600,"height":1200},{"@type":"BreadcrumbList","@id":"https:\/\/fojustice.fr\/web\/prison-de-basse-terre-rentree-penitentiaire-sous-haute-tension\/#breadcrumb","itemListElement":[{"@type":"ListItem","position":1,"name":"Accueil","item":"https:\/\/fojustice.fr\/web\/"},{"@type":"ListItem","position":2,"name":"Prison de Basse-Terre : Rentr\u00e9e p\u00e9nitentiaire sous haute tension !"}]},{"@type":"WebSite","@id":"https:\/\/fojustice.fr\/web\/#website","url":"https:\/\/fojustice.fr\/web\/","name":"Syndicat FO Justice","description":"Site du Syndicat National FO Justice","publisher":{"@id":"https:\/\/fojustice.fr\/web\/#organization"},"alternateName":"Syndicat National FO Justice","potentialAction":[{"@type":"SearchAction","target":{"@type":"EntryPoint","urlTemplate":"https:\/\/fojustice.fr\/web\/?s={search_term_string}"},"query-input":{"@type":"PropertyValueSpecification","valueRequired":true,"valueName":"search_term_string"}}],"inLanguage":"fr-FR"},{"@type":"Organization","@id":"https:\/\/fojustice.fr\/web\/#organization","name":"Syndicat National FO Justice","alternateName":"Syndicat National FO Justice","url":"https:\/\/fojustice.fr\/web\/","logo":{"@type":"ImageObject","inLanguage":"fr-FR","@id":"https:\/\/fojustice.fr\/web\/#\/schema\/logo\/image\/","url":"https:\/\/fojustice.fr\/web\/wp-content\/uploads\/2022\/03\/logo-fo-justice.png","contentUrl":"https:\/\/fojustice.fr\/web\/wp-content\/uploads\/2022\/03\/logo-fo-justice.png","width":800,"height":800,"caption":"Syndicat National FO Justice"},"image":{"@id":"https:\/\/fojustice.fr\/web\/#\/schema\/logo\/image\/"},"sameAs":["https:\/\/www.facebook.com\/SyndicatFoJustice","https:\/\/x.com\/SyndFoJustice"]},{"@type":"Person","@id":"https:\/\/fojustice.fr\/web\/#\/schema\/person\/a51cb9c3495ce0ca62b78fc96ac3bf9f","name":"adminfojustice","image":{"@type":"ImageObject","inLanguage":"fr-FR","@id":"https:\/\/secure.gravatar.com\/avatar\/368884c0ecc46e53d83c0c3c0af4c6c30a6bbc2aab7535848950f43a950bfd4e?s=96&d=mm&r=g","url":"https:\/\/secure.gravatar.com\/avatar\/368884c0ecc46e53d83c0c3c0af4c6c30a6bbc2aab7535848950f43a950bfd4e?s=96&d=mm&r=g","contentUrl":"https:\/\/secure.gravatar.com\/avatar\/368884c0ecc46e53d83c0c3c0af4c6c30a6bbc2aab7535848950f43a950bfd4e?s=96&d=mm&r=g","caption":"adminfojustice"},"sameAs":["https:\/\/www.fojustice.fr\/web"],"url":"https:\/\/fojustice.fr\/web\/author\/adminfojustice\/"}]}},"jetpack_shortlink":"https:\/\/wp.me\/pdNWl1-drs","jetpack_sharing_enabled":true,"jetpack_featured_media_url":"https:\/\/fojustice.fr\/web\/wp-content\/uploads\/2024\/11\/WhatsApp-Image-2024-11-08-at-19.09.26.jpeg","_links":{"self":[{"href":"https:\/\/fojustice.fr\/web\/wp-json\/wp\/v2\/posts\/51674","targetHints":{"allow":["GET"]}}],"collection":[{"href":"https:\/\/fojustice.fr\/web\/wp-json\/wp\/v2\/posts"}],"about":[{"href":"https:\/\/fojustice.fr\/web\/wp-json\/wp\/v2\/types\/post"}],"author":[{"embeddable":true,"href":"https:\/\/fojustice.fr\/web\/wp-json\/wp\/v2\/users\/1"}],"replies":[{"embeddable":true,"href":"https:\/\/fojustice.fr\/web\/wp-json\/wp\/v2\/comments?post=51674"}],"version-history":[{"count":1,"href":"https:\/\/fojustice.fr\/web\/wp-json\/wp\/v2\/posts\/51674\/revisions"}],"predecessor-version":[{"id":51676,"href":"https:\/\/fojustice.fr\/web\/wp-json\/wp\/v2\/posts\/51674\/revisions\/51676"}],"wp:featuredmedia":[{"embeddable":true,"href":"https:\/\/fojustice.fr\/web\/wp-json\/wp\/v2\/media\/28366"}],"wp:attachment":[{"href":"https:\/\/fojustice.fr\/web\/wp-json\/wp\/v2\/media?parent=51674"}],"wp:term":[{"taxonomy":"category","embeddable":true,"href":"https:\/\/fojustice.fr\/web\/wp-json\/wp\/v2\/categories?post=51674"},{"taxonomy":"post_tag","embeddable":true,"href":"https:\/\/fojustice.fr\/web\/wp-json\/wp\/v2\/tags?post=51674"}],"curies":[{"name":"wp","href":"https:\/\/api.w.org\/{rel}","templated":true}]}}