{"id":51668,"date":"2026-09-04T15:10:32","date_gmt":"2026-09-04T13:10:32","guid":{"rendered":"https:\/\/fojustice.fr\/web\/?p=51668"},"modified":"2026-09-04T15:10:32","modified_gmt":"2026-09-04T13:10:32","slug":"prison-de-conde-sur-sarthe-le-conseil-detat-a-rendu-sa-decision-concernant-le-cp","status":"publish","type":"post","link":"https:\/\/fojustice.fr\/web\/prison-de-conde-sur-sarthe-le-conseil-detat-a-rendu-sa-decision-concernant-le-cp\/","title":{"rendered":"Prison de Cond\u00e9-sur-Sarthe : Le Conseil d&#8217;\u00c9tat a rendu sa d\u00e9cision concernant le CP"},"content":{"rendered":"<p class=\"p1\">Toutefois, une phrase nous interpelle. Le pr\u00e9sident de l\u2019OIP, Matthieu Quinquis, se f\u00e9licite d\u2019une d\u00e9cision qui \u00ab donne du cr\u00e9dit \u00e0 la parole des personnes d\u00e9tenues concern\u00e9es \u00bb. Tr\u00e8s bien. Mais une question demeure : <strong>qui donne du cr\u00e9dit \u00e0 la parole des surveillants ?<\/strong> (Pour rappel, soumis \u00e0 assermentation)<\/p>\n<p class=\"p1\">Depuis des mois, nos coll\u00e8gues sont montr\u00e9s du doigt, accus\u00e9s, soup\u00e7onn\u00e9s et stigmatis\u00e9s. Comme si la parole des d\u00e9tenus devait syst\u00e9matiquement \u00eatre consid\u00e9r\u00e9e comme cr\u00e9dible, tandis que celle des personnels serait syst\u00e9matiquement mise en doute.<strong> <span class=\"s1\"><span style=\"color: #ff0000;\">Le bureau local Force Ouvri\u00e8re JUSTICE<\/span> <\/span>dit stop \u00e0 cette vision caricaturale !<\/strong> Un t\u00e9moignage doit \u00eatre entendu, mais il doit \u00e9galement \u00eatre v\u00e9rifi\u00e9. Une accusation doit \u00eatre examin\u00e9e, mais elle ne doit jamais devenir une condamnation m\u00e9diatique.<\/p>\n<p class=\"p1\">Le Conseil d\u2019\u00c9tat n\u2019a pas condamn\u00e9 collectivement les personnels de Cond\u00e9-sur-Sarthe et n\u2019a pas \u00e9tabli la r\u00e9alit\u00e9 de l\u2019ensemble des faits d\u00e9nonc\u00e9s. Il a rappel\u00e9 les obligations de l\u2019administration en mati\u00e8re de d\u00e9ontologie. <strong>Alors cessons les raccourcis et les amalgames !<\/strong> Nos coll\u00e8gues exercent dans un \u00e9tablissement accueillant certains des d\u00e9tenus les plus dangereux du pays. Ils prennent quotidiennement des risques et subissent insultes, menaces, agressions et pression permanente. Malgr\u00e9 cela, ils continuent \u00e0 tenir leur poste et \u00e0 assurer leur mission.<\/p>\n<p class=\"p1\">Et qui d\u00e9fend les surveillants lorsque certains se permettent de les traiter publiquement <strong>d\u2019\u00ab ordures \u00bb ? <span class=\"s1\" style=\"color: #ff0000;\">Le bureau local Force Ouvri\u00e8re JUSTICE <\/span>n\u2019oublie pas les propos tenus par Dominique Simonnot dans C \u00e0 vous.<\/strong> On exige des surveillants respect, ma\u00eetrise et professionnalisme. Ceux qui pr\u00e9tendent d\u00e9fendre les droits et la dignit\u00e9 devraient commencer par appliquer ces m\u00eames principes aux personnels p\u00e9nitentiaires. <strong>La dignit\u00e9 ne peut pas \u00eatre \u00e0 g\u00e9om\u00e9trie variable.<\/strong><\/p>\n<p class=\"p1\">La parole d\u2019un d\u00e9tenu doit \u00eatre entendue.<strong> Celle d\u2019un surveillant aussi.<\/strong> Les droits des personnes d\u00e9tenues doivent \u00eatre respect\u00e9s, tout comme les droits et la dignit\u00e9 des personnels. <span style=\"color: #ff0000;\"><strong>FO JUSTICE<\/strong> <\/span>ne r\u00e9clame aucune impunit\u00e9 : <strong>nous r\u00e9clamons l\u2019\u00e9quit\u00e9.<\/strong> Un agent fautif doit r\u00e9pondre de ses actes, mais un agent injustement accus\u00e9 doit \u00e9galement \u00eatre d\u00e9fendu.<\/p>\n<p class=\"p1\"><strong>ASSEZ DE LA PR\u00c9SOMPTION DE CULPABILIT\u00c9 CONTRE NOS COLL\u00c8GUES ! \u00c0 Cond\u00e9-sur-Sarthe, les personnels ne sont pas le probl\u00e8me. Ils sont aussi une partie de la solution.<\/strong><\/p>\n<p><a href=\"https:\/\/fojustice.fr\/web\/wp-content\/uploads\/2026\/09\/Le-conseil-detat-a-rendu-sa-decision.pdf\">Lire le communiqu\u00e9<\/a><\/p>\n","protected":false},"excerpt":{"rendered":"<p>Toutefois, une phrase nous interpelle. Le pr\u00e9sident de l\u2019OIP, Matthieu Quinquis, se f\u00e9licite d\u2019une d\u00e9cision qui \u00ab donne du cr\u00e9dit \u00e0 la parole des personnes d\u00e9tenues concern\u00e9es \u00bb. Tr\u00e8s bien. Mais une question demeure : qui donne du cr\u00e9dit \u00e0 la parole des surveillants ? (Pour rappel, soumis \u00e0 assermentation) Depuis des mois, nos coll\u00e8gues [&hellip;]<\/p>\n","protected":false},"author":1,"featured_media":3309,"comment_status":"open","ping_status":"open","sticky":false,"template":"","format":"standard","meta":{"_jetpack_newsletter_access":"","_jetpack_dont_email_post_to_subs":true,"_jetpack_newsletter_tier_id":0,"_jetpack_memberships_contains_paywalled_content":false,"page_builder":"","_jetpack_feature_clip_id":0,"_jetpack_memberships_contains_paid_content":false,"footnotes":"","jetpack_post_was_ever_published":false,"_members_access_role":[],"_members_access_error":""},"categories":[35],"tags":[],"class_list":["post-51668","post","type-post","status-publish","format-standard","has-post-thumbnail","hentry","category-disp-rennes"],"yoast_head":"<!-- This site is optimized with the Yoast SEO plugin v28.4 - https:\/\/yoast.com\/product\/yoast-seo-wordpress\/ -->\n<title>Prison de Cond\u00e9-sur-Sarthe : Le Conseil d&#039;\u00c9tat a rendu sa d\u00e9cision concernant le CP - Syndicat FO Justice<\/title>\n<meta name=\"description\" content=\"Syndicat FO Justice - DISP Rennes - Prison de Cond\u00e9-sur-Sarthe : Le Conseil d&#039;\u00c9tat a rendu sa d\u00e9cision concernant le CP\" \/>\n<meta name=\"robots\" content=\"index, follow, max-snippet:-1, max-image-preview:large, max-video-preview:-1\" \/>\n<link rel=\"canonical\" href=\"https:\/\/fojustice.fr\/web\/prison-de-conde-sur-sarthe-le-conseil-detat-a-rendu-sa-decision-concernant-le-cp\/\" \/>\n<meta property=\"og:locale\" content=\"fr_FR\" \/>\n<meta property=\"og:type\" content=\"article\" \/>\n<meta property=\"og:title\" content=\"Prison de Cond\u00e9-sur-Sarthe : Le Conseil d&#039;\u00c9tat a rendu sa d\u00e9cision concernant le CP - Syndicat FO Justice\" \/>\n<meta property=\"og:description\" content=\"Syndicat FO Justice - DISP Rennes - Prison de Cond\u00e9-sur-Sarthe : Le Conseil d&#039;\u00c9tat a rendu sa d\u00e9cision concernant le CP\" \/>\n<meta property=\"og:url\" content=\"https:\/\/fojustice.fr\/web\/prison-de-conde-sur-sarthe-le-conseil-detat-a-rendu-sa-decision-concernant-le-cp\/\" \/>\n<meta property=\"og:site_name\" content=\"Syndicat FO Justice\" \/>\n<meta property=\"article:publisher\" content=\"https:\/\/www.facebook.com\/SyndicatFoJustice\" \/>\n<meta property=\"article:published_time\" content=\"2026-09-04T13:10:32+00:00\" \/>\n<meta property=\"og:image\" content=\"https:\/\/fojustice.fr\/web\/wp-content\/uploads\/2022\/04\/prison-de-conde-sur-sarthe.jpeg\" \/>\n\t<meta property=\"og:image:width\" content=\"1797\" \/>\n\t<meta property=\"og:image:height\" content=\"1196\" \/>\n\t<meta property=\"og:image:type\" content=\"image\/jpeg\" \/>\n<meta name=\"author\" content=\"adminfojustice\" \/>\n<meta name=\"twitter:card\" content=\"summary_large_image\" \/>\n<meta name=\"twitter:creator\" content=\"@SyndFoJustice\" \/>\n<meta name=\"twitter:site\" content=\"@SyndFoJustice\" \/>\n<meta name=\"twitter:label1\" content=\"\u00c9crit par\" \/>\n\t<meta name=\"twitter:data1\" content=\"adminfojustice\" \/>\n\t<meta name=\"twitter:label2\" content=\"Dur\u00e9e de lecture estim\u00e9e\" \/>\n\t<meta name=\"twitter:data2\" content=\"2 minutes\" \/>\n<script type=\"application\/ld+json\" class=\"yoast-schema-graph\">{\"@context\":\"https:\\\/\\\/schema.org\",\"@graph\":[{\"@type\":\"NewsArticle\",\"@id\":\"https:\\\/\\\/fojustice.fr\\\/web\\\/prison-de-conde-sur-sarthe-le-conseil-detat-a-rendu-sa-decision-concernant-le-cp\\\/#article\",\"isPartOf\":{\"@id\":\"https:\\\/\\\/fojustice.fr\\\/web\\\/prison-de-conde-sur-sarthe-le-conseil-detat-a-rendu-sa-decision-concernant-le-cp\\\/\"},\"author\":{\"name\":\"adminfojustice\",\"@id\":\"https:\\\/\\\/fojustice.fr\\\/web\\\/#\\\/schema\\\/person\\\/a51cb9c3495ce0ca62b78fc96ac3bf9f\"},\"headline\":\"Prison de Cond\u00e9-sur-Sarthe : Le Conseil d&#8217;\u00c9tat a rendu sa d\u00e9cision concernant le CP\",\"datePublished\":\"2026-09-04T13:10:32+00:00\",\"mainEntityOfPage\":{\"@id\":\"https:\\\/\\\/fojustice.fr\\\/web\\\/prison-de-conde-sur-sarthe-le-conseil-detat-a-rendu-sa-decision-concernant-le-cp\\\/\"},\"wordCount\":422,\"commentCount\":0,\"publisher\":{\"@id\":\"https:\\\/\\\/fojustice.fr\\\/web\\\/#organization\"},\"image\":{\"@id\":\"https:\\\/\\\/fojustice.fr\\\/web\\\/prison-de-conde-sur-sarthe-le-conseil-detat-a-rendu-sa-decision-concernant-le-cp\\\/#primaryimage\"},\"thumbnailUrl\":\"https:\\\/\\\/fojustice.fr\\\/web\\\/wp-content\\\/uploads\\\/2022\\\/04\\\/prison-de-conde-sur-sarthe.jpeg\",\"articleSection\":[\"DISP Rennes\"],\"inLanguage\":\"fr-FR\",\"potentialAction\":[{\"@type\":\"CommentAction\",\"name\":\"Comment\",\"target\":[\"https:\\\/\\\/fojustice.fr\\\/web\\\/prison-de-conde-sur-sarthe-le-conseil-detat-a-rendu-sa-decision-concernant-le-cp\\\/#respond\"]}]},{\"@type\":\"WebPage\",\"@id\":\"https:\\\/\\\/fojustice.fr\\\/web\\\/prison-de-conde-sur-sarthe-le-conseil-detat-a-rendu-sa-decision-concernant-le-cp\\\/\",\"url\":\"https:\\\/\\\/fojustice.fr\\\/web\\\/prison-de-conde-sur-sarthe-le-conseil-detat-a-rendu-sa-decision-concernant-le-cp\\\/\",\"name\":\"Prison de Cond\u00e9-sur-Sarthe : Le Conseil d'\u00c9tat a rendu sa d\u00e9cision concernant le CP - Syndicat FO Justice\",\"isPartOf\":{\"@id\":\"https:\\\/\\\/fojustice.fr\\\/web\\\/#website\"},\"primaryImageOfPage\":{\"@id\":\"https:\\\/\\\/fojustice.fr\\\/web\\\/prison-de-conde-sur-sarthe-le-conseil-detat-a-rendu-sa-decision-concernant-le-cp\\\/#primaryimage\"},\"image\":{\"@id\":\"https:\\\/\\\/fojustice.fr\\\/web\\\/prison-de-conde-sur-sarthe-le-conseil-detat-a-rendu-sa-decision-concernant-le-cp\\\/#primaryimage\"},\"thumbnailUrl\":\"https:\\\/\\\/fojustice.fr\\\/web\\\/wp-content\\\/uploads\\\/2022\\\/04\\\/prison-de-conde-sur-sarthe.jpeg\",\"datePublished\":\"2026-09-04T13:10:32+00:00\",\"description\":\"Syndicat FO Justice - DISP Rennes - Prison de Cond\u00e9-sur-Sarthe : Le Conseil d'\u00c9tat a rendu sa d\u00e9cision concernant le CP\",\"breadcrumb\":{\"@id\":\"https:\\\/\\\/fojustice.fr\\\/web\\\/prison-de-conde-sur-sarthe-le-conseil-detat-a-rendu-sa-decision-concernant-le-cp\\\/#breadcrumb\"},\"inLanguage\":\"fr-FR\",\"potentialAction\":[{\"@type\":\"ReadAction\",\"target\":[\"https:\\\/\\\/fojustice.fr\\\/web\\\/prison-de-conde-sur-sarthe-le-conseil-detat-a-rendu-sa-decision-concernant-le-cp\\\/\"]}]},{\"@type\":\"ImageObject\",\"inLanguage\":\"fr-FR\",\"@id\":\"https:\\\/\\\/fojustice.fr\\\/web\\\/prison-de-conde-sur-sarthe-le-conseil-detat-a-rendu-sa-decision-concernant-le-cp\\\/#primaryimage\",\"url\":\"https:\\\/\\\/fojustice.fr\\\/web\\\/wp-content\\\/uploads\\\/2022\\\/04\\\/prison-de-conde-sur-sarthe.jpeg\",\"contentUrl\":\"https:\\\/\\\/fojustice.fr\\\/web\\\/wp-content\\\/uploads\\\/2022\\\/04\\\/prison-de-conde-sur-sarthe.jpeg\",\"width\":1797,\"height\":1196},{\"@type\":\"BreadcrumbList\",\"@id\":\"https:\\\/\\\/fojustice.fr\\\/web\\\/prison-de-conde-sur-sarthe-le-conseil-detat-a-rendu-sa-decision-concernant-le-cp\\\/#breadcrumb\",\"itemListElement\":[{\"@type\":\"ListItem\",\"position\":1,\"name\":\"Accueil\",\"item\":\"https:\\\/\\\/fojustice.fr\\\/web\\\/\"},{\"@type\":\"ListItem\",\"position\":2,\"name\":\"Prison de Cond\u00e9-sur-Sarthe : Le Conseil d&#8217;\u00c9tat a rendu sa d\u00e9cision concernant le CP\"}]},{\"@type\":\"WebSite\",\"@id\":\"https:\\\/\\\/fojustice.fr\\\/web\\\/#website\",\"url\":\"https:\\\/\\\/fojustice.fr\\\/web\\\/\",\"name\":\"Syndicat FO Justice\",\"description\":\"Site du Syndicat National FO Justice\",\"publisher\":{\"@id\":\"https:\\\/\\\/fojustice.fr\\\/web\\\/#organization\"},\"alternateName\":\"Syndicat National FO Justice\",\"potentialAction\":[{\"@type\":\"SearchAction\",\"target\":{\"@type\":\"EntryPoint\",\"urlTemplate\":\"https:\\\/\\\/fojustice.fr\\\/web\\\/?s={search_term_string}\"},\"query-input\":{\"@type\":\"PropertyValueSpecification\",\"valueRequired\":true,\"valueName\":\"search_term_string\"}}],\"inLanguage\":\"fr-FR\"},{\"@type\":\"Organization\",\"@id\":\"https:\\\/\\\/fojustice.fr\\\/web\\\/#organization\",\"name\":\"Syndicat National FO Justice\",\"alternateName\":\"Syndicat National FO Justice\",\"url\":\"https:\\\/\\\/fojustice.fr\\\/web\\\/\",\"logo\":{\"@type\":\"ImageObject\",\"inLanguage\":\"fr-FR\",\"@id\":\"https:\\\/\\\/fojustice.fr\\\/web\\\/#\\\/schema\\\/logo\\\/image\\\/\",\"url\":\"https:\\\/\\\/fojustice.fr\\\/web\\\/wp-content\\\/uploads\\\/2022\\\/03\\\/logo-fo-justice.png\",\"contentUrl\":\"https:\\\/\\\/fojustice.fr\\\/web\\\/wp-content\\\/uploads\\\/2022\\\/03\\\/logo-fo-justice.png\",\"width\":800,\"height\":800,\"caption\":\"Syndicat National FO Justice\"},\"image\":{\"@id\":\"https:\\\/\\\/fojustice.fr\\\/web\\\/#\\\/schema\\\/logo\\\/image\\\/\"},\"sameAs\":[\"https:\\\/\\\/www.facebook.com\\\/SyndicatFoJustice\",\"https:\\\/\\\/x.com\\\/SyndFoJustice\"]},{\"@type\":\"Person\",\"@id\":\"https:\\\/\\\/fojustice.fr\\\/web\\\/#\\\/schema\\\/person\\\/a51cb9c3495ce0ca62b78fc96ac3bf9f\",\"name\":\"adminfojustice\",\"image\":{\"@type\":\"ImageObject\",\"inLanguage\":\"fr-FR\",\"@id\":\"https:\\\/\\\/secure.gravatar.com\\\/avatar\\\/368884c0ecc46e53d83c0c3c0af4c6c30a6bbc2aab7535848950f43a950bfd4e?s=96&d=mm&r=g\",\"url\":\"https:\\\/\\\/secure.gravatar.com\\\/avatar\\\/368884c0ecc46e53d83c0c3c0af4c6c30a6bbc2aab7535848950f43a950bfd4e?s=96&d=mm&r=g\",\"contentUrl\":\"https:\\\/\\\/secure.gravatar.com\\\/avatar\\\/368884c0ecc46e53d83c0c3c0af4c6c30a6bbc2aab7535848950f43a950bfd4e?s=96&d=mm&r=g\",\"caption\":\"adminfojustice\"},\"sameAs\":[\"https:\\\/\\\/www.fojustice.fr\\\/web\"],\"url\":\"https:\\\/\\\/fojustice.fr\\\/web\\\/author\\\/adminfojustice\\\/\"}]}<\/script>\n<!-- \/ Yoast SEO plugin. -->","yoast_head_json":{"title":"Prison de Cond\u00e9-sur-Sarthe : Le Conseil d'\u00c9tat a rendu sa d\u00e9cision concernant le CP - Syndicat FO Justice","description":"Syndicat FO Justice - DISP Rennes - Prison de Cond\u00e9-sur-Sarthe : Le Conseil d'\u00c9tat a rendu sa d\u00e9cision concernant le CP","robots":{"index":"index","follow":"follow","max-snippet":"max-snippet:-1","max-image-preview":"max-image-preview:large","max-video-preview":"max-video-preview:-1"},"canonical":"https:\/\/fojustice.fr\/web\/prison-de-conde-sur-sarthe-le-conseil-detat-a-rendu-sa-decision-concernant-le-cp\/","og_locale":"fr_FR","og_type":"article","og_title":"Prison de Cond\u00e9-sur-Sarthe : Le Conseil d'\u00c9tat a rendu sa d\u00e9cision concernant le CP - Syndicat FO Justice","og_description":"Syndicat FO Justice - DISP Rennes - Prison de Cond\u00e9-sur-Sarthe : Le Conseil d'\u00c9tat a rendu sa d\u00e9cision concernant le CP","og_url":"https:\/\/fojustice.fr\/web\/prison-de-conde-sur-sarthe-le-conseil-detat-a-rendu-sa-decision-concernant-le-cp\/","og_site_name":"Syndicat FO Justice","article_publisher":"https:\/\/www.facebook.com\/SyndicatFoJustice","article_published_time":"2026-09-04T13:10:32+00:00","og_image":[{"width":1797,"height":1196,"url":"https:\/\/fojustice.fr\/web\/wp-content\/uploads\/2022\/04\/prison-de-conde-sur-sarthe.jpeg","type":"image\/jpeg"}],"author":"adminfojustice","twitter_card":"summary_large_image","twitter_creator":"@SyndFoJustice","twitter_site":"@SyndFoJustice","twitter_misc":{"\u00c9crit par":"adminfojustice","Dur\u00e9e de lecture estim\u00e9e":"2 minutes"},"schema":{"@context":"https:\/\/schema.org","@graph":[{"@type":"NewsArticle","@id":"https:\/\/fojustice.fr\/web\/prison-de-conde-sur-sarthe-le-conseil-detat-a-rendu-sa-decision-concernant-le-cp\/#article","isPartOf":{"@id":"https:\/\/fojustice.fr\/web\/prison-de-conde-sur-sarthe-le-conseil-detat-a-rendu-sa-decision-concernant-le-cp\/"},"author":{"name":"adminfojustice","@id":"https:\/\/fojustice.fr\/web\/#\/schema\/person\/a51cb9c3495ce0ca62b78fc96ac3bf9f"},"headline":"Prison de Cond\u00e9-sur-Sarthe : Le Conseil d&#8217;\u00c9tat a rendu sa d\u00e9cision concernant le CP","datePublished":"2026-09-04T13:10:32+00:00","mainEntityOfPage":{"@id":"https:\/\/fojustice.fr\/web\/prison-de-conde-sur-sarthe-le-conseil-detat-a-rendu-sa-decision-concernant-le-cp\/"},"wordCount":422,"commentCount":0,"publisher":{"@id":"https:\/\/fojustice.fr\/web\/#organization"},"image":{"@id":"https:\/\/fojustice.fr\/web\/prison-de-conde-sur-sarthe-le-conseil-detat-a-rendu-sa-decision-concernant-le-cp\/#primaryimage"},"thumbnailUrl":"https:\/\/fojustice.fr\/web\/wp-content\/uploads\/2022\/04\/prison-de-conde-sur-sarthe.jpeg","articleSection":["DISP Rennes"],"inLanguage":"fr-FR","potentialAction":[{"@type":"CommentAction","name":"Comment","target":["https:\/\/fojustice.fr\/web\/prison-de-conde-sur-sarthe-le-conseil-detat-a-rendu-sa-decision-concernant-le-cp\/#respond"]}]},{"@type":"WebPage","@id":"https:\/\/fojustice.fr\/web\/prison-de-conde-sur-sarthe-le-conseil-detat-a-rendu-sa-decision-concernant-le-cp\/","url":"https:\/\/fojustice.fr\/web\/prison-de-conde-sur-sarthe-le-conseil-detat-a-rendu-sa-decision-concernant-le-cp\/","name":"Prison de Cond\u00e9-sur-Sarthe : Le Conseil d'\u00c9tat a rendu sa d\u00e9cision concernant le CP - Syndicat FO Justice","isPartOf":{"@id":"https:\/\/fojustice.fr\/web\/#website"},"primaryImageOfPage":{"@id":"https:\/\/fojustice.fr\/web\/prison-de-conde-sur-sarthe-le-conseil-detat-a-rendu-sa-decision-concernant-le-cp\/#primaryimage"},"image":{"@id":"https:\/\/fojustice.fr\/web\/prison-de-conde-sur-sarthe-le-conseil-detat-a-rendu-sa-decision-concernant-le-cp\/#primaryimage"},"thumbnailUrl":"https:\/\/fojustice.fr\/web\/wp-content\/uploads\/2022\/04\/prison-de-conde-sur-sarthe.jpeg","datePublished":"2026-09-04T13:10:32+00:00","description":"Syndicat FO Justice - DISP Rennes - Prison de Cond\u00e9-sur-Sarthe : Le Conseil d'\u00c9tat a rendu sa d\u00e9cision concernant le CP","breadcrumb":{"@id":"https:\/\/fojustice.fr\/web\/prison-de-conde-sur-sarthe-le-conseil-detat-a-rendu-sa-decision-concernant-le-cp\/#breadcrumb"},"inLanguage":"fr-FR","potentialAction":[{"@type":"ReadAction","target":["https:\/\/fojustice.fr\/web\/prison-de-conde-sur-sarthe-le-conseil-detat-a-rendu-sa-decision-concernant-le-cp\/"]}]},{"@type":"ImageObject","inLanguage":"fr-FR","@id":"https:\/\/fojustice.fr\/web\/prison-de-conde-sur-sarthe-le-conseil-detat-a-rendu-sa-decision-concernant-le-cp\/#primaryimage","url":"https:\/\/fojustice.fr\/web\/wp-content\/uploads\/2022\/04\/prison-de-conde-sur-sarthe.jpeg","contentUrl":"https:\/\/fojustice.fr\/web\/wp-content\/uploads\/2022\/04\/prison-de-conde-sur-sarthe.jpeg","width":1797,"height":1196},{"@type":"BreadcrumbList","@id":"https:\/\/fojustice.fr\/web\/prison-de-conde-sur-sarthe-le-conseil-detat-a-rendu-sa-decision-concernant-le-cp\/#breadcrumb","itemListElement":[{"@type":"ListItem","position":1,"name":"Accueil","item":"https:\/\/fojustice.fr\/web\/"},{"@type":"ListItem","position":2,"name":"Prison de Cond\u00e9-sur-Sarthe : Le Conseil d&#8217;\u00c9tat a rendu sa d\u00e9cision concernant le CP"}]},{"@type":"WebSite","@id":"https:\/\/fojustice.fr\/web\/#website","url":"https:\/\/fojustice.fr\/web\/","name":"Syndicat FO Justice","description":"Site du Syndicat National FO Justice","publisher":{"@id":"https:\/\/fojustice.fr\/web\/#organization"},"alternateName":"Syndicat National FO Justice","potentialAction":[{"@type":"SearchAction","target":{"@type":"EntryPoint","urlTemplate":"https:\/\/fojustice.fr\/web\/?s={search_term_string}"},"query-input":{"@type":"PropertyValueSpecification","valueRequired":true,"valueName":"search_term_string"}}],"inLanguage":"fr-FR"},{"@type":"Organization","@id":"https:\/\/fojustice.fr\/web\/#organization","name":"Syndicat National FO Justice","alternateName":"Syndicat National FO Justice","url":"https:\/\/fojustice.fr\/web\/","logo":{"@type":"ImageObject","inLanguage":"fr-FR","@id":"https:\/\/fojustice.fr\/web\/#\/schema\/logo\/image\/","url":"https:\/\/fojustice.fr\/web\/wp-content\/uploads\/2022\/03\/logo-fo-justice.png","contentUrl":"https:\/\/fojustice.fr\/web\/wp-content\/uploads\/2022\/03\/logo-fo-justice.png","width":800,"height":800,"caption":"Syndicat National FO Justice"},"image":{"@id":"https:\/\/fojustice.fr\/web\/#\/schema\/logo\/image\/"},"sameAs":["https:\/\/www.facebook.com\/SyndicatFoJustice","https:\/\/x.com\/SyndFoJustice"]},{"@type":"Person","@id":"https:\/\/fojustice.fr\/web\/#\/schema\/person\/a51cb9c3495ce0ca62b78fc96ac3bf9f","name":"adminfojustice","image":{"@type":"ImageObject","inLanguage":"fr-FR","@id":"https:\/\/secure.gravatar.com\/avatar\/368884c0ecc46e53d83c0c3c0af4c6c30a6bbc2aab7535848950f43a950bfd4e?s=96&d=mm&r=g","url":"https:\/\/secure.gravatar.com\/avatar\/368884c0ecc46e53d83c0c3c0af4c6c30a6bbc2aab7535848950f43a950bfd4e?s=96&d=mm&r=g","contentUrl":"https:\/\/secure.gravatar.com\/avatar\/368884c0ecc46e53d83c0c3c0af4c6c30a6bbc2aab7535848950f43a950bfd4e?s=96&d=mm&r=g","caption":"adminfojustice"},"sameAs":["https:\/\/www.fojustice.fr\/web"],"url":"https:\/\/fojustice.fr\/web\/author\/adminfojustice\/"}]}},"jetpack_shortlink":"https:\/\/wp.me\/pdNWl1-drm","jetpack_sharing_enabled":true,"jetpack_featured_media_url":"https:\/\/fojustice.fr\/web\/wp-content\/uploads\/2022\/04\/prison-de-conde-sur-sarthe.jpeg","_links":{"self":[{"href":"https:\/\/fojustice.fr\/web\/wp-json\/wp\/v2\/posts\/51668","targetHints":{"allow":["GET"]}}],"collection":[{"href":"https:\/\/fojustice.fr\/web\/wp-json\/wp\/v2\/posts"}],"about":[{"href":"https:\/\/fojustice.fr\/web\/wp-json\/wp\/v2\/types\/post"}],"author":[{"embeddable":true,"href":"https:\/\/fojustice.fr\/web\/wp-json\/wp\/v2\/users\/1"}],"replies":[{"embeddable":true,"href":"https:\/\/fojustice.fr\/web\/wp-json\/wp\/v2\/comments?post=51668"}],"version-history":[{"count":1,"href":"https:\/\/fojustice.fr\/web\/wp-json\/wp\/v2\/posts\/51668\/revisions"}],"predecessor-version":[{"id":51670,"href":"https:\/\/fojustice.fr\/web\/wp-json\/wp\/v2\/posts\/51668\/revisions\/51670"}],"wp:featuredmedia":[{"embeddable":true,"href":"https:\/\/fojustice.fr\/web\/wp-json\/wp\/v2\/media\/3309"}],"wp:attachment":[{"href":"https:\/\/fojustice.fr\/web\/wp-json\/wp\/v2\/media?parent=51668"}],"wp:term":[{"taxonomy":"category","embeddable":true,"href":"https:\/\/fojustice.fr\/web\/wp-json\/wp\/v2\/categories?post=51668"},{"taxonomy":"post_tag","embeddable":true,"href":"https:\/\/fojustice.fr\/web\/wp-json\/wp\/v2\/tags?post=51668"}],"curies":[{"name":"wp","href":"https:\/\/api.w.org\/{rel}","templated":true}]}}