{"id":51665,"date":"2026-09-04T15:04:13","date_gmt":"2026-09-04T13:04:13","guid":{"rendered":"https:\/\/fojustice.fr\/web\/?p=51665"},"modified":"2026-09-04T15:04:13","modified_gmt":"2026-09-04T13:04:13","slug":"prison-de-fleury-merogis-violente-agression-dun-brigadier-chef-encadrement-au-d3","status":"publish","type":"post","link":"https:\/\/fojustice.fr\/web\/prison-de-fleury-merogis-violente-agression-dun-brigadier-chef-encadrement-au-d3\/","title":{"rendered":"Prison de Fleury-M\u00e9rogis : Violente agression d&#8217;un Brigadier-Chef Encadrement au D3"},"content":{"rendered":"<p class=\"p1\"><strong>Ce jour, le 04 septembre 2026, au b\u00e2timent D3<\/strong>, lors de l\u2019acheminement d\u2019une personne d\u00e9tenue sortant du <strong>quartier disciplinaire D2<\/strong> vers sa nouvelle cellule d\u2019affectation, les personnels ont \u00e9t\u00e9 confront\u00e9s \u00e0 un nouvel \u00e9pisode de violence.<\/p>\n<p class=\"p1\">Encadr\u00e9e par deux agents et un Brigadier-Chef Encadrement, ce multi r\u00e9cidivistes, d\u00e9favorablement connu de nos d\u00e9tentions pour ses faits d\u2019armes. Et pr\u00e9sentant des troubles du comportement, a exprim\u00e9 \u00ab d\u00e9lib\u00e9r\u00e9ment \u00bb sa violence d\u00e9mentielle !<\/p>\n<p class=\"p1\">Le Brigadier-Chef Encadrement en a fait les frais et a re\u00e7u un violent coup de poing au visage, au niveau de l\u2019arcade.<\/p>\n<p class=\"p1\">Lors de la ma\u00eetrise de l\u2019individu, toujours virulent et hors de contr\u00f4le, notre coll\u00e8gue a re\u00e7u un second coup de poing au visage.<\/p>\n<p class=\"p1\">Un autre agent a \u00e9galement \u00e9t\u00e9 \u00e9rafl\u00e9 \u00e0 la main durant l\u2019intervention.<\/p>\n<p class=\"p2\" style=\"text-align: center;\"><span style=\"color: #ff0000;\"><strong>DEUX COUPS DE POING AU VISAGE !<\/strong><\/span><\/p>\n<p class=\"p1\"><strong><span class=\"s1\"><span style=\"color: #ff0000;\">Force Ouvri\u00e8re Justice<\/span> <\/span><\/strong>d\u00e9nonce avec fermet\u00e9 cette nouvelle agression.<\/p>\n<p class=\"p1\"><strong><span class=\"s1\" style=\"color: #ff0000;\">Force Ouvri\u00e8re Justice <\/span><\/strong>reste en soutien \u00e0 notre coll\u00e8gue choqu\u00e9.<\/p>\n<p class=\"p1\">La prise en charge de personnes d\u00e9tenues pr\u00e9sentant des troubles du comportement ne peut se faire au d\u00e9triment de la s\u00e9curit\u00e9 et de l\u2019int\u00e9grit\u00e9 physique des personnels.<\/p>\n<p class=\"p1\">Nous saluons \u00e9galement le professionnalisme, le sang-froid et l&#8217;engagement des agents pr\u00e9sents qui ont permis une gestion efficace de cet \u00e9ni\u00e8me incident de violence.<\/p>\n<p class=\"p1\">Une fois de plus, les personnels d\u00e9montrent leur capacit\u00e9 \u00e0 faire face \u00e0 des situations particuli\u00e8rement dangereuses, souvent dans des conditions de travail difficiles.<\/p>\n<p class=\"p3\"><span style=\"color: #000080;\"><strong>La prison ne saurait \u00eatre un refuge pour palier aux carences de la prise en charge des h\u00f4pitaux psychiatriques.<\/strong><\/span><\/p>\n<p class=\"p4\"><span style=\"color: #ff0000;\"><strong>Force Ouvri\u00e8re Justice<\/strong><\/span> <span class=\"s3\">exige :<\/span><\/p>\n<p class=\"p1\">&#8211; Une r\u00e9ponse disciplinaire ferme \u00e0 l&#8217;encontre de l&#8217;agresseur.<\/p>\n<p class=\"p1\">&#8211; Des poursuites p\u00e9nales syst\u00e9matiques pour toute agression commise contre un personnel.<\/p>\n<p class=\"p1\">&#8211; Une reconnaissance concr\u00e8te des risques encourus quotidiennement par les agents<\/p>\n<p class=\"p1\">&#8211; Le renforcement des moyens humains et s\u00e9curitaires afin de garantir la protection des personnels.<\/p>\n<p class=\"p1\">&#8211; La cr\u00e9ation d\u2019un SMPR bis pour une meilleure prise en charge de ses profils.<\/p>\n<p class=\"p1\">Les agressions contre les personnels p\u00e9nitentiaires ne doivent jamais \u00eatre banalis\u00e9es. <span style=\"color: #ff0000;\"><strong><span class=\"s1\">Force Ouvri\u00e8re Justice <\/span><\/strong><\/span>souhaite un prompt r\u00e9tablissement aux coll\u00e8gues et les encouragent \u00e0 porter plainte contre leurs auteurs.<\/p>\n<p class=\"p1\"><strong><span class=\"s1\" style=\"color: #ff0000;\">Force Ouvri\u00e8re Justice <\/span><\/strong>restera pleinement mobilis\u00e9e pour d\u00e9fendre, prot\u00e9ger et soutenir l&#8217;ensemble des agents.<\/p>\n<p class=\"p5\" style=\"text-align: center;\"><span style=\"color: #ff0000;\"><strong>Le bureau local FO Justice<\/strong><\/span><\/p>\n<p class=\"p5\" style=\"text-align: center;\"><span style=\"color: #ff0000;\"><strong>Toujours aux c\u00f4t\u00e9s des personnels.<\/strong><\/span><\/p>\n<p><a href=\"https:\/\/fojustice.fr\/web\/wp-content\/uploads\/2026\/09\/COMMUNIQUE-Force-Ouvriere-Justice-agression-D3.pdf\">Lire le communiqu\u00e9<\/a><\/p>\n","protected":false},"excerpt":{"rendered":"<p>Ce jour, le 04 septembre 2026, au b\u00e2timent D3, lors de l\u2019acheminement d\u2019une personne d\u00e9tenue sortant du quartier disciplinaire D2 vers sa nouvelle cellule d\u2019affectation, les personnels ont \u00e9t\u00e9 confront\u00e9s \u00e0 un nouvel \u00e9pisode de violence. Encadr\u00e9e par deux agents et un Brigadier-Chef Encadrement, ce multi r\u00e9cidivistes, d\u00e9favorablement connu de nos d\u00e9tentions pour ses faits [&hellip;]<\/p>\n","protected":false},"author":1,"featured_media":28126,"comment_status":"open","ping_status":"open","sticky":false,"template":"","format":"standard","meta":{"_jetpack_newsletter_access":"","_jetpack_dont_email_post_to_subs":true,"_jetpack_newsletter_tier_id":0,"_jetpack_memberships_contains_paywalled_content":false,"page_builder":"","_jetpack_feature_clip_id":0,"_jetpack_memberships_contains_paid_content":false,"footnotes":"","jetpack_post_was_ever_published":false,"_members_access_role":[],"_members_access_error":""},"categories":[34],"tags":[],"class_list":["post-51665","post","type-post","status-publish","format-standard","has-post-thumbnail","hentry","category-disp-paris"],"yoast_head":"<!-- This site is optimized with the Yoast SEO plugin v28.4 - https:\/\/yoast.com\/product\/yoast-seo-wordpress\/ -->\n<title>Prison de Fleury-M\u00e9rogis : Violente agression d&#039;un Brigadier-Chef Encadrement au D3 - Syndicat FO Justice<\/title>\n<meta name=\"description\" content=\"Syndicat FO Justice - DISP Paris - Prison de Fleury-M\u00e9rogis : Violente agression d&#039;un Brigadier-Chef Encadrement au D3\" \/>\n<meta name=\"robots\" content=\"index, follow, max-snippet:-1, max-image-preview:large, max-video-preview:-1\" \/>\n<link rel=\"canonical\" href=\"https:\/\/fojustice.fr\/web\/prison-de-fleury-merogis-violente-agression-dun-brigadier-chef-encadrement-au-d3\/\" \/>\n<meta property=\"og:locale\" content=\"fr_FR\" \/>\n<meta property=\"og:type\" content=\"article\" \/>\n<meta property=\"og:title\" content=\"Prison de Fleury-M\u00e9rogis : Violente agression d&#039;un Brigadier-Chef Encadrement au D3 - Syndicat FO Justice\" \/>\n<meta property=\"og:description\" content=\"Syndicat FO Justice - DISP Paris - Prison de Fleury-M\u00e9rogis : Violente agression d&#039;un Brigadier-Chef Encadrement au D3\" \/>\n<meta property=\"og:url\" content=\"https:\/\/fojustice.fr\/web\/prison-de-fleury-merogis-violente-agression-dun-brigadier-chef-encadrement-au-d3\/\" \/>\n<meta property=\"og:site_name\" content=\"Syndicat FO Justice\" \/>\n<meta property=\"article:publisher\" content=\"https:\/\/www.facebook.com\/SyndicatFoJustice\" \/>\n<meta property=\"article:published_time\" content=\"2026-09-04T13:04:13+00:00\" \/>\n<meta property=\"og:image\" content=\"https:\/\/fojustice.fr\/web\/wp-content\/uploads\/2024\/10\/AGRESSION.jpg\" \/>\n\t<meta property=\"og:image:width\" content=\"678\" \/>\n\t<meta property=\"og:image:height\" content=\"381\" \/>\n\t<meta property=\"og:image:type\" content=\"image\/jpeg\" \/>\n<meta name=\"author\" content=\"adminfojustice\" \/>\n<meta name=\"twitter:card\" content=\"summary_large_image\" \/>\n<meta name=\"twitter:creator\" content=\"@SyndFoJustice\" \/>\n<meta name=\"twitter:site\" content=\"@SyndFoJustice\" \/>\n<meta name=\"twitter:label1\" content=\"\u00c9crit par\" \/>\n\t<meta name=\"twitter:data1\" content=\"adminfojustice\" \/>\n\t<meta name=\"twitter:label2\" content=\"Dur\u00e9e de lecture estim\u00e9e\" \/>\n\t<meta name=\"twitter:data2\" content=\"2 minutes\" \/>\n<script type=\"application\/ld+json\" class=\"yoast-schema-graph\">{\"@context\":\"https:\\\/\\\/schema.org\",\"@graph\":[{\"@type\":\"NewsArticle\",\"@id\":\"https:\\\/\\\/fojustice.fr\\\/web\\\/prison-de-fleury-merogis-violente-agression-dun-brigadier-chef-encadrement-au-d3\\\/#article\",\"isPartOf\":{\"@id\":\"https:\\\/\\\/fojustice.fr\\\/web\\\/prison-de-fleury-merogis-violente-agression-dun-brigadier-chef-encadrement-au-d3\\\/\"},\"author\":{\"name\":\"adminfojustice\",\"@id\":\"https:\\\/\\\/fojustice.fr\\\/web\\\/#\\\/schema\\\/person\\\/a51cb9c3495ce0ca62b78fc96ac3bf9f\"},\"headline\":\"Prison de Fleury-M\u00e9rogis : Violente agression d&#8217;un Brigadier-Chef Encadrement au D3\",\"datePublished\":\"2026-09-04T13:04:13+00:00\",\"mainEntityOfPage\":{\"@id\":\"https:\\\/\\\/fojustice.fr\\\/web\\\/prison-de-fleury-merogis-violente-agression-dun-brigadier-chef-encadrement-au-d3\\\/\"},\"wordCount\":431,\"commentCount\":0,\"publisher\":{\"@id\":\"https:\\\/\\\/fojustice.fr\\\/web\\\/#organization\"},\"image\":{\"@id\":\"https:\\\/\\\/fojustice.fr\\\/web\\\/prison-de-fleury-merogis-violente-agression-dun-brigadier-chef-encadrement-au-d3\\\/#primaryimage\"},\"thumbnailUrl\":\"https:\\\/\\\/fojustice.fr\\\/web\\\/wp-content\\\/uploads\\\/2024\\\/10\\\/AGRESSION.jpg\",\"articleSection\":[\"DISP Paris\"],\"inLanguage\":\"fr-FR\",\"potentialAction\":[{\"@type\":\"CommentAction\",\"name\":\"Comment\",\"target\":[\"https:\\\/\\\/fojustice.fr\\\/web\\\/prison-de-fleury-merogis-violente-agression-dun-brigadier-chef-encadrement-au-d3\\\/#respond\"]}]},{\"@type\":\"WebPage\",\"@id\":\"https:\\\/\\\/fojustice.fr\\\/web\\\/prison-de-fleury-merogis-violente-agression-dun-brigadier-chef-encadrement-au-d3\\\/\",\"url\":\"https:\\\/\\\/fojustice.fr\\\/web\\\/prison-de-fleury-merogis-violente-agression-dun-brigadier-chef-encadrement-au-d3\\\/\",\"name\":\"Prison de Fleury-M\u00e9rogis : Violente agression d'un Brigadier-Chef Encadrement au D3 - Syndicat FO Justice\",\"isPartOf\":{\"@id\":\"https:\\\/\\\/fojustice.fr\\\/web\\\/#website\"},\"primaryImageOfPage\":{\"@id\":\"https:\\\/\\\/fojustice.fr\\\/web\\\/prison-de-fleury-merogis-violente-agression-dun-brigadier-chef-encadrement-au-d3\\\/#primaryimage\"},\"image\":{\"@id\":\"https:\\\/\\\/fojustice.fr\\\/web\\\/prison-de-fleury-merogis-violente-agression-dun-brigadier-chef-encadrement-au-d3\\\/#primaryimage\"},\"thumbnailUrl\":\"https:\\\/\\\/fojustice.fr\\\/web\\\/wp-content\\\/uploads\\\/2024\\\/10\\\/AGRESSION.jpg\",\"datePublished\":\"2026-09-04T13:04:13+00:00\",\"description\":\"Syndicat FO Justice - DISP Paris - Prison de Fleury-M\u00e9rogis : Violente agression d'un Brigadier-Chef Encadrement au D3\",\"breadcrumb\":{\"@id\":\"https:\\\/\\\/fojustice.fr\\\/web\\\/prison-de-fleury-merogis-violente-agression-dun-brigadier-chef-encadrement-au-d3\\\/#breadcrumb\"},\"inLanguage\":\"fr-FR\",\"potentialAction\":[{\"@type\":\"ReadAction\",\"target\":[\"https:\\\/\\\/fojustice.fr\\\/web\\\/prison-de-fleury-merogis-violente-agression-dun-brigadier-chef-encadrement-au-d3\\\/\"]}]},{\"@type\":\"ImageObject\",\"inLanguage\":\"fr-FR\",\"@id\":\"https:\\\/\\\/fojustice.fr\\\/web\\\/prison-de-fleury-merogis-violente-agression-dun-brigadier-chef-encadrement-au-d3\\\/#primaryimage\",\"url\":\"https:\\\/\\\/fojustice.fr\\\/web\\\/wp-content\\\/uploads\\\/2024\\\/10\\\/AGRESSION.jpg\",\"contentUrl\":\"https:\\\/\\\/fojustice.fr\\\/web\\\/wp-content\\\/uploads\\\/2024\\\/10\\\/AGRESSION.jpg\",\"width\":678,\"height\":381},{\"@type\":\"BreadcrumbList\",\"@id\":\"https:\\\/\\\/fojustice.fr\\\/web\\\/prison-de-fleury-merogis-violente-agression-dun-brigadier-chef-encadrement-au-d3\\\/#breadcrumb\",\"itemListElement\":[{\"@type\":\"ListItem\",\"position\":1,\"name\":\"Accueil\",\"item\":\"https:\\\/\\\/fojustice.fr\\\/web\\\/\"},{\"@type\":\"ListItem\",\"position\":2,\"name\":\"Prison de Fleury-M\u00e9rogis : Violente agression d&#8217;un Brigadier-Chef Encadrement au D3\"}]},{\"@type\":\"WebSite\",\"@id\":\"https:\\\/\\\/fojustice.fr\\\/web\\\/#website\",\"url\":\"https:\\\/\\\/fojustice.fr\\\/web\\\/\",\"name\":\"Syndicat FO Justice\",\"description\":\"Site du Syndicat National FO Justice\",\"publisher\":{\"@id\":\"https:\\\/\\\/fojustice.fr\\\/web\\\/#organization\"},\"alternateName\":\"Syndicat National FO Justice\",\"potentialAction\":[{\"@type\":\"SearchAction\",\"target\":{\"@type\":\"EntryPoint\",\"urlTemplate\":\"https:\\\/\\\/fojustice.fr\\\/web\\\/?s={search_term_string}\"},\"query-input\":{\"@type\":\"PropertyValueSpecification\",\"valueRequired\":true,\"valueName\":\"search_term_string\"}}],\"inLanguage\":\"fr-FR\"},{\"@type\":\"Organization\",\"@id\":\"https:\\\/\\\/fojustice.fr\\\/web\\\/#organization\",\"name\":\"Syndicat National FO Justice\",\"alternateName\":\"Syndicat National FO Justice\",\"url\":\"https:\\\/\\\/fojustice.fr\\\/web\\\/\",\"logo\":{\"@type\":\"ImageObject\",\"inLanguage\":\"fr-FR\",\"@id\":\"https:\\\/\\\/fojustice.fr\\\/web\\\/#\\\/schema\\\/logo\\\/image\\\/\",\"url\":\"https:\\\/\\\/fojustice.fr\\\/web\\\/wp-content\\\/uploads\\\/2022\\\/03\\\/logo-fo-justice.png\",\"contentUrl\":\"https:\\\/\\\/fojustice.fr\\\/web\\\/wp-content\\\/uploads\\\/2022\\\/03\\\/logo-fo-justice.png\",\"width\":800,\"height\":800,\"caption\":\"Syndicat National FO Justice\"},\"image\":{\"@id\":\"https:\\\/\\\/fojustice.fr\\\/web\\\/#\\\/schema\\\/logo\\\/image\\\/\"},\"sameAs\":[\"https:\\\/\\\/www.facebook.com\\\/SyndicatFoJustice\",\"https:\\\/\\\/x.com\\\/SyndFoJustice\"]},{\"@type\":\"Person\",\"@id\":\"https:\\\/\\\/fojustice.fr\\\/web\\\/#\\\/schema\\\/person\\\/a51cb9c3495ce0ca62b78fc96ac3bf9f\",\"name\":\"adminfojustice\",\"image\":{\"@type\":\"ImageObject\",\"inLanguage\":\"fr-FR\",\"@id\":\"https:\\\/\\\/secure.gravatar.com\\\/avatar\\\/368884c0ecc46e53d83c0c3c0af4c6c30a6bbc2aab7535848950f43a950bfd4e?s=96&d=mm&r=g\",\"url\":\"https:\\\/\\\/secure.gravatar.com\\\/avatar\\\/368884c0ecc46e53d83c0c3c0af4c6c30a6bbc2aab7535848950f43a950bfd4e?s=96&d=mm&r=g\",\"contentUrl\":\"https:\\\/\\\/secure.gravatar.com\\\/avatar\\\/368884c0ecc46e53d83c0c3c0af4c6c30a6bbc2aab7535848950f43a950bfd4e?s=96&d=mm&r=g\",\"caption\":\"adminfojustice\"},\"sameAs\":[\"https:\\\/\\\/www.fojustice.fr\\\/web\"],\"url\":\"https:\\\/\\\/fojustice.fr\\\/web\\\/author\\\/adminfojustice\\\/\"}]}<\/script>\n<!-- \/ Yoast SEO plugin. -->","yoast_head_json":{"title":"Prison de Fleury-M\u00e9rogis : Violente agression d'un Brigadier-Chef Encadrement au D3 - Syndicat FO Justice","description":"Syndicat FO Justice - DISP Paris - Prison de Fleury-M\u00e9rogis : Violente agression d'un Brigadier-Chef Encadrement au D3","robots":{"index":"index","follow":"follow","max-snippet":"max-snippet:-1","max-image-preview":"max-image-preview:large","max-video-preview":"max-video-preview:-1"},"canonical":"https:\/\/fojustice.fr\/web\/prison-de-fleury-merogis-violente-agression-dun-brigadier-chef-encadrement-au-d3\/","og_locale":"fr_FR","og_type":"article","og_title":"Prison de Fleury-M\u00e9rogis : Violente agression d'un Brigadier-Chef Encadrement au D3 - Syndicat FO Justice","og_description":"Syndicat FO Justice - DISP Paris - Prison de Fleury-M\u00e9rogis : Violente agression d'un Brigadier-Chef Encadrement au D3","og_url":"https:\/\/fojustice.fr\/web\/prison-de-fleury-merogis-violente-agression-dun-brigadier-chef-encadrement-au-d3\/","og_site_name":"Syndicat FO Justice","article_publisher":"https:\/\/www.facebook.com\/SyndicatFoJustice","article_published_time":"2026-09-04T13:04:13+00:00","og_image":[{"width":678,"height":381,"url":"https:\/\/fojustice.fr\/web\/wp-content\/uploads\/2024\/10\/AGRESSION.jpg","type":"image\/jpeg"}],"author":"adminfojustice","twitter_card":"summary_large_image","twitter_creator":"@SyndFoJustice","twitter_site":"@SyndFoJustice","twitter_misc":{"\u00c9crit par":"adminfojustice","Dur\u00e9e de lecture estim\u00e9e":"2 minutes"},"schema":{"@context":"https:\/\/schema.org","@graph":[{"@type":"NewsArticle","@id":"https:\/\/fojustice.fr\/web\/prison-de-fleury-merogis-violente-agression-dun-brigadier-chef-encadrement-au-d3\/#article","isPartOf":{"@id":"https:\/\/fojustice.fr\/web\/prison-de-fleury-merogis-violente-agression-dun-brigadier-chef-encadrement-au-d3\/"},"author":{"name":"adminfojustice","@id":"https:\/\/fojustice.fr\/web\/#\/schema\/person\/a51cb9c3495ce0ca62b78fc96ac3bf9f"},"headline":"Prison de Fleury-M\u00e9rogis : Violente agression d&#8217;un Brigadier-Chef Encadrement au D3","datePublished":"2026-09-04T13:04:13+00:00","mainEntityOfPage":{"@id":"https:\/\/fojustice.fr\/web\/prison-de-fleury-merogis-violente-agression-dun-brigadier-chef-encadrement-au-d3\/"},"wordCount":431,"commentCount":0,"publisher":{"@id":"https:\/\/fojustice.fr\/web\/#organization"},"image":{"@id":"https:\/\/fojustice.fr\/web\/prison-de-fleury-merogis-violente-agression-dun-brigadier-chef-encadrement-au-d3\/#primaryimage"},"thumbnailUrl":"https:\/\/fojustice.fr\/web\/wp-content\/uploads\/2024\/10\/AGRESSION.jpg","articleSection":["DISP Paris"],"inLanguage":"fr-FR","potentialAction":[{"@type":"CommentAction","name":"Comment","target":["https:\/\/fojustice.fr\/web\/prison-de-fleury-merogis-violente-agression-dun-brigadier-chef-encadrement-au-d3\/#respond"]}]},{"@type":"WebPage","@id":"https:\/\/fojustice.fr\/web\/prison-de-fleury-merogis-violente-agression-dun-brigadier-chef-encadrement-au-d3\/","url":"https:\/\/fojustice.fr\/web\/prison-de-fleury-merogis-violente-agression-dun-brigadier-chef-encadrement-au-d3\/","name":"Prison de Fleury-M\u00e9rogis : Violente agression d'un Brigadier-Chef Encadrement au D3 - Syndicat FO Justice","isPartOf":{"@id":"https:\/\/fojustice.fr\/web\/#website"},"primaryImageOfPage":{"@id":"https:\/\/fojustice.fr\/web\/prison-de-fleury-merogis-violente-agression-dun-brigadier-chef-encadrement-au-d3\/#primaryimage"},"image":{"@id":"https:\/\/fojustice.fr\/web\/prison-de-fleury-merogis-violente-agression-dun-brigadier-chef-encadrement-au-d3\/#primaryimage"},"thumbnailUrl":"https:\/\/fojustice.fr\/web\/wp-content\/uploads\/2024\/10\/AGRESSION.jpg","datePublished":"2026-09-04T13:04:13+00:00","description":"Syndicat FO Justice - DISP Paris - Prison de Fleury-M\u00e9rogis : Violente agression d'un Brigadier-Chef Encadrement au D3","breadcrumb":{"@id":"https:\/\/fojustice.fr\/web\/prison-de-fleury-merogis-violente-agression-dun-brigadier-chef-encadrement-au-d3\/#breadcrumb"},"inLanguage":"fr-FR","potentialAction":[{"@type":"ReadAction","target":["https:\/\/fojustice.fr\/web\/prison-de-fleury-merogis-violente-agression-dun-brigadier-chef-encadrement-au-d3\/"]}]},{"@type":"ImageObject","inLanguage":"fr-FR","@id":"https:\/\/fojustice.fr\/web\/prison-de-fleury-merogis-violente-agression-dun-brigadier-chef-encadrement-au-d3\/#primaryimage","url":"https:\/\/fojustice.fr\/web\/wp-content\/uploads\/2024\/10\/AGRESSION.jpg","contentUrl":"https:\/\/fojustice.fr\/web\/wp-content\/uploads\/2024\/10\/AGRESSION.jpg","width":678,"height":381},{"@type":"BreadcrumbList","@id":"https:\/\/fojustice.fr\/web\/prison-de-fleury-merogis-violente-agression-dun-brigadier-chef-encadrement-au-d3\/#breadcrumb","itemListElement":[{"@type":"ListItem","position":1,"name":"Accueil","item":"https:\/\/fojustice.fr\/web\/"},{"@type":"ListItem","position":2,"name":"Prison de Fleury-M\u00e9rogis : Violente agression d&#8217;un Brigadier-Chef Encadrement au D3"}]},{"@type":"WebSite","@id":"https:\/\/fojustice.fr\/web\/#website","url":"https:\/\/fojustice.fr\/web\/","name":"Syndicat FO Justice","description":"Site du Syndicat National FO Justice","publisher":{"@id":"https:\/\/fojustice.fr\/web\/#organization"},"alternateName":"Syndicat National FO Justice","potentialAction":[{"@type":"SearchAction","target":{"@type":"EntryPoint","urlTemplate":"https:\/\/fojustice.fr\/web\/?s={search_term_string}"},"query-input":{"@type":"PropertyValueSpecification","valueRequired":true,"valueName":"search_term_string"}}],"inLanguage":"fr-FR"},{"@type":"Organization","@id":"https:\/\/fojustice.fr\/web\/#organization","name":"Syndicat National FO Justice","alternateName":"Syndicat National FO Justice","url":"https:\/\/fojustice.fr\/web\/","logo":{"@type":"ImageObject","inLanguage":"fr-FR","@id":"https:\/\/fojustice.fr\/web\/#\/schema\/logo\/image\/","url":"https:\/\/fojustice.fr\/web\/wp-content\/uploads\/2022\/03\/logo-fo-justice.png","contentUrl":"https:\/\/fojustice.fr\/web\/wp-content\/uploads\/2022\/03\/logo-fo-justice.png","width":800,"height":800,"caption":"Syndicat National FO Justice"},"image":{"@id":"https:\/\/fojustice.fr\/web\/#\/schema\/logo\/image\/"},"sameAs":["https:\/\/www.facebook.com\/SyndicatFoJustice","https:\/\/x.com\/SyndFoJustice"]},{"@type":"Person","@id":"https:\/\/fojustice.fr\/web\/#\/schema\/person\/a51cb9c3495ce0ca62b78fc96ac3bf9f","name":"adminfojustice","image":{"@type":"ImageObject","inLanguage":"fr-FR","@id":"https:\/\/secure.gravatar.com\/avatar\/368884c0ecc46e53d83c0c3c0af4c6c30a6bbc2aab7535848950f43a950bfd4e?s=96&d=mm&r=g","url":"https:\/\/secure.gravatar.com\/avatar\/368884c0ecc46e53d83c0c3c0af4c6c30a6bbc2aab7535848950f43a950bfd4e?s=96&d=mm&r=g","contentUrl":"https:\/\/secure.gravatar.com\/avatar\/368884c0ecc46e53d83c0c3c0af4c6c30a6bbc2aab7535848950f43a950bfd4e?s=96&d=mm&r=g","caption":"adminfojustice"},"sameAs":["https:\/\/www.fojustice.fr\/web"],"url":"https:\/\/fojustice.fr\/web\/author\/adminfojustice\/"}]}},"jetpack_shortlink":"https:\/\/wp.me\/pdNWl1-drj","jetpack_sharing_enabled":true,"jetpack_featured_media_url":"https:\/\/fojustice.fr\/web\/wp-content\/uploads\/2024\/10\/AGRESSION.jpg","_links":{"self":[{"href":"https:\/\/fojustice.fr\/web\/wp-json\/wp\/v2\/posts\/51665","targetHints":{"allow":["GET"]}}],"collection":[{"href":"https:\/\/fojustice.fr\/web\/wp-json\/wp\/v2\/posts"}],"about":[{"href":"https:\/\/fojustice.fr\/web\/wp-json\/wp\/v2\/types\/post"}],"author":[{"embeddable":true,"href":"https:\/\/fojustice.fr\/web\/wp-json\/wp\/v2\/users\/1"}],"replies":[{"embeddable":true,"href":"https:\/\/fojustice.fr\/web\/wp-json\/wp\/v2\/comments?post=51665"}],"version-history":[{"count":1,"href":"https:\/\/fojustice.fr\/web\/wp-json\/wp\/v2\/posts\/51665\/revisions"}],"predecessor-version":[{"id":51667,"href":"https:\/\/fojustice.fr\/web\/wp-json\/wp\/v2\/posts\/51665\/revisions\/51667"}],"wp:featuredmedia":[{"embeddable":true,"href":"https:\/\/fojustice.fr\/web\/wp-json\/wp\/v2\/media\/28126"}],"wp:attachment":[{"href":"https:\/\/fojustice.fr\/web\/wp-json\/wp\/v2\/media?parent=51665"}],"wp:term":[{"taxonomy":"category","embeddable":true,"href":"https:\/\/fojustice.fr\/web\/wp-json\/wp\/v2\/categories?post=51665"},{"taxonomy":"post_tag","embeddable":true,"href":"https:\/\/fojustice.fr\/web\/wp-json\/wp\/v2\/tags?post=51665"}],"curies":[{"name":"wp","href":"https:\/\/api.w.org\/{rel}","templated":true}]}}