{"id":51621,"date":"2026-09-03T17:25:07","date_gmt":"2026-09-03T15:25:07","guid":{"rendered":"https:\/\/fojustice.fr\/web\/?p=51621"},"modified":"2026-09-03T17:25:07","modified_gmt":"2026-09-03T15:25:07","slug":"prison-de-toul-agression-au-quartier-disciplinaire-ca-suffit","status":"publish","type":"post","link":"https:\/\/fojustice.fr\/web\/prison-de-toul-agression-au-quartier-disciplinaire-ca-suffit\/","title":{"rendered":"Prison de Toul : Agression au quartier disciplinaire, \u00e7a suffit !"},"content":{"rendered":"<p class=\"p1\">Une nouvelle fois, un personnel p\u00e9nitentiaire a \u00e9t\u00e9 victime d\u2019une agression dans l\u2019exercice de ses fonctions.<\/p>\n<p class=\"p1\"><strong>Notre coll\u00e8gue a \u00e9t\u00e9 agress\u00e9 par un d\u00e9tenu au quartier disciplinaire, lui <span class=\"s1\">occasionnant notamment <\/span><span style=\"text-decoration: underline; color: #ff0000;\">une blessure \u00e0 l\u2019arcade sourcili\u00e8re<\/span>.<\/strong><\/p>\n<p class=\"p1\"><span style=\"text-decoration: underline; color: #ff0000;\"><strong><span class=\"s2\">Force Ouvri\u00e8re Justice Toul <\/span><\/strong><\/span>condamne fermement cette agression et rappelle que les personnels ne doivent en aucun cas devenir les cibles de d\u00e9tenus violents.<\/p>\n<p class=\"p3\"><span style=\"text-decoration: underline;\"><strong>Nous exigeons de l\u2019administration une r\u00e9ponse ferme et \u00e0 la hauteur des faits :<\/strong><\/span><\/p>\n<p class=\"p1\">&#8211; Une sanction disciplinaire exemplaire \u00e0 l\u2019encontre du d\u00e9tenu agresseur ;<\/p>\n<p class=\"p1\">&#8211; Son transfert dans les plus brefs d\u00e9lais vers un autre \u00e9tablissement p\u00e9nitentiaire ;<\/p>\n<p class=\"p1\">&#8211; Un soutien sans faille de l\u2019administration envers notre coll\u00e8gue agress\u00e9.<\/p>\n<p class=\"p4\" style=\"text-align: center;\"><span style=\"text-decoration: underline; color: #ff0000;\"><strong>LA S\u00c9CURIT\u00c9 DES PERSONNELS N\u2019EST PAS N\u00c9GOCIABLE !<\/strong><\/span><\/p>\n<p class=\"p1\">Les agressions envers les personnels p\u00e9nitentiaires ne doivent jamais \u00eatre banalis\u00e9es. Chaque agression doit entra\u00eener une r\u00e9ponse forte afin de prot\u00e9ger celles et ceux qui assurent quotidiennement leurs missions.<\/p>\n<p class=\"p1\"><strong>Nous apportons tout notre soutien \u00e0 notre coll\u00e8gue et lui souhaitons un prompt et complet r\u00e9tablissement.<\/strong><\/p>\n<p class=\"p5\" style=\"text-align: center;\"><span style=\"color: #ff0000;\"><strong>SOUTIEN \u00c0 NOTRE COLL\u00c8GUE !<\/strong><\/span><\/p>\n<p class=\"p5\" style=\"text-align: center;\"><span style=\"color: #ff0000;\"><strong>STOP AUX AGRESSIONS !<\/strong><\/span><\/p>\n<p><a href=\"https:\/\/fojustice.fr\/web\/wp-content\/uploads\/2026\/09\/tract-agression-03.09.26.pdf\">Lire le communiqu\u00e9<\/a><\/p>\n","protected":false},"excerpt":{"rendered":"<p>Une nouvelle fois, un personnel p\u00e9nitentiaire a \u00e9t\u00e9 victime d\u2019une agression dans l\u2019exercice de ses fonctions. Notre coll\u00e8gue a \u00e9t\u00e9 agress\u00e9 par un d\u00e9tenu au quartier disciplinaire, lui occasionnant notamment une blessure \u00e0 l\u2019arcade sourcili\u00e8re. Force Ouvri\u00e8re Justice Toul condamne fermement cette agression et rappelle que les personnels ne doivent en aucun cas devenir les [&hellip;]<\/p>\n","protected":false},"author":1,"featured_media":24153,"comment_status":"open","ping_status":"open","sticky":false,"template":"","format":"standard","meta":{"_jetpack_newsletter_access":"","_jetpack_dont_email_post_to_subs":true,"_jetpack_newsletter_tier_id":0,"_jetpack_memberships_contains_paywalled_content":false,"page_builder":"","_jetpack_feature_clip_id":0,"_jetpack_memberships_contains_paid_content":false,"footnotes":"","jetpack_post_was_ever_published":false,"_members_access_role":[],"_members_access_error":""},"categories":[36],"tags":[],"class_list":["post-51621","post","type-post","status-publish","format-standard","has-post-thumbnail","hentry","category-disp-strasbourg"],"yoast_head":"<!-- This site is optimized with the Yoast SEO plugin v28.4 - https:\/\/yoast.com\/product\/yoast-seo-wordpress\/ -->\n<title>Prison de Toul : Agression au quartier disciplinaire, \u00e7a suffit ! - Syndicat FO Justice<\/title>\n<meta name=\"description\" content=\"Syndicat FO Justice - DISP Strasbourg - Prison de Toul : Agression au quartier disciplinaire, \u00e7a suffit !\" \/>\n<meta name=\"robots\" content=\"index, follow, max-snippet:-1, max-image-preview:large, max-video-preview:-1\" \/>\n<link rel=\"canonical\" href=\"https:\/\/fojustice.fr\/web\/prison-de-toul-agression-au-quartier-disciplinaire-ca-suffit\/\" \/>\n<meta property=\"og:locale\" content=\"fr_FR\" \/>\n<meta property=\"og:type\" content=\"article\" \/>\n<meta property=\"og:title\" content=\"Prison de Toul : Agression au quartier disciplinaire, \u00e7a suffit ! - Syndicat FO Justice\" \/>\n<meta property=\"og:description\" content=\"Syndicat FO Justice - DISP Strasbourg - Prison de Toul : Agression au quartier disciplinaire, \u00e7a suffit !\" \/>\n<meta property=\"og:url\" content=\"https:\/\/fojustice.fr\/web\/prison-de-toul-agression-au-quartier-disciplinaire-ca-suffit\/\" \/>\n<meta property=\"og:site_name\" content=\"Syndicat FO Justice\" \/>\n<meta property=\"article:publisher\" content=\"https:\/\/www.facebook.com\/SyndicatFoJustice\" \/>\n<meta property=\"article:published_time\" content=\"2026-09-03T15:25:07+00:00\" \/>\n<meta property=\"og:image\" content=\"https:\/\/fojustice.fr\/web\/wp-content\/uploads\/2024\/06\/WhatsApp-Image-2019-06-30-at-20.35.24.jpeg\" \/>\n\t<meta property=\"og:image:width\" content=\"1024\" \/>\n\t<meta property=\"og:image:height\" content=\"768\" \/>\n\t<meta property=\"og:image:type\" content=\"image\/jpeg\" \/>\n<meta name=\"author\" content=\"adminfojustice\" \/>\n<meta name=\"twitter:card\" content=\"summary_large_image\" \/>\n<meta name=\"twitter:creator\" content=\"@SyndFoJustice\" \/>\n<meta name=\"twitter:site\" content=\"@SyndFoJustice\" \/>\n<meta name=\"twitter:label1\" content=\"\u00c9crit par\" \/>\n\t<meta name=\"twitter:data1\" content=\"adminfojustice\" \/>\n\t<meta name=\"twitter:label2\" content=\"Dur\u00e9e de lecture estim\u00e9e\" \/>\n\t<meta name=\"twitter:data2\" content=\"1 minute\" \/>\n<script type=\"application\/ld+json\" class=\"yoast-schema-graph\">{\"@context\":\"https:\\\/\\\/schema.org\",\"@graph\":[{\"@type\":\"NewsArticle\",\"@id\":\"https:\\\/\\\/fojustice.fr\\\/web\\\/prison-de-toul-agression-au-quartier-disciplinaire-ca-suffit\\\/#article\",\"isPartOf\":{\"@id\":\"https:\\\/\\\/fojustice.fr\\\/web\\\/prison-de-toul-agression-au-quartier-disciplinaire-ca-suffit\\\/\"},\"author\":{\"name\":\"adminfojustice\",\"@id\":\"https:\\\/\\\/fojustice.fr\\\/web\\\/#\\\/schema\\\/person\\\/a51cb9c3495ce0ca62b78fc96ac3bf9f\"},\"headline\":\"Prison de Toul : Agression au quartier disciplinaire, \u00e7a suffit !\",\"datePublished\":\"2026-09-03T15:25:07+00:00\",\"mainEntityOfPage\":{\"@id\":\"https:\\\/\\\/fojustice.fr\\\/web\\\/prison-de-toul-agression-au-quartier-disciplinaire-ca-suffit\\\/\"},\"wordCount\":200,\"commentCount\":0,\"publisher\":{\"@id\":\"https:\\\/\\\/fojustice.fr\\\/web\\\/#organization\"},\"image\":{\"@id\":\"https:\\\/\\\/fojustice.fr\\\/web\\\/prison-de-toul-agression-au-quartier-disciplinaire-ca-suffit\\\/#primaryimage\"},\"thumbnailUrl\":\"https:\\\/\\\/fojustice.fr\\\/web\\\/wp-content\\\/uploads\\\/2024\\\/06\\\/WhatsApp-Image-2019-06-30-at-20.35.24.jpeg\",\"articleSection\":[\"DISP Strasbourg\"],\"inLanguage\":\"fr-FR\",\"potentialAction\":[{\"@type\":\"CommentAction\",\"name\":\"Comment\",\"target\":[\"https:\\\/\\\/fojustice.fr\\\/web\\\/prison-de-toul-agression-au-quartier-disciplinaire-ca-suffit\\\/#respond\"]}]},{\"@type\":\"WebPage\",\"@id\":\"https:\\\/\\\/fojustice.fr\\\/web\\\/prison-de-toul-agression-au-quartier-disciplinaire-ca-suffit\\\/\",\"url\":\"https:\\\/\\\/fojustice.fr\\\/web\\\/prison-de-toul-agression-au-quartier-disciplinaire-ca-suffit\\\/\",\"name\":\"Prison de Toul : Agression au quartier disciplinaire, \u00e7a suffit ! - Syndicat FO Justice\",\"isPartOf\":{\"@id\":\"https:\\\/\\\/fojustice.fr\\\/web\\\/#website\"},\"primaryImageOfPage\":{\"@id\":\"https:\\\/\\\/fojustice.fr\\\/web\\\/prison-de-toul-agression-au-quartier-disciplinaire-ca-suffit\\\/#primaryimage\"},\"image\":{\"@id\":\"https:\\\/\\\/fojustice.fr\\\/web\\\/prison-de-toul-agression-au-quartier-disciplinaire-ca-suffit\\\/#primaryimage\"},\"thumbnailUrl\":\"https:\\\/\\\/fojustice.fr\\\/web\\\/wp-content\\\/uploads\\\/2024\\\/06\\\/WhatsApp-Image-2019-06-30-at-20.35.24.jpeg\",\"datePublished\":\"2026-09-03T15:25:07+00:00\",\"description\":\"Syndicat FO Justice - DISP Strasbourg - Prison de Toul : Agression au quartier disciplinaire, \u00e7a suffit !\",\"breadcrumb\":{\"@id\":\"https:\\\/\\\/fojustice.fr\\\/web\\\/prison-de-toul-agression-au-quartier-disciplinaire-ca-suffit\\\/#breadcrumb\"},\"inLanguage\":\"fr-FR\",\"potentialAction\":[{\"@type\":\"ReadAction\",\"target\":[\"https:\\\/\\\/fojustice.fr\\\/web\\\/prison-de-toul-agression-au-quartier-disciplinaire-ca-suffit\\\/\"]}]},{\"@type\":\"ImageObject\",\"inLanguage\":\"fr-FR\",\"@id\":\"https:\\\/\\\/fojustice.fr\\\/web\\\/prison-de-toul-agression-au-quartier-disciplinaire-ca-suffit\\\/#primaryimage\",\"url\":\"https:\\\/\\\/fojustice.fr\\\/web\\\/wp-content\\\/uploads\\\/2024\\\/06\\\/WhatsApp-Image-2019-06-30-at-20.35.24.jpeg\",\"contentUrl\":\"https:\\\/\\\/fojustice.fr\\\/web\\\/wp-content\\\/uploads\\\/2024\\\/06\\\/WhatsApp-Image-2019-06-30-at-20.35.24.jpeg\",\"width\":1024,\"height\":768},{\"@type\":\"BreadcrumbList\",\"@id\":\"https:\\\/\\\/fojustice.fr\\\/web\\\/prison-de-toul-agression-au-quartier-disciplinaire-ca-suffit\\\/#breadcrumb\",\"itemListElement\":[{\"@type\":\"ListItem\",\"position\":1,\"name\":\"Accueil\",\"item\":\"https:\\\/\\\/fojustice.fr\\\/web\\\/\"},{\"@type\":\"ListItem\",\"position\":2,\"name\":\"Prison de Toul : Agression au quartier disciplinaire, \u00e7a suffit !\"}]},{\"@type\":\"WebSite\",\"@id\":\"https:\\\/\\\/fojustice.fr\\\/web\\\/#website\",\"url\":\"https:\\\/\\\/fojustice.fr\\\/web\\\/\",\"name\":\"Syndicat FO Justice\",\"description\":\"Site du Syndicat National FO Justice\",\"publisher\":{\"@id\":\"https:\\\/\\\/fojustice.fr\\\/web\\\/#organization\"},\"alternateName\":\"Syndicat National FO Justice\",\"potentialAction\":[{\"@type\":\"SearchAction\",\"target\":{\"@type\":\"EntryPoint\",\"urlTemplate\":\"https:\\\/\\\/fojustice.fr\\\/web\\\/?s={search_term_string}\"},\"query-input\":{\"@type\":\"PropertyValueSpecification\",\"valueRequired\":true,\"valueName\":\"search_term_string\"}}],\"inLanguage\":\"fr-FR\"},{\"@type\":\"Organization\",\"@id\":\"https:\\\/\\\/fojustice.fr\\\/web\\\/#organization\",\"name\":\"Syndicat National FO Justice\",\"alternateName\":\"Syndicat National FO Justice\",\"url\":\"https:\\\/\\\/fojustice.fr\\\/web\\\/\",\"logo\":{\"@type\":\"ImageObject\",\"inLanguage\":\"fr-FR\",\"@id\":\"https:\\\/\\\/fojustice.fr\\\/web\\\/#\\\/schema\\\/logo\\\/image\\\/\",\"url\":\"https:\\\/\\\/fojustice.fr\\\/web\\\/wp-content\\\/uploads\\\/2022\\\/03\\\/logo-fo-justice.png\",\"contentUrl\":\"https:\\\/\\\/fojustice.fr\\\/web\\\/wp-content\\\/uploads\\\/2022\\\/03\\\/logo-fo-justice.png\",\"width\":800,\"height\":800,\"caption\":\"Syndicat National FO Justice\"},\"image\":{\"@id\":\"https:\\\/\\\/fojustice.fr\\\/web\\\/#\\\/schema\\\/logo\\\/image\\\/\"},\"sameAs\":[\"https:\\\/\\\/www.facebook.com\\\/SyndicatFoJustice\",\"https:\\\/\\\/x.com\\\/SyndFoJustice\"]},{\"@type\":\"Person\",\"@id\":\"https:\\\/\\\/fojustice.fr\\\/web\\\/#\\\/schema\\\/person\\\/a51cb9c3495ce0ca62b78fc96ac3bf9f\",\"name\":\"adminfojustice\",\"image\":{\"@type\":\"ImageObject\",\"inLanguage\":\"fr-FR\",\"@id\":\"https:\\\/\\\/secure.gravatar.com\\\/avatar\\\/368884c0ecc46e53d83c0c3c0af4c6c30a6bbc2aab7535848950f43a950bfd4e?s=96&d=mm&r=g\",\"url\":\"https:\\\/\\\/secure.gravatar.com\\\/avatar\\\/368884c0ecc46e53d83c0c3c0af4c6c30a6bbc2aab7535848950f43a950bfd4e?s=96&d=mm&r=g\",\"contentUrl\":\"https:\\\/\\\/secure.gravatar.com\\\/avatar\\\/368884c0ecc46e53d83c0c3c0af4c6c30a6bbc2aab7535848950f43a950bfd4e?s=96&d=mm&r=g\",\"caption\":\"adminfojustice\"},\"sameAs\":[\"https:\\\/\\\/www.fojustice.fr\\\/web\"],\"url\":\"https:\\\/\\\/fojustice.fr\\\/web\\\/author\\\/adminfojustice\\\/\"}]}<\/script>\n<!-- \/ Yoast SEO plugin. -->","yoast_head_json":{"title":"Prison de Toul : Agression au quartier disciplinaire, \u00e7a suffit ! - Syndicat FO Justice","description":"Syndicat FO Justice - DISP Strasbourg - Prison de Toul : Agression au quartier disciplinaire, \u00e7a suffit !","robots":{"index":"index","follow":"follow","max-snippet":"max-snippet:-1","max-image-preview":"max-image-preview:large","max-video-preview":"max-video-preview:-1"},"canonical":"https:\/\/fojustice.fr\/web\/prison-de-toul-agression-au-quartier-disciplinaire-ca-suffit\/","og_locale":"fr_FR","og_type":"article","og_title":"Prison de Toul : Agression au quartier disciplinaire, \u00e7a suffit ! - Syndicat FO Justice","og_description":"Syndicat FO Justice - DISP Strasbourg - Prison de Toul : Agression au quartier disciplinaire, \u00e7a suffit !","og_url":"https:\/\/fojustice.fr\/web\/prison-de-toul-agression-au-quartier-disciplinaire-ca-suffit\/","og_site_name":"Syndicat FO Justice","article_publisher":"https:\/\/www.facebook.com\/SyndicatFoJustice","article_published_time":"2026-09-03T15:25:07+00:00","og_image":[{"width":1024,"height":768,"url":"https:\/\/fojustice.fr\/web\/wp-content\/uploads\/2024\/06\/WhatsApp-Image-2019-06-30-at-20.35.24.jpeg","type":"image\/jpeg"}],"author":"adminfojustice","twitter_card":"summary_large_image","twitter_creator":"@SyndFoJustice","twitter_site":"@SyndFoJustice","twitter_misc":{"\u00c9crit par":"adminfojustice","Dur\u00e9e de lecture estim\u00e9e":"1 minute"},"schema":{"@context":"https:\/\/schema.org","@graph":[{"@type":"NewsArticle","@id":"https:\/\/fojustice.fr\/web\/prison-de-toul-agression-au-quartier-disciplinaire-ca-suffit\/#article","isPartOf":{"@id":"https:\/\/fojustice.fr\/web\/prison-de-toul-agression-au-quartier-disciplinaire-ca-suffit\/"},"author":{"name":"adminfojustice","@id":"https:\/\/fojustice.fr\/web\/#\/schema\/person\/a51cb9c3495ce0ca62b78fc96ac3bf9f"},"headline":"Prison de Toul : Agression au quartier disciplinaire, \u00e7a suffit !","datePublished":"2026-09-03T15:25:07+00:00","mainEntityOfPage":{"@id":"https:\/\/fojustice.fr\/web\/prison-de-toul-agression-au-quartier-disciplinaire-ca-suffit\/"},"wordCount":200,"commentCount":0,"publisher":{"@id":"https:\/\/fojustice.fr\/web\/#organization"},"image":{"@id":"https:\/\/fojustice.fr\/web\/prison-de-toul-agression-au-quartier-disciplinaire-ca-suffit\/#primaryimage"},"thumbnailUrl":"https:\/\/fojustice.fr\/web\/wp-content\/uploads\/2024\/06\/WhatsApp-Image-2019-06-30-at-20.35.24.jpeg","articleSection":["DISP Strasbourg"],"inLanguage":"fr-FR","potentialAction":[{"@type":"CommentAction","name":"Comment","target":["https:\/\/fojustice.fr\/web\/prison-de-toul-agression-au-quartier-disciplinaire-ca-suffit\/#respond"]}]},{"@type":"WebPage","@id":"https:\/\/fojustice.fr\/web\/prison-de-toul-agression-au-quartier-disciplinaire-ca-suffit\/","url":"https:\/\/fojustice.fr\/web\/prison-de-toul-agression-au-quartier-disciplinaire-ca-suffit\/","name":"Prison de Toul : Agression au quartier disciplinaire, \u00e7a suffit ! - Syndicat FO Justice","isPartOf":{"@id":"https:\/\/fojustice.fr\/web\/#website"},"primaryImageOfPage":{"@id":"https:\/\/fojustice.fr\/web\/prison-de-toul-agression-au-quartier-disciplinaire-ca-suffit\/#primaryimage"},"image":{"@id":"https:\/\/fojustice.fr\/web\/prison-de-toul-agression-au-quartier-disciplinaire-ca-suffit\/#primaryimage"},"thumbnailUrl":"https:\/\/fojustice.fr\/web\/wp-content\/uploads\/2024\/06\/WhatsApp-Image-2019-06-30-at-20.35.24.jpeg","datePublished":"2026-09-03T15:25:07+00:00","description":"Syndicat FO Justice - DISP Strasbourg - Prison de Toul : Agression au quartier disciplinaire, \u00e7a suffit !","breadcrumb":{"@id":"https:\/\/fojustice.fr\/web\/prison-de-toul-agression-au-quartier-disciplinaire-ca-suffit\/#breadcrumb"},"inLanguage":"fr-FR","potentialAction":[{"@type":"ReadAction","target":["https:\/\/fojustice.fr\/web\/prison-de-toul-agression-au-quartier-disciplinaire-ca-suffit\/"]}]},{"@type":"ImageObject","inLanguage":"fr-FR","@id":"https:\/\/fojustice.fr\/web\/prison-de-toul-agression-au-quartier-disciplinaire-ca-suffit\/#primaryimage","url":"https:\/\/fojustice.fr\/web\/wp-content\/uploads\/2024\/06\/WhatsApp-Image-2019-06-30-at-20.35.24.jpeg","contentUrl":"https:\/\/fojustice.fr\/web\/wp-content\/uploads\/2024\/06\/WhatsApp-Image-2019-06-30-at-20.35.24.jpeg","width":1024,"height":768},{"@type":"BreadcrumbList","@id":"https:\/\/fojustice.fr\/web\/prison-de-toul-agression-au-quartier-disciplinaire-ca-suffit\/#breadcrumb","itemListElement":[{"@type":"ListItem","position":1,"name":"Accueil","item":"https:\/\/fojustice.fr\/web\/"},{"@type":"ListItem","position":2,"name":"Prison de Toul : Agression au quartier disciplinaire, \u00e7a suffit !"}]},{"@type":"WebSite","@id":"https:\/\/fojustice.fr\/web\/#website","url":"https:\/\/fojustice.fr\/web\/","name":"Syndicat FO Justice","description":"Site du Syndicat National FO Justice","publisher":{"@id":"https:\/\/fojustice.fr\/web\/#organization"},"alternateName":"Syndicat National FO Justice","potentialAction":[{"@type":"SearchAction","target":{"@type":"EntryPoint","urlTemplate":"https:\/\/fojustice.fr\/web\/?s={search_term_string}"},"query-input":{"@type":"PropertyValueSpecification","valueRequired":true,"valueName":"search_term_string"}}],"inLanguage":"fr-FR"},{"@type":"Organization","@id":"https:\/\/fojustice.fr\/web\/#organization","name":"Syndicat National FO Justice","alternateName":"Syndicat National FO Justice","url":"https:\/\/fojustice.fr\/web\/","logo":{"@type":"ImageObject","inLanguage":"fr-FR","@id":"https:\/\/fojustice.fr\/web\/#\/schema\/logo\/image\/","url":"https:\/\/fojustice.fr\/web\/wp-content\/uploads\/2022\/03\/logo-fo-justice.png","contentUrl":"https:\/\/fojustice.fr\/web\/wp-content\/uploads\/2022\/03\/logo-fo-justice.png","width":800,"height":800,"caption":"Syndicat National FO Justice"},"image":{"@id":"https:\/\/fojustice.fr\/web\/#\/schema\/logo\/image\/"},"sameAs":["https:\/\/www.facebook.com\/SyndicatFoJustice","https:\/\/x.com\/SyndFoJustice"]},{"@type":"Person","@id":"https:\/\/fojustice.fr\/web\/#\/schema\/person\/a51cb9c3495ce0ca62b78fc96ac3bf9f","name":"adminfojustice","image":{"@type":"ImageObject","inLanguage":"fr-FR","@id":"https:\/\/secure.gravatar.com\/avatar\/368884c0ecc46e53d83c0c3c0af4c6c30a6bbc2aab7535848950f43a950bfd4e?s=96&d=mm&r=g","url":"https:\/\/secure.gravatar.com\/avatar\/368884c0ecc46e53d83c0c3c0af4c6c30a6bbc2aab7535848950f43a950bfd4e?s=96&d=mm&r=g","contentUrl":"https:\/\/secure.gravatar.com\/avatar\/368884c0ecc46e53d83c0c3c0af4c6c30a6bbc2aab7535848950f43a950bfd4e?s=96&d=mm&r=g","caption":"adminfojustice"},"sameAs":["https:\/\/www.fojustice.fr\/web"],"url":"https:\/\/fojustice.fr\/web\/author\/adminfojustice\/"}]}},"jetpack_shortlink":"https:\/\/wp.me\/pdNWl1-dqB","jetpack_sharing_enabled":true,"jetpack_featured_media_url":"https:\/\/fojustice.fr\/web\/wp-content\/uploads\/2024\/06\/WhatsApp-Image-2019-06-30-at-20.35.24.jpeg","_links":{"self":[{"href":"https:\/\/fojustice.fr\/web\/wp-json\/wp\/v2\/posts\/51621","targetHints":{"allow":["GET"]}}],"collection":[{"href":"https:\/\/fojustice.fr\/web\/wp-json\/wp\/v2\/posts"}],"about":[{"href":"https:\/\/fojustice.fr\/web\/wp-json\/wp\/v2\/types\/post"}],"author":[{"embeddable":true,"href":"https:\/\/fojustice.fr\/web\/wp-json\/wp\/v2\/users\/1"}],"replies":[{"embeddable":true,"href":"https:\/\/fojustice.fr\/web\/wp-json\/wp\/v2\/comments?post=51621"}],"version-history":[{"count":1,"href":"https:\/\/fojustice.fr\/web\/wp-json\/wp\/v2\/posts\/51621\/revisions"}],"predecessor-version":[{"id":51623,"href":"https:\/\/fojustice.fr\/web\/wp-json\/wp\/v2\/posts\/51621\/revisions\/51623"}],"wp:featuredmedia":[{"embeddable":true,"href":"https:\/\/fojustice.fr\/web\/wp-json\/wp\/v2\/media\/24153"}],"wp:attachment":[{"href":"https:\/\/fojustice.fr\/web\/wp-json\/wp\/v2\/media?parent=51621"}],"wp:term":[{"taxonomy":"category","embeddable":true,"href":"https:\/\/fojustice.fr\/web\/wp-json\/wp\/v2\/categories?post=51621"},{"taxonomy":"post_tag","embeddable":true,"href":"https:\/\/fojustice.fr\/web\/wp-json\/wp\/v2\/tags?post=51621"}],"curies":[{"name":"wp","href":"https:\/\/api.w.org\/{rel}","templated":true}]}}