{"id":51616,"date":"2026-09-03T15:03:40","date_gmt":"2026-09-03T13:03:40","guid":{"rendered":"https:\/\/fojustice.fr\/web\/?p=51616"},"modified":"2026-09-03T15:03:40","modified_gmt":"2026-09-03T13:03:40","slug":"csl-val-de-briey-un-nouveau-bureau-local-a-votre-service","status":"publish","type":"post","link":"https:\/\/fojustice.fr\/web\/csl-val-de-briey-un-nouveau-bureau-local-a-votre-service\/","title":{"rendered":"CSL Val-de-Briey : Un nouveau bureau local \u00e0 votre service !"},"content":{"rendered":"<p class=\"p1\">Ch\u00e8res coll\u00e8gues, chers coll\u00e8gues,<\/p>\n<p class=\"p1\">\u00c0 l\u2019issue de l\u2019Assembl\u00e9e G\u00e9n\u00e9rale <span style=\"color: #ff0000;\"><strong><span class=\"s1\">FO Justice <\/span><\/strong><\/span>qui s\u2019est tenue le 02 Septembre 2026, nous avons le plaisir de vous annoncer la cr\u00e9ation officielle du<\/p>\n<p class=\"p2\" style=\"text-align: center;\"><span style=\"text-decoration: underline;\"><b><span style=\"color: #ff0000; text-decoration: underline;\">Bureau Local FO Justice<\/span> du Centre de Semi-Libert\u00e9 de Val de Briey<\/b><\/span><\/p>\n<p class=\"p1\">Cette nouvelle \u00e9quipe aura pour objectif de repr\u00e9senter, accompagner et d\u00e9fendre l\u2019ensemble des personnels, quels que soient leur corps, leur grade ou leur fonction.<\/p>\n<p class=\"p1\">Notre engagement sera clair : \u00eatre pr\u00e9sents sur le terrain, \u00eatre disponibles pour les agents, faire remonter leurs difficult\u00e9s et porter leurs revendications aupr\u00e8s de l\u2019administration.<\/p>\n<p class=\"p1\">Cette \u00e9quipe est d\u00e9sormais \u00e0 votre disposition pour vous informer, vous accompagner et vous repr\u00e9senter.<\/p>\n<p class=\"p1\">N\u2019h\u00e9sitez pas \u00e0 venir \u00e0 notre rencontre, \u00e0 nous solliciter ou \u00e0 nous faire remonter les probl\u00e9matiques rencontr\u00e9es dans votre quotidien professionnel.<\/p>\n<p class=\"p2\" style=\"text-align: center;\"><b>Une \u00e9quipe locale, proche du terrain et au service des personnels.<\/b><\/p>\n<p><a href=\"https:\/\/fojustice.fr\/web\/wp-content\/uploads\/2026\/09\/Tract-Assemblee-Generale-Val-de-Briey.pdf\">Lire le communiqu\u00e9<\/a><\/p>\n","protected":false},"excerpt":{"rendered":"<p>Ch\u00e8res coll\u00e8gues, chers coll\u00e8gues, \u00c0 l\u2019issue de l\u2019Assembl\u00e9e G\u00e9n\u00e9rale FO Justice qui s\u2019est tenue le 02 Septembre 2026, nous avons le plaisir de vous annoncer la cr\u00e9ation officielle du Bureau Local FO Justice du Centre de Semi-Libert\u00e9 de Val de Briey Cette nouvelle \u00e9quipe aura pour objectif de repr\u00e9senter, accompagner et d\u00e9fendre l\u2019ensemble des personnels, [&hellip;]<\/p>\n","protected":false},"author":1,"featured_media":51618,"comment_status":"open","ping_status":"open","sticky":false,"template":"","format":"standard","meta":{"_jetpack_newsletter_access":"","_jetpack_dont_email_post_to_subs":true,"_jetpack_newsletter_tier_id":0,"_jetpack_memberships_contains_paywalled_content":false,"page_builder":"","_jetpack_feature_clip_id":0,"_jetpack_memberships_contains_paid_content":false,"footnotes":"","jetpack_post_was_ever_published":false,"_members_access_role":[],"_members_access_error":""},"categories":[36],"tags":[],"class_list":["post-51616","post","type-post","status-publish","format-standard","has-post-thumbnail","hentry","category-disp-strasbourg"],"yoast_head":"<!-- This site is optimized with the Yoast SEO plugin v28.4 - https:\/\/yoast.com\/product\/yoast-seo-wordpress\/ -->\n<title>CSL Val-de-Briey : Un nouveau bureau local \u00e0 votre service ! - Syndicat FO Justice<\/title>\n<meta name=\"description\" content=\"Syndicat FO Justice - DISP Strasbourg - CSL Val-de-Briey : Un nouveau bureau local \u00e0 votre service !\" \/>\n<meta name=\"robots\" content=\"index, follow, max-snippet:-1, max-image-preview:large, max-video-preview:-1\" \/>\n<link rel=\"canonical\" href=\"https:\/\/fojustice.fr\/web\/csl-val-de-briey-un-nouveau-bureau-local-a-votre-service\/\" \/>\n<meta property=\"og:locale\" content=\"fr_FR\" \/>\n<meta property=\"og:type\" content=\"article\" \/>\n<meta property=\"og:title\" content=\"CSL Val-de-Briey : Un nouveau bureau local \u00e0 votre service ! - Syndicat FO Justice\" \/>\n<meta property=\"og:description\" content=\"Syndicat FO Justice - DISP Strasbourg - CSL Val-de-Briey : Un nouveau bureau local \u00e0 votre service !\" \/>\n<meta property=\"og:url\" content=\"https:\/\/fojustice.fr\/web\/csl-val-de-briey-un-nouveau-bureau-local-a-votre-service\/\" \/>\n<meta property=\"og:site_name\" content=\"Syndicat FO Justice\" \/>\n<meta property=\"article:publisher\" content=\"https:\/\/www.facebook.com\/SyndicatFoJustice\" \/>\n<meta property=\"article:published_time\" content=\"2026-09-03T13:03:40+00:00\" \/>\n<meta property=\"og:image\" content=\"https:\/\/fojustice.fr\/web\/wp-content\/uploads\/2026\/09\/Capture-decran-2026-09-03-a-15.00.27-1024x571.png\" \/>\n\t<meta property=\"og:image:width\" content=\"1024\" \/>\n\t<meta property=\"og:image:height\" content=\"571\" \/>\n\t<meta property=\"og:image:type\" content=\"image\/png\" \/>\n<meta name=\"author\" content=\"adminfojustice\" \/>\n<meta name=\"twitter:card\" content=\"summary_large_image\" \/>\n<meta name=\"twitter:creator\" content=\"@SyndFoJustice\" \/>\n<meta name=\"twitter:site\" content=\"@SyndFoJustice\" \/>\n<meta name=\"twitter:label1\" content=\"\u00c9crit par\" \/>\n\t<meta name=\"twitter:data1\" content=\"adminfojustice\" \/>\n\t<meta name=\"twitter:label2\" content=\"Dur\u00e9e de lecture estim\u00e9e\" \/>\n\t<meta name=\"twitter:data2\" content=\"1 minute\" \/>\n<script type=\"application\/ld+json\" class=\"yoast-schema-graph\">{\"@context\":\"https:\\\/\\\/schema.org\",\"@graph\":[{\"@type\":\"NewsArticle\",\"@id\":\"https:\\\/\\\/fojustice.fr\\\/web\\\/csl-val-de-briey-un-nouveau-bureau-local-a-votre-service\\\/#article\",\"isPartOf\":{\"@id\":\"https:\\\/\\\/fojustice.fr\\\/web\\\/csl-val-de-briey-un-nouveau-bureau-local-a-votre-service\\\/\"},\"author\":{\"name\":\"adminfojustice\",\"@id\":\"https:\\\/\\\/fojustice.fr\\\/web\\\/#\\\/schema\\\/person\\\/a51cb9c3495ce0ca62b78fc96ac3bf9f\"},\"headline\":\"CSL Val-de-Briey : Un nouveau bureau local \u00e0 votre service !\",\"datePublished\":\"2026-09-03T13:03:40+00:00\",\"mainEntityOfPage\":{\"@id\":\"https:\\\/\\\/fojustice.fr\\\/web\\\/csl-val-de-briey-un-nouveau-bureau-local-a-votre-service\\\/\"},\"wordCount\":164,\"commentCount\":0,\"publisher\":{\"@id\":\"https:\\\/\\\/fojustice.fr\\\/web\\\/#organization\"},\"image\":{\"@id\":\"https:\\\/\\\/fojustice.fr\\\/web\\\/csl-val-de-briey-un-nouveau-bureau-local-a-votre-service\\\/#primaryimage\"},\"thumbnailUrl\":\"https:\\\/\\\/fojustice.fr\\\/web\\\/wp-content\\\/uploads\\\/2026\\\/09\\\/Capture-decran-2026-09-03-a-15.00.27-scaled.png\",\"articleSection\":[\"DISP Strasbourg\"],\"inLanguage\":\"fr-FR\",\"potentialAction\":[{\"@type\":\"CommentAction\",\"name\":\"Comment\",\"target\":[\"https:\\\/\\\/fojustice.fr\\\/web\\\/csl-val-de-briey-un-nouveau-bureau-local-a-votre-service\\\/#respond\"]}]},{\"@type\":\"WebPage\",\"@id\":\"https:\\\/\\\/fojustice.fr\\\/web\\\/csl-val-de-briey-un-nouveau-bureau-local-a-votre-service\\\/\",\"url\":\"https:\\\/\\\/fojustice.fr\\\/web\\\/csl-val-de-briey-un-nouveau-bureau-local-a-votre-service\\\/\",\"name\":\"CSL Val-de-Briey : Un nouveau bureau local \u00e0 votre service ! - Syndicat FO Justice\",\"isPartOf\":{\"@id\":\"https:\\\/\\\/fojustice.fr\\\/web\\\/#website\"},\"primaryImageOfPage\":{\"@id\":\"https:\\\/\\\/fojustice.fr\\\/web\\\/csl-val-de-briey-un-nouveau-bureau-local-a-votre-service\\\/#primaryimage\"},\"image\":{\"@id\":\"https:\\\/\\\/fojustice.fr\\\/web\\\/csl-val-de-briey-un-nouveau-bureau-local-a-votre-service\\\/#primaryimage\"},\"thumbnailUrl\":\"https:\\\/\\\/fojustice.fr\\\/web\\\/wp-content\\\/uploads\\\/2026\\\/09\\\/Capture-decran-2026-09-03-a-15.00.27-scaled.png\",\"datePublished\":\"2026-09-03T13:03:40+00:00\",\"description\":\"Syndicat FO Justice - DISP Strasbourg - CSL Val-de-Briey : Un nouveau bureau local \u00e0 votre service !\",\"breadcrumb\":{\"@id\":\"https:\\\/\\\/fojustice.fr\\\/web\\\/csl-val-de-briey-un-nouveau-bureau-local-a-votre-service\\\/#breadcrumb\"},\"inLanguage\":\"fr-FR\",\"potentialAction\":[{\"@type\":\"ReadAction\",\"target\":[\"https:\\\/\\\/fojustice.fr\\\/web\\\/csl-val-de-briey-un-nouveau-bureau-local-a-votre-service\\\/\"]}]},{\"@type\":\"ImageObject\",\"inLanguage\":\"fr-FR\",\"@id\":\"https:\\\/\\\/fojustice.fr\\\/web\\\/csl-val-de-briey-un-nouveau-bureau-local-a-votre-service\\\/#primaryimage\",\"url\":\"https:\\\/\\\/fojustice.fr\\\/web\\\/wp-content\\\/uploads\\\/2026\\\/09\\\/Capture-decran-2026-09-03-a-15.00.27-scaled.png\",\"contentUrl\":\"https:\\\/\\\/fojustice.fr\\\/web\\\/wp-content\\\/uploads\\\/2026\\\/09\\\/Capture-decran-2026-09-03-a-15.00.27-scaled.png\",\"width\":2048,\"height\":1141},{\"@type\":\"BreadcrumbList\",\"@id\":\"https:\\\/\\\/fojustice.fr\\\/web\\\/csl-val-de-briey-un-nouveau-bureau-local-a-votre-service\\\/#breadcrumb\",\"itemListElement\":[{\"@type\":\"ListItem\",\"position\":1,\"name\":\"Accueil\",\"item\":\"https:\\\/\\\/fojustice.fr\\\/web\\\/\"},{\"@type\":\"ListItem\",\"position\":2,\"name\":\"CSL Val-de-Briey : Un nouveau bureau local \u00e0 votre service !\"}]},{\"@type\":\"WebSite\",\"@id\":\"https:\\\/\\\/fojustice.fr\\\/web\\\/#website\",\"url\":\"https:\\\/\\\/fojustice.fr\\\/web\\\/\",\"name\":\"Syndicat FO Justice\",\"description\":\"Site du Syndicat National FO Justice\",\"publisher\":{\"@id\":\"https:\\\/\\\/fojustice.fr\\\/web\\\/#organization\"},\"alternateName\":\"Syndicat National FO Justice\",\"potentialAction\":[{\"@type\":\"SearchAction\",\"target\":{\"@type\":\"EntryPoint\",\"urlTemplate\":\"https:\\\/\\\/fojustice.fr\\\/web\\\/?s={search_term_string}\"},\"query-input\":{\"@type\":\"PropertyValueSpecification\",\"valueRequired\":true,\"valueName\":\"search_term_string\"}}],\"inLanguage\":\"fr-FR\"},{\"@type\":\"Organization\",\"@id\":\"https:\\\/\\\/fojustice.fr\\\/web\\\/#organization\",\"name\":\"Syndicat National FO Justice\",\"alternateName\":\"Syndicat National FO Justice\",\"url\":\"https:\\\/\\\/fojustice.fr\\\/web\\\/\",\"logo\":{\"@type\":\"ImageObject\",\"inLanguage\":\"fr-FR\",\"@id\":\"https:\\\/\\\/fojustice.fr\\\/web\\\/#\\\/schema\\\/logo\\\/image\\\/\",\"url\":\"https:\\\/\\\/fojustice.fr\\\/web\\\/wp-content\\\/uploads\\\/2022\\\/03\\\/logo-fo-justice.png\",\"contentUrl\":\"https:\\\/\\\/fojustice.fr\\\/web\\\/wp-content\\\/uploads\\\/2022\\\/03\\\/logo-fo-justice.png\",\"width\":800,\"height\":800,\"caption\":\"Syndicat National FO Justice\"},\"image\":{\"@id\":\"https:\\\/\\\/fojustice.fr\\\/web\\\/#\\\/schema\\\/logo\\\/image\\\/\"},\"sameAs\":[\"https:\\\/\\\/www.facebook.com\\\/SyndicatFoJustice\",\"https:\\\/\\\/x.com\\\/SyndFoJustice\"]},{\"@type\":\"Person\",\"@id\":\"https:\\\/\\\/fojustice.fr\\\/web\\\/#\\\/schema\\\/person\\\/a51cb9c3495ce0ca62b78fc96ac3bf9f\",\"name\":\"adminfojustice\",\"image\":{\"@type\":\"ImageObject\",\"inLanguage\":\"fr-FR\",\"@id\":\"https:\\\/\\\/secure.gravatar.com\\\/avatar\\\/368884c0ecc46e53d83c0c3c0af4c6c30a6bbc2aab7535848950f43a950bfd4e?s=96&d=mm&r=g\",\"url\":\"https:\\\/\\\/secure.gravatar.com\\\/avatar\\\/368884c0ecc46e53d83c0c3c0af4c6c30a6bbc2aab7535848950f43a950bfd4e?s=96&d=mm&r=g\",\"contentUrl\":\"https:\\\/\\\/secure.gravatar.com\\\/avatar\\\/368884c0ecc46e53d83c0c3c0af4c6c30a6bbc2aab7535848950f43a950bfd4e?s=96&d=mm&r=g\",\"caption\":\"adminfojustice\"},\"sameAs\":[\"https:\\\/\\\/www.fojustice.fr\\\/web\"],\"url\":\"https:\\\/\\\/fojustice.fr\\\/web\\\/author\\\/adminfojustice\\\/\"}]}<\/script>\n<!-- \/ Yoast SEO plugin. -->","yoast_head_json":{"title":"CSL Val-de-Briey : Un nouveau bureau local \u00e0 votre service ! - Syndicat FO Justice","description":"Syndicat FO Justice - DISP Strasbourg - CSL Val-de-Briey : Un nouveau bureau local \u00e0 votre service !","robots":{"index":"index","follow":"follow","max-snippet":"max-snippet:-1","max-image-preview":"max-image-preview:large","max-video-preview":"max-video-preview:-1"},"canonical":"https:\/\/fojustice.fr\/web\/csl-val-de-briey-un-nouveau-bureau-local-a-votre-service\/","og_locale":"fr_FR","og_type":"article","og_title":"CSL Val-de-Briey : Un nouveau bureau local \u00e0 votre service ! - Syndicat FO Justice","og_description":"Syndicat FO Justice - DISP Strasbourg - CSL Val-de-Briey : Un nouveau bureau local \u00e0 votre service !","og_url":"https:\/\/fojustice.fr\/web\/csl-val-de-briey-un-nouveau-bureau-local-a-votre-service\/","og_site_name":"Syndicat FO Justice","article_publisher":"https:\/\/www.facebook.com\/SyndicatFoJustice","article_published_time":"2026-09-03T13:03:40+00:00","og_image":[{"width":1024,"height":571,"url":"https:\/\/fojustice.fr\/web\/wp-content\/uploads\/2026\/09\/Capture-decran-2026-09-03-a-15.00.27-1024x571.png","type":"image\/png"}],"author":"adminfojustice","twitter_card":"summary_large_image","twitter_creator":"@SyndFoJustice","twitter_site":"@SyndFoJustice","twitter_misc":{"\u00c9crit par":"adminfojustice","Dur\u00e9e de lecture estim\u00e9e":"1 minute"},"schema":{"@context":"https:\/\/schema.org","@graph":[{"@type":"NewsArticle","@id":"https:\/\/fojustice.fr\/web\/csl-val-de-briey-un-nouveau-bureau-local-a-votre-service\/#article","isPartOf":{"@id":"https:\/\/fojustice.fr\/web\/csl-val-de-briey-un-nouveau-bureau-local-a-votre-service\/"},"author":{"name":"adminfojustice","@id":"https:\/\/fojustice.fr\/web\/#\/schema\/person\/a51cb9c3495ce0ca62b78fc96ac3bf9f"},"headline":"CSL Val-de-Briey : Un nouveau bureau local \u00e0 votre service !","datePublished":"2026-09-03T13:03:40+00:00","mainEntityOfPage":{"@id":"https:\/\/fojustice.fr\/web\/csl-val-de-briey-un-nouveau-bureau-local-a-votre-service\/"},"wordCount":164,"commentCount":0,"publisher":{"@id":"https:\/\/fojustice.fr\/web\/#organization"},"image":{"@id":"https:\/\/fojustice.fr\/web\/csl-val-de-briey-un-nouveau-bureau-local-a-votre-service\/#primaryimage"},"thumbnailUrl":"https:\/\/fojustice.fr\/web\/wp-content\/uploads\/2026\/09\/Capture-decran-2026-09-03-a-15.00.27-scaled.png","articleSection":["DISP Strasbourg"],"inLanguage":"fr-FR","potentialAction":[{"@type":"CommentAction","name":"Comment","target":["https:\/\/fojustice.fr\/web\/csl-val-de-briey-un-nouveau-bureau-local-a-votre-service\/#respond"]}]},{"@type":"WebPage","@id":"https:\/\/fojustice.fr\/web\/csl-val-de-briey-un-nouveau-bureau-local-a-votre-service\/","url":"https:\/\/fojustice.fr\/web\/csl-val-de-briey-un-nouveau-bureau-local-a-votre-service\/","name":"CSL Val-de-Briey : Un nouveau bureau local \u00e0 votre service ! - Syndicat FO Justice","isPartOf":{"@id":"https:\/\/fojustice.fr\/web\/#website"},"primaryImageOfPage":{"@id":"https:\/\/fojustice.fr\/web\/csl-val-de-briey-un-nouveau-bureau-local-a-votre-service\/#primaryimage"},"image":{"@id":"https:\/\/fojustice.fr\/web\/csl-val-de-briey-un-nouveau-bureau-local-a-votre-service\/#primaryimage"},"thumbnailUrl":"https:\/\/fojustice.fr\/web\/wp-content\/uploads\/2026\/09\/Capture-decran-2026-09-03-a-15.00.27-scaled.png","datePublished":"2026-09-03T13:03:40+00:00","description":"Syndicat FO Justice - DISP Strasbourg - CSL Val-de-Briey : Un nouveau bureau local \u00e0 votre service !","breadcrumb":{"@id":"https:\/\/fojustice.fr\/web\/csl-val-de-briey-un-nouveau-bureau-local-a-votre-service\/#breadcrumb"},"inLanguage":"fr-FR","potentialAction":[{"@type":"ReadAction","target":["https:\/\/fojustice.fr\/web\/csl-val-de-briey-un-nouveau-bureau-local-a-votre-service\/"]}]},{"@type":"ImageObject","inLanguage":"fr-FR","@id":"https:\/\/fojustice.fr\/web\/csl-val-de-briey-un-nouveau-bureau-local-a-votre-service\/#primaryimage","url":"https:\/\/fojustice.fr\/web\/wp-content\/uploads\/2026\/09\/Capture-decran-2026-09-03-a-15.00.27-scaled.png","contentUrl":"https:\/\/fojustice.fr\/web\/wp-content\/uploads\/2026\/09\/Capture-decran-2026-09-03-a-15.00.27-scaled.png","width":2048,"height":1141},{"@type":"BreadcrumbList","@id":"https:\/\/fojustice.fr\/web\/csl-val-de-briey-un-nouveau-bureau-local-a-votre-service\/#breadcrumb","itemListElement":[{"@type":"ListItem","position":1,"name":"Accueil","item":"https:\/\/fojustice.fr\/web\/"},{"@type":"ListItem","position":2,"name":"CSL Val-de-Briey : Un nouveau bureau local \u00e0 votre service !"}]},{"@type":"WebSite","@id":"https:\/\/fojustice.fr\/web\/#website","url":"https:\/\/fojustice.fr\/web\/","name":"Syndicat FO Justice","description":"Site du Syndicat National FO Justice","publisher":{"@id":"https:\/\/fojustice.fr\/web\/#organization"},"alternateName":"Syndicat National FO Justice","potentialAction":[{"@type":"SearchAction","target":{"@type":"EntryPoint","urlTemplate":"https:\/\/fojustice.fr\/web\/?s={search_term_string}"},"query-input":{"@type":"PropertyValueSpecification","valueRequired":true,"valueName":"search_term_string"}}],"inLanguage":"fr-FR"},{"@type":"Organization","@id":"https:\/\/fojustice.fr\/web\/#organization","name":"Syndicat National FO Justice","alternateName":"Syndicat National FO Justice","url":"https:\/\/fojustice.fr\/web\/","logo":{"@type":"ImageObject","inLanguage":"fr-FR","@id":"https:\/\/fojustice.fr\/web\/#\/schema\/logo\/image\/","url":"https:\/\/fojustice.fr\/web\/wp-content\/uploads\/2022\/03\/logo-fo-justice.png","contentUrl":"https:\/\/fojustice.fr\/web\/wp-content\/uploads\/2022\/03\/logo-fo-justice.png","width":800,"height":800,"caption":"Syndicat National FO Justice"},"image":{"@id":"https:\/\/fojustice.fr\/web\/#\/schema\/logo\/image\/"},"sameAs":["https:\/\/www.facebook.com\/SyndicatFoJustice","https:\/\/x.com\/SyndFoJustice"]},{"@type":"Person","@id":"https:\/\/fojustice.fr\/web\/#\/schema\/person\/a51cb9c3495ce0ca62b78fc96ac3bf9f","name":"adminfojustice","image":{"@type":"ImageObject","inLanguage":"fr-FR","@id":"https:\/\/secure.gravatar.com\/avatar\/368884c0ecc46e53d83c0c3c0af4c6c30a6bbc2aab7535848950f43a950bfd4e?s=96&d=mm&r=g","url":"https:\/\/secure.gravatar.com\/avatar\/368884c0ecc46e53d83c0c3c0af4c6c30a6bbc2aab7535848950f43a950bfd4e?s=96&d=mm&r=g","contentUrl":"https:\/\/secure.gravatar.com\/avatar\/368884c0ecc46e53d83c0c3c0af4c6c30a6bbc2aab7535848950f43a950bfd4e?s=96&d=mm&r=g","caption":"adminfojustice"},"sameAs":["https:\/\/www.fojustice.fr\/web"],"url":"https:\/\/fojustice.fr\/web\/author\/adminfojustice\/"}]}},"jetpack_shortlink":"https:\/\/wp.me\/pdNWl1-dqw","jetpack_sharing_enabled":true,"jetpack_featured_media_url":"https:\/\/fojustice.fr\/web\/wp-content\/uploads\/2026\/09\/Capture-decran-2026-09-03-a-15.00.27-scaled.png","_links":{"self":[{"href":"https:\/\/fojustice.fr\/web\/wp-json\/wp\/v2\/posts\/51616","targetHints":{"allow":["GET"]}}],"collection":[{"href":"https:\/\/fojustice.fr\/web\/wp-json\/wp\/v2\/posts"}],"about":[{"href":"https:\/\/fojustice.fr\/web\/wp-json\/wp\/v2\/types\/post"}],"author":[{"embeddable":true,"href":"https:\/\/fojustice.fr\/web\/wp-json\/wp\/v2\/users\/1"}],"replies":[{"embeddable":true,"href":"https:\/\/fojustice.fr\/web\/wp-json\/wp\/v2\/comments?post=51616"}],"version-history":[{"count":1,"href":"https:\/\/fojustice.fr\/web\/wp-json\/wp\/v2\/posts\/51616\/revisions"}],"predecessor-version":[{"id":51619,"href":"https:\/\/fojustice.fr\/web\/wp-json\/wp\/v2\/posts\/51616\/revisions\/51619"}],"wp:featuredmedia":[{"embeddable":true,"href":"https:\/\/fojustice.fr\/web\/wp-json\/wp\/v2\/media\/51618"}],"wp:attachment":[{"href":"https:\/\/fojustice.fr\/web\/wp-json\/wp\/v2\/media?parent=51616"}],"wp:term":[{"taxonomy":"category","embeddable":true,"href":"https:\/\/fojustice.fr\/web\/wp-json\/wp\/v2\/categories?post=51616"},{"taxonomy":"post_tag","embeddable":true,"href":"https:\/\/fojustice.fr\/web\/wp-json\/wp\/v2\/tags?post=51616"}],"curies":[{"name":"wp","href":"https:\/\/api.w.org\/{rel}","templated":true}]}}