{"id":51567,"date":"2026-09-02T17:21:18","date_gmt":"2026-09-02T15:21:18","guid":{"rendered":"https:\/\/fojustice.fr\/web\/?p=51567"},"modified":"2026-09-02T17:21:18","modified_gmt":"2026-09-02T15:21:18","slug":"greffe-correctionnel-de-nanterre-des-actes-pas-des-promesses","status":"publish","type":"post","link":"https:\/\/fojustice.fr\/web\/greffe-correctionnel-de-nanterre-des-actes-pas-des-promesses\/","title":{"rendered":"Greffe correctionnel de Nanterre : Des actes pas des promesses"},"content":{"rendered":"<p class=\"p1\"><span style=\"color: #000080;\"><b>Les coll\u00e8gues du greffe correctionnel de Nanterre sont en gr\u00e8ve illimit\u00e9e.<\/b><\/span><\/p>\n<p class=\"p1\"><span style=\"color: #000080;\"><b>Et ils ont raison de dire STOP.<\/b><\/span><\/p>\n<p class=\"p2\"><span style=\"color: #ff0000;\"><b>Cette mobilisation met en lumi\u00e8re une situation que FO Justice d\u00e9nonce depuis de <\/b><b>nombreux mois.<\/b><\/span><\/p>\n<p class=\"p3\"><strong><span style=\"color: #ff0000;\">\u21d2<\/span><\/strong> En mars 2025, nous \u00e9tions d\u00e9j\u00e0 intervenus pour d\u00e9fendre deux greffi\u00e8res stagiaires affect\u00e9s dans ce service. Elles d\u00e9non\u00e7aient des audiences tardives, le non-respect de leurs 35 heures, tuilage rapide et insuffisant lors des changements d\u2019affectation et des conditions de travail devenues inacceptables. Leur changement de service avait \u00e9t\u00e9 obtenu.<\/p>\n<p class=\"p3\"><b>Aujourd\u2019hui, la situation n\u2019a malheureusement pas \u00e9volu\u00e9.<\/b><\/p>\n<p class=\"p3\"><span style=\"color: #ff0000;\">\u21d2 <\/span>Le turn-over est permanent et certains coll\u00e8gues sont affect\u00e9s dans ce service, parfois sans l\u2019avoir choisi.<\/p>\n<p class=\"p2\"><span style=\"color: #ff0000;\"><b>Les coll\u00e8gues se succ\u00e8dent, mais les difficult\u00e9s demeurent.<\/b><\/span><\/p>\n<p class=\"p4\" style=\"text-align: center;\"><span style=\"color: #ff0000;\"><b>FO Justice demande des mesures concr\u00e8tes<\/b><\/span><\/p>\n<p class=\"p3\"><strong><span style=\"color: #ff0000;\">\u21d2<\/span> <\/strong>Nous demandons la mise en place d\u2019un groupe de travail, sur le mod\u00e8le de celui cr\u00e9e au JLD en mai 2025, o\u00f9 <span class=\"s2\" style=\"color: #ff0000;\"><b>FO Justice<\/b> <\/span>\u00e9tait \u00e9galement intervenu. Ce groupe doit r\u00e9unir chefs de juridiction, magistrats, chefs de service, greffiers et m\u00eame le barreau, afin de repenser l\u2019organisation des audiences et am\u00e9liorer durablement les conditions de travail.<\/p>\n<p class=\"p4\" style=\"text-align: center;\"><span style=\"color: #ff0000;\"><b>Les coll\u00e8gues m\u00e9ritent des actes, pas des promesses.<\/b><\/span><\/p>\n<p class=\"p4\" style=\"text-align: center;\"><span style=\"color: #ff0000;\"><b>FO Justice soutient pleinement les agents mobilis\u00e9s.<\/b><\/span><\/p>\n<p><a href=\"https:\/\/fojustice.fr\/web\/wp-content\/uploads\/2026\/09\/20260902-FO-Justice-SDGF-Greffe-corerctionnel-de-Nanterre-Des-actes-pas-des-promesses.pdf\">Lire le communiqu\u00e9<\/a><\/p>\n","protected":false},"excerpt":{"rendered":"<p>Les coll\u00e8gues du greffe correctionnel de Nanterre sont en gr\u00e8ve illimit\u00e9e. Et ils ont raison de dire STOP. Cette mobilisation met en lumi\u00e8re une situation que FO Justice d\u00e9nonce depuis de nombreux mois. \u21d2 En mars 2025, nous \u00e9tions d\u00e9j\u00e0 intervenus pour d\u00e9fendre deux greffi\u00e8res stagiaires affect\u00e9s dans ce service. Elles d\u00e9non\u00e7aient des audiences tardives, [&hellip;]<\/p>\n","protected":false},"author":1,"featured_media":51570,"comment_status":"open","ping_status":"open","sticky":false,"template":"","format":"standard","meta":{"_angie_page":false,"_jetpack_newsletter_access":"","_jetpack_dont_email_post_to_subs":true,"_jetpack_newsletter_tier_id":0,"_jetpack_memberships_contains_paywalled_content":false,"page_builder":"","_jetpack_feature_clip_id":0,"_jetpack_memberships_contains_paid_content":false,"footnotes":"","jetpack_post_was_ever_published":false,"_members_access_role":[],"_members_access_error":""},"categories":[28],"tags":[],"class_list":["post-51567","post","type-post","status-publish","format-standard","has-post-thumbnail","hentry","category-sdgf"],"yoast_head":"<!-- This site is optimized with the Yoast SEO plugin v28.4 - https:\/\/yoast.com\/product\/yoast-seo-wordpress\/ -->\n<title>Greffe correctionnel de Nanterre : Des actes pas des promesses - Syndicat FO Justice<\/title>\n<meta name=\"description\" content=\"Syndicat FO Justice - SDGF - Greffe correctionnel de Nanterre : Des actes pas des promesses\" \/>\n<meta name=\"robots\" content=\"index, follow, max-snippet:-1, max-image-preview:large, max-video-preview:-1\" \/>\n<link rel=\"canonical\" href=\"https:\/\/fojustice.fr\/web\/greffe-correctionnel-de-nanterre-des-actes-pas-des-promesses\/\" \/>\n<meta property=\"og:locale\" content=\"fr_FR\" \/>\n<meta property=\"og:type\" content=\"article\" \/>\n<meta property=\"og:title\" content=\"Greffe correctionnel de Nanterre : Des actes pas des promesses - Syndicat FO Justice\" \/>\n<meta property=\"og:description\" content=\"Syndicat FO Justice - SDGF - Greffe correctionnel de Nanterre : Des actes pas des promesses\" \/>\n<meta property=\"og:url\" content=\"https:\/\/fojustice.fr\/web\/greffe-correctionnel-de-nanterre-des-actes-pas-des-promesses\/\" \/>\n<meta property=\"og:site_name\" content=\"Syndicat FO Justice\" \/>\n<meta property=\"article:publisher\" content=\"https:\/\/www.facebook.com\/SyndicatFoJustice\" \/>\n<meta property=\"article:published_time\" content=\"2026-09-02T15:21:18+00:00\" \/>\n<meta property=\"og:image\" content=\"https:\/\/fojustice.fr\/web\/wp-content\/uploads\/2026\/09\/Capture-decran-2026-09-02-a-17.20.05.png\" \/>\n\t<meta property=\"og:image:width\" content=\"1266\" \/>\n\t<meta property=\"og:image:height\" content=\"716\" \/>\n\t<meta property=\"og:image:type\" content=\"image\/png\" \/>\n<meta name=\"author\" content=\"adminfojustice\" \/>\n<meta name=\"twitter:card\" content=\"summary_large_image\" \/>\n<meta name=\"twitter:creator\" content=\"@SyndFoJustice\" \/>\n<meta name=\"twitter:site\" content=\"@SyndFoJustice\" \/>\n<meta name=\"twitter:label1\" content=\"\u00c9crit par\" \/>\n\t<meta name=\"twitter:data1\" content=\"adminfojustice\" \/>\n\t<meta name=\"twitter:label2\" content=\"Dur\u00e9e de lecture estim\u00e9e\" \/>\n\t<meta name=\"twitter:data2\" content=\"1 minute\" \/>\n<script type=\"application\/ld+json\" class=\"yoast-schema-graph\">{\"@context\":\"https:\\\/\\\/schema.org\",\"@graph\":[{\"@type\":\"NewsArticle\",\"@id\":\"https:\\\/\\\/fojustice.fr\\\/web\\\/greffe-correctionnel-de-nanterre-des-actes-pas-des-promesses\\\/#article\",\"isPartOf\":{\"@id\":\"https:\\\/\\\/fojustice.fr\\\/web\\\/greffe-correctionnel-de-nanterre-des-actes-pas-des-promesses\\\/\"},\"author\":{\"name\":\"adminfojustice\",\"@id\":\"https:\\\/\\\/fojustice.fr\\\/web\\\/#\\\/schema\\\/person\\\/a51cb9c3495ce0ca62b78fc96ac3bf9f\"},\"headline\":\"Greffe correctionnel de Nanterre : Des actes pas des promesses\",\"datePublished\":\"2026-09-02T15:21:18+00:00\",\"mainEntityOfPage\":{\"@id\":\"https:\\\/\\\/fojustice.fr\\\/web\\\/greffe-correctionnel-de-nanterre-des-actes-pas-des-promesses\\\/\"},\"wordCount\":230,\"commentCount\":0,\"publisher\":{\"@id\":\"https:\\\/\\\/fojustice.fr\\\/web\\\/#organization\"},\"image\":{\"@id\":\"https:\\\/\\\/fojustice.fr\\\/web\\\/greffe-correctionnel-de-nanterre-des-actes-pas-des-promesses\\\/#primaryimage\"},\"thumbnailUrl\":\"https:\\\/\\\/fojustice.fr\\\/web\\\/wp-content\\\/uploads\\\/2026\\\/09\\\/Capture-decran-2026-09-02-a-17.20.05.png\",\"articleSection\":[\"SDGF\"],\"inLanguage\":\"fr-FR\",\"potentialAction\":[{\"@type\":\"CommentAction\",\"name\":\"Comment\",\"target\":[\"https:\\\/\\\/fojustice.fr\\\/web\\\/greffe-correctionnel-de-nanterre-des-actes-pas-des-promesses\\\/#respond\"]}]},{\"@type\":\"WebPage\",\"@id\":\"https:\\\/\\\/fojustice.fr\\\/web\\\/greffe-correctionnel-de-nanterre-des-actes-pas-des-promesses\\\/\",\"url\":\"https:\\\/\\\/fojustice.fr\\\/web\\\/greffe-correctionnel-de-nanterre-des-actes-pas-des-promesses\\\/\",\"name\":\"Greffe correctionnel de Nanterre : Des actes pas des promesses - Syndicat FO Justice\",\"isPartOf\":{\"@id\":\"https:\\\/\\\/fojustice.fr\\\/web\\\/#website\"},\"primaryImageOfPage\":{\"@id\":\"https:\\\/\\\/fojustice.fr\\\/web\\\/greffe-correctionnel-de-nanterre-des-actes-pas-des-promesses\\\/#primaryimage\"},\"image\":{\"@id\":\"https:\\\/\\\/fojustice.fr\\\/web\\\/greffe-correctionnel-de-nanterre-des-actes-pas-des-promesses\\\/#primaryimage\"},\"thumbnailUrl\":\"https:\\\/\\\/fojustice.fr\\\/web\\\/wp-content\\\/uploads\\\/2026\\\/09\\\/Capture-decran-2026-09-02-a-17.20.05.png\",\"datePublished\":\"2026-09-02T15:21:18+00:00\",\"description\":\"Syndicat FO Justice - SDGF - Greffe correctionnel de Nanterre : Des actes pas des promesses\",\"breadcrumb\":{\"@id\":\"https:\\\/\\\/fojustice.fr\\\/web\\\/greffe-correctionnel-de-nanterre-des-actes-pas-des-promesses\\\/#breadcrumb\"},\"inLanguage\":\"fr-FR\",\"potentialAction\":[{\"@type\":\"ReadAction\",\"target\":[\"https:\\\/\\\/fojustice.fr\\\/web\\\/greffe-correctionnel-de-nanterre-des-actes-pas-des-promesses\\\/\"]}]},{\"@type\":\"ImageObject\",\"inLanguage\":\"fr-FR\",\"@id\":\"https:\\\/\\\/fojustice.fr\\\/web\\\/greffe-correctionnel-de-nanterre-des-actes-pas-des-promesses\\\/#primaryimage\",\"url\":\"https:\\\/\\\/fojustice.fr\\\/web\\\/wp-content\\\/uploads\\\/2026\\\/09\\\/Capture-decran-2026-09-02-a-17.20.05.png\",\"contentUrl\":\"https:\\\/\\\/fojustice.fr\\\/web\\\/wp-content\\\/uploads\\\/2026\\\/09\\\/Capture-decran-2026-09-02-a-17.20.05.png\",\"width\":1266,\"height\":716},{\"@type\":\"BreadcrumbList\",\"@id\":\"https:\\\/\\\/fojustice.fr\\\/web\\\/greffe-correctionnel-de-nanterre-des-actes-pas-des-promesses\\\/#breadcrumb\",\"itemListElement\":[{\"@type\":\"ListItem\",\"position\":1,\"name\":\"Accueil\",\"item\":\"https:\\\/\\\/fojustice.fr\\\/web\\\/\"},{\"@type\":\"ListItem\",\"position\":2,\"name\":\"Greffe correctionnel de Nanterre : Des actes pas des promesses\"}]},{\"@type\":\"WebSite\",\"@id\":\"https:\\\/\\\/fojustice.fr\\\/web\\\/#website\",\"url\":\"https:\\\/\\\/fojustice.fr\\\/web\\\/\",\"name\":\"Syndicat FO Justice\",\"description\":\"Site du Syndicat National FO Justice\",\"publisher\":{\"@id\":\"https:\\\/\\\/fojustice.fr\\\/web\\\/#organization\"},\"alternateName\":\"Syndicat National FO Justice\",\"potentialAction\":[{\"@type\":\"SearchAction\",\"target\":{\"@type\":\"EntryPoint\",\"urlTemplate\":\"https:\\\/\\\/fojustice.fr\\\/web\\\/?s={search_term_string}\"},\"query-input\":{\"@type\":\"PropertyValueSpecification\",\"valueRequired\":true,\"valueName\":\"search_term_string\"}}],\"inLanguage\":\"fr-FR\"},{\"@type\":\"Organization\",\"@id\":\"https:\\\/\\\/fojustice.fr\\\/web\\\/#organization\",\"name\":\"Syndicat National FO Justice\",\"alternateName\":\"Syndicat National FO Justice\",\"url\":\"https:\\\/\\\/fojustice.fr\\\/web\\\/\",\"logo\":{\"@type\":\"ImageObject\",\"inLanguage\":\"fr-FR\",\"@id\":\"https:\\\/\\\/fojustice.fr\\\/web\\\/#\\\/schema\\\/logo\\\/image\\\/\",\"url\":\"https:\\\/\\\/fojustice.fr\\\/web\\\/wp-content\\\/uploads\\\/2022\\\/03\\\/logo-fo-justice.png\",\"contentUrl\":\"https:\\\/\\\/fojustice.fr\\\/web\\\/wp-content\\\/uploads\\\/2022\\\/03\\\/logo-fo-justice.png\",\"width\":800,\"height\":800,\"caption\":\"Syndicat National FO Justice\"},\"image\":{\"@id\":\"https:\\\/\\\/fojustice.fr\\\/web\\\/#\\\/schema\\\/logo\\\/image\\\/\"},\"sameAs\":[\"https:\\\/\\\/www.facebook.com\\\/SyndicatFoJustice\",\"https:\\\/\\\/x.com\\\/SyndFoJustice\"]},{\"@type\":\"Person\",\"@id\":\"https:\\\/\\\/fojustice.fr\\\/web\\\/#\\\/schema\\\/person\\\/a51cb9c3495ce0ca62b78fc96ac3bf9f\",\"name\":\"adminfojustice\",\"image\":{\"@type\":\"ImageObject\",\"inLanguage\":\"fr-FR\",\"@id\":\"https:\\\/\\\/secure.gravatar.com\\\/avatar\\\/368884c0ecc46e53d83c0c3c0af4c6c30a6bbc2aab7535848950f43a950bfd4e?s=96&d=mm&r=g\",\"url\":\"https:\\\/\\\/secure.gravatar.com\\\/avatar\\\/368884c0ecc46e53d83c0c3c0af4c6c30a6bbc2aab7535848950f43a950bfd4e?s=96&d=mm&r=g\",\"contentUrl\":\"https:\\\/\\\/secure.gravatar.com\\\/avatar\\\/368884c0ecc46e53d83c0c3c0af4c6c30a6bbc2aab7535848950f43a950bfd4e?s=96&d=mm&r=g\",\"caption\":\"adminfojustice\"},\"sameAs\":[\"https:\\\/\\\/www.fojustice.fr\\\/web\"],\"url\":\"https:\\\/\\\/fojustice.fr\\\/web\\\/author\\\/adminfojustice\\\/\"}]}<\/script>\n<!-- \/ Yoast SEO plugin. -->","yoast_head_json":{"title":"Greffe correctionnel de Nanterre : Des actes pas des promesses - Syndicat FO Justice","description":"Syndicat FO Justice - SDGF - Greffe correctionnel de Nanterre : Des actes pas des promesses","robots":{"index":"index","follow":"follow","max-snippet":"max-snippet:-1","max-image-preview":"max-image-preview:large","max-video-preview":"max-video-preview:-1"},"canonical":"https:\/\/fojustice.fr\/web\/greffe-correctionnel-de-nanterre-des-actes-pas-des-promesses\/","og_locale":"fr_FR","og_type":"article","og_title":"Greffe correctionnel de Nanterre : Des actes pas des promesses - Syndicat FO Justice","og_description":"Syndicat FO Justice - SDGF - Greffe correctionnel de Nanterre : Des actes pas des promesses","og_url":"https:\/\/fojustice.fr\/web\/greffe-correctionnel-de-nanterre-des-actes-pas-des-promesses\/","og_site_name":"Syndicat FO Justice","article_publisher":"https:\/\/www.facebook.com\/SyndicatFoJustice","article_published_time":"2026-09-02T15:21:18+00:00","og_image":[{"width":1266,"height":716,"url":"https:\/\/fojustice.fr\/web\/wp-content\/uploads\/2026\/09\/Capture-decran-2026-09-02-a-17.20.05.png","type":"image\/png"}],"author":"adminfojustice","twitter_card":"summary_large_image","twitter_creator":"@SyndFoJustice","twitter_site":"@SyndFoJustice","twitter_misc":{"\u00c9crit par":"adminfojustice","Dur\u00e9e de lecture estim\u00e9e":"1 minute"},"schema":{"@context":"https:\/\/schema.org","@graph":[{"@type":"NewsArticle","@id":"https:\/\/fojustice.fr\/web\/greffe-correctionnel-de-nanterre-des-actes-pas-des-promesses\/#article","isPartOf":{"@id":"https:\/\/fojustice.fr\/web\/greffe-correctionnel-de-nanterre-des-actes-pas-des-promesses\/"},"author":{"name":"adminfojustice","@id":"https:\/\/fojustice.fr\/web\/#\/schema\/person\/a51cb9c3495ce0ca62b78fc96ac3bf9f"},"headline":"Greffe correctionnel de Nanterre : Des actes pas des promesses","datePublished":"2026-09-02T15:21:18+00:00","mainEntityOfPage":{"@id":"https:\/\/fojustice.fr\/web\/greffe-correctionnel-de-nanterre-des-actes-pas-des-promesses\/"},"wordCount":230,"commentCount":0,"publisher":{"@id":"https:\/\/fojustice.fr\/web\/#organization"},"image":{"@id":"https:\/\/fojustice.fr\/web\/greffe-correctionnel-de-nanterre-des-actes-pas-des-promesses\/#primaryimage"},"thumbnailUrl":"https:\/\/fojustice.fr\/web\/wp-content\/uploads\/2026\/09\/Capture-decran-2026-09-02-a-17.20.05.png","articleSection":["SDGF"],"inLanguage":"fr-FR","potentialAction":[{"@type":"CommentAction","name":"Comment","target":["https:\/\/fojustice.fr\/web\/greffe-correctionnel-de-nanterre-des-actes-pas-des-promesses\/#respond"]}]},{"@type":"WebPage","@id":"https:\/\/fojustice.fr\/web\/greffe-correctionnel-de-nanterre-des-actes-pas-des-promesses\/","url":"https:\/\/fojustice.fr\/web\/greffe-correctionnel-de-nanterre-des-actes-pas-des-promesses\/","name":"Greffe correctionnel de Nanterre : Des actes pas des promesses - Syndicat FO Justice","isPartOf":{"@id":"https:\/\/fojustice.fr\/web\/#website"},"primaryImageOfPage":{"@id":"https:\/\/fojustice.fr\/web\/greffe-correctionnel-de-nanterre-des-actes-pas-des-promesses\/#primaryimage"},"image":{"@id":"https:\/\/fojustice.fr\/web\/greffe-correctionnel-de-nanterre-des-actes-pas-des-promesses\/#primaryimage"},"thumbnailUrl":"https:\/\/fojustice.fr\/web\/wp-content\/uploads\/2026\/09\/Capture-decran-2026-09-02-a-17.20.05.png","datePublished":"2026-09-02T15:21:18+00:00","description":"Syndicat FO Justice - SDGF - Greffe correctionnel de Nanterre : Des actes pas des promesses","breadcrumb":{"@id":"https:\/\/fojustice.fr\/web\/greffe-correctionnel-de-nanterre-des-actes-pas-des-promesses\/#breadcrumb"},"inLanguage":"fr-FR","potentialAction":[{"@type":"ReadAction","target":["https:\/\/fojustice.fr\/web\/greffe-correctionnel-de-nanterre-des-actes-pas-des-promesses\/"]}]},{"@type":"ImageObject","inLanguage":"fr-FR","@id":"https:\/\/fojustice.fr\/web\/greffe-correctionnel-de-nanterre-des-actes-pas-des-promesses\/#primaryimage","url":"https:\/\/fojustice.fr\/web\/wp-content\/uploads\/2026\/09\/Capture-decran-2026-09-02-a-17.20.05.png","contentUrl":"https:\/\/fojustice.fr\/web\/wp-content\/uploads\/2026\/09\/Capture-decran-2026-09-02-a-17.20.05.png","width":1266,"height":716},{"@type":"BreadcrumbList","@id":"https:\/\/fojustice.fr\/web\/greffe-correctionnel-de-nanterre-des-actes-pas-des-promesses\/#breadcrumb","itemListElement":[{"@type":"ListItem","position":1,"name":"Accueil","item":"https:\/\/fojustice.fr\/web\/"},{"@type":"ListItem","position":2,"name":"Greffe correctionnel de Nanterre : Des actes pas des promesses"}]},{"@type":"WebSite","@id":"https:\/\/fojustice.fr\/web\/#website","url":"https:\/\/fojustice.fr\/web\/","name":"Syndicat FO Justice","description":"Site du Syndicat National FO Justice","publisher":{"@id":"https:\/\/fojustice.fr\/web\/#organization"},"alternateName":"Syndicat National FO Justice","potentialAction":[{"@type":"SearchAction","target":{"@type":"EntryPoint","urlTemplate":"https:\/\/fojustice.fr\/web\/?s={search_term_string}"},"query-input":{"@type":"PropertyValueSpecification","valueRequired":true,"valueName":"search_term_string"}}],"inLanguage":"fr-FR"},{"@type":"Organization","@id":"https:\/\/fojustice.fr\/web\/#organization","name":"Syndicat National FO Justice","alternateName":"Syndicat National FO Justice","url":"https:\/\/fojustice.fr\/web\/","logo":{"@type":"ImageObject","inLanguage":"fr-FR","@id":"https:\/\/fojustice.fr\/web\/#\/schema\/logo\/image\/","url":"https:\/\/fojustice.fr\/web\/wp-content\/uploads\/2022\/03\/logo-fo-justice.png","contentUrl":"https:\/\/fojustice.fr\/web\/wp-content\/uploads\/2022\/03\/logo-fo-justice.png","width":800,"height":800,"caption":"Syndicat National FO Justice"},"image":{"@id":"https:\/\/fojustice.fr\/web\/#\/schema\/logo\/image\/"},"sameAs":["https:\/\/www.facebook.com\/SyndicatFoJustice","https:\/\/x.com\/SyndFoJustice"]},{"@type":"Person","@id":"https:\/\/fojustice.fr\/web\/#\/schema\/person\/a51cb9c3495ce0ca62b78fc96ac3bf9f","name":"adminfojustice","image":{"@type":"ImageObject","inLanguage":"fr-FR","@id":"https:\/\/secure.gravatar.com\/avatar\/368884c0ecc46e53d83c0c3c0af4c6c30a6bbc2aab7535848950f43a950bfd4e?s=96&d=mm&r=g","url":"https:\/\/secure.gravatar.com\/avatar\/368884c0ecc46e53d83c0c3c0af4c6c30a6bbc2aab7535848950f43a950bfd4e?s=96&d=mm&r=g","contentUrl":"https:\/\/secure.gravatar.com\/avatar\/368884c0ecc46e53d83c0c3c0af4c6c30a6bbc2aab7535848950f43a950bfd4e?s=96&d=mm&r=g","caption":"adminfojustice"},"sameAs":["https:\/\/www.fojustice.fr\/web"],"url":"https:\/\/fojustice.fr\/web\/author\/adminfojustice\/"}]}},"jetpack_shortlink":"https:\/\/wp.me\/pdNWl1-dpJ","jetpack_sharing_enabled":true,"jetpack_featured_media_url":"https:\/\/fojustice.fr\/web\/wp-content\/uploads\/2026\/09\/Capture-decran-2026-09-02-a-17.20.05.png","_links":{"self":[{"href":"https:\/\/fojustice.fr\/web\/wp-json\/wp\/v2\/posts\/51567","targetHints":{"allow":["GET"]}}],"collection":[{"href":"https:\/\/fojustice.fr\/web\/wp-json\/wp\/v2\/posts"}],"about":[{"href":"https:\/\/fojustice.fr\/web\/wp-json\/wp\/v2\/types\/post"}],"author":[{"embeddable":true,"href":"https:\/\/fojustice.fr\/web\/wp-json\/wp\/v2\/users\/1"}],"replies":[{"embeddable":true,"href":"https:\/\/fojustice.fr\/web\/wp-json\/wp\/v2\/comments?post=51567"}],"version-history":[{"count":1,"href":"https:\/\/fojustice.fr\/web\/wp-json\/wp\/v2\/posts\/51567\/revisions"}],"predecessor-version":[{"id":51571,"href":"https:\/\/fojustice.fr\/web\/wp-json\/wp\/v2\/posts\/51567\/revisions\/51571"}],"wp:featuredmedia":[{"embeddable":true,"href":"https:\/\/fojustice.fr\/web\/wp-json\/wp\/v2\/media\/51570"}],"wp:attachment":[{"href":"https:\/\/fojustice.fr\/web\/wp-json\/wp\/v2\/media?parent=51567"}],"wp:term":[{"taxonomy":"category","embeddable":true,"href":"https:\/\/fojustice.fr\/web\/wp-json\/wp\/v2\/categories?post=51567"},{"taxonomy":"post_tag","embeddable":true,"href":"https:\/\/fojustice.fr\/web\/wp-json\/wp\/v2\/tags?post=51567"}],"curies":[{"name":"wp","href":"https:\/\/api.w.org\/{rel}","templated":true}]}}