{"id":51562,"date":"2026-09-02T17:06:58","date_gmt":"2026-09-02T15:06:58","guid":{"rendered":"https:\/\/fojustice.fr\/web\/?p=51562"},"modified":"2026-09-02T17:06:58","modified_gmt":"2026-09-02T15:06:58","slug":"complementaire-sante-interial-fo-justice-refuse-des-propositions-honteuses","status":"publish","type":"post","link":"https:\/\/fojustice.fr\/web\/complementaire-sante-interial-fo-justice-refuse-des-propositions-honteuses\/","title":{"rendered":"Compl\u00e9mentaire sant\u00e9 Int\u00e9rial : FO Justice refuse des propositions honteuses !!!"},"content":{"rendered":"<p class=\"p1\"><span style=\"color: #000080;\"><b>Le 2 septembre 2026, la Commission Paritaire de Pilotage et de <\/b><b>Suivi (CPPS), qui r\u00e9unit l\u2019administration et les organisations <\/b><b>syndicales repr\u00e9sentatives au minist\u00e8re de la Justice pour <\/b><b>suivre la compl\u00e9mentaire <img decoding=\"async\" class=\"alignright wp-image-51564 size-thumbnail\" src=\"https:\/\/fojustice.fr\/web\/wp-content\/uploads\/2026\/09\/Capture-decran-2026-09-02-a-17.03.43-150x150.png\" alt=\"\" width=\"150\" height=\"150\" srcset=\"https:\/\/fojustice.fr\/web\/wp-content\/uploads\/2026\/09\/Capture-decran-2026-09-02-a-17.03.43-150x150.png 150w, https:\/\/fojustice.fr\/web\/wp-content\/uploads\/2026\/09\/Capture-decran-2026-09-02-a-17.03.43-100x100.png 100w\" sizes=\"(max-width: 150px) 100vw, 150px\" \/>sant\u00e9 des agents, devait aboutir \u00e0 une <\/b><b>baisse des cotisations mensuelles du socle et des options.<\/b><\/span><\/p>\n<p class=\"p2\">Depuis son communiqu\u00e9 du 10 juillet <b>\u00ab Mutuelle INT\u00c9RIALE \u2013 <\/b><span style=\"color: #ff0000;\"><span class=\"s1\"><b>FO <\/b><\/span><span class=\"s1\"><b>JUSTICE <\/b><\/span><\/span><b>exige une baisse des cotisations ! \u00bb, <\/b><span class=\"s1\"><b><span style=\"color: #ff0000;\">FO Justice<\/span> <\/b><\/span>porte une demande claire :<\/p>\n<p class=\"p3\" style=\"text-align: center;\"><span style=\"color: #ff0000;\"><b>&#8211; 15 % sur le socle<\/b><\/span><\/p>\n<p class=\"p3\" style=\"text-align: center;\"><span style=\"color: #ff0000;\"><b>&#8211; 30 % sur les options<\/b><\/span><\/p>\n<p class=\"p2\">Les projections 2026 du r\u00e9gime restent largement exc\u00e9dentaires et confirment qu\u2019une baisse des cotisations est possible.<\/p>\n<p class=\"p2\"><b>Pourtant, INT\u00c9RIALE ose proposer : Z\u00c9RO baisse sur le socle et seulement &#8211; 10 % sur les <\/b><b>options jusqu\u2019\u00e0 fin 2027 ! Une proposition INACCEPTABLE, tr\u00e8s loin des attentes des personnels !<\/b><\/p>\n<p class=\"p4\" style=\"text-align: center;\"><span style=\"color: #ff0000;\"><strong>FO JUSTICE A DIT NON !<\/strong><\/span><\/p>\n<p class=\"p5\" style=\"text-align: center;\"><span style=\"color: #ff0000;\"><strong>Pas question de cautionner des propositions au rabais !<\/strong><\/span><\/p>\n<p class=\"p5\" style=\"text-align: center;\"><span style=\"color: #ff0000;\"><b>Les r\u00e9sultats sont l\u00e0\u2026 les cotisations des agents doivent baisser !<\/b><\/span><\/p>\n<p class=\"p2\"><span class=\"s1\" style=\"color: #ff0000;\"><b>FO Justice<\/b> <\/span><b>refuse que les agents continuent de payer chaque mois au prix fort alors que les <\/b><b>r\u00e9sultats permettent une baisse de leurs cotisations.<\/b><\/p>\n<p class=\"p2\">Le secr\u00e9tariat g\u00e9n\u00e9ral du minist\u00e8re de la Justice a lui aussi jug\u00e9 ces propositions insuffisantes et demand\u00e9 \u00e0 INT\u00c9RIALE de revoir sa copie.<\/p>\n<p class=\"p4\" style=\"text-align: center;\"><strong><span style=\"color: #ff0000;\">AUCUN ACCORD N\u2019A DONC \u00c9T\u00c9 CONCLU !<\/span><\/strong><\/p>\n<p class=\"p2\">Une nouvelle r\u00e9union doit se tenir dans les prochains jours. INT\u00c9RIALE devra revenir avec une proposition s\u00e9rieuse pr\u00e9voyant une v\u00e9ritable baisse des cotisations mensuelles du socle et des options.<\/p>\n<p class=\"p4\" style=\"text-align: center;\"><strong><span style=\"color: #ff0000;\">FO JUSTICE NE L\u00c2CHERA RIEN !<\/span><\/strong><\/p>\n<p class=\"p2\" style=\"text-align: center;\"><strong>Les exc\u00e9dents financiers doivent servir \u00e0 r\u00e9duire la cotisation pay\u00e9e chaque mois par les agents !<\/strong><\/p>\n<p style=\"text-align: center;\"><span style=\"color: #ff0000;\"><strong>Moins de cotisations, c&#8217;est plus de pouvoir d&#8217;achat pour tous les personnels !<\/strong><\/span><\/p>\n<p><a href=\"https:\/\/fojustice.fr\/web\/wp-content\/uploads\/2026\/09\/20260902-FO-Justice-Complementaire-Sante-Interiale-FO-Justice-refuse-des-propostions-HONTEUSES.pdf\">Lire le communiqu\u00e9<\/a><\/p>\n","protected":false},"excerpt":{"rendered":"<p>Le 2 septembre 2026, la Commission Paritaire de Pilotage et de Suivi (CPPS), qui r\u00e9unit l\u2019administration et les organisations syndicales repr\u00e9sentatives au minist\u00e8re de la Justice pour suivre la compl\u00e9mentaire sant\u00e9 des agents, devait aboutir \u00e0 une baisse des cotisations mensuelles du socle et des options. Depuis son communiqu\u00e9 du 10 juillet \u00ab Mutuelle INT\u00c9RIALE [&hellip;]<\/p>\n","protected":false},"author":1,"featured_media":51565,"comment_status":"open","ping_status":"open","sticky":false,"template":"","format":"standard","meta":{"_angie_page":false,"_jetpack_newsletter_access":"","_jetpack_dont_email_post_to_subs":true,"_jetpack_newsletter_tier_id":0,"_jetpack_memberships_contains_paywalled_content":false,"page_builder":"","_jetpack_feature_clip_id":0,"_jetpack_memberships_contains_paid_content":false,"footnotes":"","jetpack_post_was_ever_published":false,"_members_access_role":[],"_members_access_error":""},"categories":[41],"tags":[],"class_list":["post-51562","post","type-post","status-publish","format-standard","has-post-thumbnail","hentry","category-national"],"yoast_head":"<!-- This site is optimized with the Yoast SEO plugin v28.4 - https:\/\/yoast.com\/product\/yoast-seo-wordpress\/ -->\n<title>Compl\u00e9mentaire sant\u00e9 Int\u00e9rial : FO Justice refuse des propositions honteuses !!! - Syndicat FO Justice<\/title>\n<meta name=\"description\" content=\"Syndicat FO Justice - NATIONAL - Compl\u00e9mentaire sant\u00e9 Int\u00e9rial : FO Justice refuse des propositions honteuses !!!\" \/>\n<meta name=\"robots\" content=\"index, follow, max-snippet:-1, max-image-preview:large, max-video-preview:-1\" \/>\n<link rel=\"canonical\" href=\"https:\/\/fojustice.fr\/web\/complementaire-sante-interial-fo-justice-refuse-des-propositions-honteuses\/\" \/>\n<meta property=\"og:locale\" content=\"fr_FR\" \/>\n<meta property=\"og:type\" content=\"article\" \/>\n<meta property=\"og:title\" content=\"Compl\u00e9mentaire sant\u00e9 Int\u00e9rial : FO Justice refuse des propositions honteuses !!! - Syndicat FO Justice\" \/>\n<meta property=\"og:description\" content=\"Syndicat FO Justice - NATIONAL - Compl\u00e9mentaire sant\u00e9 Int\u00e9rial : FO Justice refuse des propositions honteuses !!!\" \/>\n<meta property=\"og:url\" content=\"https:\/\/fojustice.fr\/web\/complementaire-sante-interial-fo-justice-refuse-des-propositions-honteuses\/\" \/>\n<meta property=\"og:site_name\" content=\"Syndicat FO Justice\" \/>\n<meta property=\"article:publisher\" content=\"https:\/\/www.facebook.com\/SyndicatFoJustice\" \/>\n<meta property=\"article:published_time\" content=\"2026-09-02T15:06:58+00:00\" \/>\n<meta property=\"og:image\" content=\"https:\/\/fojustice.fr\/web\/wp-content\/uploads\/2026\/09\/Capture-decran-2026-09-02-a-17.05.46.png\" \/>\n\t<meta property=\"og:image:width\" content=\"1286\" \/>\n\t<meta property=\"og:image:height\" content=\"720\" \/>\n\t<meta property=\"og:image:type\" content=\"image\/png\" \/>\n<meta name=\"author\" content=\"adminfojustice\" \/>\n<meta name=\"twitter:card\" content=\"summary_large_image\" \/>\n<meta name=\"twitter:creator\" content=\"@SyndFoJustice\" \/>\n<meta name=\"twitter:site\" content=\"@SyndFoJustice\" \/>\n<meta name=\"twitter:label1\" content=\"\u00c9crit par\" \/>\n\t<meta name=\"twitter:data1\" content=\"adminfojustice\" \/>\n\t<meta name=\"twitter:label2\" content=\"Dur\u00e9e de lecture estim\u00e9e\" \/>\n\t<meta name=\"twitter:data2\" content=\"1 minute\" \/>\n<script type=\"application\/ld+json\" class=\"yoast-schema-graph\">{\"@context\":\"https:\\\/\\\/schema.org\",\"@graph\":[{\"@type\":\"NewsArticle\",\"@id\":\"https:\\\/\\\/fojustice.fr\\\/web\\\/complementaire-sante-interial-fo-justice-refuse-des-propositions-honteuses\\\/#article\",\"isPartOf\":{\"@id\":\"https:\\\/\\\/fojustice.fr\\\/web\\\/complementaire-sante-interial-fo-justice-refuse-des-propositions-honteuses\\\/\"},\"author\":{\"name\":\"adminfojustice\",\"@id\":\"https:\\\/\\\/fojustice.fr\\\/web\\\/#\\\/schema\\\/person\\\/a51cb9c3495ce0ca62b78fc96ac3bf9f\"},\"headline\":\"Compl\u00e9mentaire sant\u00e9 Int\u00e9rial : FO Justice refuse des propositions honteuses !!!\",\"datePublished\":\"2026-09-02T15:06:58+00:00\",\"mainEntityOfPage\":{\"@id\":\"https:\\\/\\\/fojustice.fr\\\/web\\\/complementaire-sante-interial-fo-justice-refuse-des-propositions-honteuses\\\/\"},\"wordCount\":292,\"commentCount\":0,\"publisher\":{\"@id\":\"https:\\\/\\\/fojustice.fr\\\/web\\\/#organization\"},\"image\":{\"@id\":\"https:\\\/\\\/fojustice.fr\\\/web\\\/complementaire-sante-interial-fo-justice-refuse-des-propositions-honteuses\\\/#primaryimage\"},\"thumbnailUrl\":\"https:\\\/\\\/fojustice.fr\\\/web\\\/wp-content\\\/uploads\\\/2026\\\/09\\\/Capture-decran-2026-09-02-a-17.05.46.png\",\"articleSection\":[\"NATIONAL\"],\"inLanguage\":\"fr-FR\",\"potentialAction\":[{\"@type\":\"CommentAction\",\"name\":\"Comment\",\"target\":[\"https:\\\/\\\/fojustice.fr\\\/web\\\/complementaire-sante-interial-fo-justice-refuse-des-propositions-honteuses\\\/#respond\"]}]},{\"@type\":\"WebPage\",\"@id\":\"https:\\\/\\\/fojustice.fr\\\/web\\\/complementaire-sante-interial-fo-justice-refuse-des-propositions-honteuses\\\/\",\"url\":\"https:\\\/\\\/fojustice.fr\\\/web\\\/complementaire-sante-interial-fo-justice-refuse-des-propositions-honteuses\\\/\",\"name\":\"Compl\u00e9mentaire sant\u00e9 Int\u00e9rial : FO Justice refuse des propositions honteuses !!! - Syndicat FO Justice\",\"isPartOf\":{\"@id\":\"https:\\\/\\\/fojustice.fr\\\/web\\\/#website\"},\"primaryImageOfPage\":{\"@id\":\"https:\\\/\\\/fojustice.fr\\\/web\\\/complementaire-sante-interial-fo-justice-refuse-des-propositions-honteuses\\\/#primaryimage\"},\"image\":{\"@id\":\"https:\\\/\\\/fojustice.fr\\\/web\\\/complementaire-sante-interial-fo-justice-refuse-des-propositions-honteuses\\\/#primaryimage\"},\"thumbnailUrl\":\"https:\\\/\\\/fojustice.fr\\\/web\\\/wp-content\\\/uploads\\\/2026\\\/09\\\/Capture-decran-2026-09-02-a-17.05.46.png\",\"datePublished\":\"2026-09-02T15:06:58+00:00\",\"description\":\"Syndicat FO Justice - NATIONAL - Compl\u00e9mentaire sant\u00e9 Int\u00e9rial : FO Justice refuse des propositions honteuses !!!\",\"breadcrumb\":{\"@id\":\"https:\\\/\\\/fojustice.fr\\\/web\\\/complementaire-sante-interial-fo-justice-refuse-des-propositions-honteuses\\\/#breadcrumb\"},\"inLanguage\":\"fr-FR\",\"potentialAction\":[{\"@type\":\"ReadAction\",\"target\":[\"https:\\\/\\\/fojustice.fr\\\/web\\\/complementaire-sante-interial-fo-justice-refuse-des-propositions-honteuses\\\/\"]}]},{\"@type\":\"ImageObject\",\"inLanguage\":\"fr-FR\",\"@id\":\"https:\\\/\\\/fojustice.fr\\\/web\\\/complementaire-sante-interial-fo-justice-refuse-des-propositions-honteuses\\\/#primaryimage\",\"url\":\"https:\\\/\\\/fojustice.fr\\\/web\\\/wp-content\\\/uploads\\\/2026\\\/09\\\/Capture-decran-2026-09-02-a-17.05.46.png\",\"contentUrl\":\"https:\\\/\\\/fojustice.fr\\\/web\\\/wp-content\\\/uploads\\\/2026\\\/09\\\/Capture-decran-2026-09-02-a-17.05.46.png\",\"width\":1286,\"height\":720},{\"@type\":\"BreadcrumbList\",\"@id\":\"https:\\\/\\\/fojustice.fr\\\/web\\\/complementaire-sante-interial-fo-justice-refuse-des-propositions-honteuses\\\/#breadcrumb\",\"itemListElement\":[{\"@type\":\"ListItem\",\"position\":1,\"name\":\"Accueil\",\"item\":\"https:\\\/\\\/fojustice.fr\\\/web\\\/\"},{\"@type\":\"ListItem\",\"position\":2,\"name\":\"Compl\u00e9mentaire sant\u00e9 Int\u00e9rial : FO Justice refuse des propositions honteuses !!!\"}]},{\"@type\":\"WebSite\",\"@id\":\"https:\\\/\\\/fojustice.fr\\\/web\\\/#website\",\"url\":\"https:\\\/\\\/fojustice.fr\\\/web\\\/\",\"name\":\"Syndicat FO Justice\",\"description\":\"Site du Syndicat National FO Justice\",\"publisher\":{\"@id\":\"https:\\\/\\\/fojustice.fr\\\/web\\\/#organization\"},\"alternateName\":\"Syndicat National FO Justice\",\"potentialAction\":[{\"@type\":\"SearchAction\",\"target\":{\"@type\":\"EntryPoint\",\"urlTemplate\":\"https:\\\/\\\/fojustice.fr\\\/web\\\/?s={search_term_string}\"},\"query-input\":{\"@type\":\"PropertyValueSpecification\",\"valueRequired\":true,\"valueName\":\"search_term_string\"}}],\"inLanguage\":\"fr-FR\"},{\"@type\":\"Organization\",\"@id\":\"https:\\\/\\\/fojustice.fr\\\/web\\\/#organization\",\"name\":\"Syndicat National FO Justice\",\"alternateName\":\"Syndicat National FO Justice\",\"url\":\"https:\\\/\\\/fojustice.fr\\\/web\\\/\",\"logo\":{\"@type\":\"ImageObject\",\"inLanguage\":\"fr-FR\",\"@id\":\"https:\\\/\\\/fojustice.fr\\\/web\\\/#\\\/schema\\\/logo\\\/image\\\/\",\"url\":\"https:\\\/\\\/fojustice.fr\\\/web\\\/wp-content\\\/uploads\\\/2022\\\/03\\\/logo-fo-justice.png\",\"contentUrl\":\"https:\\\/\\\/fojustice.fr\\\/web\\\/wp-content\\\/uploads\\\/2022\\\/03\\\/logo-fo-justice.png\",\"width\":800,\"height\":800,\"caption\":\"Syndicat National FO Justice\"},\"image\":{\"@id\":\"https:\\\/\\\/fojustice.fr\\\/web\\\/#\\\/schema\\\/logo\\\/image\\\/\"},\"sameAs\":[\"https:\\\/\\\/www.facebook.com\\\/SyndicatFoJustice\",\"https:\\\/\\\/x.com\\\/SyndFoJustice\"]},{\"@type\":\"Person\",\"@id\":\"https:\\\/\\\/fojustice.fr\\\/web\\\/#\\\/schema\\\/person\\\/a51cb9c3495ce0ca62b78fc96ac3bf9f\",\"name\":\"adminfojustice\",\"image\":{\"@type\":\"ImageObject\",\"inLanguage\":\"fr-FR\",\"@id\":\"https:\\\/\\\/secure.gravatar.com\\\/avatar\\\/368884c0ecc46e53d83c0c3c0af4c6c30a6bbc2aab7535848950f43a950bfd4e?s=96&d=mm&r=g\",\"url\":\"https:\\\/\\\/secure.gravatar.com\\\/avatar\\\/368884c0ecc46e53d83c0c3c0af4c6c30a6bbc2aab7535848950f43a950bfd4e?s=96&d=mm&r=g\",\"contentUrl\":\"https:\\\/\\\/secure.gravatar.com\\\/avatar\\\/368884c0ecc46e53d83c0c3c0af4c6c30a6bbc2aab7535848950f43a950bfd4e?s=96&d=mm&r=g\",\"caption\":\"adminfojustice\"},\"sameAs\":[\"https:\\\/\\\/www.fojustice.fr\\\/web\"],\"url\":\"https:\\\/\\\/fojustice.fr\\\/web\\\/author\\\/adminfojustice\\\/\"}]}<\/script>\n<!-- \/ Yoast SEO plugin. -->","yoast_head_json":{"title":"Compl\u00e9mentaire sant\u00e9 Int\u00e9rial : FO Justice refuse des propositions honteuses !!! - Syndicat FO Justice","description":"Syndicat FO Justice - NATIONAL - Compl\u00e9mentaire sant\u00e9 Int\u00e9rial : FO Justice refuse des propositions honteuses !!!","robots":{"index":"index","follow":"follow","max-snippet":"max-snippet:-1","max-image-preview":"max-image-preview:large","max-video-preview":"max-video-preview:-1"},"canonical":"https:\/\/fojustice.fr\/web\/complementaire-sante-interial-fo-justice-refuse-des-propositions-honteuses\/","og_locale":"fr_FR","og_type":"article","og_title":"Compl\u00e9mentaire sant\u00e9 Int\u00e9rial : FO Justice refuse des propositions honteuses !!! - Syndicat FO Justice","og_description":"Syndicat FO Justice - NATIONAL - Compl\u00e9mentaire sant\u00e9 Int\u00e9rial : FO Justice refuse des propositions honteuses !!!","og_url":"https:\/\/fojustice.fr\/web\/complementaire-sante-interial-fo-justice-refuse-des-propositions-honteuses\/","og_site_name":"Syndicat FO Justice","article_publisher":"https:\/\/www.facebook.com\/SyndicatFoJustice","article_published_time":"2026-09-02T15:06:58+00:00","og_image":[{"width":1286,"height":720,"url":"https:\/\/fojustice.fr\/web\/wp-content\/uploads\/2026\/09\/Capture-decran-2026-09-02-a-17.05.46.png","type":"image\/png"}],"author":"adminfojustice","twitter_card":"summary_large_image","twitter_creator":"@SyndFoJustice","twitter_site":"@SyndFoJustice","twitter_misc":{"\u00c9crit par":"adminfojustice","Dur\u00e9e de lecture estim\u00e9e":"1 minute"},"schema":{"@context":"https:\/\/schema.org","@graph":[{"@type":"NewsArticle","@id":"https:\/\/fojustice.fr\/web\/complementaire-sante-interial-fo-justice-refuse-des-propositions-honteuses\/#article","isPartOf":{"@id":"https:\/\/fojustice.fr\/web\/complementaire-sante-interial-fo-justice-refuse-des-propositions-honteuses\/"},"author":{"name":"adminfojustice","@id":"https:\/\/fojustice.fr\/web\/#\/schema\/person\/a51cb9c3495ce0ca62b78fc96ac3bf9f"},"headline":"Compl\u00e9mentaire sant\u00e9 Int\u00e9rial : FO Justice refuse des propositions honteuses !!!","datePublished":"2026-09-02T15:06:58+00:00","mainEntityOfPage":{"@id":"https:\/\/fojustice.fr\/web\/complementaire-sante-interial-fo-justice-refuse-des-propositions-honteuses\/"},"wordCount":292,"commentCount":0,"publisher":{"@id":"https:\/\/fojustice.fr\/web\/#organization"},"image":{"@id":"https:\/\/fojustice.fr\/web\/complementaire-sante-interial-fo-justice-refuse-des-propositions-honteuses\/#primaryimage"},"thumbnailUrl":"https:\/\/fojustice.fr\/web\/wp-content\/uploads\/2026\/09\/Capture-decran-2026-09-02-a-17.05.46.png","articleSection":["NATIONAL"],"inLanguage":"fr-FR","potentialAction":[{"@type":"CommentAction","name":"Comment","target":["https:\/\/fojustice.fr\/web\/complementaire-sante-interial-fo-justice-refuse-des-propositions-honteuses\/#respond"]}]},{"@type":"WebPage","@id":"https:\/\/fojustice.fr\/web\/complementaire-sante-interial-fo-justice-refuse-des-propositions-honteuses\/","url":"https:\/\/fojustice.fr\/web\/complementaire-sante-interial-fo-justice-refuse-des-propositions-honteuses\/","name":"Compl\u00e9mentaire sant\u00e9 Int\u00e9rial : FO Justice refuse des propositions honteuses !!! - Syndicat FO Justice","isPartOf":{"@id":"https:\/\/fojustice.fr\/web\/#website"},"primaryImageOfPage":{"@id":"https:\/\/fojustice.fr\/web\/complementaire-sante-interial-fo-justice-refuse-des-propositions-honteuses\/#primaryimage"},"image":{"@id":"https:\/\/fojustice.fr\/web\/complementaire-sante-interial-fo-justice-refuse-des-propositions-honteuses\/#primaryimage"},"thumbnailUrl":"https:\/\/fojustice.fr\/web\/wp-content\/uploads\/2026\/09\/Capture-decran-2026-09-02-a-17.05.46.png","datePublished":"2026-09-02T15:06:58+00:00","description":"Syndicat FO Justice - NATIONAL - Compl\u00e9mentaire sant\u00e9 Int\u00e9rial : FO Justice refuse des propositions honteuses !!!","breadcrumb":{"@id":"https:\/\/fojustice.fr\/web\/complementaire-sante-interial-fo-justice-refuse-des-propositions-honteuses\/#breadcrumb"},"inLanguage":"fr-FR","potentialAction":[{"@type":"ReadAction","target":["https:\/\/fojustice.fr\/web\/complementaire-sante-interial-fo-justice-refuse-des-propositions-honteuses\/"]}]},{"@type":"ImageObject","inLanguage":"fr-FR","@id":"https:\/\/fojustice.fr\/web\/complementaire-sante-interial-fo-justice-refuse-des-propositions-honteuses\/#primaryimage","url":"https:\/\/fojustice.fr\/web\/wp-content\/uploads\/2026\/09\/Capture-decran-2026-09-02-a-17.05.46.png","contentUrl":"https:\/\/fojustice.fr\/web\/wp-content\/uploads\/2026\/09\/Capture-decran-2026-09-02-a-17.05.46.png","width":1286,"height":720},{"@type":"BreadcrumbList","@id":"https:\/\/fojustice.fr\/web\/complementaire-sante-interial-fo-justice-refuse-des-propositions-honteuses\/#breadcrumb","itemListElement":[{"@type":"ListItem","position":1,"name":"Accueil","item":"https:\/\/fojustice.fr\/web\/"},{"@type":"ListItem","position":2,"name":"Compl\u00e9mentaire sant\u00e9 Int\u00e9rial : FO Justice refuse des propositions honteuses !!!"}]},{"@type":"WebSite","@id":"https:\/\/fojustice.fr\/web\/#website","url":"https:\/\/fojustice.fr\/web\/","name":"Syndicat FO Justice","description":"Site du Syndicat National FO Justice","publisher":{"@id":"https:\/\/fojustice.fr\/web\/#organization"},"alternateName":"Syndicat National FO Justice","potentialAction":[{"@type":"SearchAction","target":{"@type":"EntryPoint","urlTemplate":"https:\/\/fojustice.fr\/web\/?s={search_term_string}"},"query-input":{"@type":"PropertyValueSpecification","valueRequired":true,"valueName":"search_term_string"}}],"inLanguage":"fr-FR"},{"@type":"Organization","@id":"https:\/\/fojustice.fr\/web\/#organization","name":"Syndicat National FO Justice","alternateName":"Syndicat National FO Justice","url":"https:\/\/fojustice.fr\/web\/","logo":{"@type":"ImageObject","inLanguage":"fr-FR","@id":"https:\/\/fojustice.fr\/web\/#\/schema\/logo\/image\/","url":"https:\/\/fojustice.fr\/web\/wp-content\/uploads\/2022\/03\/logo-fo-justice.png","contentUrl":"https:\/\/fojustice.fr\/web\/wp-content\/uploads\/2022\/03\/logo-fo-justice.png","width":800,"height":800,"caption":"Syndicat National FO Justice"},"image":{"@id":"https:\/\/fojustice.fr\/web\/#\/schema\/logo\/image\/"},"sameAs":["https:\/\/www.facebook.com\/SyndicatFoJustice","https:\/\/x.com\/SyndFoJustice"]},{"@type":"Person","@id":"https:\/\/fojustice.fr\/web\/#\/schema\/person\/a51cb9c3495ce0ca62b78fc96ac3bf9f","name":"adminfojustice","image":{"@type":"ImageObject","inLanguage":"fr-FR","@id":"https:\/\/secure.gravatar.com\/avatar\/368884c0ecc46e53d83c0c3c0af4c6c30a6bbc2aab7535848950f43a950bfd4e?s=96&d=mm&r=g","url":"https:\/\/secure.gravatar.com\/avatar\/368884c0ecc46e53d83c0c3c0af4c6c30a6bbc2aab7535848950f43a950bfd4e?s=96&d=mm&r=g","contentUrl":"https:\/\/secure.gravatar.com\/avatar\/368884c0ecc46e53d83c0c3c0af4c6c30a6bbc2aab7535848950f43a950bfd4e?s=96&d=mm&r=g","caption":"adminfojustice"},"sameAs":["https:\/\/www.fojustice.fr\/web"],"url":"https:\/\/fojustice.fr\/web\/author\/adminfojustice\/"}]}},"jetpack_shortlink":"https:\/\/wp.me\/pdNWl1-dpE","jetpack_sharing_enabled":true,"jetpack_featured_media_url":"https:\/\/fojustice.fr\/web\/wp-content\/uploads\/2026\/09\/Capture-decran-2026-09-02-a-17.05.46.png","_links":{"self":[{"href":"https:\/\/fojustice.fr\/web\/wp-json\/wp\/v2\/posts\/51562","targetHints":{"allow":["GET"]}}],"collection":[{"href":"https:\/\/fojustice.fr\/web\/wp-json\/wp\/v2\/posts"}],"about":[{"href":"https:\/\/fojustice.fr\/web\/wp-json\/wp\/v2\/types\/post"}],"author":[{"embeddable":true,"href":"https:\/\/fojustice.fr\/web\/wp-json\/wp\/v2\/users\/1"}],"replies":[{"embeddable":true,"href":"https:\/\/fojustice.fr\/web\/wp-json\/wp\/v2\/comments?post=51562"}],"version-history":[{"count":1,"href":"https:\/\/fojustice.fr\/web\/wp-json\/wp\/v2\/posts\/51562\/revisions"}],"predecessor-version":[{"id":51566,"href":"https:\/\/fojustice.fr\/web\/wp-json\/wp\/v2\/posts\/51562\/revisions\/51566"}],"wp:featuredmedia":[{"embeddable":true,"href":"https:\/\/fojustice.fr\/web\/wp-json\/wp\/v2\/media\/51565"}],"wp:attachment":[{"href":"https:\/\/fojustice.fr\/web\/wp-json\/wp\/v2\/media?parent=51562"}],"wp:term":[{"taxonomy":"category","embeddable":true,"href":"https:\/\/fojustice.fr\/web\/wp-json\/wp\/v2\/categories?post=51562"},{"taxonomy":"post_tag","embeddable":true,"href":"https:\/\/fojustice.fr\/web\/wp-json\/wp\/v2\/tags?post=51562"}],"curies":[{"name":"wp","href":"https:\/\/api.w.org\/{rel}","templated":true}]}}