{"id":51557,"date":"2026-09-02T16:39:52","date_gmt":"2026-09-02T14:39:52","guid":{"rendered":"https:\/\/fojustice.fr\/web\/?p=51557"},"modified":"2026-09-02T16:39:52","modified_gmt":"2026-09-02T14:39:52","slug":"prison-de-bonneville-silence-on-coule","status":"publish","type":"post","link":"https:\/\/fojustice.fr\/web\/prison-de-bonneville-silence-on-coule\/","title":{"rendered":"Prison de Bonneville : Silence on coule"},"content":{"rendered":"<p style=\"text-align: center;\"><span style=\"color: #000080;\"><strong>318 D\u00c9TENUS POUR 186 PLACES<\/strong><\/span><\/p>\n<p style=\"text-align: center;\"><span style=\"color: #000080;\"><strong>184 % DE SURPOPULATION : UNE PRISON AU BORD DE L&#8217;EXPLOSION !<\/strong><\/span><\/p>\n<p class=\"p1\">Voil\u00e0 ce que vivent les personnels de notre \u00e9tablissement.<\/p>\n<p class=\"p1\">Pendant que l\u2019on se f\u00e9licite de chiffres et de discours, nous, nous travaillons dans une prison satur\u00e9e, avec des conditions de s\u00e9curit\u00e9 et de travail devenues inacceptables.<\/p>\n<p class=\"p2\"><span style=\"color: #ff0000;\"><b>LA R\u00c9ALIT\u00c9 DU TERRAIN<\/b><\/span><\/p>\n<p class=\"p1\">Des cellules pleines \u00e0 craquer.<\/p>\n<p class=\"p1\">Des effectifs insuffisants pour assurer un service en s\u00e9curit\u00e9.<\/p>\n<p class=\"p1\">Des agents \u00e9puis\u00e9s, us\u00e9s, abandonn\u00e9s.<\/p>\n<p class=\"p1\">Des punaises de lit qui rendent impossibles certains changements de cellule et exposent personnels comme d\u00e9tenus \u00e0 une situation indigne.<\/p>\n<p class=\"p1\">Ce n\u2019est plus du travail, c\u2019est de la survie.<\/p>\n<p class=\"p2\"><span style=\"color: #ff0000;\"><b>QUI PREND LES RISQUES ?<\/b><\/span><\/p>\n<p class=\"p1\">Toujours les m\u00eames : les personnels.<\/p>\n<p class=\"p1\">Quand un poste n\u2019est pas couvert\u2026<\/p>\n<p class=\"p1\"><span class=\"s1\">Quand mettre 4 d\u00e9tenus dans une cellule deviendra une g\u00e9n\u00e9ralit\u00e9\u2026car oui c\u2019est la r\u00e9alit\u00e9 d\u2019aujourdhui\u2026.<\/span><\/p>\n<p class=\"p1\">Quand les agressions menacent\u2026<\/p>\n<p class=\"p1\">Quand les bagarres en cour de promenade deviennent un quotidien et sont de plus en plus violente\u2026<\/p>\n<p class=\"p1\">C\u2019est le personnel qui encaisse.<\/p>\n<p class=\"p2\"><span style=\"color: #ff0000;\"><b>FO JUSTICE DIT STOP !<\/b><\/span><\/p>\n<p class=\"p1\">Nous refusons d\u2019\u00eatre les victimes de l\u2019inaction de notre direction et de l\u2019administration.<\/p>\n<p class=\"p2\"><span style=\"color: #ff0000;\"><b>NOUS EXIGEONS IMM\u00c9DIATEMENT :<\/b><\/span><\/p>\n<p class=\"p1\">&#8211; L\u2019arr\u00eat des arrivants MOS de toute la France<\/p>\n<p class=\"p1\">&#8211; Le renforcement des effectifs.<\/p>\n<p class=\"p1\">&#8211; Un d\u00e9sencombrement massif car oui nous entassons (c\u2019est bien le terme exact) mais personne ne quitte NOTRE \u00e9tablissement.<\/p>\n<p class=\"p2\"><span style=\"color: #ff0000;\"><b>NOTRE PATIENCE EST \u00c9PUIS\u00c9E !<\/b><\/span><\/p>\n<p class=\"p1\">Les personnels ne peuvent plus continuer \u00e0 travailler dans de telles conditions.<\/p>\n<p class=\"p1\">FO Justice appelle l\u2019administration \u00e0 entendre enfin la col\u00e8re des agents et \u00e0 apporter des r\u00e9ponses imm\u00e9diates.<\/p>\n<p class=\"p1\">Sans r\u00e9ponses concr\u00e8tes, la mobilisation des personnels s\u2019intensifiera.<\/p>\n<p class=\"p2\"><span style=\"color: #ff0000;\"><b>ASSEZ DU M\u00c9PRIS !<\/b><\/span><\/p>\n<p class=\"p2\"><span style=\"color: #ff0000;\"><b>ASSEZ DE L\u2019ABANDON !<\/b><\/span><\/p>\n<p class=\"p2\"><span style=\"color: #ff0000;\"><b>FO JUSTICE : LA COL\u00c8RE DES PERSONNELS DOIT \u00caTRE ENTENDUE !<\/b><\/span><\/p>\n<p><a href=\"https:\/\/fojustice.fr\/web\/wp-content\/uploads\/2026\/09\/Silence-on-coule.pdf\">Lire le communiqu\u00e9<\/a><\/p>\n","protected":false},"excerpt":{"rendered":"<p>318 D\u00c9TENUS POUR 186 PLACES 184 % DE SURPOPULATION : UNE PRISON AU BORD DE L&#8217;EXPLOSION ! Voil\u00e0 ce que vivent les personnels de notre \u00e9tablissement. Pendant que l\u2019on se f\u00e9licite de chiffres et de discours, nous, nous travaillons dans une prison satur\u00e9e, avec des conditions de s\u00e9curit\u00e9 et de travail devenues inacceptables. LA R\u00c9ALIT\u00c9 [&hellip;]<\/p>\n","protected":false},"author":1,"featured_media":7368,"comment_status":"open","ping_status":"open","sticky":false,"template":"","format":"standard","meta":{"_angie_page":false,"_jetpack_newsletter_access":"","_jetpack_dont_email_post_to_subs":true,"_jetpack_newsletter_tier_id":0,"_jetpack_memberships_contains_paywalled_content":false,"page_builder":"","_jetpack_feature_clip_id":0,"_jetpack_memberships_contains_paid_content":false,"footnotes":"","jetpack_post_was_ever_published":false,"_members_access_role":[],"_members_access_error":""},"categories":[32],"tags":[],"class_list":["post-51557","post","type-post","status-publish","format-standard","has-post-thumbnail","hentry","category-disp-lyon"],"yoast_head":"<!-- This site is optimized with the Yoast SEO plugin v28.4 - https:\/\/yoast.com\/product\/yoast-seo-wordpress\/ -->\n<title>Prison de Bonneville : Silence on coule - Syndicat FO Justice<\/title>\n<meta name=\"description\" content=\"Syndicat FO Justice - DISP Lyon - Prison de Bonneville : Silence on coule\" \/>\n<meta name=\"robots\" content=\"index, follow, max-snippet:-1, max-image-preview:large, max-video-preview:-1\" \/>\n<link rel=\"canonical\" href=\"https:\/\/fojustice.fr\/web\/prison-de-bonneville-silence-on-coule\/\" \/>\n<meta property=\"og:locale\" content=\"fr_FR\" \/>\n<meta property=\"og:type\" content=\"article\" \/>\n<meta property=\"og:title\" content=\"Prison de Bonneville : Silence on coule - Syndicat FO Justice\" \/>\n<meta property=\"og:description\" content=\"Syndicat FO Justice - DISP Lyon - Prison de Bonneville : Silence on coule\" \/>\n<meta property=\"og:url\" content=\"https:\/\/fojustice.fr\/web\/prison-de-bonneville-silence-on-coule\/\" \/>\n<meta property=\"og:site_name\" content=\"Syndicat FO Justice\" \/>\n<meta property=\"article:publisher\" content=\"https:\/\/www.facebook.com\/SyndicatFoJustice\" \/>\n<meta property=\"article:published_time\" content=\"2026-09-02T14:39:52+00:00\" \/>\n<meta property=\"og:image\" content=\"https:\/\/fojustice.fr\/web\/wp-content\/uploads\/2022\/09\/bonneville.jpeg\" \/>\n\t<meta property=\"og:image:width\" content=\"1280\" \/>\n\t<meta property=\"og:image:height\" content=\"720\" \/>\n\t<meta property=\"og:image:type\" content=\"image\/jpeg\" \/>\n<meta name=\"author\" content=\"adminfojustice\" \/>\n<meta name=\"twitter:card\" content=\"summary_large_image\" \/>\n<meta name=\"twitter:creator\" content=\"@SyndFoJustice\" \/>\n<meta name=\"twitter:site\" content=\"@SyndFoJustice\" \/>\n<meta name=\"twitter:label1\" content=\"\u00c9crit par\" \/>\n\t<meta name=\"twitter:data1\" content=\"adminfojustice\" \/>\n\t<meta name=\"twitter:label2\" content=\"Dur\u00e9e de lecture estim\u00e9e\" \/>\n\t<meta name=\"twitter:data2\" content=\"2 minutes\" \/>\n<script type=\"application\/ld+json\" class=\"yoast-schema-graph\">{\"@context\":\"https:\\\/\\\/schema.org\",\"@graph\":[{\"@type\":\"NewsArticle\",\"@id\":\"https:\\\/\\\/fojustice.fr\\\/web\\\/prison-de-bonneville-silence-on-coule\\\/#article\",\"isPartOf\":{\"@id\":\"https:\\\/\\\/fojustice.fr\\\/web\\\/prison-de-bonneville-silence-on-coule\\\/\"},\"author\":{\"name\":\"adminfojustice\",\"@id\":\"https:\\\/\\\/fojustice.fr\\\/web\\\/#\\\/schema\\\/person\\\/a51cb9c3495ce0ca62b78fc96ac3bf9f\"},\"headline\":\"Prison de Bonneville : Silence on coule\",\"datePublished\":\"2026-09-02T14:39:52+00:00\",\"mainEntityOfPage\":{\"@id\":\"https:\\\/\\\/fojustice.fr\\\/web\\\/prison-de-bonneville-silence-on-coule\\\/\"},\"wordCount\":310,\"commentCount\":0,\"publisher\":{\"@id\":\"https:\\\/\\\/fojustice.fr\\\/web\\\/#organization\"},\"image\":{\"@id\":\"https:\\\/\\\/fojustice.fr\\\/web\\\/prison-de-bonneville-silence-on-coule\\\/#primaryimage\"},\"thumbnailUrl\":\"https:\\\/\\\/fojustice.fr\\\/web\\\/wp-content\\\/uploads\\\/2022\\\/09\\\/bonneville.jpeg\",\"articleSection\":[\"DISP Lyon\"],\"inLanguage\":\"fr-FR\",\"potentialAction\":[{\"@type\":\"CommentAction\",\"name\":\"Comment\",\"target\":[\"https:\\\/\\\/fojustice.fr\\\/web\\\/prison-de-bonneville-silence-on-coule\\\/#respond\"]}]},{\"@type\":\"WebPage\",\"@id\":\"https:\\\/\\\/fojustice.fr\\\/web\\\/prison-de-bonneville-silence-on-coule\\\/\",\"url\":\"https:\\\/\\\/fojustice.fr\\\/web\\\/prison-de-bonneville-silence-on-coule\\\/\",\"name\":\"Prison de Bonneville : Silence on coule - Syndicat FO Justice\",\"isPartOf\":{\"@id\":\"https:\\\/\\\/fojustice.fr\\\/web\\\/#website\"},\"primaryImageOfPage\":{\"@id\":\"https:\\\/\\\/fojustice.fr\\\/web\\\/prison-de-bonneville-silence-on-coule\\\/#primaryimage\"},\"image\":{\"@id\":\"https:\\\/\\\/fojustice.fr\\\/web\\\/prison-de-bonneville-silence-on-coule\\\/#primaryimage\"},\"thumbnailUrl\":\"https:\\\/\\\/fojustice.fr\\\/web\\\/wp-content\\\/uploads\\\/2022\\\/09\\\/bonneville.jpeg\",\"datePublished\":\"2026-09-02T14:39:52+00:00\",\"description\":\"Syndicat FO Justice - DISP Lyon - Prison de Bonneville : Silence on coule\",\"breadcrumb\":{\"@id\":\"https:\\\/\\\/fojustice.fr\\\/web\\\/prison-de-bonneville-silence-on-coule\\\/#breadcrumb\"},\"inLanguage\":\"fr-FR\",\"potentialAction\":[{\"@type\":\"ReadAction\",\"target\":[\"https:\\\/\\\/fojustice.fr\\\/web\\\/prison-de-bonneville-silence-on-coule\\\/\"]}]},{\"@type\":\"ImageObject\",\"inLanguage\":\"fr-FR\",\"@id\":\"https:\\\/\\\/fojustice.fr\\\/web\\\/prison-de-bonneville-silence-on-coule\\\/#primaryimage\",\"url\":\"https:\\\/\\\/fojustice.fr\\\/web\\\/wp-content\\\/uploads\\\/2022\\\/09\\\/bonneville.jpeg\",\"contentUrl\":\"https:\\\/\\\/fojustice.fr\\\/web\\\/wp-content\\\/uploads\\\/2022\\\/09\\\/bonneville.jpeg\",\"width\":1280,\"height\":720},{\"@type\":\"BreadcrumbList\",\"@id\":\"https:\\\/\\\/fojustice.fr\\\/web\\\/prison-de-bonneville-silence-on-coule\\\/#breadcrumb\",\"itemListElement\":[{\"@type\":\"ListItem\",\"position\":1,\"name\":\"Accueil\",\"item\":\"https:\\\/\\\/fojustice.fr\\\/web\\\/\"},{\"@type\":\"ListItem\",\"position\":2,\"name\":\"Prison de Bonneville : Silence on coule\"}]},{\"@type\":\"WebSite\",\"@id\":\"https:\\\/\\\/fojustice.fr\\\/web\\\/#website\",\"url\":\"https:\\\/\\\/fojustice.fr\\\/web\\\/\",\"name\":\"Syndicat FO Justice\",\"description\":\"Site du Syndicat National FO Justice\",\"publisher\":{\"@id\":\"https:\\\/\\\/fojustice.fr\\\/web\\\/#organization\"},\"alternateName\":\"Syndicat National FO Justice\",\"potentialAction\":[{\"@type\":\"SearchAction\",\"target\":{\"@type\":\"EntryPoint\",\"urlTemplate\":\"https:\\\/\\\/fojustice.fr\\\/web\\\/?s={search_term_string}\"},\"query-input\":{\"@type\":\"PropertyValueSpecification\",\"valueRequired\":true,\"valueName\":\"search_term_string\"}}],\"inLanguage\":\"fr-FR\"},{\"@type\":\"Organization\",\"@id\":\"https:\\\/\\\/fojustice.fr\\\/web\\\/#organization\",\"name\":\"Syndicat National FO Justice\",\"alternateName\":\"Syndicat National FO Justice\",\"url\":\"https:\\\/\\\/fojustice.fr\\\/web\\\/\",\"logo\":{\"@type\":\"ImageObject\",\"inLanguage\":\"fr-FR\",\"@id\":\"https:\\\/\\\/fojustice.fr\\\/web\\\/#\\\/schema\\\/logo\\\/image\\\/\",\"url\":\"https:\\\/\\\/fojustice.fr\\\/web\\\/wp-content\\\/uploads\\\/2022\\\/03\\\/logo-fo-justice.png\",\"contentUrl\":\"https:\\\/\\\/fojustice.fr\\\/web\\\/wp-content\\\/uploads\\\/2022\\\/03\\\/logo-fo-justice.png\",\"width\":800,\"height\":800,\"caption\":\"Syndicat National FO Justice\"},\"image\":{\"@id\":\"https:\\\/\\\/fojustice.fr\\\/web\\\/#\\\/schema\\\/logo\\\/image\\\/\"},\"sameAs\":[\"https:\\\/\\\/www.facebook.com\\\/SyndicatFoJustice\",\"https:\\\/\\\/x.com\\\/SyndFoJustice\"]},{\"@type\":\"Person\",\"@id\":\"https:\\\/\\\/fojustice.fr\\\/web\\\/#\\\/schema\\\/person\\\/a51cb9c3495ce0ca62b78fc96ac3bf9f\",\"name\":\"adminfojustice\",\"image\":{\"@type\":\"ImageObject\",\"inLanguage\":\"fr-FR\",\"@id\":\"https:\\\/\\\/secure.gravatar.com\\\/avatar\\\/368884c0ecc46e53d83c0c3c0af4c6c30a6bbc2aab7535848950f43a950bfd4e?s=96&d=mm&r=g\",\"url\":\"https:\\\/\\\/secure.gravatar.com\\\/avatar\\\/368884c0ecc46e53d83c0c3c0af4c6c30a6bbc2aab7535848950f43a950bfd4e?s=96&d=mm&r=g\",\"contentUrl\":\"https:\\\/\\\/secure.gravatar.com\\\/avatar\\\/368884c0ecc46e53d83c0c3c0af4c6c30a6bbc2aab7535848950f43a950bfd4e?s=96&d=mm&r=g\",\"caption\":\"adminfojustice\"},\"sameAs\":[\"https:\\\/\\\/www.fojustice.fr\\\/web\"],\"url\":\"https:\\\/\\\/fojustice.fr\\\/web\\\/author\\\/adminfojustice\\\/\"}]}<\/script>\n<!-- \/ Yoast SEO plugin. -->","yoast_head_json":{"title":"Prison de Bonneville : Silence on coule - Syndicat FO Justice","description":"Syndicat FO Justice - DISP Lyon - Prison de Bonneville : Silence on coule","robots":{"index":"index","follow":"follow","max-snippet":"max-snippet:-1","max-image-preview":"max-image-preview:large","max-video-preview":"max-video-preview:-1"},"canonical":"https:\/\/fojustice.fr\/web\/prison-de-bonneville-silence-on-coule\/","og_locale":"fr_FR","og_type":"article","og_title":"Prison de Bonneville : Silence on coule - Syndicat FO Justice","og_description":"Syndicat FO Justice - DISP Lyon - Prison de Bonneville : Silence on coule","og_url":"https:\/\/fojustice.fr\/web\/prison-de-bonneville-silence-on-coule\/","og_site_name":"Syndicat FO Justice","article_publisher":"https:\/\/www.facebook.com\/SyndicatFoJustice","article_published_time":"2026-09-02T14:39:52+00:00","og_image":[{"width":1280,"height":720,"url":"https:\/\/fojustice.fr\/web\/wp-content\/uploads\/2022\/09\/bonneville.jpeg","type":"image\/jpeg"}],"author":"adminfojustice","twitter_card":"summary_large_image","twitter_creator":"@SyndFoJustice","twitter_site":"@SyndFoJustice","twitter_misc":{"\u00c9crit par":"adminfojustice","Dur\u00e9e de lecture estim\u00e9e":"2 minutes"},"schema":{"@context":"https:\/\/schema.org","@graph":[{"@type":"NewsArticle","@id":"https:\/\/fojustice.fr\/web\/prison-de-bonneville-silence-on-coule\/#article","isPartOf":{"@id":"https:\/\/fojustice.fr\/web\/prison-de-bonneville-silence-on-coule\/"},"author":{"name":"adminfojustice","@id":"https:\/\/fojustice.fr\/web\/#\/schema\/person\/a51cb9c3495ce0ca62b78fc96ac3bf9f"},"headline":"Prison de Bonneville : Silence on coule","datePublished":"2026-09-02T14:39:52+00:00","mainEntityOfPage":{"@id":"https:\/\/fojustice.fr\/web\/prison-de-bonneville-silence-on-coule\/"},"wordCount":310,"commentCount":0,"publisher":{"@id":"https:\/\/fojustice.fr\/web\/#organization"},"image":{"@id":"https:\/\/fojustice.fr\/web\/prison-de-bonneville-silence-on-coule\/#primaryimage"},"thumbnailUrl":"https:\/\/fojustice.fr\/web\/wp-content\/uploads\/2022\/09\/bonneville.jpeg","articleSection":["DISP Lyon"],"inLanguage":"fr-FR","potentialAction":[{"@type":"CommentAction","name":"Comment","target":["https:\/\/fojustice.fr\/web\/prison-de-bonneville-silence-on-coule\/#respond"]}]},{"@type":"WebPage","@id":"https:\/\/fojustice.fr\/web\/prison-de-bonneville-silence-on-coule\/","url":"https:\/\/fojustice.fr\/web\/prison-de-bonneville-silence-on-coule\/","name":"Prison de Bonneville : Silence on coule - Syndicat FO Justice","isPartOf":{"@id":"https:\/\/fojustice.fr\/web\/#website"},"primaryImageOfPage":{"@id":"https:\/\/fojustice.fr\/web\/prison-de-bonneville-silence-on-coule\/#primaryimage"},"image":{"@id":"https:\/\/fojustice.fr\/web\/prison-de-bonneville-silence-on-coule\/#primaryimage"},"thumbnailUrl":"https:\/\/fojustice.fr\/web\/wp-content\/uploads\/2022\/09\/bonneville.jpeg","datePublished":"2026-09-02T14:39:52+00:00","description":"Syndicat FO Justice - DISP Lyon - Prison de Bonneville : Silence on coule","breadcrumb":{"@id":"https:\/\/fojustice.fr\/web\/prison-de-bonneville-silence-on-coule\/#breadcrumb"},"inLanguage":"fr-FR","potentialAction":[{"@type":"ReadAction","target":["https:\/\/fojustice.fr\/web\/prison-de-bonneville-silence-on-coule\/"]}]},{"@type":"ImageObject","inLanguage":"fr-FR","@id":"https:\/\/fojustice.fr\/web\/prison-de-bonneville-silence-on-coule\/#primaryimage","url":"https:\/\/fojustice.fr\/web\/wp-content\/uploads\/2022\/09\/bonneville.jpeg","contentUrl":"https:\/\/fojustice.fr\/web\/wp-content\/uploads\/2022\/09\/bonneville.jpeg","width":1280,"height":720},{"@type":"BreadcrumbList","@id":"https:\/\/fojustice.fr\/web\/prison-de-bonneville-silence-on-coule\/#breadcrumb","itemListElement":[{"@type":"ListItem","position":1,"name":"Accueil","item":"https:\/\/fojustice.fr\/web\/"},{"@type":"ListItem","position":2,"name":"Prison de Bonneville : Silence on coule"}]},{"@type":"WebSite","@id":"https:\/\/fojustice.fr\/web\/#website","url":"https:\/\/fojustice.fr\/web\/","name":"Syndicat FO Justice","description":"Site du Syndicat National FO Justice","publisher":{"@id":"https:\/\/fojustice.fr\/web\/#organization"},"alternateName":"Syndicat National FO Justice","potentialAction":[{"@type":"SearchAction","target":{"@type":"EntryPoint","urlTemplate":"https:\/\/fojustice.fr\/web\/?s={search_term_string}"},"query-input":{"@type":"PropertyValueSpecification","valueRequired":true,"valueName":"search_term_string"}}],"inLanguage":"fr-FR"},{"@type":"Organization","@id":"https:\/\/fojustice.fr\/web\/#organization","name":"Syndicat National FO Justice","alternateName":"Syndicat National FO Justice","url":"https:\/\/fojustice.fr\/web\/","logo":{"@type":"ImageObject","inLanguage":"fr-FR","@id":"https:\/\/fojustice.fr\/web\/#\/schema\/logo\/image\/","url":"https:\/\/fojustice.fr\/web\/wp-content\/uploads\/2022\/03\/logo-fo-justice.png","contentUrl":"https:\/\/fojustice.fr\/web\/wp-content\/uploads\/2022\/03\/logo-fo-justice.png","width":800,"height":800,"caption":"Syndicat National FO Justice"},"image":{"@id":"https:\/\/fojustice.fr\/web\/#\/schema\/logo\/image\/"},"sameAs":["https:\/\/www.facebook.com\/SyndicatFoJustice","https:\/\/x.com\/SyndFoJustice"]},{"@type":"Person","@id":"https:\/\/fojustice.fr\/web\/#\/schema\/person\/a51cb9c3495ce0ca62b78fc96ac3bf9f","name":"adminfojustice","image":{"@type":"ImageObject","inLanguage":"fr-FR","@id":"https:\/\/secure.gravatar.com\/avatar\/368884c0ecc46e53d83c0c3c0af4c6c30a6bbc2aab7535848950f43a950bfd4e?s=96&d=mm&r=g","url":"https:\/\/secure.gravatar.com\/avatar\/368884c0ecc46e53d83c0c3c0af4c6c30a6bbc2aab7535848950f43a950bfd4e?s=96&d=mm&r=g","contentUrl":"https:\/\/secure.gravatar.com\/avatar\/368884c0ecc46e53d83c0c3c0af4c6c30a6bbc2aab7535848950f43a950bfd4e?s=96&d=mm&r=g","caption":"adminfojustice"},"sameAs":["https:\/\/www.fojustice.fr\/web"],"url":"https:\/\/fojustice.fr\/web\/author\/adminfojustice\/"}]}},"jetpack_shortlink":"https:\/\/wp.me\/pdNWl1-dpz","jetpack_sharing_enabled":true,"jetpack_featured_media_url":"https:\/\/fojustice.fr\/web\/wp-content\/uploads\/2022\/09\/bonneville.jpeg","_links":{"self":[{"href":"https:\/\/fojustice.fr\/web\/wp-json\/wp\/v2\/posts\/51557","targetHints":{"allow":["GET"]}}],"collection":[{"href":"https:\/\/fojustice.fr\/web\/wp-json\/wp\/v2\/posts"}],"about":[{"href":"https:\/\/fojustice.fr\/web\/wp-json\/wp\/v2\/types\/post"}],"author":[{"embeddable":true,"href":"https:\/\/fojustice.fr\/web\/wp-json\/wp\/v2\/users\/1"}],"replies":[{"embeddable":true,"href":"https:\/\/fojustice.fr\/web\/wp-json\/wp\/v2\/comments?post=51557"}],"version-history":[{"count":2,"href":"https:\/\/fojustice.fr\/web\/wp-json\/wp\/v2\/posts\/51557\/revisions"}],"predecessor-version":[{"id":51560,"href":"https:\/\/fojustice.fr\/web\/wp-json\/wp\/v2\/posts\/51557\/revisions\/51560"}],"wp:featuredmedia":[{"embeddable":true,"href":"https:\/\/fojustice.fr\/web\/wp-json\/wp\/v2\/media\/7368"}],"wp:attachment":[{"href":"https:\/\/fojustice.fr\/web\/wp-json\/wp\/v2\/media?parent=51557"}],"wp:term":[{"taxonomy":"category","embeddable":true,"href":"https:\/\/fojustice.fr\/web\/wp-json\/wp\/v2\/categories?post=51557"},{"taxonomy":"post_tag","embeddable":true,"href":"https:\/\/fojustice.fr\/web\/wp-json\/wp\/v2\/tags?post=51557"}],"curies":[{"name":"wp","href":"https:\/\/api.w.org\/{rel}","templated":true}]}}