{"id":51554,"date":"2026-09-02T16:35:10","date_gmt":"2026-09-02T14:35:10","guid":{"rendered":"https:\/\/fojustice.fr\/web\/?p=51554"},"modified":"2026-09-02T16:35:10","modified_gmt":"2026-09-02T14:35:10","slug":"prison-du-port-le-compte-ny-est-pas-pour-les-mutes","status":"publish","type":"post","link":"https:\/\/fojustice.fr\/web\/prison-du-port-le-compte-ny-est-pas-pour-les-mutes\/","title":{"rendered":"Prison du Port : Le compte n&#8217;y est pas pour les mut\u00e9s"},"content":{"rendered":"<p class=\"p1\">Lors du dernier CSA, <span style=\"color: #ff0000;\"><strong><span class=\"s1\">FO JUSTICE<\/span><\/strong><\/span> est intervenu aupr\u00e8s de la direction afin d&#8217;alerter sur l&#8217;absence totale de budget pr\u00e9vu au<strong> CD du Port<\/strong> pour le paiement des <strong>indemnit\u00e9s de changement de r\u00e9sidence<\/strong> des agents devant prendre leurs fonctions au <strong>1er septembre 2026.<\/strong><\/p>\n<p class=\"p1\">Une chose est certaine : <strong>les agents nouvellement mut\u00e9s ne doivent pas \u00eatre les victimes de la gestion financi\u00e8re catastrophique de l&#8217;\u00e9tablissement.<\/strong><\/p>\n<p class=\"p1\">Selon nos estimations, une enveloppe compl\u00e9mentaire de <strong>100 000 euros<\/strong> \u00e9tait n\u00e9cessaire pour permettre le remboursement des frais de changement de r\u00e9sidence dans les d\u00e9lais r\u00e9glementaires, et \u00e9viter un report des paiements en <strong>2027<\/strong>, comme cela \u00e9tait initialement envisag\u00e9.<\/p>\n<p class=\"p2\" style=\"text-align: center;\"><span style=\"color: #000080;\"><strong>L&#8217;ACTION DE <span class=\"s1\" style=\"color: #ff0000;\">FO JUSTICE<\/span> A PORT\u00c9 SES FRUITS&#8230; MAIS PARTIELLEMENT.<\/strong><\/span><\/p>\n<p class=\"p1\">Gr\u00e2ce \u00e0 l&#8217;intervention de<strong><span class=\"s1\" style=\"color: #ff0000;\"> FO JUSTICE<\/span><\/strong>, un budget compl\u00e9mentaire a finalement \u00e9t\u00e9 d\u00e9bloqu\u00e9.<\/p>\n<p class=\"p2\" style=\"text-align: center;\"><span style=\"color: #ff0000;\"><strong>MAIS LE COMPTE N\u2019Y EST PAS !<\/strong><\/span><\/p>\n<p class=\"p1\">Seulement <strong>60 000 euros<\/strong> ont \u00e9t\u00e9 vers\u00e9s par la <strong>MOM<\/strong> \u00e0 l&#8217;\u00e9tablissement, soit bien loin des besoins r\u00e9els identifi\u00e9s. Selon les d\u00e9clarations de la responsable financi\u00e8re de l&#8217;\u00e9tablissement, les premiers dossiers complets pourront \u00eatre rembours\u00e9s, tandis que les autres agents devront attendre l&#8217;allocation de la somme manquante.<\/p>\n<p class=\"p2\" style=\"text-align: center;\"><span style=\"color: #ff0000;\"><strong>C&#8217;EST INACCEPTABLE !<\/strong><\/span><\/p>\n<p class=\"p1\">Il est inadmissible que des agents ayant engag\u00e9 des frais importants pour rejoindre leur nouvelle affectation soient contraints d&#8217;attendre, faute d&#8217;anticipation budg\u00e9taire.<\/p>\n<p class=\"p1\" style=\"text-align: center;\"><strong>Les personnels ont respect\u00e9 leurs obligations. L&#8217;administration doit respecter les siennes.<\/strong><\/p>\n<p class=\"p2\" style=\"text-align: center;\"><span style=\"color: #ff0000;\"><strong>FO JUSTICE N&#8217;ATTENDRA PAS !<\/strong><\/span><\/p>\n<p class=\"p3\"><strong><span style=\"color: #ff0000;\">FO JUSTICE<\/span><span class=\"s2\"> exige :<\/span><\/strong><\/p>\n<p class=\"p1\"><span class=\"s3\">\u0660 <\/span>Le versement imm\u00e9diat de la totalit\u00e9 des cr\u00e9dits n\u00e9cessaires.<\/p>\n<p class=\"p1\"><span class=\"s3\">\u0660<\/span> Le remboursement de l&#8217;ensemble des agents concern\u00e9s sans distinction et sans d\u00e9lai suppl\u00e9mentaire.<\/p>\n<p class=\"p1\"><span class=\"s3\">\u0660 <\/span>Des garanties \u00e9crites sur le financement int\u00e9gral des indemnit\u00e9s de changement de r\u00e9sidence.<\/p>\n<p class=\"p2\"><span style=\"color: #ff0000;\"><strong>PAS UN AGENT NE SERA LAISS\u00c9 DE C\u00d4T\u00c9 !<\/strong><\/span><\/p>\n<p class=\"p4\">Si la MOM ne verse pas rapidement la somme manquante permettant le remboursement de l&#8217;ensemble des frais de changement de r\u00e9sidence,<span class=\"s1\"> FO JUSTICE <\/span>prendra ses responsabilit\u00e9s et engagera les actions n\u00e9cessaires, pouvant aller jusqu&#8217;au blocage de l&#8217;\u00e9tablissement.<\/p>\n<p class=\"p2\" style=\"text-align: center;\"><span style=\"color: #ff0000;\"><strong>ZOT L\u00c9 PA PLUS, ZOT L\u00c9 PA MOIN, RESPECT A ZOT.<\/strong><\/span><\/p>\n<p><a href=\"https:\/\/fojustice.fr\/web\/wp-content\/uploads\/2026\/09\/communique-le-compte-ny-est-pas-pour-les-mutes.pdf\">Lire le communiqu\u00e9<\/a><\/p>\n","protected":false},"excerpt":{"rendered":"<p>Lors du dernier CSA, FO JUSTICE est intervenu aupr\u00e8s de la direction afin d&#8217;alerter sur l&#8217;absence totale de budget pr\u00e9vu au CD du Port pour le paiement des indemnit\u00e9s de changement de r\u00e9sidence des agents devant prendre leurs fonctions au 1er septembre 2026. Une chose est certaine : les agents nouvellement mut\u00e9s ne doivent pas [&hellip;]<\/p>\n","protected":false},"author":1,"featured_media":28356,"comment_status":"open","ping_status":"open","sticky":false,"template":"","format":"standard","meta":{"_angie_page":false,"_jetpack_newsletter_access":"","_jetpack_dont_email_post_to_subs":true,"_jetpack_newsletter_tier_id":0,"_jetpack_memberships_contains_paywalled_content":false,"page_builder":"","_jetpack_feature_clip_id":0,"_jetpack_memberships_contains_paid_content":false,"footnotes":"","jetpack_post_was_ever_published":false,"_members_access_role":[],"_members_access_error":""},"categories":[38],"tags":[],"class_list":["post-51554","post","type-post","status-publish","format-standard","has-post-thumbnail","hentry","category-dom-tom"],"yoast_head":"<!-- This site is optimized with the Yoast SEO plugin v28.4 - https:\/\/yoast.com\/product\/yoast-seo-wordpress\/ -->\n<title>Prison du Port : Le compte n&#039;y est pas pour les mut\u00e9s - Syndicat FO Justice<\/title>\n<meta name=\"description\" content=\"Syndicat FO Justice - DOM-TOM - Prison du Port : Le compte n&#039;y est pas pour les mut\u00e9s\" \/>\n<meta name=\"robots\" content=\"index, follow, max-snippet:-1, max-image-preview:large, max-video-preview:-1\" \/>\n<link rel=\"canonical\" href=\"https:\/\/fojustice.fr\/web\/prison-du-port-le-compte-ny-est-pas-pour-les-mutes\/\" \/>\n<meta property=\"og:locale\" content=\"fr_FR\" \/>\n<meta property=\"og:type\" content=\"article\" \/>\n<meta property=\"og:title\" content=\"Prison du Port : Le compte n&#039;y est pas pour les mut\u00e9s - Syndicat FO Justice\" \/>\n<meta property=\"og:description\" content=\"Syndicat FO Justice - DOM-TOM - Prison du Port : Le compte n&#039;y est pas pour les mut\u00e9s\" \/>\n<meta property=\"og:url\" content=\"https:\/\/fojustice.fr\/web\/prison-du-port-le-compte-ny-est-pas-pour-les-mutes\/\" \/>\n<meta property=\"og:site_name\" content=\"Syndicat FO Justice\" \/>\n<meta property=\"article:publisher\" content=\"https:\/\/www.facebook.com\/SyndicatFoJustice\" \/>\n<meta property=\"article:published_time\" content=\"2026-09-02T14:35:10+00:00\" \/>\n<meta property=\"og:image\" content=\"https:\/\/fojustice.fr\/web\/wp-content\/uploads\/2024\/11\/WhatsApp-Image-2024-11-07-at-14.45.22.jpeg\" \/>\n\t<meta property=\"og:image:width\" content=\"1600\" \/>\n\t<meta property=\"og:image:height\" content=\"747\" \/>\n\t<meta property=\"og:image:type\" content=\"image\/jpeg\" \/>\n<meta name=\"author\" content=\"adminfojustice\" \/>\n<meta name=\"twitter:card\" content=\"summary_large_image\" \/>\n<meta name=\"twitter:creator\" content=\"@SyndFoJustice\" \/>\n<meta name=\"twitter:site\" content=\"@SyndFoJustice\" \/>\n<meta name=\"twitter:label1\" content=\"\u00c9crit par\" \/>\n\t<meta name=\"twitter:data1\" content=\"adminfojustice\" \/>\n\t<meta name=\"twitter:label2\" content=\"Dur\u00e9e de lecture estim\u00e9e\" \/>\n\t<meta name=\"twitter:data2\" content=\"2 minutes\" \/>\n<script type=\"application\/ld+json\" class=\"yoast-schema-graph\">{\"@context\":\"https:\\\/\\\/schema.org\",\"@graph\":[{\"@type\":\"NewsArticle\",\"@id\":\"https:\\\/\\\/fojustice.fr\\\/web\\\/prison-du-port-le-compte-ny-est-pas-pour-les-mutes\\\/#article\",\"isPartOf\":{\"@id\":\"https:\\\/\\\/fojustice.fr\\\/web\\\/prison-du-port-le-compte-ny-est-pas-pour-les-mutes\\\/\"},\"author\":{\"name\":\"adminfojustice\",\"@id\":\"https:\\\/\\\/fojustice.fr\\\/web\\\/#\\\/schema\\\/person\\\/a51cb9c3495ce0ca62b78fc96ac3bf9f\"},\"headline\":\"Prison du Port : Le compte n&#8217;y est pas pour les mut\u00e9s\",\"datePublished\":\"2026-09-02T14:35:10+00:00\",\"mainEntityOfPage\":{\"@id\":\"https:\\\/\\\/fojustice.fr\\\/web\\\/prison-du-port-le-compte-ny-est-pas-pour-les-mutes\\\/\"},\"wordCount\":372,\"commentCount\":0,\"publisher\":{\"@id\":\"https:\\\/\\\/fojustice.fr\\\/web\\\/#organization\"},\"image\":{\"@id\":\"https:\\\/\\\/fojustice.fr\\\/web\\\/prison-du-port-le-compte-ny-est-pas-pour-les-mutes\\\/#primaryimage\"},\"thumbnailUrl\":\"https:\\\/\\\/fojustice.fr\\\/web\\\/wp-content\\\/uploads\\\/2024\\\/11\\\/WhatsApp-Image-2024-11-07-at-14.45.22.jpeg\",\"articleSection\":[\"DOM-TOM\"],\"inLanguage\":\"fr-FR\",\"potentialAction\":[{\"@type\":\"CommentAction\",\"name\":\"Comment\",\"target\":[\"https:\\\/\\\/fojustice.fr\\\/web\\\/prison-du-port-le-compte-ny-est-pas-pour-les-mutes\\\/#respond\"]}]},{\"@type\":\"WebPage\",\"@id\":\"https:\\\/\\\/fojustice.fr\\\/web\\\/prison-du-port-le-compte-ny-est-pas-pour-les-mutes\\\/\",\"url\":\"https:\\\/\\\/fojustice.fr\\\/web\\\/prison-du-port-le-compte-ny-est-pas-pour-les-mutes\\\/\",\"name\":\"Prison du Port : Le compte n'y est pas pour les mut\u00e9s - Syndicat FO Justice\",\"isPartOf\":{\"@id\":\"https:\\\/\\\/fojustice.fr\\\/web\\\/#website\"},\"primaryImageOfPage\":{\"@id\":\"https:\\\/\\\/fojustice.fr\\\/web\\\/prison-du-port-le-compte-ny-est-pas-pour-les-mutes\\\/#primaryimage\"},\"image\":{\"@id\":\"https:\\\/\\\/fojustice.fr\\\/web\\\/prison-du-port-le-compte-ny-est-pas-pour-les-mutes\\\/#primaryimage\"},\"thumbnailUrl\":\"https:\\\/\\\/fojustice.fr\\\/web\\\/wp-content\\\/uploads\\\/2024\\\/11\\\/WhatsApp-Image-2024-11-07-at-14.45.22.jpeg\",\"datePublished\":\"2026-09-02T14:35:10+00:00\",\"description\":\"Syndicat FO Justice - DOM-TOM - Prison du Port : Le compte n'y est pas pour les mut\u00e9s\",\"breadcrumb\":{\"@id\":\"https:\\\/\\\/fojustice.fr\\\/web\\\/prison-du-port-le-compte-ny-est-pas-pour-les-mutes\\\/#breadcrumb\"},\"inLanguage\":\"fr-FR\",\"potentialAction\":[{\"@type\":\"ReadAction\",\"target\":[\"https:\\\/\\\/fojustice.fr\\\/web\\\/prison-du-port-le-compte-ny-est-pas-pour-les-mutes\\\/\"]}]},{\"@type\":\"ImageObject\",\"inLanguage\":\"fr-FR\",\"@id\":\"https:\\\/\\\/fojustice.fr\\\/web\\\/prison-du-port-le-compte-ny-est-pas-pour-les-mutes\\\/#primaryimage\",\"url\":\"https:\\\/\\\/fojustice.fr\\\/web\\\/wp-content\\\/uploads\\\/2024\\\/11\\\/WhatsApp-Image-2024-11-07-at-14.45.22.jpeg\",\"contentUrl\":\"https:\\\/\\\/fojustice.fr\\\/web\\\/wp-content\\\/uploads\\\/2024\\\/11\\\/WhatsApp-Image-2024-11-07-at-14.45.22.jpeg\",\"width\":1600,\"height\":747},{\"@type\":\"BreadcrumbList\",\"@id\":\"https:\\\/\\\/fojustice.fr\\\/web\\\/prison-du-port-le-compte-ny-est-pas-pour-les-mutes\\\/#breadcrumb\",\"itemListElement\":[{\"@type\":\"ListItem\",\"position\":1,\"name\":\"Accueil\",\"item\":\"https:\\\/\\\/fojustice.fr\\\/web\\\/\"},{\"@type\":\"ListItem\",\"position\":2,\"name\":\"Prison du Port : Le compte n&#8217;y est pas pour les mut\u00e9s\"}]},{\"@type\":\"WebSite\",\"@id\":\"https:\\\/\\\/fojustice.fr\\\/web\\\/#website\",\"url\":\"https:\\\/\\\/fojustice.fr\\\/web\\\/\",\"name\":\"Syndicat FO Justice\",\"description\":\"Site du Syndicat National FO Justice\",\"publisher\":{\"@id\":\"https:\\\/\\\/fojustice.fr\\\/web\\\/#organization\"},\"alternateName\":\"Syndicat National FO Justice\",\"potentialAction\":[{\"@type\":\"SearchAction\",\"target\":{\"@type\":\"EntryPoint\",\"urlTemplate\":\"https:\\\/\\\/fojustice.fr\\\/web\\\/?s={search_term_string}\"},\"query-input\":{\"@type\":\"PropertyValueSpecification\",\"valueRequired\":true,\"valueName\":\"search_term_string\"}}],\"inLanguage\":\"fr-FR\"},{\"@type\":\"Organization\",\"@id\":\"https:\\\/\\\/fojustice.fr\\\/web\\\/#organization\",\"name\":\"Syndicat National FO Justice\",\"alternateName\":\"Syndicat National FO Justice\",\"url\":\"https:\\\/\\\/fojustice.fr\\\/web\\\/\",\"logo\":{\"@type\":\"ImageObject\",\"inLanguage\":\"fr-FR\",\"@id\":\"https:\\\/\\\/fojustice.fr\\\/web\\\/#\\\/schema\\\/logo\\\/image\\\/\",\"url\":\"https:\\\/\\\/fojustice.fr\\\/web\\\/wp-content\\\/uploads\\\/2022\\\/03\\\/logo-fo-justice.png\",\"contentUrl\":\"https:\\\/\\\/fojustice.fr\\\/web\\\/wp-content\\\/uploads\\\/2022\\\/03\\\/logo-fo-justice.png\",\"width\":800,\"height\":800,\"caption\":\"Syndicat National FO Justice\"},\"image\":{\"@id\":\"https:\\\/\\\/fojustice.fr\\\/web\\\/#\\\/schema\\\/logo\\\/image\\\/\"},\"sameAs\":[\"https:\\\/\\\/www.facebook.com\\\/SyndicatFoJustice\",\"https:\\\/\\\/x.com\\\/SyndFoJustice\"]},{\"@type\":\"Person\",\"@id\":\"https:\\\/\\\/fojustice.fr\\\/web\\\/#\\\/schema\\\/person\\\/a51cb9c3495ce0ca62b78fc96ac3bf9f\",\"name\":\"adminfojustice\",\"image\":{\"@type\":\"ImageObject\",\"inLanguage\":\"fr-FR\",\"@id\":\"https:\\\/\\\/secure.gravatar.com\\\/avatar\\\/368884c0ecc46e53d83c0c3c0af4c6c30a6bbc2aab7535848950f43a950bfd4e?s=96&d=mm&r=g\",\"url\":\"https:\\\/\\\/secure.gravatar.com\\\/avatar\\\/368884c0ecc46e53d83c0c3c0af4c6c30a6bbc2aab7535848950f43a950bfd4e?s=96&d=mm&r=g\",\"contentUrl\":\"https:\\\/\\\/secure.gravatar.com\\\/avatar\\\/368884c0ecc46e53d83c0c3c0af4c6c30a6bbc2aab7535848950f43a950bfd4e?s=96&d=mm&r=g\",\"caption\":\"adminfojustice\"},\"sameAs\":[\"https:\\\/\\\/www.fojustice.fr\\\/web\"],\"url\":\"https:\\\/\\\/fojustice.fr\\\/web\\\/author\\\/adminfojustice\\\/\"}]}<\/script>\n<!-- \/ Yoast SEO plugin. -->","yoast_head_json":{"title":"Prison du Port : Le compte n'y est pas pour les mut\u00e9s - Syndicat FO Justice","description":"Syndicat FO Justice - DOM-TOM - Prison du Port : Le compte n'y est pas pour les mut\u00e9s","robots":{"index":"index","follow":"follow","max-snippet":"max-snippet:-1","max-image-preview":"max-image-preview:large","max-video-preview":"max-video-preview:-1"},"canonical":"https:\/\/fojustice.fr\/web\/prison-du-port-le-compte-ny-est-pas-pour-les-mutes\/","og_locale":"fr_FR","og_type":"article","og_title":"Prison du Port : Le compte n'y est pas pour les mut\u00e9s - Syndicat FO Justice","og_description":"Syndicat FO Justice - DOM-TOM - Prison du Port : Le compte n'y est pas pour les mut\u00e9s","og_url":"https:\/\/fojustice.fr\/web\/prison-du-port-le-compte-ny-est-pas-pour-les-mutes\/","og_site_name":"Syndicat FO Justice","article_publisher":"https:\/\/www.facebook.com\/SyndicatFoJustice","article_published_time":"2026-09-02T14:35:10+00:00","og_image":[{"width":1600,"height":747,"url":"https:\/\/fojustice.fr\/web\/wp-content\/uploads\/2024\/11\/WhatsApp-Image-2024-11-07-at-14.45.22.jpeg","type":"image\/jpeg"}],"author":"adminfojustice","twitter_card":"summary_large_image","twitter_creator":"@SyndFoJustice","twitter_site":"@SyndFoJustice","twitter_misc":{"\u00c9crit par":"adminfojustice","Dur\u00e9e de lecture estim\u00e9e":"2 minutes"},"schema":{"@context":"https:\/\/schema.org","@graph":[{"@type":"NewsArticle","@id":"https:\/\/fojustice.fr\/web\/prison-du-port-le-compte-ny-est-pas-pour-les-mutes\/#article","isPartOf":{"@id":"https:\/\/fojustice.fr\/web\/prison-du-port-le-compte-ny-est-pas-pour-les-mutes\/"},"author":{"name":"adminfojustice","@id":"https:\/\/fojustice.fr\/web\/#\/schema\/person\/a51cb9c3495ce0ca62b78fc96ac3bf9f"},"headline":"Prison du Port : Le compte n&#8217;y est pas pour les mut\u00e9s","datePublished":"2026-09-02T14:35:10+00:00","mainEntityOfPage":{"@id":"https:\/\/fojustice.fr\/web\/prison-du-port-le-compte-ny-est-pas-pour-les-mutes\/"},"wordCount":372,"commentCount":0,"publisher":{"@id":"https:\/\/fojustice.fr\/web\/#organization"},"image":{"@id":"https:\/\/fojustice.fr\/web\/prison-du-port-le-compte-ny-est-pas-pour-les-mutes\/#primaryimage"},"thumbnailUrl":"https:\/\/fojustice.fr\/web\/wp-content\/uploads\/2024\/11\/WhatsApp-Image-2024-11-07-at-14.45.22.jpeg","articleSection":["DOM-TOM"],"inLanguage":"fr-FR","potentialAction":[{"@type":"CommentAction","name":"Comment","target":["https:\/\/fojustice.fr\/web\/prison-du-port-le-compte-ny-est-pas-pour-les-mutes\/#respond"]}]},{"@type":"WebPage","@id":"https:\/\/fojustice.fr\/web\/prison-du-port-le-compte-ny-est-pas-pour-les-mutes\/","url":"https:\/\/fojustice.fr\/web\/prison-du-port-le-compte-ny-est-pas-pour-les-mutes\/","name":"Prison du Port : Le compte n'y est pas pour les mut\u00e9s - Syndicat FO Justice","isPartOf":{"@id":"https:\/\/fojustice.fr\/web\/#website"},"primaryImageOfPage":{"@id":"https:\/\/fojustice.fr\/web\/prison-du-port-le-compte-ny-est-pas-pour-les-mutes\/#primaryimage"},"image":{"@id":"https:\/\/fojustice.fr\/web\/prison-du-port-le-compte-ny-est-pas-pour-les-mutes\/#primaryimage"},"thumbnailUrl":"https:\/\/fojustice.fr\/web\/wp-content\/uploads\/2024\/11\/WhatsApp-Image-2024-11-07-at-14.45.22.jpeg","datePublished":"2026-09-02T14:35:10+00:00","description":"Syndicat FO Justice - DOM-TOM - Prison du Port : Le compte n'y est pas pour les mut\u00e9s","breadcrumb":{"@id":"https:\/\/fojustice.fr\/web\/prison-du-port-le-compte-ny-est-pas-pour-les-mutes\/#breadcrumb"},"inLanguage":"fr-FR","potentialAction":[{"@type":"ReadAction","target":["https:\/\/fojustice.fr\/web\/prison-du-port-le-compte-ny-est-pas-pour-les-mutes\/"]}]},{"@type":"ImageObject","inLanguage":"fr-FR","@id":"https:\/\/fojustice.fr\/web\/prison-du-port-le-compte-ny-est-pas-pour-les-mutes\/#primaryimage","url":"https:\/\/fojustice.fr\/web\/wp-content\/uploads\/2024\/11\/WhatsApp-Image-2024-11-07-at-14.45.22.jpeg","contentUrl":"https:\/\/fojustice.fr\/web\/wp-content\/uploads\/2024\/11\/WhatsApp-Image-2024-11-07-at-14.45.22.jpeg","width":1600,"height":747},{"@type":"BreadcrumbList","@id":"https:\/\/fojustice.fr\/web\/prison-du-port-le-compte-ny-est-pas-pour-les-mutes\/#breadcrumb","itemListElement":[{"@type":"ListItem","position":1,"name":"Accueil","item":"https:\/\/fojustice.fr\/web\/"},{"@type":"ListItem","position":2,"name":"Prison du Port : Le compte n&#8217;y est pas pour les mut\u00e9s"}]},{"@type":"WebSite","@id":"https:\/\/fojustice.fr\/web\/#website","url":"https:\/\/fojustice.fr\/web\/","name":"Syndicat FO Justice","description":"Site du Syndicat National FO Justice","publisher":{"@id":"https:\/\/fojustice.fr\/web\/#organization"},"alternateName":"Syndicat National FO Justice","potentialAction":[{"@type":"SearchAction","target":{"@type":"EntryPoint","urlTemplate":"https:\/\/fojustice.fr\/web\/?s={search_term_string}"},"query-input":{"@type":"PropertyValueSpecification","valueRequired":true,"valueName":"search_term_string"}}],"inLanguage":"fr-FR"},{"@type":"Organization","@id":"https:\/\/fojustice.fr\/web\/#organization","name":"Syndicat National FO Justice","alternateName":"Syndicat National FO Justice","url":"https:\/\/fojustice.fr\/web\/","logo":{"@type":"ImageObject","inLanguage":"fr-FR","@id":"https:\/\/fojustice.fr\/web\/#\/schema\/logo\/image\/","url":"https:\/\/fojustice.fr\/web\/wp-content\/uploads\/2022\/03\/logo-fo-justice.png","contentUrl":"https:\/\/fojustice.fr\/web\/wp-content\/uploads\/2022\/03\/logo-fo-justice.png","width":800,"height":800,"caption":"Syndicat National FO Justice"},"image":{"@id":"https:\/\/fojustice.fr\/web\/#\/schema\/logo\/image\/"},"sameAs":["https:\/\/www.facebook.com\/SyndicatFoJustice","https:\/\/x.com\/SyndFoJustice"]},{"@type":"Person","@id":"https:\/\/fojustice.fr\/web\/#\/schema\/person\/a51cb9c3495ce0ca62b78fc96ac3bf9f","name":"adminfojustice","image":{"@type":"ImageObject","inLanguage":"fr-FR","@id":"https:\/\/secure.gravatar.com\/avatar\/368884c0ecc46e53d83c0c3c0af4c6c30a6bbc2aab7535848950f43a950bfd4e?s=96&d=mm&r=g","url":"https:\/\/secure.gravatar.com\/avatar\/368884c0ecc46e53d83c0c3c0af4c6c30a6bbc2aab7535848950f43a950bfd4e?s=96&d=mm&r=g","contentUrl":"https:\/\/secure.gravatar.com\/avatar\/368884c0ecc46e53d83c0c3c0af4c6c30a6bbc2aab7535848950f43a950bfd4e?s=96&d=mm&r=g","caption":"adminfojustice"},"sameAs":["https:\/\/www.fojustice.fr\/web"],"url":"https:\/\/fojustice.fr\/web\/author\/adminfojustice\/"}]}},"jetpack_shortlink":"https:\/\/wp.me\/pdNWl1-dpw","jetpack_sharing_enabled":true,"jetpack_featured_media_url":"https:\/\/fojustice.fr\/web\/wp-content\/uploads\/2024\/11\/WhatsApp-Image-2024-11-07-at-14.45.22.jpeg","_links":{"self":[{"href":"https:\/\/fojustice.fr\/web\/wp-json\/wp\/v2\/posts\/51554","targetHints":{"allow":["GET"]}}],"collection":[{"href":"https:\/\/fojustice.fr\/web\/wp-json\/wp\/v2\/posts"}],"about":[{"href":"https:\/\/fojustice.fr\/web\/wp-json\/wp\/v2\/types\/post"}],"author":[{"embeddable":true,"href":"https:\/\/fojustice.fr\/web\/wp-json\/wp\/v2\/users\/1"}],"replies":[{"embeddable":true,"href":"https:\/\/fojustice.fr\/web\/wp-json\/wp\/v2\/comments?post=51554"}],"version-history":[{"count":1,"href":"https:\/\/fojustice.fr\/web\/wp-json\/wp\/v2\/posts\/51554\/revisions"}],"predecessor-version":[{"id":51556,"href":"https:\/\/fojustice.fr\/web\/wp-json\/wp\/v2\/posts\/51554\/revisions\/51556"}],"wp:featuredmedia":[{"embeddable":true,"href":"https:\/\/fojustice.fr\/web\/wp-json\/wp\/v2\/media\/28356"}],"wp:attachment":[{"href":"https:\/\/fojustice.fr\/web\/wp-json\/wp\/v2\/media?parent=51554"}],"wp:term":[{"taxonomy":"category","embeddable":true,"href":"https:\/\/fojustice.fr\/web\/wp-json\/wp\/v2\/categories?post=51554"},{"taxonomy":"post_tag","embeddable":true,"href":"https:\/\/fojustice.fr\/web\/wp-json\/wp\/v2\/tags?post=51554"}],"curies":[{"name":"wp","href":"https:\/\/api.w.org\/{rel}","templated":true}]}}