{"id":51551,"date":"2026-09-02T16:29:33","date_gmt":"2026-09-02T14:29:33","guid":{"rendered":"https:\/\/fojustice.fr\/web\/?p=51551"},"modified":"2026-09-02T16:29:33","modified_gmt":"2026-09-02T14:29:33","slug":"prison-du-port-la-mascarade-de-lelsp-du-cd","status":"publish","type":"post","link":"https:\/\/fojustice.fr\/web\/prison-du-port-la-mascarade-de-lelsp-du-cd\/","title":{"rendered":"Prison du Port : La mascarade de l&#8217;ELSP du CD"},"content":{"rendered":"<p class=\"p1\"><strong>Une cr\u00e9ation dans la pr\u00e9cipitation, sans moyens, au d\u00e9triment des agents et de la qualit\u00e9 du service.<\/strong><\/p>\n<p class=\"p2\"><span style=\"color: #ff0000;\"><strong><span class=\"s1\">FO JUSTICE<\/span> <span class=\"s3\" style=\"color: #000080;\">D\u00c9NONCE<\/span><\/strong><\/span> avec force les conditions scandaleuses de cr\u00e9ation de l&#8217;ELSP au Centre de D\u00e9tention du Port.<\/p>\n<p class=\"p2\">Alors que cette nouvelle structure est pr\u00e9sent\u00e9e comme une avanc\u00e9e pour l&#8217;\u00e9tablissement, la r\u00e9alit\u00e9 est tout autre : <strong>une ouverture au rabais, r\u00e9alis\u00e9e sans les moyens mat\u00e9riels indispensables \u00e0 son fonctionnement.<\/strong><\/p>\n<p class=\"p2\">\u00c0 ce jour, le manque de mat\u00e9riel est tout simplement inacceptable. Des \u00e9quipements essentiels ne sont toujours pas disponibles et certaines commandes n\u00e9cessaires n&#8217;ont m\u00eame pas \u00e9t\u00e9 effectu\u00e9es. Comment peut-on pr\u00e9tendre lancer une ELSP dans de telles conditions ?<\/p>\n<p class=\"p2\">Les agents s\u00e9lectionn\u00e9s pour int\u00e9grer cette nouvelle structure vont prochainement d\u00e9buter leur formation.<\/p>\n<p class=\"p2\">L\u00e0 encore, l&#8217;improvisation r\u00e8gne : <strong>une formation sans mat\u00e9riel adapt\u00e9, sans pr\u00e9paration s\u00e9rieuse et sans anticipation des besoins r\u00e9els du service.<\/strong><\/p>\n<p class=\"p3\" style=\"text-align: center;\"><span style=\"color: #ff0000;\"><strong>Une cr\u00e9ation forc\u00e9e et pr\u00e9cipit\u00e9e.<\/strong><\/span><\/p>\n<p class=\"p2\">Pour <span style=\"color: #ff0000;\"><strong><span class=\"s1\">FO JUSTICE <\/span><\/strong><\/span>cette ELSP a \u00e9t\u00e9 cr\u00e9\u00e9e dans la pr\u00e9cipitation et la marche forc\u00e9e. Tout laisse penser que l&#8217;objectif principal n&#8217;\u00e9tait pas d&#8217;assurer un d\u00e9ploiement efficace et op\u00e9rationnel, mais bien de permettre \u00e0 notre ancien directeur, fra\u00eechement retrait\u00e9, de quitter l&#8217;\u00e9tablissement en affichant une r\u00e9alisation suppl\u00e9mentaire \u00e0 son bilan.<\/p>\n<p class=\"p2\">Aujourd&#8217;hui, ce sont les personnels qui h\u00e9ritent de cette situation et qui devront faire face quotidiennement aux dysfonctionnements engendr\u00e9s par cette gestion pr\u00e9cipit\u00e9e.<\/p>\n<p class=\"p3\" style=\"text-align: center;\"><span style=\"color: #ff0000;\"><strong>Les agents m\u00e9ritent mieux.<\/strong><\/span><\/p>\n<p class=\"p2\"><strong><span style=\"color: #ff0000;\"><span class=\"s1\">FO JUSTICE<\/span> <span class=\"s3\" style=\"color: #000080;\">REFUSE <\/span><\/span><\/strong>que les personnels soient les victimes d&#8217;effets d&#8217;annonce et de d\u00e9cisions prises sans r\u00e9flexion ni pr\u00e9paration suffisante.<\/p>\n<p class=\"p4\"><strong><span style=\"color: #ff0000;\">FO JUSTICE <span class=\"s3\" style=\"color: #000080;\">EXIGE <\/span><span class=\"s4\">:<\/span><\/span><\/strong><\/p>\n<p class=\"p2\">\u0660 La mise \u00e0 disposition imm\u00e9diate de l&#8217;ensemble des mat\u00e9riels n\u00e9cessaires au fonctionnement de l&#8217;ELSP.<\/p>\n<p class=\"p2\">\u0660 La r\u00e9alisation sans d\u00e9lai des commandes manquantes.<\/p>\n<p class=\"p2\">\u0660 Des conditions de formation dignes pour les agents s\u00e9lectionn\u00e9s.<\/p>\n<p class=\"p2\">\u0660 Un \u00e9tat des lieux pr\u00e9cis des besoins mat\u00e9riels avant toute mont\u00e9e en puissance de la structure.<\/p>\n<p class=\"p2\">\u0660 Le respect des personnels et des missions qui leur sont confi\u00e9es.<\/p>\n<p class=\"p2\" style=\"text-align: center;\"><strong>Devons-nous organiser une cagnotte leetchi pour l\u2019achat du mat\u00e9riel pour les ESLP ?<\/strong><\/p>\n<p class=\"p3\" style=\"text-align: center;\"><span style=\"color: #ff0000;\"><strong>FO JUSTICE DIT STOP \u00c0 L&#8217;IMPROVISATION ET AUX EFFETS D&#8217;AFFICHAGE !<\/strong><\/span><\/p>\n<p class=\"p2\" style=\"text-align: center;\"><strong>Les agents de l&#8217;ELSP m\u00e9ritent des moyens r\u00e9els, pas des promesses.<\/strong><\/p>\n<p><a href=\"https:\/\/fojustice.fr\/web\/wp-content\/uploads\/2026\/09\/communique-La-mascarade-de-lELSP-du-CD-du-Port.pdf\">Lire le communiqu\u00e9<\/a><\/p>\n","protected":false},"excerpt":{"rendered":"<p>Une cr\u00e9ation dans la pr\u00e9cipitation, sans moyens, au d\u00e9triment des agents et de la qualit\u00e9 du service. FO JUSTICE D\u00c9NONCE avec force les conditions scandaleuses de cr\u00e9ation de l&#8217;ELSP au Centre de D\u00e9tention du Port. Alors que cette nouvelle structure est pr\u00e9sent\u00e9e comme une avanc\u00e9e pour l&#8217;\u00e9tablissement, la r\u00e9alit\u00e9 est tout autre : une ouverture [&hellip;]<\/p>\n","protected":false},"author":1,"featured_media":28357,"comment_status":"open","ping_status":"open","sticky":false,"template":"","format":"standard","meta":{"_angie_page":false,"_jetpack_newsletter_access":"","_jetpack_dont_email_post_to_subs":true,"_jetpack_newsletter_tier_id":0,"_jetpack_memberships_contains_paywalled_content":false,"page_builder":"","_jetpack_feature_clip_id":0,"_jetpack_memberships_contains_paid_content":false,"footnotes":"","jetpack_post_was_ever_published":false,"_members_access_role":[],"_members_access_error":""},"categories":[38],"tags":[],"class_list":["post-51551","post","type-post","status-publish","format-standard","has-post-thumbnail","hentry","category-dom-tom"],"yoast_head":"<!-- This site is optimized with the Yoast SEO plugin v28.4 - https:\/\/yoast.com\/product\/yoast-seo-wordpress\/ -->\n<title>Prison du Port : La mascarade de l&#039;ELSP du CD - Syndicat FO Justice<\/title>\n<meta name=\"description\" content=\"Syndicat FO Justice - DOM-TOM - Prison du Port : La mascarade de l&#039;ELSP du CD\" \/>\n<meta name=\"robots\" content=\"index, follow, max-snippet:-1, max-image-preview:large, max-video-preview:-1\" \/>\n<link rel=\"canonical\" href=\"https:\/\/fojustice.fr\/web\/prison-du-port-la-mascarade-de-lelsp-du-cd\/\" \/>\n<meta property=\"og:locale\" content=\"fr_FR\" \/>\n<meta property=\"og:type\" content=\"article\" \/>\n<meta property=\"og:title\" content=\"Prison du Port : La mascarade de l&#039;ELSP du CD - Syndicat FO Justice\" \/>\n<meta property=\"og:description\" content=\"Syndicat FO Justice - DOM-TOM - Prison du Port : La mascarade de l&#039;ELSP du CD\" \/>\n<meta property=\"og:url\" content=\"https:\/\/fojustice.fr\/web\/prison-du-port-la-mascarade-de-lelsp-du-cd\/\" \/>\n<meta property=\"og:site_name\" content=\"Syndicat FO Justice\" \/>\n<meta property=\"article:publisher\" content=\"https:\/\/www.facebook.com\/SyndicatFoJustice\" \/>\n<meta property=\"article:published_time\" content=\"2026-09-02T14:29:33+00:00\" \/>\n<meta property=\"og:image\" content=\"https:\/\/fojustice.fr\/web\/wp-content\/uploads\/2024\/11\/WhatsApp-Image-2024-11-07-at-14.45.24.jpeg\" \/>\n\t<meta property=\"og:image:width\" content=\"1600\" \/>\n\t<meta property=\"og:image:height\" content=\"747\" \/>\n\t<meta property=\"og:image:type\" content=\"image\/jpeg\" \/>\n<meta name=\"author\" content=\"adminfojustice\" \/>\n<meta name=\"twitter:card\" content=\"summary_large_image\" \/>\n<meta name=\"twitter:creator\" content=\"@SyndFoJustice\" \/>\n<meta name=\"twitter:site\" content=\"@SyndFoJustice\" \/>\n<meta name=\"twitter:label1\" content=\"\u00c9crit par\" \/>\n\t<meta name=\"twitter:data1\" content=\"adminfojustice\" \/>\n\t<meta name=\"twitter:label2\" content=\"Dur\u00e9e de lecture estim\u00e9e\" \/>\n\t<meta name=\"twitter:data2\" content=\"2 minutes\" \/>\n<script type=\"application\/ld+json\" class=\"yoast-schema-graph\">{\"@context\":\"https:\\\/\\\/schema.org\",\"@graph\":[{\"@type\":\"NewsArticle\",\"@id\":\"https:\\\/\\\/fojustice.fr\\\/web\\\/prison-du-port-la-mascarade-de-lelsp-du-cd\\\/#article\",\"isPartOf\":{\"@id\":\"https:\\\/\\\/fojustice.fr\\\/web\\\/prison-du-port-la-mascarade-de-lelsp-du-cd\\\/\"},\"author\":{\"name\":\"adminfojustice\",\"@id\":\"https:\\\/\\\/fojustice.fr\\\/web\\\/#\\\/schema\\\/person\\\/a51cb9c3495ce0ca62b78fc96ac3bf9f\"},\"headline\":\"Prison du Port : La mascarade de l&#8217;ELSP du CD\",\"datePublished\":\"2026-09-02T14:29:33+00:00\",\"mainEntityOfPage\":{\"@id\":\"https:\\\/\\\/fojustice.fr\\\/web\\\/prison-du-port-la-mascarade-de-lelsp-du-cd\\\/\"},\"wordCount\":416,\"commentCount\":0,\"publisher\":{\"@id\":\"https:\\\/\\\/fojustice.fr\\\/web\\\/#organization\"},\"image\":{\"@id\":\"https:\\\/\\\/fojustice.fr\\\/web\\\/prison-du-port-la-mascarade-de-lelsp-du-cd\\\/#primaryimage\"},\"thumbnailUrl\":\"https:\\\/\\\/fojustice.fr\\\/web\\\/wp-content\\\/uploads\\\/2024\\\/11\\\/WhatsApp-Image-2024-11-07-at-14.45.24.jpeg\",\"articleSection\":[\"DOM-TOM\"],\"inLanguage\":\"fr-FR\",\"potentialAction\":[{\"@type\":\"CommentAction\",\"name\":\"Comment\",\"target\":[\"https:\\\/\\\/fojustice.fr\\\/web\\\/prison-du-port-la-mascarade-de-lelsp-du-cd\\\/#respond\"]}]},{\"@type\":\"WebPage\",\"@id\":\"https:\\\/\\\/fojustice.fr\\\/web\\\/prison-du-port-la-mascarade-de-lelsp-du-cd\\\/\",\"url\":\"https:\\\/\\\/fojustice.fr\\\/web\\\/prison-du-port-la-mascarade-de-lelsp-du-cd\\\/\",\"name\":\"Prison du Port : La mascarade de l'ELSP du CD - Syndicat FO Justice\",\"isPartOf\":{\"@id\":\"https:\\\/\\\/fojustice.fr\\\/web\\\/#website\"},\"primaryImageOfPage\":{\"@id\":\"https:\\\/\\\/fojustice.fr\\\/web\\\/prison-du-port-la-mascarade-de-lelsp-du-cd\\\/#primaryimage\"},\"image\":{\"@id\":\"https:\\\/\\\/fojustice.fr\\\/web\\\/prison-du-port-la-mascarade-de-lelsp-du-cd\\\/#primaryimage\"},\"thumbnailUrl\":\"https:\\\/\\\/fojustice.fr\\\/web\\\/wp-content\\\/uploads\\\/2024\\\/11\\\/WhatsApp-Image-2024-11-07-at-14.45.24.jpeg\",\"datePublished\":\"2026-09-02T14:29:33+00:00\",\"description\":\"Syndicat FO Justice - DOM-TOM - Prison du Port : La mascarade de l'ELSP du CD\",\"breadcrumb\":{\"@id\":\"https:\\\/\\\/fojustice.fr\\\/web\\\/prison-du-port-la-mascarade-de-lelsp-du-cd\\\/#breadcrumb\"},\"inLanguage\":\"fr-FR\",\"potentialAction\":[{\"@type\":\"ReadAction\",\"target\":[\"https:\\\/\\\/fojustice.fr\\\/web\\\/prison-du-port-la-mascarade-de-lelsp-du-cd\\\/\"]}]},{\"@type\":\"ImageObject\",\"inLanguage\":\"fr-FR\",\"@id\":\"https:\\\/\\\/fojustice.fr\\\/web\\\/prison-du-port-la-mascarade-de-lelsp-du-cd\\\/#primaryimage\",\"url\":\"https:\\\/\\\/fojustice.fr\\\/web\\\/wp-content\\\/uploads\\\/2024\\\/11\\\/WhatsApp-Image-2024-11-07-at-14.45.24.jpeg\",\"contentUrl\":\"https:\\\/\\\/fojustice.fr\\\/web\\\/wp-content\\\/uploads\\\/2024\\\/11\\\/WhatsApp-Image-2024-11-07-at-14.45.24.jpeg\",\"width\":1600,\"height\":747},{\"@type\":\"BreadcrumbList\",\"@id\":\"https:\\\/\\\/fojustice.fr\\\/web\\\/prison-du-port-la-mascarade-de-lelsp-du-cd\\\/#breadcrumb\",\"itemListElement\":[{\"@type\":\"ListItem\",\"position\":1,\"name\":\"Accueil\",\"item\":\"https:\\\/\\\/fojustice.fr\\\/web\\\/\"},{\"@type\":\"ListItem\",\"position\":2,\"name\":\"Prison du Port : La mascarade de l&#8217;ELSP du CD\"}]},{\"@type\":\"WebSite\",\"@id\":\"https:\\\/\\\/fojustice.fr\\\/web\\\/#website\",\"url\":\"https:\\\/\\\/fojustice.fr\\\/web\\\/\",\"name\":\"Syndicat FO Justice\",\"description\":\"Site du Syndicat National FO Justice\",\"publisher\":{\"@id\":\"https:\\\/\\\/fojustice.fr\\\/web\\\/#organization\"},\"alternateName\":\"Syndicat National FO Justice\",\"potentialAction\":[{\"@type\":\"SearchAction\",\"target\":{\"@type\":\"EntryPoint\",\"urlTemplate\":\"https:\\\/\\\/fojustice.fr\\\/web\\\/?s={search_term_string}\"},\"query-input\":{\"@type\":\"PropertyValueSpecification\",\"valueRequired\":true,\"valueName\":\"search_term_string\"}}],\"inLanguage\":\"fr-FR\"},{\"@type\":\"Organization\",\"@id\":\"https:\\\/\\\/fojustice.fr\\\/web\\\/#organization\",\"name\":\"Syndicat National FO Justice\",\"alternateName\":\"Syndicat National FO Justice\",\"url\":\"https:\\\/\\\/fojustice.fr\\\/web\\\/\",\"logo\":{\"@type\":\"ImageObject\",\"inLanguage\":\"fr-FR\",\"@id\":\"https:\\\/\\\/fojustice.fr\\\/web\\\/#\\\/schema\\\/logo\\\/image\\\/\",\"url\":\"https:\\\/\\\/fojustice.fr\\\/web\\\/wp-content\\\/uploads\\\/2022\\\/03\\\/logo-fo-justice.png\",\"contentUrl\":\"https:\\\/\\\/fojustice.fr\\\/web\\\/wp-content\\\/uploads\\\/2022\\\/03\\\/logo-fo-justice.png\",\"width\":800,\"height\":800,\"caption\":\"Syndicat National FO Justice\"},\"image\":{\"@id\":\"https:\\\/\\\/fojustice.fr\\\/web\\\/#\\\/schema\\\/logo\\\/image\\\/\"},\"sameAs\":[\"https:\\\/\\\/www.facebook.com\\\/SyndicatFoJustice\",\"https:\\\/\\\/x.com\\\/SyndFoJustice\"]},{\"@type\":\"Person\",\"@id\":\"https:\\\/\\\/fojustice.fr\\\/web\\\/#\\\/schema\\\/person\\\/a51cb9c3495ce0ca62b78fc96ac3bf9f\",\"name\":\"adminfojustice\",\"image\":{\"@type\":\"ImageObject\",\"inLanguage\":\"fr-FR\",\"@id\":\"https:\\\/\\\/secure.gravatar.com\\\/avatar\\\/368884c0ecc46e53d83c0c3c0af4c6c30a6bbc2aab7535848950f43a950bfd4e?s=96&d=mm&r=g\",\"url\":\"https:\\\/\\\/secure.gravatar.com\\\/avatar\\\/368884c0ecc46e53d83c0c3c0af4c6c30a6bbc2aab7535848950f43a950bfd4e?s=96&d=mm&r=g\",\"contentUrl\":\"https:\\\/\\\/secure.gravatar.com\\\/avatar\\\/368884c0ecc46e53d83c0c3c0af4c6c30a6bbc2aab7535848950f43a950bfd4e?s=96&d=mm&r=g\",\"caption\":\"adminfojustice\"},\"sameAs\":[\"https:\\\/\\\/www.fojustice.fr\\\/web\"],\"url\":\"https:\\\/\\\/fojustice.fr\\\/web\\\/author\\\/adminfojustice\\\/\"}]}<\/script>\n<!-- \/ Yoast SEO plugin. -->","yoast_head_json":{"title":"Prison du Port : La mascarade de l'ELSP du CD - Syndicat FO Justice","description":"Syndicat FO Justice - DOM-TOM - Prison du Port : La mascarade de l'ELSP du CD","robots":{"index":"index","follow":"follow","max-snippet":"max-snippet:-1","max-image-preview":"max-image-preview:large","max-video-preview":"max-video-preview:-1"},"canonical":"https:\/\/fojustice.fr\/web\/prison-du-port-la-mascarade-de-lelsp-du-cd\/","og_locale":"fr_FR","og_type":"article","og_title":"Prison du Port : La mascarade de l'ELSP du CD - Syndicat FO Justice","og_description":"Syndicat FO Justice - DOM-TOM - Prison du Port : La mascarade de l'ELSP du CD","og_url":"https:\/\/fojustice.fr\/web\/prison-du-port-la-mascarade-de-lelsp-du-cd\/","og_site_name":"Syndicat FO Justice","article_publisher":"https:\/\/www.facebook.com\/SyndicatFoJustice","article_published_time":"2026-09-02T14:29:33+00:00","og_image":[{"width":1600,"height":747,"url":"https:\/\/fojustice.fr\/web\/wp-content\/uploads\/2024\/11\/WhatsApp-Image-2024-11-07-at-14.45.24.jpeg","type":"image\/jpeg"}],"author":"adminfojustice","twitter_card":"summary_large_image","twitter_creator":"@SyndFoJustice","twitter_site":"@SyndFoJustice","twitter_misc":{"\u00c9crit par":"adminfojustice","Dur\u00e9e de lecture estim\u00e9e":"2 minutes"},"schema":{"@context":"https:\/\/schema.org","@graph":[{"@type":"NewsArticle","@id":"https:\/\/fojustice.fr\/web\/prison-du-port-la-mascarade-de-lelsp-du-cd\/#article","isPartOf":{"@id":"https:\/\/fojustice.fr\/web\/prison-du-port-la-mascarade-de-lelsp-du-cd\/"},"author":{"name":"adminfojustice","@id":"https:\/\/fojustice.fr\/web\/#\/schema\/person\/a51cb9c3495ce0ca62b78fc96ac3bf9f"},"headline":"Prison du Port : La mascarade de l&#8217;ELSP du CD","datePublished":"2026-09-02T14:29:33+00:00","mainEntityOfPage":{"@id":"https:\/\/fojustice.fr\/web\/prison-du-port-la-mascarade-de-lelsp-du-cd\/"},"wordCount":416,"commentCount":0,"publisher":{"@id":"https:\/\/fojustice.fr\/web\/#organization"},"image":{"@id":"https:\/\/fojustice.fr\/web\/prison-du-port-la-mascarade-de-lelsp-du-cd\/#primaryimage"},"thumbnailUrl":"https:\/\/fojustice.fr\/web\/wp-content\/uploads\/2024\/11\/WhatsApp-Image-2024-11-07-at-14.45.24.jpeg","articleSection":["DOM-TOM"],"inLanguage":"fr-FR","potentialAction":[{"@type":"CommentAction","name":"Comment","target":["https:\/\/fojustice.fr\/web\/prison-du-port-la-mascarade-de-lelsp-du-cd\/#respond"]}]},{"@type":"WebPage","@id":"https:\/\/fojustice.fr\/web\/prison-du-port-la-mascarade-de-lelsp-du-cd\/","url":"https:\/\/fojustice.fr\/web\/prison-du-port-la-mascarade-de-lelsp-du-cd\/","name":"Prison du Port : La mascarade de l'ELSP du CD - Syndicat FO Justice","isPartOf":{"@id":"https:\/\/fojustice.fr\/web\/#website"},"primaryImageOfPage":{"@id":"https:\/\/fojustice.fr\/web\/prison-du-port-la-mascarade-de-lelsp-du-cd\/#primaryimage"},"image":{"@id":"https:\/\/fojustice.fr\/web\/prison-du-port-la-mascarade-de-lelsp-du-cd\/#primaryimage"},"thumbnailUrl":"https:\/\/fojustice.fr\/web\/wp-content\/uploads\/2024\/11\/WhatsApp-Image-2024-11-07-at-14.45.24.jpeg","datePublished":"2026-09-02T14:29:33+00:00","description":"Syndicat FO Justice - DOM-TOM - Prison du Port : La mascarade de l'ELSP du CD","breadcrumb":{"@id":"https:\/\/fojustice.fr\/web\/prison-du-port-la-mascarade-de-lelsp-du-cd\/#breadcrumb"},"inLanguage":"fr-FR","potentialAction":[{"@type":"ReadAction","target":["https:\/\/fojustice.fr\/web\/prison-du-port-la-mascarade-de-lelsp-du-cd\/"]}]},{"@type":"ImageObject","inLanguage":"fr-FR","@id":"https:\/\/fojustice.fr\/web\/prison-du-port-la-mascarade-de-lelsp-du-cd\/#primaryimage","url":"https:\/\/fojustice.fr\/web\/wp-content\/uploads\/2024\/11\/WhatsApp-Image-2024-11-07-at-14.45.24.jpeg","contentUrl":"https:\/\/fojustice.fr\/web\/wp-content\/uploads\/2024\/11\/WhatsApp-Image-2024-11-07-at-14.45.24.jpeg","width":1600,"height":747},{"@type":"BreadcrumbList","@id":"https:\/\/fojustice.fr\/web\/prison-du-port-la-mascarade-de-lelsp-du-cd\/#breadcrumb","itemListElement":[{"@type":"ListItem","position":1,"name":"Accueil","item":"https:\/\/fojustice.fr\/web\/"},{"@type":"ListItem","position":2,"name":"Prison du Port : La mascarade de l&#8217;ELSP du CD"}]},{"@type":"WebSite","@id":"https:\/\/fojustice.fr\/web\/#website","url":"https:\/\/fojustice.fr\/web\/","name":"Syndicat FO Justice","description":"Site du Syndicat National FO Justice","publisher":{"@id":"https:\/\/fojustice.fr\/web\/#organization"},"alternateName":"Syndicat National FO Justice","potentialAction":[{"@type":"SearchAction","target":{"@type":"EntryPoint","urlTemplate":"https:\/\/fojustice.fr\/web\/?s={search_term_string}"},"query-input":{"@type":"PropertyValueSpecification","valueRequired":true,"valueName":"search_term_string"}}],"inLanguage":"fr-FR"},{"@type":"Organization","@id":"https:\/\/fojustice.fr\/web\/#organization","name":"Syndicat National FO Justice","alternateName":"Syndicat National FO Justice","url":"https:\/\/fojustice.fr\/web\/","logo":{"@type":"ImageObject","inLanguage":"fr-FR","@id":"https:\/\/fojustice.fr\/web\/#\/schema\/logo\/image\/","url":"https:\/\/fojustice.fr\/web\/wp-content\/uploads\/2022\/03\/logo-fo-justice.png","contentUrl":"https:\/\/fojustice.fr\/web\/wp-content\/uploads\/2022\/03\/logo-fo-justice.png","width":800,"height":800,"caption":"Syndicat National FO Justice"},"image":{"@id":"https:\/\/fojustice.fr\/web\/#\/schema\/logo\/image\/"},"sameAs":["https:\/\/www.facebook.com\/SyndicatFoJustice","https:\/\/x.com\/SyndFoJustice"]},{"@type":"Person","@id":"https:\/\/fojustice.fr\/web\/#\/schema\/person\/a51cb9c3495ce0ca62b78fc96ac3bf9f","name":"adminfojustice","image":{"@type":"ImageObject","inLanguage":"fr-FR","@id":"https:\/\/secure.gravatar.com\/avatar\/368884c0ecc46e53d83c0c3c0af4c6c30a6bbc2aab7535848950f43a950bfd4e?s=96&d=mm&r=g","url":"https:\/\/secure.gravatar.com\/avatar\/368884c0ecc46e53d83c0c3c0af4c6c30a6bbc2aab7535848950f43a950bfd4e?s=96&d=mm&r=g","contentUrl":"https:\/\/secure.gravatar.com\/avatar\/368884c0ecc46e53d83c0c3c0af4c6c30a6bbc2aab7535848950f43a950bfd4e?s=96&d=mm&r=g","caption":"adminfojustice"},"sameAs":["https:\/\/www.fojustice.fr\/web"],"url":"https:\/\/fojustice.fr\/web\/author\/adminfojustice\/"}]}},"jetpack_shortlink":"https:\/\/wp.me\/pdNWl1-dpt","jetpack_sharing_enabled":true,"jetpack_featured_media_url":"https:\/\/fojustice.fr\/web\/wp-content\/uploads\/2024\/11\/WhatsApp-Image-2024-11-07-at-14.45.24.jpeg","_links":{"self":[{"href":"https:\/\/fojustice.fr\/web\/wp-json\/wp\/v2\/posts\/51551","targetHints":{"allow":["GET"]}}],"collection":[{"href":"https:\/\/fojustice.fr\/web\/wp-json\/wp\/v2\/posts"}],"about":[{"href":"https:\/\/fojustice.fr\/web\/wp-json\/wp\/v2\/types\/post"}],"author":[{"embeddable":true,"href":"https:\/\/fojustice.fr\/web\/wp-json\/wp\/v2\/users\/1"}],"replies":[{"embeddable":true,"href":"https:\/\/fojustice.fr\/web\/wp-json\/wp\/v2\/comments?post=51551"}],"version-history":[{"count":1,"href":"https:\/\/fojustice.fr\/web\/wp-json\/wp\/v2\/posts\/51551\/revisions"}],"predecessor-version":[{"id":51553,"href":"https:\/\/fojustice.fr\/web\/wp-json\/wp\/v2\/posts\/51551\/revisions\/51553"}],"wp:featuredmedia":[{"embeddable":true,"href":"https:\/\/fojustice.fr\/web\/wp-json\/wp\/v2\/media\/28357"}],"wp:attachment":[{"href":"https:\/\/fojustice.fr\/web\/wp-json\/wp\/v2\/media?parent=51551"}],"wp:term":[{"taxonomy":"category","embeddable":true,"href":"https:\/\/fojustice.fr\/web\/wp-json\/wp\/v2\/categories?post=51551"},{"taxonomy":"post_tag","embeddable":true,"href":"https:\/\/fojustice.fr\/web\/wp-json\/wp\/v2\/tags?post=51551"}],"curies":[{"name":"wp","href":"https:\/\/api.w.org\/{rel}","templated":true}]}}