{"id":51510,"date":"2026-09-02T11:43:00","date_gmt":"2026-09-02T09:43:00","guid":{"rendered":"https:\/\/fojustice.fr\/web\/?p=51510"},"modified":"2026-09-02T11:43:00","modified_gmt":"2026-09-02T09:43:00","slug":"audience-avec-le-garde-des-sceaux-fo-justice-a-porte-lensemble-de-ses-revendications","status":"publish","type":"post","link":"https:\/\/fojustice.fr\/web\/audience-avec-le-garde-des-sceaux-fo-justice-a-porte-lensemble-de-ses-revendications\/","title":{"rendered":"Audience avec le Garde des Sceaux : FO Justice a port\u00e9 l&#8217;ensemble de ses revendications !"},"content":{"rendered":"<p class=\"p1\"><span style=\"color: #000080;\"><b>\u00c0 la suite de notre lettre ouverte du 25 ao\u00fbt, <\/b><span class=\"s1\" style=\"color: #ff0000;\"><b>FO Justice<\/b><\/span><b> a \u00e9t\u00e9 re\u00e7u par le garde des <\/b><\/span><b><span style=\"color: #000080;\">Sceaux, G\u00e9rald Darmanin, accompagn\u00e9 de son cabinet.<\/span><img decoding=\"async\" class=\"alignright wp-image-51512 size-thumbnail\" src=\"https:\/\/fojustice.fr\/web\/wp-content\/uploads\/2026\/09\/a-150x150.png\" alt=\"\" width=\"150\" height=\"150\" srcset=\"https:\/\/fojustice.fr\/web\/wp-content\/uploads\/2026\/09\/a-150x150.png 150w, https:\/\/fojustice.fr\/web\/wp-content\/uploads\/2026\/09\/a-100x100.png 100w\" sizes=\"(max-width: 150px) 100vw, 150px\" \/><\/b><\/p>\n<p class=\"p2\">Cette audience, particuli\u00e8rement dense, nous a permis de revenir sur l\u2019ensemble des sujets soulev\u00e9s dans notre courrier et de rappeler les attentes fortes des personnels du minist\u00e8re de la Justice.<\/p>\n<p class=\"p2\">Nous avons ainsi abord\u00e9 les dossiers concernant l\u2019Administration p\u00e9nitentiaire, les personnels administratifs et techniques, les services judiciaires et les personnels de greffe, la Protection judiciaire de la jeunesse, les psychologues, les assistants de service social, les agents contractuels, les SPIP ainsi que les personnels d\u2019encadrement.<\/p>\n<p class=\"p2\"><span class=\"s1\" style=\"color: #ff0000;\"><b>\u25ba FO Justice <\/b><\/span>a \u00e9galement port\u00e9 avec force les dossiers ultramarins, et notamment Mayotte, avec le projet d\u2019un deuxi\u00e8me \u00e9tablissement p\u00e9nitentiaire, dossier que notre organisation d\u00e9fend depuis longtemps, en lien avec la situation de Tsingoni. Le garde des Sceaux a confirm\u00e9 que ce projet n\u2019\u00e9tait pas abandonn\u00e9.<\/p>\n<p class=\"p3\"><span style=\"color: #ff0000;\"><b>Le garde des Sceaux s\u2019est engag\u00e9 \u00e0 r\u00e9pondre par \u00e9crit, point par point, \u00e0 notre lettre ouverte et \u00e0 <\/b><b>l\u2019ensemble des demandes formul\u00e9es par FO Justice.<\/b><\/span><\/p>\n<p class=\"p2\">Nous attendons donc d\u00e9sormais cette r\u00e9ponse officielle, qui permettra de mesurer pr\u00e9cis\u00e9ment les engagements, les arbitrages et les perspectives retenus par le ministre.<\/p>\n<p class=\"p2\"><span class=\"s1\" style=\"color: #ff0000;\"><b>\u25ba FO Justice<\/b><\/span><b> rendra compte aux personnels d\u00e8s r\u00e9ception de ce courrier.<\/b><\/p>\n<p class=\"p2\"><b>Notre ligne reste inchang\u00e9e : obtenir des r\u00e9ponses claires, des engagements tenus et des r\u00e9sultats <\/b><b>concrets pour tous les personnels du minist\u00e8re de la Justice.<\/b><\/p>\n<p style=\"text-align: center;\"><span style=\"color: #ff0000;\"><strong>FO Justice : des revendications, des engagements, des actes !<\/strong><\/span><\/p>\n<p><a href=\"https:\/\/fojustice.fr\/web\/wp-content\/uploads\/2026\/09\/20260902-FO-Justice-Audience-avec-le-GDS-FO-Justice-a-porte-lensemble-de-ses-revendications.pdf\">Lire le communiqu\u00e9<\/a><\/p>\n","protected":false},"excerpt":{"rendered":"<p>\u00c0 la suite de notre lettre ouverte du 25 ao\u00fbt, FO Justice a \u00e9t\u00e9 re\u00e7u par le garde des Sceaux, G\u00e9rald Darmanin, accompagn\u00e9 de son cabinet. Cette audience, particuli\u00e8rement dense, nous a permis de revenir sur l\u2019ensemble des sujets soulev\u00e9s dans notre courrier et de rappeler les attentes fortes des personnels du minist\u00e8re de la [&hellip;]<\/p>\n","protected":false},"author":1,"featured_media":51513,"comment_status":"open","ping_status":"open","sticky":false,"template":"","format":"standard","meta":{"_angie_page":false,"_jetpack_newsletter_access":"","_jetpack_dont_email_post_to_subs":true,"_jetpack_newsletter_tier_id":0,"_jetpack_memberships_contains_paywalled_content":false,"page_builder":"","_jetpack_feature_clip_id":0,"_jetpack_memberships_contains_paid_content":false,"footnotes":"","jetpack_post_was_ever_published":false,"_members_access_role":[],"_members_access_error":""},"categories":[41],"tags":[],"class_list":["post-51510","post","type-post","status-publish","format-standard","has-post-thumbnail","hentry","category-national"],"yoast_head":"<!-- This site is optimized with the Yoast SEO plugin v28.4 - https:\/\/yoast.com\/product\/yoast-seo-wordpress\/ -->\n<title>Audience avec le Garde des Sceaux : FO Justice a port\u00e9 l&#039;ensemble de ses revendications ! - Syndicat FO Justice<\/title>\n<meta name=\"description\" content=\"Syndicat FO Justice - NATIONAL - Audience avec le Garde des Sceaux : FO Justice a port\u00e9 l&#039;ensemble de ses revendications !\" \/>\n<meta name=\"robots\" content=\"index, follow, max-snippet:-1, max-image-preview:large, max-video-preview:-1\" \/>\n<link rel=\"canonical\" href=\"https:\/\/fojustice.fr\/web\/audience-avec-le-garde-des-sceaux-fo-justice-a-porte-lensemble-de-ses-revendications\/\" \/>\n<meta property=\"og:locale\" content=\"fr_FR\" \/>\n<meta property=\"og:type\" content=\"article\" \/>\n<meta property=\"og:title\" content=\"Audience avec le Garde des Sceaux : FO Justice a port\u00e9 l&#039;ensemble de ses revendications ! - Syndicat FO Justice\" \/>\n<meta property=\"og:description\" content=\"Syndicat FO Justice - NATIONAL - Audience avec le Garde des Sceaux : FO Justice a port\u00e9 l&#039;ensemble de ses revendications !\" \/>\n<meta property=\"og:url\" content=\"https:\/\/fojustice.fr\/web\/audience-avec-le-garde-des-sceaux-fo-justice-a-porte-lensemble-de-ses-revendications\/\" \/>\n<meta property=\"og:site_name\" content=\"Syndicat FO Justice\" \/>\n<meta property=\"article:publisher\" content=\"https:\/\/www.facebook.com\/SyndicatFoJustice\" \/>\n<meta property=\"article:published_time\" content=\"2026-09-02T09:43:00+00:00\" \/>\n<meta property=\"og:image\" content=\"https:\/\/fojustice.fr\/web\/wp-content\/uploads\/2026\/09\/Capture-decran-2026-09-02-a-11.41.32-1024x722.png\" \/>\n\t<meta property=\"og:image:width\" content=\"1024\" \/>\n\t<meta property=\"og:image:height\" content=\"722\" \/>\n\t<meta property=\"og:image:type\" content=\"image\/png\" \/>\n<meta name=\"author\" content=\"adminfojustice\" \/>\n<meta name=\"twitter:card\" content=\"summary_large_image\" \/>\n<meta name=\"twitter:creator\" content=\"@SyndFoJustice\" \/>\n<meta name=\"twitter:site\" content=\"@SyndFoJustice\" \/>\n<meta name=\"twitter:label1\" content=\"\u00c9crit par\" \/>\n\t<meta name=\"twitter:data1\" content=\"adminfojustice\" \/>\n\t<meta name=\"twitter:label2\" content=\"Dur\u00e9e de lecture estim\u00e9e\" \/>\n\t<meta name=\"twitter:data2\" content=\"1 minute\" \/>\n<script type=\"application\/ld+json\" class=\"yoast-schema-graph\">{\"@context\":\"https:\\\/\\\/schema.org\",\"@graph\":[{\"@type\":\"NewsArticle\",\"@id\":\"https:\\\/\\\/fojustice.fr\\\/web\\\/audience-avec-le-garde-des-sceaux-fo-justice-a-porte-lensemble-de-ses-revendications\\\/#article\",\"isPartOf\":{\"@id\":\"https:\\\/\\\/fojustice.fr\\\/web\\\/audience-avec-le-garde-des-sceaux-fo-justice-a-porte-lensemble-de-ses-revendications\\\/\"},\"author\":{\"name\":\"adminfojustice\",\"@id\":\"https:\\\/\\\/fojustice.fr\\\/web\\\/#\\\/schema\\\/person\\\/a51cb9c3495ce0ca62b78fc96ac3bf9f\"},\"headline\":\"Audience avec le Garde des Sceaux : FO Justice a port\u00e9 l&#8217;ensemble de ses revendications !\",\"datePublished\":\"2026-09-02T09:43:00+00:00\",\"mainEntityOfPage\":{\"@id\":\"https:\\\/\\\/fojustice.fr\\\/web\\\/audience-avec-le-garde-des-sceaux-fo-justice-a-porte-lensemble-de-ses-revendications\\\/\"},\"wordCount\":281,\"commentCount\":0,\"publisher\":{\"@id\":\"https:\\\/\\\/fojustice.fr\\\/web\\\/#organization\"},\"image\":{\"@id\":\"https:\\\/\\\/fojustice.fr\\\/web\\\/audience-avec-le-garde-des-sceaux-fo-justice-a-porte-lensemble-de-ses-revendications\\\/#primaryimage\"},\"thumbnailUrl\":\"https:\\\/\\\/fojustice.fr\\\/web\\\/wp-content\\\/uploads\\\/2026\\\/09\\\/Capture-decran-2026-09-02-a-11.41.32.png\",\"articleSection\":[\"NATIONAL\"],\"inLanguage\":\"fr-FR\",\"potentialAction\":[{\"@type\":\"CommentAction\",\"name\":\"Comment\",\"target\":[\"https:\\\/\\\/fojustice.fr\\\/web\\\/audience-avec-le-garde-des-sceaux-fo-justice-a-porte-lensemble-de-ses-revendications\\\/#respond\"]}]},{\"@type\":\"WebPage\",\"@id\":\"https:\\\/\\\/fojustice.fr\\\/web\\\/audience-avec-le-garde-des-sceaux-fo-justice-a-porte-lensemble-de-ses-revendications\\\/\",\"url\":\"https:\\\/\\\/fojustice.fr\\\/web\\\/audience-avec-le-garde-des-sceaux-fo-justice-a-porte-lensemble-de-ses-revendications\\\/\",\"name\":\"Audience avec le Garde des Sceaux : FO Justice a port\u00e9 l'ensemble de ses revendications ! - Syndicat FO Justice\",\"isPartOf\":{\"@id\":\"https:\\\/\\\/fojustice.fr\\\/web\\\/#website\"},\"primaryImageOfPage\":{\"@id\":\"https:\\\/\\\/fojustice.fr\\\/web\\\/audience-avec-le-garde-des-sceaux-fo-justice-a-porte-lensemble-de-ses-revendications\\\/#primaryimage\"},\"image\":{\"@id\":\"https:\\\/\\\/fojustice.fr\\\/web\\\/audience-avec-le-garde-des-sceaux-fo-justice-a-porte-lensemble-de-ses-revendications\\\/#primaryimage\"},\"thumbnailUrl\":\"https:\\\/\\\/fojustice.fr\\\/web\\\/wp-content\\\/uploads\\\/2026\\\/09\\\/Capture-decran-2026-09-02-a-11.41.32.png\",\"datePublished\":\"2026-09-02T09:43:00+00:00\",\"description\":\"Syndicat FO Justice - NATIONAL - Audience avec le Garde des Sceaux : FO Justice a port\u00e9 l'ensemble de ses revendications !\",\"breadcrumb\":{\"@id\":\"https:\\\/\\\/fojustice.fr\\\/web\\\/audience-avec-le-garde-des-sceaux-fo-justice-a-porte-lensemble-de-ses-revendications\\\/#breadcrumb\"},\"inLanguage\":\"fr-FR\",\"potentialAction\":[{\"@type\":\"ReadAction\",\"target\":[\"https:\\\/\\\/fojustice.fr\\\/web\\\/audience-avec-le-garde-des-sceaux-fo-justice-a-porte-lensemble-de-ses-revendications\\\/\"]}]},{\"@type\":\"ImageObject\",\"inLanguage\":\"fr-FR\",\"@id\":\"https:\\\/\\\/fojustice.fr\\\/web\\\/audience-avec-le-garde-des-sceaux-fo-justice-a-porte-lensemble-de-ses-revendications\\\/#primaryimage\",\"url\":\"https:\\\/\\\/fojustice.fr\\\/web\\\/wp-content\\\/uploads\\\/2026\\\/09\\\/Capture-decran-2026-09-02-a-11.41.32.png\",\"contentUrl\":\"https:\\\/\\\/fojustice.fr\\\/web\\\/wp-content\\\/uploads\\\/2026\\\/09\\\/Capture-decran-2026-09-02-a-11.41.32.png\",\"width\":1984,\"height\":1398},{\"@type\":\"BreadcrumbList\",\"@id\":\"https:\\\/\\\/fojustice.fr\\\/web\\\/audience-avec-le-garde-des-sceaux-fo-justice-a-porte-lensemble-de-ses-revendications\\\/#breadcrumb\",\"itemListElement\":[{\"@type\":\"ListItem\",\"position\":1,\"name\":\"Accueil\",\"item\":\"https:\\\/\\\/fojustice.fr\\\/web\\\/\"},{\"@type\":\"ListItem\",\"position\":2,\"name\":\"Audience avec le Garde des Sceaux : FO Justice a port\u00e9 l&#8217;ensemble de ses revendications !\"}]},{\"@type\":\"WebSite\",\"@id\":\"https:\\\/\\\/fojustice.fr\\\/web\\\/#website\",\"url\":\"https:\\\/\\\/fojustice.fr\\\/web\\\/\",\"name\":\"Syndicat FO Justice\",\"description\":\"Site du Syndicat National FO Justice\",\"publisher\":{\"@id\":\"https:\\\/\\\/fojustice.fr\\\/web\\\/#organization\"},\"alternateName\":\"Syndicat National FO Justice\",\"potentialAction\":[{\"@type\":\"SearchAction\",\"target\":{\"@type\":\"EntryPoint\",\"urlTemplate\":\"https:\\\/\\\/fojustice.fr\\\/web\\\/?s={search_term_string}\"},\"query-input\":{\"@type\":\"PropertyValueSpecification\",\"valueRequired\":true,\"valueName\":\"search_term_string\"}}],\"inLanguage\":\"fr-FR\"},{\"@type\":\"Organization\",\"@id\":\"https:\\\/\\\/fojustice.fr\\\/web\\\/#organization\",\"name\":\"Syndicat National FO Justice\",\"alternateName\":\"Syndicat National FO Justice\",\"url\":\"https:\\\/\\\/fojustice.fr\\\/web\\\/\",\"logo\":{\"@type\":\"ImageObject\",\"inLanguage\":\"fr-FR\",\"@id\":\"https:\\\/\\\/fojustice.fr\\\/web\\\/#\\\/schema\\\/logo\\\/image\\\/\",\"url\":\"https:\\\/\\\/fojustice.fr\\\/web\\\/wp-content\\\/uploads\\\/2022\\\/03\\\/logo-fo-justice.png\",\"contentUrl\":\"https:\\\/\\\/fojustice.fr\\\/web\\\/wp-content\\\/uploads\\\/2022\\\/03\\\/logo-fo-justice.png\",\"width\":800,\"height\":800,\"caption\":\"Syndicat National FO Justice\"},\"image\":{\"@id\":\"https:\\\/\\\/fojustice.fr\\\/web\\\/#\\\/schema\\\/logo\\\/image\\\/\"},\"sameAs\":[\"https:\\\/\\\/www.facebook.com\\\/SyndicatFoJustice\",\"https:\\\/\\\/x.com\\\/SyndFoJustice\"]},{\"@type\":\"Person\",\"@id\":\"https:\\\/\\\/fojustice.fr\\\/web\\\/#\\\/schema\\\/person\\\/a51cb9c3495ce0ca62b78fc96ac3bf9f\",\"name\":\"adminfojustice\",\"image\":{\"@type\":\"ImageObject\",\"inLanguage\":\"fr-FR\",\"@id\":\"https:\\\/\\\/secure.gravatar.com\\\/avatar\\\/368884c0ecc46e53d83c0c3c0af4c6c30a6bbc2aab7535848950f43a950bfd4e?s=96&d=mm&r=g\",\"url\":\"https:\\\/\\\/secure.gravatar.com\\\/avatar\\\/368884c0ecc46e53d83c0c3c0af4c6c30a6bbc2aab7535848950f43a950bfd4e?s=96&d=mm&r=g\",\"contentUrl\":\"https:\\\/\\\/secure.gravatar.com\\\/avatar\\\/368884c0ecc46e53d83c0c3c0af4c6c30a6bbc2aab7535848950f43a950bfd4e?s=96&d=mm&r=g\",\"caption\":\"adminfojustice\"},\"sameAs\":[\"https:\\\/\\\/www.fojustice.fr\\\/web\"],\"url\":\"https:\\\/\\\/fojustice.fr\\\/web\\\/author\\\/adminfojustice\\\/\"}]}<\/script>\n<!-- \/ Yoast SEO plugin. -->","yoast_head_json":{"title":"Audience avec le Garde des Sceaux : FO Justice a port\u00e9 l'ensemble de ses revendications ! - Syndicat FO Justice","description":"Syndicat FO Justice - NATIONAL - Audience avec le Garde des Sceaux : FO Justice a port\u00e9 l'ensemble de ses revendications !","robots":{"index":"index","follow":"follow","max-snippet":"max-snippet:-1","max-image-preview":"max-image-preview:large","max-video-preview":"max-video-preview:-1"},"canonical":"https:\/\/fojustice.fr\/web\/audience-avec-le-garde-des-sceaux-fo-justice-a-porte-lensemble-de-ses-revendications\/","og_locale":"fr_FR","og_type":"article","og_title":"Audience avec le Garde des Sceaux : FO Justice a port\u00e9 l'ensemble de ses revendications ! - Syndicat FO Justice","og_description":"Syndicat FO Justice - NATIONAL - Audience avec le Garde des Sceaux : FO Justice a port\u00e9 l'ensemble de ses revendications !","og_url":"https:\/\/fojustice.fr\/web\/audience-avec-le-garde-des-sceaux-fo-justice-a-porte-lensemble-de-ses-revendications\/","og_site_name":"Syndicat FO Justice","article_publisher":"https:\/\/www.facebook.com\/SyndicatFoJustice","article_published_time":"2026-09-02T09:43:00+00:00","og_image":[{"width":1024,"height":722,"url":"https:\/\/fojustice.fr\/web\/wp-content\/uploads\/2026\/09\/Capture-decran-2026-09-02-a-11.41.32-1024x722.png","type":"image\/png"}],"author":"adminfojustice","twitter_card":"summary_large_image","twitter_creator":"@SyndFoJustice","twitter_site":"@SyndFoJustice","twitter_misc":{"\u00c9crit par":"adminfojustice","Dur\u00e9e de lecture estim\u00e9e":"1 minute"},"schema":{"@context":"https:\/\/schema.org","@graph":[{"@type":"NewsArticle","@id":"https:\/\/fojustice.fr\/web\/audience-avec-le-garde-des-sceaux-fo-justice-a-porte-lensemble-de-ses-revendications\/#article","isPartOf":{"@id":"https:\/\/fojustice.fr\/web\/audience-avec-le-garde-des-sceaux-fo-justice-a-porte-lensemble-de-ses-revendications\/"},"author":{"name":"adminfojustice","@id":"https:\/\/fojustice.fr\/web\/#\/schema\/person\/a51cb9c3495ce0ca62b78fc96ac3bf9f"},"headline":"Audience avec le Garde des Sceaux : FO Justice a port\u00e9 l&#8217;ensemble de ses revendications !","datePublished":"2026-09-02T09:43:00+00:00","mainEntityOfPage":{"@id":"https:\/\/fojustice.fr\/web\/audience-avec-le-garde-des-sceaux-fo-justice-a-porte-lensemble-de-ses-revendications\/"},"wordCount":281,"commentCount":0,"publisher":{"@id":"https:\/\/fojustice.fr\/web\/#organization"},"image":{"@id":"https:\/\/fojustice.fr\/web\/audience-avec-le-garde-des-sceaux-fo-justice-a-porte-lensemble-de-ses-revendications\/#primaryimage"},"thumbnailUrl":"https:\/\/fojustice.fr\/web\/wp-content\/uploads\/2026\/09\/Capture-decran-2026-09-02-a-11.41.32.png","articleSection":["NATIONAL"],"inLanguage":"fr-FR","potentialAction":[{"@type":"CommentAction","name":"Comment","target":["https:\/\/fojustice.fr\/web\/audience-avec-le-garde-des-sceaux-fo-justice-a-porte-lensemble-de-ses-revendications\/#respond"]}]},{"@type":"WebPage","@id":"https:\/\/fojustice.fr\/web\/audience-avec-le-garde-des-sceaux-fo-justice-a-porte-lensemble-de-ses-revendications\/","url":"https:\/\/fojustice.fr\/web\/audience-avec-le-garde-des-sceaux-fo-justice-a-porte-lensemble-de-ses-revendications\/","name":"Audience avec le Garde des Sceaux : FO Justice a port\u00e9 l'ensemble de ses revendications ! - Syndicat FO Justice","isPartOf":{"@id":"https:\/\/fojustice.fr\/web\/#website"},"primaryImageOfPage":{"@id":"https:\/\/fojustice.fr\/web\/audience-avec-le-garde-des-sceaux-fo-justice-a-porte-lensemble-de-ses-revendications\/#primaryimage"},"image":{"@id":"https:\/\/fojustice.fr\/web\/audience-avec-le-garde-des-sceaux-fo-justice-a-porte-lensemble-de-ses-revendications\/#primaryimage"},"thumbnailUrl":"https:\/\/fojustice.fr\/web\/wp-content\/uploads\/2026\/09\/Capture-decran-2026-09-02-a-11.41.32.png","datePublished":"2026-09-02T09:43:00+00:00","description":"Syndicat FO Justice - NATIONAL - Audience avec le Garde des Sceaux : FO Justice a port\u00e9 l'ensemble de ses revendications !","breadcrumb":{"@id":"https:\/\/fojustice.fr\/web\/audience-avec-le-garde-des-sceaux-fo-justice-a-porte-lensemble-de-ses-revendications\/#breadcrumb"},"inLanguage":"fr-FR","potentialAction":[{"@type":"ReadAction","target":["https:\/\/fojustice.fr\/web\/audience-avec-le-garde-des-sceaux-fo-justice-a-porte-lensemble-de-ses-revendications\/"]}]},{"@type":"ImageObject","inLanguage":"fr-FR","@id":"https:\/\/fojustice.fr\/web\/audience-avec-le-garde-des-sceaux-fo-justice-a-porte-lensemble-de-ses-revendications\/#primaryimage","url":"https:\/\/fojustice.fr\/web\/wp-content\/uploads\/2026\/09\/Capture-decran-2026-09-02-a-11.41.32.png","contentUrl":"https:\/\/fojustice.fr\/web\/wp-content\/uploads\/2026\/09\/Capture-decran-2026-09-02-a-11.41.32.png","width":1984,"height":1398},{"@type":"BreadcrumbList","@id":"https:\/\/fojustice.fr\/web\/audience-avec-le-garde-des-sceaux-fo-justice-a-porte-lensemble-de-ses-revendications\/#breadcrumb","itemListElement":[{"@type":"ListItem","position":1,"name":"Accueil","item":"https:\/\/fojustice.fr\/web\/"},{"@type":"ListItem","position":2,"name":"Audience avec le Garde des Sceaux : FO Justice a port\u00e9 l&#8217;ensemble de ses revendications !"}]},{"@type":"WebSite","@id":"https:\/\/fojustice.fr\/web\/#website","url":"https:\/\/fojustice.fr\/web\/","name":"Syndicat FO Justice","description":"Site du Syndicat National FO Justice","publisher":{"@id":"https:\/\/fojustice.fr\/web\/#organization"},"alternateName":"Syndicat National FO Justice","potentialAction":[{"@type":"SearchAction","target":{"@type":"EntryPoint","urlTemplate":"https:\/\/fojustice.fr\/web\/?s={search_term_string}"},"query-input":{"@type":"PropertyValueSpecification","valueRequired":true,"valueName":"search_term_string"}}],"inLanguage":"fr-FR"},{"@type":"Organization","@id":"https:\/\/fojustice.fr\/web\/#organization","name":"Syndicat National FO Justice","alternateName":"Syndicat National FO Justice","url":"https:\/\/fojustice.fr\/web\/","logo":{"@type":"ImageObject","inLanguage":"fr-FR","@id":"https:\/\/fojustice.fr\/web\/#\/schema\/logo\/image\/","url":"https:\/\/fojustice.fr\/web\/wp-content\/uploads\/2022\/03\/logo-fo-justice.png","contentUrl":"https:\/\/fojustice.fr\/web\/wp-content\/uploads\/2022\/03\/logo-fo-justice.png","width":800,"height":800,"caption":"Syndicat National FO Justice"},"image":{"@id":"https:\/\/fojustice.fr\/web\/#\/schema\/logo\/image\/"},"sameAs":["https:\/\/www.facebook.com\/SyndicatFoJustice","https:\/\/x.com\/SyndFoJustice"]},{"@type":"Person","@id":"https:\/\/fojustice.fr\/web\/#\/schema\/person\/a51cb9c3495ce0ca62b78fc96ac3bf9f","name":"adminfojustice","image":{"@type":"ImageObject","inLanguage":"fr-FR","@id":"https:\/\/secure.gravatar.com\/avatar\/368884c0ecc46e53d83c0c3c0af4c6c30a6bbc2aab7535848950f43a950bfd4e?s=96&d=mm&r=g","url":"https:\/\/secure.gravatar.com\/avatar\/368884c0ecc46e53d83c0c3c0af4c6c30a6bbc2aab7535848950f43a950bfd4e?s=96&d=mm&r=g","contentUrl":"https:\/\/secure.gravatar.com\/avatar\/368884c0ecc46e53d83c0c3c0af4c6c30a6bbc2aab7535848950f43a950bfd4e?s=96&d=mm&r=g","caption":"adminfojustice"},"sameAs":["https:\/\/www.fojustice.fr\/web"],"url":"https:\/\/fojustice.fr\/web\/author\/adminfojustice\/"}]}},"jetpack_shortlink":"https:\/\/wp.me\/pdNWl1-doO","jetpack_sharing_enabled":true,"jetpack_featured_media_url":"https:\/\/fojustice.fr\/web\/wp-content\/uploads\/2026\/09\/Capture-decran-2026-09-02-a-11.41.32.png","_links":{"self":[{"href":"https:\/\/fojustice.fr\/web\/wp-json\/wp\/v2\/posts\/51510","targetHints":{"allow":["GET"]}}],"collection":[{"href":"https:\/\/fojustice.fr\/web\/wp-json\/wp\/v2\/posts"}],"about":[{"href":"https:\/\/fojustice.fr\/web\/wp-json\/wp\/v2\/types\/post"}],"author":[{"embeddable":true,"href":"https:\/\/fojustice.fr\/web\/wp-json\/wp\/v2\/users\/1"}],"replies":[{"embeddable":true,"href":"https:\/\/fojustice.fr\/web\/wp-json\/wp\/v2\/comments?post=51510"}],"version-history":[{"count":1,"href":"https:\/\/fojustice.fr\/web\/wp-json\/wp\/v2\/posts\/51510\/revisions"}],"predecessor-version":[{"id":51514,"href":"https:\/\/fojustice.fr\/web\/wp-json\/wp\/v2\/posts\/51510\/revisions\/51514"}],"wp:featuredmedia":[{"embeddable":true,"href":"https:\/\/fojustice.fr\/web\/wp-json\/wp\/v2\/media\/51513"}],"wp:attachment":[{"href":"https:\/\/fojustice.fr\/web\/wp-json\/wp\/v2\/media?parent=51510"}],"wp:term":[{"taxonomy":"category","embeddable":true,"href":"https:\/\/fojustice.fr\/web\/wp-json\/wp\/v2\/categories?post=51510"},{"taxonomy":"post_tag","embeddable":true,"href":"https:\/\/fojustice.fr\/web\/wp-json\/wp\/v2\/tags?post=51510"}],"curies":[{"name":"wp","href":"https:\/\/api.w.org\/{rel}","templated":true}]}}