{"id":51491,"date":"2026-09-02T01:00:14","date_gmt":"2026-09-01T23:00:14","guid":{"rendered":"https:\/\/fojustice.fr\/web\/?p=51491"},"modified":"2026-09-01T20:04:59","modified_gmt":"2026-09-01T18:04:59","slug":"prison-de-noumea-ceremonie-du-mercredi-2-septembre-2026-mai-2024-fo-justice-na-rien-lache-18-moi-de-combat-une-reconnaissance-enfin-reequilibree","status":"publish","type":"post","link":"https:\/\/fojustice.fr\/web\/prison-de-noumea-ceremonie-du-mercredi-2-septembre-2026-mai-2024-fo-justice-na-rien-lache-18-moi-de-combat-une-reconnaissance-enfin-reequilibree\/","title":{"rendered":"Prison de Noum\u00e9a : C\u00e9r\u00e9monie du mercredi 2 septembre 2026. Mai 2024 &#8211; FO Justice n&#8217;a rien l\u00e2ch\u00e9 ! 18 moi de combat &#8211; Une reconnaissance enfin r\u00e9\u00e9quilibr\u00e9e"},"content":{"rendered":"<p class=\"p1\">Le <strong>mercredi 2 septembre 2026<\/strong>, en pr\u00e9sence du <strong>DGAP<\/strong>, du <strong>Haut-Commissaire de la R\u00e9publique et du DSPOM<\/strong>, une nouvelle c\u00e9r\u00e9monie viendra mettre \u00e0 l\u2019honneur les personnels <strong>r\u00e9ellement engag\u00e9s<\/strong> lors de la crise qui a durablement frapp\u00e9 le centre p\u00e9nitentiaire de Noum\u00e9a en mai 2024. Cette c\u00e9r\u00e9monie, <span style=\"color: #ff0000;\"><strong><span class=\"s1\">FO<\/span><\/strong><\/span> <span style=\"color: #000080;\"><strong><span class=\"s2\">JUSTICE<\/span><\/strong><\/span> l\u2019aura <strong>arrach\u00e9e par sa d\u00e9termination.<\/strong><\/p>\n<p class=\"p1\">Derri\u00e8re les m\u00e9dailles et les r\u00e9compenses, il y a une r\u00e9alit\u00e9 que certains ont voulu oublier : <strong>en mai 2024, des personnels ont \u00e9t\u00e9 en premi\u00e8re ligne. Ils ont tenu. Ils ont prioris\u00e9 la s\u00e9curit\u00e9 de l\u2019\u00e9tablissement avant celle de leur propre famille.<\/strong> Et pourtant, la reconnaissance initialement propos\u00e9e \u00e9tait<strong> loin d\u2019\u00eatre \u00e0 la hauteur de leur engagement.<\/strong><\/p>\n<p class=\"p1\" style=\"text-align: center;\"><span style=\"color: #ff0000;\"><strong>CE QUE L\u2019ADMINISTRATION PROPOSAIT \u25b8 CE QUE FO JUSTICE A OBTENU<\/strong><\/span><\/p>\n<p><img fetchpriority=\"high\" decoding=\"async\" class=\"size-full wp-image-51492 aligncenter\" src=\"https:\/\/fojustice.fr\/web\/wp-content\/uploads\/2026\/09\/Capture-decran-2026-09-01-a-19.48.34.png\" alt=\"\" width=\"1984\" height=\"560\" srcset=\"https:\/\/fojustice.fr\/web\/wp-content\/uploads\/2026\/09\/Capture-decran-2026-09-01-a-19.48.34.png 1984w, https:\/\/fojustice.fr\/web\/wp-content\/uploads\/2026\/09\/Capture-decran-2026-09-01-a-19.48.34-300x85.png 300w, https:\/\/fojustice.fr\/web\/wp-content\/uploads\/2026\/09\/Capture-decran-2026-09-01-a-19.48.34-1024x289.png 1024w, https:\/\/fojustice.fr\/web\/wp-content\/uploads\/2026\/09\/Capture-decran-2026-09-01-a-19.48.34-768x217.png 768w, https:\/\/fojustice.fr\/web\/wp-content\/uploads\/2026\/09\/Capture-decran-2026-09-01-a-19.48.34-1536x434.png 1536w, https:\/\/fojustice.fr\/web\/wp-content\/uploads\/2026\/09\/Capture-decran-2026-09-01-a-19.48.34-324x91.png 324w, https:\/\/fojustice.fr\/web\/wp-content\/uploads\/2026\/09\/Capture-decran-2026-09-01-a-19.48.34-416x117.png 416w\" sizes=\"(max-width: 1984px) 100vw, 1984px\" \/><\/p>\n<p class=\"p1\">18 MOIS DE COMBAT, \u00c9TAPE PAR \u00c9TAPE<\/p>\n<p><img decoding=\"async\" class=\"size-full wp-image-51493 aligncenter\" src=\"https:\/\/fojustice.fr\/web\/wp-content\/uploads\/2026\/09\/Capture-decran-2026-09-01-a-19.49.26.png\" alt=\"\" width=\"1984\" height=\"756\" srcset=\"https:\/\/fojustice.fr\/web\/wp-content\/uploads\/2026\/09\/Capture-decran-2026-09-01-a-19.49.26.png 1984w, https:\/\/fojustice.fr\/web\/wp-content\/uploads\/2026\/09\/Capture-decran-2026-09-01-a-19.49.26-300x114.png 300w, https:\/\/fojustice.fr\/web\/wp-content\/uploads\/2026\/09\/Capture-decran-2026-09-01-a-19.49.26-1024x390.png 1024w, https:\/\/fojustice.fr\/web\/wp-content\/uploads\/2026\/09\/Capture-decran-2026-09-01-a-19.49.26-768x293.png 768w, https:\/\/fojustice.fr\/web\/wp-content\/uploads\/2026\/09\/Capture-decran-2026-09-01-a-19.49.26-1536x585.png 1536w, https:\/\/fojustice.fr\/web\/wp-content\/uploads\/2026\/09\/Capture-decran-2026-09-01-a-19.49.26-324x123.png 324w, https:\/\/fojustice.fr\/web\/wp-content\/uploads\/2026\/09\/Capture-decran-2026-09-01-a-19.49.26-416x159.png 416w\" sizes=\"(max-width: 1984px) 100vw, 1984px\" \/><\/p>\n<p class=\"p1\" style=\"text-align: center;\"><strong><span class=\"s1\" style=\"color: #ff0000;\">FO <\/span><span style=\"color: #000080;\">JUSTICE<\/span><span class=\"s1\" style=\"color: #ff0000;\"> a aussi d\u00e9fendu <\/span><span style=\"color: #000080;\">ceux venus d\u2019ailleurs<\/span><\/strong><\/p>\n<p class=\"p2\">Notre organisation ne s\u2019est pas limit\u00e9e aux seuls personnels du CPN. Nous avons \u00e9galement port\u00e9 la revendication pour <strong>les personnels venus renforcer l\u2019\u00e9tablissement<\/strong> durant cette p\u00e9riode.<\/p>\n<p><img decoding=\"async\" class=\"size-full wp-image-51495 aligncenter\" src=\"https:\/\/fojustice.fr\/web\/wp-content\/uploads\/2026\/09\/Capture-decran-2026-09-01-a-19.50.29.png\" alt=\"\" width=\"1984\" height=\"332\" srcset=\"https:\/\/fojustice.fr\/web\/wp-content\/uploads\/2026\/09\/Capture-decran-2026-09-01-a-19.50.29.png 1984w, https:\/\/fojustice.fr\/web\/wp-content\/uploads\/2026\/09\/Capture-decran-2026-09-01-a-19.50.29-300x50.png 300w, https:\/\/fojustice.fr\/web\/wp-content\/uploads\/2026\/09\/Capture-decran-2026-09-01-a-19.50.29-1024x171.png 1024w, https:\/\/fojustice.fr\/web\/wp-content\/uploads\/2026\/09\/Capture-decran-2026-09-01-a-19.50.29-768x129.png 768w, https:\/\/fojustice.fr\/web\/wp-content\/uploads\/2026\/09\/Capture-decran-2026-09-01-a-19.50.29-1536x257.png 1536w, https:\/\/fojustice.fr\/web\/wp-content\/uploads\/2026\/09\/Capture-decran-2026-09-01-a-19.50.29-324x54.png 324w, https:\/\/fojustice.fr\/web\/wp-content\/uploads\/2026\/09\/Capture-decran-2026-09-01-a-19.50.29-416x70.png 416w\" sizes=\"(max-width: 1984px) 100vw, 1984px\" \/><\/p>\n<p class=\"p1\">Lorsque le CPN est frapp\u00e9,<strong> la solidarit\u00e9 ne conna\u00eet ni fronti\u00e8re g\u00e9ographique, ni affectation administrative<\/strong>. Ces personnels ont eux aussi particip\u00e9 \u00e0 l\u2019effort collectif : <span style=\"color: #000080;\"><strong><span class=\"s1\" style=\"color: #ff0000;\">FO<\/span> <span class=\"s2\">JUSTICE<\/span><\/strong><\/span> ne les a pas oubli\u00e9s.<\/p>\n<p class=\"p2\" style=\"text-align: center;\"><span style=\"color: #ff0000;\"><strong>POURQUOI CE COMBAT \u00c9TAIT CELUI DE TOUS LES PERSONNELS<\/strong><\/span><\/p>\n<p class=\"p3\"><span style=\"color: #ff0000;\">\u25b6<\/span> Durant la crise de mai 2024, <strong>les personnels du CEA ont jou\u00e9 un r\u00f4le essentiel<\/strong>. Sans leur engagement, leur courage et leur exposition aux risques, la continuit\u00e9 des autres services de l\u2019\u00e9tablissement n\u2019aurait pas \u00e9t\u00e9 possible.<\/p>\n<p class=\"p3\"><span style=\"color: #ff0000;\">\u25b6<\/span> <strong>Notre combat n\u2019a jamais repos\u00e9 sur les orientations syndicales des agents.<\/strong> Il a \u00e9t\u00e9 celui de tous les personnels du CPN qui consid\u00e9raient que la reconnaissance devait \u00eatre, a minima, \u00e0 la hauteur de l\u2019engagement r\u00e9ellement fourni.<\/p>\n<p class=\"p3\"><span style=\"color: #ff0000;\">\u25b6<\/span> Nous avons refus\u00e9 que ces agents soient <strong>les grands oubli\u00e9s<\/strong> de cette crise. Nous avons contest\u00e9, revendiqu\u00e9, insist\u00e9. <strong>Et surtout, le combat n\u2019a jamais faibli !<\/strong><\/p>\n<p class=\"p2\" style=\"text-align: center;\"><span style=\"color: #000080;\"><strong>UN COMBAT GAGN\u00c9, MAIS UN COMBAT INACHEV\u00c9<\/strong><\/span><\/p>\n<p class=\"p4\">Cette c\u00e9r\u00e9monie ne doit pas effacer les <strong>dix-huit mois de combat<\/strong> qui l\u2019ont pr\u00e9c\u00e9d\u00e9e. Elle doit rappeler une chose essentielle : <span style=\"color: #ff0000;\"><strong>quand l\u2019administration oublie de valoriser ses personnels, FO JUSTICE est l\u00e0 pour le lui rappeler.<\/strong><\/span><span class=\"s3\"> Les r\u00e9sultats restent <\/span>perfectibles et notre combat pour la reconnaissance n\u2019est pas termin\u00e9.<\/p>\n<p class=\"p2\" style=\"text-align: center;\"><span style=\"color: #000080;\"><strong>TROIS ENSEIGNEMENTS DE CE COMBAT<\/strong><\/span><\/p>\n<p><img loading=\"lazy\" decoding=\"async\" class=\"alignnone size-full wp-image-51496\" src=\"https:\/\/fojustice.fr\/web\/wp-content\/uploads\/2026\/09\/Capture-decran-2026-09-01-a-19.52.29.png\" alt=\"\" width=\"1970\" height=\"304\" srcset=\"https:\/\/fojustice.fr\/web\/wp-content\/uploads\/2026\/09\/Capture-decran-2026-09-01-a-19.52.29.png 1970w, https:\/\/fojustice.fr\/web\/wp-content\/uploads\/2026\/09\/Capture-decran-2026-09-01-a-19.52.29-300x46.png 300w, https:\/\/fojustice.fr\/web\/wp-content\/uploads\/2026\/09\/Capture-decran-2026-09-01-a-19.52.29-1024x158.png 1024w, https:\/\/fojustice.fr\/web\/wp-content\/uploads\/2026\/09\/Capture-decran-2026-09-01-a-19.52.29-768x119.png 768w, https:\/\/fojustice.fr\/web\/wp-content\/uploads\/2026\/09\/Capture-decran-2026-09-01-a-19.52.29-1536x237.png 1536w, https:\/\/fojustice.fr\/web\/wp-content\/uploads\/2026\/09\/Capture-decran-2026-09-01-a-19.52.29-324x50.png 324w, https:\/\/fojustice.fr\/web\/wp-content\/uploads\/2026\/09\/Capture-decran-2026-09-01-a-19.52.29-416x64.png 416w\" sizes=\"(max-width: 1970px) 100vw, 1970px\" \/><\/p>\n<p class=\"p1\" style=\"text-align: center;\"><strong>QUAND <span class=\"s1\" style=\"color: #ff0000;\">FO JUSTICE<\/span> SE BAT POUR TOUS, <span class=\"s1\" style=\"color: #ff0000;\">FO JUSTICE<\/span> OBTIENT. \u00a0 \u00a0<\/strong><\/p>\n<p class=\"p1\" style=\"text-align: center;\"><strong>VOS DROITS SONT PI\u00c9TIN\u00c9S, VOS INT\u00c9R\u00caTS IGNOR\u00c9S ?<\/strong><\/p>\n<p class=\"p1\" style=\"text-align: center;\"><strong>DONNEZ-NOUS LES MOYENS DE CONTINUER \u00c0 VOUS D\u00c9FENDRE !<\/strong><\/p>\n<p class=\"p1\" style=\"text-align: center;\"><strong>3 \u2192 10<\/strong><\/p>\n<p class=\"p2\" style=\"text-align: center;\"><strong>D\u00c9CEMBRE 2026<\/strong><\/p>\n<p class=\"p3\" style=\"text-align: center;\"><span style=\"color: #ff0000;\"><strong>\u00c9LECTIONS PROFESSIONNELLES<\/strong><\/span><\/p>\n<p class=\"p1\" style=\"text-align: center;\"><strong><span style=\"color: #ff0000;\">FO<\/span> <span class=\"s1\" style=\"color: #000080;\">JUSTICE<\/span> <span style=\"color: #ff0000;\">N\u2019A RIEN L\u00c2CH\u00c9<\/span><\/strong><\/p>\n<p class=\"p1\" style=\"text-align: center;\"><strong><span style=\"color: #ff0000;\">ET NE L\u00c2CHERA<\/span> <span class=\"s1\" style=\"color: #000080;\">JAMAIS<\/span> <span style=\"color: #ff0000;\">LES PERSONNELS !<\/span><\/strong><\/p>\n<p class=\"p2\" style=\"text-align: center;\"><span style=\"color: #000080;\"><strong>ACTION \u2022 RESPECT \u2022 \u00c9QUIT\u00c9 \u2014 POUR TOUS LES PERSONNELS<\/strong><\/span><\/p>\n<p><a href=\"https:\/\/fojustice.fr\/web\/wp-content\/uploads\/2026\/09\/2026-09-01_Tract_FO_Ceremonie_02-09-2026_2pages_FINAL.pdf\">Lire le communiqu\u00e9<\/a><\/p>\n<p class=\"p1\">\n","protected":false},"excerpt":{"rendered":"<p>Le mercredi 2 septembre 2026, en pr\u00e9sence du DGAP, du Haut-Commissaire de la R\u00e9publique et du DSPOM, une nouvelle c\u00e9r\u00e9monie viendra mettre \u00e0 l\u2019honneur les personnels r\u00e9ellement engag\u00e9s lors de la crise qui a durablement frapp\u00e9 le centre p\u00e9nitentiaire de Noum\u00e9a en mai 2024. Cette c\u00e9r\u00e9monie, FO JUSTICE l\u2019aura arrach\u00e9e par sa d\u00e9termination. Derri\u00e8re les [&hellip;]<\/p>\n","protected":false},"author":1,"featured_media":9499,"comment_status":"open","ping_status":"open","sticky":false,"template":"","format":"standard","meta":{"_angie_page":false,"_jetpack_newsletter_access":"","_jetpack_dont_email_post_to_subs":true,"_jetpack_newsletter_tier_id":0,"_jetpack_memberships_contains_paywalled_content":false,"page_builder":"","_jetpack_feature_clip_id":0,"_jetpack_memberships_contains_paid_content":false,"footnotes":"","jetpack_post_was_ever_published":false,"_members_access_role":[],"_members_access_error":""},"categories":[38],"tags":[],"class_list":["post-51491","post","type-post","status-publish","format-standard","has-post-thumbnail","hentry","category-dom-tom"],"yoast_head":"<!-- This site is optimized with the Yoast SEO plugin v28.3 - https:\/\/yoast.com\/product\/yoast-seo-wordpress\/ -->\n<title>Prison de Noum\u00e9a : C\u00e9r\u00e9monie du mercredi 2 septembre 2026. Mai 2024 - FO Justice n&#039;a rien l\u00e2ch\u00e9 ! 18 moi de combat - Une reconnaissance enfin r\u00e9\u00e9quilibr\u00e9e - Syndicat FO Justice<\/title>\n<meta name=\"description\" content=\"Syndicat FO Justice - DOM-TOM - Prison de Noum\u00e9a : C\u00e9r\u00e9monie du mercredi 2 septembre 2026. Mai 2024 - FO Justice n&#039;a rien l\u00e2ch\u00e9 ! 18 moi de combat - Une reconnaissance enfin r\u00e9\u00e9quilibr\u00e9e\" \/>\n<meta name=\"robots\" content=\"index, follow, max-snippet:-1, max-image-preview:large, max-video-preview:-1\" \/>\n<link rel=\"canonical\" href=\"https:\/\/fojustice.fr\/web\/prison-de-noumea-ceremonie-du-mercredi-2-septembre-2026-mai-2024-fo-justice-na-rien-lache-18-moi-de-combat-une-reconnaissance-enfin-reequilibree\/\" \/>\n<meta property=\"og:locale\" content=\"fr_FR\" \/>\n<meta property=\"og:type\" content=\"article\" \/>\n<meta property=\"og:title\" content=\"Prison de Noum\u00e9a : C\u00e9r\u00e9monie du mercredi 2 septembre 2026. Mai 2024 - FO Justice n&#039;a rien l\u00e2ch\u00e9 ! 18 moi de combat - Une reconnaissance enfin r\u00e9\u00e9quilibr\u00e9e - Syndicat FO Justice\" \/>\n<meta property=\"og:description\" content=\"Syndicat FO Justice - DOM-TOM - Prison de Noum\u00e9a : C\u00e9r\u00e9monie du mercredi 2 septembre 2026. Mai 2024 - FO Justice n&#039;a rien l\u00e2ch\u00e9 ! 18 moi de combat - Une reconnaissance enfin r\u00e9\u00e9quilibr\u00e9e\" \/>\n<meta property=\"og:url\" content=\"https:\/\/fojustice.fr\/web\/prison-de-noumea-ceremonie-du-mercredi-2-septembre-2026-mai-2024-fo-justice-na-rien-lache-18-moi-de-combat-une-reconnaissance-enfin-reequilibree\/\" \/>\n<meta property=\"og:site_name\" content=\"Syndicat FO Justice\" \/>\n<meta property=\"article:publisher\" content=\"https:\/\/www.facebook.com\/SyndicatFoJustice\" \/>\n<meta property=\"article:published_time\" content=\"2026-09-01T23:00:14+00:00\" \/>\n<meta property=\"og:image\" content=\"https:\/\/fojustice.fr\/web\/wp-content\/uploads\/2022\/12\/Noumea.png\" \/>\n\t<meta property=\"og:image:width\" content=\"1093\" \/>\n\t<meta property=\"og:image:height\" content=\"860\" \/>\n\t<meta property=\"og:image:type\" content=\"image\/png\" \/>\n<meta name=\"author\" content=\"adminfojustice\" \/>\n<meta name=\"twitter:card\" content=\"summary_large_image\" \/>\n<meta name=\"twitter:creator\" content=\"@SyndFoJustice\" \/>\n<meta name=\"twitter:site\" content=\"@SyndFoJustice\" \/>\n<meta name=\"twitter:label1\" content=\"\u00c9crit par\" \/>\n\t<meta name=\"twitter:data1\" content=\"adminfojustice\" \/>\n\t<meta name=\"twitter:label2\" content=\"Dur\u00e9e de lecture estim\u00e9e\" \/>\n\t<meta name=\"twitter:data2\" content=\"2 minutes\" \/>\n<script type=\"application\/ld+json\" class=\"yoast-schema-graph\">{\"@context\":\"https:\\\/\\\/schema.org\",\"@graph\":[{\"@type\":\"NewsArticle\",\"@id\":\"https:\\\/\\\/fojustice.fr\\\/web\\\/prison-de-noumea-ceremonie-du-mercredi-2-septembre-2026-mai-2024-fo-justice-na-rien-lache-18-moi-de-combat-une-reconnaissance-enfin-reequilibree\\\/#article\",\"isPartOf\":{\"@id\":\"https:\\\/\\\/fojustice.fr\\\/web\\\/prison-de-noumea-ceremonie-du-mercredi-2-septembre-2026-mai-2024-fo-justice-na-rien-lache-18-moi-de-combat-une-reconnaissance-enfin-reequilibree\\\/\"},\"author\":{\"name\":\"adminfojustice\",\"@id\":\"https:\\\/\\\/fojustice.fr\\\/web\\\/#\\\/schema\\\/person\\\/a51cb9c3495ce0ca62b78fc96ac3bf9f\"},\"headline\":\"Prison de Noum\u00e9a : C\u00e9r\u00e9monie du mercredi 2 septembre 2026. Mai 2024 &#8211; FO Justice n&#8217;a rien l\u00e2ch\u00e9 ! 18 moi de combat &#8211; Une reconnaissance enfin r\u00e9\u00e9quilibr\u00e9e\",\"datePublished\":\"2026-09-01T23:00:14+00:00\",\"mainEntityOfPage\":{\"@id\":\"https:\\\/\\\/fojustice.fr\\\/web\\\/prison-de-noumea-ceremonie-du-mercredi-2-septembre-2026-mai-2024-fo-justice-na-rien-lache-18-moi-de-combat-une-reconnaissance-enfin-reequilibree\\\/\"},\"wordCount\":489,\"commentCount\":0,\"publisher\":{\"@id\":\"https:\\\/\\\/fojustice.fr\\\/web\\\/#organization\"},\"image\":{\"@id\":\"https:\\\/\\\/fojustice.fr\\\/web\\\/prison-de-noumea-ceremonie-du-mercredi-2-septembre-2026-mai-2024-fo-justice-na-rien-lache-18-moi-de-combat-une-reconnaissance-enfin-reequilibree\\\/#primaryimage\"},\"thumbnailUrl\":\"https:\\\/\\\/fojustice.fr\\\/web\\\/wp-content\\\/uploads\\\/2022\\\/12\\\/Noumea.png\",\"articleSection\":[\"DOM-TOM\"],\"inLanguage\":\"fr-FR\",\"potentialAction\":[{\"@type\":\"CommentAction\",\"name\":\"Comment\",\"target\":[\"https:\\\/\\\/fojustice.fr\\\/web\\\/prison-de-noumea-ceremonie-du-mercredi-2-septembre-2026-mai-2024-fo-justice-na-rien-lache-18-moi-de-combat-une-reconnaissance-enfin-reequilibree\\\/#respond\"]}]},{\"@type\":\"WebPage\",\"@id\":\"https:\\\/\\\/fojustice.fr\\\/web\\\/prison-de-noumea-ceremonie-du-mercredi-2-septembre-2026-mai-2024-fo-justice-na-rien-lache-18-moi-de-combat-une-reconnaissance-enfin-reequilibree\\\/\",\"url\":\"https:\\\/\\\/fojustice.fr\\\/web\\\/prison-de-noumea-ceremonie-du-mercredi-2-septembre-2026-mai-2024-fo-justice-na-rien-lache-18-moi-de-combat-une-reconnaissance-enfin-reequilibree\\\/\",\"name\":\"Prison de Noum\u00e9a : C\u00e9r\u00e9monie du mercredi 2 septembre 2026. Mai 2024 - FO Justice n'a rien l\u00e2ch\u00e9 ! 18 moi de combat - Une reconnaissance enfin r\u00e9\u00e9quilibr\u00e9e - Syndicat FO Justice\",\"isPartOf\":{\"@id\":\"https:\\\/\\\/fojustice.fr\\\/web\\\/#website\"},\"primaryImageOfPage\":{\"@id\":\"https:\\\/\\\/fojustice.fr\\\/web\\\/prison-de-noumea-ceremonie-du-mercredi-2-septembre-2026-mai-2024-fo-justice-na-rien-lache-18-moi-de-combat-une-reconnaissance-enfin-reequilibree\\\/#primaryimage\"},\"image\":{\"@id\":\"https:\\\/\\\/fojustice.fr\\\/web\\\/prison-de-noumea-ceremonie-du-mercredi-2-septembre-2026-mai-2024-fo-justice-na-rien-lache-18-moi-de-combat-une-reconnaissance-enfin-reequilibree\\\/#primaryimage\"},\"thumbnailUrl\":\"https:\\\/\\\/fojustice.fr\\\/web\\\/wp-content\\\/uploads\\\/2022\\\/12\\\/Noumea.png\",\"datePublished\":\"2026-09-01T23:00:14+00:00\",\"description\":\"Syndicat FO Justice - DOM-TOM - Prison de Noum\u00e9a : C\u00e9r\u00e9monie du mercredi 2 septembre 2026. Mai 2024 - FO Justice n'a rien l\u00e2ch\u00e9 ! 18 moi de combat - Une reconnaissance enfin r\u00e9\u00e9quilibr\u00e9e\",\"breadcrumb\":{\"@id\":\"https:\\\/\\\/fojustice.fr\\\/web\\\/prison-de-noumea-ceremonie-du-mercredi-2-septembre-2026-mai-2024-fo-justice-na-rien-lache-18-moi-de-combat-une-reconnaissance-enfin-reequilibree\\\/#breadcrumb\"},\"inLanguage\":\"fr-FR\",\"potentialAction\":[{\"@type\":\"ReadAction\",\"target\":[\"https:\\\/\\\/fojustice.fr\\\/web\\\/prison-de-noumea-ceremonie-du-mercredi-2-septembre-2026-mai-2024-fo-justice-na-rien-lache-18-moi-de-combat-une-reconnaissance-enfin-reequilibree\\\/\"]}]},{\"@type\":\"ImageObject\",\"inLanguage\":\"fr-FR\",\"@id\":\"https:\\\/\\\/fojustice.fr\\\/web\\\/prison-de-noumea-ceremonie-du-mercredi-2-septembre-2026-mai-2024-fo-justice-na-rien-lache-18-moi-de-combat-une-reconnaissance-enfin-reequilibree\\\/#primaryimage\",\"url\":\"https:\\\/\\\/fojustice.fr\\\/web\\\/wp-content\\\/uploads\\\/2022\\\/12\\\/Noumea.png\",\"contentUrl\":\"https:\\\/\\\/fojustice.fr\\\/web\\\/wp-content\\\/uploads\\\/2022\\\/12\\\/Noumea.png\",\"width\":1093,\"height\":860},{\"@type\":\"BreadcrumbList\",\"@id\":\"https:\\\/\\\/fojustice.fr\\\/web\\\/prison-de-noumea-ceremonie-du-mercredi-2-septembre-2026-mai-2024-fo-justice-na-rien-lache-18-moi-de-combat-une-reconnaissance-enfin-reequilibree\\\/#breadcrumb\",\"itemListElement\":[{\"@type\":\"ListItem\",\"position\":1,\"name\":\"Accueil\",\"item\":\"https:\\\/\\\/fojustice.fr\\\/web\\\/\"},{\"@type\":\"ListItem\",\"position\":2,\"name\":\"Prison de Noum\u00e9a : C\u00e9r\u00e9monie du mercredi 2 septembre 2026. Mai 2024 &#8211; FO Justice n&#8217;a rien l\u00e2ch\u00e9 ! 18 moi de combat &#8211; Une reconnaissance enfin r\u00e9\u00e9quilibr\u00e9e\"}]},{\"@type\":\"WebSite\",\"@id\":\"https:\\\/\\\/fojustice.fr\\\/web\\\/#website\",\"url\":\"https:\\\/\\\/fojustice.fr\\\/web\\\/\",\"name\":\"Syndicat FO Justice\",\"description\":\"Site du Syndicat National FO Justice\",\"publisher\":{\"@id\":\"https:\\\/\\\/fojustice.fr\\\/web\\\/#organization\"},\"alternateName\":\"Syndicat National FO Justice\",\"potentialAction\":[{\"@type\":\"SearchAction\",\"target\":{\"@type\":\"EntryPoint\",\"urlTemplate\":\"https:\\\/\\\/fojustice.fr\\\/web\\\/?s={search_term_string}\"},\"query-input\":{\"@type\":\"PropertyValueSpecification\",\"valueRequired\":true,\"valueName\":\"search_term_string\"}}],\"inLanguage\":\"fr-FR\"},{\"@type\":\"Organization\",\"@id\":\"https:\\\/\\\/fojustice.fr\\\/web\\\/#organization\",\"name\":\"Syndicat National FO Justice\",\"alternateName\":\"Syndicat National FO Justice\",\"url\":\"https:\\\/\\\/fojustice.fr\\\/web\\\/\",\"logo\":{\"@type\":\"ImageObject\",\"inLanguage\":\"fr-FR\",\"@id\":\"https:\\\/\\\/fojustice.fr\\\/web\\\/#\\\/schema\\\/logo\\\/image\\\/\",\"url\":\"https:\\\/\\\/fojustice.fr\\\/web\\\/wp-content\\\/uploads\\\/2022\\\/03\\\/logo-fo-justice.png\",\"contentUrl\":\"https:\\\/\\\/fojustice.fr\\\/web\\\/wp-content\\\/uploads\\\/2022\\\/03\\\/logo-fo-justice.png\",\"width\":800,\"height\":800,\"caption\":\"Syndicat National FO Justice\"},\"image\":{\"@id\":\"https:\\\/\\\/fojustice.fr\\\/web\\\/#\\\/schema\\\/logo\\\/image\\\/\"},\"sameAs\":[\"https:\\\/\\\/www.facebook.com\\\/SyndicatFoJustice\",\"https:\\\/\\\/x.com\\\/SyndFoJustice\"]},{\"@type\":\"Person\",\"@id\":\"https:\\\/\\\/fojustice.fr\\\/web\\\/#\\\/schema\\\/person\\\/a51cb9c3495ce0ca62b78fc96ac3bf9f\",\"name\":\"adminfojustice\",\"image\":{\"@type\":\"ImageObject\",\"inLanguage\":\"fr-FR\",\"@id\":\"https:\\\/\\\/secure.gravatar.com\\\/avatar\\\/368884c0ecc46e53d83c0c3c0af4c6c30a6bbc2aab7535848950f43a950bfd4e?s=96&d=mm&r=g\",\"url\":\"https:\\\/\\\/secure.gravatar.com\\\/avatar\\\/368884c0ecc46e53d83c0c3c0af4c6c30a6bbc2aab7535848950f43a950bfd4e?s=96&d=mm&r=g\",\"contentUrl\":\"https:\\\/\\\/secure.gravatar.com\\\/avatar\\\/368884c0ecc46e53d83c0c3c0af4c6c30a6bbc2aab7535848950f43a950bfd4e?s=96&d=mm&r=g\",\"caption\":\"adminfojustice\"},\"sameAs\":[\"https:\\\/\\\/www.fojustice.fr\\\/web\"],\"url\":\"https:\\\/\\\/fojustice.fr\\\/web\\\/author\\\/adminfojustice\\\/\"}]}<\/script>\n<!-- \/ Yoast SEO plugin. -->","yoast_head_json":{"title":"Prison de Noum\u00e9a : C\u00e9r\u00e9monie du mercredi 2 septembre 2026. Mai 2024 - FO Justice n'a rien l\u00e2ch\u00e9 ! 18 moi de combat - Une reconnaissance enfin r\u00e9\u00e9quilibr\u00e9e - Syndicat FO Justice","description":"Syndicat FO Justice - DOM-TOM - Prison de Noum\u00e9a : C\u00e9r\u00e9monie du mercredi 2 septembre 2026. Mai 2024 - FO Justice n'a rien l\u00e2ch\u00e9 ! 18 moi de combat - Une reconnaissance enfin r\u00e9\u00e9quilibr\u00e9e","robots":{"index":"index","follow":"follow","max-snippet":"max-snippet:-1","max-image-preview":"max-image-preview:large","max-video-preview":"max-video-preview:-1"},"canonical":"https:\/\/fojustice.fr\/web\/prison-de-noumea-ceremonie-du-mercredi-2-septembre-2026-mai-2024-fo-justice-na-rien-lache-18-moi-de-combat-une-reconnaissance-enfin-reequilibree\/","og_locale":"fr_FR","og_type":"article","og_title":"Prison de Noum\u00e9a : C\u00e9r\u00e9monie du mercredi 2 septembre 2026. Mai 2024 - FO Justice n'a rien l\u00e2ch\u00e9 ! 18 moi de combat - Une reconnaissance enfin r\u00e9\u00e9quilibr\u00e9e - Syndicat FO Justice","og_description":"Syndicat FO Justice - DOM-TOM - Prison de Noum\u00e9a : C\u00e9r\u00e9monie du mercredi 2 septembre 2026. Mai 2024 - FO Justice n'a rien l\u00e2ch\u00e9 ! 18 moi de combat - Une reconnaissance enfin r\u00e9\u00e9quilibr\u00e9e","og_url":"https:\/\/fojustice.fr\/web\/prison-de-noumea-ceremonie-du-mercredi-2-septembre-2026-mai-2024-fo-justice-na-rien-lache-18-moi-de-combat-une-reconnaissance-enfin-reequilibree\/","og_site_name":"Syndicat FO Justice","article_publisher":"https:\/\/www.facebook.com\/SyndicatFoJustice","article_published_time":"2026-09-01T23:00:14+00:00","og_image":[{"width":1093,"height":860,"url":"https:\/\/fojustice.fr\/web\/wp-content\/uploads\/2022\/12\/Noumea.png","type":"image\/png"}],"author":"adminfojustice","twitter_card":"summary_large_image","twitter_creator":"@SyndFoJustice","twitter_site":"@SyndFoJustice","twitter_misc":{"\u00c9crit par":"adminfojustice","Dur\u00e9e de lecture estim\u00e9e":"2 minutes"},"schema":{"@context":"https:\/\/schema.org","@graph":[{"@type":"NewsArticle","@id":"https:\/\/fojustice.fr\/web\/prison-de-noumea-ceremonie-du-mercredi-2-septembre-2026-mai-2024-fo-justice-na-rien-lache-18-moi-de-combat-une-reconnaissance-enfin-reequilibree\/#article","isPartOf":{"@id":"https:\/\/fojustice.fr\/web\/prison-de-noumea-ceremonie-du-mercredi-2-septembre-2026-mai-2024-fo-justice-na-rien-lache-18-moi-de-combat-une-reconnaissance-enfin-reequilibree\/"},"author":{"name":"adminfojustice","@id":"https:\/\/fojustice.fr\/web\/#\/schema\/person\/a51cb9c3495ce0ca62b78fc96ac3bf9f"},"headline":"Prison de Noum\u00e9a : C\u00e9r\u00e9monie du mercredi 2 septembre 2026. Mai 2024 &#8211; FO Justice n&#8217;a rien l\u00e2ch\u00e9 ! 18 moi de combat &#8211; Une reconnaissance enfin r\u00e9\u00e9quilibr\u00e9e","datePublished":"2026-09-01T23:00:14+00:00","mainEntityOfPage":{"@id":"https:\/\/fojustice.fr\/web\/prison-de-noumea-ceremonie-du-mercredi-2-septembre-2026-mai-2024-fo-justice-na-rien-lache-18-moi-de-combat-une-reconnaissance-enfin-reequilibree\/"},"wordCount":489,"commentCount":0,"publisher":{"@id":"https:\/\/fojustice.fr\/web\/#organization"},"image":{"@id":"https:\/\/fojustice.fr\/web\/prison-de-noumea-ceremonie-du-mercredi-2-septembre-2026-mai-2024-fo-justice-na-rien-lache-18-moi-de-combat-une-reconnaissance-enfin-reequilibree\/#primaryimage"},"thumbnailUrl":"https:\/\/fojustice.fr\/web\/wp-content\/uploads\/2022\/12\/Noumea.png","articleSection":["DOM-TOM"],"inLanguage":"fr-FR","potentialAction":[{"@type":"CommentAction","name":"Comment","target":["https:\/\/fojustice.fr\/web\/prison-de-noumea-ceremonie-du-mercredi-2-septembre-2026-mai-2024-fo-justice-na-rien-lache-18-moi-de-combat-une-reconnaissance-enfin-reequilibree\/#respond"]}]},{"@type":"WebPage","@id":"https:\/\/fojustice.fr\/web\/prison-de-noumea-ceremonie-du-mercredi-2-septembre-2026-mai-2024-fo-justice-na-rien-lache-18-moi-de-combat-une-reconnaissance-enfin-reequilibree\/","url":"https:\/\/fojustice.fr\/web\/prison-de-noumea-ceremonie-du-mercredi-2-septembre-2026-mai-2024-fo-justice-na-rien-lache-18-moi-de-combat-une-reconnaissance-enfin-reequilibree\/","name":"Prison de Noum\u00e9a : C\u00e9r\u00e9monie du mercredi 2 septembre 2026. Mai 2024 - FO Justice n'a rien l\u00e2ch\u00e9 ! 18 moi de combat - Une reconnaissance enfin r\u00e9\u00e9quilibr\u00e9e - Syndicat FO Justice","isPartOf":{"@id":"https:\/\/fojustice.fr\/web\/#website"},"primaryImageOfPage":{"@id":"https:\/\/fojustice.fr\/web\/prison-de-noumea-ceremonie-du-mercredi-2-septembre-2026-mai-2024-fo-justice-na-rien-lache-18-moi-de-combat-une-reconnaissance-enfin-reequilibree\/#primaryimage"},"image":{"@id":"https:\/\/fojustice.fr\/web\/prison-de-noumea-ceremonie-du-mercredi-2-septembre-2026-mai-2024-fo-justice-na-rien-lache-18-moi-de-combat-une-reconnaissance-enfin-reequilibree\/#primaryimage"},"thumbnailUrl":"https:\/\/fojustice.fr\/web\/wp-content\/uploads\/2022\/12\/Noumea.png","datePublished":"2026-09-01T23:00:14+00:00","description":"Syndicat FO Justice - DOM-TOM - Prison de Noum\u00e9a : C\u00e9r\u00e9monie du mercredi 2 septembre 2026. Mai 2024 - FO Justice n'a rien l\u00e2ch\u00e9 ! 18 moi de combat - Une reconnaissance enfin r\u00e9\u00e9quilibr\u00e9e","breadcrumb":{"@id":"https:\/\/fojustice.fr\/web\/prison-de-noumea-ceremonie-du-mercredi-2-septembre-2026-mai-2024-fo-justice-na-rien-lache-18-moi-de-combat-une-reconnaissance-enfin-reequilibree\/#breadcrumb"},"inLanguage":"fr-FR","potentialAction":[{"@type":"ReadAction","target":["https:\/\/fojustice.fr\/web\/prison-de-noumea-ceremonie-du-mercredi-2-septembre-2026-mai-2024-fo-justice-na-rien-lache-18-moi-de-combat-une-reconnaissance-enfin-reequilibree\/"]}]},{"@type":"ImageObject","inLanguage":"fr-FR","@id":"https:\/\/fojustice.fr\/web\/prison-de-noumea-ceremonie-du-mercredi-2-septembre-2026-mai-2024-fo-justice-na-rien-lache-18-moi-de-combat-une-reconnaissance-enfin-reequilibree\/#primaryimage","url":"https:\/\/fojustice.fr\/web\/wp-content\/uploads\/2022\/12\/Noumea.png","contentUrl":"https:\/\/fojustice.fr\/web\/wp-content\/uploads\/2022\/12\/Noumea.png","width":1093,"height":860},{"@type":"BreadcrumbList","@id":"https:\/\/fojustice.fr\/web\/prison-de-noumea-ceremonie-du-mercredi-2-septembre-2026-mai-2024-fo-justice-na-rien-lache-18-moi-de-combat-une-reconnaissance-enfin-reequilibree\/#breadcrumb","itemListElement":[{"@type":"ListItem","position":1,"name":"Accueil","item":"https:\/\/fojustice.fr\/web\/"},{"@type":"ListItem","position":2,"name":"Prison de Noum\u00e9a : C\u00e9r\u00e9monie du mercredi 2 septembre 2026. Mai 2024 &#8211; FO Justice n&#8217;a rien l\u00e2ch\u00e9 ! 18 moi de combat &#8211; Une reconnaissance enfin r\u00e9\u00e9quilibr\u00e9e"}]},{"@type":"WebSite","@id":"https:\/\/fojustice.fr\/web\/#website","url":"https:\/\/fojustice.fr\/web\/","name":"Syndicat FO Justice","description":"Site du Syndicat National FO Justice","publisher":{"@id":"https:\/\/fojustice.fr\/web\/#organization"},"alternateName":"Syndicat National FO Justice","potentialAction":[{"@type":"SearchAction","target":{"@type":"EntryPoint","urlTemplate":"https:\/\/fojustice.fr\/web\/?s={search_term_string}"},"query-input":{"@type":"PropertyValueSpecification","valueRequired":true,"valueName":"search_term_string"}}],"inLanguage":"fr-FR"},{"@type":"Organization","@id":"https:\/\/fojustice.fr\/web\/#organization","name":"Syndicat National FO Justice","alternateName":"Syndicat National FO Justice","url":"https:\/\/fojustice.fr\/web\/","logo":{"@type":"ImageObject","inLanguage":"fr-FR","@id":"https:\/\/fojustice.fr\/web\/#\/schema\/logo\/image\/","url":"https:\/\/fojustice.fr\/web\/wp-content\/uploads\/2022\/03\/logo-fo-justice.png","contentUrl":"https:\/\/fojustice.fr\/web\/wp-content\/uploads\/2022\/03\/logo-fo-justice.png","width":800,"height":800,"caption":"Syndicat National FO Justice"},"image":{"@id":"https:\/\/fojustice.fr\/web\/#\/schema\/logo\/image\/"},"sameAs":["https:\/\/www.facebook.com\/SyndicatFoJustice","https:\/\/x.com\/SyndFoJustice"]},{"@type":"Person","@id":"https:\/\/fojustice.fr\/web\/#\/schema\/person\/a51cb9c3495ce0ca62b78fc96ac3bf9f","name":"adminfojustice","image":{"@type":"ImageObject","inLanguage":"fr-FR","@id":"https:\/\/secure.gravatar.com\/avatar\/368884c0ecc46e53d83c0c3c0af4c6c30a6bbc2aab7535848950f43a950bfd4e?s=96&d=mm&r=g","url":"https:\/\/secure.gravatar.com\/avatar\/368884c0ecc46e53d83c0c3c0af4c6c30a6bbc2aab7535848950f43a950bfd4e?s=96&d=mm&r=g","contentUrl":"https:\/\/secure.gravatar.com\/avatar\/368884c0ecc46e53d83c0c3c0af4c6c30a6bbc2aab7535848950f43a950bfd4e?s=96&d=mm&r=g","caption":"adminfojustice"},"sameAs":["https:\/\/www.fojustice.fr\/web"],"url":"https:\/\/fojustice.fr\/web\/author\/adminfojustice\/"}]}},"jetpack_shortlink":"https:\/\/wp.me\/pdNWl1-dov","jetpack_sharing_enabled":true,"jetpack_featured_media_url":"https:\/\/fojustice.fr\/web\/wp-content\/uploads\/2022\/12\/Noumea.png","_links":{"self":[{"href":"https:\/\/fojustice.fr\/web\/wp-json\/wp\/v2\/posts\/51491","targetHints":{"allow":["GET"]}}],"collection":[{"href":"https:\/\/fojustice.fr\/web\/wp-json\/wp\/v2\/posts"}],"about":[{"href":"https:\/\/fojustice.fr\/web\/wp-json\/wp\/v2\/types\/post"}],"author":[{"embeddable":true,"href":"https:\/\/fojustice.fr\/web\/wp-json\/wp\/v2\/users\/1"}],"replies":[{"embeddable":true,"href":"https:\/\/fojustice.fr\/web\/wp-json\/wp\/v2\/comments?post=51491"}],"version-history":[{"count":3,"href":"https:\/\/fojustice.fr\/web\/wp-json\/wp\/v2\/posts\/51491\/revisions"}],"predecessor-version":[{"id":51499,"href":"https:\/\/fojustice.fr\/web\/wp-json\/wp\/v2\/posts\/51491\/revisions\/51499"}],"wp:featuredmedia":[{"embeddable":true,"href":"https:\/\/fojustice.fr\/web\/wp-json\/wp\/v2\/media\/9499"}],"wp:attachment":[{"href":"https:\/\/fojustice.fr\/web\/wp-json\/wp\/v2\/media?parent=51491"}],"wp:term":[{"taxonomy":"category","embeddable":true,"href":"https:\/\/fojustice.fr\/web\/wp-json\/wp\/v2\/categories?post=51491"},{"taxonomy":"post_tag","embeddable":true,"href":"https:\/\/fojustice.fr\/web\/wp-json\/wp\/v2\/tags?post=51491"}],"curies":[{"name":"wp","href":"https:\/\/api.w.org\/{rel}","templated":true}]}}