{"id":51482,"date":"2026-09-01T16:07:40","date_gmt":"2026-09-01T14:07:40","guid":{"rendered":"https:\/\/fojustice.fr\/web\/?p=51482"},"modified":"2026-09-01T16:07:40","modified_gmt":"2026-09-01T14:07:40","slug":"prison-dorleans-saran-parloirs-qd-saisies-vigilance-et-professionnalisme-des-agents","status":"publish","type":"post","link":"https:\/\/fojustice.fr\/web\/prison-dorleans-saran-parloirs-qd-saisies-vigilance-et-professionnalisme-des-agents\/","title":{"rendered":"Prison d&#8217;Orl\u00e9ans-Saran : Parloirs \/ QD, saisies, vigilance et professionnalisme des Agents !"},"content":{"rendered":"<p class=\"p1\">Une nouvelle fois la vigilance des personnels est \u00e0 mettre en exergue.<\/p>\n<p class=\"p1\">Aujourd\u2019hui, \u00e0 l\u2019issue de la sortie parloir 1<span class=\"s1\">\u00e8re<\/span> s\u00e9rie les agents du secteur constate une forte odeur de stup\u00e9fiants \u00e9manant du d\u00e9tenu B.<\/p>\n<p class=\"p1\">Deux agents ELSP sont appel\u00e9s en renfort par le grad\u00e9 PCI au regard de l\u2019effectif pour la fouille de ce dernier.<\/p>\n<p class=\"p1\">Arriv\u00e9e dans la salle de fouille, le d\u00e9tenu B remet imm\u00e9diatement 12 grammes de cannabis tout en disant aux agents \u00ab C\u2019est bon, je vous le donne, pas besoin que je passe \u00e0 la fouille \u00bb.<\/p>\n<p class=\"p1\">Les agents ELSP demandent au d\u00e9tenu B de se soumettre \u00e0 la fouille r\u00e9glementaire mais il refuse. Ce dernier va tenter de sortir de force de la salle de fouille mais sera rapidement ma\u00eetris\u00e9.<\/p>\n<p class=\"p1\">Ensuite, le d\u00e9tenu B fait semblant d\u2019\u00eatre coop\u00e9ratif mais lors des injonctions des agents pour la fouille, il d\u00e9cide de se mettre au sol et oppose une r\u00e9sistance passive.<\/p>\n<p class=\"p1\">La d\u00e9cision est prise de le placer en pr\u00e9vention au quartier disciplinaire.<\/p>\n<p class=\"p1\">Lors la fouille au quartier disciplinaire, il s\u2019av\u00e8re que ce dernier se trouve en possession 30 grammes de cannabis ainsi que de 06 grammes de coca\u00efne dissimul\u00e9s entre ses jambes.<\/p>\n<p class=\"p2\" style=\"text-align: center;\"><span style=\"text-decoration: underline; color: #ff0000;\"><b>Bilan : 42 grammes de cannabis et 06 grammes de coca\u00efne<\/b><\/span><\/p>\n<p class=\"p1\">Les visiteuses du d\u00e9tenu B ont \u00e9t\u00e9 prises en charge par la police nationale.<\/p>\n<p class=\"p1\">Cette saisie montre, une nouvelle fois, le r\u00f4le essentiel des agents p\u00e9nitentiaires dans la lutte quotidienne contre les trafics qui gangr\u00e8nent nos \u00e9tablissements et portent atteinte \u00e0 la s\u00e9curit\u00e9 des personnels, des personnes d\u00e9tenues et de l\u2019institution.<\/p>\n<p class=\"p2\"><span class=\"s2\">Le <\/span><span style=\"color: #ff0000;\"><b>syndicat local Force Ouvri\u00e8re Justice<\/b><\/span> <span class=\"s2\">demande \u00e0 ce que des <\/span>r\u00e9compenses officielles soient accord\u00e9es aux personnels concern\u00e9s.<\/p>\n<p class=\"p2\"><span class=\"s2\">Le <\/span><span style=\"color: #ff0000;\"><b>syndicat local Force Ouvri\u00e8re Justice<\/b> <\/span><span class=\"s2\">tient \u00e0 f\u00e9liciter l\u2019ensemble des <\/span>personnels impliqu\u00e9s pour leur professionnalisme, leur rigueur et leur engagement sans faille dans la politique de lutte contre les trafics.<\/p>\n<p class=\"p3\" style=\"text-align: center;\"><span style=\"text-decoration: underline; color: #ff0000;\"><b>SANS AGENTS, PAS DE S\u00c9CURIT\u00c9.<\/b><\/span><\/p>\n<p class=\"p3\" style=\"text-align: center;\"><span style=\"text-decoration: underline; color: #ff0000;\"><b>SANS S\u00c9CURIT\u00c9, PAS DE MISSION !<\/b><\/span><\/p>\n<p><a href=\"https:\/\/fojustice.fr\/web\/wp-content\/uploads\/2026\/09\/comsaran10926.pdf\">Lire le communiqu\u00e9<\/a><\/p>\n","protected":false},"excerpt":{"rendered":"<p>Une nouvelle fois la vigilance des personnels est \u00e0 mettre en exergue. Aujourd\u2019hui, \u00e0 l\u2019issue de la sortie parloir 1\u00e8re s\u00e9rie les agents du secteur constate une forte odeur de stup\u00e9fiants \u00e9manant du d\u00e9tenu B. Deux agents ELSP sont appel\u00e9s en renfort par le grad\u00e9 PCI au regard de l\u2019effectif pour la fouille de ce [&hellip;]<\/p>\n","protected":false},"author":1,"featured_media":24107,"comment_status":"open","ping_status":"open","sticky":false,"template":"","format":"standard","meta":{"_angie_page":false,"_jetpack_newsletter_access":"","_jetpack_dont_email_post_to_subs":true,"_jetpack_newsletter_tier_id":0,"_jetpack_memberships_contains_paywalled_content":false,"page_builder":"","_jetpack_feature_clip_id":0,"_jetpack_memberships_contains_paid_content":false,"footnotes":"","jetpack_post_was_ever_published":false,"_members_access_role":[],"_members_access_error":""},"categories":[30],"tags":[],"class_list":["post-51482","post","type-post","status-publish","format-standard","has-post-thumbnail","hentry","category-disp-dijon"],"yoast_head":"<!-- This site is optimized with the Yoast SEO plugin v28.3 - https:\/\/yoast.com\/product\/yoast-seo-wordpress\/ -->\n<title>Prison d&#039;Orl\u00e9ans-Saran : Parloirs \/ QD, saisies, vigilance et professionnalisme des Agents ! - Syndicat FO Justice<\/title>\n<meta name=\"description\" content=\"Syndicat FO Justice - DISP Dijon - Prison d&#039;Orl\u00e9ans-Saran : Parloirs \/ QD, saisies, vigilance et professionnalisme des Agents !\" \/>\n<meta name=\"robots\" content=\"index, follow, max-snippet:-1, max-image-preview:large, max-video-preview:-1\" \/>\n<link rel=\"canonical\" href=\"https:\/\/fojustice.fr\/web\/prison-dorleans-saran-parloirs-qd-saisies-vigilance-et-professionnalisme-des-agents\/\" \/>\n<meta property=\"og:locale\" content=\"fr_FR\" \/>\n<meta property=\"og:type\" content=\"article\" \/>\n<meta property=\"og:title\" content=\"Prison d&#039;Orl\u00e9ans-Saran : Parloirs \/ QD, saisies, vigilance et professionnalisme des Agents ! - Syndicat FO Justice\" \/>\n<meta property=\"og:description\" content=\"Syndicat FO Justice - DISP Dijon - Prison d&#039;Orl\u00e9ans-Saran : Parloirs \/ QD, saisies, vigilance et professionnalisme des Agents !\" \/>\n<meta property=\"og:url\" content=\"https:\/\/fojustice.fr\/web\/prison-dorleans-saran-parloirs-qd-saisies-vigilance-et-professionnalisme-des-agents\/\" \/>\n<meta property=\"og:site_name\" content=\"Syndicat FO Justice\" \/>\n<meta property=\"article:publisher\" content=\"https:\/\/www.facebook.com\/SyndicatFoJustice\" \/>\n<meta property=\"article:published_time\" content=\"2026-09-01T14:07:40+00:00\" \/>\n<meta property=\"og:image\" content=\"https:\/\/fojustice.fr\/web\/wp-content\/uploads\/2024\/06\/CP_Orleans-Saran.jpg\" \/>\n\t<meta property=\"og:image:width\" content=\"1800\" \/>\n\t<meta property=\"og:image:height\" content=\"1200\" \/>\n\t<meta property=\"og:image:type\" content=\"image\/jpeg\" \/>\n<meta name=\"author\" content=\"adminfojustice\" \/>\n<meta name=\"twitter:card\" content=\"summary_large_image\" \/>\n<meta name=\"twitter:creator\" content=\"@SyndFoJustice\" \/>\n<meta name=\"twitter:site\" content=\"@SyndFoJustice\" \/>\n<meta name=\"twitter:label1\" content=\"\u00c9crit par\" \/>\n\t<meta name=\"twitter:data1\" content=\"adminfojustice\" \/>\n\t<meta name=\"twitter:label2\" content=\"Dur\u00e9e de lecture estim\u00e9e\" \/>\n\t<meta name=\"twitter:data2\" content=\"2 minutes\" \/>\n<script type=\"application\/ld+json\" class=\"yoast-schema-graph\">{\"@context\":\"https:\\\/\\\/schema.org\",\"@graph\":[{\"@type\":\"NewsArticle\",\"@id\":\"https:\\\/\\\/fojustice.fr\\\/web\\\/prison-dorleans-saran-parloirs-qd-saisies-vigilance-et-professionnalisme-des-agents\\\/#article\",\"isPartOf\":{\"@id\":\"https:\\\/\\\/fojustice.fr\\\/web\\\/prison-dorleans-saran-parloirs-qd-saisies-vigilance-et-professionnalisme-des-agents\\\/\"},\"author\":{\"name\":\"adminfojustice\",\"@id\":\"https:\\\/\\\/fojustice.fr\\\/web\\\/#\\\/schema\\\/person\\\/a51cb9c3495ce0ca62b78fc96ac3bf9f\"},\"headline\":\"Prison d&#8217;Orl\u00e9ans-Saran : Parloirs \\\/ QD, saisies, vigilance et professionnalisme des Agents !\",\"datePublished\":\"2026-09-01T14:07:40+00:00\",\"mainEntityOfPage\":{\"@id\":\"https:\\\/\\\/fojustice.fr\\\/web\\\/prison-dorleans-saran-parloirs-qd-saisies-vigilance-et-professionnalisme-des-agents\\\/\"},\"wordCount\":361,\"commentCount\":0,\"publisher\":{\"@id\":\"https:\\\/\\\/fojustice.fr\\\/web\\\/#organization\"},\"image\":{\"@id\":\"https:\\\/\\\/fojustice.fr\\\/web\\\/prison-dorleans-saran-parloirs-qd-saisies-vigilance-et-professionnalisme-des-agents\\\/#primaryimage\"},\"thumbnailUrl\":\"https:\\\/\\\/fojustice.fr\\\/web\\\/wp-content\\\/uploads\\\/2024\\\/06\\\/CP_Orleans-Saran.jpg\",\"articleSection\":[\"DISP Dijon\"],\"inLanguage\":\"fr-FR\",\"potentialAction\":[{\"@type\":\"CommentAction\",\"name\":\"Comment\",\"target\":[\"https:\\\/\\\/fojustice.fr\\\/web\\\/prison-dorleans-saran-parloirs-qd-saisies-vigilance-et-professionnalisme-des-agents\\\/#respond\"]}]},{\"@type\":\"WebPage\",\"@id\":\"https:\\\/\\\/fojustice.fr\\\/web\\\/prison-dorleans-saran-parloirs-qd-saisies-vigilance-et-professionnalisme-des-agents\\\/\",\"url\":\"https:\\\/\\\/fojustice.fr\\\/web\\\/prison-dorleans-saran-parloirs-qd-saisies-vigilance-et-professionnalisme-des-agents\\\/\",\"name\":\"Prison d'Orl\u00e9ans-Saran : Parloirs \\\/ QD, saisies, vigilance et professionnalisme des Agents ! - Syndicat FO Justice\",\"isPartOf\":{\"@id\":\"https:\\\/\\\/fojustice.fr\\\/web\\\/#website\"},\"primaryImageOfPage\":{\"@id\":\"https:\\\/\\\/fojustice.fr\\\/web\\\/prison-dorleans-saran-parloirs-qd-saisies-vigilance-et-professionnalisme-des-agents\\\/#primaryimage\"},\"image\":{\"@id\":\"https:\\\/\\\/fojustice.fr\\\/web\\\/prison-dorleans-saran-parloirs-qd-saisies-vigilance-et-professionnalisme-des-agents\\\/#primaryimage\"},\"thumbnailUrl\":\"https:\\\/\\\/fojustice.fr\\\/web\\\/wp-content\\\/uploads\\\/2024\\\/06\\\/CP_Orleans-Saran.jpg\",\"datePublished\":\"2026-09-01T14:07:40+00:00\",\"description\":\"Syndicat FO Justice - DISP Dijon - Prison d'Orl\u00e9ans-Saran : Parloirs \\\/ QD, saisies, vigilance et professionnalisme des Agents !\",\"breadcrumb\":{\"@id\":\"https:\\\/\\\/fojustice.fr\\\/web\\\/prison-dorleans-saran-parloirs-qd-saisies-vigilance-et-professionnalisme-des-agents\\\/#breadcrumb\"},\"inLanguage\":\"fr-FR\",\"potentialAction\":[{\"@type\":\"ReadAction\",\"target\":[\"https:\\\/\\\/fojustice.fr\\\/web\\\/prison-dorleans-saran-parloirs-qd-saisies-vigilance-et-professionnalisme-des-agents\\\/\"]}]},{\"@type\":\"ImageObject\",\"inLanguage\":\"fr-FR\",\"@id\":\"https:\\\/\\\/fojustice.fr\\\/web\\\/prison-dorleans-saran-parloirs-qd-saisies-vigilance-et-professionnalisme-des-agents\\\/#primaryimage\",\"url\":\"https:\\\/\\\/fojustice.fr\\\/web\\\/wp-content\\\/uploads\\\/2024\\\/06\\\/CP_Orleans-Saran.jpg\",\"contentUrl\":\"https:\\\/\\\/fojustice.fr\\\/web\\\/wp-content\\\/uploads\\\/2024\\\/06\\\/CP_Orleans-Saran.jpg\",\"width\":1800,\"height\":1200},{\"@type\":\"BreadcrumbList\",\"@id\":\"https:\\\/\\\/fojustice.fr\\\/web\\\/prison-dorleans-saran-parloirs-qd-saisies-vigilance-et-professionnalisme-des-agents\\\/#breadcrumb\",\"itemListElement\":[{\"@type\":\"ListItem\",\"position\":1,\"name\":\"Accueil\",\"item\":\"https:\\\/\\\/fojustice.fr\\\/web\\\/\"},{\"@type\":\"ListItem\",\"position\":2,\"name\":\"Prison d&#8217;Orl\u00e9ans-Saran : Parloirs \\\/ QD, saisies, vigilance et professionnalisme des Agents !\"}]},{\"@type\":\"WebSite\",\"@id\":\"https:\\\/\\\/fojustice.fr\\\/web\\\/#website\",\"url\":\"https:\\\/\\\/fojustice.fr\\\/web\\\/\",\"name\":\"Syndicat FO Justice\",\"description\":\"Site du Syndicat National FO Justice\",\"publisher\":{\"@id\":\"https:\\\/\\\/fojustice.fr\\\/web\\\/#organization\"},\"alternateName\":\"Syndicat National FO Justice\",\"potentialAction\":[{\"@type\":\"SearchAction\",\"target\":{\"@type\":\"EntryPoint\",\"urlTemplate\":\"https:\\\/\\\/fojustice.fr\\\/web\\\/?s={search_term_string}\"},\"query-input\":{\"@type\":\"PropertyValueSpecification\",\"valueRequired\":true,\"valueName\":\"search_term_string\"}}],\"inLanguage\":\"fr-FR\"},{\"@type\":\"Organization\",\"@id\":\"https:\\\/\\\/fojustice.fr\\\/web\\\/#organization\",\"name\":\"Syndicat National FO Justice\",\"alternateName\":\"Syndicat National FO Justice\",\"url\":\"https:\\\/\\\/fojustice.fr\\\/web\\\/\",\"logo\":{\"@type\":\"ImageObject\",\"inLanguage\":\"fr-FR\",\"@id\":\"https:\\\/\\\/fojustice.fr\\\/web\\\/#\\\/schema\\\/logo\\\/image\\\/\",\"url\":\"https:\\\/\\\/fojustice.fr\\\/web\\\/wp-content\\\/uploads\\\/2022\\\/03\\\/logo-fo-justice.png\",\"contentUrl\":\"https:\\\/\\\/fojustice.fr\\\/web\\\/wp-content\\\/uploads\\\/2022\\\/03\\\/logo-fo-justice.png\",\"width\":800,\"height\":800,\"caption\":\"Syndicat National FO Justice\"},\"image\":{\"@id\":\"https:\\\/\\\/fojustice.fr\\\/web\\\/#\\\/schema\\\/logo\\\/image\\\/\"},\"sameAs\":[\"https:\\\/\\\/www.facebook.com\\\/SyndicatFoJustice\",\"https:\\\/\\\/x.com\\\/SyndFoJustice\"]},{\"@type\":\"Person\",\"@id\":\"https:\\\/\\\/fojustice.fr\\\/web\\\/#\\\/schema\\\/person\\\/a51cb9c3495ce0ca62b78fc96ac3bf9f\",\"name\":\"adminfojustice\",\"image\":{\"@type\":\"ImageObject\",\"inLanguage\":\"fr-FR\",\"@id\":\"https:\\\/\\\/secure.gravatar.com\\\/avatar\\\/368884c0ecc46e53d83c0c3c0af4c6c30a6bbc2aab7535848950f43a950bfd4e?s=96&d=mm&r=g\",\"url\":\"https:\\\/\\\/secure.gravatar.com\\\/avatar\\\/368884c0ecc46e53d83c0c3c0af4c6c30a6bbc2aab7535848950f43a950bfd4e?s=96&d=mm&r=g\",\"contentUrl\":\"https:\\\/\\\/secure.gravatar.com\\\/avatar\\\/368884c0ecc46e53d83c0c3c0af4c6c30a6bbc2aab7535848950f43a950bfd4e?s=96&d=mm&r=g\",\"caption\":\"adminfojustice\"},\"sameAs\":[\"https:\\\/\\\/www.fojustice.fr\\\/web\"],\"url\":\"https:\\\/\\\/fojustice.fr\\\/web\\\/author\\\/adminfojustice\\\/\"}]}<\/script>\n<!-- \/ Yoast SEO plugin. -->","yoast_head_json":{"title":"Prison d'Orl\u00e9ans-Saran : Parloirs \/ QD, saisies, vigilance et professionnalisme des Agents ! - Syndicat FO Justice","description":"Syndicat FO Justice - DISP Dijon - Prison d'Orl\u00e9ans-Saran : Parloirs \/ QD, saisies, vigilance et professionnalisme des Agents !","robots":{"index":"index","follow":"follow","max-snippet":"max-snippet:-1","max-image-preview":"max-image-preview:large","max-video-preview":"max-video-preview:-1"},"canonical":"https:\/\/fojustice.fr\/web\/prison-dorleans-saran-parloirs-qd-saisies-vigilance-et-professionnalisme-des-agents\/","og_locale":"fr_FR","og_type":"article","og_title":"Prison d'Orl\u00e9ans-Saran : Parloirs \/ QD, saisies, vigilance et professionnalisme des Agents ! - Syndicat FO Justice","og_description":"Syndicat FO Justice - DISP Dijon - Prison d'Orl\u00e9ans-Saran : Parloirs \/ QD, saisies, vigilance et professionnalisme des Agents !","og_url":"https:\/\/fojustice.fr\/web\/prison-dorleans-saran-parloirs-qd-saisies-vigilance-et-professionnalisme-des-agents\/","og_site_name":"Syndicat FO Justice","article_publisher":"https:\/\/www.facebook.com\/SyndicatFoJustice","article_published_time":"2026-09-01T14:07:40+00:00","og_image":[{"width":1800,"height":1200,"url":"https:\/\/fojustice.fr\/web\/wp-content\/uploads\/2024\/06\/CP_Orleans-Saran.jpg","type":"image\/jpeg"}],"author":"adminfojustice","twitter_card":"summary_large_image","twitter_creator":"@SyndFoJustice","twitter_site":"@SyndFoJustice","twitter_misc":{"\u00c9crit par":"adminfojustice","Dur\u00e9e de lecture estim\u00e9e":"2 minutes"},"schema":{"@context":"https:\/\/schema.org","@graph":[{"@type":"NewsArticle","@id":"https:\/\/fojustice.fr\/web\/prison-dorleans-saran-parloirs-qd-saisies-vigilance-et-professionnalisme-des-agents\/#article","isPartOf":{"@id":"https:\/\/fojustice.fr\/web\/prison-dorleans-saran-parloirs-qd-saisies-vigilance-et-professionnalisme-des-agents\/"},"author":{"name":"adminfojustice","@id":"https:\/\/fojustice.fr\/web\/#\/schema\/person\/a51cb9c3495ce0ca62b78fc96ac3bf9f"},"headline":"Prison d&#8217;Orl\u00e9ans-Saran : Parloirs \/ QD, saisies, vigilance et professionnalisme des Agents !","datePublished":"2026-09-01T14:07:40+00:00","mainEntityOfPage":{"@id":"https:\/\/fojustice.fr\/web\/prison-dorleans-saran-parloirs-qd-saisies-vigilance-et-professionnalisme-des-agents\/"},"wordCount":361,"commentCount":0,"publisher":{"@id":"https:\/\/fojustice.fr\/web\/#organization"},"image":{"@id":"https:\/\/fojustice.fr\/web\/prison-dorleans-saran-parloirs-qd-saisies-vigilance-et-professionnalisme-des-agents\/#primaryimage"},"thumbnailUrl":"https:\/\/fojustice.fr\/web\/wp-content\/uploads\/2024\/06\/CP_Orleans-Saran.jpg","articleSection":["DISP Dijon"],"inLanguage":"fr-FR","potentialAction":[{"@type":"CommentAction","name":"Comment","target":["https:\/\/fojustice.fr\/web\/prison-dorleans-saran-parloirs-qd-saisies-vigilance-et-professionnalisme-des-agents\/#respond"]}]},{"@type":"WebPage","@id":"https:\/\/fojustice.fr\/web\/prison-dorleans-saran-parloirs-qd-saisies-vigilance-et-professionnalisme-des-agents\/","url":"https:\/\/fojustice.fr\/web\/prison-dorleans-saran-parloirs-qd-saisies-vigilance-et-professionnalisme-des-agents\/","name":"Prison d'Orl\u00e9ans-Saran : Parloirs \/ QD, saisies, vigilance et professionnalisme des Agents ! - Syndicat FO Justice","isPartOf":{"@id":"https:\/\/fojustice.fr\/web\/#website"},"primaryImageOfPage":{"@id":"https:\/\/fojustice.fr\/web\/prison-dorleans-saran-parloirs-qd-saisies-vigilance-et-professionnalisme-des-agents\/#primaryimage"},"image":{"@id":"https:\/\/fojustice.fr\/web\/prison-dorleans-saran-parloirs-qd-saisies-vigilance-et-professionnalisme-des-agents\/#primaryimage"},"thumbnailUrl":"https:\/\/fojustice.fr\/web\/wp-content\/uploads\/2024\/06\/CP_Orleans-Saran.jpg","datePublished":"2026-09-01T14:07:40+00:00","description":"Syndicat FO Justice - DISP Dijon - Prison d'Orl\u00e9ans-Saran : Parloirs \/ QD, saisies, vigilance et professionnalisme des Agents !","breadcrumb":{"@id":"https:\/\/fojustice.fr\/web\/prison-dorleans-saran-parloirs-qd-saisies-vigilance-et-professionnalisme-des-agents\/#breadcrumb"},"inLanguage":"fr-FR","potentialAction":[{"@type":"ReadAction","target":["https:\/\/fojustice.fr\/web\/prison-dorleans-saran-parloirs-qd-saisies-vigilance-et-professionnalisme-des-agents\/"]}]},{"@type":"ImageObject","inLanguage":"fr-FR","@id":"https:\/\/fojustice.fr\/web\/prison-dorleans-saran-parloirs-qd-saisies-vigilance-et-professionnalisme-des-agents\/#primaryimage","url":"https:\/\/fojustice.fr\/web\/wp-content\/uploads\/2024\/06\/CP_Orleans-Saran.jpg","contentUrl":"https:\/\/fojustice.fr\/web\/wp-content\/uploads\/2024\/06\/CP_Orleans-Saran.jpg","width":1800,"height":1200},{"@type":"BreadcrumbList","@id":"https:\/\/fojustice.fr\/web\/prison-dorleans-saran-parloirs-qd-saisies-vigilance-et-professionnalisme-des-agents\/#breadcrumb","itemListElement":[{"@type":"ListItem","position":1,"name":"Accueil","item":"https:\/\/fojustice.fr\/web\/"},{"@type":"ListItem","position":2,"name":"Prison d&#8217;Orl\u00e9ans-Saran : Parloirs \/ QD, saisies, vigilance et professionnalisme des Agents !"}]},{"@type":"WebSite","@id":"https:\/\/fojustice.fr\/web\/#website","url":"https:\/\/fojustice.fr\/web\/","name":"Syndicat FO Justice","description":"Site du Syndicat National FO Justice","publisher":{"@id":"https:\/\/fojustice.fr\/web\/#organization"},"alternateName":"Syndicat National FO Justice","potentialAction":[{"@type":"SearchAction","target":{"@type":"EntryPoint","urlTemplate":"https:\/\/fojustice.fr\/web\/?s={search_term_string}"},"query-input":{"@type":"PropertyValueSpecification","valueRequired":true,"valueName":"search_term_string"}}],"inLanguage":"fr-FR"},{"@type":"Organization","@id":"https:\/\/fojustice.fr\/web\/#organization","name":"Syndicat National FO Justice","alternateName":"Syndicat National FO Justice","url":"https:\/\/fojustice.fr\/web\/","logo":{"@type":"ImageObject","inLanguage":"fr-FR","@id":"https:\/\/fojustice.fr\/web\/#\/schema\/logo\/image\/","url":"https:\/\/fojustice.fr\/web\/wp-content\/uploads\/2022\/03\/logo-fo-justice.png","contentUrl":"https:\/\/fojustice.fr\/web\/wp-content\/uploads\/2022\/03\/logo-fo-justice.png","width":800,"height":800,"caption":"Syndicat National FO Justice"},"image":{"@id":"https:\/\/fojustice.fr\/web\/#\/schema\/logo\/image\/"},"sameAs":["https:\/\/www.facebook.com\/SyndicatFoJustice","https:\/\/x.com\/SyndFoJustice"]},{"@type":"Person","@id":"https:\/\/fojustice.fr\/web\/#\/schema\/person\/a51cb9c3495ce0ca62b78fc96ac3bf9f","name":"adminfojustice","image":{"@type":"ImageObject","inLanguage":"fr-FR","@id":"https:\/\/secure.gravatar.com\/avatar\/368884c0ecc46e53d83c0c3c0af4c6c30a6bbc2aab7535848950f43a950bfd4e?s=96&d=mm&r=g","url":"https:\/\/secure.gravatar.com\/avatar\/368884c0ecc46e53d83c0c3c0af4c6c30a6bbc2aab7535848950f43a950bfd4e?s=96&d=mm&r=g","contentUrl":"https:\/\/secure.gravatar.com\/avatar\/368884c0ecc46e53d83c0c3c0af4c6c30a6bbc2aab7535848950f43a950bfd4e?s=96&d=mm&r=g","caption":"adminfojustice"},"sameAs":["https:\/\/www.fojustice.fr\/web"],"url":"https:\/\/fojustice.fr\/web\/author\/adminfojustice\/"}]}},"jetpack_shortlink":"https:\/\/wp.me\/pdNWl1-dom","jetpack_sharing_enabled":true,"jetpack_featured_media_url":"https:\/\/fojustice.fr\/web\/wp-content\/uploads\/2024\/06\/CP_Orleans-Saran.jpg","_links":{"self":[{"href":"https:\/\/fojustice.fr\/web\/wp-json\/wp\/v2\/posts\/51482","targetHints":{"allow":["GET"]}}],"collection":[{"href":"https:\/\/fojustice.fr\/web\/wp-json\/wp\/v2\/posts"}],"about":[{"href":"https:\/\/fojustice.fr\/web\/wp-json\/wp\/v2\/types\/post"}],"author":[{"embeddable":true,"href":"https:\/\/fojustice.fr\/web\/wp-json\/wp\/v2\/users\/1"}],"replies":[{"embeddable":true,"href":"https:\/\/fojustice.fr\/web\/wp-json\/wp\/v2\/comments?post=51482"}],"version-history":[{"count":1,"href":"https:\/\/fojustice.fr\/web\/wp-json\/wp\/v2\/posts\/51482\/revisions"}],"predecessor-version":[{"id":51484,"href":"https:\/\/fojustice.fr\/web\/wp-json\/wp\/v2\/posts\/51482\/revisions\/51484"}],"wp:featuredmedia":[{"embeddable":true,"href":"https:\/\/fojustice.fr\/web\/wp-json\/wp\/v2\/media\/24107"}],"wp:attachment":[{"href":"https:\/\/fojustice.fr\/web\/wp-json\/wp\/v2\/media?parent=51482"}],"wp:term":[{"taxonomy":"category","embeddable":true,"href":"https:\/\/fojustice.fr\/web\/wp-json\/wp\/v2\/categories?post=51482"},{"taxonomy":"post_tag","embeddable":true,"href":"https:\/\/fojustice.fr\/web\/wp-json\/wp\/v2\/tags?post=51482"}],"curies":[{"name":"wp","href":"https:\/\/api.w.org\/{rel}","templated":true}]}}