{"id":51479,"date":"2026-09-01T16:03:08","date_gmt":"2026-09-01T14:03:08","guid":{"rendered":"https:\/\/fojustice.fr\/web\/?p=51479"},"modified":"2026-09-01T16:03:08","modified_gmt":"2026-09-01T14:03:08","slug":"prison-de-lille-annoeullin-31-aout-nos-collegues-encore-pris-pour-cibles","status":"publish","type":"post","link":"https:\/\/fojustice.fr\/web\/prison-de-lille-annoeullin-31-aout-nos-collegues-encore-pris-pour-cibles\/","title":{"rendered":"Prison de Lille-Annoeullin : 31 ao\u00fbt, nos coll\u00e8gues encore pris pour cibles !"},"content":{"rendered":"<p>Ce lundi <strong>vers 12h45<\/strong>, lors de la distribution du repas au quartier disciplinaire, les personnels ont constat\u00e9 qu\u2019une personne d\u00e9tenue \u00e9tait en possession d\u2019un <strong>\u00ab yoyo \u00bb<\/strong>. Un contr\u00f4le de la cellule a alors \u00e9t\u00e9 d\u00e9cid\u00e9 afin de le r\u00e9cup\u00e9rer et de v\u00e9rifier la situation.<\/p>\n<p><strong>Plac\u00e9e \u00e0 l\u2019ext\u00e9rieur de la cellule<\/strong>, la personne d\u00e9tenue, m\u00e9contente de la saisie du yoyo et d\u2019un pantalon en surplus, a ensuite refus\u00e9 de r\u00e9int\u00e9grer les lieux et s\u2019est montr\u00e9e imm\u00e9diatement mena\u00e7ante, d\u00e9clarant notamment :<\/p>\n<p style=\"text-align: center;\"><span style=\"color: #ff0000;\"><strong>\u00ab Donnez-le-moi sinon \u00e7a va mal se passer. \u00bb<\/strong><\/span><\/p>\n<p>Malgr\u00e9 les injonctions des agents, elle a refus\u00e9 d\u2019obtemp\u00e9rer et a continu\u00e9 \u00e0 les provoquer, allant jusqu\u2019\u00e0 leur lancer :<\/p>\n<p style=\"text-align: center;\"><span style=\"color: #ff0000;\"><strong>\u00ab Vous \u00eates que trois, vous allez faire quoi ? \u00bb<\/strong><\/span><\/p>\n<p><span style=\"color: #000080;\"><strong>UNE AGRESSION PHYSIQUE EN PLEINE INTERVENTION<\/strong><\/span><\/p>\n<p>Alors qu\u2019un coll\u00e8gue s\u2019est avanc\u00e9 afin de r\u00e9cup\u00e9rer le v\u00eatement que la personne d\u00e9tenue tenait dans sa main, celle-ci <span style=\"color: #ff0000;\"><strong>l\u2019a saisi par le gilet et l\u2019a violemment soulev\u00e9<\/strong>.<\/span><\/p>\n<p>Le second agent et l\u2019Officier ont imm\u00e9diatement tent\u00e9 de faire cesser cette agression. La personne d\u00e9tenue a alors profit\u00e9 de la situation pour <strong>porter <span style=\"color: #ff0000;\">un coup de poing<\/span> au visage du coll\u00e8gue qui venait tout juste de s\u2019extraire de l\u2019emprise sur son gilet<\/strong>.<\/p>\n<p>Face \u00e0 cette violence, les agents ont d\u00fb faire usage de la <strong>force strictement n\u00e9cessaire<\/strong> afin de l\u2019amener au sol.<\/p>\n<p>Il a fallu attendre le renfort des ELSP afin de pouvoir quitter la cellule en toute s\u00e9curit\u00e9.<\/p>\n<p><span style=\"color: #000080;\"><strong>DES MENACES QUI SE POURSUIVENT AU SOL<\/strong><\/span><\/p>\n<p>Maintenue au sol, la personne d\u00e9tenue n\u2019a pas cess\u00e9 ses menaces \u00e0 l\u2019encontre des agents.<\/p>\n<p>Elle a notamment d\u00e9clar\u00e9 :<\/p>\n<p><span style=\"color: #ff0000;\"><strong>\u00ab Vous \u00eates des merdes, tu fais 90 kg je t\u2019ai couch\u00e9, on va se revoir quand je serai de retour au QI. Le premier de vous trois qui ouvrira, je vais le planter. \u00bb<\/strong><\/span><\/p>\n<p>Des violences et des propos qui ne peuvent \u00eatre banalis\u00e9s. <strong>Face \u00e0 de tels agissements, <span style=\"color: #ff0000;\">FO JUSTICE<\/span> exige son transfert vers un \u00e9tablissement ou une structure adapt\u00e9e !<\/strong><\/p>\n<p>\u00c0 la suite de l\u2019intervention, plusieurs agents ont fait \u00e9tat de <strong>douleurs et de blessures<\/strong>, notamment au niveau du visage, de l\u2019\u00e9paule, du bras, de l\u2019avant-bras, des cervicales et des c\u00f4tes.<\/p>\n<p style=\"text-align: center;\"><span style=\"color: #000080;\"><strong>Nos coll\u00e8gues ne peuvent pas devenir les victimes syst\u00e9matiques de ceux qui refusent les r\u00e8gles et contestent l\u2019autorit\u00e9 des personnels.<\/strong><\/span><\/p>\n<p><span style=\"color: #000080;\"><strong>CRIM\u2019ORG \u00c0 ANN\u0152ULLIN : DES PROFILS TOUJOURS PLUS DANGEREUX, MAIS O\u00d9 SONT LES MOYENS ?<\/strong><\/span><\/p>\n<p>Le classement de notre quartier d\u2019isolement dans le dispositif <strong>\u00ab criminalit\u00e9 organis\u00e9e \u00bb<\/strong> devait-il se traduire par l\u2019accueil de profils toujours plus dangereux sans que les moyens n\u00e9cessaires ne suivent ?<\/p>\n<p>\u00c0 Ann\u0153ullin, les personnels constatent aujourd\u2019hui une r\u00e9alit\u00e9 particuli\u00e8rement pr\u00e9occupante : <strong>une charge de travail qui augmente, des profils de plus en plus difficiles \u00e0 g\u00e9rer et un secteur QI\/QD o\u00f9 les incidents se multiplient.<\/strong><\/p>\n<p>La question est d\u00e9sormais pos\u00e9e tr\u00e8s clairement :<\/p>\n<p><span style=\"color: #ff0000;\"><strong>QUE RAPPORTE CONCR\u00c8TEMENT LA \u00ab CRIM\u2019ORG \u00bb AUX PERSONNELS D\u2019ANN\u0152ULLIN ?<\/strong><\/span><\/p>\n<p>Pour nos coll\u00e8gues, le constat est amer : <strong>davantage de contraintes, davantage de risques et davantage d\u2019incidents, mais toujours pas les moyens \u00e0 la hauteur des enjeux.<\/strong><\/p>\n<p>Si l\u2019administration fait le choix de faire de certains quartiers d\u2019isolement des <strong>antichambres des quartiers de lutte contre la criminalit\u00e9 organis\u00e9e<\/strong>, alors elle doit aller jusqu\u2019au bout de sa logique.<\/p>\n<p><span style=\"color: #ff0000;\"><strong>Des profils aussi dangereux n\u00e9cessitent des moyens humains, techniques et s\u00e9curitaires adapt\u00e9s.<\/strong><\/span><\/p>\n<p>On ne peut pas demander aux personnels d\u2019Ann\u0153ullin d\u2019accueillir ces profils avec des moyens con\u00e7us pour une d\u00e9tention ordinaire.<\/p>\n<p style=\"text-align: center;\"><span style=\"color: #ff0000;\"><strong>SOIT L\u2019ADMINISTRATION ASSUME SES CHOIX ET MET LES MOYENS \u00c0 LA HAUTEUR DE LA MENACE, SOIT IL FAUT ARR\u00caTER LES FRAIS !<\/strong><\/span><\/p>\n<p><span style=\"color: #ff0000;\"><strong>FO JUSTICE SOUTIENT NOS COLL\u00c8GUES !<\/strong><\/span><\/p>\n<p><strong><span style=\"color: #ff0000;\">FO JUSTICE<\/span><\/strong> apporte son <strong>soutien total aux agents victimes de cette agression et de ces menaces<\/strong>.<\/p>\n<p>Nous saluons \u00e9galement le sang-froid et le professionnalisme de <strong>l\u2019ensemble des personnels intervenus<\/strong> pour ma\u00eetriser la situation et assurer la s\u00e9curit\u00e9 de tous.<\/p>\n<p><strong><span style=\"color: #ff0000;\">FO JUSTICE<\/span><\/strong> exige que <strong>la gravit\u00e9 de ces faits soit pleinement prise en compte<\/strong> et que les r\u00e9ponses disciplinaires et judiciaires soient \u00e0 la hauteur.<\/p>\n<p><strong>NOS COLL\u00c8GUES M\u00c9RITENT LE RESPECT.<\/strong><br \/>\n<strong>NOS COLL\u00c8GUES M\u00c9RITENT LA PROTECTION.<\/strong><br \/>\n<strong>LES AGRESSEURS DOIVENT \u00caTRE SANCTIONN\u00c9S.<\/strong><\/p>\n<p style=\"text-align: center;\"><strong><span style=\"color: #ff0000;\">FO JUSTICE NE L\u00c2CHERA RIEN !<\/span><\/strong><\/p>\n<p><a href=\"https:\/\/fojustice.fr\/web\/wp-content\/uploads\/2026\/09\/CP-LILLE-ANNOEULLIN-NOS-COLLEGUES-ENCORE-PRIS-POUR-CIBLE.pdf\">Lire le communiqu\u00e9<\/a><\/p>\n","protected":false},"excerpt":{"rendered":"<p>Ce lundi vers 12h45, lors de la distribution du repas au quartier disciplinaire, les personnels ont constat\u00e9 qu\u2019une personne d\u00e9tenue \u00e9tait en possession d\u2019un \u00ab yoyo \u00bb. Un contr\u00f4le de la cellule a alors \u00e9t\u00e9 d\u00e9cid\u00e9 afin de le r\u00e9cup\u00e9rer et de v\u00e9rifier la situation. Plac\u00e9e \u00e0 l\u2019ext\u00e9rieur de la cellule, la personne d\u00e9tenue, m\u00e9contente [&hellip;]<\/p>\n","protected":false},"author":1,"featured_media":2273,"comment_status":"open","ping_status":"open","sticky":false,"template":"","format":"standard","meta":{"_angie_page":false,"_jetpack_newsletter_access":"","_jetpack_dont_email_post_to_subs":true,"_jetpack_newsletter_tier_id":0,"_jetpack_memberships_contains_paywalled_content":false,"page_builder":"","_jetpack_feature_clip_id":0,"_jetpack_memberships_contains_paid_content":false,"footnotes":"","jetpack_post_was_ever_published":false,"_members_access_role":[],"_members_access_error":""},"categories":[31],"tags":[],"class_list":["post-51479","post","type-post","status-publish","format-standard","has-post-thumbnail","hentry","category-disp-lille"],"yoast_head":"<!-- This site is optimized with the Yoast SEO plugin v28.3 - https:\/\/yoast.com\/product\/yoast-seo-wordpress\/ -->\n<title>Prison de Lille-Annoeullin : 31 ao\u00fbt, nos coll\u00e8gues encore pris pour cibles ! - Syndicat FO Justice<\/title>\n<meta name=\"description\" content=\"Syndicat FO Justice - DISP Lille - Prison de Lille-Annoeullin : 31 ao\u00fbt, nos coll\u00e8gues encore pris pour cibles !\" \/>\n<meta name=\"robots\" content=\"index, follow, max-snippet:-1, max-image-preview:large, max-video-preview:-1\" \/>\n<link rel=\"canonical\" href=\"https:\/\/fojustice.fr\/web\/prison-de-lille-annoeullin-31-aout-nos-collegues-encore-pris-pour-cibles\/\" \/>\n<meta property=\"og:locale\" content=\"fr_FR\" \/>\n<meta property=\"og:type\" content=\"article\" \/>\n<meta property=\"og:title\" content=\"Prison de Lille-Annoeullin : 31 ao\u00fbt, nos coll\u00e8gues encore pris pour cibles ! - Syndicat FO Justice\" \/>\n<meta property=\"og:description\" content=\"Syndicat FO Justice - DISP Lille - Prison de Lille-Annoeullin : 31 ao\u00fbt, nos coll\u00e8gues encore pris pour cibles !\" \/>\n<meta property=\"og:url\" content=\"https:\/\/fojustice.fr\/web\/prison-de-lille-annoeullin-31-aout-nos-collegues-encore-pris-pour-cibles\/\" \/>\n<meta property=\"og:site_name\" content=\"Syndicat FO Justice\" \/>\n<meta property=\"article:publisher\" content=\"https:\/\/www.facebook.com\/SyndicatFoJustice\" \/>\n<meta property=\"article:published_time\" content=\"2026-09-01T14:03:08+00:00\" \/>\n<meta property=\"og:image\" content=\"https:\/\/fojustice.fr\/web\/wp-content\/uploads\/2022\/03\/prison-Annoeullin.webp\" \/>\n\t<meta property=\"og:image:width\" content=\"805\" \/>\n\t<meta property=\"og:image:height\" content=\"453\" \/>\n\t<meta property=\"og:image:type\" content=\"image\/webp\" \/>\n<meta name=\"author\" content=\"adminfojustice\" \/>\n<meta name=\"twitter:card\" content=\"summary_large_image\" \/>\n<meta name=\"twitter:creator\" content=\"@SyndFoJustice\" \/>\n<meta name=\"twitter:site\" content=\"@SyndFoJustice\" \/>\n<meta name=\"twitter:label1\" content=\"\u00c9crit par\" \/>\n\t<meta name=\"twitter:data1\" content=\"adminfojustice\" \/>\n\t<meta name=\"twitter:label2\" content=\"Dur\u00e9e de lecture estim\u00e9e\" \/>\n\t<meta name=\"twitter:data2\" content=\"4 minutes\" \/>\n<script type=\"application\/ld+json\" class=\"yoast-schema-graph\">{\"@context\":\"https:\\\/\\\/schema.org\",\"@graph\":[{\"@type\":\"NewsArticle\",\"@id\":\"https:\\\/\\\/fojustice.fr\\\/web\\\/prison-de-lille-annoeullin-31-aout-nos-collegues-encore-pris-pour-cibles\\\/#article\",\"isPartOf\":{\"@id\":\"https:\\\/\\\/fojustice.fr\\\/web\\\/prison-de-lille-annoeullin-31-aout-nos-collegues-encore-pris-pour-cibles\\\/\"},\"author\":{\"name\":\"adminfojustice\",\"@id\":\"https:\\\/\\\/fojustice.fr\\\/web\\\/#\\\/schema\\\/person\\\/a51cb9c3495ce0ca62b78fc96ac3bf9f\"},\"headline\":\"Prison de Lille-Annoeullin : 31 ao\u00fbt, nos coll\u00e8gues encore pris pour cibles !\",\"datePublished\":\"2026-09-01T14:03:08+00:00\",\"mainEntityOfPage\":{\"@id\":\"https:\\\/\\\/fojustice.fr\\\/web\\\/prison-de-lille-annoeullin-31-aout-nos-collegues-encore-pris-pour-cibles\\\/\"},\"wordCount\":754,\"commentCount\":0,\"publisher\":{\"@id\":\"https:\\\/\\\/fojustice.fr\\\/web\\\/#organization\"},\"image\":{\"@id\":\"https:\\\/\\\/fojustice.fr\\\/web\\\/prison-de-lille-annoeullin-31-aout-nos-collegues-encore-pris-pour-cibles\\\/#primaryimage\"},\"thumbnailUrl\":\"https:\\\/\\\/fojustice.fr\\\/web\\\/wp-content\\\/uploads\\\/2022\\\/03\\\/prison-Annoeullin.webp\",\"articleSection\":[\"DISP Lille\"],\"inLanguage\":\"fr-FR\",\"potentialAction\":[{\"@type\":\"CommentAction\",\"name\":\"Comment\",\"target\":[\"https:\\\/\\\/fojustice.fr\\\/web\\\/prison-de-lille-annoeullin-31-aout-nos-collegues-encore-pris-pour-cibles\\\/#respond\"]}]},{\"@type\":\"WebPage\",\"@id\":\"https:\\\/\\\/fojustice.fr\\\/web\\\/prison-de-lille-annoeullin-31-aout-nos-collegues-encore-pris-pour-cibles\\\/\",\"url\":\"https:\\\/\\\/fojustice.fr\\\/web\\\/prison-de-lille-annoeullin-31-aout-nos-collegues-encore-pris-pour-cibles\\\/\",\"name\":\"Prison de Lille-Annoeullin : 31 ao\u00fbt, nos coll\u00e8gues encore pris pour cibles ! - Syndicat FO Justice\",\"isPartOf\":{\"@id\":\"https:\\\/\\\/fojustice.fr\\\/web\\\/#website\"},\"primaryImageOfPage\":{\"@id\":\"https:\\\/\\\/fojustice.fr\\\/web\\\/prison-de-lille-annoeullin-31-aout-nos-collegues-encore-pris-pour-cibles\\\/#primaryimage\"},\"image\":{\"@id\":\"https:\\\/\\\/fojustice.fr\\\/web\\\/prison-de-lille-annoeullin-31-aout-nos-collegues-encore-pris-pour-cibles\\\/#primaryimage\"},\"thumbnailUrl\":\"https:\\\/\\\/fojustice.fr\\\/web\\\/wp-content\\\/uploads\\\/2022\\\/03\\\/prison-Annoeullin.webp\",\"datePublished\":\"2026-09-01T14:03:08+00:00\",\"description\":\"Syndicat FO Justice - DISP Lille - Prison de Lille-Annoeullin : 31 ao\u00fbt, nos coll\u00e8gues encore pris pour cibles !\",\"breadcrumb\":{\"@id\":\"https:\\\/\\\/fojustice.fr\\\/web\\\/prison-de-lille-annoeullin-31-aout-nos-collegues-encore-pris-pour-cibles\\\/#breadcrumb\"},\"inLanguage\":\"fr-FR\",\"potentialAction\":[{\"@type\":\"ReadAction\",\"target\":[\"https:\\\/\\\/fojustice.fr\\\/web\\\/prison-de-lille-annoeullin-31-aout-nos-collegues-encore-pris-pour-cibles\\\/\"]}]},{\"@type\":\"ImageObject\",\"inLanguage\":\"fr-FR\",\"@id\":\"https:\\\/\\\/fojustice.fr\\\/web\\\/prison-de-lille-annoeullin-31-aout-nos-collegues-encore-pris-pour-cibles\\\/#primaryimage\",\"url\":\"https:\\\/\\\/fojustice.fr\\\/web\\\/wp-content\\\/uploads\\\/2022\\\/03\\\/prison-Annoeullin.webp\",\"contentUrl\":\"https:\\\/\\\/fojustice.fr\\\/web\\\/wp-content\\\/uploads\\\/2022\\\/03\\\/prison-Annoeullin.webp\",\"width\":805,\"height\":453},{\"@type\":\"BreadcrumbList\",\"@id\":\"https:\\\/\\\/fojustice.fr\\\/web\\\/prison-de-lille-annoeullin-31-aout-nos-collegues-encore-pris-pour-cibles\\\/#breadcrumb\",\"itemListElement\":[{\"@type\":\"ListItem\",\"position\":1,\"name\":\"Accueil\",\"item\":\"https:\\\/\\\/fojustice.fr\\\/web\\\/\"},{\"@type\":\"ListItem\",\"position\":2,\"name\":\"Prison de Lille-Annoeullin : 31 ao\u00fbt, nos coll\u00e8gues encore pris pour cibles !\"}]},{\"@type\":\"WebSite\",\"@id\":\"https:\\\/\\\/fojustice.fr\\\/web\\\/#website\",\"url\":\"https:\\\/\\\/fojustice.fr\\\/web\\\/\",\"name\":\"Syndicat FO Justice\",\"description\":\"Site du Syndicat National FO Justice\",\"publisher\":{\"@id\":\"https:\\\/\\\/fojustice.fr\\\/web\\\/#organization\"},\"alternateName\":\"Syndicat National FO Justice\",\"potentialAction\":[{\"@type\":\"SearchAction\",\"target\":{\"@type\":\"EntryPoint\",\"urlTemplate\":\"https:\\\/\\\/fojustice.fr\\\/web\\\/?s={search_term_string}\"},\"query-input\":{\"@type\":\"PropertyValueSpecification\",\"valueRequired\":true,\"valueName\":\"search_term_string\"}}],\"inLanguage\":\"fr-FR\"},{\"@type\":\"Organization\",\"@id\":\"https:\\\/\\\/fojustice.fr\\\/web\\\/#organization\",\"name\":\"Syndicat National FO Justice\",\"alternateName\":\"Syndicat National FO Justice\",\"url\":\"https:\\\/\\\/fojustice.fr\\\/web\\\/\",\"logo\":{\"@type\":\"ImageObject\",\"inLanguage\":\"fr-FR\",\"@id\":\"https:\\\/\\\/fojustice.fr\\\/web\\\/#\\\/schema\\\/logo\\\/image\\\/\",\"url\":\"https:\\\/\\\/fojustice.fr\\\/web\\\/wp-content\\\/uploads\\\/2022\\\/03\\\/logo-fo-justice.png\",\"contentUrl\":\"https:\\\/\\\/fojustice.fr\\\/web\\\/wp-content\\\/uploads\\\/2022\\\/03\\\/logo-fo-justice.png\",\"width\":800,\"height\":800,\"caption\":\"Syndicat National FO Justice\"},\"image\":{\"@id\":\"https:\\\/\\\/fojustice.fr\\\/web\\\/#\\\/schema\\\/logo\\\/image\\\/\"},\"sameAs\":[\"https:\\\/\\\/www.facebook.com\\\/SyndicatFoJustice\",\"https:\\\/\\\/x.com\\\/SyndFoJustice\"]},{\"@type\":\"Person\",\"@id\":\"https:\\\/\\\/fojustice.fr\\\/web\\\/#\\\/schema\\\/person\\\/a51cb9c3495ce0ca62b78fc96ac3bf9f\",\"name\":\"adminfojustice\",\"image\":{\"@type\":\"ImageObject\",\"inLanguage\":\"fr-FR\",\"@id\":\"https:\\\/\\\/secure.gravatar.com\\\/avatar\\\/368884c0ecc46e53d83c0c3c0af4c6c30a6bbc2aab7535848950f43a950bfd4e?s=96&d=mm&r=g\",\"url\":\"https:\\\/\\\/secure.gravatar.com\\\/avatar\\\/368884c0ecc46e53d83c0c3c0af4c6c30a6bbc2aab7535848950f43a950bfd4e?s=96&d=mm&r=g\",\"contentUrl\":\"https:\\\/\\\/secure.gravatar.com\\\/avatar\\\/368884c0ecc46e53d83c0c3c0af4c6c30a6bbc2aab7535848950f43a950bfd4e?s=96&d=mm&r=g\",\"caption\":\"adminfojustice\"},\"sameAs\":[\"https:\\\/\\\/www.fojustice.fr\\\/web\"],\"url\":\"https:\\\/\\\/fojustice.fr\\\/web\\\/author\\\/adminfojustice\\\/\"}]}<\/script>\n<!-- \/ Yoast SEO plugin. -->","yoast_head_json":{"title":"Prison de Lille-Annoeullin : 31 ao\u00fbt, nos coll\u00e8gues encore pris pour cibles ! - Syndicat FO Justice","description":"Syndicat FO Justice - DISP Lille - Prison de Lille-Annoeullin : 31 ao\u00fbt, nos coll\u00e8gues encore pris pour cibles !","robots":{"index":"index","follow":"follow","max-snippet":"max-snippet:-1","max-image-preview":"max-image-preview:large","max-video-preview":"max-video-preview:-1"},"canonical":"https:\/\/fojustice.fr\/web\/prison-de-lille-annoeullin-31-aout-nos-collegues-encore-pris-pour-cibles\/","og_locale":"fr_FR","og_type":"article","og_title":"Prison de Lille-Annoeullin : 31 ao\u00fbt, nos coll\u00e8gues encore pris pour cibles ! - Syndicat FO Justice","og_description":"Syndicat FO Justice - DISP Lille - Prison de Lille-Annoeullin : 31 ao\u00fbt, nos coll\u00e8gues encore pris pour cibles !","og_url":"https:\/\/fojustice.fr\/web\/prison-de-lille-annoeullin-31-aout-nos-collegues-encore-pris-pour-cibles\/","og_site_name":"Syndicat FO Justice","article_publisher":"https:\/\/www.facebook.com\/SyndicatFoJustice","article_published_time":"2026-09-01T14:03:08+00:00","og_image":[{"width":805,"height":453,"url":"https:\/\/fojustice.fr\/web\/wp-content\/uploads\/2022\/03\/prison-Annoeullin.webp","type":"image\/webp"}],"author":"adminfojustice","twitter_card":"summary_large_image","twitter_creator":"@SyndFoJustice","twitter_site":"@SyndFoJustice","twitter_misc":{"\u00c9crit par":"adminfojustice","Dur\u00e9e de lecture estim\u00e9e":"4 minutes"},"schema":{"@context":"https:\/\/schema.org","@graph":[{"@type":"NewsArticle","@id":"https:\/\/fojustice.fr\/web\/prison-de-lille-annoeullin-31-aout-nos-collegues-encore-pris-pour-cibles\/#article","isPartOf":{"@id":"https:\/\/fojustice.fr\/web\/prison-de-lille-annoeullin-31-aout-nos-collegues-encore-pris-pour-cibles\/"},"author":{"name":"adminfojustice","@id":"https:\/\/fojustice.fr\/web\/#\/schema\/person\/a51cb9c3495ce0ca62b78fc96ac3bf9f"},"headline":"Prison de Lille-Annoeullin : 31 ao\u00fbt, nos coll\u00e8gues encore pris pour cibles !","datePublished":"2026-09-01T14:03:08+00:00","mainEntityOfPage":{"@id":"https:\/\/fojustice.fr\/web\/prison-de-lille-annoeullin-31-aout-nos-collegues-encore-pris-pour-cibles\/"},"wordCount":754,"commentCount":0,"publisher":{"@id":"https:\/\/fojustice.fr\/web\/#organization"},"image":{"@id":"https:\/\/fojustice.fr\/web\/prison-de-lille-annoeullin-31-aout-nos-collegues-encore-pris-pour-cibles\/#primaryimage"},"thumbnailUrl":"https:\/\/fojustice.fr\/web\/wp-content\/uploads\/2022\/03\/prison-Annoeullin.webp","articleSection":["DISP Lille"],"inLanguage":"fr-FR","potentialAction":[{"@type":"CommentAction","name":"Comment","target":["https:\/\/fojustice.fr\/web\/prison-de-lille-annoeullin-31-aout-nos-collegues-encore-pris-pour-cibles\/#respond"]}]},{"@type":"WebPage","@id":"https:\/\/fojustice.fr\/web\/prison-de-lille-annoeullin-31-aout-nos-collegues-encore-pris-pour-cibles\/","url":"https:\/\/fojustice.fr\/web\/prison-de-lille-annoeullin-31-aout-nos-collegues-encore-pris-pour-cibles\/","name":"Prison de Lille-Annoeullin : 31 ao\u00fbt, nos coll\u00e8gues encore pris pour cibles ! - Syndicat FO Justice","isPartOf":{"@id":"https:\/\/fojustice.fr\/web\/#website"},"primaryImageOfPage":{"@id":"https:\/\/fojustice.fr\/web\/prison-de-lille-annoeullin-31-aout-nos-collegues-encore-pris-pour-cibles\/#primaryimage"},"image":{"@id":"https:\/\/fojustice.fr\/web\/prison-de-lille-annoeullin-31-aout-nos-collegues-encore-pris-pour-cibles\/#primaryimage"},"thumbnailUrl":"https:\/\/fojustice.fr\/web\/wp-content\/uploads\/2022\/03\/prison-Annoeullin.webp","datePublished":"2026-09-01T14:03:08+00:00","description":"Syndicat FO Justice - DISP Lille - Prison de Lille-Annoeullin : 31 ao\u00fbt, nos coll\u00e8gues encore pris pour cibles !","breadcrumb":{"@id":"https:\/\/fojustice.fr\/web\/prison-de-lille-annoeullin-31-aout-nos-collegues-encore-pris-pour-cibles\/#breadcrumb"},"inLanguage":"fr-FR","potentialAction":[{"@type":"ReadAction","target":["https:\/\/fojustice.fr\/web\/prison-de-lille-annoeullin-31-aout-nos-collegues-encore-pris-pour-cibles\/"]}]},{"@type":"ImageObject","inLanguage":"fr-FR","@id":"https:\/\/fojustice.fr\/web\/prison-de-lille-annoeullin-31-aout-nos-collegues-encore-pris-pour-cibles\/#primaryimage","url":"https:\/\/fojustice.fr\/web\/wp-content\/uploads\/2022\/03\/prison-Annoeullin.webp","contentUrl":"https:\/\/fojustice.fr\/web\/wp-content\/uploads\/2022\/03\/prison-Annoeullin.webp","width":805,"height":453},{"@type":"BreadcrumbList","@id":"https:\/\/fojustice.fr\/web\/prison-de-lille-annoeullin-31-aout-nos-collegues-encore-pris-pour-cibles\/#breadcrumb","itemListElement":[{"@type":"ListItem","position":1,"name":"Accueil","item":"https:\/\/fojustice.fr\/web\/"},{"@type":"ListItem","position":2,"name":"Prison de Lille-Annoeullin : 31 ao\u00fbt, nos coll\u00e8gues encore pris pour cibles !"}]},{"@type":"WebSite","@id":"https:\/\/fojustice.fr\/web\/#website","url":"https:\/\/fojustice.fr\/web\/","name":"Syndicat FO Justice","description":"Site du Syndicat National FO Justice","publisher":{"@id":"https:\/\/fojustice.fr\/web\/#organization"},"alternateName":"Syndicat National FO Justice","potentialAction":[{"@type":"SearchAction","target":{"@type":"EntryPoint","urlTemplate":"https:\/\/fojustice.fr\/web\/?s={search_term_string}"},"query-input":{"@type":"PropertyValueSpecification","valueRequired":true,"valueName":"search_term_string"}}],"inLanguage":"fr-FR"},{"@type":"Organization","@id":"https:\/\/fojustice.fr\/web\/#organization","name":"Syndicat National FO Justice","alternateName":"Syndicat National FO Justice","url":"https:\/\/fojustice.fr\/web\/","logo":{"@type":"ImageObject","inLanguage":"fr-FR","@id":"https:\/\/fojustice.fr\/web\/#\/schema\/logo\/image\/","url":"https:\/\/fojustice.fr\/web\/wp-content\/uploads\/2022\/03\/logo-fo-justice.png","contentUrl":"https:\/\/fojustice.fr\/web\/wp-content\/uploads\/2022\/03\/logo-fo-justice.png","width":800,"height":800,"caption":"Syndicat National FO Justice"},"image":{"@id":"https:\/\/fojustice.fr\/web\/#\/schema\/logo\/image\/"},"sameAs":["https:\/\/www.facebook.com\/SyndicatFoJustice","https:\/\/x.com\/SyndFoJustice"]},{"@type":"Person","@id":"https:\/\/fojustice.fr\/web\/#\/schema\/person\/a51cb9c3495ce0ca62b78fc96ac3bf9f","name":"adminfojustice","image":{"@type":"ImageObject","inLanguage":"fr-FR","@id":"https:\/\/secure.gravatar.com\/avatar\/368884c0ecc46e53d83c0c3c0af4c6c30a6bbc2aab7535848950f43a950bfd4e?s=96&d=mm&r=g","url":"https:\/\/secure.gravatar.com\/avatar\/368884c0ecc46e53d83c0c3c0af4c6c30a6bbc2aab7535848950f43a950bfd4e?s=96&d=mm&r=g","contentUrl":"https:\/\/secure.gravatar.com\/avatar\/368884c0ecc46e53d83c0c3c0af4c6c30a6bbc2aab7535848950f43a950bfd4e?s=96&d=mm&r=g","caption":"adminfojustice"},"sameAs":["https:\/\/www.fojustice.fr\/web"],"url":"https:\/\/fojustice.fr\/web\/author\/adminfojustice\/"}]}},"jetpack_shortlink":"https:\/\/wp.me\/pdNWl1-doj","jetpack_sharing_enabled":true,"jetpack_featured_media_url":"https:\/\/fojustice.fr\/web\/wp-content\/uploads\/2022\/03\/prison-Annoeullin.webp","_links":{"self":[{"href":"https:\/\/fojustice.fr\/web\/wp-json\/wp\/v2\/posts\/51479","targetHints":{"allow":["GET"]}}],"collection":[{"href":"https:\/\/fojustice.fr\/web\/wp-json\/wp\/v2\/posts"}],"about":[{"href":"https:\/\/fojustice.fr\/web\/wp-json\/wp\/v2\/types\/post"}],"author":[{"embeddable":true,"href":"https:\/\/fojustice.fr\/web\/wp-json\/wp\/v2\/users\/1"}],"replies":[{"embeddable":true,"href":"https:\/\/fojustice.fr\/web\/wp-json\/wp\/v2\/comments?post=51479"}],"version-history":[{"count":1,"href":"https:\/\/fojustice.fr\/web\/wp-json\/wp\/v2\/posts\/51479\/revisions"}],"predecessor-version":[{"id":51481,"href":"https:\/\/fojustice.fr\/web\/wp-json\/wp\/v2\/posts\/51479\/revisions\/51481"}],"wp:featuredmedia":[{"embeddable":true,"href":"https:\/\/fojustice.fr\/web\/wp-json\/wp\/v2\/media\/2273"}],"wp:attachment":[{"href":"https:\/\/fojustice.fr\/web\/wp-json\/wp\/v2\/media?parent=51479"}],"wp:term":[{"taxonomy":"category","embeddable":true,"href":"https:\/\/fojustice.fr\/web\/wp-json\/wp\/v2\/categories?post=51479"},{"taxonomy":"post_tag","embeddable":true,"href":"https:\/\/fojustice.fr\/web\/wp-json\/wp\/v2\/tags?post=51479"}],"curies":[{"name":"wp","href":"https:\/\/api.w.org\/{rel}","templated":true}]}}