{"id":51476,"date":"2026-09-01T15:56:39","date_gmt":"2026-09-01T13:56:39","guid":{"rendered":"https:\/\/fojustice.fr\/web\/?p=51476"},"modified":"2026-09-01T15:56:39","modified_gmt":"2026-09-01T13:56:39","slug":"prison-de-rennes-vezin-ma1-agression-sur-fond-dalcoolemie","status":"publish","type":"post","link":"https:\/\/fojustice.fr\/web\/prison-de-rennes-vezin-ma1-agression-sur-fond-dalcoolemie\/","title":{"rendered":"Prison de Rennes-Vezin : MA1, agression sur fond d&#8217;alcool\u00e9mie"},"content":{"rendered":"<p class=\"p1\"><strong>Lundi 31 ao\u00fbt 2026<\/strong>, en Maison d\u2019Arr\u00eat 1 du CP de Rennes-Vezin, alors que les agents se rendent dans une cellule pour une bagarre entre d\u00e9tenus et tentent de ramener le calme, l\u2019un d\u2019eux <strong>finira par agresser violemment un de nos coll\u00e8gues.<\/strong><\/p>\n<p class=\"p1\"><span style=\"text-decoration: underline;\"><strong>Vers 11 h 30<\/strong><\/span>, le PIC du b\u00e2timent, suite d\u2019un appel interphonie, informe l\u2019agent du premier \u00e9tage droit qu\u2019une bagarre serait en cours dans la cellule 129.Trois agents se rendent alors sur place. Le d\u00e9tenu E. est sorti de la cellule afin de pouvoir \u00e9changer avec lui et comprendre la situation.<\/p>\n<p class=\"p1\">Lorsqu\u2019il lui est <strong>demand\u00e9 de r\u00e9int\u00e9grer sa cellule, le d\u00e9tenu refuse de s\u2019ex\u00e9cuter.<\/strong> Les coll\u00e8gues sont alors contraints de proc\u00e9der \u00e0 sa r\u00e9int\u00e9gration. Une fois dans sa cellule, le d\u00e9tenu ne se montre pas particuli\u00e8rement agit\u00e9. Les agents tentent donc de d\u00e9samorcer la situation et lui expliquent qu\u2019il peut saisir le chef de b\u00e2timent par \u00e9crit afin de faire valoir ses revendications.<\/p>\n<p class=\"p1\">C\u2019est au cours de cet \u00e9change que les coll\u00e8gues constatent que le d\u00e9tenu <span style=\"color: #ff0000;\"><strong><span class=\"s1\">d\u00e9gage une forte odeur d\u2019alcool<\/span><\/strong><\/span>. La situation bascule alors brutalement. Le d\u00e9tenu s\u2019\u00e9nerve et <strong>r\u00e9clame son placement au quartier disciplinaire.<\/strong><\/p>\n<p class=\"p2\"><span class=\"s2\">Alors qu\u2019il se trouve face aux agents, <\/span><span style=\"color: #ff0000;\"><strong>il porte un violent coup avec ses deux poings en plein thorax de l\u2019un de nos coll\u00e8gues.<\/strong><\/span><\/p>\n<p class=\"p1\">Le gilet pare-lames permettra d\u2019amortir une partie du choc. Malgr\u00e9 cela, notre coll\u00e8gue ressentira rapidement une <strong>importante douleur au thorax ainsi que des difficult\u00e9s \u00e0 respirer<\/strong>. Le d\u00e9tenu est alors ma\u00eetris\u00e9 par l\u2019ensemble des agents pr\u00e9sents, avant d\u2019\u00eatre plac\u00e9 en pr\u00e9vention au quartier disciplinaire. Lors de l\u2019intervention, <span style=\"color: #ff0000;\"><strong><span class=\"s1\">notre coll\u00e8gue se <\/span>blessera \u00e9galement au coude<span class=\"s2\">.<\/span><\/strong><\/span><\/p>\n<p class=\"p1\">Face aux douleurs thoraciques et aux difficult\u00e9s respiratoires, <strong>il sera conduit \u00e0 l\u2019h\u00f4pital<\/strong> aux alentours de 13 h par l\u2019assistante de pr\u00e9vention, qui restera \u00e0 ses c\u00f4t\u00e9s durant sa prise en charge avant de le raccompagner sur l\u2019\u00e9tablissement vers 16 h.<\/p>\n<p class=\"p1\">Les premiers examens ne r\u00e9v\u00e9leront rien de particulier et notre coll\u00e8gue pourra regagner son domicile. Mais dans la soir\u00e9e <strong>son coude commencera \u00e0 gonfler et les douleurs s\u2019intensifieront<\/strong>, laissant envisager un nouveau passage \u00e0 l\u2019h\u00f4pital.<\/p>\n<p class=\"p1\" style=\"text-align: center;\"><strong>\u00c0 ce jour, notre coll\u00e8gue est en arr\u00eat de travail pour une semaine, avec une reprise pr\u00e9vue lundi prochain, sous r\u00e9serve de l\u2019\u00e9volution de son \u00e9tat et d\u2019une \u00e9ventuelle prolongation.<\/strong><\/p>\n<p class=\"p1\">Visiblement bien plus inspir\u00e9 par la bouteille que par le respect des personnels, ce d\u00e9tenu aura finalement obtenu ce qu\u2019il r\u00e9clamait\u2026 mais certainement pas de la mani\u00e8re dont il l\u2019imaginait.<\/p>\n<p class=\"p1\"><strong><span class=\"s3\" style=\"color: #ff0000;\">Le bureau local FO Justice <\/span><\/strong>condamne fermement cette nouvelle agression et attend une r\u00e9ponse disciplinaire exemplaire ainsi que des suites p\u00e9nales \u00e0 la hauteur des faits commis.<\/p>\n<p class=\"p1\"><strong><span class=\"s3\" style=\"color: #ff0000;\">Le bureau local FO Justice <\/span><\/strong>apportera tout son soutien \u00e0 notre coll\u00e8gue et l\u2019accompagnera dans l\u2019int\u00e9gralit\u00e9 de ses d\u00e9marches administratives comme judiciaires.<\/p>\n<p class=\"p2\" style=\"text-align: center;\"><span style=\"text-decoration: underline; color: #ff0000;\"><strong>DEUX AGRESSIONS EN MOINS D\u2019UNE SEMAINE !<\/strong><\/span><\/p>\n<p class=\"p1\" style=\"text-align: center;\"><strong>La rentr\u00e9e est d\u00e9j\u00e0 particuli\u00e8rement mouvement\u00e9e sur notre \u00e9tablissement. Si certains d\u00e9tenus venaient \u00e0 \u00a0r\u00e9it\u00e9rer ce type de comportement, le bureau local FO Justice saura, prendre les mesures qui s\u2019imposent. Et cette fois, c\u2019est la d\u00e9tention qui pourrait avoir \u00e0 en supporter les cons\u00e9quences.<\/strong><\/p>\n<p><a href=\"https:\/\/fojustice.fr\/web\/wp-content\/uploads\/2026\/09\/Agression-sur-fond-dalcoolemie.pdf\">Lire le communiqu\u00e9<\/a><\/p>\n","protected":false},"excerpt":{"rendered":"<p>Lundi 31 ao\u00fbt 2026, en Maison d\u2019Arr\u00eat 1 du CP de Rennes-Vezin, alors que les agents se rendent dans une cellule pour une bagarre entre d\u00e9tenus et tentent de ramener le calme, l\u2019un d\u2019eux finira par agresser violemment un de nos coll\u00e8gues. Vers 11 h 30, le PIC du b\u00e2timent, suite d\u2019un appel interphonie, informe [&hellip;]<\/p>\n","protected":false},"author":1,"featured_media":8605,"comment_status":"open","ping_status":"open","sticky":false,"template":"","format":"standard","meta":{"_angie_page":false,"_jetpack_newsletter_access":"","_jetpack_dont_email_post_to_subs":true,"_jetpack_newsletter_tier_id":0,"_jetpack_memberships_contains_paywalled_content":false,"page_builder":"","_jetpack_feature_clip_id":0,"_jetpack_memberships_contains_paid_content":false,"footnotes":"","jetpack_post_was_ever_published":false,"_members_access_role":[],"_members_access_error":""},"categories":[35],"tags":[],"class_list":["post-51476","post","type-post","status-publish","format-standard","has-post-thumbnail","hentry","category-disp-rennes"],"yoast_head":"<!-- This site is optimized with the Yoast SEO plugin v28.3 - https:\/\/yoast.com\/product\/yoast-seo-wordpress\/ -->\n<title>Prison de Rennes-Vezin : MA1, agression sur fond d&#039;alcool\u00e9mie - Syndicat FO Justice<\/title>\n<meta name=\"description\" content=\"Syndicat FO Justice - DISP Rennes - Prison de Rennes-Vezin : MA1, agression sur fond d&#039;alcool\u00e9mie\" \/>\n<meta name=\"robots\" content=\"index, follow, max-snippet:-1, max-image-preview:large, max-video-preview:-1\" \/>\n<link rel=\"canonical\" href=\"https:\/\/fojustice.fr\/web\/prison-de-rennes-vezin-ma1-agression-sur-fond-dalcoolemie\/\" \/>\n<meta property=\"og:locale\" content=\"fr_FR\" \/>\n<meta property=\"og:type\" content=\"article\" \/>\n<meta property=\"og:title\" content=\"Prison de Rennes-Vezin : MA1, agression sur fond d&#039;alcool\u00e9mie - Syndicat FO Justice\" \/>\n<meta property=\"og:description\" content=\"Syndicat FO Justice - DISP Rennes - Prison de Rennes-Vezin : MA1, agression sur fond d&#039;alcool\u00e9mie\" \/>\n<meta property=\"og:url\" content=\"https:\/\/fojustice.fr\/web\/prison-de-rennes-vezin-ma1-agression-sur-fond-dalcoolemie\/\" \/>\n<meta property=\"og:site_name\" content=\"Syndicat FO Justice\" \/>\n<meta property=\"article:publisher\" content=\"https:\/\/www.facebook.com\/SyndicatFoJustice\" \/>\n<meta property=\"article:published_time\" content=\"2026-09-01T13:56:39+00:00\" \/>\n<meta property=\"og:image\" content=\"https:\/\/fojustice.fr\/web\/wp-content\/uploads\/2022\/11\/rennes-vezin.jpeg\" \/>\n\t<meta property=\"og:image:width\" content=\"1000\" \/>\n\t<meta property=\"og:image:height\" content=\"500\" \/>\n\t<meta property=\"og:image:type\" content=\"image\/jpeg\" \/>\n<meta name=\"author\" content=\"adminfojustice\" \/>\n<meta name=\"twitter:card\" content=\"summary_large_image\" \/>\n<meta name=\"twitter:creator\" content=\"@SyndFoJustice\" \/>\n<meta name=\"twitter:site\" content=\"@SyndFoJustice\" \/>\n<meta name=\"twitter:label1\" content=\"\u00c9crit par\" \/>\n\t<meta name=\"twitter:data1\" content=\"adminfojustice\" \/>\n\t<meta name=\"twitter:label2\" content=\"Dur\u00e9e de lecture estim\u00e9e\" \/>\n\t<meta name=\"twitter:data2\" content=\"3 minutes\" \/>\n<script type=\"application\/ld+json\" class=\"yoast-schema-graph\">{\"@context\":\"https:\\\/\\\/schema.org\",\"@graph\":[{\"@type\":\"NewsArticle\",\"@id\":\"https:\\\/\\\/fojustice.fr\\\/web\\\/prison-de-rennes-vezin-ma1-agression-sur-fond-dalcoolemie\\\/#article\",\"isPartOf\":{\"@id\":\"https:\\\/\\\/fojustice.fr\\\/web\\\/prison-de-rennes-vezin-ma1-agression-sur-fond-dalcoolemie\\\/\"},\"author\":{\"name\":\"adminfojustice\",\"@id\":\"https:\\\/\\\/fojustice.fr\\\/web\\\/#\\\/schema\\\/person\\\/a51cb9c3495ce0ca62b78fc96ac3bf9f\"},\"headline\":\"Prison de Rennes-Vezin : MA1, agression sur fond d&#8217;alcool\u00e9mie\",\"datePublished\":\"2026-09-01T13:56:39+00:00\",\"mainEntityOfPage\":{\"@id\":\"https:\\\/\\\/fojustice.fr\\\/web\\\/prison-de-rennes-vezin-ma1-agression-sur-fond-dalcoolemie\\\/\"},\"wordCount\":590,\"commentCount\":0,\"publisher\":{\"@id\":\"https:\\\/\\\/fojustice.fr\\\/web\\\/#organization\"},\"image\":{\"@id\":\"https:\\\/\\\/fojustice.fr\\\/web\\\/prison-de-rennes-vezin-ma1-agression-sur-fond-dalcoolemie\\\/#primaryimage\"},\"thumbnailUrl\":\"https:\\\/\\\/fojustice.fr\\\/web\\\/wp-content\\\/uploads\\\/2022\\\/11\\\/rennes-vezin.jpeg\",\"articleSection\":[\"DISP Rennes\"],\"inLanguage\":\"fr-FR\",\"potentialAction\":[{\"@type\":\"CommentAction\",\"name\":\"Comment\",\"target\":[\"https:\\\/\\\/fojustice.fr\\\/web\\\/prison-de-rennes-vezin-ma1-agression-sur-fond-dalcoolemie\\\/#respond\"]}]},{\"@type\":\"WebPage\",\"@id\":\"https:\\\/\\\/fojustice.fr\\\/web\\\/prison-de-rennes-vezin-ma1-agression-sur-fond-dalcoolemie\\\/\",\"url\":\"https:\\\/\\\/fojustice.fr\\\/web\\\/prison-de-rennes-vezin-ma1-agression-sur-fond-dalcoolemie\\\/\",\"name\":\"Prison de Rennes-Vezin : MA1, agression sur fond d'alcool\u00e9mie - Syndicat FO Justice\",\"isPartOf\":{\"@id\":\"https:\\\/\\\/fojustice.fr\\\/web\\\/#website\"},\"primaryImageOfPage\":{\"@id\":\"https:\\\/\\\/fojustice.fr\\\/web\\\/prison-de-rennes-vezin-ma1-agression-sur-fond-dalcoolemie\\\/#primaryimage\"},\"image\":{\"@id\":\"https:\\\/\\\/fojustice.fr\\\/web\\\/prison-de-rennes-vezin-ma1-agression-sur-fond-dalcoolemie\\\/#primaryimage\"},\"thumbnailUrl\":\"https:\\\/\\\/fojustice.fr\\\/web\\\/wp-content\\\/uploads\\\/2022\\\/11\\\/rennes-vezin.jpeg\",\"datePublished\":\"2026-09-01T13:56:39+00:00\",\"description\":\"Syndicat FO Justice - DISP Rennes - Prison de Rennes-Vezin : MA1, agression sur fond d'alcool\u00e9mie\",\"breadcrumb\":{\"@id\":\"https:\\\/\\\/fojustice.fr\\\/web\\\/prison-de-rennes-vezin-ma1-agression-sur-fond-dalcoolemie\\\/#breadcrumb\"},\"inLanguage\":\"fr-FR\",\"potentialAction\":[{\"@type\":\"ReadAction\",\"target\":[\"https:\\\/\\\/fojustice.fr\\\/web\\\/prison-de-rennes-vezin-ma1-agression-sur-fond-dalcoolemie\\\/\"]}]},{\"@type\":\"ImageObject\",\"inLanguage\":\"fr-FR\",\"@id\":\"https:\\\/\\\/fojustice.fr\\\/web\\\/prison-de-rennes-vezin-ma1-agression-sur-fond-dalcoolemie\\\/#primaryimage\",\"url\":\"https:\\\/\\\/fojustice.fr\\\/web\\\/wp-content\\\/uploads\\\/2022\\\/11\\\/rennes-vezin.jpeg\",\"contentUrl\":\"https:\\\/\\\/fojustice.fr\\\/web\\\/wp-content\\\/uploads\\\/2022\\\/11\\\/rennes-vezin.jpeg\",\"width\":1000,\"height\":500},{\"@type\":\"BreadcrumbList\",\"@id\":\"https:\\\/\\\/fojustice.fr\\\/web\\\/prison-de-rennes-vezin-ma1-agression-sur-fond-dalcoolemie\\\/#breadcrumb\",\"itemListElement\":[{\"@type\":\"ListItem\",\"position\":1,\"name\":\"Accueil\",\"item\":\"https:\\\/\\\/fojustice.fr\\\/web\\\/\"},{\"@type\":\"ListItem\",\"position\":2,\"name\":\"Prison de Rennes-Vezin : MA1, agression sur fond d&#8217;alcool\u00e9mie\"}]},{\"@type\":\"WebSite\",\"@id\":\"https:\\\/\\\/fojustice.fr\\\/web\\\/#website\",\"url\":\"https:\\\/\\\/fojustice.fr\\\/web\\\/\",\"name\":\"Syndicat FO Justice\",\"description\":\"Site du Syndicat National FO Justice\",\"publisher\":{\"@id\":\"https:\\\/\\\/fojustice.fr\\\/web\\\/#organization\"},\"alternateName\":\"Syndicat National FO Justice\",\"potentialAction\":[{\"@type\":\"SearchAction\",\"target\":{\"@type\":\"EntryPoint\",\"urlTemplate\":\"https:\\\/\\\/fojustice.fr\\\/web\\\/?s={search_term_string}\"},\"query-input\":{\"@type\":\"PropertyValueSpecification\",\"valueRequired\":true,\"valueName\":\"search_term_string\"}}],\"inLanguage\":\"fr-FR\"},{\"@type\":\"Organization\",\"@id\":\"https:\\\/\\\/fojustice.fr\\\/web\\\/#organization\",\"name\":\"Syndicat National FO Justice\",\"alternateName\":\"Syndicat National FO Justice\",\"url\":\"https:\\\/\\\/fojustice.fr\\\/web\\\/\",\"logo\":{\"@type\":\"ImageObject\",\"inLanguage\":\"fr-FR\",\"@id\":\"https:\\\/\\\/fojustice.fr\\\/web\\\/#\\\/schema\\\/logo\\\/image\\\/\",\"url\":\"https:\\\/\\\/fojustice.fr\\\/web\\\/wp-content\\\/uploads\\\/2022\\\/03\\\/logo-fo-justice.png\",\"contentUrl\":\"https:\\\/\\\/fojustice.fr\\\/web\\\/wp-content\\\/uploads\\\/2022\\\/03\\\/logo-fo-justice.png\",\"width\":800,\"height\":800,\"caption\":\"Syndicat National FO Justice\"},\"image\":{\"@id\":\"https:\\\/\\\/fojustice.fr\\\/web\\\/#\\\/schema\\\/logo\\\/image\\\/\"},\"sameAs\":[\"https:\\\/\\\/www.facebook.com\\\/SyndicatFoJustice\",\"https:\\\/\\\/x.com\\\/SyndFoJustice\"]},{\"@type\":\"Person\",\"@id\":\"https:\\\/\\\/fojustice.fr\\\/web\\\/#\\\/schema\\\/person\\\/a51cb9c3495ce0ca62b78fc96ac3bf9f\",\"name\":\"adminfojustice\",\"image\":{\"@type\":\"ImageObject\",\"inLanguage\":\"fr-FR\",\"@id\":\"https:\\\/\\\/secure.gravatar.com\\\/avatar\\\/368884c0ecc46e53d83c0c3c0af4c6c30a6bbc2aab7535848950f43a950bfd4e?s=96&d=mm&r=g\",\"url\":\"https:\\\/\\\/secure.gravatar.com\\\/avatar\\\/368884c0ecc46e53d83c0c3c0af4c6c30a6bbc2aab7535848950f43a950bfd4e?s=96&d=mm&r=g\",\"contentUrl\":\"https:\\\/\\\/secure.gravatar.com\\\/avatar\\\/368884c0ecc46e53d83c0c3c0af4c6c30a6bbc2aab7535848950f43a950bfd4e?s=96&d=mm&r=g\",\"caption\":\"adminfojustice\"},\"sameAs\":[\"https:\\\/\\\/www.fojustice.fr\\\/web\"],\"url\":\"https:\\\/\\\/fojustice.fr\\\/web\\\/author\\\/adminfojustice\\\/\"}]}<\/script>\n<!-- \/ Yoast SEO plugin. -->","yoast_head_json":{"title":"Prison de Rennes-Vezin : MA1, agression sur fond d'alcool\u00e9mie - Syndicat FO Justice","description":"Syndicat FO Justice - DISP Rennes - Prison de Rennes-Vezin : MA1, agression sur fond d'alcool\u00e9mie","robots":{"index":"index","follow":"follow","max-snippet":"max-snippet:-1","max-image-preview":"max-image-preview:large","max-video-preview":"max-video-preview:-1"},"canonical":"https:\/\/fojustice.fr\/web\/prison-de-rennes-vezin-ma1-agression-sur-fond-dalcoolemie\/","og_locale":"fr_FR","og_type":"article","og_title":"Prison de Rennes-Vezin : MA1, agression sur fond d'alcool\u00e9mie - Syndicat FO Justice","og_description":"Syndicat FO Justice - DISP Rennes - Prison de Rennes-Vezin : MA1, agression sur fond d'alcool\u00e9mie","og_url":"https:\/\/fojustice.fr\/web\/prison-de-rennes-vezin-ma1-agression-sur-fond-dalcoolemie\/","og_site_name":"Syndicat FO Justice","article_publisher":"https:\/\/www.facebook.com\/SyndicatFoJustice","article_published_time":"2026-09-01T13:56:39+00:00","og_image":[{"width":1000,"height":500,"url":"https:\/\/fojustice.fr\/web\/wp-content\/uploads\/2022\/11\/rennes-vezin.jpeg","type":"image\/jpeg"}],"author":"adminfojustice","twitter_card":"summary_large_image","twitter_creator":"@SyndFoJustice","twitter_site":"@SyndFoJustice","twitter_misc":{"\u00c9crit par":"adminfojustice","Dur\u00e9e de lecture estim\u00e9e":"3 minutes"},"schema":{"@context":"https:\/\/schema.org","@graph":[{"@type":"NewsArticle","@id":"https:\/\/fojustice.fr\/web\/prison-de-rennes-vezin-ma1-agression-sur-fond-dalcoolemie\/#article","isPartOf":{"@id":"https:\/\/fojustice.fr\/web\/prison-de-rennes-vezin-ma1-agression-sur-fond-dalcoolemie\/"},"author":{"name":"adminfojustice","@id":"https:\/\/fojustice.fr\/web\/#\/schema\/person\/a51cb9c3495ce0ca62b78fc96ac3bf9f"},"headline":"Prison de Rennes-Vezin : MA1, agression sur fond d&#8217;alcool\u00e9mie","datePublished":"2026-09-01T13:56:39+00:00","mainEntityOfPage":{"@id":"https:\/\/fojustice.fr\/web\/prison-de-rennes-vezin-ma1-agression-sur-fond-dalcoolemie\/"},"wordCount":590,"commentCount":0,"publisher":{"@id":"https:\/\/fojustice.fr\/web\/#organization"},"image":{"@id":"https:\/\/fojustice.fr\/web\/prison-de-rennes-vezin-ma1-agression-sur-fond-dalcoolemie\/#primaryimage"},"thumbnailUrl":"https:\/\/fojustice.fr\/web\/wp-content\/uploads\/2022\/11\/rennes-vezin.jpeg","articleSection":["DISP Rennes"],"inLanguage":"fr-FR","potentialAction":[{"@type":"CommentAction","name":"Comment","target":["https:\/\/fojustice.fr\/web\/prison-de-rennes-vezin-ma1-agression-sur-fond-dalcoolemie\/#respond"]}]},{"@type":"WebPage","@id":"https:\/\/fojustice.fr\/web\/prison-de-rennes-vezin-ma1-agression-sur-fond-dalcoolemie\/","url":"https:\/\/fojustice.fr\/web\/prison-de-rennes-vezin-ma1-agression-sur-fond-dalcoolemie\/","name":"Prison de Rennes-Vezin : MA1, agression sur fond d'alcool\u00e9mie - Syndicat FO Justice","isPartOf":{"@id":"https:\/\/fojustice.fr\/web\/#website"},"primaryImageOfPage":{"@id":"https:\/\/fojustice.fr\/web\/prison-de-rennes-vezin-ma1-agression-sur-fond-dalcoolemie\/#primaryimage"},"image":{"@id":"https:\/\/fojustice.fr\/web\/prison-de-rennes-vezin-ma1-agression-sur-fond-dalcoolemie\/#primaryimage"},"thumbnailUrl":"https:\/\/fojustice.fr\/web\/wp-content\/uploads\/2022\/11\/rennes-vezin.jpeg","datePublished":"2026-09-01T13:56:39+00:00","description":"Syndicat FO Justice - DISP Rennes - Prison de Rennes-Vezin : MA1, agression sur fond d'alcool\u00e9mie","breadcrumb":{"@id":"https:\/\/fojustice.fr\/web\/prison-de-rennes-vezin-ma1-agression-sur-fond-dalcoolemie\/#breadcrumb"},"inLanguage":"fr-FR","potentialAction":[{"@type":"ReadAction","target":["https:\/\/fojustice.fr\/web\/prison-de-rennes-vezin-ma1-agression-sur-fond-dalcoolemie\/"]}]},{"@type":"ImageObject","inLanguage":"fr-FR","@id":"https:\/\/fojustice.fr\/web\/prison-de-rennes-vezin-ma1-agression-sur-fond-dalcoolemie\/#primaryimage","url":"https:\/\/fojustice.fr\/web\/wp-content\/uploads\/2022\/11\/rennes-vezin.jpeg","contentUrl":"https:\/\/fojustice.fr\/web\/wp-content\/uploads\/2022\/11\/rennes-vezin.jpeg","width":1000,"height":500},{"@type":"BreadcrumbList","@id":"https:\/\/fojustice.fr\/web\/prison-de-rennes-vezin-ma1-agression-sur-fond-dalcoolemie\/#breadcrumb","itemListElement":[{"@type":"ListItem","position":1,"name":"Accueil","item":"https:\/\/fojustice.fr\/web\/"},{"@type":"ListItem","position":2,"name":"Prison de Rennes-Vezin : MA1, agression sur fond d&#8217;alcool\u00e9mie"}]},{"@type":"WebSite","@id":"https:\/\/fojustice.fr\/web\/#website","url":"https:\/\/fojustice.fr\/web\/","name":"Syndicat FO Justice","description":"Site du Syndicat National FO Justice","publisher":{"@id":"https:\/\/fojustice.fr\/web\/#organization"},"alternateName":"Syndicat National FO Justice","potentialAction":[{"@type":"SearchAction","target":{"@type":"EntryPoint","urlTemplate":"https:\/\/fojustice.fr\/web\/?s={search_term_string}"},"query-input":{"@type":"PropertyValueSpecification","valueRequired":true,"valueName":"search_term_string"}}],"inLanguage":"fr-FR"},{"@type":"Organization","@id":"https:\/\/fojustice.fr\/web\/#organization","name":"Syndicat National FO Justice","alternateName":"Syndicat National FO Justice","url":"https:\/\/fojustice.fr\/web\/","logo":{"@type":"ImageObject","inLanguage":"fr-FR","@id":"https:\/\/fojustice.fr\/web\/#\/schema\/logo\/image\/","url":"https:\/\/fojustice.fr\/web\/wp-content\/uploads\/2022\/03\/logo-fo-justice.png","contentUrl":"https:\/\/fojustice.fr\/web\/wp-content\/uploads\/2022\/03\/logo-fo-justice.png","width":800,"height":800,"caption":"Syndicat National FO Justice"},"image":{"@id":"https:\/\/fojustice.fr\/web\/#\/schema\/logo\/image\/"},"sameAs":["https:\/\/www.facebook.com\/SyndicatFoJustice","https:\/\/x.com\/SyndFoJustice"]},{"@type":"Person","@id":"https:\/\/fojustice.fr\/web\/#\/schema\/person\/a51cb9c3495ce0ca62b78fc96ac3bf9f","name":"adminfojustice","image":{"@type":"ImageObject","inLanguage":"fr-FR","@id":"https:\/\/secure.gravatar.com\/avatar\/368884c0ecc46e53d83c0c3c0af4c6c30a6bbc2aab7535848950f43a950bfd4e?s=96&d=mm&r=g","url":"https:\/\/secure.gravatar.com\/avatar\/368884c0ecc46e53d83c0c3c0af4c6c30a6bbc2aab7535848950f43a950bfd4e?s=96&d=mm&r=g","contentUrl":"https:\/\/secure.gravatar.com\/avatar\/368884c0ecc46e53d83c0c3c0af4c6c30a6bbc2aab7535848950f43a950bfd4e?s=96&d=mm&r=g","caption":"adminfojustice"},"sameAs":["https:\/\/www.fojustice.fr\/web"],"url":"https:\/\/fojustice.fr\/web\/author\/adminfojustice\/"}]}},"jetpack_shortlink":"https:\/\/wp.me\/pdNWl1-dog","jetpack_sharing_enabled":true,"jetpack_featured_media_url":"https:\/\/fojustice.fr\/web\/wp-content\/uploads\/2022\/11\/rennes-vezin.jpeg","_links":{"self":[{"href":"https:\/\/fojustice.fr\/web\/wp-json\/wp\/v2\/posts\/51476","targetHints":{"allow":["GET"]}}],"collection":[{"href":"https:\/\/fojustice.fr\/web\/wp-json\/wp\/v2\/posts"}],"about":[{"href":"https:\/\/fojustice.fr\/web\/wp-json\/wp\/v2\/types\/post"}],"author":[{"embeddable":true,"href":"https:\/\/fojustice.fr\/web\/wp-json\/wp\/v2\/users\/1"}],"replies":[{"embeddable":true,"href":"https:\/\/fojustice.fr\/web\/wp-json\/wp\/v2\/comments?post=51476"}],"version-history":[{"count":1,"href":"https:\/\/fojustice.fr\/web\/wp-json\/wp\/v2\/posts\/51476\/revisions"}],"predecessor-version":[{"id":51478,"href":"https:\/\/fojustice.fr\/web\/wp-json\/wp\/v2\/posts\/51476\/revisions\/51478"}],"wp:featuredmedia":[{"embeddable":true,"href":"https:\/\/fojustice.fr\/web\/wp-json\/wp\/v2\/media\/8605"}],"wp:attachment":[{"href":"https:\/\/fojustice.fr\/web\/wp-json\/wp\/v2\/media?parent=51476"}],"wp:term":[{"taxonomy":"category","embeddable":true,"href":"https:\/\/fojustice.fr\/web\/wp-json\/wp\/v2\/categories?post=51476"},{"taxonomy":"post_tag","embeddable":true,"href":"https:\/\/fojustice.fr\/web\/wp-json\/wp\/v2\/tags?post=51476"}],"curies":[{"name":"wp","href":"https:\/\/api.w.org\/{rel}","templated":true}]}}