{"id":51471,"date":"2026-09-01T13:37:34","date_gmt":"2026-09-01T11:37:34","guid":{"rendered":"https:\/\/fojustice.fr\/web\/?p=51471"},"modified":"2026-09-01T13:37:34","modified_gmt":"2026-09-01T11:37:34","slug":"prison-de-rennes-femmes-qpr-quand-les-directions-disent-non-quand-la-japat-dit-oui","status":"publish","type":"post","link":"https:\/\/fojustice.fr\/web\/prison-de-rennes-femmes-qpr-quand-les-directions-disent-non-quand-la-japat-dit-oui\/","title":{"rendered":"Prison de Rennes-Femmes : QPR, quand les directions disent non&#8230; quand la JAPAT dit oui"},"content":{"rendered":"<p class=\"p1\">Une d\u00e9tenue plac\u00e9e au QPR, condamn\u00e9e \u00e0 9 ans pour faits de terrorisme, devrait prochainement b\u00e9n\u00e9ficier d\u2019une permission de sortie sur Rennes. <strong>Au programme, non vous ne r\u00eavez pas : le march\u00e9 Sainte-Th\u00e9r\u00e8se, la place des Lices et le mus\u00e9e de Bretagne\u2026<\/strong><\/p>\n<p class=\"p2\"><span style=\"color: #ff0000;\"><strong>Et plus surprenant encore, cette d\u00e9cision aberrante intervient alors m\u00eame que :<\/strong><\/span><\/p>\n<p class=\"p1\"><strong>La Direction locale du CP Rennes<\/strong> a \u00e9mis un <strong>avis d\u00e9favorable<\/strong> ; <strong>La Direction Interr\u00e9gionale de la DISP Rennes Grand Ouest<\/strong> a \u00e9mis un <strong>avis d\u00e9favorable<\/strong> ;<strong> Le Parquet National Antiterroriste (PNAT) a fait appel de la d\u00e9cision afin de s\u2019y opposer !<\/strong><\/p>\n<p class=\"p1\"><strong>Malgr\u00e9 ces \u00e9l\u00e9ments, la JAPAT<\/strong> (juge d\u2019application des peines antiterroriste) <strong>a maintenu la PS<\/strong>. Initialement pr\u00e9vue courant mai, elle sera simplement d\u00e9cal\u00e9e \u00e0 septembre.<\/p>\n<p class=\"p1\">Une sortie qui ne r\u00e9pond aucunement \u00e0 une urgence familiale n\u00e9cessitant imp\u00e9rativement la pr\u00e9sence de la d\u00e9tenue, ni \u00e0 un projet concret de r\u00e9insertion li\u00e9 \u00e0 sa fin de peine prochaine.<\/p>\n<p class=\"p1\">\u00c0 quoi servent les avis de la direction du CP Rennes (Directeur QPR et CE) et de la Direction Interr\u00e9gionale s\u2019ils ne sont finalement pas pris en consid\u00e9ration ?<\/p>\n<p class=\"p1\">Quel respect pour les personnels du QPR, confront\u00e9s \u00e0 la r\u00e9alit\u00e9 de la prise en charge de ces profils particuli\u00e8rement sensibles ? <strong>C\u2019est leur expertise qui est aujourd\u2019hui rel\u00e9gu\u00e9e\u2026 aux oubliettes ! Que penser de l\u2019affront fait au PNAT, qui a fait appel de la d\u00e9cision ?<\/strong><\/p>\n<p class=\"p1\">Quelle image donne-t-on de la p\u00e9nitentiaire, alors que les coll\u00e8gues \u0153uvrent quotidiennement avec force, courage et honneur pour maintenir humanit\u00e9, ordre et s\u00e9curit\u00e9 dans nos structures ?<\/p>\n<p class=\"p1\"><strong><span class=\"s1\">Quelle s\u00e9curit\u00e9 pour <\/span>les personnels accompagnant cette \u00ab balade touristique \u00bb, en premi\u00e8re ligne face aux cons\u00e9quences de d\u00e9cisions qu\u2019ils ne ma\u00eetrisent pas et auxquelles leurs propres directions ont exprim\u00e9 leur opposition ?<\/strong><\/p>\n<p class=\"p1\">Nous ne remettons pas en cause le principe de la pr\u00e9paration \u00e0 la sortie ou les dispositifs d\u2019accompagnement vers la r\u00e9insertion. Mais la pr\u00e9paration \u00e0 la sortie ne peut pas devenir un pr\u00e9texte \u00e0 des <strong>permissions dont la pertinence et les objectifs interrogent l\u00e9gitimement.<\/strong><\/p>\n<p class=\"p3\" style=\"text-align: center;\"><span style=\"color: #ff0000;\"><strong>RESTONS CREDIBLES !<\/strong><\/span><\/p>\n<p class=\"p1\"><strong><span class=\"s2\"><span style=\"color: #ff0000;\">FO Justice<\/span> <\/span>demande que toute la lumi\u00e8re soit faite sur :<\/strong><\/p>\n<p class=\"p1\">&#8211; les motivations r\u00e9elles ayant conduit \u00e0 l\u2019octroi de cette permission ;<\/p>\n<p class=\"p1\">&#8211; les \u00e9l\u00e9ments ayant permis de passer outre les avis d\u00e9favorables des directions et du PNAT ;<\/p>\n<p class=\"p1\">&#8211; la coh\u00e9rence de cette d\u00e9cision au regard du profil de la d\u00e9tenue et de sa prise en charge au QPR.<\/p>\n<p class=\"p4\"><strong><span style=\"color: #ff0000;\">Avis d\u00e9favorables + Appel du PNAT -&gt; Permission maintenue <span class=\"s4\">=<\/span> <\/span><span class=\"s1\">une d\u00e9cision qui <\/span>constitue un v\u00e9ritable d\u00e9saveu et un m\u00e9pris manifeste envers nos agents et nos directions.<\/strong><\/p>\n<p class=\"p5\"><strong><span class=\"s2\" style=\"color: #ff0000;\">FO Justice <\/span>esp\u00e8re que les derniers \u00e9l\u00e9ments connus et transmis par l\u2019\u00e9tablissement au PNAT permettront de mettre fin \u00e0 cette mascarade.<\/strong><\/p>\n<p><a href=\"https:\/\/fojustice.fr\/web\/wp-content\/uploads\/2026\/09\/20260831-FO-Justice-QPR-Quand-les-directions-disent-non-quand-la-JAPAT-dit-oui.pdf\">Lire le communiqu\u00e9<\/a><\/p>\n","protected":false},"excerpt":{"rendered":"<p>Une d\u00e9tenue plac\u00e9e au QPR, condamn\u00e9e \u00e0 9 ans pour faits de terrorisme, devrait prochainement b\u00e9n\u00e9ficier d\u2019une permission de sortie sur Rennes. Au programme, non vous ne r\u00eavez pas : le march\u00e9 Sainte-Th\u00e9r\u00e8se, la place des Lices et le mus\u00e9e de Bretagne\u2026 Et plus surprenant encore, cette d\u00e9cision aberrante intervient alors m\u00eame que : La [&hellip;]<\/p>\n","protected":false},"author":1,"featured_media":4525,"comment_status":"open","ping_status":"open","sticky":false,"template":"","format":"standard","meta":{"_angie_page":false,"_jetpack_newsletter_access":"","_jetpack_dont_email_post_to_subs":true,"_jetpack_newsletter_tier_id":0,"_jetpack_memberships_contains_paywalled_content":false,"page_builder":"","_jetpack_feature_clip_id":0,"_jetpack_memberships_contains_paid_content":false,"footnotes":"","jetpack_post_was_ever_published":false,"_members_access_role":[],"_members_access_error":""},"categories":[35],"tags":[],"class_list":["post-51471","post","type-post","status-publish","format-standard","has-post-thumbnail","hentry","category-disp-rennes"],"yoast_head":"<!-- This site is optimized with the Yoast SEO plugin v28.3 - https:\/\/yoast.com\/product\/yoast-seo-wordpress\/ -->\n<title>Prison de Rennes-Femmes : QPR, quand les directions disent non... quand la JAPAT dit oui - Syndicat FO Justice<\/title>\n<meta name=\"description\" content=\"Syndicat FO Justice - DISP Rennes - Prison de Rennes-Femmes : QPR, quand les directions disent non... quand la JAPAT dit oui\" \/>\n<meta name=\"robots\" content=\"index, follow, max-snippet:-1, max-image-preview:large, max-video-preview:-1\" \/>\n<link rel=\"canonical\" href=\"https:\/\/fojustice.fr\/web\/prison-de-rennes-femmes-qpr-quand-les-directions-disent-non-quand-la-japat-dit-oui\/\" \/>\n<meta property=\"og:locale\" content=\"fr_FR\" \/>\n<meta property=\"og:type\" content=\"article\" \/>\n<meta property=\"og:title\" content=\"Prison de Rennes-Femmes : QPR, quand les directions disent non... quand la JAPAT dit oui - Syndicat FO Justice\" \/>\n<meta property=\"og:description\" content=\"Syndicat FO Justice - DISP Rennes - Prison de Rennes-Femmes : QPR, quand les directions disent non... quand la JAPAT dit oui\" \/>\n<meta property=\"og:url\" content=\"https:\/\/fojustice.fr\/web\/prison-de-rennes-femmes-qpr-quand-les-directions-disent-non-quand-la-japat-dit-oui\/\" \/>\n<meta property=\"og:site_name\" content=\"Syndicat FO Justice\" \/>\n<meta property=\"article:publisher\" content=\"https:\/\/www.facebook.com\/SyndicatFoJustice\" \/>\n<meta property=\"article:published_time\" content=\"2026-09-01T11:37:34+00:00\" \/>\n<meta property=\"og:image\" content=\"https:\/\/fojustice.fr\/web\/wp-content\/uploads\/2022\/05\/Rennes-Femmes.jpeg\" \/>\n\t<meta property=\"og:image:width\" content=\"870\" \/>\n\t<meta property=\"og:image:height\" content=\"489\" \/>\n\t<meta property=\"og:image:type\" content=\"image\/jpeg\" \/>\n<meta name=\"author\" content=\"adminfojustice\" \/>\n<meta name=\"twitter:card\" content=\"summary_large_image\" \/>\n<meta name=\"twitter:creator\" content=\"@SyndFoJustice\" \/>\n<meta name=\"twitter:site\" content=\"@SyndFoJustice\" \/>\n<meta name=\"twitter:label1\" content=\"\u00c9crit par\" \/>\n\t<meta name=\"twitter:data1\" content=\"adminfojustice\" \/>\n\t<meta name=\"twitter:label2\" content=\"Dur\u00e9e de lecture estim\u00e9e\" \/>\n\t<meta name=\"twitter:data2\" content=\"2 minutes\" \/>\n<script type=\"application\/ld+json\" class=\"yoast-schema-graph\">{\"@context\":\"https:\\\/\\\/schema.org\",\"@graph\":[{\"@type\":\"NewsArticle\",\"@id\":\"https:\\\/\\\/fojustice.fr\\\/web\\\/prison-de-rennes-femmes-qpr-quand-les-directions-disent-non-quand-la-japat-dit-oui\\\/#article\",\"isPartOf\":{\"@id\":\"https:\\\/\\\/fojustice.fr\\\/web\\\/prison-de-rennes-femmes-qpr-quand-les-directions-disent-non-quand-la-japat-dit-oui\\\/\"},\"author\":{\"name\":\"adminfojustice\",\"@id\":\"https:\\\/\\\/fojustice.fr\\\/web\\\/#\\\/schema\\\/person\\\/a51cb9c3495ce0ca62b78fc96ac3bf9f\"},\"headline\":\"Prison de Rennes-Femmes : QPR, quand les directions disent non&#8230; quand la JAPAT dit oui\",\"datePublished\":\"2026-09-01T11:37:34+00:00\",\"mainEntityOfPage\":{\"@id\":\"https:\\\/\\\/fojustice.fr\\\/web\\\/prison-de-rennes-femmes-qpr-quand-les-directions-disent-non-quand-la-japat-dit-oui\\\/\"},\"wordCount\":501,\"commentCount\":0,\"publisher\":{\"@id\":\"https:\\\/\\\/fojustice.fr\\\/web\\\/#organization\"},\"image\":{\"@id\":\"https:\\\/\\\/fojustice.fr\\\/web\\\/prison-de-rennes-femmes-qpr-quand-les-directions-disent-non-quand-la-japat-dit-oui\\\/#primaryimage\"},\"thumbnailUrl\":\"https:\\\/\\\/fojustice.fr\\\/web\\\/wp-content\\\/uploads\\\/2022\\\/05\\\/Rennes-Femmes.jpeg\",\"articleSection\":[\"DISP Rennes\"],\"inLanguage\":\"fr-FR\",\"potentialAction\":[{\"@type\":\"CommentAction\",\"name\":\"Comment\",\"target\":[\"https:\\\/\\\/fojustice.fr\\\/web\\\/prison-de-rennes-femmes-qpr-quand-les-directions-disent-non-quand-la-japat-dit-oui\\\/#respond\"]}]},{\"@type\":\"WebPage\",\"@id\":\"https:\\\/\\\/fojustice.fr\\\/web\\\/prison-de-rennes-femmes-qpr-quand-les-directions-disent-non-quand-la-japat-dit-oui\\\/\",\"url\":\"https:\\\/\\\/fojustice.fr\\\/web\\\/prison-de-rennes-femmes-qpr-quand-les-directions-disent-non-quand-la-japat-dit-oui\\\/\",\"name\":\"Prison de Rennes-Femmes : QPR, quand les directions disent non... quand la JAPAT dit oui - Syndicat FO Justice\",\"isPartOf\":{\"@id\":\"https:\\\/\\\/fojustice.fr\\\/web\\\/#website\"},\"primaryImageOfPage\":{\"@id\":\"https:\\\/\\\/fojustice.fr\\\/web\\\/prison-de-rennes-femmes-qpr-quand-les-directions-disent-non-quand-la-japat-dit-oui\\\/#primaryimage\"},\"image\":{\"@id\":\"https:\\\/\\\/fojustice.fr\\\/web\\\/prison-de-rennes-femmes-qpr-quand-les-directions-disent-non-quand-la-japat-dit-oui\\\/#primaryimage\"},\"thumbnailUrl\":\"https:\\\/\\\/fojustice.fr\\\/web\\\/wp-content\\\/uploads\\\/2022\\\/05\\\/Rennes-Femmes.jpeg\",\"datePublished\":\"2026-09-01T11:37:34+00:00\",\"description\":\"Syndicat FO Justice - DISP Rennes - Prison de Rennes-Femmes : QPR, quand les directions disent non... quand la JAPAT dit oui\",\"breadcrumb\":{\"@id\":\"https:\\\/\\\/fojustice.fr\\\/web\\\/prison-de-rennes-femmes-qpr-quand-les-directions-disent-non-quand-la-japat-dit-oui\\\/#breadcrumb\"},\"inLanguage\":\"fr-FR\",\"potentialAction\":[{\"@type\":\"ReadAction\",\"target\":[\"https:\\\/\\\/fojustice.fr\\\/web\\\/prison-de-rennes-femmes-qpr-quand-les-directions-disent-non-quand-la-japat-dit-oui\\\/\"]}]},{\"@type\":\"ImageObject\",\"inLanguage\":\"fr-FR\",\"@id\":\"https:\\\/\\\/fojustice.fr\\\/web\\\/prison-de-rennes-femmes-qpr-quand-les-directions-disent-non-quand-la-japat-dit-oui\\\/#primaryimage\",\"url\":\"https:\\\/\\\/fojustice.fr\\\/web\\\/wp-content\\\/uploads\\\/2022\\\/05\\\/Rennes-Femmes.jpeg\",\"contentUrl\":\"https:\\\/\\\/fojustice.fr\\\/web\\\/wp-content\\\/uploads\\\/2022\\\/05\\\/Rennes-Femmes.jpeg\",\"width\":870,\"height\":489},{\"@type\":\"BreadcrumbList\",\"@id\":\"https:\\\/\\\/fojustice.fr\\\/web\\\/prison-de-rennes-femmes-qpr-quand-les-directions-disent-non-quand-la-japat-dit-oui\\\/#breadcrumb\",\"itemListElement\":[{\"@type\":\"ListItem\",\"position\":1,\"name\":\"Accueil\",\"item\":\"https:\\\/\\\/fojustice.fr\\\/web\\\/\"},{\"@type\":\"ListItem\",\"position\":2,\"name\":\"Prison de Rennes-Femmes : QPR, quand les directions disent non&#8230; quand la JAPAT dit oui\"}]},{\"@type\":\"WebSite\",\"@id\":\"https:\\\/\\\/fojustice.fr\\\/web\\\/#website\",\"url\":\"https:\\\/\\\/fojustice.fr\\\/web\\\/\",\"name\":\"Syndicat FO Justice\",\"description\":\"Site du Syndicat National FO Justice\",\"publisher\":{\"@id\":\"https:\\\/\\\/fojustice.fr\\\/web\\\/#organization\"},\"alternateName\":\"Syndicat National FO Justice\",\"potentialAction\":[{\"@type\":\"SearchAction\",\"target\":{\"@type\":\"EntryPoint\",\"urlTemplate\":\"https:\\\/\\\/fojustice.fr\\\/web\\\/?s={search_term_string}\"},\"query-input\":{\"@type\":\"PropertyValueSpecification\",\"valueRequired\":true,\"valueName\":\"search_term_string\"}}],\"inLanguage\":\"fr-FR\"},{\"@type\":\"Organization\",\"@id\":\"https:\\\/\\\/fojustice.fr\\\/web\\\/#organization\",\"name\":\"Syndicat National FO Justice\",\"alternateName\":\"Syndicat National FO Justice\",\"url\":\"https:\\\/\\\/fojustice.fr\\\/web\\\/\",\"logo\":{\"@type\":\"ImageObject\",\"inLanguage\":\"fr-FR\",\"@id\":\"https:\\\/\\\/fojustice.fr\\\/web\\\/#\\\/schema\\\/logo\\\/image\\\/\",\"url\":\"https:\\\/\\\/fojustice.fr\\\/web\\\/wp-content\\\/uploads\\\/2022\\\/03\\\/logo-fo-justice.png\",\"contentUrl\":\"https:\\\/\\\/fojustice.fr\\\/web\\\/wp-content\\\/uploads\\\/2022\\\/03\\\/logo-fo-justice.png\",\"width\":800,\"height\":800,\"caption\":\"Syndicat National FO Justice\"},\"image\":{\"@id\":\"https:\\\/\\\/fojustice.fr\\\/web\\\/#\\\/schema\\\/logo\\\/image\\\/\"},\"sameAs\":[\"https:\\\/\\\/www.facebook.com\\\/SyndicatFoJustice\",\"https:\\\/\\\/x.com\\\/SyndFoJustice\"]},{\"@type\":\"Person\",\"@id\":\"https:\\\/\\\/fojustice.fr\\\/web\\\/#\\\/schema\\\/person\\\/a51cb9c3495ce0ca62b78fc96ac3bf9f\",\"name\":\"adminfojustice\",\"image\":{\"@type\":\"ImageObject\",\"inLanguage\":\"fr-FR\",\"@id\":\"https:\\\/\\\/secure.gravatar.com\\\/avatar\\\/368884c0ecc46e53d83c0c3c0af4c6c30a6bbc2aab7535848950f43a950bfd4e?s=96&d=mm&r=g\",\"url\":\"https:\\\/\\\/secure.gravatar.com\\\/avatar\\\/368884c0ecc46e53d83c0c3c0af4c6c30a6bbc2aab7535848950f43a950bfd4e?s=96&d=mm&r=g\",\"contentUrl\":\"https:\\\/\\\/secure.gravatar.com\\\/avatar\\\/368884c0ecc46e53d83c0c3c0af4c6c30a6bbc2aab7535848950f43a950bfd4e?s=96&d=mm&r=g\",\"caption\":\"adminfojustice\"},\"sameAs\":[\"https:\\\/\\\/www.fojustice.fr\\\/web\"],\"url\":\"https:\\\/\\\/fojustice.fr\\\/web\\\/author\\\/adminfojustice\\\/\"}]}<\/script>\n<!-- \/ Yoast SEO plugin. -->","yoast_head_json":{"title":"Prison de Rennes-Femmes : QPR, quand les directions disent non... quand la JAPAT dit oui - Syndicat FO Justice","description":"Syndicat FO Justice - DISP Rennes - Prison de Rennes-Femmes : QPR, quand les directions disent non... quand la JAPAT dit oui","robots":{"index":"index","follow":"follow","max-snippet":"max-snippet:-1","max-image-preview":"max-image-preview:large","max-video-preview":"max-video-preview:-1"},"canonical":"https:\/\/fojustice.fr\/web\/prison-de-rennes-femmes-qpr-quand-les-directions-disent-non-quand-la-japat-dit-oui\/","og_locale":"fr_FR","og_type":"article","og_title":"Prison de Rennes-Femmes : QPR, quand les directions disent non... quand la JAPAT dit oui - Syndicat FO Justice","og_description":"Syndicat FO Justice - DISP Rennes - Prison de Rennes-Femmes : QPR, quand les directions disent non... quand la JAPAT dit oui","og_url":"https:\/\/fojustice.fr\/web\/prison-de-rennes-femmes-qpr-quand-les-directions-disent-non-quand-la-japat-dit-oui\/","og_site_name":"Syndicat FO Justice","article_publisher":"https:\/\/www.facebook.com\/SyndicatFoJustice","article_published_time":"2026-09-01T11:37:34+00:00","og_image":[{"width":870,"height":489,"url":"https:\/\/fojustice.fr\/web\/wp-content\/uploads\/2022\/05\/Rennes-Femmes.jpeg","type":"image\/jpeg"}],"author":"adminfojustice","twitter_card":"summary_large_image","twitter_creator":"@SyndFoJustice","twitter_site":"@SyndFoJustice","twitter_misc":{"\u00c9crit par":"adminfojustice","Dur\u00e9e de lecture estim\u00e9e":"2 minutes"},"schema":{"@context":"https:\/\/schema.org","@graph":[{"@type":"NewsArticle","@id":"https:\/\/fojustice.fr\/web\/prison-de-rennes-femmes-qpr-quand-les-directions-disent-non-quand-la-japat-dit-oui\/#article","isPartOf":{"@id":"https:\/\/fojustice.fr\/web\/prison-de-rennes-femmes-qpr-quand-les-directions-disent-non-quand-la-japat-dit-oui\/"},"author":{"name":"adminfojustice","@id":"https:\/\/fojustice.fr\/web\/#\/schema\/person\/a51cb9c3495ce0ca62b78fc96ac3bf9f"},"headline":"Prison de Rennes-Femmes : QPR, quand les directions disent non&#8230; quand la JAPAT dit oui","datePublished":"2026-09-01T11:37:34+00:00","mainEntityOfPage":{"@id":"https:\/\/fojustice.fr\/web\/prison-de-rennes-femmes-qpr-quand-les-directions-disent-non-quand-la-japat-dit-oui\/"},"wordCount":501,"commentCount":0,"publisher":{"@id":"https:\/\/fojustice.fr\/web\/#organization"},"image":{"@id":"https:\/\/fojustice.fr\/web\/prison-de-rennes-femmes-qpr-quand-les-directions-disent-non-quand-la-japat-dit-oui\/#primaryimage"},"thumbnailUrl":"https:\/\/fojustice.fr\/web\/wp-content\/uploads\/2022\/05\/Rennes-Femmes.jpeg","articleSection":["DISP Rennes"],"inLanguage":"fr-FR","potentialAction":[{"@type":"CommentAction","name":"Comment","target":["https:\/\/fojustice.fr\/web\/prison-de-rennes-femmes-qpr-quand-les-directions-disent-non-quand-la-japat-dit-oui\/#respond"]}]},{"@type":"WebPage","@id":"https:\/\/fojustice.fr\/web\/prison-de-rennes-femmes-qpr-quand-les-directions-disent-non-quand-la-japat-dit-oui\/","url":"https:\/\/fojustice.fr\/web\/prison-de-rennes-femmes-qpr-quand-les-directions-disent-non-quand-la-japat-dit-oui\/","name":"Prison de Rennes-Femmes : QPR, quand les directions disent non... quand la JAPAT dit oui - Syndicat FO Justice","isPartOf":{"@id":"https:\/\/fojustice.fr\/web\/#website"},"primaryImageOfPage":{"@id":"https:\/\/fojustice.fr\/web\/prison-de-rennes-femmes-qpr-quand-les-directions-disent-non-quand-la-japat-dit-oui\/#primaryimage"},"image":{"@id":"https:\/\/fojustice.fr\/web\/prison-de-rennes-femmes-qpr-quand-les-directions-disent-non-quand-la-japat-dit-oui\/#primaryimage"},"thumbnailUrl":"https:\/\/fojustice.fr\/web\/wp-content\/uploads\/2022\/05\/Rennes-Femmes.jpeg","datePublished":"2026-09-01T11:37:34+00:00","description":"Syndicat FO Justice - DISP Rennes - Prison de Rennes-Femmes : QPR, quand les directions disent non... quand la JAPAT dit oui","breadcrumb":{"@id":"https:\/\/fojustice.fr\/web\/prison-de-rennes-femmes-qpr-quand-les-directions-disent-non-quand-la-japat-dit-oui\/#breadcrumb"},"inLanguage":"fr-FR","potentialAction":[{"@type":"ReadAction","target":["https:\/\/fojustice.fr\/web\/prison-de-rennes-femmes-qpr-quand-les-directions-disent-non-quand-la-japat-dit-oui\/"]}]},{"@type":"ImageObject","inLanguage":"fr-FR","@id":"https:\/\/fojustice.fr\/web\/prison-de-rennes-femmes-qpr-quand-les-directions-disent-non-quand-la-japat-dit-oui\/#primaryimage","url":"https:\/\/fojustice.fr\/web\/wp-content\/uploads\/2022\/05\/Rennes-Femmes.jpeg","contentUrl":"https:\/\/fojustice.fr\/web\/wp-content\/uploads\/2022\/05\/Rennes-Femmes.jpeg","width":870,"height":489},{"@type":"BreadcrumbList","@id":"https:\/\/fojustice.fr\/web\/prison-de-rennes-femmes-qpr-quand-les-directions-disent-non-quand-la-japat-dit-oui\/#breadcrumb","itemListElement":[{"@type":"ListItem","position":1,"name":"Accueil","item":"https:\/\/fojustice.fr\/web\/"},{"@type":"ListItem","position":2,"name":"Prison de Rennes-Femmes : QPR, quand les directions disent non&#8230; quand la JAPAT dit oui"}]},{"@type":"WebSite","@id":"https:\/\/fojustice.fr\/web\/#website","url":"https:\/\/fojustice.fr\/web\/","name":"Syndicat FO Justice","description":"Site du Syndicat National FO Justice","publisher":{"@id":"https:\/\/fojustice.fr\/web\/#organization"},"alternateName":"Syndicat National FO Justice","potentialAction":[{"@type":"SearchAction","target":{"@type":"EntryPoint","urlTemplate":"https:\/\/fojustice.fr\/web\/?s={search_term_string}"},"query-input":{"@type":"PropertyValueSpecification","valueRequired":true,"valueName":"search_term_string"}}],"inLanguage":"fr-FR"},{"@type":"Organization","@id":"https:\/\/fojustice.fr\/web\/#organization","name":"Syndicat National FO Justice","alternateName":"Syndicat National FO Justice","url":"https:\/\/fojustice.fr\/web\/","logo":{"@type":"ImageObject","inLanguage":"fr-FR","@id":"https:\/\/fojustice.fr\/web\/#\/schema\/logo\/image\/","url":"https:\/\/fojustice.fr\/web\/wp-content\/uploads\/2022\/03\/logo-fo-justice.png","contentUrl":"https:\/\/fojustice.fr\/web\/wp-content\/uploads\/2022\/03\/logo-fo-justice.png","width":800,"height":800,"caption":"Syndicat National FO Justice"},"image":{"@id":"https:\/\/fojustice.fr\/web\/#\/schema\/logo\/image\/"},"sameAs":["https:\/\/www.facebook.com\/SyndicatFoJustice","https:\/\/x.com\/SyndFoJustice"]},{"@type":"Person","@id":"https:\/\/fojustice.fr\/web\/#\/schema\/person\/a51cb9c3495ce0ca62b78fc96ac3bf9f","name":"adminfojustice","image":{"@type":"ImageObject","inLanguage":"fr-FR","@id":"https:\/\/secure.gravatar.com\/avatar\/368884c0ecc46e53d83c0c3c0af4c6c30a6bbc2aab7535848950f43a950bfd4e?s=96&d=mm&r=g","url":"https:\/\/secure.gravatar.com\/avatar\/368884c0ecc46e53d83c0c3c0af4c6c30a6bbc2aab7535848950f43a950bfd4e?s=96&d=mm&r=g","contentUrl":"https:\/\/secure.gravatar.com\/avatar\/368884c0ecc46e53d83c0c3c0af4c6c30a6bbc2aab7535848950f43a950bfd4e?s=96&d=mm&r=g","caption":"adminfojustice"},"sameAs":["https:\/\/www.fojustice.fr\/web"],"url":"https:\/\/fojustice.fr\/web\/author\/adminfojustice\/"}]}},"jetpack_shortlink":"https:\/\/wp.me\/pdNWl1-dob","jetpack_sharing_enabled":true,"jetpack_featured_media_url":"https:\/\/fojustice.fr\/web\/wp-content\/uploads\/2022\/05\/Rennes-Femmes.jpeg","_links":{"self":[{"href":"https:\/\/fojustice.fr\/web\/wp-json\/wp\/v2\/posts\/51471","targetHints":{"allow":["GET"]}}],"collection":[{"href":"https:\/\/fojustice.fr\/web\/wp-json\/wp\/v2\/posts"}],"about":[{"href":"https:\/\/fojustice.fr\/web\/wp-json\/wp\/v2\/types\/post"}],"author":[{"embeddable":true,"href":"https:\/\/fojustice.fr\/web\/wp-json\/wp\/v2\/users\/1"}],"replies":[{"embeddable":true,"href":"https:\/\/fojustice.fr\/web\/wp-json\/wp\/v2\/comments?post=51471"}],"version-history":[{"count":1,"href":"https:\/\/fojustice.fr\/web\/wp-json\/wp\/v2\/posts\/51471\/revisions"}],"predecessor-version":[{"id":51473,"href":"https:\/\/fojustice.fr\/web\/wp-json\/wp\/v2\/posts\/51471\/revisions\/51473"}],"wp:featuredmedia":[{"embeddable":true,"href":"https:\/\/fojustice.fr\/web\/wp-json\/wp\/v2\/media\/4525"}],"wp:attachment":[{"href":"https:\/\/fojustice.fr\/web\/wp-json\/wp\/v2\/media?parent=51471"}],"wp:term":[{"taxonomy":"category","embeddable":true,"href":"https:\/\/fojustice.fr\/web\/wp-json\/wp\/v2\/categories?post=51471"},{"taxonomy":"post_tag","embeddable":true,"href":"https:\/\/fojustice.fr\/web\/wp-json\/wp\/v2\/tags?post=51471"}],"curies":[{"name":"wp","href":"https:\/\/api.w.org\/{rel}","templated":true}]}}