{"id":51467,"date":"2026-09-01T12:51:16","date_gmt":"2026-09-01T10:51:16","guid":{"rendered":"https:\/\/fojustice.fr\/web\/?p=51467"},"modified":"2026-09-01T12:51:16","modified_gmt":"2026-09-01T10:51:16","slug":"fo-justice-polynesie-note-de-remerciement-mauruuru-roa-a-toutes-et-a-tous-mobilisation-du-27-aout-2026-cd-de-tatutu","status":"publish","type":"post","link":"https:\/\/fojustice.fr\/web\/fo-justice-polynesie-note-de-remerciement-mauruuru-roa-a-toutes-et-a-tous-mobilisation-du-27-aout-2026-cd-de-tatutu\/","title":{"rendered":"FO Justice Polyn\u00e9sie note de remerciement : Mauruuru Roa \u00e0 toutes et \u00e0 tous ! Mobilisation du 27 ao\u00fbt 2026 &#8211; CD de Tatutu"},"content":{"rendered":"<p class=\"PDq2pG_selectionAnchorContainer\" data-start=\"138\" data-end=\"368\">FO Justice Polyn\u00e9sie adresse ses plus sinc\u00e8res remerciements \u00e0 l\u2019ensemble des personnels, adh\u00e9rents, sympathisants et soutiens qui ont r\u00e9pondu pr\u00e9sents \u00e0 la mobilisation du 27 ao\u00fbt 2026 devant le <span style=\"color: #ff0000;\"><strong data-start=\"334\" data-end=\"367\">Centre de d\u00e9tention de Tatutu<\/strong>.<\/span><\/p>\n<p data-start=\"370\" data-end=\"554\">Votre pr\u00e9sence nombreuse, votre solidarit\u00e9 et votre d\u00e9termination ont permis de porter avec force nos revendications aupr\u00e8s des plus hautes autorit\u00e9s de l\u2019Administration p\u00e9nitentiaire.<\/p>\n<p style=\"text-align: center;\" data-section-id=\"1l8kc0p\" data-start=\"556\" data-end=\"634\"><span style=\"color: #000080;\"><strong>DES ENGAGEMENTS CONCRETS OBTENUS LORS DE LA VISIOCONF\u00c9RENCE DU 27 AO\u00dbT 2026<\/strong><\/span><\/p>\n<p data-section-id=\"1fa6mgc\" data-start=\"636\" data-end=\"655\"><span style=\"color: #ff0000;\"><strong>1 \u2013 OFFICIERS <\/strong><\/span><span style=\"color: #ff0000;\"><strong data-start=\"656\" data-end=\"693\">RETOUR DE DEUX AGENTS ORIGINAIRES<\/strong><\/span><\/p>\n<p data-start=\"695\" data-end=\"822\">Retour en Polyn\u00e9sie fran\u00e7aise des <strong data-start=\"729\" data-end=\"759\">deux officiers originaires<\/strong>, avec une prise de fonctions annonc\u00e9e au <strong data-start=\"801\" data-end=\"821\">1er janvier 2027<\/strong>.<\/p>\n<p data-section-id=\"vfqez1\" data-start=\"824\" data-end=\"838\"><span style=\"color: #000080;\"><strong>2 \u2013 CPIP <\/strong><\/span><span style=\"color: #000080;\"><strong data-start=\"839\" data-end=\"872\">DEUX RETOURS D\u00c9J\u00c0 CONCR\u00c9TIS\u00c9S<\/strong><\/span><\/p>\n<p data-start=\"874\" data-end=\"940\">Sur les 3 CPIP originaires dont <span style=\"color: #ff0000;\"><strong data-start=\"906\" data-end=\"938\">FO Justice demande le retour<\/strong> :<\/span><\/p>\n<ul data-start=\"942\" data-end=\"1020\">\n<li data-section-id=\"1tiqnql\" data-start=\"942\" data-end=\"985\">1 CPIP affect\u00e9e au SPIP de Faa\u2019a-Nuutania<\/li>\n<li data-section-id=\"zl67o7\" data-start=\"986\" data-end=\"1020\">1 CPIP affect\u00e9e au SPIP d\u2019Uturoa<\/li>\n<\/ul>\n<p data-start=\"1022\" data-end=\"1068\"><strong data-start=\"1022\" data-end=\"1068\">Prises de fonctions au 1er septembre 2026.<\/strong><\/p>\n<p data-start=\"1070\" data-end=\"1133\">Pour la troisi\u00e8me situation : <strong data-start=\"1100\" data-end=\"1133\">arbitrage de la DGAP attendu.<\/strong><\/p>\n<p data-section-id=\"1ni54nc\" data-start=\"1135\" data-end=\"1164\"><span style=\"color: #ff0000;\"><strong>3 \u2013 PERSONNEL TECHNIQUE RETOUR AU FENUA<\/strong><\/span><\/p>\n<p data-start=\"1186\" data-end=\"1277\">Retour du technicien originaire, avec une prise de fonctions annonc\u00e9e au <strong data-start=\"1259\" data-end=\"1276\">1er mars 2027<\/strong>.<\/p>\n<p data-section-id=\"lilkxm\" data-start=\"1279\" data-end=\"1312\"><span style=\"color: #000080;\"><strong>4 \u2013 PERSONNEL ADMINISTRATIF CD DE TATUTU<\/strong><\/span><\/p>\n<p data-start=\"1331\" data-end=\"1445\">La DGAP \u00e9tudie l\u2019affectation au CD de Tatutu d\u2019un personnel administratif actuellement affect\u00e9 au SPIP de Papeete.<\/p>\n<p data-start=\"1447\" data-end=\"1480\"><strong data-start=\"1447\" data-end=\"1480\">Arbitrage de la DGAP attendu.<\/strong><\/p>\n<p data-section-id=\"lbta93\" data-start=\"1482\" data-end=\"1515\"><span style=\"color: #ff0000;\"><strong>5 \u2013 DIRECTION DU CD DE TATUTU<\/strong><\/span><\/p>\n<p data-start=\"1517\" data-end=\"1724\">La DGAP s\u2019engage \u00e0 ce que la candidature de la cheffe d\u2019\u00e9tablissement soit retenue lors de la <strong data-start=\"1611\" data-end=\"1648\">CAP de mobilit\u00e9 de septembre 2026<\/strong>, avec une prise de fonctions sur son nouveau poste au <strong data-start=\"1703\" data-end=\"1723\">1er janvier 2027<\/strong>.<\/p>\n<p data-section-id=\"1j9aj97\" data-start=\"1726\" data-end=\"1753\"><span style=\"color: #000080;\"><strong>6 \u2013 MONITEURS DE SPORTS<\/strong><\/span><\/p>\n<p data-start=\"1755\" data-end=\"1847\"><strong data-start=\"1755\" data-end=\"1787\">Arbitrage de la DGAP attendu<\/strong> afin de r\u00e9soudre leur situation et de r\u00e9gulariser leur MAD.<\/p>\n<p data-section-id=\"12junuj\" data-start=\"1849\" data-end=\"1883\"><span style=\"color: #ff0000;\"><strong>7 \u2013 BRIGADIERS-CHEFS ET MAJORS<\/strong><\/span><\/p>\n<p data-start=\"1885\" data-end=\"2053\">R\u00e9ponse attendue de la DGAP concernant l\u2019ouverture de postes vacants dans les \u00e9tablissements p\u00e9nitentiaires de Polyn\u00e9sie fran\u00e7aise lors de la prochaine CAP de mobilit\u00e9.<\/p>\n<p data-section-id=\"k6r7yd\" data-start=\"2055\" data-end=\"2112\"><span style=\"color: #000080;\"><strong>8 \u2013 LA DGAP NOUS A DEMAND\u00c9 UN D\u00c9LAI DE 3 \u00c0 4 SEMAINES<\/strong><\/span><\/p>\n<p data-start=\"2114\" data-end=\"2196\">Pour tenir ses engagements, ainsi que la suspension du blocage de l\u2019\u00e9tablissement.<\/p>\n<p data-start=\"2198\" data-end=\"2255\">Parmi ces engagements, nous pouvons \u00e9galement souligner :<\/p>\n<p data-section-id=\"1d287r9\" data-start=\"2257\" data-end=\"2302\"><span style=\"color: #ff0000;\"><strong>MANQUE D\u2019EFFECTIF AU CP DE FAA\u2019A NUUTANIA<\/strong><\/span><\/p>\n<p data-start=\"2304\" data-end=\"2420\">Le CP de Faa\u2019a Nuutania pr\u00e9sente un taux de couverture de <strong data-start=\"2362\" data-end=\"2370\">85 %<\/strong>, soit l\u2019un des taux les plus faibles d\u2019Outre-mer.<\/p>\n<p data-start=\"2422\" data-end=\"2527\">Nous avons demand\u00e9 le retour de nos originaires afin de combler ce d\u00e9ficit en personnels de surveillance.<\/p>\n<p data-section-id=\"wx6002\" data-start=\"2529\" data-end=\"2571\"><span style=\"color: #000080;\"><strong>CR\u00c9ATION D\u2019UNE D\u00c9L\u00c9GATION TERRITORIALE<\/strong><\/span><\/p>\n<p data-start=\"2573\" data-end=\"2730\">Comme pr\u00e9conis\u00e9 dans le rapport de l\u2019Inspection G\u00e9n\u00e9rale de la Justice, la DGAP \u00e9tudie la cr\u00e9ation d\u2019une d\u00e9l\u00e9gation territoriale pour la Polyn\u00e9sie fran\u00e7aise.<\/p>\n<p style=\"text-align: center;\" data-section-id=\"d5f4qv\" data-start=\"2732\" data-end=\"2797\"><span style=\"color: #ff0000;\"><strong>FO JUSTICE POLYN\u00c9SIE RESTERA VIGILANTE ET PLEINEMENT MOBILIS\u00c9E<\/strong><\/span><\/p>\n<p style=\"text-align: center;\" data-start=\"2799\" data-end=\"2885\"><span style=\"color: #000080;\"><strong>jusqu\u2019\u00e0 la concr\u00e9tisation de l\u2019ensemble de ces engagements et des arbitrages attendus.<\/strong><\/span><\/p>\n<p style=\"text-align: center;\" data-section-id=\"e0c313\" data-start=\"2887\" data-end=\"2937\"><span style=\"color: #000080;\"><strong>FA\u2019AHOI MAI TA TATOU MAU TAMARI\u2019I I TE FENUA !<\/strong><\/span><\/p>\n<p data-section-id=\"e0c313\" data-start=\"2887\" data-end=\"2937\"><a href=\"https:\/\/fojustice.fr\/web\/wp-content\/uploads\/2026\/09\/PHOTO-2026-09-01-12-38-04.pdf\">Lire le communiqu\u00e9<\/a><\/p>\n","protected":false},"excerpt":{"rendered":"<p>FO Justice Polyn\u00e9sie adresse ses plus sinc\u00e8res remerciements \u00e0 l\u2019ensemble des personnels, adh\u00e9rents, sympathisants et soutiens qui ont r\u00e9pondu pr\u00e9sents \u00e0 la mobilisation du 27 ao\u00fbt 2026 devant le Centre de d\u00e9tention de Tatutu. Votre pr\u00e9sence nombreuse, votre solidarit\u00e9 et votre d\u00e9termination ont permis de porter avec force nos revendications aupr\u00e8s des plus hautes autorit\u00e9s [&hellip;]<\/p>\n","protected":false},"author":1,"featured_media":51469,"comment_status":"open","ping_status":"open","sticky":false,"template":"","format":"standard","meta":{"_angie_page":false,"_jetpack_newsletter_access":"","_jetpack_dont_email_post_to_subs":true,"_jetpack_newsletter_tier_id":0,"_jetpack_memberships_contains_paywalled_content":false,"page_builder":"","_jetpack_feature_clip_id":0,"_jetpack_memberships_contains_paid_content":false,"footnotes":"","jetpack_post_was_ever_published":false,"_members_access_role":[],"_members_access_error":""},"categories":[38],"tags":[],"class_list":["post-51467","post","type-post","status-publish","format-standard","has-post-thumbnail","hentry","category-dom-tom"],"yoast_head":"<!-- This site is optimized with the Yoast SEO plugin v28.3 - https:\/\/yoast.com\/product\/yoast-seo-wordpress\/ -->\n<title>FO Justice Polyn\u00e9sie note de remerciement : Mauruuru Roa \u00e0 toutes et \u00e0 tous ! Mobilisation du 27 ao\u00fbt 2026 - CD de Tatutu - Syndicat FO Justice<\/title>\n<meta name=\"description\" content=\"Syndicat FO Justice - DOM-TOM - FO Justice Polyn\u00e9sie note de remerciement : Mauruuru Roa \u00e0 toutes et \u00e0 tous ! Mobilisation du 27 ao\u00fbt 2026 - CD de Tatutu\" \/>\n<meta name=\"robots\" content=\"index, follow, max-snippet:-1, max-image-preview:large, max-video-preview:-1\" \/>\n<link rel=\"canonical\" href=\"https:\/\/fojustice.fr\/web\/fo-justice-polynesie-note-de-remerciement-mauruuru-roa-a-toutes-et-a-tous-mobilisation-du-27-aout-2026-cd-de-tatutu\/\" \/>\n<meta property=\"og:locale\" content=\"fr_FR\" \/>\n<meta property=\"og:type\" content=\"article\" \/>\n<meta property=\"og:title\" content=\"FO Justice Polyn\u00e9sie note de remerciement : Mauruuru Roa \u00e0 toutes et \u00e0 tous ! Mobilisation du 27 ao\u00fbt 2026 - CD de Tatutu - Syndicat FO Justice\" \/>\n<meta property=\"og:description\" content=\"Syndicat FO Justice - DOM-TOM - FO Justice Polyn\u00e9sie note de remerciement : Mauruuru Roa \u00e0 toutes et \u00e0 tous ! Mobilisation du 27 ao\u00fbt 2026 - CD de Tatutu\" \/>\n<meta property=\"og:url\" content=\"https:\/\/fojustice.fr\/web\/fo-justice-polynesie-note-de-remerciement-mauruuru-roa-a-toutes-et-a-tous-mobilisation-du-27-aout-2026-cd-de-tatutu\/\" \/>\n<meta property=\"og:site_name\" content=\"Syndicat FO Justice\" \/>\n<meta property=\"article:publisher\" content=\"https:\/\/www.facebook.com\/SyndicatFoJustice\" \/>\n<meta property=\"article:published_time\" content=\"2026-09-01T10:51:16+00:00\" \/>\n<meta property=\"og:image\" content=\"https:\/\/fojustice.fr\/web\/wp-content\/uploads\/2026\/09\/A.jpeg\" \/>\n\t<meta property=\"og:image:width\" content=\"1600\" \/>\n\t<meta property=\"og:image:height\" content=\"747\" \/>\n\t<meta property=\"og:image:type\" content=\"image\/jpeg\" \/>\n<meta name=\"author\" content=\"adminfojustice\" \/>\n<meta name=\"twitter:card\" content=\"summary_large_image\" \/>\n<meta name=\"twitter:creator\" content=\"@SyndFoJustice\" \/>\n<meta name=\"twitter:site\" content=\"@SyndFoJustice\" \/>\n<meta name=\"twitter:label1\" content=\"\u00c9crit par\" \/>\n\t<meta name=\"twitter:data1\" content=\"adminfojustice\" \/>\n\t<meta name=\"twitter:label2\" content=\"Dur\u00e9e de lecture estim\u00e9e\" \/>\n\t<meta name=\"twitter:data2\" content=\"2 minutes\" \/>\n<script type=\"application\/ld+json\" class=\"yoast-schema-graph\">{\"@context\":\"https:\\\/\\\/schema.org\",\"@graph\":[{\"@type\":\"NewsArticle\",\"@id\":\"https:\\\/\\\/fojustice.fr\\\/web\\\/fo-justice-polynesie-note-de-remerciement-mauruuru-roa-a-toutes-et-a-tous-mobilisation-du-27-aout-2026-cd-de-tatutu\\\/#article\",\"isPartOf\":{\"@id\":\"https:\\\/\\\/fojustice.fr\\\/web\\\/fo-justice-polynesie-note-de-remerciement-mauruuru-roa-a-toutes-et-a-tous-mobilisation-du-27-aout-2026-cd-de-tatutu\\\/\"},\"author\":{\"name\":\"adminfojustice\",\"@id\":\"https:\\\/\\\/fojustice.fr\\\/web\\\/#\\\/schema\\\/person\\\/a51cb9c3495ce0ca62b78fc96ac3bf9f\"},\"headline\":\"FO Justice Polyn\u00e9sie note de remerciement : Mauruuru Roa \u00e0 toutes et \u00e0 tous ! Mobilisation du 27 ao\u00fbt 2026 &#8211; CD de Tatutu\",\"datePublished\":\"2026-09-01T10:51:16+00:00\",\"mainEntityOfPage\":{\"@id\":\"https:\\\/\\\/fojustice.fr\\\/web\\\/fo-justice-polynesie-note-de-remerciement-mauruuru-roa-a-toutes-et-a-tous-mobilisation-du-27-aout-2026-cd-de-tatutu\\\/\"},\"wordCount\":474,\"commentCount\":0,\"publisher\":{\"@id\":\"https:\\\/\\\/fojustice.fr\\\/web\\\/#organization\"},\"image\":{\"@id\":\"https:\\\/\\\/fojustice.fr\\\/web\\\/fo-justice-polynesie-note-de-remerciement-mauruuru-roa-a-toutes-et-a-tous-mobilisation-du-27-aout-2026-cd-de-tatutu\\\/#primaryimage\"},\"thumbnailUrl\":\"https:\\\/\\\/fojustice.fr\\\/web\\\/wp-content\\\/uploads\\\/2026\\\/09\\\/A.jpeg\",\"articleSection\":[\"DOM-TOM\"],\"inLanguage\":\"fr-FR\",\"potentialAction\":[{\"@type\":\"CommentAction\",\"name\":\"Comment\",\"target\":[\"https:\\\/\\\/fojustice.fr\\\/web\\\/fo-justice-polynesie-note-de-remerciement-mauruuru-roa-a-toutes-et-a-tous-mobilisation-du-27-aout-2026-cd-de-tatutu\\\/#respond\"]}]},{\"@type\":\"WebPage\",\"@id\":\"https:\\\/\\\/fojustice.fr\\\/web\\\/fo-justice-polynesie-note-de-remerciement-mauruuru-roa-a-toutes-et-a-tous-mobilisation-du-27-aout-2026-cd-de-tatutu\\\/\",\"url\":\"https:\\\/\\\/fojustice.fr\\\/web\\\/fo-justice-polynesie-note-de-remerciement-mauruuru-roa-a-toutes-et-a-tous-mobilisation-du-27-aout-2026-cd-de-tatutu\\\/\",\"name\":\"FO Justice Polyn\u00e9sie note de remerciement : Mauruuru Roa \u00e0 toutes et \u00e0 tous ! Mobilisation du 27 ao\u00fbt 2026 - CD de Tatutu - Syndicat FO Justice\",\"isPartOf\":{\"@id\":\"https:\\\/\\\/fojustice.fr\\\/web\\\/#website\"},\"primaryImageOfPage\":{\"@id\":\"https:\\\/\\\/fojustice.fr\\\/web\\\/fo-justice-polynesie-note-de-remerciement-mauruuru-roa-a-toutes-et-a-tous-mobilisation-du-27-aout-2026-cd-de-tatutu\\\/#primaryimage\"},\"image\":{\"@id\":\"https:\\\/\\\/fojustice.fr\\\/web\\\/fo-justice-polynesie-note-de-remerciement-mauruuru-roa-a-toutes-et-a-tous-mobilisation-du-27-aout-2026-cd-de-tatutu\\\/#primaryimage\"},\"thumbnailUrl\":\"https:\\\/\\\/fojustice.fr\\\/web\\\/wp-content\\\/uploads\\\/2026\\\/09\\\/A.jpeg\",\"datePublished\":\"2026-09-01T10:51:16+00:00\",\"description\":\"Syndicat FO Justice - DOM-TOM - FO Justice Polyn\u00e9sie note de remerciement : Mauruuru Roa \u00e0 toutes et \u00e0 tous ! Mobilisation du 27 ao\u00fbt 2026 - CD de Tatutu\",\"breadcrumb\":{\"@id\":\"https:\\\/\\\/fojustice.fr\\\/web\\\/fo-justice-polynesie-note-de-remerciement-mauruuru-roa-a-toutes-et-a-tous-mobilisation-du-27-aout-2026-cd-de-tatutu\\\/#breadcrumb\"},\"inLanguage\":\"fr-FR\",\"potentialAction\":[{\"@type\":\"ReadAction\",\"target\":[\"https:\\\/\\\/fojustice.fr\\\/web\\\/fo-justice-polynesie-note-de-remerciement-mauruuru-roa-a-toutes-et-a-tous-mobilisation-du-27-aout-2026-cd-de-tatutu\\\/\"]}]},{\"@type\":\"ImageObject\",\"inLanguage\":\"fr-FR\",\"@id\":\"https:\\\/\\\/fojustice.fr\\\/web\\\/fo-justice-polynesie-note-de-remerciement-mauruuru-roa-a-toutes-et-a-tous-mobilisation-du-27-aout-2026-cd-de-tatutu\\\/#primaryimage\",\"url\":\"https:\\\/\\\/fojustice.fr\\\/web\\\/wp-content\\\/uploads\\\/2026\\\/09\\\/A.jpeg\",\"contentUrl\":\"https:\\\/\\\/fojustice.fr\\\/web\\\/wp-content\\\/uploads\\\/2026\\\/09\\\/A.jpeg\",\"width\":1600,\"height\":747},{\"@type\":\"BreadcrumbList\",\"@id\":\"https:\\\/\\\/fojustice.fr\\\/web\\\/fo-justice-polynesie-note-de-remerciement-mauruuru-roa-a-toutes-et-a-tous-mobilisation-du-27-aout-2026-cd-de-tatutu\\\/#breadcrumb\",\"itemListElement\":[{\"@type\":\"ListItem\",\"position\":1,\"name\":\"Accueil\",\"item\":\"https:\\\/\\\/fojustice.fr\\\/web\\\/\"},{\"@type\":\"ListItem\",\"position\":2,\"name\":\"FO Justice Polyn\u00e9sie note de remerciement : Mauruuru Roa \u00e0 toutes et \u00e0 tous ! Mobilisation du 27 ao\u00fbt 2026 &#8211; CD de Tatutu\"}]},{\"@type\":\"WebSite\",\"@id\":\"https:\\\/\\\/fojustice.fr\\\/web\\\/#website\",\"url\":\"https:\\\/\\\/fojustice.fr\\\/web\\\/\",\"name\":\"Syndicat FO Justice\",\"description\":\"Site du Syndicat National FO Justice\",\"publisher\":{\"@id\":\"https:\\\/\\\/fojustice.fr\\\/web\\\/#organization\"},\"alternateName\":\"Syndicat National FO Justice\",\"potentialAction\":[{\"@type\":\"SearchAction\",\"target\":{\"@type\":\"EntryPoint\",\"urlTemplate\":\"https:\\\/\\\/fojustice.fr\\\/web\\\/?s={search_term_string}\"},\"query-input\":{\"@type\":\"PropertyValueSpecification\",\"valueRequired\":true,\"valueName\":\"search_term_string\"}}],\"inLanguage\":\"fr-FR\"},{\"@type\":\"Organization\",\"@id\":\"https:\\\/\\\/fojustice.fr\\\/web\\\/#organization\",\"name\":\"Syndicat National FO Justice\",\"alternateName\":\"Syndicat National FO Justice\",\"url\":\"https:\\\/\\\/fojustice.fr\\\/web\\\/\",\"logo\":{\"@type\":\"ImageObject\",\"inLanguage\":\"fr-FR\",\"@id\":\"https:\\\/\\\/fojustice.fr\\\/web\\\/#\\\/schema\\\/logo\\\/image\\\/\",\"url\":\"https:\\\/\\\/fojustice.fr\\\/web\\\/wp-content\\\/uploads\\\/2022\\\/03\\\/logo-fo-justice.png\",\"contentUrl\":\"https:\\\/\\\/fojustice.fr\\\/web\\\/wp-content\\\/uploads\\\/2022\\\/03\\\/logo-fo-justice.png\",\"width\":800,\"height\":800,\"caption\":\"Syndicat National FO Justice\"},\"image\":{\"@id\":\"https:\\\/\\\/fojustice.fr\\\/web\\\/#\\\/schema\\\/logo\\\/image\\\/\"},\"sameAs\":[\"https:\\\/\\\/www.facebook.com\\\/SyndicatFoJustice\",\"https:\\\/\\\/x.com\\\/SyndFoJustice\"]},{\"@type\":\"Person\",\"@id\":\"https:\\\/\\\/fojustice.fr\\\/web\\\/#\\\/schema\\\/person\\\/a51cb9c3495ce0ca62b78fc96ac3bf9f\",\"name\":\"adminfojustice\",\"image\":{\"@type\":\"ImageObject\",\"inLanguage\":\"fr-FR\",\"@id\":\"https:\\\/\\\/secure.gravatar.com\\\/avatar\\\/368884c0ecc46e53d83c0c3c0af4c6c30a6bbc2aab7535848950f43a950bfd4e?s=96&d=mm&r=g\",\"url\":\"https:\\\/\\\/secure.gravatar.com\\\/avatar\\\/368884c0ecc46e53d83c0c3c0af4c6c30a6bbc2aab7535848950f43a950bfd4e?s=96&d=mm&r=g\",\"contentUrl\":\"https:\\\/\\\/secure.gravatar.com\\\/avatar\\\/368884c0ecc46e53d83c0c3c0af4c6c30a6bbc2aab7535848950f43a950bfd4e?s=96&d=mm&r=g\",\"caption\":\"adminfojustice\"},\"sameAs\":[\"https:\\\/\\\/www.fojustice.fr\\\/web\"],\"url\":\"https:\\\/\\\/fojustice.fr\\\/web\\\/author\\\/adminfojustice\\\/\"}]}<\/script>\n<!-- \/ Yoast SEO plugin. -->","yoast_head_json":{"title":"FO Justice Polyn\u00e9sie note de remerciement : Mauruuru Roa \u00e0 toutes et \u00e0 tous ! Mobilisation du 27 ao\u00fbt 2026 - CD de Tatutu - Syndicat FO Justice","description":"Syndicat FO Justice - DOM-TOM - FO Justice Polyn\u00e9sie note de remerciement : Mauruuru Roa \u00e0 toutes et \u00e0 tous ! Mobilisation du 27 ao\u00fbt 2026 - CD de Tatutu","robots":{"index":"index","follow":"follow","max-snippet":"max-snippet:-1","max-image-preview":"max-image-preview:large","max-video-preview":"max-video-preview:-1"},"canonical":"https:\/\/fojustice.fr\/web\/fo-justice-polynesie-note-de-remerciement-mauruuru-roa-a-toutes-et-a-tous-mobilisation-du-27-aout-2026-cd-de-tatutu\/","og_locale":"fr_FR","og_type":"article","og_title":"FO Justice Polyn\u00e9sie note de remerciement : Mauruuru Roa \u00e0 toutes et \u00e0 tous ! Mobilisation du 27 ao\u00fbt 2026 - CD de Tatutu - Syndicat FO Justice","og_description":"Syndicat FO Justice - DOM-TOM - FO Justice Polyn\u00e9sie note de remerciement : Mauruuru Roa \u00e0 toutes et \u00e0 tous ! Mobilisation du 27 ao\u00fbt 2026 - CD de Tatutu","og_url":"https:\/\/fojustice.fr\/web\/fo-justice-polynesie-note-de-remerciement-mauruuru-roa-a-toutes-et-a-tous-mobilisation-du-27-aout-2026-cd-de-tatutu\/","og_site_name":"Syndicat FO Justice","article_publisher":"https:\/\/www.facebook.com\/SyndicatFoJustice","article_published_time":"2026-09-01T10:51:16+00:00","og_image":[{"width":1600,"height":747,"url":"https:\/\/fojustice.fr\/web\/wp-content\/uploads\/2026\/09\/A.jpeg","type":"image\/jpeg"}],"author":"adminfojustice","twitter_card":"summary_large_image","twitter_creator":"@SyndFoJustice","twitter_site":"@SyndFoJustice","twitter_misc":{"\u00c9crit par":"adminfojustice","Dur\u00e9e de lecture estim\u00e9e":"2 minutes"},"schema":{"@context":"https:\/\/schema.org","@graph":[{"@type":"NewsArticle","@id":"https:\/\/fojustice.fr\/web\/fo-justice-polynesie-note-de-remerciement-mauruuru-roa-a-toutes-et-a-tous-mobilisation-du-27-aout-2026-cd-de-tatutu\/#article","isPartOf":{"@id":"https:\/\/fojustice.fr\/web\/fo-justice-polynesie-note-de-remerciement-mauruuru-roa-a-toutes-et-a-tous-mobilisation-du-27-aout-2026-cd-de-tatutu\/"},"author":{"name":"adminfojustice","@id":"https:\/\/fojustice.fr\/web\/#\/schema\/person\/a51cb9c3495ce0ca62b78fc96ac3bf9f"},"headline":"FO Justice Polyn\u00e9sie note de remerciement : Mauruuru Roa \u00e0 toutes et \u00e0 tous ! Mobilisation du 27 ao\u00fbt 2026 &#8211; CD de Tatutu","datePublished":"2026-09-01T10:51:16+00:00","mainEntityOfPage":{"@id":"https:\/\/fojustice.fr\/web\/fo-justice-polynesie-note-de-remerciement-mauruuru-roa-a-toutes-et-a-tous-mobilisation-du-27-aout-2026-cd-de-tatutu\/"},"wordCount":474,"commentCount":0,"publisher":{"@id":"https:\/\/fojustice.fr\/web\/#organization"},"image":{"@id":"https:\/\/fojustice.fr\/web\/fo-justice-polynesie-note-de-remerciement-mauruuru-roa-a-toutes-et-a-tous-mobilisation-du-27-aout-2026-cd-de-tatutu\/#primaryimage"},"thumbnailUrl":"https:\/\/fojustice.fr\/web\/wp-content\/uploads\/2026\/09\/A.jpeg","articleSection":["DOM-TOM"],"inLanguage":"fr-FR","potentialAction":[{"@type":"CommentAction","name":"Comment","target":["https:\/\/fojustice.fr\/web\/fo-justice-polynesie-note-de-remerciement-mauruuru-roa-a-toutes-et-a-tous-mobilisation-du-27-aout-2026-cd-de-tatutu\/#respond"]}]},{"@type":"WebPage","@id":"https:\/\/fojustice.fr\/web\/fo-justice-polynesie-note-de-remerciement-mauruuru-roa-a-toutes-et-a-tous-mobilisation-du-27-aout-2026-cd-de-tatutu\/","url":"https:\/\/fojustice.fr\/web\/fo-justice-polynesie-note-de-remerciement-mauruuru-roa-a-toutes-et-a-tous-mobilisation-du-27-aout-2026-cd-de-tatutu\/","name":"FO Justice Polyn\u00e9sie note de remerciement : Mauruuru Roa \u00e0 toutes et \u00e0 tous ! Mobilisation du 27 ao\u00fbt 2026 - CD de Tatutu - Syndicat FO Justice","isPartOf":{"@id":"https:\/\/fojustice.fr\/web\/#website"},"primaryImageOfPage":{"@id":"https:\/\/fojustice.fr\/web\/fo-justice-polynesie-note-de-remerciement-mauruuru-roa-a-toutes-et-a-tous-mobilisation-du-27-aout-2026-cd-de-tatutu\/#primaryimage"},"image":{"@id":"https:\/\/fojustice.fr\/web\/fo-justice-polynesie-note-de-remerciement-mauruuru-roa-a-toutes-et-a-tous-mobilisation-du-27-aout-2026-cd-de-tatutu\/#primaryimage"},"thumbnailUrl":"https:\/\/fojustice.fr\/web\/wp-content\/uploads\/2026\/09\/A.jpeg","datePublished":"2026-09-01T10:51:16+00:00","description":"Syndicat FO Justice - DOM-TOM - FO Justice Polyn\u00e9sie note de remerciement : Mauruuru Roa \u00e0 toutes et \u00e0 tous ! Mobilisation du 27 ao\u00fbt 2026 - CD de Tatutu","breadcrumb":{"@id":"https:\/\/fojustice.fr\/web\/fo-justice-polynesie-note-de-remerciement-mauruuru-roa-a-toutes-et-a-tous-mobilisation-du-27-aout-2026-cd-de-tatutu\/#breadcrumb"},"inLanguage":"fr-FR","potentialAction":[{"@type":"ReadAction","target":["https:\/\/fojustice.fr\/web\/fo-justice-polynesie-note-de-remerciement-mauruuru-roa-a-toutes-et-a-tous-mobilisation-du-27-aout-2026-cd-de-tatutu\/"]}]},{"@type":"ImageObject","inLanguage":"fr-FR","@id":"https:\/\/fojustice.fr\/web\/fo-justice-polynesie-note-de-remerciement-mauruuru-roa-a-toutes-et-a-tous-mobilisation-du-27-aout-2026-cd-de-tatutu\/#primaryimage","url":"https:\/\/fojustice.fr\/web\/wp-content\/uploads\/2026\/09\/A.jpeg","contentUrl":"https:\/\/fojustice.fr\/web\/wp-content\/uploads\/2026\/09\/A.jpeg","width":1600,"height":747},{"@type":"BreadcrumbList","@id":"https:\/\/fojustice.fr\/web\/fo-justice-polynesie-note-de-remerciement-mauruuru-roa-a-toutes-et-a-tous-mobilisation-du-27-aout-2026-cd-de-tatutu\/#breadcrumb","itemListElement":[{"@type":"ListItem","position":1,"name":"Accueil","item":"https:\/\/fojustice.fr\/web\/"},{"@type":"ListItem","position":2,"name":"FO Justice Polyn\u00e9sie note de remerciement : Mauruuru Roa \u00e0 toutes et \u00e0 tous ! Mobilisation du 27 ao\u00fbt 2026 &#8211; CD de Tatutu"}]},{"@type":"WebSite","@id":"https:\/\/fojustice.fr\/web\/#website","url":"https:\/\/fojustice.fr\/web\/","name":"Syndicat FO Justice","description":"Site du Syndicat National FO Justice","publisher":{"@id":"https:\/\/fojustice.fr\/web\/#organization"},"alternateName":"Syndicat National FO Justice","potentialAction":[{"@type":"SearchAction","target":{"@type":"EntryPoint","urlTemplate":"https:\/\/fojustice.fr\/web\/?s={search_term_string}"},"query-input":{"@type":"PropertyValueSpecification","valueRequired":true,"valueName":"search_term_string"}}],"inLanguage":"fr-FR"},{"@type":"Organization","@id":"https:\/\/fojustice.fr\/web\/#organization","name":"Syndicat National FO Justice","alternateName":"Syndicat National FO Justice","url":"https:\/\/fojustice.fr\/web\/","logo":{"@type":"ImageObject","inLanguage":"fr-FR","@id":"https:\/\/fojustice.fr\/web\/#\/schema\/logo\/image\/","url":"https:\/\/fojustice.fr\/web\/wp-content\/uploads\/2022\/03\/logo-fo-justice.png","contentUrl":"https:\/\/fojustice.fr\/web\/wp-content\/uploads\/2022\/03\/logo-fo-justice.png","width":800,"height":800,"caption":"Syndicat National FO Justice"},"image":{"@id":"https:\/\/fojustice.fr\/web\/#\/schema\/logo\/image\/"},"sameAs":["https:\/\/www.facebook.com\/SyndicatFoJustice","https:\/\/x.com\/SyndFoJustice"]},{"@type":"Person","@id":"https:\/\/fojustice.fr\/web\/#\/schema\/person\/a51cb9c3495ce0ca62b78fc96ac3bf9f","name":"adminfojustice","image":{"@type":"ImageObject","inLanguage":"fr-FR","@id":"https:\/\/secure.gravatar.com\/avatar\/368884c0ecc46e53d83c0c3c0af4c6c30a6bbc2aab7535848950f43a950bfd4e?s=96&d=mm&r=g","url":"https:\/\/secure.gravatar.com\/avatar\/368884c0ecc46e53d83c0c3c0af4c6c30a6bbc2aab7535848950f43a950bfd4e?s=96&d=mm&r=g","contentUrl":"https:\/\/secure.gravatar.com\/avatar\/368884c0ecc46e53d83c0c3c0af4c6c30a6bbc2aab7535848950f43a950bfd4e?s=96&d=mm&r=g","caption":"adminfojustice"},"sameAs":["https:\/\/www.fojustice.fr\/web"],"url":"https:\/\/fojustice.fr\/web\/author\/adminfojustice\/"}]}},"jetpack_shortlink":"https:\/\/wp.me\/pdNWl1-do7","jetpack_sharing_enabled":true,"jetpack_featured_media_url":"https:\/\/fojustice.fr\/web\/wp-content\/uploads\/2026\/09\/A.jpeg","_links":{"self":[{"href":"https:\/\/fojustice.fr\/web\/wp-json\/wp\/v2\/posts\/51467","targetHints":{"allow":["GET"]}}],"collection":[{"href":"https:\/\/fojustice.fr\/web\/wp-json\/wp\/v2\/posts"}],"about":[{"href":"https:\/\/fojustice.fr\/web\/wp-json\/wp\/v2\/types\/post"}],"author":[{"embeddable":true,"href":"https:\/\/fojustice.fr\/web\/wp-json\/wp\/v2\/users\/1"}],"replies":[{"embeddable":true,"href":"https:\/\/fojustice.fr\/web\/wp-json\/wp\/v2\/comments?post=51467"}],"version-history":[{"count":1,"href":"https:\/\/fojustice.fr\/web\/wp-json\/wp\/v2\/posts\/51467\/revisions"}],"predecessor-version":[{"id":51470,"href":"https:\/\/fojustice.fr\/web\/wp-json\/wp\/v2\/posts\/51467\/revisions\/51470"}],"wp:featuredmedia":[{"embeddable":true,"href":"https:\/\/fojustice.fr\/web\/wp-json\/wp\/v2\/media\/51469"}],"wp:attachment":[{"href":"https:\/\/fojustice.fr\/web\/wp-json\/wp\/v2\/media?parent=51467"}],"wp:term":[{"taxonomy":"category","embeddable":true,"href":"https:\/\/fojustice.fr\/web\/wp-json\/wp\/v2\/categories?post=51467"},{"taxonomy":"post_tag","embeddable":true,"href":"https:\/\/fojustice.fr\/web\/wp-json\/wp\/v2\/tags?post=51467"}],"curies":[{"name":"wp","href":"https:\/\/api.w.org\/{rel}","templated":true}]}}