{"id":51464,"date":"2026-09-01T11:37:33","date_gmt":"2026-09-01T09:37:33","guid":{"rendered":"https:\/\/fojustice.fr\/web\/?p=51464"},"modified":"2026-09-01T11:37:33","modified_gmt":"2026-09-01T09:37:33","slug":"prison-de-reims-rentree-scolaire-encore-une-fois-lanticipation","status":"publish","type":"post","link":"https:\/\/fojustice.fr\/web\/prison-de-reims-rentree-scolaire-encore-une-fois-lanticipation\/","title":{"rendered":"Prison de Reims : Rentr\u00e9e scolaire, encore une fois, l&#8217;anticipation"},"content":{"rendered":"<p class=\"p1\"><b>\u00c0 Reims, rien ne change\u2026 et surtout pas la mani\u00e8re de g\u00e9rer les situations !<\/b><\/p>\n<p class=\"p1\">La rentr\u00e9e scolaire \u00e9tait pourtant pr\u00e9visible. Elle ne tombe pas du ciel et elle revient chaque ann\u00e9e.<\/p>\n<p class=\"p1\">Alors une question simple se pose : <b>comment est-il possible de vouloir satisfaire toutes les <\/b><b>demandes de rentr\u00e9e scolaire sans aucune anticipation ?<\/b><\/p>\n<p class=\"p1\">\u21d2 O\u00f9 est la note de service permettant de recenser les agents souhaitant effectuer la rentr\u00e9e scolaire de leurs enfants ?<\/p>\n<p class=\"p1\">\u21d2 Pourquoi ne pas avoir anticip\u00e9 les demandes afin de construire un planning coh\u00e9rent et \u00e9quitable ?<\/p>\n<p class=\"p1\">\u21d2 Pourquoi avoir positionn\u00e9 principalement des agents qui avaient fait leur demande d&#8217;autorisation d&#8217;absences \u00e0 cette date?<\/p>\n<p class=\"p1\">R\u00e9sultat : <b>ce matin, un agent se retrouve en poste de jour<\/b>, tandis qu\u2019un <b>service de nuit est bloqu\u00e9 <\/b><b>afin de maintenir les postes n\u00e9cessaires au fonctionnement de l\u2019\u00e9tablissement.<\/b><\/p>\n<p class=\"p1\">Voil\u00e0 donc o\u00f9 nous en sommes : <b>on g\u00e8re dans l\u2019urgence une situation qui \u00e9tait parfaitement <\/b><b>pr\u00e9visible.<\/b><\/p>\n<p class=\"p1\"><b>ET L\u2019IMAGE DONN\u00c9E \u00c0 NOS COLL\u00c8GUES ?<\/b><\/p>\n<p class=\"p1\">Quel message envoyons-nous \u00e0 nos <b>nouveaux coll\u00e8gues<\/b> qui d\u00e9couvrent l\u2019\u00e9tablissement ?<\/p>\n<p class=\"p1\">Quelle image donnons-nous \u00e0 notre <b>nouvel adjoint au chef de d\u00e9tention<\/b> ?<\/p>\n<p class=\"p1\">Comment pouvons-nous demander aux personnels de faire preuve d\u2019anticipation, de rigueur et de professionnalisme lorsque la gestion de l\u2019\u00e9tablissement semble, elle-m\u00eame, fonctionner au dernier moment ?<\/p>\n<p class=\"p1\">\u00c0 Reims, <b>on pensait avoir touch\u00e9 le fond\u2026 mais visiblement, le chef d\u2019\u00e9tablissement continue de <\/b><b>creuser.<\/b><\/p>\n<p class=\"p1\">Il serait peut-\u00eatre temps de <b>regarder si l\u2019herbe est r\u00e9ellement plus verte ailleurs<\/b>, car \u00e0 force de creuser, nous risquons surtout de finir par enterrer d\u00e9finitivement notre \u00e9tablissement.<\/p>\n<p class=\"p1\"><b>Le personnel m\u00e9rite mieux.<\/b><\/p>\n<p class=\"p1\"><b>Notre \u00e9tablissement m\u00e9rite mieux.<\/b><\/p>\n<p class=\"p1\"><b>Et nos coll\u00e8gues m\u00e9ritent une <\/b><b>gestion \u00e0 la hauteur des responsabilit\u00e9s qui leur sont confi\u00e9es.<\/b><\/p>\n<p class=\"p1\"><b>L\u2019ANTICIPATION N\u2019EST PAS UNE OPTION : C\u2019EST UNE RESPONSABILIT\u00c9.<\/b><\/p>\n<p class=\"p1\"><b>Le syndicat continuera de d\u00e9noncer les d\u00e9cisions prises dans l\u2019urgence et leurs cons\u00e9quences sur <\/b><b>les personnels et le fonctionnement du service.<\/b><\/p>\n<p><a href=\"https:\/\/fojustice.fr\/web\/wp-content\/uploads\/2026\/09\/Copie-de-010926.pdf\">Lire le communiqu\u00e9<\/a><\/p>\n","protected":false},"excerpt":{"rendered":"<p>\u00c0 Reims, rien ne change\u2026 et surtout pas la mani\u00e8re de g\u00e9rer les situations ! La rentr\u00e9e scolaire \u00e9tait pourtant pr\u00e9visible. Elle ne tombe pas du ciel et elle revient chaque ann\u00e9e. Alors une question simple se pose : comment est-il possible de vouloir satisfaire toutes les demandes de rentr\u00e9e scolaire sans aucune anticipation ? [&hellip;]<\/p>\n","protected":false},"author":1,"featured_media":28522,"comment_status":"open","ping_status":"open","sticky":false,"template":"","format":"standard","meta":{"_angie_page":false,"_jetpack_newsletter_access":"","_jetpack_dont_email_post_to_subs":true,"_jetpack_newsletter_tier_id":0,"_jetpack_memberships_contains_paywalled_content":false,"page_builder":"","_jetpack_feature_clip_id":0,"_jetpack_memberships_contains_paid_content":false,"footnotes":"","jetpack_post_was_ever_published":false,"_members_access_role":[],"_members_access_error":""},"categories":[36],"tags":[],"class_list":["post-51464","post","type-post","status-publish","format-standard","has-post-thumbnail","hentry","category-disp-strasbourg"],"yoast_head":"<!-- This site is optimized with the Yoast SEO plugin v28.3 - https:\/\/yoast.com\/product\/yoast-seo-wordpress\/ -->\n<title>Prison de Reims : Rentr\u00e9e scolaire, encore une fois, l&#039;anticipation - Syndicat FO Justice<\/title>\n<meta name=\"description\" content=\"Syndicat FO Justice - DISP Strasbourg - Prison de Reims : Rentr\u00e9e scolaire, encore une fois, l&#039;anticipation\" \/>\n<meta name=\"robots\" content=\"index, follow, max-snippet:-1, max-image-preview:large, max-video-preview:-1\" \/>\n<link rel=\"canonical\" href=\"https:\/\/fojustice.fr\/web\/prison-de-reims-rentree-scolaire-encore-une-fois-lanticipation\/\" \/>\n<meta property=\"og:locale\" content=\"fr_FR\" \/>\n<meta property=\"og:type\" content=\"article\" \/>\n<meta property=\"og:title\" content=\"Prison de Reims : Rentr\u00e9e scolaire, encore une fois, l&#039;anticipation - Syndicat FO Justice\" \/>\n<meta property=\"og:description\" content=\"Syndicat FO Justice - DISP Strasbourg - Prison de Reims : Rentr\u00e9e scolaire, encore une fois, l&#039;anticipation\" \/>\n<meta property=\"og:url\" content=\"https:\/\/fojustice.fr\/web\/prison-de-reims-rentree-scolaire-encore-une-fois-lanticipation\/\" \/>\n<meta property=\"og:site_name\" content=\"Syndicat FO Justice\" \/>\n<meta property=\"article:publisher\" content=\"https:\/\/www.facebook.com\/SyndicatFoJustice\" \/>\n<meta property=\"article:published_time\" content=\"2026-09-01T09:37:33+00:00\" \/>\n<meta property=\"og:image\" content=\"https:\/\/fojustice.fr\/web\/wp-content\/uploads\/2024\/11\/PHOTO-2024-11-14-15-31-37.jpg\" \/>\n\t<meta property=\"og:image:width\" content=\"1535\" \/>\n\t<meta property=\"og:image:height\" content=\"1059\" \/>\n\t<meta property=\"og:image:type\" content=\"image\/jpeg\" \/>\n<meta name=\"author\" content=\"adminfojustice\" \/>\n<meta name=\"twitter:card\" content=\"summary_large_image\" \/>\n<meta name=\"twitter:creator\" content=\"@SyndFoJustice\" \/>\n<meta name=\"twitter:site\" content=\"@SyndFoJustice\" \/>\n<meta name=\"twitter:label1\" content=\"\u00c9crit par\" \/>\n\t<meta name=\"twitter:data1\" content=\"adminfojustice\" \/>\n\t<meta name=\"twitter:label2\" content=\"Dur\u00e9e de lecture estim\u00e9e\" \/>\n\t<meta name=\"twitter:data2\" content=\"2 minutes\" \/>\n<script type=\"application\/ld+json\" class=\"yoast-schema-graph\">{\"@context\":\"https:\\\/\\\/schema.org\",\"@graph\":[{\"@type\":\"NewsArticle\",\"@id\":\"https:\\\/\\\/fojustice.fr\\\/web\\\/prison-de-reims-rentree-scolaire-encore-une-fois-lanticipation\\\/#article\",\"isPartOf\":{\"@id\":\"https:\\\/\\\/fojustice.fr\\\/web\\\/prison-de-reims-rentree-scolaire-encore-une-fois-lanticipation\\\/\"},\"author\":{\"name\":\"adminfojustice\",\"@id\":\"https:\\\/\\\/fojustice.fr\\\/web\\\/#\\\/schema\\\/person\\\/a51cb9c3495ce0ca62b78fc96ac3bf9f\"},\"headline\":\"Prison de Reims : Rentr\u00e9e scolaire, encore une fois, l&#8217;anticipation\",\"datePublished\":\"2026-09-01T09:37:33+00:00\",\"mainEntityOfPage\":{\"@id\":\"https:\\\/\\\/fojustice.fr\\\/web\\\/prison-de-reims-rentree-scolaire-encore-une-fois-lanticipation\\\/\"},\"wordCount\":345,\"commentCount\":0,\"publisher\":{\"@id\":\"https:\\\/\\\/fojustice.fr\\\/web\\\/#organization\"},\"image\":{\"@id\":\"https:\\\/\\\/fojustice.fr\\\/web\\\/prison-de-reims-rentree-scolaire-encore-une-fois-lanticipation\\\/#primaryimage\"},\"thumbnailUrl\":\"https:\\\/\\\/fojustice.fr\\\/web\\\/wp-content\\\/uploads\\\/2024\\\/11\\\/PHOTO-2024-11-14-15-31-37.jpg\",\"articleSection\":[\"DISP Strasbourg\"],\"inLanguage\":\"fr-FR\",\"potentialAction\":[{\"@type\":\"CommentAction\",\"name\":\"Comment\",\"target\":[\"https:\\\/\\\/fojustice.fr\\\/web\\\/prison-de-reims-rentree-scolaire-encore-une-fois-lanticipation\\\/#respond\"]}]},{\"@type\":\"WebPage\",\"@id\":\"https:\\\/\\\/fojustice.fr\\\/web\\\/prison-de-reims-rentree-scolaire-encore-une-fois-lanticipation\\\/\",\"url\":\"https:\\\/\\\/fojustice.fr\\\/web\\\/prison-de-reims-rentree-scolaire-encore-une-fois-lanticipation\\\/\",\"name\":\"Prison de Reims : Rentr\u00e9e scolaire, encore une fois, l'anticipation - Syndicat FO Justice\",\"isPartOf\":{\"@id\":\"https:\\\/\\\/fojustice.fr\\\/web\\\/#website\"},\"primaryImageOfPage\":{\"@id\":\"https:\\\/\\\/fojustice.fr\\\/web\\\/prison-de-reims-rentree-scolaire-encore-une-fois-lanticipation\\\/#primaryimage\"},\"image\":{\"@id\":\"https:\\\/\\\/fojustice.fr\\\/web\\\/prison-de-reims-rentree-scolaire-encore-une-fois-lanticipation\\\/#primaryimage\"},\"thumbnailUrl\":\"https:\\\/\\\/fojustice.fr\\\/web\\\/wp-content\\\/uploads\\\/2024\\\/11\\\/PHOTO-2024-11-14-15-31-37.jpg\",\"datePublished\":\"2026-09-01T09:37:33+00:00\",\"description\":\"Syndicat FO Justice - DISP Strasbourg - Prison de Reims : Rentr\u00e9e scolaire, encore une fois, l'anticipation\",\"breadcrumb\":{\"@id\":\"https:\\\/\\\/fojustice.fr\\\/web\\\/prison-de-reims-rentree-scolaire-encore-une-fois-lanticipation\\\/#breadcrumb\"},\"inLanguage\":\"fr-FR\",\"potentialAction\":[{\"@type\":\"ReadAction\",\"target\":[\"https:\\\/\\\/fojustice.fr\\\/web\\\/prison-de-reims-rentree-scolaire-encore-une-fois-lanticipation\\\/\"]}]},{\"@type\":\"ImageObject\",\"inLanguage\":\"fr-FR\",\"@id\":\"https:\\\/\\\/fojustice.fr\\\/web\\\/prison-de-reims-rentree-scolaire-encore-une-fois-lanticipation\\\/#primaryimage\",\"url\":\"https:\\\/\\\/fojustice.fr\\\/web\\\/wp-content\\\/uploads\\\/2024\\\/11\\\/PHOTO-2024-11-14-15-31-37.jpg\",\"contentUrl\":\"https:\\\/\\\/fojustice.fr\\\/web\\\/wp-content\\\/uploads\\\/2024\\\/11\\\/PHOTO-2024-11-14-15-31-37.jpg\",\"width\":1535,\"height\":1059},{\"@type\":\"BreadcrumbList\",\"@id\":\"https:\\\/\\\/fojustice.fr\\\/web\\\/prison-de-reims-rentree-scolaire-encore-une-fois-lanticipation\\\/#breadcrumb\",\"itemListElement\":[{\"@type\":\"ListItem\",\"position\":1,\"name\":\"Accueil\",\"item\":\"https:\\\/\\\/fojustice.fr\\\/web\\\/\"},{\"@type\":\"ListItem\",\"position\":2,\"name\":\"Prison de Reims : Rentr\u00e9e scolaire, encore une fois, l&#8217;anticipation\"}]},{\"@type\":\"WebSite\",\"@id\":\"https:\\\/\\\/fojustice.fr\\\/web\\\/#website\",\"url\":\"https:\\\/\\\/fojustice.fr\\\/web\\\/\",\"name\":\"Syndicat FO Justice\",\"description\":\"Site du Syndicat National FO Justice\",\"publisher\":{\"@id\":\"https:\\\/\\\/fojustice.fr\\\/web\\\/#organization\"},\"alternateName\":\"Syndicat National FO Justice\",\"potentialAction\":[{\"@type\":\"SearchAction\",\"target\":{\"@type\":\"EntryPoint\",\"urlTemplate\":\"https:\\\/\\\/fojustice.fr\\\/web\\\/?s={search_term_string}\"},\"query-input\":{\"@type\":\"PropertyValueSpecification\",\"valueRequired\":true,\"valueName\":\"search_term_string\"}}],\"inLanguage\":\"fr-FR\"},{\"@type\":\"Organization\",\"@id\":\"https:\\\/\\\/fojustice.fr\\\/web\\\/#organization\",\"name\":\"Syndicat National FO Justice\",\"alternateName\":\"Syndicat National FO Justice\",\"url\":\"https:\\\/\\\/fojustice.fr\\\/web\\\/\",\"logo\":{\"@type\":\"ImageObject\",\"inLanguage\":\"fr-FR\",\"@id\":\"https:\\\/\\\/fojustice.fr\\\/web\\\/#\\\/schema\\\/logo\\\/image\\\/\",\"url\":\"https:\\\/\\\/fojustice.fr\\\/web\\\/wp-content\\\/uploads\\\/2022\\\/03\\\/logo-fo-justice.png\",\"contentUrl\":\"https:\\\/\\\/fojustice.fr\\\/web\\\/wp-content\\\/uploads\\\/2022\\\/03\\\/logo-fo-justice.png\",\"width\":800,\"height\":800,\"caption\":\"Syndicat National FO Justice\"},\"image\":{\"@id\":\"https:\\\/\\\/fojustice.fr\\\/web\\\/#\\\/schema\\\/logo\\\/image\\\/\"},\"sameAs\":[\"https:\\\/\\\/www.facebook.com\\\/SyndicatFoJustice\",\"https:\\\/\\\/x.com\\\/SyndFoJustice\"]},{\"@type\":\"Person\",\"@id\":\"https:\\\/\\\/fojustice.fr\\\/web\\\/#\\\/schema\\\/person\\\/a51cb9c3495ce0ca62b78fc96ac3bf9f\",\"name\":\"adminfojustice\",\"image\":{\"@type\":\"ImageObject\",\"inLanguage\":\"fr-FR\",\"@id\":\"https:\\\/\\\/secure.gravatar.com\\\/avatar\\\/368884c0ecc46e53d83c0c3c0af4c6c30a6bbc2aab7535848950f43a950bfd4e?s=96&d=mm&r=g\",\"url\":\"https:\\\/\\\/secure.gravatar.com\\\/avatar\\\/368884c0ecc46e53d83c0c3c0af4c6c30a6bbc2aab7535848950f43a950bfd4e?s=96&d=mm&r=g\",\"contentUrl\":\"https:\\\/\\\/secure.gravatar.com\\\/avatar\\\/368884c0ecc46e53d83c0c3c0af4c6c30a6bbc2aab7535848950f43a950bfd4e?s=96&d=mm&r=g\",\"caption\":\"adminfojustice\"},\"sameAs\":[\"https:\\\/\\\/www.fojustice.fr\\\/web\"],\"url\":\"https:\\\/\\\/fojustice.fr\\\/web\\\/author\\\/adminfojustice\\\/\"}]}<\/script>\n<!-- \/ Yoast SEO plugin. -->","yoast_head_json":{"title":"Prison de Reims : Rentr\u00e9e scolaire, encore une fois, l'anticipation - Syndicat FO Justice","description":"Syndicat FO Justice - DISP Strasbourg - Prison de Reims : Rentr\u00e9e scolaire, encore une fois, l'anticipation","robots":{"index":"index","follow":"follow","max-snippet":"max-snippet:-1","max-image-preview":"max-image-preview:large","max-video-preview":"max-video-preview:-1"},"canonical":"https:\/\/fojustice.fr\/web\/prison-de-reims-rentree-scolaire-encore-une-fois-lanticipation\/","og_locale":"fr_FR","og_type":"article","og_title":"Prison de Reims : Rentr\u00e9e scolaire, encore une fois, l'anticipation - Syndicat FO Justice","og_description":"Syndicat FO Justice - DISP Strasbourg - Prison de Reims : Rentr\u00e9e scolaire, encore une fois, l'anticipation","og_url":"https:\/\/fojustice.fr\/web\/prison-de-reims-rentree-scolaire-encore-une-fois-lanticipation\/","og_site_name":"Syndicat FO Justice","article_publisher":"https:\/\/www.facebook.com\/SyndicatFoJustice","article_published_time":"2026-09-01T09:37:33+00:00","og_image":[{"width":1535,"height":1059,"url":"https:\/\/fojustice.fr\/web\/wp-content\/uploads\/2024\/11\/PHOTO-2024-11-14-15-31-37.jpg","type":"image\/jpeg"}],"author":"adminfojustice","twitter_card":"summary_large_image","twitter_creator":"@SyndFoJustice","twitter_site":"@SyndFoJustice","twitter_misc":{"\u00c9crit par":"adminfojustice","Dur\u00e9e de lecture estim\u00e9e":"2 minutes"},"schema":{"@context":"https:\/\/schema.org","@graph":[{"@type":"NewsArticle","@id":"https:\/\/fojustice.fr\/web\/prison-de-reims-rentree-scolaire-encore-une-fois-lanticipation\/#article","isPartOf":{"@id":"https:\/\/fojustice.fr\/web\/prison-de-reims-rentree-scolaire-encore-une-fois-lanticipation\/"},"author":{"name":"adminfojustice","@id":"https:\/\/fojustice.fr\/web\/#\/schema\/person\/a51cb9c3495ce0ca62b78fc96ac3bf9f"},"headline":"Prison de Reims : Rentr\u00e9e scolaire, encore une fois, l&#8217;anticipation","datePublished":"2026-09-01T09:37:33+00:00","mainEntityOfPage":{"@id":"https:\/\/fojustice.fr\/web\/prison-de-reims-rentree-scolaire-encore-une-fois-lanticipation\/"},"wordCount":345,"commentCount":0,"publisher":{"@id":"https:\/\/fojustice.fr\/web\/#organization"},"image":{"@id":"https:\/\/fojustice.fr\/web\/prison-de-reims-rentree-scolaire-encore-une-fois-lanticipation\/#primaryimage"},"thumbnailUrl":"https:\/\/fojustice.fr\/web\/wp-content\/uploads\/2024\/11\/PHOTO-2024-11-14-15-31-37.jpg","articleSection":["DISP Strasbourg"],"inLanguage":"fr-FR","potentialAction":[{"@type":"CommentAction","name":"Comment","target":["https:\/\/fojustice.fr\/web\/prison-de-reims-rentree-scolaire-encore-une-fois-lanticipation\/#respond"]}]},{"@type":"WebPage","@id":"https:\/\/fojustice.fr\/web\/prison-de-reims-rentree-scolaire-encore-une-fois-lanticipation\/","url":"https:\/\/fojustice.fr\/web\/prison-de-reims-rentree-scolaire-encore-une-fois-lanticipation\/","name":"Prison de Reims : Rentr\u00e9e scolaire, encore une fois, l'anticipation - Syndicat FO Justice","isPartOf":{"@id":"https:\/\/fojustice.fr\/web\/#website"},"primaryImageOfPage":{"@id":"https:\/\/fojustice.fr\/web\/prison-de-reims-rentree-scolaire-encore-une-fois-lanticipation\/#primaryimage"},"image":{"@id":"https:\/\/fojustice.fr\/web\/prison-de-reims-rentree-scolaire-encore-une-fois-lanticipation\/#primaryimage"},"thumbnailUrl":"https:\/\/fojustice.fr\/web\/wp-content\/uploads\/2024\/11\/PHOTO-2024-11-14-15-31-37.jpg","datePublished":"2026-09-01T09:37:33+00:00","description":"Syndicat FO Justice - DISP Strasbourg - Prison de Reims : Rentr\u00e9e scolaire, encore une fois, l'anticipation","breadcrumb":{"@id":"https:\/\/fojustice.fr\/web\/prison-de-reims-rentree-scolaire-encore-une-fois-lanticipation\/#breadcrumb"},"inLanguage":"fr-FR","potentialAction":[{"@type":"ReadAction","target":["https:\/\/fojustice.fr\/web\/prison-de-reims-rentree-scolaire-encore-une-fois-lanticipation\/"]}]},{"@type":"ImageObject","inLanguage":"fr-FR","@id":"https:\/\/fojustice.fr\/web\/prison-de-reims-rentree-scolaire-encore-une-fois-lanticipation\/#primaryimage","url":"https:\/\/fojustice.fr\/web\/wp-content\/uploads\/2024\/11\/PHOTO-2024-11-14-15-31-37.jpg","contentUrl":"https:\/\/fojustice.fr\/web\/wp-content\/uploads\/2024\/11\/PHOTO-2024-11-14-15-31-37.jpg","width":1535,"height":1059},{"@type":"BreadcrumbList","@id":"https:\/\/fojustice.fr\/web\/prison-de-reims-rentree-scolaire-encore-une-fois-lanticipation\/#breadcrumb","itemListElement":[{"@type":"ListItem","position":1,"name":"Accueil","item":"https:\/\/fojustice.fr\/web\/"},{"@type":"ListItem","position":2,"name":"Prison de Reims : Rentr\u00e9e scolaire, encore une fois, l&#8217;anticipation"}]},{"@type":"WebSite","@id":"https:\/\/fojustice.fr\/web\/#website","url":"https:\/\/fojustice.fr\/web\/","name":"Syndicat FO Justice","description":"Site du Syndicat National FO Justice","publisher":{"@id":"https:\/\/fojustice.fr\/web\/#organization"},"alternateName":"Syndicat National FO Justice","potentialAction":[{"@type":"SearchAction","target":{"@type":"EntryPoint","urlTemplate":"https:\/\/fojustice.fr\/web\/?s={search_term_string}"},"query-input":{"@type":"PropertyValueSpecification","valueRequired":true,"valueName":"search_term_string"}}],"inLanguage":"fr-FR"},{"@type":"Organization","@id":"https:\/\/fojustice.fr\/web\/#organization","name":"Syndicat National FO Justice","alternateName":"Syndicat National FO Justice","url":"https:\/\/fojustice.fr\/web\/","logo":{"@type":"ImageObject","inLanguage":"fr-FR","@id":"https:\/\/fojustice.fr\/web\/#\/schema\/logo\/image\/","url":"https:\/\/fojustice.fr\/web\/wp-content\/uploads\/2022\/03\/logo-fo-justice.png","contentUrl":"https:\/\/fojustice.fr\/web\/wp-content\/uploads\/2022\/03\/logo-fo-justice.png","width":800,"height":800,"caption":"Syndicat National FO Justice"},"image":{"@id":"https:\/\/fojustice.fr\/web\/#\/schema\/logo\/image\/"},"sameAs":["https:\/\/www.facebook.com\/SyndicatFoJustice","https:\/\/x.com\/SyndFoJustice"]},{"@type":"Person","@id":"https:\/\/fojustice.fr\/web\/#\/schema\/person\/a51cb9c3495ce0ca62b78fc96ac3bf9f","name":"adminfojustice","image":{"@type":"ImageObject","inLanguage":"fr-FR","@id":"https:\/\/secure.gravatar.com\/avatar\/368884c0ecc46e53d83c0c3c0af4c6c30a6bbc2aab7535848950f43a950bfd4e?s=96&d=mm&r=g","url":"https:\/\/secure.gravatar.com\/avatar\/368884c0ecc46e53d83c0c3c0af4c6c30a6bbc2aab7535848950f43a950bfd4e?s=96&d=mm&r=g","contentUrl":"https:\/\/secure.gravatar.com\/avatar\/368884c0ecc46e53d83c0c3c0af4c6c30a6bbc2aab7535848950f43a950bfd4e?s=96&d=mm&r=g","caption":"adminfojustice"},"sameAs":["https:\/\/www.fojustice.fr\/web"],"url":"https:\/\/fojustice.fr\/web\/author\/adminfojustice\/"}]}},"jetpack_shortlink":"https:\/\/wp.me\/pdNWl1-do4","jetpack_sharing_enabled":true,"jetpack_featured_media_url":"https:\/\/fojustice.fr\/web\/wp-content\/uploads\/2024\/11\/PHOTO-2024-11-14-15-31-37.jpg","_links":{"self":[{"href":"https:\/\/fojustice.fr\/web\/wp-json\/wp\/v2\/posts\/51464","targetHints":{"allow":["GET"]}}],"collection":[{"href":"https:\/\/fojustice.fr\/web\/wp-json\/wp\/v2\/posts"}],"about":[{"href":"https:\/\/fojustice.fr\/web\/wp-json\/wp\/v2\/types\/post"}],"author":[{"embeddable":true,"href":"https:\/\/fojustice.fr\/web\/wp-json\/wp\/v2\/users\/1"}],"replies":[{"embeddable":true,"href":"https:\/\/fojustice.fr\/web\/wp-json\/wp\/v2\/comments?post=51464"}],"version-history":[{"count":1,"href":"https:\/\/fojustice.fr\/web\/wp-json\/wp\/v2\/posts\/51464\/revisions"}],"predecessor-version":[{"id":51466,"href":"https:\/\/fojustice.fr\/web\/wp-json\/wp\/v2\/posts\/51464\/revisions\/51466"}],"wp:featuredmedia":[{"embeddable":true,"href":"https:\/\/fojustice.fr\/web\/wp-json\/wp\/v2\/media\/28522"}],"wp:attachment":[{"href":"https:\/\/fojustice.fr\/web\/wp-json\/wp\/v2\/media?parent=51464"}],"wp:term":[{"taxonomy":"category","embeddable":true,"href":"https:\/\/fojustice.fr\/web\/wp-json\/wp\/v2\/categories?post=51464"},{"taxonomy":"post_tag","embeddable":true,"href":"https:\/\/fojustice.fr\/web\/wp-json\/wp\/v2\/tags?post=51464"}],"curies":[{"name":"wp","href":"https:\/\/api.w.org\/{rel}","templated":true}]}}