{"id":51460,"date":"2026-09-01T10:04:56","date_gmt":"2026-09-01T08:04:56","guid":{"rendered":"https:\/\/fojustice.fr\/web\/?p=51460"},"modified":"2026-09-01T10:04:56","modified_gmt":"2026-09-01T08:04:56","slug":"prison-de-lille-annoeullin-30-et-31-aout-violences-menaces-incendies-une-succession-de-faits-qui-met-nos-personnels-a-rude-epreuve","status":"publish","type":"post","link":"https:\/\/fojustice.fr\/web\/prison-de-lille-annoeullin-30-et-31-aout-violences-menaces-incendies-une-succession-de-faits-qui-met-nos-personnels-a-rude-epreuve\/","title":{"rendered":"Prison de Lille-Annoeullin : 30 et 31 ao\u00fbt, violences, menaces, incendies&#8230; une succession de faits qui met nos personnels \u00e0 rude \u00e9preuve"},"content":{"rendered":"<p>Les <span style=\"color: #ff0000;\"><strong>dimanche 30 et lundi 31 ao\u00fbt 2026<\/strong><\/span>, notre \u00e9tablissement a \u00e9t\u00e9 confront\u00e9 \u00e0 une succession d\u2019\u00e9v\u00e9nements particuli\u00e8rement graves, mobilisant fortement les personnels.<\/p>\n<p><span style=\"color: #ff0000;\"><strong>UNE BAGARRE QUI D\u00c9G\u00c9N\u00c8RE<\/strong><\/span><\/p>\n<p>Dimanche apr\u00e8s-midi, les agents sont intervenus \u00e0 la suite d\u2019une <strong>bagarre entre deux personnes d\u00e9tenues dans une cellule<\/strong>.<\/p>\n<p>\u00c0 leur arriv\u00e9e, l\u2019une des personnes d\u00e9tenues se trouvait au sol tandis que l\u2019autre se trouvait debout au-dessus d\u2019elle. Une l\u00e9g\u00e8re coupure a \u00e9t\u00e9 constat\u00e9e sur l\u2019une des personnes impliqu\u00e9es.<\/p>\n<p>Face \u00e0 cette situation, une s\u00e9paration des protagonistes et une nouvelle affectation en cellule ont \u00e9t\u00e9 envisag\u00e9es.<\/p>\n<p><span style=\"color: #ff0000;\"><strong>REFUS, MENACES ET VIOLENCES CONTRE LES PERSONNELS<\/strong><\/span><\/p>\n<p>Malgr\u00e9 plusieurs propositions de changement de cellule, la personne d\u00e9tenue concern\u00e9e a <strong>cat\u00e9goriquement refus\u00e9 les diff\u00e9rentes affectations propos\u00e9es<\/strong>, expliquant rencontrer des difficult\u00e9s avec les <strong>divers occupants<\/strong>.<\/p>\n<p>La mise en pr\u00e9vention au quartier disciplinaire est alors devenue le seul moyen de mettre un terme \u00e0 la situation.<\/p>\n<p>Lors de son acheminement vers le QD, la personne d\u00e9tenue a <strong>oppos\u00e9 une r\u00e9sistance physique importante<\/strong>.<\/p>\n<p>Elle s\u2019est violemment d\u00e9battue et a <strong>port\u00e9 volontairement un coup de t\u00eate \u00e0 un agent au niveau de la pommette<\/strong>, puis a donn\u00e9 un coup de pied \u00e0 un autre lors de la ma\u00eetrise.<\/p>\n<p>Elle a \u00e9galement multipli\u00e9 les <strong>insultes, menaces et crachats en direction des coll\u00e8gues<\/strong>, n\u00e9cessitant plusieurs interventions afin de parvenir \u00e0 la ma\u00eetriser et \u00e0 assurer son acheminement jusqu\u2019au quartier disciplinaire.<\/p>\n<p style=\"text-align: center;\"><strong><span style=\"color: #ff0000;\">FO JUSTICE<\/span> apporte son soutien total aux personnels victimes de ces violences et de ces menaces.<\/strong><\/p>\n<p><strong><span style=\"color: #ff0000;\">ET COMME SI CELA NE SUFFISAIT PAS\u2026<\/span><\/strong><\/p>\n<p>Alors que la personne d\u00e9tenue se trouvait au quartier disciplinaire, les incidents se sont poursuivis.<\/p>\n<p>Dimanche soir, <strong>un d\u00e9gagement de fum\u00e9e<\/strong> a \u00e9t\u00e9 constat\u00e9 en provenance d&#8217;une cellule du QD.<\/p>\n<p>La personne d\u00e9tenue a alors prof\u00e9r\u00e9 de nouvelles menaces et insultes, avant de continuer \u00e0 provoquer du tapage.<\/p>\n<p>Puis, le lendemain matin, <strong>un nouveau d\u00e9part de feu a \u00e9t\u00e9 constat\u00e9 dans le m\u00eame secteur de d\u00e9tention<\/strong>.<\/p>\n<p>Vers 9h20, une importante fum\u00e9e s\u2019\u00e9chappait d\u2019une cellule. L\u2019alarme incendie a \u00e9t\u00e9 d\u00e9clench\u00e9e et les agents ont d\u00fb <strong>s\u2019\u00e9quiper avec les ARI<\/strong> afin d\u2019intervenir et d\u2019extraire la personne d\u00e9tenue.<\/p>\n<p><span style=\"color: #ff0000;\"><strong>FO JUSTICE SALUE LE COURAGE ET LE PROFESSIONNALISME DES PERSONNELS<\/strong><\/span><\/p>\n<p>Au regard de ces \u00e9v\u00e9nements, <strong><span style=\"color: #ff0000;\">FO JUSTICE<\/span> tient \u00e0 saluer l\u2019ensemble des personnels mobilis\u00e9s<\/strong>.<\/p>\n<p>Leur r\u00e9activit\u00e9, leur sang-froid et leur professionnalisme ont \u00e9t\u00e9 <strong>d\u00e9terminants<\/strong> pour ma\u00eetriser les situations de violence, assurer la mise en pr\u00e9vention et intervenir face aux d\u00e9parts de feu.<\/p>\n<p><strong>Nos coll\u00e8gues ont d\u00e9montr\u00e9 qu\u2019ils \u00e9taient pr\u00e9sents lorsque la situation l\u2019exigeait.<\/strong><\/p>\n<p><span style=\"color: #ff0000;\"><strong>DES R\u00c9PONSES, ET VITE !<\/strong><\/span><\/p>\n<p>Apr\u00e8s avoir travers\u00e9 ce qui fut sans doute <strong>l\u2019\u00e9t\u00e9 le plus chaotique depuis l\u2019ouverture de l\u2019\u00e9tablissement<\/strong>, dans des conditions particuli\u00e8rement difficiles, les personnels attendent d\u00e9sormais <strong>des r\u00e9ponses institutionnelles \u00e0 la hauteur des enjeux, et ce dans les plus brefs d\u00e9lais.<\/strong><\/p>\n<p><span style=\"color: #ff0000;\"><strong>Dans le cas contraire, nous exprimerons notre col\u00e8re devant les portes !<\/strong><\/span><\/p>\n<p><a href=\"https:\/\/fojustice.fr\/web\/wp-content\/uploads\/2026\/09\/CP-LILLE-ANNOEULLIN-VIOLENCES-MENACES-INCENDIES.pdf\">Lire le communiqu\u00e9\u00a0<\/a><\/p>\n","protected":false},"excerpt":{"rendered":"<p>Les dimanche 30 et lundi 31 ao\u00fbt 2026, notre \u00e9tablissement a \u00e9t\u00e9 confront\u00e9 \u00e0 une succession d\u2019\u00e9v\u00e9nements particuli\u00e8rement graves, mobilisant fortement les personnels. UNE BAGARRE QUI D\u00c9G\u00c9N\u00c8RE Dimanche apr\u00e8s-midi, les agents sont intervenus \u00e0 la suite d\u2019une bagarre entre deux personnes d\u00e9tenues dans une cellule. \u00c0 leur arriv\u00e9e, l\u2019une des personnes d\u00e9tenues se trouvait au [&hellip;]<\/p>\n","protected":false},"author":1,"featured_media":2280,"comment_status":"open","ping_status":"open","sticky":false,"template":"","format":"standard","meta":{"_angie_page":false,"_jetpack_newsletter_access":"","_jetpack_dont_email_post_to_subs":true,"_jetpack_newsletter_tier_id":0,"_jetpack_memberships_contains_paywalled_content":false,"page_builder":"","_jetpack_feature_clip_id":0,"_jetpack_memberships_contains_paid_content":false,"footnotes":"","jetpack_post_was_ever_published":false,"_members_access_role":[],"_members_access_error":""},"categories":[31],"tags":[],"class_list":["post-51460","post","type-post","status-publish","format-standard","has-post-thumbnail","hentry","category-disp-lille"],"yoast_head":"<!-- This site is optimized with the Yoast SEO plugin v28.3 - https:\/\/yoast.com\/product\/yoast-seo-wordpress\/ -->\n<title>Prison de Lille-Annoeullin : 30 et 31 ao\u00fbt, violences, menaces, incendies... une succession de faits qui met nos personnels \u00e0 rude \u00e9preuve - Syndicat FO Justice<\/title>\n<meta name=\"description\" content=\"Syndicat FO Justice - DISP Lille - Prison de Lille-Annoeullin : 30 et 31 ao\u00fbt, violences, menaces, incendies... une succession de faits qui met nos personnels \u00e0 rude \u00e9preuve\" \/>\n<meta name=\"robots\" content=\"index, follow, max-snippet:-1, max-image-preview:large, max-video-preview:-1\" \/>\n<link rel=\"canonical\" href=\"https:\/\/fojustice.fr\/web\/prison-de-lille-annoeullin-30-et-31-aout-violences-menaces-incendies-une-succession-de-faits-qui-met-nos-personnels-a-rude-epreuve\/\" \/>\n<meta property=\"og:locale\" content=\"fr_FR\" \/>\n<meta property=\"og:type\" content=\"article\" \/>\n<meta property=\"og:title\" content=\"Prison de Lille-Annoeullin : 30 et 31 ao\u00fbt, violences, menaces, incendies... une succession de faits qui met nos personnels \u00e0 rude \u00e9preuve - Syndicat FO Justice\" \/>\n<meta property=\"og:description\" content=\"Syndicat FO Justice - DISP Lille - Prison de Lille-Annoeullin : 30 et 31 ao\u00fbt, violences, menaces, incendies... une succession de faits qui met nos personnels \u00e0 rude \u00e9preuve\" \/>\n<meta property=\"og:url\" content=\"https:\/\/fojustice.fr\/web\/prison-de-lille-annoeullin-30-et-31-aout-violences-menaces-incendies-une-succession-de-faits-qui-met-nos-personnels-a-rude-epreuve\/\" \/>\n<meta property=\"og:site_name\" content=\"Syndicat FO Justice\" \/>\n<meta property=\"article:publisher\" content=\"https:\/\/www.facebook.com\/SyndicatFoJustice\" \/>\n<meta property=\"article:published_time\" content=\"2026-09-01T08:04:56+00:00\" \/>\n<meta property=\"og:image\" content=\"https:\/\/fojustice.fr\/web\/wp-content\/uploads\/2022\/03\/prison-dAnnoeullin.jpeg\" \/>\n\t<meta property=\"og:image:width\" content=\"870\" \/>\n\t<meta property=\"og:image:height\" content=\"489\" \/>\n\t<meta property=\"og:image:type\" content=\"image\/jpeg\" \/>\n<meta name=\"author\" content=\"adminfojustice\" \/>\n<meta name=\"twitter:card\" content=\"summary_large_image\" \/>\n<meta name=\"twitter:creator\" content=\"@SyndFoJustice\" \/>\n<meta name=\"twitter:site\" content=\"@SyndFoJustice\" \/>\n<meta name=\"twitter:label1\" content=\"\u00c9crit par\" \/>\n\t<meta name=\"twitter:data1\" content=\"adminfojustice\" \/>\n\t<meta name=\"twitter:label2\" content=\"Dur\u00e9e de lecture estim\u00e9e\" \/>\n\t<meta name=\"twitter:data2\" content=\"3 minutes\" \/>\n<script type=\"application\/ld+json\" class=\"yoast-schema-graph\">{\"@context\":\"https:\\\/\\\/schema.org\",\"@graph\":[{\"@type\":\"NewsArticle\",\"@id\":\"https:\\\/\\\/fojustice.fr\\\/web\\\/prison-de-lille-annoeullin-30-et-31-aout-violences-menaces-incendies-une-succession-de-faits-qui-met-nos-personnels-a-rude-epreuve\\\/#article\",\"isPartOf\":{\"@id\":\"https:\\\/\\\/fojustice.fr\\\/web\\\/prison-de-lille-annoeullin-30-et-31-aout-violences-menaces-incendies-une-succession-de-faits-qui-met-nos-personnels-a-rude-epreuve\\\/\"},\"author\":{\"name\":\"adminfojustice\",\"@id\":\"https:\\\/\\\/fojustice.fr\\\/web\\\/#\\\/schema\\\/person\\\/a51cb9c3495ce0ca62b78fc96ac3bf9f\"},\"headline\":\"Prison de Lille-Annoeullin : 30 et 31 ao\u00fbt, violences, menaces, incendies&#8230; une succession de faits qui met nos personnels \u00e0 rude \u00e9preuve\",\"datePublished\":\"2026-09-01T08:04:56+00:00\",\"mainEntityOfPage\":{\"@id\":\"https:\\\/\\\/fojustice.fr\\\/web\\\/prison-de-lille-annoeullin-30-et-31-aout-violences-menaces-incendies-une-succession-de-faits-qui-met-nos-personnels-a-rude-epreuve\\\/\"},\"wordCount\":549,\"commentCount\":0,\"publisher\":{\"@id\":\"https:\\\/\\\/fojustice.fr\\\/web\\\/#organization\"},\"image\":{\"@id\":\"https:\\\/\\\/fojustice.fr\\\/web\\\/prison-de-lille-annoeullin-30-et-31-aout-violences-menaces-incendies-une-succession-de-faits-qui-met-nos-personnels-a-rude-epreuve\\\/#primaryimage\"},\"thumbnailUrl\":\"https:\\\/\\\/fojustice.fr\\\/web\\\/wp-content\\\/uploads\\\/2022\\\/03\\\/prison-dAnnoeullin.jpeg\",\"articleSection\":[\"DISP Lille\"],\"inLanguage\":\"fr-FR\",\"potentialAction\":[{\"@type\":\"CommentAction\",\"name\":\"Comment\",\"target\":[\"https:\\\/\\\/fojustice.fr\\\/web\\\/prison-de-lille-annoeullin-30-et-31-aout-violences-menaces-incendies-une-succession-de-faits-qui-met-nos-personnels-a-rude-epreuve\\\/#respond\"]}]},{\"@type\":\"WebPage\",\"@id\":\"https:\\\/\\\/fojustice.fr\\\/web\\\/prison-de-lille-annoeullin-30-et-31-aout-violences-menaces-incendies-une-succession-de-faits-qui-met-nos-personnels-a-rude-epreuve\\\/\",\"url\":\"https:\\\/\\\/fojustice.fr\\\/web\\\/prison-de-lille-annoeullin-30-et-31-aout-violences-menaces-incendies-une-succession-de-faits-qui-met-nos-personnels-a-rude-epreuve\\\/\",\"name\":\"Prison de Lille-Annoeullin : 30 et 31 ao\u00fbt, violences, menaces, incendies... une succession de faits qui met nos personnels \u00e0 rude \u00e9preuve - Syndicat FO Justice\",\"isPartOf\":{\"@id\":\"https:\\\/\\\/fojustice.fr\\\/web\\\/#website\"},\"primaryImageOfPage\":{\"@id\":\"https:\\\/\\\/fojustice.fr\\\/web\\\/prison-de-lille-annoeullin-30-et-31-aout-violences-menaces-incendies-une-succession-de-faits-qui-met-nos-personnels-a-rude-epreuve\\\/#primaryimage\"},\"image\":{\"@id\":\"https:\\\/\\\/fojustice.fr\\\/web\\\/prison-de-lille-annoeullin-30-et-31-aout-violences-menaces-incendies-une-succession-de-faits-qui-met-nos-personnels-a-rude-epreuve\\\/#primaryimage\"},\"thumbnailUrl\":\"https:\\\/\\\/fojustice.fr\\\/web\\\/wp-content\\\/uploads\\\/2022\\\/03\\\/prison-dAnnoeullin.jpeg\",\"datePublished\":\"2026-09-01T08:04:56+00:00\",\"description\":\"Syndicat FO Justice - DISP Lille - Prison de Lille-Annoeullin : 30 et 31 ao\u00fbt, violences, menaces, incendies... une succession de faits qui met nos personnels \u00e0 rude \u00e9preuve\",\"breadcrumb\":{\"@id\":\"https:\\\/\\\/fojustice.fr\\\/web\\\/prison-de-lille-annoeullin-30-et-31-aout-violences-menaces-incendies-une-succession-de-faits-qui-met-nos-personnels-a-rude-epreuve\\\/#breadcrumb\"},\"inLanguage\":\"fr-FR\",\"potentialAction\":[{\"@type\":\"ReadAction\",\"target\":[\"https:\\\/\\\/fojustice.fr\\\/web\\\/prison-de-lille-annoeullin-30-et-31-aout-violences-menaces-incendies-une-succession-de-faits-qui-met-nos-personnels-a-rude-epreuve\\\/\"]}]},{\"@type\":\"ImageObject\",\"inLanguage\":\"fr-FR\",\"@id\":\"https:\\\/\\\/fojustice.fr\\\/web\\\/prison-de-lille-annoeullin-30-et-31-aout-violences-menaces-incendies-une-succession-de-faits-qui-met-nos-personnels-a-rude-epreuve\\\/#primaryimage\",\"url\":\"https:\\\/\\\/fojustice.fr\\\/web\\\/wp-content\\\/uploads\\\/2022\\\/03\\\/prison-dAnnoeullin.jpeg\",\"contentUrl\":\"https:\\\/\\\/fojustice.fr\\\/web\\\/wp-content\\\/uploads\\\/2022\\\/03\\\/prison-dAnnoeullin.jpeg\",\"width\":870,\"height\":489},{\"@type\":\"BreadcrumbList\",\"@id\":\"https:\\\/\\\/fojustice.fr\\\/web\\\/prison-de-lille-annoeullin-30-et-31-aout-violences-menaces-incendies-une-succession-de-faits-qui-met-nos-personnels-a-rude-epreuve\\\/#breadcrumb\",\"itemListElement\":[{\"@type\":\"ListItem\",\"position\":1,\"name\":\"Accueil\",\"item\":\"https:\\\/\\\/fojustice.fr\\\/web\\\/\"},{\"@type\":\"ListItem\",\"position\":2,\"name\":\"Prison de Lille-Annoeullin : 30 et 31 ao\u00fbt, violences, menaces, incendies&#8230; une succession de faits qui met nos personnels \u00e0 rude \u00e9preuve\"}]},{\"@type\":\"WebSite\",\"@id\":\"https:\\\/\\\/fojustice.fr\\\/web\\\/#website\",\"url\":\"https:\\\/\\\/fojustice.fr\\\/web\\\/\",\"name\":\"Syndicat FO Justice\",\"description\":\"Site du Syndicat National FO Justice\",\"publisher\":{\"@id\":\"https:\\\/\\\/fojustice.fr\\\/web\\\/#organization\"},\"alternateName\":\"Syndicat National FO Justice\",\"potentialAction\":[{\"@type\":\"SearchAction\",\"target\":{\"@type\":\"EntryPoint\",\"urlTemplate\":\"https:\\\/\\\/fojustice.fr\\\/web\\\/?s={search_term_string}\"},\"query-input\":{\"@type\":\"PropertyValueSpecification\",\"valueRequired\":true,\"valueName\":\"search_term_string\"}}],\"inLanguage\":\"fr-FR\"},{\"@type\":\"Organization\",\"@id\":\"https:\\\/\\\/fojustice.fr\\\/web\\\/#organization\",\"name\":\"Syndicat National FO Justice\",\"alternateName\":\"Syndicat National FO Justice\",\"url\":\"https:\\\/\\\/fojustice.fr\\\/web\\\/\",\"logo\":{\"@type\":\"ImageObject\",\"inLanguage\":\"fr-FR\",\"@id\":\"https:\\\/\\\/fojustice.fr\\\/web\\\/#\\\/schema\\\/logo\\\/image\\\/\",\"url\":\"https:\\\/\\\/fojustice.fr\\\/web\\\/wp-content\\\/uploads\\\/2022\\\/03\\\/logo-fo-justice.png\",\"contentUrl\":\"https:\\\/\\\/fojustice.fr\\\/web\\\/wp-content\\\/uploads\\\/2022\\\/03\\\/logo-fo-justice.png\",\"width\":800,\"height\":800,\"caption\":\"Syndicat National FO Justice\"},\"image\":{\"@id\":\"https:\\\/\\\/fojustice.fr\\\/web\\\/#\\\/schema\\\/logo\\\/image\\\/\"},\"sameAs\":[\"https:\\\/\\\/www.facebook.com\\\/SyndicatFoJustice\",\"https:\\\/\\\/x.com\\\/SyndFoJustice\"]},{\"@type\":\"Person\",\"@id\":\"https:\\\/\\\/fojustice.fr\\\/web\\\/#\\\/schema\\\/person\\\/a51cb9c3495ce0ca62b78fc96ac3bf9f\",\"name\":\"adminfojustice\",\"image\":{\"@type\":\"ImageObject\",\"inLanguage\":\"fr-FR\",\"@id\":\"https:\\\/\\\/secure.gravatar.com\\\/avatar\\\/368884c0ecc46e53d83c0c3c0af4c6c30a6bbc2aab7535848950f43a950bfd4e?s=96&d=mm&r=g\",\"url\":\"https:\\\/\\\/secure.gravatar.com\\\/avatar\\\/368884c0ecc46e53d83c0c3c0af4c6c30a6bbc2aab7535848950f43a950bfd4e?s=96&d=mm&r=g\",\"contentUrl\":\"https:\\\/\\\/secure.gravatar.com\\\/avatar\\\/368884c0ecc46e53d83c0c3c0af4c6c30a6bbc2aab7535848950f43a950bfd4e?s=96&d=mm&r=g\",\"caption\":\"adminfojustice\"},\"sameAs\":[\"https:\\\/\\\/www.fojustice.fr\\\/web\"],\"url\":\"https:\\\/\\\/fojustice.fr\\\/web\\\/author\\\/adminfojustice\\\/\"}]}<\/script>\n<!-- \/ Yoast SEO plugin. -->","yoast_head_json":{"title":"Prison de Lille-Annoeullin : 30 et 31 ao\u00fbt, violences, menaces, incendies... une succession de faits qui met nos personnels \u00e0 rude \u00e9preuve - Syndicat FO Justice","description":"Syndicat FO Justice - DISP Lille - Prison de Lille-Annoeullin : 30 et 31 ao\u00fbt, violences, menaces, incendies... une succession de faits qui met nos personnels \u00e0 rude \u00e9preuve","robots":{"index":"index","follow":"follow","max-snippet":"max-snippet:-1","max-image-preview":"max-image-preview:large","max-video-preview":"max-video-preview:-1"},"canonical":"https:\/\/fojustice.fr\/web\/prison-de-lille-annoeullin-30-et-31-aout-violences-menaces-incendies-une-succession-de-faits-qui-met-nos-personnels-a-rude-epreuve\/","og_locale":"fr_FR","og_type":"article","og_title":"Prison de Lille-Annoeullin : 30 et 31 ao\u00fbt, violences, menaces, incendies... une succession de faits qui met nos personnels \u00e0 rude \u00e9preuve - Syndicat FO Justice","og_description":"Syndicat FO Justice - DISP Lille - Prison de Lille-Annoeullin : 30 et 31 ao\u00fbt, violences, menaces, incendies... une succession de faits qui met nos personnels \u00e0 rude \u00e9preuve","og_url":"https:\/\/fojustice.fr\/web\/prison-de-lille-annoeullin-30-et-31-aout-violences-menaces-incendies-une-succession-de-faits-qui-met-nos-personnels-a-rude-epreuve\/","og_site_name":"Syndicat FO Justice","article_publisher":"https:\/\/www.facebook.com\/SyndicatFoJustice","article_published_time":"2026-09-01T08:04:56+00:00","og_image":[{"width":870,"height":489,"url":"https:\/\/fojustice.fr\/web\/wp-content\/uploads\/2022\/03\/prison-dAnnoeullin.jpeg","type":"image\/jpeg"}],"author":"adminfojustice","twitter_card":"summary_large_image","twitter_creator":"@SyndFoJustice","twitter_site":"@SyndFoJustice","twitter_misc":{"\u00c9crit par":"adminfojustice","Dur\u00e9e de lecture estim\u00e9e":"3 minutes"},"schema":{"@context":"https:\/\/schema.org","@graph":[{"@type":"NewsArticle","@id":"https:\/\/fojustice.fr\/web\/prison-de-lille-annoeullin-30-et-31-aout-violences-menaces-incendies-une-succession-de-faits-qui-met-nos-personnels-a-rude-epreuve\/#article","isPartOf":{"@id":"https:\/\/fojustice.fr\/web\/prison-de-lille-annoeullin-30-et-31-aout-violences-menaces-incendies-une-succession-de-faits-qui-met-nos-personnels-a-rude-epreuve\/"},"author":{"name":"adminfojustice","@id":"https:\/\/fojustice.fr\/web\/#\/schema\/person\/a51cb9c3495ce0ca62b78fc96ac3bf9f"},"headline":"Prison de Lille-Annoeullin : 30 et 31 ao\u00fbt, violences, menaces, incendies&#8230; une succession de faits qui met nos personnels \u00e0 rude \u00e9preuve","datePublished":"2026-09-01T08:04:56+00:00","mainEntityOfPage":{"@id":"https:\/\/fojustice.fr\/web\/prison-de-lille-annoeullin-30-et-31-aout-violences-menaces-incendies-une-succession-de-faits-qui-met-nos-personnels-a-rude-epreuve\/"},"wordCount":549,"commentCount":0,"publisher":{"@id":"https:\/\/fojustice.fr\/web\/#organization"},"image":{"@id":"https:\/\/fojustice.fr\/web\/prison-de-lille-annoeullin-30-et-31-aout-violences-menaces-incendies-une-succession-de-faits-qui-met-nos-personnels-a-rude-epreuve\/#primaryimage"},"thumbnailUrl":"https:\/\/fojustice.fr\/web\/wp-content\/uploads\/2022\/03\/prison-dAnnoeullin.jpeg","articleSection":["DISP Lille"],"inLanguage":"fr-FR","potentialAction":[{"@type":"CommentAction","name":"Comment","target":["https:\/\/fojustice.fr\/web\/prison-de-lille-annoeullin-30-et-31-aout-violences-menaces-incendies-une-succession-de-faits-qui-met-nos-personnels-a-rude-epreuve\/#respond"]}]},{"@type":"WebPage","@id":"https:\/\/fojustice.fr\/web\/prison-de-lille-annoeullin-30-et-31-aout-violences-menaces-incendies-une-succession-de-faits-qui-met-nos-personnels-a-rude-epreuve\/","url":"https:\/\/fojustice.fr\/web\/prison-de-lille-annoeullin-30-et-31-aout-violences-menaces-incendies-une-succession-de-faits-qui-met-nos-personnels-a-rude-epreuve\/","name":"Prison de Lille-Annoeullin : 30 et 31 ao\u00fbt, violences, menaces, incendies... une succession de faits qui met nos personnels \u00e0 rude \u00e9preuve - Syndicat FO Justice","isPartOf":{"@id":"https:\/\/fojustice.fr\/web\/#website"},"primaryImageOfPage":{"@id":"https:\/\/fojustice.fr\/web\/prison-de-lille-annoeullin-30-et-31-aout-violences-menaces-incendies-une-succession-de-faits-qui-met-nos-personnels-a-rude-epreuve\/#primaryimage"},"image":{"@id":"https:\/\/fojustice.fr\/web\/prison-de-lille-annoeullin-30-et-31-aout-violences-menaces-incendies-une-succession-de-faits-qui-met-nos-personnels-a-rude-epreuve\/#primaryimage"},"thumbnailUrl":"https:\/\/fojustice.fr\/web\/wp-content\/uploads\/2022\/03\/prison-dAnnoeullin.jpeg","datePublished":"2026-09-01T08:04:56+00:00","description":"Syndicat FO Justice - DISP Lille - Prison de Lille-Annoeullin : 30 et 31 ao\u00fbt, violences, menaces, incendies... une succession de faits qui met nos personnels \u00e0 rude \u00e9preuve","breadcrumb":{"@id":"https:\/\/fojustice.fr\/web\/prison-de-lille-annoeullin-30-et-31-aout-violences-menaces-incendies-une-succession-de-faits-qui-met-nos-personnels-a-rude-epreuve\/#breadcrumb"},"inLanguage":"fr-FR","potentialAction":[{"@type":"ReadAction","target":["https:\/\/fojustice.fr\/web\/prison-de-lille-annoeullin-30-et-31-aout-violences-menaces-incendies-une-succession-de-faits-qui-met-nos-personnels-a-rude-epreuve\/"]}]},{"@type":"ImageObject","inLanguage":"fr-FR","@id":"https:\/\/fojustice.fr\/web\/prison-de-lille-annoeullin-30-et-31-aout-violences-menaces-incendies-une-succession-de-faits-qui-met-nos-personnels-a-rude-epreuve\/#primaryimage","url":"https:\/\/fojustice.fr\/web\/wp-content\/uploads\/2022\/03\/prison-dAnnoeullin.jpeg","contentUrl":"https:\/\/fojustice.fr\/web\/wp-content\/uploads\/2022\/03\/prison-dAnnoeullin.jpeg","width":870,"height":489},{"@type":"BreadcrumbList","@id":"https:\/\/fojustice.fr\/web\/prison-de-lille-annoeullin-30-et-31-aout-violences-menaces-incendies-une-succession-de-faits-qui-met-nos-personnels-a-rude-epreuve\/#breadcrumb","itemListElement":[{"@type":"ListItem","position":1,"name":"Accueil","item":"https:\/\/fojustice.fr\/web\/"},{"@type":"ListItem","position":2,"name":"Prison de Lille-Annoeullin : 30 et 31 ao\u00fbt, violences, menaces, incendies&#8230; une succession de faits qui met nos personnels \u00e0 rude \u00e9preuve"}]},{"@type":"WebSite","@id":"https:\/\/fojustice.fr\/web\/#website","url":"https:\/\/fojustice.fr\/web\/","name":"Syndicat FO Justice","description":"Site du Syndicat National FO Justice","publisher":{"@id":"https:\/\/fojustice.fr\/web\/#organization"},"alternateName":"Syndicat National FO Justice","potentialAction":[{"@type":"SearchAction","target":{"@type":"EntryPoint","urlTemplate":"https:\/\/fojustice.fr\/web\/?s={search_term_string}"},"query-input":{"@type":"PropertyValueSpecification","valueRequired":true,"valueName":"search_term_string"}}],"inLanguage":"fr-FR"},{"@type":"Organization","@id":"https:\/\/fojustice.fr\/web\/#organization","name":"Syndicat National FO Justice","alternateName":"Syndicat National FO Justice","url":"https:\/\/fojustice.fr\/web\/","logo":{"@type":"ImageObject","inLanguage":"fr-FR","@id":"https:\/\/fojustice.fr\/web\/#\/schema\/logo\/image\/","url":"https:\/\/fojustice.fr\/web\/wp-content\/uploads\/2022\/03\/logo-fo-justice.png","contentUrl":"https:\/\/fojustice.fr\/web\/wp-content\/uploads\/2022\/03\/logo-fo-justice.png","width":800,"height":800,"caption":"Syndicat National FO Justice"},"image":{"@id":"https:\/\/fojustice.fr\/web\/#\/schema\/logo\/image\/"},"sameAs":["https:\/\/www.facebook.com\/SyndicatFoJustice","https:\/\/x.com\/SyndFoJustice"]},{"@type":"Person","@id":"https:\/\/fojustice.fr\/web\/#\/schema\/person\/a51cb9c3495ce0ca62b78fc96ac3bf9f","name":"adminfojustice","image":{"@type":"ImageObject","inLanguage":"fr-FR","@id":"https:\/\/secure.gravatar.com\/avatar\/368884c0ecc46e53d83c0c3c0af4c6c30a6bbc2aab7535848950f43a950bfd4e?s=96&d=mm&r=g","url":"https:\/\/secure.gravatar.com\/avatar\/368884c0ecc46e53d83c0c3c0af4c6c30a6bbc2aab7535848950f43a950bfd4e?s=96&d=mm&r=g","contentUrl":"https:\/\/secure.gravatar.com\/avatar\/368884c0ecc46e53d83c0c3c0af4c6c30a6bbc2aab7535848950f43a950bfd4e?s=96&d=mm&r=g","caption":"adminfojustice"},"sameAs":["https:\/\/www.fojustice.fr\/web"],"url":"https:\/\/fojustice.fr\/web\/author\/adminfojustice\/"}]}},"jetpack_shortlink":"https:\/\/wp.me\/pdNWl1-do0","jetpack_sharing_enabled":true,"jetpack_featured_media_url":"https:\/\/fojustice.fr\/web\/wp-content\/uploads\/2022\/03\/prison-dAnnoeullin.jpeg","_links":{"self":[{"href":"https:\/\/fojustice.fr\/web\/wp-json\/wp\/v2\/posts\/51460","targetHints":{"allow":["GET"]}}],"collection":[{"href":"https:\/\/fojustice.fr\/web\/wp-json\/wp\/v2\/posts"}],"about":[{"href":"https:\/\/fojustice.fr\/web\/wp-json\/wp\/v2\/types\/post"}],"author":[{"embeddable":true,"href":"https:\/\/fojustice.fr\/web\/wp-json\/wp\/v2\/users\/1"}],"replies":[{"embeddable":true,"href":"https:\/\/fojustice.fr\/web\/wp-json\/wp\/v2\/comments?post=51460"}],"version-history":[{"count":1,"href":"https:\/\/fojustice.fr\/web\/wp-json\/wp\/v2\/posts\/51460\/revisions"}],"predecessor-version":[{"id":51462,"href":"https:\/\/fojustice.fr\/web\/wp-json\/wp\/v2\/posts\/51460\/revisions\/51462"}],"wp:featuredmedia":[{"embeddable":true,"href":"https:\/\/fojustice.fr\/web\/wp-json\/wp\/v2\/media\/2280"}],"wp:attachment":[{"href":"https:\/\/fojustice.fr\/web\/wp-json\/wp\/v2\/media?parent=51460"}],"wp:term":[{"taxonomy":"category","embeddable":true,"href":"https:\/\/fojustice.fr\/web\/wp-json\/wp\/v2\/categories?post=51460"},{"taxonomy":"post_tag","embeddable":true,"href":"https:\/\/fojustice.fr\/web\/wp-json\/wp\/v2\/tags?post=51460"}],"curies":[{"name":"wp","href":"https:\/\/api.w.org\/{rel}","templated":true}]}}