{"id":51454,"date":"2026-09-01T09:59:28","date_gmt":"2026-09-01T07:59:28","guid":{"rendered":"https:\/\/fojustice.fr\/web\/?p=51454"},"modified":"2026-09-01T09:59:28","modified_gmt":"2026-09-01T07:59:28","slug":"promotion-bc-34b-laccueil-a-lenap-ne-doit-pas-etre-une-epreuve-supplementaire","status":"publish","type":"post","link":"https:\/\/fojustice.fr\/web\/promotion-bc-34b-laccueil-a-lenap-ne-doit-pas-etre-une-epreuve-supplementaire\/","title":{"rendered":"Promotion BC 34B : L&#8217;accueil \u00e0 l&#8217;\u00c9NAP ne doit pas \u00eatre une \u00e9preuve suppl\u00e9mentaire !"},"content":{"rendered":"<p style=\"text-align: center;\"><span style=\"color: #000080;\"><strong>DES CONDITIONS D&#8217;H\u00c9BERGEMENT QUI NE SONT PLUS ACCEPTABLES !<\/strong><\/span><\/p>\n<p><span style=\"color: #ff0000;\"><strong>Le bureau FO Justice \u00c9NAP \u00c9l\u00e8ves<\/strong><\/span> tire la sonnette d&#8217;alarme sur les conditions d&#8217;accueil et d&#8217;h\u00e9bergement r\u00e9serv\u00e9es \u00e0 nos coll\u00e8gues brigadiers-chefs de la promotion BC 34B. Les \u00e9tats des chambres et photographies communiqu\u00e9s sont particuli\u00e8rement pr\u00e9occupants: ils r\u00e9v\u00e9lent des probl\u00e8mes de propret\u00e9, d&#8217;entretien et de suivi des locaux, indignes d&#8217;une \u00e9cole qui doit repr\u00e9senter l&#8217;excellence de la formation p\u00e9nitentiaire et \u00eatre la vitrine de la Direction g\u00e9n\u00e9rale.<\/p>\n<p>Le bureau ne remet absolument pas en cause les contraintes de l&#8217;\u00c9NAP : la hausse des effectifs et la charge de travail sont r\u00e9elles. Mais cette augmentation ne peut pas excuser la d\u00e9gradation de l&#8217;accueil.<\/p>\n<p>Plus l&#8217;activit\u00e9 de l&#8217;\u00c9cole augmente, plus l&#8217;administration doit anticiper, renforcer les moyens et contr\u00f4ler efficacement les prestations.<\/p>\n<p style=\"text-align: center;\"><span style=\"text-decoration: underline; color: #ff0000;\"><strong>Qui contr\u00f4le r\u00e9ellement la qualit\u00e9 de l&#8217;entretien ?<\/strong><\/span><\/p>\n<p>Lorsqu&#8217;un agent prend possession d&#8217;une chambre, celle-ci doit \u00eatre propre et pr\u00eate \u00e0 l&#8217;accueillir, sans qu&#8217;il ait \u00e0 signaler lui-m\u00eame des dysfonctionnements \u00e9vidents. L&#8217;entretien des locaux repose sur un prestataire ext\u00e9rieur, mais la responsabilit\u00e9 du contr\u00f4le reste du ressort de l&#8217;administration : un contrat d&#8217;entretien n&#8217;est pas une formalit\u00e9, c&#8217;est une obligation de r\u00e9sultat. Le bureau <strong><span style=\"color: #ff0000;\">FO Justice \u00c9NAP \u00c9l\u00e8ves<\/span><\/strong> demande \u00e0 la direction de venir constater elle-m\u00eame la situation sur le terrain, par des visites r\u00e9guli\u00e8res et inopin\u00e9es.<\/p>\n<p style=\"text-align: center;\"><span style=\"text-decoration: underline; color: #ff0000;\"><strong>Les personnels ne sont pas des num\u00e9ros<\/strong><\/span><\/p>\n<p>Derri\u00e8re chaque chambre, il y a un agent &#8211; parfois venu de centaines de kilom\u00e8tres pour suivre une formation &#8211; qui doit pouvoir se reposer dans des conditions normales. Nous ne demandons pas des prestations luxueuses ni des chambres cinq \u00e9toiles: simplement des conditions d&#8217;h\u00e9bergement propres, entretenues et dignes.<\/p>\n<p style=\"text-align: center;\"><span style=\"text-decoration: underline; color: #ff0000;\"><strong>FO Justice d\u00e9nonce<\/strong><\/span><\/p>\n<ul>\n<li>Le manque de suivi de l&#8217;entretien des locaux :<\/li>\n<li>Le manque de contr\u00f4le apparent de certaines prestations ;<\/li>\n<li>La d\u00e9gradation de certains h\u00e9bergements et des probl\u00e8mes qui semblent perdurer dans le temps;<\/li>\n<li>Le manque de consid\u00e9ration que peuvent ressentir les personnels :<\/li>\n<li>L&#8217;absence d&#8217;une r\u00e9ponse suffisamment rapide et efficace lorsque des probl\u00e8mes sont signal\u00e9s.<\/li>\n<\/ul>\n<p style=\"text-align: center;\"><span style=\"text-decoration: underline; color: #ff0000;\"><strong>FO Justice demande des actes, pas des promesses<\/strong><\/span><\/p>\n<ul>\n<li>Un \u00e9tat des lieux complet des chambres et des espaces communs des diff\u00e9rents villages d&#8217;h\u00e9bergement:<\/li>\n<li>Des interventions rapides sur les chambres et locaux pr\u00e9sentant des d\u00e9fauts d&#8217;entretien ou de d\u00e9gradation ;<\/li>\n<li>Un contr\u00f4le r\u00e9gulier des prestations, avec signalement et correction imm\u00e9diats des manquements:<\/li>\n<li>Des visites r\u00e9guli\u00e8res, y compris inopin\u00e9es, permettant \u00e0 la direction de constater directement l&#8217;\u00e9tat des infrastructures;<\/li>\n<li>Une r\u00e9ponse et une intervention dans un d\u00e9lai raisonnable \u00e0 chaque signalement d&#8217;un apprenant;<\/li>\n<li>Une v\u00e9ritable politique de maintenance et d&#8217;entretien pr\u00e9ventif &#8211; pas seulement des r\u00e9parations ponctuelles lorsque les syndicats ou les personnels alertent.<\/li>\n<\/ul>\n<p style=\"text-align: center;\"><span style=\"text-decoration: underline; color: #ff0000;\"><strong>L&#8217;\u00c9NAP doit \u00eatre une vitrine, pas une vitrine cass\u00e9e<\/strong><\/span><\/p>\n<p>L&#8217;administration p\u00e9nitentiaire exige de ses agents professionnalisme, rigueur et exemplarit\u00e9. <span style=\"color: #ff0000;\"><strong>FO Justice<\/strong><\/span> demande simplement que ces m\u00eames exigences s&#8217;appliquent \u00e0 l&#8217;institution qui forme ses personnels : respect des personnels, qualit\u00e9 de l&#8217;accueil, entretien des infrastructures, contr\u00f4le des prestataires.<\/p>\n<p>La promotion BC 34B nous alerte aujourd&#8217;hui; demain, d&#8217;autres pourraient \u00e9tre confront\u00e9es aux m\u00eames difficult\u00e9s. Nous refusons d&#8217;attendre que la situation se d\u00e9grade davantage. <strong><span style=\"color: #ff0000;\">FO Justice<\/span><\/strong> demande \u00e0 la direction de l&#8217;ENAP de prendre la mesure de la situation et d&#8217;apporter des r\u00e9ponses concr\u00e8tes.<\/p>\n<p style=\"text-align: center;\"><span style=\"color: #ff0000;\"><strong>Nos coll\u00e8gues m\u00e9ritent le respect.<\/strong><\/span><\/p>\n<p style=\"text-align: center;\"><span style=\"color: #ff0000;\"><strong>Les apprenants m\u00e9ritent des conditions dignes.<\/strong><\/span><\/p>\n<p style=\"text-align: center;\"><span style=\"color: #ff0000;\"><strong>L&#8217;\u00c9cole Nationale d&#8217;Administration P\u00e9nitentiaire m\u00e9rite mieux.<\/strong><\/span><\/p>\n<p style=\"text-align: center;\"><span style=\"text-decoration: underline;\"><span style=\"color: #000080;\"><strong>Illustrations des conditions d&#8217;h\u00e9bergement constat\u00e9es<\/strong><\/span><\/span><\/p>\n<p><img fetchpriority=\"high\" decoding=\"async\" class=\"size-full wp-image-51456 aligncenter\" src=\"https:\/\/fojustice.fr\/web\/wp-content\/uploads\/2026\/09\/Capture-decran-2026-09-01-a-09.45.43.png\" alt=\"\" width=\"702\" height=\"434\" srcset=\"https:\/\/fojustice.fr\/web\/wp-content\/uploads\/2026\/09\/Capture-decran-2026-09-01-a-09.45.43.png 702w, https:\/\/fojustice.fr\/web\/wp-content\/uploads\/2026\/09\/Capture-decran-2026-09-01-a-09.45.43-300x185.png 300w, https:\/\/fojustice.fr\/web\/wp-content\/uploads\/2026\/09\/Capture-decran-2026-09-01-a-09.45.43-324x200.png 324w, https:\/\/fojustice.fr\/web\/wp-content\/uploads\/2026\/09\/Capture-decran-2026-09-01-a-09.45.43-416x257.png 416w\" sizes=\"(max-width: 702px) 100vw, 702px\" \/><\/p>\n<p><a href=\"https:\/\/fojustice.fr\/web\/wp-content\/uploads\/2026\/09\/communique-FO-Justice-eleves-ENAP-Hebergements.pdf\">Lire le communiqu\u00e9<\/a><\/p>\n<p>&nbsp;<\/p>\n","protected":false},"excerpt":{"rendered":"<p>DES CONDITIONS D&#8217;H\u00c9BERGEMENT QUI NE SONT PLUS ACCEPTABLES ! Le bureau FO Justice \u00c9NAP \u00c9l\u00e8ves tire la sonnette d&#8217;alarme sur les conditions d&#8217;accueil et d&#8217;h\u00e9bergement r\u00e9serv\u00e9es \u00e0 nos coll\u00e8gues brigadiers-chefs de la promotion BC 34B. Les \u00e9tats des chambres et photographies communiqu\u00e9s sont particuli\u00e8rement pr\u00e9occupants: ils r\u00e9v\u00e9lent des probl\u00e8mes de propret\u00e9, d&#8217;entretien et de suivi [&hellip;]<\/p>\n","protected":false},"author":1,"featured_media":51458,"comment_status":"open","ping_status":"open","sticky":false,"template":"","format":"standard","meta":{"_angie_page":false,"_jetpack_newsletter_access":"","_jetpack_dont_email_post_to_subs":true,"_jetpack_newsletter_tier_id":0,"_jetpack_memberships_contains_paywalled_content":false,"page_builder":"","_jetpack_feature_clip_id":0,"_jetpack_memberships_contains_paid_content":false,"footnotes":"","jetpack_post_was_ever_published":false,"_members_access_role":[],"_members_access_error":""},"categories":[66],"tags":[],"class_list":["post-51454","post","type-post","status-publish","format-standard","has-post-thumbnail","hentry","category-enap"],"yoast_head":"<!-- This site is optimized with the Yoast SEO plugin v28.3 - https:\/\/yoast.com\/product\/yoast-seo-wordpress\/ -->\n<title>Promotion BC 34B : L&#039;accueil \u00e0 l&#039;\u00c9NAP ne doit pas \u00eatre une \u00e9preuve suppl\u00e9mentaire ! - Syndicat FO Justice<\/title>\n<meta name=\"description\" content=\"Syndicat FO Justice - ENAP - Promotion BC 34B : L&#039;accueil \u00e0 l&#039;\u00c9NAP ne doit pas \u00eatre une \u00e9preuve suppl\u00e9mentaire !\" \/>\n<meta name=\"robots\" content=\"index, follow, max-snippet:-1, max-image-preview:large, max-video-preview:-1\" \/>\n<link rel=\"canonical\" href=\"https:\/\/fojustice.fr\/web\/promotion-bc-34b-laccueil-a-lenap-ne-doit-pas-etre-une-epreuve-supplementaire\/\" \/>\n<meta property=\"og:locale\" content=\"fr_FR\" \/>\n<meta property=\"og:type\" content=\"article\" \/>\n<meta property=\"og:title\" content=\"Promotion BC 34B : L&#039;accueil \u00e0 l&#039;\u00c9NAP ne doit pas \u00eatre une \u00e9preuve suppl\u00e9mentaire ! - Syndicat FO Justice\" \/>\n<meta property=\"og:description\" content=\"Syndicat FO Justice - ENAP - Promotion BC 34B : L&#039;accueil \u00e0 l&#039;\u00c9NAP ne doit pas \u00eatre une \u00e9preuve suppl\u00e9mentaire !\" \/>\n<meta property=\"og:url\" content=\"https:\/\/fojustice.fr\/web\/promotion-bc-34b-laccueil-a-lenap-ne-doit-pas-etre-une-epreuve-supplementaire\/\" \/>\n<meta property=\"og:site_name\" content=\"Syndicat FO Justice\" \/>\n<meta property=\"article:publisher\" content=\"https:\/\/www.facebook.com\/SyndicatFoJustice\" \/>\n<meta property=\"article:published_time\" content=\"2026-09-01T07:59:28+00:00\" \/>\n<meta property=\"og:image\" content=\"https:\/\/fojustice.fr\/web\/wp-content\/uploads\/2026\/09\/Capture-decran-2026-09-01-a-09.54.55-1024x574.png\" \/>\n\t<meta property=\"og:image:width\" content=\"1024\" \/>\n\t<meta property=\"og:image:height\" content=\"574\" \/>\n\t<meta property=\"og:image:type\" content=\"image\/png\" \/>\n<meta name=\"author\" content=\"adminfojustice\" \/>\n<meta name=\"twitter:card\" content=\"summary_large_image\" \/>\n<meta name=\"twitter:creator\" content=\"@SyndFoJustice\" \/>\n<meta name=\"twitter:site\" content=\"@SyndFoJustice\" \/>\n<meta name=\"twitter:label1\" content=\"\u00c9crit par\" \/>\n\t<meta name=\"twitter:data1\" content=\"adminfojustice\" \/>\n\t<meta name=\"twitter:label2\" content=\"Dur\u00e9e de lecture estim\u00e9e\" \/>\n\t<meta name=\"twitter:data2\" content=\"3 minutes\" \/>\n<script type=\"application\/ld+json\" class=\"yoast-schema-graph\">{\"@context\":\"https:\\\/\\\/schema.org\",\"@graph\":[{\"@type\":\"NewsArticle\",\"@id\":\"https:\\\/\\\/fojustice.fr\\\/web\\\/promotion-bc-34b-laccueil-a-lenap-ne-doit-pas-etre-une-epreuve-supplementaire\\\/#article\",\"isPartOf\":{\"@id\":\"https:\\\/\\\/fojustice.fr\\\/web\\\/promotion-bc-34b-laccueil-a-lenap-ne-doit-pas-etre-une-epreuve-supplementaire\\\/\"},\"author\":{\"name\":\"adminfojustice\",\"@id\":\"https:\\\/\\\/fojustice.fr\\\/web\\\/#\\\/schema\\\/person\\\/a51cb9c3495ce0ca62b78fc96ac3bf9f\"},\"headline\":\"Promotion BC 34B : L&#8217;accueil \u00e0 l&#8217;\u00c9NAP ne doit pas \u00eatre une \u00e9preuve suppl\u00e9mentaire !\",\"datePublished\":\"2026-09-01T07:59:28+00:00\",\"mainEntityOfPage\":{\"@id\":\"https:\\\/\\\/fojustice.fr\\\/web\\\/promotion-bc-34b-laccueil-a-lenap-ne-doit-pas-etre-une-epreuve-supplementaire\\\/\"},\"wordCount\":666,\"commentCount\":0,\"publisher\":{\"@id\":\"https:\\\/\\\/fojustice.fr\\\/web\\\/#organization\"},\"image\":{\"@id\":\"https:\\\/\\\/fojustice.fr\\\/web\\\/promotion-bc-34b-laccueil-a-lenap-ne-doit-pas-etre-une-epreuve-supplementaire\\\/#primaryimage\"},\"thumbnailUrl\":\"https:\\\/\\\/fojustice.fr\\\/web\\\/wp-content\\\/uploads\\\/2026\\\/09\\\/Capture-decran-2026-09-01-a-09.54.55-scaled.png\",\"articleSection\":[\"ENAP\"],\"inLanguage\":\"fr-FR\",\"potentialAction\":[{\"@type\":\"CommentAction\",\"name\":\"Comment\",\"target\":[\"https:\\\/\\\/fojustice.fr\\\/web\\\/promotion-bc-34b-laccueil-a-lenap-ne-doit-pas-etre-une-epreuve-supplementaire\\\/#respond\"]}]},{\"@type\":\"WebPage\",\"@id\":\"https:\\\/\\\/fojustice.fr\\\/web\\\/promotion-bc-34b-laccueil-a-lenap-ne-doit-pas-etre-une-epreuve-supplementaire\\\/\",\"url\":\"https:\\\/\\\/fojustice.fr\\\/web\\\/promotion-bc-34b-laccueil-a-lenap-ne-doit-pas-etre-une-epreuve-supplementaire\\\/\",\"name\":\"Promotion BC 34B : L'accueil \u00e0 l'\u00c9NAP ne doit pas \u00eatre une \u00e9preuve suppl\u00e9mentaire ! - Syndicat FO Justice\",\"isPartOf\":{\"@id\":\"https:\\\/\\\/fojustice.fr\\\/web\\\/#website\"},\"primaryImageOfPage\":{\"@id\":\"https:\\\/\\\/fojustice.fr\\\/web\\\/promotion-bc-34b-laccueil-a-lenap-ne-doit-pas-etre-une-epreuve-supplementaire\\\/#primaryimage\"},\"image\":{\"@id\":\"https:\\\/\\\/fojustice.fr\\\/web\\\/promotion-bc-34b-laccueil-a-lenap-ne-doit-pas-etre-une-epreuve-supplementaire\\\/#primaryimage\"},\"thumbnailUrl\":\"https:\\\/\\\/fojustice.fr\\\/web\\\/wp-content\\\/uploads\\\/2026\\\/09\\\/Capture-decran-2026-09-01-a-09.54.55-scaled.png\",\"datePublished\":\"2026-09-01T07:59:28+00:00\",\"description\":\"Syndicat FO Justice - ENAP - Promotion BC 34B : L'accueil \u00e0 l'\u00c9NAP ne doit pas \u00eatre une \u00e9preuve suppl\u00e9mentaire !\",\"breadcrumb\":{\"@id\":\"https:\\\/\\\/fojustice.fr\\\/web\\\/promotion-bc-34b-laccueil-a-lenap-ne-doit-pas-etre-une-epreuve-supplementaire\\\/#breadcrumb\"},\"inLanguage\":\"fr-FR\",\"potentialAction\":[{\"@type\":\"ReadAction\",\"target\":[\"https:\\\/\\\/fojustice.fr\\\/web\\\/promotion-bc-34b-laccueil-a-lenap-ne-doit-pas-etre-une-epreuve-supplementaire\\\/\"]}]},{\"@type\":\"ImageObject\",\"inLanguage\":\"fr-FR\",\"@id\":\"https:\\\/\\\/fojustice.fr\\\/web\\\/promotion-bc-34b-laccueil-a-lenap-ne-doit-pas-etre-une-epreuve-supplementaire\\\/#primaryimage\",\"url\":\"https:\\\/\\\/fojustice.fr\\\/web\\\/wp-content\\\/uploads\\\/2026\\\/09\\\/Capture-decran-2026-09-01-a-09.54.55-scaled.png\",\"contentUrl\":\"https:\\\/\\\/fojustice.fr\\\/web\\\/wp-content\\\/uploads\\\/2026\\\/09\\\/Capture-decran-2026-09-01-a-09.54.55-scaled.png\",\"width\":2048,\"height\":1149},{\"@type\":\"BreadcrumbList\",\"@id\":\"https:\\\/\\\/fojustice.fr\\\/web\\\/promotion-bc-34b-laccueil-a-lenap-ne-doit-pas-etre-une-epreuve-supplementaire\\\/#breadcrumb\",\"itemListElement\":[{\"@type\":\"ListItem\",\"position\":1,\"name\":\"Accueil\",\"item\":\"https:\\\/\\\/fojustice.fr\\\/web\\\/\"},{\"@type\":\"ListItem\",\"position\":2,\"name\":\"Promotion BC 34B : L&#8217;accueil \u00e0 l&#8217;\u00c9NAP ne doit pas \u00eatre une \u00e9preuve suppl\u00e9mentaire !\"}]},{\"@type\":\"WebSite\",\"@id\":\"https:\\\/\\\/fojustice.fr\\\/web\\\/#website\",\"url\":\"https:\\\/\\\/fojustice.fr\\\/web\\\/\",\"name\":\"Syndicat FO Justice\",\"description\":\"Site du Syndicat National FO Justice\",\"publisher\":{\"@id\":\"https:\\\/\\\/fojustice.fr\\\/web\\\/#organization\"},\"alternateName\":\"Syndicat National FO Justice\",\"potentialAction\":[{\"@type\":\"SearchAction\",\"target\":{\"@type\":\"EntryPoint\",\"urlTemplate\":\"https:\\\/\\\/fojustice.fr\\\/web\\\/?s={search_term_string}\"},\"query-input\":{\"@type\":\"PropertyValueSpecification\",\"valueRequired\":true,\"valueName\":\"search_term_string\"}}],\"inLanguage\":\"fr-FR\"},{\"@type\":\"Organization\",\"@id\":\"https:\\\/\\\/fojustice.fr\\\/web\\\/#organization\",\"name\":\"Syndicat National FO Justice\",\"alternateName\":\"Syndicat National FO Justice\",\"url\":\"https:\\\/\\\/fojustice.fr\\\/web\\\/\",\"logo\":{\"@type\":\"ImageObject\",\"inLanguage\":\"fr-FR\",\"@id\":\"https:\\\/\\\/fojustice.fr\\\/web\\\/#\\\/schema\\\/logo\\\/image\\\/\",\"url\":\"https:\\\/\\\/fojustice.fr\\\/web\\\/wp-content\\\/uploads\\\/2022\\\/03\\\/logo-fo-justice.png\",\"contentUrl\":\"https:\\\/\\\/fojustice.fr\\\/web\\\/wp-content\\\/uploads\\\/2022\\\/03\\\/logo-fo-justice.png\",\"width\":800,\"height\":800,\"caption\":\"Syndicat National FO Justice\"},\"image\":{\"@id\":\"https:\\\/\\\/fojustice.fr\\\/web\\\/#\\\/schema\\\/logo\\\/image\\\/\"},\"sameAs\":[\"https:\\\/\\\/www.facebook.com\\\/SyndicatFoJustice\",\"https:\\\/\\\/x.com\\\/SyndFoJustice\"]},{\"@type\":\"Person\",\"@id\":\"https:\\\/\\\/fojustice.fr\\\/web\\\/#\\\/schema\\\/person\\\/a51cb9c3495ce0ca62b78fc96ac3bf9f\",\"name\":\"adminfojustice\",\"image\":{\"@type\":\"ImageObject\",\"inLanguage\":\"fr-FR\",\"@id\":\"https:\\\/\\\/secure.gravatar.com\\\/avatar\\\/368884c0ecc46e53d83c0c3c0af4c6c30a6bbc2aab7535848950f43a950bfd4e?s=96&d=mm&r=g\",\"url\":\"https:\\\/\\\/secure.gravatar.com\\\/avatar\\\/368884c0ecc46e53d83c0c3c0af4c6c30a6bbc2aab7535848950f43a950bfd4e?s=96&d=mm&r=g\",\"contentUrl\":\"https:\\\/\\\/secure.gravatar.com\\\/avatar\\\/368884c0ecc46e53d83c0c3c0af4c6c30a6bbc2aab7535848950f43a950bfd4e?s=96&d=mm&r=g\",\"caption\":\"adminfojustice\"},\"sameAs\":[\"https:\\\/\\\/www.fojustice.fr\\\/web\"],\"url\":\"https:\\\/\\\/fojustice.fr\\\/web\\\/author\\\/adminfojustice\\\/\"}]}<\/script>\n<!-- \/ Yoast SEO plugin. -->","yoast_head_json":{"title":"Promotion BC 34B : L'accueil \u00e0 l'\u00c9NAP ne doit pas \u00eatre une \u00e9preuve suppl\u00e9mentaire ! - Syndicat FO Justice","description":"Syndicat FO Justice - ENAP - Promotion BC 34B : L'accueil \u00e0 l'\u00c9NAP ne doit pas \u00eatre une \u00e9preuve suppl\u00e9mentaire !","robots":{"index":"index","follow":"follow","max-snippet":"max-snippet:-1","max-image-preview":"max-image-preview:large","max-video-preview":"max-video-preview:-1"},"canonical":"https:\/\/fojustice.fr\/web\/promotion-bc-34b-laccueil-a-lenap-ne-doit-pas-etre-une-epreuve-supplementaire\/","og_locale":"fr_FR","og_type":"article","og_title":"Promotion BC 34B : L'accueil \u00e0 l'\u00c9NAP ne doit pas \u00eatre une \u00e9preuve suppl\u00e9mentaire ! - Syndicat FO Justice","og_description":"Syndicat FO Justice - ENAP - Promotion BC 34B : L'accueil \u00e0 l'\u00c9NAP ne doit pas \u00eatre une \u00e9preuve suppl\u00e9mentaire !","og_url":"https:\/\/fojustice.fr\/web\/promotion-bc-34b-laccueil-a-lenap-ne-doit-pas-etre-une-epreuve-supplementaire\/","og_site_name":"Syndicat FO Justice","article_publisher":"https:\/\/www.facebook.com\/SyndicatFoJustice","article_published_time":"2026-09-01T07:59:28+00:00","og_image":[{"width":1024,"height":574,"url":"https:\/\/fojustice.fr\/web\/wp-content\/uploads\/2026\/09\/Capture-decran-2026-09-01-a-09.54.55-1024x574.png","type":"image\/png"}],"author":"adminfojustice","twitter_card":"summary_large_image","twitter_creator":"@SyndFoJustice","twitter_site":"@SyndFoJustice","twitter_misc":{"\u00c9crit par":"adminfojustice","Dur\u00e9e de lecture estim\u00e9e":"3 minutes"},"schema":{"@context":"https:\/\/schema.org","@graph":[{"@type":"NewsArticle","@id":"https:\/\/fojustice.fr\/web\/promotion-bc-34b-laccueil-a-lenap-ne-doit-pas-etre-une-epreuve-supplementaire\/#article","isPartOf":{"@id":"https:\/\/fojustice.fr\/web\/promotion-bc-34b-laccueil-a-lenap-ne-doit-pas-etre-une-epreuve-supplementaire\/"},"author":{"name":"adminfojustice","@id":"https:\/\/fojustice.fr\/web\/#\/schema\/person\/a51cb9c3495ce0ca62b78fc96ac3bf9f"},"headline":"Promotion BC 34B : L&#8217;accueil \u00e0 l&#8217;\u00c9NAP ne doit pas \u00eatre une \u00e9preuve suppl\u00e9mentaire !","datePublished":"2026-09-01T07:59:28+00:00","mainEntityOfPage":{"@id":"https:\/\/fojustice.fr\/web\/promotion-bc-34b-laccueil-a-lenap-ne-doit-pas-etre-une-epreuve-supplementaire\/"},"wordCount":666,"commentCount":0,"publisher":{"@id":"https:\/\/fojustice.fr\/web\/#organization"},"image":{"@id":"https:\/\/fojustice.fr\/web\/promotion-bc-34b-laccueil-a-lenap-ne-doit-pas-etre-une-epreuve-supplementaire\/#primaryimage"},"thumbnailUrl":"https:\/\/fojustice.fr\/web\/wp-content\/uploads\/2026\/09\/Capture-decran-2026-09-01-a-09.54.55-scaled.png","articleSection":["ENAP"],"inLanguage":"fr-FR","potentialAction":[{"@type":"CommentAction","name":"Comment","target":["https:\/\/fojustice.fr\/web\/promotion-bc-34b-laccueil-a-lenap-ne-doit-pas-etre-une-epreuve-supplementaire\/#respond"]}]},{"@type":"WebPage","@id":"https:\/\/fojustice.fr\/web\/promotion-bc-34b-laccueil-a-lenap-ne-doit-pas-etre-une-epreuve-supplementaire\/","url":"https:\/\/fojustice.fr\/web\/promotion-bc-34b-laccueil-a-lenap-ne-doit-pas-etre-une-epreuve-supplementaire\/","name":"Promotion BC 34B : L'accueil \u00e0 l'\u00c9NAP ne doit pas \u00eatre une \u00e9preuve suppl\u00e9mentaire ! - Syndicat FO Justice","isPartOf":{"@id":"https:\/\/fojustice.fr\/web\/#website"},"primaryImageOfPage":{"@id":"https:\/\/fojustice.fr\/web\/promotion-bc-34b-laccueil-a-lenap-ne-doit-pas-etre-une-epreuve-supplementaire\/#primaryimage"},"image":{"@id":"https:\/\/fojustice.fr\/web\/promotion-bc-34b-laccueil-a-lenap-ne-doit-pas-etre-une-epreuve-supplementaire\/#primaryimage"},"thumbnailUrl":"https:\/\/fojustice.fr\/web\/wp-content\/uploads\/2026\/09\/Capture-decran-2026-09-01-a-09.54.55-scaled.png","datePublished":"2026-09-01T07:59:28+00:00","description":"Syndicat FO Justice - ENAP - Promotion BC 34B : L'accueil \u00e0 l'\u00c9NAP ne doit pas \u00eatre une \u00e9preuve suppl\u00e9mentaire !","breadcrumb":{"@id":"https:\/\/fojustice.fr\/web\/promotion-bc-34b-laccueil-a-lenap-ne-doit-pas-etre-une-epreuve-supplementaire\/#breadcrumb"},"inLanguage":"fr-FR","potentialAction":[{"@type":"ReadAction","target":["https:\/\/fojustice.fr\/web\/promotion-bc-34b-laccueil-a-lenap-ne-doit-pas-etre-une-epreuve-supplementaire\/"]}]},{"@type":"ImageObject","inLanguage":"fr-FR","@id":"https:\/\/fojustice.fr\/web\/promotion-bc-34b-laccueil-a-lenap-ne-doit-pas-etre-une-epreuve-supplementaire\/#primaryimage","url":"https:\/\/fojustice.fr\/web\/wp-content\/uploads\/2026\/09\/Capture-decran-2026-09-01-a-09.54.55-scaled.png","contentUrl":"https:\/\/fojustice.fr\/web\/wp-content\/uploads\/2026\/09\/Capture-decran-2026-09-01-a-09.54.55-scaled.png","width":2048,"height":1149},{"@type":"BreadcrumbList","@id":"https:\/\/fojustice.fr\/web\/promotion-bc-34b-laccueil-a-lenap-ne-doit-pas-etre-une-epreuve-supplementaire\/#breadcrumb","itemListElement":[{"@type":"ListItem","position":1,"name":"Accueil","item":"https:\/\/fojustice.fr\/web\/"},{"@type":"ListItem","position":2,"name":"Promotion BC 34B : L&#8217;accueil \u00e0 l&#8217;\u00c9NAP ne doit pas \u00eatre une \u00e9preuve suppl\u00e9mentaire !"}]},{"@type":"WebSite","@id":"https:\/\/fojustice.fr\/web\/#website","url":"https:\/\/fojustice.fr\/web\/","name":"Syndicat FO Justice","description":"Site du Syndicat National FO Justice","publisher":{"@id":"https:\/\/fojustice.fr\/web\/#organization"},"alternateName":"Syndicat National FO Justice","potentialAction":[{"@type":"SearchAction","target":{"@type":"EntryPoint","urlTemplate":"https:\/\/fojustice.fr\/web\/?s={search_term_string}"},"query-input":{"@type":"PropertyValueSpecification","valueRequired":true,"valueName":"search_term_string"}}],"inLanguage":"fr-FR"},{"@type":"Organization","@id":"https:\/\/fojustice.fr\/web\/#organization","name":"Syndicat National FO Justice","alternateName":"Syndicat National FO Justice","url":"https:\/\/fojustice.fr\/web\/","logo":{"@type":"ImageObject","inLanguage":"fr-FR","@id":"https:\/\/fojustice.fr\/web\/#\/schema\/logo\/image\/","url":"https:\/\/fojustice.fr\/web\/wp-content\/uploads\/2022\/03\/logo-fo-justice.png","contentUrl":"https:\/\/fojustice.fr\/web\/wp-content\/uploads\/2022\/03\/logo-fo-justice.png","width":800,"height":800,"caption":"Syndicat National FO Justice"},"image":{"@id":"https:\/\/fojustice.fr\/web\/#\/schema\/logo\/image\/"},"sameAs":["https:\/\/www.facebook.com\/SyndicatFoJustice","https:\/\/x.com\/SyndFoJustice"]},{"@type":"Person","@id":"https:\/\/fojustice.fr\/web\/#\/schema\/person\/a51cb9c3495ce0ca62b78fc96ac3bf9f","name":"adminfojustice","image":{"@type":"ImageObject","inLanguage":"fr-FR","@id":"https:\/\/secure.gravatar.com\/avatar\/368884c0ecc46e53d83c0c3c0af4c6c30a6bbc2aab7535848950f43a950bfd4e?s=96&d=mm&r=g","url":"https:\/\/secure.gravatar.com\/avatar\/368884c0ecc46e53d83c0c3c0af4c6c30a6bbc2aab7535848950f43a950bfd4e?s=96&d=mm&r=g","contentUrl":"https:\/\/secure.gravatar.com\/avatar\/368884c0ecc46e53d83c0c3c0af4c6c30a6bbc2aab7535848950f43a950bfd4e?s=96&d=mm&r=g","caption":"adminfojustice"},"sameAs":["https:\/\/www.fojustice.fr\/web"],"url":"https:\/\/fojustice.fr\/web\/author\/adminfojustice\/"}]}},"jetpack_shortlink":"https:\/\/wp.me\/pdNWl1-dnU","jetpack_sharing_enabled":true,"jetpack_featured_media_url":"https:\/\/fojustice.fr\/web\/wp-content\/uploads\/2026\/09\/Capture-decran-2026-09-01-a-09.54.55-scaled.png","_links":{"self":[{"href":"https:\/\/fojustice.fr\/web\/wp-json\/wp\/v2\/posts\/51454","targetHints":{"allow":["GET"]}}],"collection":[{"href":"https:\/\/fojustice.fr\/web\/wp-json\/wp\/v2\/posts"}],"about":[{"href":"https:\/\/fojustice.fr\/web\/wp-json\/wp\/v2\/types\/post"}],"author":[{"embeddable":true,"href":"https:\/\/fojustice.fr\/web\/wp-json\/wp\/v2\/users\/1"}],"replies":[{"embeddable":true,"href":"https:\/\/fojustice.fr\/web\/wp-json\/wp\/v2\/comments?post=51454"}],"version-history":[{"count":2,"href":"https:\/\/fojustice.fr\/web\/wp-json\/wp\/v2\/posts\/51454\/revisions"}],"predecessor-version":[{"id":51459,"href":"https:\/\/fojustice.fr\/web\/wp-json\/wp\/v2\/posts\/51454\/revisions\/51459"}],"wp:featuredmedia":[{"embeddable":true,"href":"https:\/\/fojustice.fr\/web\/wp-json\/wp\/v2\/media\/51458"}],"wp:attachment":[{"href":"https:\/\/fojustice.fr\/web\/wp-json\/wp\/v2\/media?parent=51454"}],"wp:term":[{"taxonomy":"category","embeddable":true,"href":"https:\/\/fojustice.fr\/web\/wp-json\/wp\/v2\/categories?post=51454"},{"taxonomy":"post_tag","embeddable":true,"href":"https:\/\/fojustice.fr\/web\/wp-json\/wp\/v2\/tags?post=51454"}],"curies":[{"name":"wp","href":"https:\/\/api.w.org\/{rel}","templated":true}]}}