{"id":51448,"date":"2026-08-31T19:00:00","date_gmt":"2026-08-31T17:00:00","guid":{"rendered":"https:\/\/fojustice.fr\/web\/?p=51448"},"modified":"2026-08-31T19:00:00","modified_gmt":"2026-08-31T17:00:00","slug":"agression-homophobe-notre-solidarite-est-totale","status":"publish","type":"post","link":"https:\/\/fojustice.fr\/web\/agression-homophobe-notre-solidarite-est-totale\/","title":{"rendered":"Agression homophobe : Notre solidarit\u00e9 est totale !"},"content":{"rendered":"<p class=\"p1\">Dans la nuit du samedi 29 au dimanche 30 ao\u00fbt, Pierre Picavet, policier et pr\u00e9sident de <i>FLAG!<\/i>, a \u00e9t\u00e9 victime d\u2019une violente agression \u00e0 caract\u00e8re homophobe dans le quartier du Marais \u00e0 Paris.<\/p>\n<p class=\"p1\">Insult\u00e9 en raison de son orientation sexuelle, il a \u00e9t\u00e9 violemment frapp\u00e9 et gri\u00e8vement bless\u00e9, notamment au visage et au cr\u00e2ne.<\/p>\n<p class=\"p1\">Malgr\u00e9 le fait d\u2019avoir d\u00e9clin\u00e9 sa qualit\u00e9 de policier, les violences se sont poursuivies.<\/p>\n<p class=\"p2\"><span style=\"color: #ff0000;\"><b>FO Justice condamne avec la plus grande fermet\u00e9 cette agression et adresse tout son soutien \u00e0 Pierre Picavet, \u00e0 ses <\/b><b>proches ainsi qu\u2019\u00e0 l\u2019ensemble des membres de <\/b><b><i>FLAG!<\/i><\/b><b>.<\/b><\/span><\/p>\n<p class=\"p3\" style=\"text-align: center;\"><span style=\"text-decoration: underline; color: #000080;\"><b><i>FLAG!<\/i><\/b><b>, C\u2019EST QUOI ?<\/b><\/span><\/p>\n<p class=\"p1\"><strong>\u21d2<\/strong> <i>FLAG! \u2013 Int\u00e9rieur et Justice LGBT+<\/i> est une association qui rassemble notamment des personnels des minist\u00e8res de l\u2019Int\u00e9rieur et de la Justice. Elle agit contre les LGBTphobies et accompagne les personnels confront\u00e9s \u00e0 des discriminations li\u00e9es notamment \u00e0 leur orientation sexuelle ou \u00e0 leur identit\u00e9 de genre.<\/p>\n<p class=\"p1\"><b>\u21d2 Depuis 2021, <\/b><b><i>FLAG!<\/i><\/b><b> est officiellement partenaire du minist\u00e8re de la Justice, cette convention permet notamment \u00e0 <\/b><b>l\u2019association de mener des actions de sensibilisation, de formation, de conseil et d\u2019accompagnement aupr\u00e8s des agents.<\/b><\/p>\n<p class=\"p1\">Le minist\u00e8re dispose \u00e9galement d\u2019un dispositif de signalement des violences et discriminations destin\u00e9 \u00e0 tous ses personnels et la loi de programmation de la Justice faisait \u00e9tat de 102 r\u00e9f\u00e9rents mobilis\u00e9s dans les diff\u00e9rentes directions sur les questions d\u2019\u00e9galit\u00e9 et de diversit\u00e9.<\/p>\n<p class=\"p3\" style=\"text-align: center;\"><span style=\"text-decoration: underline; color: #000080;\"><b>DES VIOLENCES QUI RESTENT UNE R\u00c9ALIT\u00c9<\/b><\/span><\/p>\n<p class=\"p1\">En France, 4 900 infractions anti-LGBT+ ont encore \u00e9t\u00e9 enregistr\u00e9es par les forces de s\u00e9curit\u00e9 en 2025, soit une hausse de 2 % en un an, et ce chiffre ne refl\u00e8te qu\u2019une partie de la r\u00e9alit\u00e9. Selon l\u2019enqu\u00eate du minist\u00e8re de l\u2019Int\u00e9rieur, environ 3 % seulement des victimes d\u2019actes anti-LGBT+ d\u00e9clarent avoir d\u00e9pos\u00e9 plainte.<\/p>\n<p class=\"p4\" style=\"text-align: center;\"><span style=\"color: #ff0000;\"><b>Derri\u00e8re ces chiffres, il y a des femmes et des hommes, des coll\u00e8gues, des familles.<\/b><\/span><\/p>\n<p class=\"p4\" style=\"text-align: center;\"><span style=\"color: #ff0000;\"><b>Personne ne devrait avoir peur d\u2019\u00eatre insult\u00e9, discrimin\u00e9 ou agress\u00e9<\/b><\/span><\/p>\n<p class=\"p3\" style=\"text-align: center;\"><span style=\"text-decoration: underline; color: #000080;\"><b>SIMPLEMENT POUR CE QU\u2019IL EST OU POUR QUI IL AIME !!!<\/b><\/span><\/p>\n<p class=\"p1\">L\u2019agression dont vient d\u2019\u00eatre victime le pr\u00e9sident de <i>FLAG! <\/i>nous rappelle brutalement que le combat contre la haine et les discriminations reste malheureusement d\u2019actualit\u00e9.<\/p>\n<p class=\"p2\"><span style=\"color: #ff0000;\"><b>FO Justice continuera \u00e0 d\u00e9fendre une administration dans laquelle chaque agent doit pouvoir travailler, vivre et \u00eatre <\/b><b>respect\u00e9 sans avoir \u00e0 cacher ce qu\u2019il est.<\/b><\/span><\/p>\n<p class=\"p3\" style=\"text-align: center;\"><span style=\"text-decoration: underline; color: #000080;\"><b>\u00caTRE SOI-M\u00caME NE DOIT JAMAIS DEVENIR UN DANGER.<\/b><\/span><\/p>\n<p class=\"p1\">\u00c0 Pierre Picavet, \u00e0 ses proches et \u00e0 l\u2019ensemble des membres de <i>FLAG!,<\/i> <span class=\"s2\" style=\"color: #ff0000;\"><b>FO Justice<\/b> <\/span>adresse son soutien le plus sinc\u00e8re et lui souhaite un prompt et complet r\u00e9tablissement.<\/p>\n<p class=\"p5\" style=\"text-align: center;\"><span style=\"color: #ff0000;\"><b>FACE \u00c0 LA HAINE : AUCUNE BANALISATION !<\/b><\/span><\/p>\n<p class=\"p5\" style=\"text-align: center;\"><span style=\"color: #ff0000;\"><b>FACE AUX VIOLENCES : AUCUNE COMPLAISANCE !!<\/b><\/span><\/p>\n<p class=\"p5\" style=\"text-align: center;\"><span style=\"color: #ff0000;\"><b>FACE AUX VICTIMES : UNE SOLIDARIT\u00c9 TOTALE !!!<\/b><\/span><\/p>\n<p><a href=\"https:\/\/fojustice.fr\/web\/wp-content\/uploads\/2026\/08\/20260831-FO-Justice-Agression-homophobe-notre-solidarite-est-totale-V2.pdf\">Lire le communiqu\u00e9<\/a><\/p>\n","protected":false},"excerpt":{"rendered":"<p>Dans la nuit du samedi 29 au dimanche 30 ao\u00fbt, Pierre Picavet, policier et pr\u00e9sident de FLAG!, a \u00e9t\u00e9 victime d\u2019une violente agression \u00e0 caract\u00e8re homophobe dans le quartier du Marais \u00e0 Paris. Insult\u00e9 en raison de son orientation sexuelle, il a \u00e9t\u00e9 violemment frapp\u00e9 et gri\u00e8vement bless\u00e9, notamment au visage et au cr\u00e2ne. Malgr\u00e9 [&hellip;]<\/p>\n","protected":false},"author":1,"featured_media":51450,"comment_status":"open","ping_status":"open","sticky":false,"template":"","format":"standard","meta":{"_angie_page":false,"_jetpack_newsletter_access":"","_jetpack_dont_email_post_to_subs":true,"_jetpack_newsletter_tier_id":0,"_jetpack_memberships_contains_paywalled_content":false,"page_builder":"","_jetpack_feature_clip_id":0,"_jetpack_memberships_contains_paid_content":false,"footnotes":"","jetpack_post_was_ever_published":false,"_members_access_role":[],"_members_access_error":""},"categories":[41],"tags":[],"class_list":["post-51448","post","type-post","status-publish","format-standard","has-post-thumbnail","hentry","category-national"],"yoast_head":"<!-- This site is optimized with the Yoast SEO plugin v28.3 - https:\/\/yoast.com\/product\/yoast-seo-wordpress\/ -->\n<title>Agression homophobe : Notre solidarit\u00e9 est totale ! - Syndicat FO Justice<\/title>\n<meta name=\"description\" content=\"Syndicat FO Justice - NATIONAL - Agression homophobe : Notre solidarit\u00e9 est totale !\" \/>\n<meta name=\"robots\" content=\"index, follow, max-snippet:-1, max-image-preview:large, max-video-preview:-1\" \/>\n<link rel=\"canonical\" href=\"https:\/\/fojustice.fr\/web\/agression-homophobe-notre-solidarite-est-totale\/\" \/>\n<meta property=\"og:locale\" content=\"fr_FR\" \/>\n<meta property=\"og:type\" content=\"article\" \/>\n<meta property=\"og:title\" content=\"Agression homophobe : Notre solidarit\u00e9 est totale ! - Syndicat FO Justice\" \/>\n<meta property=\"og:description\" content=\"Syndicat FO Justice - NATIONAL - Agression homophobe : Notre solidarit\u00e9 est totale !\" \/>\n<meta property=\"og:url\" content=\"https:\/\/fojustice.fr\/web\/agression-homophobe-notre-solidarite-est-totale\/\" \/>\n<meta property=\"og:site_name\" content=\"Syndicat FO Justice\" \/>\n<meta property=\"article:publisher\" content=\"https:\/\/www.facebook.com\/SyndicatFoJustice\" \/>\n<meta property=\"article:published_time\" content=\"2026-08-31T17:00:00+00:00\" \/>\n<meta property=\"og:image\" content=\"https:\/\/fojustice.fr\/web\/wp-content\/uploads\/2026\/08\/Capture-decran-2026-08-31-a-18.58.06-1024x746.png\" \/>\n\t<meta property=\"og:image:width\" content=\"1024\" \/>\n\t<meta property=\"og:image:height\" content=\"746\" \/>\n\t<meta property=\"og:image:type\" content=\"image\/png\" \/>\n<meta name=\"author\" content=\"adminfojustice\" \/>\n<meta name=\"twitter:card\" content=\"summary_large_image\" \/>\n<meta name=\"twitter:creator\" content=\"@SyndFoJustice\" \/>\n<meta name=\"twitter:site\" content=\"@SyndFoJustice\" \/>\n<meta name=\"twitter:label1\" content=\"\u00c9crit par\" \/>\n\t<meta name=\"twitter:data1\" content=\"adminfojustice\" \/>\n\t<meta name=\"twitter:label2\" content=\"Dur\u00e9e de lecture estim\u00e9e\" \/>\n\t<meta name=\"twitter:data2\" content=\"2 minutes\" \/>\n<script type=\"application\/ld+json\" class=\"yoast-schema-graph\">{\"@context\":\"https:\\\/\\\/schema.org\",\"@graph\":[{\"@type\":\"NewsArticle\",\"@id\":\"https:\\\/\\\/fojustice.fr\\\/web\\\/agression-homophobe-notre-solidarite-est-totale\\\/#article\",\"isPartOf\":{\"@id\":\"https:\\\/\\\/fojustice.fr\\\/web\\\/agression-homophobe-notre-solidarite-est-totale\\\/\"},\"author\":{\"name\":\"adminfojustice\",\"@id\":\"https:\\\/\\\/fojustice.fr\\\/web\\\/#\\\/schema\\\/person\\\/a51cb9c3495ce0ca62b78fc96ac3bf9f\"},\"headline\":\"Agression homophobe : Notre solidarit\u00e9 est totale !\",\"datePublished\":\"2026-08-31T17:00:00+00:00\",\"mainEntityOfPage\":{\"@id\":\"https:\\\/\\\/fojustice.fr\\\/web\\\/agression-homophobe-notre-solidarite-est-totale\\\/\"},\"wordCount\":455,\"commentCount\":0,\"publisher\":{\"@id\":\"https:\\\/\\\/fojustice.fr\\\/web\\\/#organization\"},\"image\":{\"@id\":\"https:\\\/\\\/fojustice.fr\\\/web\\\/agression-homophobe-notre-solidarite-est-totale\\\/#primaryimage\"},\"thumbnailUrl\":\"https:\\\/\\\/fojustice.fr\\\/web\\\/wp-content\\\/uploads\\\/2026\\\/08\\\/Capture-decran-2026-08-31-a-18.58.06.png\",\"articleSection\":[\"NATIONAL\"],\"inLanguage\":\"fr-FR\",\"potentialAction\":[{\"@type\":\"CommentAction\",\"name\":\"Comment\",\"target\":[\"https:\\\/\\\/fojustice.fr\\\/web\\\/agression-homophobe-notre-solidarite-est-totale\\\/#respond\"]}]},{\"@type\":\"WebPage\",\"@id\":\"https:\\\/\\\/fojustice.fr\\\/web\\\/agression-homophobe-notre-solidarite-est-totale\\\/\",\"url\":\"https:\\\/\\\/fojustice.fr\\\/web\\\/agression-homophobe-notre-solidarite-est-totale\\\/\",\"name\":\"Agression homophobe : Notre solidarit\u00e9 est totale ! - Syndicat FO Justice\",\"isPartOf\":{\"@id\":\"https:\\\/\\\/fojustice.fr\\\/web\\\/#website\"},\"primaryImageOfPage\":{\"@id\":\"https:\\\/\\\/fojustice.fr\\\/web\\\/agression-homophobe-notre-solidarite-est-totale\\\/#primaryimage\"},\"image\":{\"@id\":\"https:\\\/\\\/fojustice.fr\\\/web\\\/agression-homophobe-notre-solidarite-est-totale\\\/#primaryimage\"},\"thumbnailUrl\":\"https:\\\/\\\/fojustice.fr\\\/web\\\/wp-content\\\/uploads\\\/2026\\\/08\\\/Capture-decran-2026-08-31-a-18.58.06.png\",\"datePublished\":\"2026-08-31T17:00:00+00:00\",\"description\":\"Syndicat FO Justice - NATIONAL - Agression homophobe : Notre solidarit\u00e9 est totale !\",\"breadcrumb\":{\"@id\":\"https:\\\/\\\/fojustice.fr\\\/web\\\/agression-homophobe-notre-solidarite-est-totale\\\/#breadcrumb\"},\"inLanguage\":\"fr-FR\",\"potentialAction\":[{\"@type\":\"ReadAction\",\"target\":[\"https:\\\/\\\/fojustice.fr\\\/web\\\/agression-homophobe-notre-solidarite-est-totale\\\/\"]}]},{\"@type\":\"ImageObject\",\"inLanguage\":\"fr-FR\",\"@id\":\"https:\\\/\\\/fojustice.fr\\\/web\\\/agression-homophobe-notre-solidarite-est-totale\\\/#primaryimage\",\"url\":\"https:\\\/\\\/fojustice.fr\\\/web\\\/wp-content\\\/uploads\\\/2026\\\/08\\\/Capture-decran-2026-08-31-a-18.58.06.png\",\"contentUrl\":\"https:\\\/\\\/fojustice.fr\\\/web\\\/wp-content\\\/uploads\\\/2026\\\/08\\\/Capture-decran-2026-08-31-a-18.58.06.png\",\"width\":2036,\"height\":1484},{\"@type\":\"BreadcrumbList\",\"@id\":\"https:\\\/\\\/fojustice.fr\\\/web\\\/agression-homophobe-notre-solidarite-est-totale\\\/#breadcrumb\",\"itemListElement\":[{\"@type\":\"ListItem\",\"position\":1,\"name\":\"Accueil\",\"item\":\"https:\\\/\\\/fojustice.fr\\\/web\\\/\"},{\"@type\":\"ListItem\",\"position\":2,\"name\":\"Agression homophobe : Notre solidarit\u00e9 est totale !\"}]},{\"@type\":\"WebSite\",\"@id\":\"https:\\\/\\\/fojustice.fr\\\/web\\\/#website\",\"url\":\"https:\\\/\\\/fojustice.fr\\\/web\\\/\",\"name\":\"Syndicat FO Justice\",\"description\":\"Site du Syndicat National FO Justice\",\"publisher\":{\"@id\":\"https:\\\/\\\/fojustice.fr\\\/web\\\/#organization\"},\"alternateName\":\"Syndicat National FO Justice\",\"potentialAction\":[{\"@type\":\"SearchAction\",\"target\":{\"@type\":\"EntryPoint\",\"urlTemplate\":\"https:\\\/\\\/fojustice.fr\\\/web\\\/?s={search_term_string}\"},\"query-input\":{\"@type\":\"PropertyValueSpecification\",\"valueRequired\":true,\"valueName\":\"search_term_string\"}}],\"inLanguage\":\"fr-FR\"},{\"@type\":\"Organization\",\"@id\":\"https:\\\/\\\/fojustice.fr\\\/web\\\/#organization\",\"name\":\"Syndicat National FO Justice\",\"alternateName\":\"Syndicat National FO Justice\",\"url\":\"https:\\\/\\\/fojustice.fr\\\/web\\\/\",\"logo\":{\"@type\":\"ImageObject\",\"inLanguage\":\"fr-FR\",\"@id\":\"https:\\\/\\\/fojustice.fr\\\/web\\\/#\\\/schema\\\/logo\\\/image\\\/\",\"url\":\"https:\\\/\\\/fojustice.fr\\\/web\\\/wp-content\\\/uploads\\\/2022\\\/03\\\/logo-fo-justice.png\",\"contentUrl\":\"https:\\\/\\\/fojustice.fr\\\/web\\\/wp-content\\\/uploads\\\/2022\\\/03\\\/logo-fo-justice.png\",\"width\":800,\"height\":800,\"caption\":\"Syndicat National FO Justice\"},\"image\":{\"@id\":\"https:\\\/\\\/fojustice.fr\\\/web\\\/#\\\/schema\\\/logo\\\/image\\\/\"},\"sameAs\":[\"https:\\\/\\\/www.facebook.com\\\/SyndicatFoJustice\",\"https:\\\/\\\/x.com\\\/SyndFoJustice\"]},{\"@type\":\"Person\",\"@id\":\"https:\\\/\\\/fojustice.fr\\\/web\\\/#\\\/schema\\\/person\\\/a51cb9c3495ce0ca62b78fc96ac3bf9f\",\"name\":\"adminfojustice\",\"image\":{\"@type\":\"ImageObject\",\"inLanguage\":\"fr-FR\",\"@id\":\"https:\\\/\\\/secure.gravatar.com\\\/avatar\\\/368884c0ecc46e53d83c0c3c0af4c6c30a6bbc2aab7535848950f43a950bfd4e?s=96&d=mm&r=g\",\"url\":\"https:\\\/\\\/secure.gravatar.com\\\/avatar\\\/368884c0ecc46e53d83c0c3c0af4c6c30a6bbc2aab7535848950f43a950bfd4e?s=96&d=mm&r=g\",\"contentUrl\":\"https:\\\/\\\/secure.gravatar.com\\\/avatar\\\/368884c0ecc46e53d83c0c3c0af4c6c30a6bbc2aab7535848950f43a950bfd4e?s=96&d=mm&r=g\",\"caption\":\"adminfojustice\"},\"sameAs\":[\"https:\\\/\\\/www.fojustice.fr\\\/web\"],\"url\":\"https:\\\/\\\/fojustice.fr\\\/web\\\/author\\\/adminfojustice\\\/\"}]}<\/script>\n<!-- \/ Yoast SEO plugin. -->","yoast_head_json":{"title":"Agression homophobe : Notre solidarit\u00e9 est totale ! - Syndicat FO Justice","description":"Syndicat FO Justice - NATIONAL - Agression homophobe : Notre solidarit\u00e9 est totale !","robots":{"index":"index","follow":"follow","max-snippet":"max-snippet:-1","max-image-preview":"max-image-preview:large","max-video-preview":"max-video-preview:-1"},"canonical":"https:\/\/fojustice.fr\/web\/agression-homophobe-notre-solidarite-est-totale\/","og_locale":"fr_FR","og_type":"article","og_title":"Agression homophobe : Notre solidarit\u00e9 est totale ! - Syndicat FO Justice","og_description":"Syndicat FO Justice - NATIONAL - Agression homophobe : Notre solidarit\u00e9 est totale !","og_url":"https:\/\/fojustice.fr\/web\/agression-homophobe-notre-solidarite-est-totale\/","og_site_name":"Syndicat FO Justice","article_publisher":"https:\/\/www.facebook.com\/SyndicatFoJustice","article_published_time":"2026-08-31T17:00:00+00:00","og_image":[{"width":1024,"height":746,"url":"https:\/\/fojustice.fr\/web\/wp-content\/uploads\/2026\/08\/Capture-decran-2026-08-31-a-18.58.06-1024x746.png","type":"image\/png"}],"author":"adminfojustice","twitter_card":"summary_large_image","twitter_creator":"@SyndFoJustice","twitter_site":"@SyndFoJustice","twitter_misc":{"\u00c9crit par":"adminfojustice","Dur\u00e9e de lecture estim\u00e9e":"2 minutes"},"schema":{"@context":"https:\/\/schema.org","@graph":[{"@type":"NewsArticle","@id":"https:\/\/fojustice.fr\/web\/agression-homophobe-notre-solidarite-est-totale\/#article","isPartOf":{"@id":"https:\/\/fojustice.fr\/web\/agression-homophobe-notre-solidarite-est-totale\/"},"author":{"name":"adminfojustice","@id":"https:\/\/fojustice.fr\/web\/#\/schema\/person\/a51cb9c3495ce0ca62b78fc96ac3bf9f"},"headline":"Agression homophobe : Notre solidarit\u00e9 est totale !","datePublished":"2026-08-31T17:00:00+00:00","mainEntityOfPage":{"@id":"https:\/\/fojustice.fr\/web\/agression-homophobe-notre-solidarite-est-totale\/"},"wordCount":455,"commentCount":0,"publisher":{"@id":"https:\/\/fojustice.fr\/web\/#organization"},"image":{"@id":"https:\/\/fojustice.fr\/web\/agression-homophobe-notre-solidarite-est-totale\/#primaryimage"},"thumbnailUrl":"https:\/\/fojustice.fr\/web\/wp-content\/uploads\/2026\/08\/Capture-decran-2026-08-31-a-18.58.06.png","articleSection":["NATIONAL"],"inLanguage":"fr-FR","potentialAction":[{"@type":"CommentAction","name":"Comment","target":["https:\/\/fojustice.fr\/web\/agression-homophobe-notre-solidarite-est-totale\/#respond"]}]},{"@type":"WebPage","@id":"https:\/\/fojustice.fr\/web\/agression-homophobe-notre-solidarite-est-totale\/","url":"https:\/\/fojustice.fr\/web\/agression-homophobe-notre-solidarite-est-totale\/","name":"Agression homophobe : Notre solidarit\u00e9 est totale ! - Syndicat FO Justice","isPartOf":{"@id":"https:\/\/fojustice.fr\/web\/#website"},"primaryImageOfPage":{"@id":"https:\/\/fojustice.fr\/web\/agression-homophobe-notre-solidarite-est-totale\/#primaryimage"},"image":{"@id":"https:\/\/fojustice.fr\/web\/agression-homophobe-notre-solidarite-est-totale\/#primaryimage"},"thumbnailUrl":"https:\/\/fojustice.fr\/web\/wp-content\/uploads\/2026\/08\/Capture-decran-2026-08-31-a-18.58.06.png","datePublished":"2026-08-31T17:00:00+00:00","description":"Syndicat FO Justice - NATIONAL - Agression homophobe : Notre solidarit\u00e9 est totale !","breadcrumb":{"@id":"https:\/\/fojustice.fr\/web\/agression-homophobe-notre-solidarite-est-totale\/#breadcrumb"},"inLanguage":"fr-FR","potentialAction":[{"@type":"ReadAction","target":["https:\/\/fojustice.fr\/web\/agression-homophobe-notre-solidarite-est-totale\/"]}]},{"@type":"ImageObject","inLanguage":"fr-FR","@id":"https:\/\/fojustice.fr\/web\/agression-homophobe-notre-solidarite-est-totale\/#primaryimage","url":"https:\/\/fojustice.fr\/web\/wp-content\/uploads\/2026\/08\/Capture-decran-2026-08-31-a-18.58.06.png","contentUrl":"https:\/\/fojustice.fr\/web\/wp-content\/uploads\/2026\/08\/Capture-decran-2026-08-31-a-18.58.06.png","width":2036,"height":1484},{"@type":"BreadcrumbList","@id":"https:\/\/fojustice.fr\/web\/agression-homophobe-notre-solidarite-est-totale\/#breadcrumb","itemListElement":[{"@type":"ListItem","position":1,"name":"Accueil","item":"https:\/\/fojustice.fr\/web\/"},{"@type":"ListItem","position":2,"name":"Agression homophobe : Notre solidarit\u00e9 est totale !"}]},{"@type":"WebSite","@id":"https:\/\/fojustice.fr\/web\/#website","url":"https:\/\/fojustice.fr\/web\/","name":"Syndicat FO Justice","description":"Site du Syndicat National FO Justice","publisher":{"@id":"https:\/\/fojustice.fr\/web\/#organization"},"alternateName":"Syndicat National FO Justice","potentialAction":[{"@type":"SearchAction","target":{"@type":"EntryPoint","urlTemplate":"https:\/\/fojustice.fr\/web\/?s={search_term_string}"},"query-input":{"@type":"PropertyValueSpecification","valueRequired":true,"valueName":"search_term_string"}}],"inLanguage":"fr-FR"},{"@type":"Organization","@id":"https:\/\/fojustice.fr\/web\/#organization","name":"Syndicat National FO Justice","alternateName":"Syndicat National FO Justice","url":"https:\/\/fojustice.fr\/web\/","logo":{"@type":"ImageObject","inLanguage":"fr-FR","@id":"https:\/\/fojustice.fr\/web\/#\/schema\/logo\/image\/","url":"https:\/\/fojustice.fr\/web\/wp-content\/uploads\/2022\/03\/logo-fo-justice.png","contentUrl":"https:\/\/fojustice.fr\/web\/wp-content\/uploads\/2022\/03\/logo-fo-justice.png","width":800,"height":800,"caption":"Syndicat National FO Justice"},"image":{"@id":"https:\/\/fojustice.fr\/web\/#\/schema\/logo\/image\/"},"sameAs":["https:\/\/www.facebook.com\/SyndicatFoJustice","https:\/\/x.com\/SyndFoJustice"]},{"@type":"Person","@id":"https:\/\/fojustice.fr\/web\/#\/schema\/person\/a51cb9c3495ce0ca62b78fc96ac3bf9f","name":"adminfojustice","image":{"@type":"ImageObject","inLanguage":"fr-FR","@id":"https:\/\/secure.gravatar.com\/avatar\/368884c0ecc46e53d83c0c3c0af4c6c30a6bbc2aab7535848950f43a950bfd4e?s=96&d=mm&r=g","url":"https:\/\/secure.gravatar.com\/avatar\/368884c0ecc46e53d83c0c3c0af4c6c30a6bbc2aab7535848950f43a950bfd4e?s=96&d=mm&r=g","contentUrl":"https:\/\/secure.gravatar.com\/avatar\/368884c0ecc46e53d83c0c3c0af4c6c30a6bbc2aab7535848950f43a950bfd4e?s=96&d=mm&r=g","caption":"adminfojustice"},"sameAs":["https:\/\/www.fojustice.fr\/web"],"url":"https:\/\/fojustice.fr\/web\/author\/adminfojustice\/"}]}},"jetpack_shortlink":"https:\/\/wp.me\/pdNWl1-dnO","jetpack_sharing_enabled":true,"jetpack_featured_media_url":"https:\/\/fojustice.fr\/web\/wp-content\/uploads\/2026\/08\/Capture-decran-2026-08-31-a-18.58.06.png","_links":{"self":[{"href":"https:\/\/fojustice.fr\/web\/wp-json\/wp\/v2\/posts\/51448","targetHints":{"allow":["GET"]}}],"collection":[{"href":"https:\/\/fojustice.fr\/web\/wp-json\/wp\/v2\/posts"}],"about":[{"href":"https:\/\/fojustice.fr\/web\/wp-json\/wp\/v2\/types\/post"}],"author":[{"embeddable":true,"href":"https:\/\/fojustice.fr\/web\/wp-json\/wp\/v2\/users\/1"}],"replies":[{"embeddable":true,"href":"https:\/\/fojustice.fr\/web\/wp-json\/wp\/v2\/comments?post=51448"}],"version-history":[{"count":2,"href":"https:\/\/fojustice.fr\/web\/wp-json\/wp\/v2\/posts\/51448\/revisions"}],"predecessor-version":[{"id":51453,"href":"https:\/\/fojustice.fr\/web\/wp-json\/wp\/v2\/posts\/51448\/revisions\/51453"}],"wp:featuredmedia":[{"embeddable":true,"href":"https:\/\/fojustice.fr\/web\/wp-json\/wp\/v2\/media\/51450"}],"wp:attachment":[{"href":"https:\/\/fojustice.fr\/web\/wp-json\/wp\/v2\/media?parent=51448"}],"wp:term":[{"taxonomy":"category","embeddable":true,"href":"https:\/\/fojustice.fr\/web\/wp-json\/wp\/v2\/categories?post=51448"},{"taxonomy":"post_tag","embeddable":true,"href":"https:\/\/fojustice.fr\/web\/wp-json\/wp\/v2\/tags?post=51448"}],"curies":[{"name":"wp","href":"https:\/\/api.w.org\/{rel}","templated":true}]}}