{"id":51435,"date":"2026-08-31T18:29:34","date_gmt":"2026-08-31T16:29:34","guid":{"rendered":"https:\/\/fojustice.fr\/web\/?p=51435"},"modified":"2026-08-31T18:29:34","modified_gmt":"2026-08-31T16:29:34","slug":"prison-dorleans-saran-ma2-lache-agression-pour-des-boutons-sur-le-visage","status":"publish","type":"post","link":"https:\/\/fojustice.fr\/web\/prison-dorleans-saran-ma2-lache-agression-pour-des-boutons-sur-le-visage\/","title":{"rendered":"Prison d&#8217;Orl\u00e9ans-Saran : MA2, l\u00e2che agression pour des boutons sur le visage !!!"},"content":{"rendered":"<p class=\"p1\">Aujourd\u2019hui, vers 10h15 le d\u00e9tenu H rentre dans le bureau du major afin d\u2019obtenir des explications concernant un rendez-vous \u00e0 l\u2019unit\u00e9 sanitaire.<\/p>\n<p class=\"p1\">En effet, ce dernier avait d\u00e9j\u00e0 interpell\u00e9 le major lors de l\u2019appel du matin et avait eu une r\u00e9ponse.<\/p>\n<p class=\"p1\">M\u00e9content de ne pas \u00eatre re\u00e7u imm\u00e9diatement par le corps m\u00e9dical car il a des boutons sur son visage, il d\u00e9cide de rester dans le bureau.<\/p>\n<p class=\"p1\">\u00c0 plusieurs reprises le major va lui demander de sortir du bureau mais en vain.<\/p>\n<p class=\"p1\">Ainsi, le major d\u00e9cide de le raccompagner vers la sortie de son bureau.<\/p>\n<p class=\"p1\">Lorsque le d\u00e9tenu H se retrouve en dehors du bureau, il d\u00e9cide de d\u00e9fier l\u2019autorit\u00e9 du major R en faisant du front contre front puis va lui porter un coup de poing au niveau de l\u2019\u0153il gauche.<\/p>\n<p class=\"p1\">Le major R tente tant bien que mal \u00e0 ma\u00eetriser ce fou furieux qui va \u00e0 nouveau lui porter un second coup de poing au visage.<\/p>\n<p class=\"p1\">L\u2019alarme est d\u00e9clench\u00e9e. Deux d\u00e9tenus class\u00e9s auxiliaires ainsi qu\u2019un agent sodexo vont aider le major pour la ma\u00eetrise puis les renforts arrivent.<\/p>\n<p class=\"p1\">Cet \u00e9nergum\u00e8ne sera plac\u00e9 en pr\u00e9vention au quartier disciplinaire.<\/p>\n<p class=\"p1\">Le major R sera pris en charge par l\u2019assistante de pr\u00e9vention et conduit \u00e0 l\u2019h\u00f4pital.<\/p>\n<p class=\"p2\"><span class=\"s1\">Le <\/span><span style=\"color: #ff0000;\"><b>syndicat local Force Ouvri\u00e8re Justice<\/b><\/span> <span class=\"s1\">condamne avec fermet\u00e9 cette l\u00e2che <\/span>agression \u00e0 l\u2019encontre du major R.<\/p>\n<p class=\"p2\"><span class=\"s1\">Le <\/span><span style=\"color: #ff0000;\"><b>syndicat local Force Ouvri\u00e8re Justice<\/b><\/span> <span class=\"s1\">souhaite un prompt r\u00e9tablissement <\/span>\u00e0 notre coll\u00e8gue major R.<\/p>\n<p class=\"p2\"><span class=\"s1\">Le <\/span><b><span style=\"color: #ff0000;\">syndicat local Force Ouvri\u00e8re Justice<\/span> <\/b><span class=\"s1\">accompagnera s\u2019il le souhaite, le <\/span>major dans toutes ses d\u00e9marches administratives et judiciaires.<\/p>\n<p class=\"p1\">Le<span class=\"s2\" style=\"color: #ff0000;\"> <b>syndicat local Force Ouvri\u00e8re Justice<\/b> <\/span>exige une sanction disciplinaire et judicaire exemplaire.<\/p>\n<p class=\"p1\">Le <span class=\"s2\" style=\"color: #ff0000;\"><b>syndicat local Force Ouvri\u00e8re Justice <\/b><\/span>exige le transfert de ce fou furieux \u00e0 l\u2019issue de sa sanction disciplinaire.<\/p>\n<p class=\"p3\" style=\"text-align: center;\"><span style=\"text-decoration: underline; color: #ff0000;\"><strong>DEMAIN RETARD DE PRISE DE SERVICE <\/strong><\/span><\/p>\n<p class=\"p3\" style=\"text-align: center;\"><span style=\"text-decoration: underline; color: #ff0000;\"><strong>06H30 DEVANT L\u2019\u00c9TABLISSEMENT EN SOUTIEN \u00c0 NOTRE COLL\u00c8GUE R<\/strong><\/span><\/p>\n<p><a href=\"https:\/\/fojustice.fr\/web\/wp-content\/uploads\/2026\/08\/com-saran310826.pdf\">Lire le communiqu\u00e9<\/a><\/p>\n","protected":false},"excerpt":{"rendered":"<p>Aujourd\u2019hui, vers 10h15 le d\u00e9tenu H rentre dans le bureau du major afin d\u2019obtenir des explications concernant un rendez-vous \u00e0 l\u2019unit\u00e9 sanitaire. En effet, ce dernier avait d\u00e9j\u00e0 interpell\u00e9 le major lors de l\u2019appel du matin et avait eu une r\u00e9ponse. M\u00e9content de ne pas \u00eatre re\u00e7u imm\u00e9diatement par le corps m\u00e9dical car il a [&hellip;]<\/p>\n","protected":false},"author":1,"featured_media":2268,"comment_status":"open","ping_status":"open","sticky":false,"template":"","format":"standard","meta":{"_angie_page":false,"_jetpack_newsletter_access":"","_jetpack_dont_email_post_to_subs":true,"_jetpack_newsletter_tier_id":0,"_jetpack_memberships_contains_paywalled_content":false,"page_builder":"","_jetpack_feature_clip_id":0,"_jetpack_memberships_contains_paid_content":false,"footnotes":"","jetpack_post_was_ever_published":false,"_members_access_role":[],"_members_access_error":""},"categories":[30],"tags":[],"class_list":["post-51435","post","type-post","status-publish","format-standard","has-post-thumbnail","hentry","category-disp-dijon"],"yoast_head":"<!-- This site is optimized with the Yoast SEO plugin v28.3 - https:\/\/yoast.com\/product\/yoast-seo-wordpress\/ -->\n<title>Prison d&#039;Orl\u00e9ans-Saran : MA2, l\u00e2che agression pour des boutons sur le visage !!! - Syndicat FO Justice<\/title>\n<meta name=\"description\" content=\"Syndicat FO Justice - DISP Dijon - Prison d&#039;Orl\u00e9ans-Saran : MA2, l\u00e2che agression pour des boutons sur le visage !!!\" \/>\n<meta name=\"robots\" content=\"index, follow, max-snippet:-1, max-image-preview:large, max-video-preview:-1\" \/>\n<link rel=\"canonical\" href=\"https:\/\/fojustice.fr\/web\/prison-dorleans-saran-ma2-lache-agression-pour-des-boutons-sur-le-visage\/\" \/>\n<meta property=\"og:locale\" content=\"fr_FR\" \/>\n<meta property=\"og:type\" content=\"article\" \/>\n<meta property=\"og:title\" content=\"Prison d&#039;Orl\u00e9ans-Saran : MA2, l\u00e2che agression pour des boutons sur le visage !!! - Syndicat FO Justice\" \/>\n<meta property=\"og:description\" content=\"Syndicat FO Justice - DISP Dijon - Prison d&#039;Orl\u00e9ans-Saran : MA2, l\u00e2che agression pour des boutons sur le visage !!!\" \/>\n<meta property=\"og:url\" content=\"https:\/\/fojustice.fr\/web\/prison-dorleans-saran-ma2-lache-agression-pour-des-boutons-sur-le-visage\/\" \/>\n<meta property=\"og:site_name\" content=\"Syndicat FO Justice\" \/>\n<meta property=\"article:publisher\" content=\"https:\/\/www.facebook.com\/SyndicatFoJustice\" \/>\n<meta property=\"article:published_time\" content=\"2026-08-31T16:29:34+00:00\" \/>\n<meta property=\"og:image\" content=\"https:\/\/fojustice.fr\/web\/wp-content\/uploads\/2022\/03\/AGRESSION-FOJUSTICE.png\" \/>\n\t<meta property=\"og:image:width\" content=\"850\" \/>\n\t<meta property=\"og:image:height\" content=\"500\" \/>\n\t<meta property=\"og:image:type\" content=\"image\/png\" \/>\n<meta name=\"author\" content=\"adminfojustice\" \/>\n<meta name=\"twitter:card\" content=\"summary_large_image\" \/>\n<meta name=\"twitter:creator\" content=\"@SyndFoJustice\" \/>\n<meta name=\"twitter:site\" content=\"@SyndFoJustice\" \/>\n<meta name=\"twitter:label1\" content=\"\u00c9crit par\" \/>\n\t<meta name=\"twitter:data1\" content=\"adminfojustice\" \/>\n\t<meta name=\"twitter:label2\" content=\"Dur\u00e9e de lecture estim\u00e9e\" \/>\n\t<meta name=\"twitter:data2\" content=\"2 minutes\" \/>\n<script type=\"application\/ld+json\" class=\"yoast-schema-graph\">{\"@context\":\"https:\\\/\\\/schema.org\",\"@graph\":[{\"@type\":\"NewsArticle\",\"@id\":\"https:\\\/\\\/fojustice.fr\\\/web\\\/prison-dorleans-saran-ma2-lache-agression-pour-des-boutons-sur-le-visage\\\/#article\",\"isPartOf\":{\"@id\":\"https:\\\/\\\/fojustice.fr\\\/web\\\/prison-dorleans-saran-ma2-lache-agression-pour-des-boutons-sur-le-visage\\\/\"},\"author\":{\"name\":\"adminfojustice\",\"@id\":\"https:\\\/\\\/fojustice.fr\\\/web\\\/#\\\/schema\\\/person\\\/a51cb9c3495ce0ca62b78fc96ac3bf9f\"},\"headline\":\"Prison d&#8217;Orl\u00e9ans-Saran : MA2, l\u00e2che agression pour des boutons sur le visage !!!\",\"datePublished\":\"2026-08-31T16:29:34+00:00\",\"mainEntityOfPage\":{\"@id\":\"https:\\\/\\\/fojustice.fr\\\/web\\\/prison-dorleans-saran-ma2-lache-agression-pour-des-boutons-sur-le-visage\\\/\"},\"wordCount\":356,\"commentCount\":0,\"publisher\":{\"@id\":\"https:\\\/\\\/fojustice.fr\\\/web\\\/#organization\"},\"image\":{\"@id\":\"https:\\\/\\\/fojustice.fr\\\/web\\\/prison-dorleans-saran-ma2-lache-agression-pour-des-boutons-sur-le-visage\\\/#primaryimage\"},\"thumbnailUrl\":\"https:\\\/\\\/fojustice.fr\\\/web\\\/wp-content\\\/uploads\\\/2022\\\/03\\\/AGRESSION-FOJUSTICE.png\",\"articleSection\":[\"DISP Dijon\"],\"inLanguage\":\"fr-FR\",\"potentialAction\":[{\"@type\":\"CommentAction\",\"name\":\"Comment\",\"target\":[\"https:\\\/\\\/fojustice.fr\\\/web\\\/prison-dorleans-saran-ma2-lache-agression-pour-des-boutons-sur-le-visage\\\/#respond\"]}]},{\"@type\":\"WebPage\",\"@id\":\"https:\\\/\\\/fojustice.fr\\\/web\\\/prison-dorleans-saran-ma2-lache-agression-pour-des-boutons-sur-le-visage\\\/\",\"url\":\"https:\\\/\\\/fojustice.fr\\\/web\\\/prison-dorleans-saran-ma2-lache-agression-pour-des-boutons-sur-le-visage\\\/\",\"name\":\"Prison d'Orl\u00e9ans-Saran : MA2, l\u00e2che agression pour des boutons sur le visage !!! - Syndicat FO Justice\",\"isPartOf\":{\"@id\":\"https:\\\/\\\/fojustice.fr\\\/web\\\/#website\"},\"primaryImageOfPage\":{\"@id\":\"https:\\\/\\\/fojustice.fr\\\/web\\\/prison-dorleans-saran-ma2-lache-agression-pour-des-boutons-sur-le-visage\\\/#primaryimage\"},\"image\":{\"@id\":\"https:\\\/\\\/fojustice.fr\\\/web\\\/prison-dorleans-saran-ma2-lache-agression-pour-des-boutons-sur-le-visage\\\/#primaryimage\"},\"thumbnailUrl\":\"https:\\\/\\\/fojustice.fr\\\/web\\\/wp-content\\\/uploads\\\/2022\\\/03\\\/AGRESSION-FOJUSTICE.png\",\"datePublished\":\"2026-08-31T16:29:34+00:00\",\"description\":\"Syndicat FO Justice - DISP Dijon - Prison d'Orl\u00e9ans-Saran : MA2, l\u00e2che agression pour des boutons sur le visage !!!\",\"breadcrumb\":{\"@id\":\"https:\\\/\\\/fojustice.fr\\\/web\\\/prison-dorleans-saran-ma2-lache-agression-pour-des-boutons-sur-le-visage\\\/#breadcrumb\"},\"inLanguage\":\"fr-FR\",\"potentialAction\":[{\"@type\":\"ReadAction\",\"target\":[\"https:\\\/\\\/fojustice.fr\\\/web\\\/prison-dorleans-saran-ma2-lache-agression-pour-des-boutons-sur-le-visage\\\/\"]}]},{\"@type\":\"ImageObject\",\"inLanguage\":\"fr-FR\",\"@id\":\"https:\\\/\\\/fojustice.fr\\\/web\\\/prison-dorleans-saran-ma2-lache-agression-pour-des-boutons-sur-le-visage\\\/#primaryimage\",\"url\":\"https:\\\/\\\/fojustice.fr\\\/web\\\/wp-content\\\/uploads\\\/2022\\\/03\\\/AGRESSION-FOJUSTICE.png\",\"contentUrl\":\"https:\\\/\\\/fojustice.fr\\\/web\\\/wp-content\\\/uploads\\\/2022\\\/03\\\/AGRESSION-FOJUSTICE.png\",\"width\":850,\"height\":500},{\"@type\":\"BreadcrumbList\",\"@id\":\"https:\\\/\\\/fojustice.fr\\\/web\\\/prison-dorleans-saran-ma2-lache-agression-pour-des-boutons-sur-le-visage\\\/#breadcrumb\",\"itemListElement\":[{\"@type\":\"ListItem\",\"position\":1,\"name\":\"Accueil\",\"item\":\"https:\\\/\\\/fojustice.fr\\\/web\\\/\"},{\"@type\":\"ListItem\",\"position\":2,\"name\":\"Prison d&#8217;Orl\u00e9ans-Saran : MA2, l\u00e2che agression pour des boutons sur le visage !!!\"}]},{\"@type\":\"WebSite\",\"@id\":\"https:\\\/\\\/fojustice.fr\\\/web\\\/#website\",\"url\":\"https:\\\/\\\/fojustice.fr\\\/web\\\/\",\"name\":\"Syndicat FO Justice\",\"description\":\"Site du Syndicat National FO Justice\",\"publisher\":{\"@id\":\"https:\\\/\\\/fojustice.fr\\\/web\\\/#organization\"},\"alternateName\":\"Syndicat National FO Justice\",\"potentialAction\":[{\"@type\":\"SearchAction\",\"target\":{\"@type\":\"EntryPoint\",\"urlTemplate\":\"https:\\\/\\\/fojustice.fr\\\/web\\\/?s={search_term_string}\"},\"query-input\":{\"@type\":\"PropertyValueSpecification\",\"valueRequired\":true,\"valueName\":\"search_term_string\"}}],\"inLanguage\":\"fr-FR\"},{\"@type\":\"Organization\",\"@id\":\"https:\\\/\\\/fojustice.fr\\\/web\\\/#organization\",\"name\":\"Syndicat National FO Justice\",\"alternateName\":\"Syndicat National FO Justice\",\"url\":\"https:\\\/\\\/fojustice.fr\\\/web\\\/\",\"logo\":{\"@type\":\"ImageObject\",\"inLanguage\":\"fr-FR\",\"@id\":\"https:\\\/\\\/fojustice.fr\\\/web\\\/#\\\/schema\\\/logo\\\/image\\\/\",\"url\":\"https:\\\/\\\/fojustice.fr\\\/web\\\/wp-content\\\/uploads\\\/2022\\\/03\\\/logo-fo-justice.png\",\"contentUrl\":\"https:\\\/\\\/fojustice.fr\\\/web\\\/wp-content\\\/uploads\\\/2022\\\/03\\\/logo-fo-justice.png\",\"width\":800,\"height\":800,\"caption\":\"Syndicat National FO Justice\"},\"image\":{\"@id\":\"https:\\\/\\\/fojustice.fr\\\/web\\\/#\\\/schema\\\/logo\\\/image\\\/\"},\"sameAs\":[\"https:\\\/\\\/www.facebook.com\\\/SyndicatFoJustice\",\"https:\\\/\\\/x.com\\\/SyndFoJustice\"]},{\"@type\":\"Person\",\"@id\":\"https:\\\/\\\/fojustice.fr\\\/web\\\/#\\\/schema\\\/person\\\/a51cb9c3495ce0ca62b78fc96ac3bf9f\",\"name\":\"adminfojustice\",\"image\":{\"@type\":\"ImageObject\",\"inLanguage\":\"fr-FR\",\"@id\":\"https:\\\/\\\/secure.gravatar.com\\\/avatar\\\/368884c0ecc46e53d83c0c3c0af4c6c30a6bbc2aab7535848950f43a950bfd4e?s=96&d=mm&r=g\",\"url\":\"https:\\\/\\\/secure.gravatar.com\\\/avatar\\\/368884c0ecc46e53d83c0c3c0af4c6c30a6bbc2aab7535848950f43a950bfd4e?s=96&d=mm&r=g\",\"contentUrl\":\"https:\\\/\\\/secure.gravatar.com\\\/avatar\\\/368884c0ecc46e53d83c0c3c0af4c6c30a6bbc2aab7535848950f43a950bfd4e?s=96&d=mm&r=g\",\"caption\":\"adminfojustice\"},\"sameAs\":[\"https:\\\/\\\/www.fojustice.fr\\\/web\"],\"url\":\"https:\\\/\\\/fojustice.fr\\\/web\\\/author\\\/adminfojustice\\\/\"}]}<\/script>\n<!-- \/ Yoast SEO plugin. -->","yoast_head_json":{"title":"Prison d'Orl\u00e9ans-Saran : MA2, l\u00e2che agression pour des boutons sur le visage !!! - Syndicat FO Justice","description":"Syndicat FO Justice - DISP Dijon - Prison d'Orl\u00e9ans-Saran : MA2, l\u00e2che agression pour des boutons sur le visage !!!","robots":{"index":"index","follow":"follow","max-snippet":"max-snippet:-1","max-image-preview":"max-image-preview:large","max-video-preview":"max-video-preview:-1"},"canonical":"https:\/\/fojustice.fr\/web\/prison-dorleans-saran-ma2-lache-agression-pour-des-boutons-sur-le-visage\/","og_locale":"fr_FR","og_type":"article","og_title":"Prison d'Orl\u00e9ans-Saran : MA2, l\u00e2che agression pour des boutons sur le visage !!! - Syndicat FO Justice","og_description":"Syndicat FO Justice - DISP Dijon - Prison d'Orl\u00e9ans-Saran : MA2, l\u00e2che agression pour des boutons sur le visage !!!","og_url":"https:\/\/fojustice.fr\/web\/prison-dorleans-saran-ma2-lache-agression-pour-des-boutons-sur-le-visage\/","og_site_name":"Syndicat FO Justice","article_publisher":"https:\/\/www.facebook.com\/SyndicatFoJustice","article_published_time":"2026-08-31T16:29:34+00:00","og_image":[{"width":850,"height":500,"url":"https:\/\/fojustice.fr\/web\/wp-content\/uploads\/2022\/03\/AGRESSION-FOJUSTICE.png","type":"image\/png"}],"author":"adminfojustice","twitter_card":"summary_large_image","twitter_creator":"@SyndFoJustice","twitter_site":"@SyndFoJustice","twitter_misc":{"\u00c9crit par":"adminfojustice","Dur\u00e9e de lecture estim\u00e9e":"2 minutes"},"schema":{"@context":"https:\/\/schema.org","@graph":[{"@type":"NewsArticle","@id":"https:\/\/fojustice.fr\/web\/prison-dorleans-saran-ma2-lache-agression-pour-des-boutons-sur-le-visage\/#article","isPartOf":{"@id":"https:\/\/fojustice.fr\/web\/prison-dorleans-saran-ma2-lache-agression-pour-des-boutons-sur-le-visage\/"},"author":{"name":"adminfojustice","@id":"https:\/\/fojustice.fr\/web\/#\/schema\/person\/a51cb9c3495ce0ca62b78fc96ac3bf9f"},"headline":"Prison d&#8217;Orl\u00e9ans-Saran : MA2, l\u00e2che agression pour des boutons sur le visage !!!","datePublished":"2026-08-31T16:29:34+00:00","mainEntityOfPage":{"@id":"https:\/\/fojustice.fr\/web\/prison-dorleans-saran-ma2-lache-agression-pour-des-boutons-sur-le-visage\/"},"wordCount":356,"commentCount":0,"publisher":{"@id":"https:\/\/fojustice.fr\/web\/#organization"},"image":{"@id":"https:\/\/fojustice.fr\/web\/prison-dorleans-saran-ma2-lache-agression-pour-des-boutons-sur-le-visage\/#primaryimage"},"thumbnailUrl":"https:\/\/fojustice.fr\/web\/wp-content\/uploads\/2022\/03\/AGRESSION-FOJUSTICE.png","articleSection":["DISP Dijon"],"inLanguage":"fr-FR","potentialAction":[{"@type":"CommentAction","name":"Comment","target":["https:\/\/fojustice.fr\/web\/prison-dorleans-saran-ma2-lache-agression-pour-des-boutons-sur-le-visage\/#respond"]}]},{"@type":"WebPage","@id":"https:\/\/fojustice.fr\/web\/prison-dorleans-saran-ma2-lache-agression-pour-des-boutons-sur-le-visage\/","url":"https:\/\/fojustice.fr\/web\/prison-dorleans-saran-ma2-lache-agression-pour-des-boutons-sur-le-visage\/","name":"Prison d'Orl\u00e9ans-Saran : MA2, l\u00e2che agression pour des boutons sur le visage !!! - Syndicat FO Justice","isPartOf":{"@id":"https:\/\/fojustice.fr\/web\/#website"},"primaryImageOfPage":{"@id":"https:\/\/fojustice.fr\/web\/prison-dorleans-saran-ma2-lache-agression-pour-des-boutons-sur-le-visage\/#primaryimage"},"image":{"@id":"https:\/\/fojustice.fr\/web\/prison-dorleans-saran-ma2-lache-agression-pour-des-boutons-sur-le-visage\/#primaryimage"},"thumbnailUrl":"https:\/\/fojustice.fr\/web\/wp-content\/uploads\/2022\/03\/AGRESSION-FOJUSTICE.png","datePublished":"2026-08-31T16:29:34+00:00","description":"Syndicat FO Justice - DISP Dijon - Prison d'Orl\u00e9ans-Saran : MA2, l\u00e2che agression pour des boutons sur le visage !!!","breadcrumb":{"@id":"https:\/\/fojustice.fr\/web\/prison-dorleans-saran-ma2-lache-agression-pour-des-boutons-sur-le-visage\/#breadcrumb"},"inLanguage":"fr-FR","potentialAction":[{"@type":"ReadAction","target":["https:\/\/fojustice.fr\/web\/prison-dorleans-saran-ma2-lache-agression-pour-des-boutons-sur-le-visage\/"]}]},{"@type":"ImageObject","inLanguage":"fr-FR","@id":"https:\/\/fojustice.fr\/web\/prison-dorleans-saran-ma2-lache-agression-pour-des-boutons-sur-le-visage\/#primaryimage","url":"https:\/\/fojustice.fr\/web\/wp-content\/uploads\/2022\/03\/AGRESSION-FOJUSTICE.png","contentUrl":"https:\/\/fojustice.fr\/web\/wp-content\/uploads\/2022\/03\/AGRESSION-FOJUSTICE.png","width":850,"height":500},{"@type":"BreadcrumbList","@id":"https:\/\/fojustice.fr\/web\/prison-dorleans-saran-ma2-lache-agression-pour-des-boutons-sur-le-visage\/#breadcrumb","itemListElement":[{"@type":"ListItem","position":1,"name":"Accueil","item":"https:\/\/fojustice.fr\/web\/"},{"@type":"ListItem","position":2,"name":"Prison d&#8217;Orl\u00e9ans-Saran : MA2, l\u00e2che agression pour des boutons sur le visage !!!"}]},{"@type":"WebSite","@id":"https:\/\/fojustice.fr\/web\/#website","url":"https:\/\/fojustice.fr\/web\/","name":"Syndicat FO Justice","description":"Site du Syndicat National FO Justice","publisher":{"@id":"https:\/\/fojustice.fr\/web\/#organization"},"alternateName":"Syndicat National FO Justice","potentialAction":[{"@type":"SearchAction","target":{"@type":"EntryPoint","urlTemplate":"https:\/\/fojustice.fr\/web\/?s={search_term_string}"},"query-input":{"@type":"PropertyValueSpecification","valueRequired":true,"valueName":"search_term_string"}}],"inLanguage":"fr-FR"},{"@type":"Organization","@id":"https:\/\/fojustice.fr\/web\/#organization","name":"Syndicat National FO Justice","alternateName":"Syndicat National FO Justice","url":"https:\/\/fojustice.fr\/web\/","logo":{"@type":"ImageObject","inLanguage":"fr-FR","@id":"https:\/\/fojustice.fr\/web\/#\/schema\/logo\/image\/","url":"https:\/\/fojustice.fr\/web\/wp-content\/uploads\/2022\/03\/logo-fo-justice.png","contentUrl":"https:\/\/fojustice.fr\/web\/wp-content\/uploads\/2022\/03\/logo-fo-justice.png","width":800,"height":800,"caption":"Syndicat National FO Justice"},"image":{"@id":"https:\/\/fojustice.fr\/web\/#\/schema\/logo\/image\/"},"sameAs":["https:\/\/www.facebook.com\/SyndicatFoJustice","https:\/\/x.com\/SyndFoJustice"]},{"@type":"Person","@id":"https:\/\/fojustice.fr\/web\/#\/schema\/person\/a51cb9c3495ce0ca62b78fc96ac3bf9f","name":"adminfojustice","image":{"@type":"ImageObject","inLanguage":"fr-FR","@id":"https:\/\/secure.gravatar.com\/avatar\/368884c0ecc46e53d83c0c3c0af4c6c30a6bbc2aab7535848950f43a950bfd4e?s=96&d=mm&r=g","url":"https:\/\/secure.gravatar.com\/avatar\/368884c0ecc46e53d83c0c3c0af4c6c30a6bbc2aab7535848950f43a950bfd4e?s=96&d=mm&r=g","contentUrl":"https:\/\/secure.gravatar.com\/avatar\/368884c0ecc46e53d83c0c3c0af4c6c30a6bbc2aab7535848950f43a950bfd4e?s=96&d=mm&r=g","caption":"adminfojustice"},"sameAs":["https:\/\/www.fojustice.fr\/web"],"url":"https:\/\/fojustice.fr\/web\/author\/adminfojustice\/"}]}},"jetpack_shortlink":"https:\/\/wp.me\/pdNWl1-dnB","jetpack_sharing_enabled":true,"jetpack_featured_media_url":"https:\/\/fojustice.fr\/web\/wp-content\/uploads\/2022\/03\/AGRESSION-FOJUSTICE.png","_links":{"self":[{"href":"https:\/\/fojustice.fr\/web\/wp-json\/wp\/v2\/posts\/51435","targetHints":{"allow":["GET"]}}],"collection":[{"href":"https:\/\/fojustice.fr\/web\/wp-json\/wp\/v2\/posts"}],"about":[{"href":"https:\/\/fojustice.fr\/web\/wp-json\/wp\/v2\/types\/post"}],"author":[{"embeddable":true,"href":"https:\/\/fojustice.fr\/web\/wp-json\/wp\/v2\/users\/1"}],"replies":[{"embeddable":true,"href":"https:\/\/fojustice.fr\/web\/wp-json\/wp\/v2\/comments?post=51435"}],"version-history":[{"count":1,"href":"https:\/\/fojustice.fr\/web\/wp-json\/wp\/v2\/posts\/51435\/revisions"}],"predecessor-version":[{"id":51437,"href":"https:\/\/fojustice.fr\/web\/wp-json\/wp\/v2\/posts\/51435\/revisions\/51437"}],"wp:featuredmedia":[{"embeddable":true,"href":"https:\/\/fojustice.fr\/web\/wp-json\/wp\/v2\/media\/2268"}],"wp:attachment":[{"href":"https:\/\/fojustice.fr\/web\/wp-json\/wp\/v2\/media?parent=51435"}],"wp:term":[{"taxonomy":"category","embeddable":true,"href":"https:\/\/fojustice.fr\/web\/wp-json\/wp\/v2\/categories?post=51435"},{"taxonomy":"post_tag","embeddable":true,"href":"https:\/\/fojustice.fr\/web\/wp-json\/wp\/v2\/tags?post=51435"}],"curies":[{"name":"wp","href":"https:\/\/api.w.org\/{rel}","templated":true}]}}