{"id":51424,"date":"2026-08-31T17:25:48","date_gmt":"2026-08-31T15:25:48","guid":{"rendered":"https:\/\/fojustice.fr\/web\/?p=51424"},"modified":"2026-08-31T17:25:48","modified_gmt":"2026-08-31T15:25:48","slug":"prison-de-rennes-vezin-qa-agression-en-service-de-nuit","status":"publish","type":"post","link":"https:\/\/fojustice.fr\/web\/prison-de-rennes-vezin-qa-agression-en-service-de-nuit\/","title":{"rendered":"Prison de Rennes-Vezin : QA, agression en service de nuit"},"content":{"rendered":"<p class=\"p1\"><strong>Samedi 29 ao\u00fbt<\/strong>, en d\u00e9but de service de nuit, les agents du quartier arrivants sont amen\u00e9s \u00e0 intervenir aupr\u00e8s d\u2019un d\u00e9tenu qui venait de se blesser volontairement \u00e0 la main avec des morceaux de verre.<\/p>\n<p class=\"p1\"><strong>Vers 19h40<\/strong>, alors que les agents \u00e9changent avec le d\u00e9tenu C., celui-ci <strong>multiplie les exigences<\/strong> : cigarettes, changement de cellule\u2026 Face au refus du grad\u00e9 de nuit d\u2019acc\u00e9der \u00e0 ses demandes, le ton monte et le d\u00e9tenu s\u2019\u00e9nerve de plus en plus.<\/p>\n<p class=\"p1\">Alors qu\u2019il semble faire volte-face pour regagner sa cellule,<span style=\"color: #ff0000;\"><strong> <span class=\"s1\">il se retourne soudainement et ass\u00e8ne un <\/span>violent coup de poing au visage de notre coll\u00e8gue <span class=\"s2\">!<\/span><\/strong><\/span><\/p>\n<p class=\"p1\">Les agents sont alors contraints de ma\u00eetriser l\u2019agresseur afin de mettre un terme \u00e0 l\u2019incident, avant son placement au quartier disciplinaire.<\/p>\n<p class=\"p2\" style=\"text-align: center;\"><strong><span style=\"color: #ff0000;\">Bless\u00e9 au visage, notre coll\u00e8gue est accompagn\u00e9 aux urgences par l\u2019adjoint chef de d\u00e9tention.<\/span><\/strong><\/p>\n<p class=\"p1\"><strong>Le bilan m\u00e9dical est sans appel : deux incisives centrales \u00e9br\u00e9ch\u00e9es n\u00e9cessitant des soins dentaires, une ecchymose \u00e0 la l\u00e8vre, une l\u00e9sion de la gencive ainsi que des douleurs \u00e0 la joue, aux gencives et \u00e0 la l\u00e8vre.<\/strong><\/p>\n<p class=\"p1\">Il ressortira de l\u2019h\u00f4pital aux alentours de 23h30, avec <strong>4 jours d\u2019arr\u00eat de travail,<\/strong> avant d\u2019\u00eatre raccompagn\u00e9 \u00e0 son domicile par l\u2019adjoint chef de d\u00e9tention. Il devra dans les prochains jours rencontrer un dentiste.<\/p>\n<p class=\"p1\" style=\"text-align: center;\"><strong>Une nouvelle fois, un personnel p\u00e9nitentiaire termine son service bless\u00e9, aux urgences, apr\u00e8s avoir re\u00e7u un violent coup au visage.<\/strong><\/p>\n<p class=\"p1\">\u00c0 peine arriv\u00e9 sur notre structure, ce d\u00e9tenu, <strong>se croyant encore chez sa g\u00e9nitrice<\/strong>, multiplie les exigences et, face \u00e0 un refus, se permet d\u2019agresser un personnel. S\u2019imaginait-il donc pouvoir tout exiger et rester intouchable ?<\/p>\n<p class=\"p1\"><strong><span class=\"s3\" style=\"color: #ff0000;\">Le bureau local FO Justice <\/span><\/strong>condamne fermement cette agression et exige une r\u00e9ponse disciplinaire et p\u00e9nale \u00e0 la hauteur des faits.<\/p>\n<p class=\"p1\"><strong><span class=\"s3\" style=\"color: #ff0000;\">Le bureau local FO Justice <\/span><\/strong>apporte tout son soutien \u00e0 notre coll\u00e8gue, lui souhaite un prompt r\u00e9tablissement et restera bien \u00e9videmment \u00e0 ses c\u00f4t\u00e9s dans l\u2019ensemble de ses d\u00e9marches administratives et judiciaires.<\/p>\n<p><a href=\"https:\/\/fojustice.fr\/web\/wp-content\/uploads\/2026\/08\/Agression-en-service-de-nuit.pdf\">Lire le communiqu\u00e9<\/a><\/p>\n","protected":false},"excerpt":{"rendered":"<p>Samedi 29 ao\u00fbt, en d\u00e9but de service de nuit, les agents du quartier arrivants sont amen\u00e9s \u00e0 intervenir aupr\u00e8s d\u2019un d\u00e9tenu qui venait de se blesser volontairement \u00e0 la main avec des morceaux de verre. Vers 19h40, alors que les agents \u00e9changent avec le d\u00e9tenu C., celui-ci multiplie les exigences : cigarettes, changement de cellule\u2026 [&hellip;]<\/p>\n","protected":false},"author":1,"featured_media":8605,"comment_status":"open","ping_status":"open","sticky":false,"template":"","format":"standard","meta":{"_angie_page":false,"_jetpack_newsletter_access":"","_jetpack_dont_email_post_to_subs":true,"_jetpack_newsletter_tier_id":0,"_jetpack_memberships_contains_paywalled_content":false,"page_builder":"","_jetpack_feature_clip_id":0,"_jetpack_memberships_contains_paid_content":false,"footnotes":"","jetpack_post_was_ever_published":false,"_members_access_role":[],"_members_access_error":""},"categories":[35],"tags":[],"class_list":["post-51424","post","type-post","status-publish","format-standard","has-post-thumbnail","hentry","category-disp-rennes"],"yoast_head":"<!-- This site is optimized with the Yoast SEO plugin v28.3 - https:\/\/yoast.com\/product\/yoast-seo-wordpress\/ -->\n<title>Prison de Rennes-Vezin : QA, agression en service de nuit - Syndicat FO Justice<\/title>\n<meta name=\"description\" content=\"Syndicat FO Justice - DISP Rennes - Prison de Rennes-Vezin : QA, agression en service de nuit\" \/>\n<meta name=\"robots\" content=\"index, follow, max-snippet:-1, max-image-preview:large, max-video-preview:-1\" \/>\n<link rel=\"canonical\" href=\"https:\/\/fojustice.fr\/web\/prison-de-rennes-vezin-qa-agression-en-service-de-nuit\/\" \/>\n<meta property=\"og:locale\" content=\"fr_FR\" \/>\n<meta property=\"og:type\" content=\"article\" \/>\n<meta property=\"og:title\" content=\"Prison de Rennes-Vezin : QA, agression en service de nuit - Syndicat FO Justice\" \/>\n<meta property=\"og:description\" content=\"Syndicat FO Justice - DISP Rennes - Prison de Rennes-Vezin : QA, agression en service de nuit\" \/>\n<meta property=\"og:url\" content=\"https:\/\/fojustice.fr\/web\/prison-de-rennes-vezin-qa-agression-en-service-de-nuit\/\" \/>\n<meta property=\"og:site_name\" content=\"Syndicat FO Justice\" \/>\n<meta property=\"article:publisher\" content=\"https:\/\/www.facebook.com\/SyndicatFoJustice\" \/>\n<meta property=\"article:published_time\" content=\"2026-08-31T15:25:48+00:00\" \/>\n<meta property=\"og:image\" content=\"https:\/\/fojustice.fr\/web\/wp-content\/uploads\/2022\/11\/rennes-vezin.jpeg\" \/>\n\t<meta property=\"og:image:width\" content=\"1000\" \/>\n\t<meta property=\"og:image:height\" content=\"500\" \/>\n\t<meta property=\"og:image:type\" content=\"image\/jpeg\" \/>\n<meta name=\"author\" content=\"adminfojustice\" \/>\n<meta name=\"twitter:card\" content=\"summary_large_image\" \/>\n<meta name=\"twitter:creator\" content=\"@SyndFoJustice\" \/>\n<meta name=\"twitter:site\" content=\"@SyndFoJustice\" \/>\n<meta name=\"twitter:label1\" content=\"\u00c9crit par\" \/>\n\t<meta name=\"twitter:data1\" content=\"adminfojustice\" \/>\n\t<meta name=\"twitter:label2\" content=\"Dur\u00e9e de lecture estim\u00e9e\" \/>\n\t<meta name=\"twitter:data2\" content=\"2 minutes\" \/>\n<script type=\"application\/ld+json\" class=\"yoast-schema-graph\">{\"@context\":\"https:\\\/\\\/schema.org\",\"@graph\":[{\"@type\":\"NewsArticle\",\"@id\":\"https:\\\/\\\/fojustice.fr\\\/web\\\/prison-de-rennes-vezin-qa-agression-en-service-de-nuit\\\/#article\",\"isPartOf\":{\"@id\":\"https:\\\/\\\/fojustice.fr\\\/web\\\/prison-de-rennes-vezin-qa-agression-en-service-de-nuit\\\/\"},\"author\":{\"name\":\"adminfojustice\",\"@id\":\"https:\\\/\\\/fojustice.fr\\\/web\\\/#\\\/schema\\\/person\\\/a51cb9c3495ce0ca62b78fc96ac3bf9f\"},\"headline\":\"Prison de Rennes-Vezin : QA, agression en service de nuit\",\"datePublished\":\"2026-08-31T15:25:48+00:00\",\"mainEntityOfPage\":{\"@id\":\"https:\\\/\\\/fojustice.fr\\\/web\\\/prison-de-rennes-vezin-qa-agression-en-service-de-nuit\\\/\"},\"wordCount\":361,\"commentCount\":0,\"publisher\":{\"@id\":\"https:\\\/\\\/fojustice.fr\\\/web\\\/#organization\"},\"image\":{\"@id\":\"https:\\\/\\\/fojustice.fr\\\/web\\\/prison-de-rennes-vezin-qa-agression-en-service-de-nuit\\\/#primaryimage\"},\"thumbnailUrl\":\"https:\\\/\\\/fojustice.fr\\\/web\\\/wp-content\\\/uploads\\\/2022\\\/11\\\/rennes-vezin.jpeg\",\"articleSection\":[\"DISP Rennes\"],\"inLanguage\":\"fr-FR\",\"potentialAction\":[{\"@type\":\"CommentAction\",\"name\":\"Comment\",\"target\":[\"https:\\\/\\\/fojustice.fr\\\/web\\\/prison-de-rennes-vezin-qa-agression-en-service-de-nuit\\\/#respond\"]}]},{\"@type\":\"WebPage\",\"@id\":\"https:\\\/\\\/fojustice.fr\\\/web\\\/prison-de-rennes-vezin-qa-agression-en-service-de-nuit\\\/\",\"url\":\"https:\\\/\\\/fojustice.fr\\\/web\\\/prison-de-rennes-vezin-qa-agression-en-service-de-nuit\\\/\",\"name\":\"Prison de Rennes-Vezin : QA, agression en service de nuit - Syndicat FO Justice\",\"isPartOf\":{\"@id\":\"https:\\\/\\\/fojustice.fr\\\/web\\\/#website\"},\"primaryImageOfPage\":{\"@id\":\"https:\\\/\\\/fojustice.fr\\\/web\\\/prison-de-rennes-vezin-qa-agression-en-service-de-nuit\\\/#primaryimage\"},\"image\":{\"@id\":\"https:\\\/\\\/fojustice.fr\\\/web\\\/prison-de-rennes-vezin-qa-agression-en-service-de-nuit\\\/#primaryimage\"},\"thumbnailUrl\":\"https:\\\/\\\/fojustice.fr\\\/web\\\/wp-content\\\/uploads\\\/2022\\\/11\\\/rennes-vezin.jpeg\",\"datePublished\":\"2026-08-31T15:25:48+00:00\",\"description\":\"Syndicat FO Justice - DISP Rennes - Prison de Rennes-Vezin : QA, agression en service de nuit\",\"breadcrumb\":{\"@id\":\"https:\\\/\\\/fojustice.fr\\\/web\\\/prison-de-rennes-vezin-qa-agression-en-service-de-nuit\\\/#breadcrumb\"},\"inLanguage\":\"fr-FR\",\"potentialAction\":[{\"@type\":\"ReadAction\",\"target\":[\"https:\\\/\\\/fojustice.fr\\\/web\\\/prison-de-rennes-vezin-qa-agression-en-service-de-nuit\\\/\"]}]},{\"@type\":\"ImageObject\",\"inLanguage\":\"fr-FR\",\"@id\":\"https:\\\/\\\/fojustice.fr\\\/web\\\/prison-de-rennes-vezin-qa-agression-en-service-de-nuit\\\/#primaryimage\",\"url\":\"https:\\\/\\\/fojustice.fr\\\/web\\\/wp-content\\\/uploads\\\/2022\\\/11\\\/rennes-vezin.jpeg\",\"contentUrl\":\"https:\\\/\\\/fojustice.fr\\\/web\\\/wp-content\\\/uploads\\\/2022\\\/11\\\/rennes-vezin.jpeg\",\"width\":1000,\"height\":500},{\"@type\":\"BreadcrumbList\",\"@id\":\"https:\\\/\\\/fojustice.fr\\\/web\\\/prison-de-rennes-vezin-qa-agression-en-service-de-nuit\\\/#breadcrumb\",\"itemListElement\":[{\"@type\":\"ListItem\",\"position\":1,\"name\":\"Accueil\",\"item\":\"https:\\\/\\\/fojustice.fr\\\/web\\\/\"},{\"@type\":\"ListItem\",\"position\":2,\"name\":\"Prison de Rennes-Vezin : QA, agression en service de nuit\"}]},{\"@type\":\"WebSite\",\"@id\":\"https:\\\/\\\/fojustice.fr\\\/web\\\/#website\",\"url\":\"https:\\\/\\\/fojustice.fr\\\/web\\\/\",\"name\":\"Syndicat FO Justice\",\"description\":\"Site du Syndicat National FO Justice\",\"publisher\":{\"@id\":\"https:\\\/\\\/fojustice.fr\\\/web\\\/#organization\"},\"alternateName\":\"Syndicat National FO Justice\",\"potentialAction\":[{\"@type\":\"SearchAction\",\"target\":{\"@type\":\"EntryPoint\",\"urlTemplate\":\"https:\\\/\\\/fojustice.fr\\\/web\\\/?s={search_term_string}\"},\"query-input\":{\"@type\":\"PropertyValueSpecification\",\"valueRequired\":true,\"valueName\":\"search_term_string\"}}],\"inLanguage\":\"fr-FR\"},{\"@type\":\"Organization\",\"@id\":\"https:\\\/\\\/fojustice.fr\\\/web\\\/#organization\",\"name\":\"Syndicat National FO Justice\",\"alternateName\":\"Syndicat National FO Justice\",\"url\":\"https:\\\/\\\/fojustice.fr\\\/web\\\/\",\"logo\":{\"@type\":\"ImageObject\",\"inLanguage\":\"fr-FR\",\"@id\":\"https:\\\/\\\/fojustice.fr\\\/web\\\/#\\\/schema\\\/logo\\\/image\\\/\",\"url\":\"https:\\\/\\\/fojustice.fr\\\/web\\\/wp-content\\\/uploads\\\/2022\\\/03\\\/logo-fo-justice.png\",\"contentUrl\":\"https:\\\/\\\/fojustice.fr\\\/web\\\/wp-content\\\/uploads\\\/2022\\\/03\\\/logo-fo-justice.png\",\"width\":800,\"height\":800,\"caption\":\"Syndicat National FO Justice\"},\"image\":{\"@id\":\"https:\\\/\\\/fojustice.fr\\\/web\\\/#\\\/schema\\\/logo\\\/image\\\/\"},\"sameAs\":[\"https:\\\/\\\/www.facebook.com\\\/SyndicatFoJustice\",\"https:\\\/\\\/x.com\\\/SyndFoJustice\"]},{\"@type\":\"Person\",\"@id\":\"https:\\\/\\\/fojustice.fr\\\/web\\\/#\\\/schema\\\/person\\\/a51cb9c3495ce0ca62b78fc96ac3bf9f\",\"name\":\"adminfojustice\",\"image\":{\"@type\":\"ImageObject\",\"inLanguage\":\"fr-FR\",\"@id\":\"https:\\\/\\\/secure.gravatar.com\\\/avatar\\\/368884c0ecc46e53d83c0c3c0af4c6c30a6bbc2aab7535848950f43a950bfd4e?s=96&d=mm&r=g\",\"url\":\"https:\\\/\\\/secure.gravatar.com\\\/avatar\\\/368884c0ecc46e53d83c0c3c0af4c6c30a6bbc2aab7535848950f43a950bfd4e?s=96&d=mm&r=g\",\"contentUrl\":\"https:\\\/\\\/secure.gravatar.com\\\/avatar\\\/368884c0ecc46e53d83c0c3c0af4c6c30a6bbc2aab7535848950f43a950bfd4e?s=96&d=mm&r=g\",\"caption\":\"adminfojustice\"},\"sameAs\":[\"https:\\\/\\\/www.fojustice.fr\\\/web\"],\"url\":\"https:\\\/\\\/fojustice.fr\\\/web\\\/author\\\/adminfojustice\\\/\"}]}<\/script>\n<!-- \/ Yoast SEO plugin. -->","yoast_head_json":{"title":"Prison de Rennes-Vezin : QA, agression en service de nuit - Syndicat FO Justice","description":"Syndicat FO Justice - DISP Rennes - Prison de Rennes-Vezin : QA, agression en service de nuit","robots":{"index":"index","follow":"follow","max-snippet":"max-snippet:-1","max-image-preview":"max-image-preview:large","max-video-preview":"max-video-preview:-1"},"canonical":"https:\/\/fojustice.fr\/web\/prison-de-rennes-vezin-qa-agression-en-service-de-nuit\/","og_locale":"fr_FR","og_type":"article","og_title":"Prison de Rennes-Vezin : QA, agression en service de nuit - Syndicat FO Justice","og_description":"Syndicat FO Justice - DISP Rennes - Prison de Rennes-Vezin : QA, agression en service de nuit","og_url":"https:\/\/fojustice.fr\/web\/prison-de-rennes-vezin-qa-agression-en-service-de-nuit\/","og_site_name":"Syndicat FO Justice","article_publisher":"https:\/\/www.facebook.com\/SyndicatFoJustice","article_published_time":"2026-08-31T15:25:48+00:00","og_image":[{"width":1000,"height":500,"url":"https:\/\/fojustice.fr\/web\/wp-content\/uploads\/2022\/11\/rennes-vezin.jpeg","type":"image\/jpeg"}],"author":"adminfojustice","twitter_card":"summary_large_image","twitter_creator":"@SyndFoJustice","twitter_site":"@SyndFoJustice","twitter_misc":{"\u00c9crit par":"adminfojustice","Dur\u00e9e de lecture estim\u00e9e":"2 minutes"},"schema":{"@context":"https:\/\/schema.org","@graph":[{"@type":"NewsArticle","@id":"https:\/\/fojustice.fr\/web\/prison-de-rennes-vezin-qa-agression-en-service-de-nuit\/#article","isPartOf":{"@id":"https:\/\/fojustice.fr\/web\/prison-de-rennes-vezin-qa-agression-en-service-de-nuit\/"},"author":{"name":"adminfojustice","@id":"https:\/\/fojustice.fr\/web\/#\/schema\/person\/a51cb9c3495ce0ca62b78fc96ac3bf9f"},"headline":"Prison de Rennes-Vezin : QA, agression en service de nuit","datePublished":"2026-08-31T15:25:48+00:00","mainEntityOfPage":{"@id":"https:\/\/fojustice.fr\/web\/prison-de-rennes-vezin-qa-agression-en-service-de-nuit\/"},"wordCount":361,"commentCount":0,"publisher":{"@id":"https:\/\/fojustice.fr\/web\/#organization"},"image":{"@id":"https:\/\/fojustice.fr\/web\/prison-de-rennes-vezin-qa-agression-en-service-de-nuit\/#primaryimage"},"thumbnailUrl":"https:\/\/fojustice.fr\/web\/wp-content\/uploads\/2022\/11\/rennes-vezin.jpeg","articleSection":["DISP Rennes"],"inLanguage":"fr-FR","potentialAction":[{"@type":"CommentAction","name":"Comment","target":["https:\/\/fojustice.fr\/web\/prison-de-rennes-vezin-qa-agression-en-service-de-nuit\/#respond"]}]},{"@type":"WebPage","@id":"https:\/\/fojustice.fr\/web\/prison-de-rennes-vezin-qa-agression-en-service-de-nuit\/","url":"https:\/\/fojustice.fr\/web\/prison-de-rennes-vezin-qa-agression-en-service-de-nuit\/","name":"Prison de Rennes-Vezin : QA, agression en service de nuit - Syndicat FO Justice","isPartOf":{"@id":"https:\/\/fojustice.fr\/web\/#website"},"primaryImageOfPage":{"@id":"https:\/\/fojustice.fr\/web\/prison-de-rennes-vezin-qa-agression-en-service-de-nuit\/#primaryimage"},"image":{"@id":"https:\/\/fojustice.fr\/web\/prison-de-rennes-vezin-qa-agression-en-service-de-nuit\/#primaryimage"},"thumbnailUrl":"https:\/\/fojustice.fr\/web\/wp-content\/uploads\/2022\/11\/rennes-vezin.jpeg","datePublished":"2026-08-31T15:25:48+00:00","description":"Syndicat FO Justice - DISP Rennes - Prison de Rennes-Vezin : QA, agression en service de nuit","breadcrumb":{"@id":"https:\/\/fojustice.fr\/web\/prison-de-rennes-vezin-qa-agression-en-service-de-nuit\/#breadcrumb"},"inLanguage":"fr-FR","potentialAction":[{"@type":"ReadAction","target":["https:\/\/fojustice.fr\/web\/prison-de-rennes-vezin-qa-agression-en-service-de-nuit\/"]}]},{"@type":"ImageObject","inLanguage":"fr-FR","@id":"https:\/\/fojustice.fr\/web\/prison-de-rennes-vezin-qa-agression-en-service-de-nuit\/#primaryimage","url":"https:\/\/fojustice.fr\/web\/wp-content\/uploads\/2022\/11\/rennes-vezin.jpeg","contentUrl":"https:\/\/fojustice.fr\/web\/wp-content\/uploads\/2022\/11\/rennes-vezin.jpeg","width":1000,"height":500},{"@type":"BreadcrumbList","@id":"https:\/\/fojustice.fr\/web\/prison-de-rennes-vezin-qa-agression-en-service-de-nuit\/#breadcrumb","itemListElement":[{"@type":"ListItem","position":1,"name":"Accueil","item":"https:\/\/fojustice.fr\/web\/"},{"@type":"ListItem","position":2,"name":"Prison de Rennes-Vezin : QA, agression en service de nuit"}]},{"@type":"WebSite","@id":"https:\/\/fojustice.fr\/web\/#website","url":"https:\/\/fojustice.fr\/web\/","name":"Syndicat FO Justice","description":"Site du Syndicat National FO Justice","publisher":{"@id":"https:\/\/fojustice.fr\/web\/#organization"},"alternateName":"Syndicat National FO Justice","potentialAction":[{"@type":"SearchAction","target":{"@type":"EntryPoint","urlTemplate":"https:\/\/fojustice.fr\/web\/?s={search_term_string}"},"query-input":{"@type":"PropertyValueSpecification","valueRequired":true,"valueName":"search_term_string"}}],"inLanguage":"fr-FR"},{"@type":"Organization","@id":"https:\/\/fojustice.fr\/web\/#organization","name":"Syndicat National FO Justice","alternateName":"Syndicat National FO Justice","url":"https:\/\/fojustice.fr\/web\/","logo":{"@type":"ImageObject","inLanguage":"fr-FR","@id":"https:\/\/fojustice.fr\/web\/#\/schema\/logo\/image\/","url":"https:\/\/fojustice.fr\/web\/wp-content\/uploads\/2022\/03\/logo-fo-justice.png","contentUrl":"https:\/\/fojustice.fr\/web\/wp-content\/uploads\/2022\/03\/logo-fo-justice.png","width":800,"height":800,"caption":"Syndicat National FO Justice"},"image":{"@id":"https:\/\/fojustice.fr\/web\/#\/schema\/logo\/image\/"},"sameAs":["https:\/\/www.facebook.com\/SyndicatFoJustice","https:\/\/x.com\/SyndFoJustice"]},{"@type":"Person","@id":"https:\/\/fojustice.fr\/web\/#\/schema\/person\/a51cb9c3495ce0ca62b78fc96ac3bf9f","name":"adminfojustice","image":{"@type":"ImageObject","inLanguage":"fr-FR","@id":"https:\/\/secure.gravatar.com\/avatar\/368884c0ecc46e53d83c0c3c0af4c6c30a6bbc2aab7535848950f43a950bfd4e?s=96&d=mm&r=g","url":"https:\/\/secure.gravatar.com\/avatar\/368884c0ecc46e53d83c0c3c0af4c6c30a6bbc2aab7535848950f43a950bfd4e?s=96&d=mm&r=g","contentUrl":"https:\/\/secure.gravatar.com\/avatar\/368884c0ecc46e53d83c0c3c0af4c6c30a6bbc2aab7535848950f43a950bfd4e?s=96&d=mm&r=g","caption":"adminfojustice"},"sameAs":["https:\/\/www.fojustice.fr\/web"],"url":"https:\/\/fojustice.fr\/web\/author\/adminfojustice\/"}]}},"jetpack_shortlink":"https:\/\/wp.me\/pdNWl1-dnq","jetpack_sharing_enabled":true,"jetpack_featured_media_url":"https:\/\/fojustice.fr\/web\/wp-content\/uploads\/2022\/11\/rennes-vezin.jpeg","_links":{"self":[{"href":"https:\/\/fojustice.fr\/web\/wp-json\/wp\/v2\/posts\/51424","targetHints":{"allow":["GET"]}}],"collection":[{"href":"https:\/\/fojustice.fr\/web\/wp-json\/wp\/v2\/posts"}],"about":[{"href":"https:\/\/fojustice.fr\/web\/wp-json\/wp\/v2\/types\/post"}],"author":[{"embeddable":true,"href":"https:\/\/fojustice.fr\/web\/wp-json\/wp\/v2\/users\/1"}],"replies":[{"embeddable":true,"href":"https:\/\/fojustice.fr\/web\/wp-json\/wp\/v2\/comments?post=51424"}],"version-history":[{"count":1,"href":"https:\/\/fojustice.fr\/web\/wp-json\/wp\/v2\/posts\/51424\/revisions"}],"predecessor-version":[{"id":51426,"href":"https:\/\/fojustice.fr\/web\/wp-json\/wp\/v2\/posts\/51424\/revisions\/51426"}],"wp:featuredmedia":[{"embeddable":true,"href":"https:\/\/fojustice.fr\/web\/wp-json\/wp\/v2\/media\/8605"}],"wp:attachment":[{"href":"https:\/\/fojustice.fr\/web\/wp-json\/wp\/v2\/media?parent=51424"}],"wp:term":[{"taxonomy":"category","embeddable":true,"href":"https:\/\/fojustice.fr\/web\/wp-json\/wp\/v2\/categories?post=51424"},{"taxonomy":"post_tag","embeddable":true,"href":"https:\/\/fojustice.fr\/web\/wp-json\/wp\/v2\/tags?post=51424"}],"curies":[{"name":"wp","href":"https:\/\/api.w.org\/{rel}","templated":true}]}}