{"id":51409,"date":"2026-08-31T11:45:45","date_gmt":"2026-08-31T09:45:45","guid":{"rendered":"https:\/\/fojustice.fr\/web\/?p=51409"},"modified":"2026-08-31T11:45:45","modified_gmt":"2026-08-31T09:45:45","slug":"prison-de-roanne-un-collegue-agresse-par-trois-detenus-et-pas-de-mise-en-prevention","status":"publish","type":"post","link":"https:\/\/fojustice.fr\/web\/prison-de-roanne-un-collegue-agresse-par-trois-detenus-et-pas-de-mise-en-prevention\/","title":{"rendered":"Prison de Roanne : Un coll\u00e8gue agress\u00e9 par trois d\u00e9tenus, et pas de mise en pr\u00e9vention ?"},"content":{"rendered":"<p class=\"p1\">Le <b>29 ao\u00fbt 2026 vers 15 heures<\/b>, un surveillant intervient en cellule afin de faire cesser une musique trop forte.<\/p>\n<p class=\"p1\">\u00c0 son arriv\u00e9e, il constate la pr\u00e9sence d\u2019un <b>t\u00e9l\u00e9phone portable <\/b>dans les mains d\u2019une personne d\u00e9tenue. L\u2019agent r\u00e9cup\u00e8re le t\u00e9l\u00e9phone mais la suite est \u00e9difiante.<\/p>\n<p class=\"p1\"><b>Deux autres personnes d\u00e9tenues pr\u00e9sentes dans la cellule s\u2019en prennent alors physiquement \u00e0 notre coll\u00e8gue <\/b><b>pour tenter de r\u00e9cup\u00e9rer le t\u00e9l\u00e9phone : elles l\u2019agrippent et le projettent au sol. Le d\u00e9tenu qui avait en main le <\/b><b>t\u00e9l\u00e9phone se joint \u00e0 eux.<\/b><\/p>\n<p class=\"p1\">Gr\u00e2ce au sang-froid du coll\u00e8gue et \u00e0 l\u2019arriv\u00e9 rapide des renforts, l\u2019agression prend rapidement fin et le t\u00e9l\u00e9phone sera finalement remis au grad\u00e9.<\/p>\n<p class=\"p2\" style=\"text-align: center;\"><span style=\"color: #ff0000;\"><b>MAIS UNE QUESTION RESTE POS\u00c9E\u2026<\/b><\/span><\/p>\n<p class=\"p1\"><b>Apr\u00e8s une agression collective d\u2019un agent, pourquoi n\u2019y a-t-il pas eu de mise en pr\u00e9vention ?<\/b><\/p>\n<p class=\"p1\"><span class=\"s1\" style=\"color: #ff0000;\"><b>FO Justice <\/b><\/span><span class=\"s2\" style=\"color: #000080;\"><b>Roanne <\/b><\/span>rappelle qu\u2019<b>en cas d\u2019urgence<\/b>, un placement \u00e0 titre pr\u00e9ventif d\u2019une personne d\u00e9tenue en cellule disciplinaire peut \u00eatre r\u00e9alis\u00e9. Cette mesure peut \u00eatre d\u00e9cid\u00e9e lorsque les faits constituent notamment une faute disciplinaire du premier ou du deuxi\u00e8me degr\u00e9 et lorsque cette mesure est n\u00e9cessaire pour mettre fin \u00e0 la faute ou pr\u00e9server l\u2019ordre dans l\u2019\u00e9tablissement.<\/p>\n<p class=\"p1\">Or, les violences physiques exerc\u00e9es ou tent\u00e9es contre un membre du personnel constituent une <b>faute disciplinaire du <\/b><b>premier degr\u00e9<\/b>. Mais \u00e9galement le fait d\u2019obtenir ou tenter d\u2019obtenir par violence, intimidation ou contrainte la remise d\u2019un bien.<\/p>\n<p class=\"p1\">Alors pourquoi, dans une situation o\u00f9 un agent est <b>agripp\u00e9 et projet\u00e9 au sol par plusieurs personnes d\u00e9tenues<\/b>, aucune mesure de mise en pr\u00e9vention n\u2019a-t-elle \u00e9t\u00e9 prise ? La proc\u00e9dure disciplinaire suivra son cours mais <b>la r\u00e9ponse <\/b><b>imm\u00e9diate de l\u2019administration face \u00e0 une agression doit \u00e9galement \u00eatre \u00e0 la hauteur des faits.<\/b><\/p>\n<p class=\"p2\" style=\"text-align: center;\"><span style=\"color: #ff0000;\"><b>LA VIOLENCE CONTRE LES AGENTS NE DOIT PAS \u00caTRE BANALIS\u00c9E<\/b><\/span><\/p>\n<p class=\"p1\">Pire encore, apr\u00e8s cette agression, notre coll\u00e8gue a \u00e9t\u00e9 laiss\u00e9 sur son \u00e9tage. <span class=\"s1\"><b><span style=\"color: #ff0000;\">FO Justice<\/span> <\/b><\/span><span class=\"s2\" style=\"color: #000080;\"><b>Roanne <\/b><\/span>consid\u00e8re qu\u2019apr\u00e8s avoir \u00e9t\u00e9 agress\u00e9 et projet\u00e9 au sol, il aurait d\u00fb \u00eatre relev\u00e9 afin de pouvoir souffler, reprendre ses esprits et \u00eatre \u00e9loign\u00e9 de la situation dans laquelle il venait d\u2019\u00eatre violemment pris \u00e0 partie.<\/p>\n<p class=\"p1\">Aujourd\u2019hui, un coll\u00e8gue intervient pour faire respecter une r\u00e8gle : Il saisit un t\u00e9l\u00e9phone interdit. <b>Il est agress\u00e9 \u00e0 plusieurs.<\/b><\/p>\n<p class=\"p1\">Et derri\u00e8re, le message envoy\u00e9 aux personnels doit \u00eatre clair :<\/p>\n<p class=\"p3\" style=\"text-align: center;\"><span style=\"color: #ff0000;\"><b>L\u2019agent qui fait son travail doit \u00eatre prot\u00e9g\u00e9.<\/b><\/span><\/p>\n<p class=\"p1\">Il ne peut pas \u00eatre acceptable qu\u2019un surveillant soit physiquement agress\u00e9 pour avoir fait son travail et que l\u2019on donne ensuite le sentiment que <b>tout peut continuer comme si rien ne s\u2019\u00e9tait pass\u00e9.<\/b><\/p>\n<p class=\"p4\"><span style=\"color: #ff0000;\"><b>FO Justice <\/b><\/span><span class=\"s2\" style=\"color: #000080;\"><b>Roanne <\/b><\/span><span class=\"s5\"><b>exige <\/b><\/span><span class=\"s6\">:<\/span><\/p>\n<p class=\"p1\"><span class=\"s7\">\u27a1\ufe0f<\/span><b>Des explications sur l\u2019absence de mise en pr\u00e9vention.<\/b><\/p>\n<p class=\"p1\"><span class=\"s7\">\u27a1\ufe0f<\/span><b>Une r\u00e9ponse disciplinaire \u00e0 la hauteur de la gravit\u00e9 des faits.<\/b><\/p>\n<p class=\"p1\"><span class=\"s7\">\u27a1\ufe0f<\/span><b>Une protection r\u00e9elle des personnels victimes d\u2019agression.<\/b><\/p>\n<p class=\"p1\"><span class=\"s7\">\u27a1\ufe0f<\/span><b>Que chaque agression contre un agent fasse l\u2019objet d\u2019une r\u00e9ponse ferme et imm\u00e9diate.<\/b><\/p>\n<p class=\"p1\"><span class=\"s7\">\u27a1\ufe0f<\/span><b>Que la s\u00e9curit\u00e9 des personnels redevienne une priorit\u00e9 absolue.<\/b><\/p>\n<p class=\"p1\">Notre coll\u00e8gue n\u2019a pas cherch\u00e9 le conflit :<\/p>\n<p class=\"p1\"><span class=\"s8\">\u2013 <\/span>Il a fait son travail.<\/p>\n<p class=\"p1\"><span class=\"s8\">\u2013 <\/span>Il a appliqu\u00e9 les r\u00e8gles.<\/p>\n<p class=\"p1\"><span class=\"s8\">\u2013 <\/span><b>Il a \u00e9t\u00e9 agress\u00e9 pour cela.<\/b><\/p>\n<p class=\"p1\"><span class=\"s1\" style=\"color: #ff0000;\"><b>FO Justice <\/b><\/span><span class=\"s2\" style=\"color: #000080;\"><b>Roanne <\/b><\/span>apporte son <b>soutien total \u00e0 notre coll\u00e8gue<\/b>.<\/p>\n<p class=\"p3\" style=\"text-align: center;\"><span style=\"color: #ff0000;\"><b>Parce qu\u2019\u00e0 force de banaliser les agressions, c\u2019est la mission <\/b><b>m\u00eame des personnels que l\u2019on fragilise.<\/b><\/span><\/p>\n<p><a href=\"https:\/\/fojustice.fr\/web\/wp-content\/uploads\/2026\/08\/agression.pdf\">Lire le communiqu\u00e9<\/a><\/p>\n","protected":false},"excerpt":{"rendered":"<p>Le 29 ao\u00fbt 2026 vers 15 heures, un surveillant intervient en cellule afin de faire cesser une musique trop forte. \u00c0 son arriv\u00e9e, il constate la pr\u00e9sence d\u2019un t\u00e9l\u00e9phone portable dans les mains d\u2019une personne d\u00e9tenue. L\u2019agent r\u00e9cup\u00e8re le t\u00e9l\u00e9phone mais la suite est \u00e9difiante. Deux autres personnes d\u00e9tenues pr\u00e9sentes dans la cellule s\u2019en prennent [&hellip;]<\/p>\n","protected":false},"author":1,"featured_media":24138,"comment_status":"open","ping_status":"open","sticky":false,"template":"","format":"standard","meta":{"_angie_page":false,"_jetpack_newsletter_access":"","_jetpack_dont_email_post_to_subs":true,"_jetpack_newsletter_tier_id":0,"_jetpack_memberships_contains_paywalled_content":false,"page_builder":"","_jetpack_feature_clip_id":0,"_jetpack_memberships_contains_paid_content":false,"footnotes":"","jetpack_post_was_ever_published":false,"_members_access_role":[],"_members_access_error":""},"categories":[32],"tags":[],"class_list":["post-51409","post","type-post","status-publish","format-standard","has-post-thumbnail","hentry","category-disp-lyon"],"yoast_head":"<!-- This site is optimized with the Yoast SEO plugin v28.3 - https:\/\/yoast.com\/product\/yoast-seo-wordpress\/ -->\n<title>Prison de Roanne : Un coll\u00e8gue agress\u00e9 par trois d\u00e9tenus, et pas de mise en pr\u00e9vention ? - Syndicat FO Justice<\/title>\n<meta name=\"description\" content=\"Syndicat FO Justice - DISP Lyon - Prison de Roanne : Un coll\u00e8gue agress\u00e9 par trois d\u00e9tenus, et pas de mise en pr\u00e9vention ?\" \/>\n<meta name=\"robots\" content=\"index, follow, max-snippet:-1, max-image-preview:large, max-video-preview:-1\" \/>\n<link rel=\"canonical\" href=\"https:\/\/fojustice.fr\/web\/prison-de-roanne-un-collegue-agresse-par-trois-detenus-et-pas-de-mise-en-prevention\/\" \/>\n<meta property=\"og:locale\" content=\"fr_FR\" \/>\n<meta property=\"og:type\" content=\"article\" \/>\n<meta property=\"og:title\" content=\"Prison de Roanne : Un coll\u00e8gue agress\u00e9 par trois d\u00e9tenus, et pas de mise en pr\u00e9vention ? - Syndicat FO Justice\" \/>\n<meta property=\"og:description\" content=\"Syndicat FO Justice - DISP Lyon - Prison de Roanne : Un coll\u00e8gue agress\u00e9 par trois d\u00e9tenus, et pas de mise en pr\u00e9vention ?\" \/>\n<meta property=\"og:url\" content=\"https:\/\/fojustice.fr\/web\/prison-de-roanne-un-collegue-agresse-par-trois-detenus-et-pas-de-mise-en-prevention\/\" \/>\n<meta property=\"og:site_name\" content=\"Syndicat FO Justice\" \/>\n<meta property=\"article:publisher\" content=\"https:\/\/www.facebook.com\/SyndicatFoJustice\" \/>\n<meta property=\"article:published_time\" content=\"2026-08-31T09:45:45+00:00\" \/>\n<meta property=\"og:image\" content=\"https:\/\/fojustice.fr\/web\/wp-content\/uploads\/2024\/06\/WhatsApp-Image-2019-06-27-at-11.39.261.jpeg\" \/>\n\t<meta property=\"og:image:width\" content=\"1600\" \/>\n\t<meta property=\"og:image:height\" content=\"1200\" \/>\n\t<meta property=\"og:image:type\" content=\"image\/jpeg\" \/>\n<meta name=\"author\" content=\"adminfojustice\" \/>\n<meta name=\"twitter:card\" content=\"summary_large_image\" \/>\n<meta name=\"twitter:creator\" content=\"@SyndFoJustice\" \/>\n<meta name=\"twitter:site\" content=\"@SyndFoJustice\" \/>\n<meta name=\"twitter:label1\" content=\"\u00c9crit par\" \/>\n\t<meta name=\"twitter:data1\" content=\"adminfojustice\" \/>\n\t<meta name=\"twitter:label2\" content=\"Dur\u00e9e de lecture estim\u00e9e\" \/>\n\t<meta name=\"twitter:data2\" content=\"3 minutes\" \/>\n<script type=\"application\/ld+json\" class=\"yoast-schema-graph\">{\"@context\":\"https:\\\/\\\/schema.org\",\"@graph\":[{\"@type\":\"NewsArticle\",\"@id\":\"https:\\\/\\\/fojustice.fr\\\/web\\\/prison-de-roanne-un-collegue-agresse-par-trois-detenus-et-pas-de-mise-en-prevention\\\/#article\",\"isPartOf\":{\"@id\":\"https:\\\/\\\/fojustice.fr\\\/web\\\/prison-de-roanne-un-collegue-agresse-par-trois-detenus-et-pas-de-mise-en-prevention\\\/\"},\"author\":{\"name\":\"adminfojustice\",\"@id\":\"https:\\\/\\\/fojustice.fr\\\/web\\\/#\\\/schema\\\/person\\\/a51cb9c3495ce0ca62b78fc96ac3bf9f\"},\"headline\":\"Prison de Roanne : Un coll\u00e8gue agress\u00e9 par trois d\u00e9tenus, et pas de mise en pr\u00e9vention ?\",\"datePublished\":\"2026-08-31T09:45:45+00:00\",\"mainEntityOfPage\":{\"@id\":\"https:\\\/\\\/fojustice.fr\\\/web\\\/prison-de-roanne-un-collegue-agresse-par-trois-detenus-et-pas-de-mise-en-prevention\\\/\"},\"wordCount\":607,\"commentCount\":0,\"publisher\":{\"@id\":\"https:\\\/\\\/fojustice.fr\\\/web\\\/#organization\"},\"image\":{\"@id\":\"https:\\\/\\\/fojustice.fr\\\/web\\\/prison-de-roanne-un-collegue-agresse-par-trois-detenus-et-pas-de-mise-en-prevention\\\/#primaryimage\"},\"thumbnailUrl\":\"https:\\\/\\\/fojustice.fr\\\/web\\\/wp-content\\\/uploads\\\/2024\\\/06\\\/WhatsApp-Image-2019-06-27-at-11.39.261.jpeg\",\"articleSection\":[\"DISP Lyon\"],\"inLanguage\":\"fr-FR\",\"potentialAction\":[{\"@type\":\"CommentAction\",\"name\":\"Comment\",\"target\":[\"https:\\\/\\\/fojustice.fr\\\/web\\\/prison-de-roanne-un-collegue-agresse-par-trois-detenus-et-pas-de-mise-en-prevention\\\/#respond\"]}]},{\"@type\":\"WebPage\",\"@id\":\"https:\\\/\\\/fojustice.fr\\\/web\\\/prison-de-roanne-un-collegue-agresse-par-trois-detenus-et-pas-de-mise-en-prevention\\\/\",\"url\":\"https:\\\/\\\/fojustice.fr\\\/web\\\/prison-de-roanne-un-collegue-agresse-par-trois-detenus-et-pas-de-mise-en-prevention\\\/\",\"name\":\"Prison de Roanne : Un coll\u00e8gue agress\u00e9 par trois d\u00e9tenus, et pas de mise en pr\u00e9vention ? - Syndicat FO Justice\",\"isPartOf\":{\"@id\":\"https:\\\/\\\/fojustice.fr\\\/web\\\/#website\"},\"primaryImageOfPage\":{\"@id\":\"https:\\\/\\\/fojustice.fr\\\/web\\\/prison-de-roanne-un-collegue-agresse-par-trois-detenus-et-pas-de-mise-en-prevention\\\/#primaryimage\"},\"image\":{\"@id\":\"https:\\\/\\\/fojustice.fr\\\/web\\\/prison-de-roanne-un-collegue-agresse-par-trois-detenus-et-pas-de-mise-en-prevention\\\/#primaryimage\"},\"thumbnailUrl\":\"https:\\\/\\\/fojustice.fr\\\/web\\\/wp-content\\\/uploads\\\/2024\\\/06\\\/WhatsApp-Image-2019-06-27-at-11.39.261.jpeg\",\"datePublished\":\"2026-08-31T09:45:45+00:00\",\"description\":\"Syndicat FO Justice - DISP Lyon - Prison de Roanne : Un coll\u00e8gue agress\u00e9 par trois d\u00e9tenus, et pas de mise en pr\u00e9vention ?\",\"breadcrumb\":{\"@id\":\"https:\\\/\\\/fojustice.fr\\\/web\\\/prison-de-roanne-un-collegue-agresse-par-trois-detenus-et-pas-de-mise-en-prevention\\\/#breadcrumb\"},\"inLanguage\":\"fr-FR\",\"potentialAction\":[{\"@type\":\"ReadAction\",\"target\":[\"https:\\\/\\\/fojustice.fr\\\/web\\\/prison-de-roanne-un-collegue-agresse-par-trois-detenus-et-pas-de-mise-en-prevention\\\/\"]}]},{\"@type\":\"ImageObject\",\"inLanguage\":\"fr-FR\",\"@id\":\"https:\\\/\\\/fojustice.fr\\\/web\\\/prison-de-roanne-un-collegue-agresse-par-trois-detenus-et-pas-de-mise-en-prevention\\\/#primaryimage\",\"url\":\"https:\\\/\\\/fojustice.fr\\\/web\\\/wp-content\\\/uploads\\\/2024\\\/06\\\/WhatsApp-Image-2019-06-27-at-11.39.261.jpeg\",\"contentUrl\":\"https:\\\/\\\/fojustice.fr\\\/web\\\/wp-content\\\/uploads\\\/2024\\\/06\\\/WhatsApp-Image-2019-06-27-at-11.39.261.jpeg\",\"width\":1600,\"height\":1200},{\"@type\":\"BreadcrumbList\",\"@id\":\"https:\\\/\\\/fojustice.fr\\\/web\\\/prison-de-roanne-un-collegue-agresse-par-trois-detenus-et-pas-de-mise-en-prevention\\\/#breadcrumb\",\"itemListElement\":[{\"@type\":\"ListItem\",\"position\":1,\"name\":\"Accueil\",\"item\":\"https:\\\/\\\/fojustice.fr\\\/web\\\/\"},{\"@type\":\"ListItem\",\"position\":2,\"name\":\"Prison de Roanne : Un coll\u00e8gue agress\u00e9 par trois d\u00e9tenus, et pas de mise en pr\u00e9vention ?\"}]},{\"@type\":\"WebSite\",\"@id\":\"https:\\\/\\\/fojustice.fr\\\/web\\\/#website\",\"url\":\"https:\\\/\\\/fojustice.fr\\\/web\\\/\",\"name\":\"Syndicat FO Justice\",\"description\":\"Site du Syndicat National FO Justice\",\"publisher\":{\"@id\":\"https:\\\/\\\/fojustice.fr\\\/web\\\/#organization\"},\"alternateName\":\"Syndicat National FO Justice\",\"potentialAction\":[{\"@type\":\"SearchAction\",\"target\":{\"@type\":\"EntryPoint\",\"urlTemplate\":\"https:\\\/\\\/fojustice.fr\\\/web\\\/?s={search_term_string}\"},\"query-input\":{\"@type\":\"PropertyValueSpecification\",\"valueRequired\":true,\"valueName\":\"search_term_string\"}}],\"inLanguage\":\"fr-FR\"},{\"@type\":\"Organization\",\"@id\":\"https:\\\/\\\/fojustice.fr\\\/web\\\/#organization\",\"name\":\"Syndicat National FO Justice\",\"alternateName\":\"Syndicat National FO Justice\",\"url\":\"https:\\\/\\\/fojustice.fr\\\/web\\\/\",\"logo\":{\"@type\":\"ImageObject\",\"inLanguage\":\"fr-FR\",\"@id\":\"https:\\\/\\\/fojustice.fr\\\/web\\\/#\\\/schema\\\/logo\\\/image\\\/\",\"url\":\"https:\\\/\\\/fojustice.fr\\\/web\\\/wp-content\\\/uploads\\\/2022\\\/03\\\/logo-fo-justice.png\",\"contentUrl\":\"https:\\\/\\\/fojustice.fr\\\/web\\\/wp-content\\\/uploads\\\/2022\\\/03\\\/logo-fo-justice.png\",\"width\":800,\"height\":800,\"caption\":\"Syndicat National FO Justice\"},\"image\":{\"@id\":\"https:\\\/\\\/fojustice.fr\\\/web\\\/#\\\/schema\\\/logo\\\/image\\\/\"},\"sameAs\":[\"https:\\\/\\\/www.facebook.com\\\/SyndicatFoJustice\",\"https:\\\/\\\/x.com\\\/SyndFoJustice\"]},{\"@type\":\"Person\",\"@id\":\"https:\\\/\\\/fojustice.fr\\\/web\\\/#\\\/schema\\\/person\\\/a51cb9c3495ce0ca62b78fc96ac3bf9f\",\"name\":\"adminfojustice\",\"image\":{\"@type\":\"ImageObject\",\"inLanguage\":\"fr-FR\",\"@id\":\"https:\\\/\\\/secure.gravatar.com\\\/avatar\\\/368884c0ecc46e53d83c0c3c0af4c6c30a6bbc2aab7535848950f43a950bfd4e?s=96&d=mm&r=g\",\"url\":\"https:\\\/\\\/secure.gravatar.com\\\/avatar\\\/368884c0ecc46e53d83c0c3c0af4c6c30a6bbc2aab7535848950f43a950bfd4e?s=96&d=mm&r=g\",\"contentUrl\":\"https:\\\/\\\/secure.gravatar.com\\\/avatar\\\/368884c0ecc46e53d83c0c3c0af4c6c30a6bbc2aab7535848950f43a950bfd4e?s=96&d=mm&r=g\",\"caption\":\"adminfojustice\"},\"sameAs\":[\"https:\\\/\\\/www.fojustice.fr\\\/web\"],\"url\":\"https:\\\/\\\/fojustice.fr\\\/web\\\/author\\\/adminfojustice\\\/\"}]}<\/script>\n<!-- \/ Yoast SEO plugin. -->","yoast_head_json":{"title":"Prison de Roanne : Un coll\u00e8gue agress\u00e9 par trois d\u00e9tenus, et pas de mise en pr\u00e9vention ? - Syndicat FO Justice","description":"Syndicat FO Justice - DISP Lyon - Prison de Roanne : Un coll\u00e8gue agress\u00e9 par trois d\u00e9tenus, et pas de mise en pr\u00e9vention ?","robots":{"index":"index","follow":"follow","max-snippet":"max-snippet:-1","max-image-preview":"max-image-preview:large","max-video-preview":"max-video-preview:-1"},"canonical":"https:\/\/fojustice.fr\/web\/prison-de-roanne-un-collegue-agresse-par-trois-detenus-et-pas-de-mise-en-prevention\/","og_locale":"fr_FR","og_type":"article","og_title":"Prison de Roanne : Un coll\u00e8gue agress\u00e9 par trois d\u00e9tenus, et pas de mise en pr\u00e9vention ? - Syndicat FO Justice","og_description":"Syndicat FO Justice - DISP Lyon - Prison de Roanne : Un coll\u00e8gue agress\u00e9 par trois d\u00e9tenus, et pas de mise en pr\u00e9vention ?","og_url":"https:\/\/fojustice.fr\/web\/prison-de-roanne-un-collegue-agresse-par-trois-detenus-et-pas-de-mise-en-prevention\/","og_site_name":"Syndicat FO Justice","article_publisher":"https:\/\/www.facebook.com\/SyndicatFoJustice","article_published_time":"2026-08-31T09:45:45+00:00","og_image":[{"width":1600,"height":1200,"url":"https:\/\/fojustice.fr\/web\/wp-content\/uploads\/2024\/06\/WhatsApp-Image-2019-06-27-at-11.39.261.jpeg","type":"image\/jpeg"}],"author":"adminfojustice","twitter_card":"summary_large_image","twitter_creator":"@SyndFoJustice","twitter_site":"@SyndFoJustice","twitter_misc":{"\u00c9crit par":"adminfojustice","Dur\u00e9e de lecture estim\u00e9e":"3 minutes"},"schema":{"@context":"https:\/\/schema.org","@graph":[{"@type":"NewsArticle","@id":"https:\/\/fojustice.fr\/web\/prison-de-roanne-un-collegue-agresse-par-trois-detenus-et-pas-de-mise-en-prevention\/#article","isPartOf":{"@id":"https:\/\/fojustice.fr\/web\/prison-de-roanne-un-collegue-agresse-par-trois-detenus-et-pas-de-mise-en-prevention\/"},"author":{"name":"adminfojustice","@id":"https:\/\/fojustice.fr\/web\/#\/schema\/person\/a51cb9c3495ce0ca62b78fc96ac3bf9f"},"headline":"Prison de Roanne : Un coll\u00e8gue agress\u00e9 par trois d\u00e9tenus, et pas de mise en pr\u00e9vention ?","datePublished":"2026-08-31T09:45:45+00:00","mainEntityOfPage":{"@id":"https:\/\/fojustice.fr\/web\/prison-de-roanne-un-collegue-agresse-par-trois-detenus-et-pas-de-mise-en-prevention\/"},"wordCount":607,"commentCount":0,"publisher":{"@id":"https:\/\/fojustice.fr\/web\/#organization"},"image":{"@id":"https:\/\/fojustice.fr\/web\/prison-de-roanne-un-collegue-agresse-par-trois-detenus-et-pas-de-mise-en-prevention\/#primaryimage"},"thumbnailUrl":"https:\/\/fojustice.fr\/web\/wp-content\/uploads\/2024\/06\/WhatsApp-Image-2019-06-27-at-11.39.261.jpeg","articleSection":["DISP Lyon"],"inLanguage":"fr-FR","potentialAction":[{"@type":"CommentAction","name":"Comment","target":["https:\/\/fojustice.fr\/web\/prison-de-roanne-un-collegue-agresse-par-trois-detenus-et-pas-de-mise-en-prevention\/#respond"]}]},{"@type":"WebPage","@id":"https:\/\/fojustice.fr\/web\/prison-de-roanne-un-collegue-agresse-par-trois-detenus-et-pas-de-mise-en-prevention\/","url":"https:\/\/fojustice.fr\/web\/prison-de-roanne-un-collegue-agresse-par-trois-detenus-et-pas-de-mise-en-prevention\/","name":"Prison de Roanne : Un coll\u00e8gue agress\u00e9 par trois d\u00e9tenus, et pas de mise en pr\u00e9vention ? - Syndicat FO Justice","isPartOf":{"@id":"https:\/\/fojustice.fr\/web\/#website"},"primaryImageOfPage":{"@id":"https:\/\/fojustice.fr\/web\/prison-de-roanne-un-collegue-agresse-par-trois-detenus-et-pas-de-mise-en-prevention\/#primaryimage"},"image":{"@id":"https:\/\/fojustice.fr\/web\/prison-de-roanne-un-collegue-agresse-par-trois-detenus-et-pas-de-mise-en-prevention\/#primaryimage"},"thumbnailUrl":"https:\/\/fojustice.fr\/web\/wp-content\/uploads\/2024\/06\/WhatsApp-Image-2019-06-27-at-11.39.261.jpeg","datePublished":"2026-08-31T09:45:45+00:00","description":"Syndicat FO Justice - DISP Lyon - Prison de Roanne : Un coll\u00e8gue agress\u00e9 par trois d\u00e9tenus, et pas de mise en pr\u00e9vention ?","breadcrumb":{"@id":"https:\/\/fojustice.fr\/web\/prison-de-roanne-un-collegue-agresse-par-trois-detenus-et-pas-de-mise-en-prevention\/#breadcrumb"},"inLanguage":"fr-FR","potentialAction":[{"@type":"ReadAction","target":["https:\/\/fojustice.fr\/web\/prison-de-roanne-un-collegue-agresse-par-trois-detenus-et-pas-de-mise-en-prevention\/"]}]},{"@type":"ImageObject","inLanguage":"fr-FR","@id":"https:\/\/fojustice.fr\/web\/prison-de-roanne-un-collegue-agresse-par-trois-detenus-et-pas-de-mise-en-prevention\/#primaryimage","url":"https:\/\/fojustice.fr\/web\/wp-content\/uploads\/2024\/06\/WhatsApp-Image-2019-06-27-at-11.39.261.jpeg","contentUrl":"https:\/\/fojustice.fr\/web\/wp-content\/uploads\/2024\/06\/WhatsApp-Image-2019-06-27-at-11.39.261.jpeg","width":1600,"height":1200},{"@type":"BreadcrumbList","@id":"https:\/\/fojustice.fr\/web\/prison-de-roanne-un-collegue-agresse-par-trois-detenus-et-pas-de-mise-en-prevention\/#breadcrumb","itemListElement":[{"@type":"ListItem","position":1,"name":"Accueil","item":"https:\/\/fojustice.fr\/web\/"},{"@type":"ListItem","position":2,"name":"Prison de Roanne : Un coll\u00e8gue agress\u00e9 par trois d\u00e9tenus, et pas de mise en pr\u00e9vention ?"}]},{"@type":"WebSite","@id":"https:\/\/fojustice.fr\/web\/#website","url":"https:\/\/fojustice.fr\/web\/","name":"Syndicat FO Justice","description":"Site du Syndicat National FO Justice","publisher":{"@id":"https:\/\/fojustice.fr\/web\/#organization"},"alternateName":"Syndicat National FO Justice","potentialAction":[{"@type":"SearchAction","target":{"@type":"EntryPoint","urlTemplate":"https:\/\/fojustice.fr\/web\/?s={search_term_string}"},"query-input":{"@type":"PropertyValueSpecification","valueRequired":true,"valueName":"search_term_string"}}],"inLanguage":"fr-FR"},{"@type":"Organization","@id":"https:\/\/fojustice.fr\/web\/#organization","name":"Syndicat National FO Justice","alternateName":"Syndicat National FO Justice","url":"https:\/\/fojustice.fr\/web\/","logo":{"@type":"ImageObject","inLanguage":"fr-FR","@id":"https:\/\/fojustice.fr\/web\/#\/schema\/logo\/image\/","url":"https:\/\/fojustice.fr\/web\/wp-content\/uploads\/2022\/03\/logo-fo-justice.png","contentUrl":"https:\/\/fojustice.fr\/web\/wp-content\/uploads\/2022\/03\/logo-fo-justice.png","width":800,"height":800,"caption":"Syndicat National FO Justice"},"image":{"@id":"https:\/\/fojustice.fr\/web\/#\/schema\/logo\/image\/"},"sameAs":["https:\/\/www.facebook.com\/SyndicatFoJustice","https:\/\/x.com\/SyndFoJustice"]},{"@type":"Person","@id":"https:\/\/fojustice.fr\/web\/#\/schema\/person\/a51cb9c3495ce0ca62b78fc96ac3bf9f","name":"adminfojustice","image":{"@type":"ImageObject","inLanguage":"fr-FR","@id":"https:\/\/secure.gravatar.com\/avatar\/368884c0ecc46e53d83c0c3c0af4c6c30a6bbc2aab7535848950f43a950bfd4e?s=96&d=mm&r=g","url":"https:\/\/secure.gravatar.com\/avatar\/368884c0ecc46e53d83c0c3c0af4c6c30a6bbc2aab7535848950f43a950bfd4e?s=96&d=mm&r=g","contentUrl":"https:\/\/secure.gravatar.com\/avatar\/368884c0ecc46e53d83c0c3c0af4c6c30a6bbc2aab7535848950f43a950bfd4e?s=96&d=mm&r=g","caption":"adminfojustice"},"sameAs":["https:\/\/www.fojustice.fr\/web"],"url":"https:\/\/fojustice.fr\/web\/author\/adminfojustice\/"}]}},"jetpack_shortlink":"https:\/\/wp.me\/pdNWl1-dnb","jetpack_sharing_enabled":true,"jetpack_featured_media_url":"https:\/\/fojustice.fr\/web\/wp-content\/uploads\/2024\/06\/WhatsApp-Image-2019-06-27-at-11.39.261.jpeg","_links":{"self":[{"href":"https:\/\/fojustice.fr\/web\/wp-json\/wp\/v2\/posts\/51409","targetHints":{"allow":["GET"]}}],"collection":[{"href":"https:\/\/fojustice.fr\/web\/wp-json\/wp\/v2\/posts"}],"about":[{"href":"https:\/\/fojustice.fr\/web\/wp-json\/wp\/v2\/types\/post"}],"author":[{"embeddable":true,"href":"https:\/\/fojustice.fr\/web\/wp-json\/wp\/v2\/users\/1"}],"replies":[{"embeddable":true,"href":"https:\/\/fojustice.fr\/web\/wp-json\/wp\/v2\/comments?post=51409"}],"version-history":[{"count":1,"href":"https:\/\/fojustice.fr\/web\/wp-json\/wp\/v2\/posts\/51409\/revisions"}],"predecessor-version":[{"id":51411,"href":"https:\/\/fojustice.fr\/web\/wp-json\/wp\/v2\/posts\/51409\/revisions\/51411"}],"wp:featuredmedia":[{"embeddable":true,"href":"https:\/\/fojustice.fr\/web\/wp-json\/wp\/v2\/media\/24138"}],"wp:attachment":[{"href":"https:\/\/fojustice.fr\/web\/wp-json\/wp\/v2\/media?parent=51409"}],"wp:term":[{"taxonomy":"category","embeddable":true,"href":"https:\/\/fojustice.fr\/web\/wp-json\/wp\/v2\/categories?post=51409"},{"taxonomy":"post_tag","embeddable":true,"href":"https:\/\/fojustice.fr\/web\/wp-json\/wp\/v2\/tags?post=51409"}],"curies":[{"name":"wp","href":"https:\/\/api.w.org\/{rel}","templated":true}]}}