{"id":51406,"date":"2026-08-31T11:39:03","date_gmt":"2026-08-31T09:39:03","guid":{"rendered":"https:\/\/fojustice.fr\/web\/?p=51406"},"modified":"2026-08-31T11:39:03","modified_gmt":"2026-08-31T09:39:03","slug":"prison-de-val-de-reuil-1-semaine-2-incidents-6-blesses","status":"publish","type":"post","link":"https:\/\/fojustice.fr\/web\/prison-de-val-de-reuil-1-semaine-2-incidents-6-blesses\/","title":{"rendered":"Prison de Val-de-Reuil : 1 semaine, 2 incidents, 6 bless\u00e9s !"},"content":{"rendered":"<p class=\"p1\"><span style=\"text-decoration: underline;\"><b>MARDI : AGRESSION VIOLENTE AU QUARTIER DES ARRIVANTS.<\/b><\/span><\/p>\n<p class=\"p1\">Lors de la distribution des m\u00e9dicaments au QA, un d\u00e9tenu a violemment agress\u00e9 un coll\u00e8gue. Plusieurs coups de poing ont \u00e9t\u00e9 port\u00e9s. Le d\u00e9tenu a \u00e9galement tent\u00e9 de projeter le chariot de repas sur le personnel et a arrach\u00e9 l\u2019uniforme du coll\u00e8gue.<\/p>\n<p class=\"p1\">Lors de la ma\u00eetrise, deux autres personnels ont \u00e9galement \u00e9t\u00e9 gravement bless\u00e9s. Les coll\u00e8gues souffrent de nombreuses contusions et restent profond\u00e9ment choqu\u00e9s par la violence des faits.<\/p>\n<p class=\"p1\">Une infirmi\u00e8re de l\u2019USS pr\u00e9sente au moment des faits a \u00e9galement \u00e9t\u00e9 directement confront\u00e9e \u00e0 cette agression et a rapidement d\u00e9clench\u00e9 son alarme. Plus grave encore, la localisation de n\u2019a pas fonctionn\u00e9 correctement !<\/p>\n<p class=\"p2\" style=\"text-align: center;\"><span style=\"color: #ff0000;\"><b>FO JUSTICE D\u00c9NONCE L\u2019AFFECTATION DE PROFILS INADAPT\u00c9S AU <\/b><b>QUARTIER DES ARRIVANTS.<\/b><\/span><\/p>\n<p class=\"p3\" style=\"text-align: center;\"><span style=\"color: #ff0000;\"><b>Le QA n\u2019a pas vocation \u00e0 devenir un quartier disciplinaire ou sanitaire de <\/b><b>substitution.<\/b><\/span><\/p>\n<p class=\"p1\"><span style=\"text-decoration: underline;\"><b>VENDREDI : Nouvelles agressions, 3 coll\u00e8gues bless\u00e9s !<\/b><\/span><\/p>\n<p class=\"p1\">Quelques jours seulement apr\u00e8s cette agression, une mise en pr\u00e9vention s\u2019est mal d\u00e9roul\u00e9e.<\/p>\n<p class=\"p1\">Trois agents ont \u00e9t\u00e9 bless\u00e9s et pris en charge \u00e0 l\u2019h\u00f4pital. Choc \u00e0 la t\u00eate, entorse au poignet et multiples contusions.<\/p>\n<p class=\"p4\" style=\"text-align: center;\"><span style=\"color: #ff0000;\"><b>En l\u2019espace de quelques jours, ce sont donc SIX AGENTS qui se retrouvent bless\u00e9s \u00e0 la suite de <\/b><b>deux \u00e9v\u00e9nements distincts.<\/b><\/span><\/p>\n<p class=\"p5\" style=\"text-align: center;\"><span style=\"color: #ff0000;\"><b>SIX COLL\u00c8GUES EN UNE SEMAINE !!!!<\/b><\/span><\/p>\n<p class=\"p6\" style=\"text-align: center;\"><strong>Pour FO Justice, il n\u2019est plus question de banaliser ces \u00e9v\u00e9nements ou de les consid\u00e9rer comme de simples accidents du quotidien.<\/strong><\/p>\n<p class=\"p1\"><span style=\"text-decoration: underline;\"><b>CE LUNDI MATIN, LES PERSONNELS ONT D\u00c9BRAY\u00c9S.<\/b><\/span><\/p>\n<p class=\"p1\">Ce d\u00e9brayage est un acte de soutien envers nos six coll\u00e8gues bless\u00e9s, mais \u00e9galement un signal clair adress\u00e9 \u00e0 l\u2019administration : <b>LES PERSONNELS EN ONT ASSEZ DE SUBIR.<\/b><\/p>\n<p class=\"p1\" style=\"text-align: center;\"><span style=\"text-decoration: underline;\"><b>Merci \u00e0 tous les personnels ayant particip\u00e9s \u00e0 ce mouvement de contestation et de soutien !<\/b><\/span><\/p>\n<p class=\"p7\" style=\"text-align: center;\"><span style=\"color: #ff0000;\"><b>FO JUSTICE EXIGE DES MESURES IMM\u00c9DIATES.<\/b><\/span><\/p>\n<p class=\"p1\">Nous exigeons l\u2019arr\u00eat imm\u00e9diat des placements de profils disciplinaires ou sanitaires inadapt\u00e9s au Quartier des Arrivants, d\u00e8s aujourd\u2019hui !<\/p>\n<p class=\"p8\">Nous exigeons le transfert imm\u00e9diat des d\u00e9tenus auteur des agressions !<\/p>\n<p class=\"p8\">Nous exigeons des sanctions administratives exemplaires \u00e0 la hauteur de la gravit\u00e9 des faits.<\/p>\n<p class=\"p8\">Nous exigeons que les suites p\u00e9nales soient engag\u00e9es et que les auteurs r\u00e9pondent pleinement de leurs agressions devant la justice.<\/p>\n<p class=\"p8\">Nous exigeons la remise en \u00e9tat rapide des cellules CPROU<\/p>\n<p class=\"p8\">Nous exigeons de la direction interr\u00e9gionale de RENNES et de la DGAP que notre \u00e9tablissement soit enfin pris en compte dans les arbitrages budg\u00e9taires ! Oui, notre \u00e9tablissement devient un v\u00e9ritable coupe-gorge, des zones de d\u00e9tentions enti\u00e8res ne sont toujours pas couvertes par la vid\u00e9o surveillance alors que les agents doivent g\u00e9rer \u00e0 eux seuls des unit\u00e9s d\u2019h\u00e9bergements gangren\u00e9s par la violence et les trafics en tout genre !<\/p>\n<p class=\"p8\" style=\"text-align: center;\"><strong>OUI, Val de Reuil est peut-\u00eatre le plus grand CD de France mais il en devient surtout le moins s\u00e9curitaire !<\/strong><\/p>\n<p class=\"p9\" style=\"text-align: center;\"><span style=\"color: #ff0000;\"><strong>SIX AGENTS BLESS\u00c9S EN UNE SEMAINE : CE N\u2019EST PAS LA NORMALIT\u00c9 !<\/strong><\/span><\/p>\n<p class=\"p9\" style=\"text-align: center;\"><span style=\"color: #ff0000;\"><strong>FO Justice souhaite un prompt r\u00e9tablissement \u00e0 nos camarades et se portent \u00e0 leurs cot\u00e9s afin de les aider dans les d\u00e9marchent n\u00e9cessaire pour faire valoir leur droit !<\/strong><\/span><\/p>\n<p class=\"p10\" style=\"text-align: center;\"><strong>FO Justice continuera de se mobiliser pour que les coll\u00e8gues puissent exercer leur m\u00e9tier dans des conditions dignes et s\u00e9curis\u00e9es.<\/strong><\/p>\n<p><a href=\"https:\/\/fojustice.fr\/web\/wp-content\/uploads\/2026\/08\/1-semaine-2-incidents-6-blesses.pdf\">Lire le communiqu\u00e9<\/a><\/p>\n","protected":false},"excerpt":{"rendered":"<p>MARDI : AGRESSION VIOLENTE AU QUARTIER DES ARRIVANTS. Lors de la distribution des m\u00e9dicaments au QA, un d\u00e9tenu a violemment agress\u00e9 un coll\u00e8gue. Plusieurs coups de poing ont \u00e9t\u00e9 port\u00e9s. Le d\u00e9tenu a \u00e9galement tent\u00e9 de projeter le chariot de repas sur le personnel et a arrach\u00e9 l\u2019uniforme du coll\u00e8gue. Lors de la ma\u00eetrise, deux [&hellip;]<\/p>\n","protected":false},"author":1,"featured_media":17284,"comment_status":"open","ping_status":"open","sticky":false,"template":"","format":"standard","meta":{"_angie_page":false,"_jetpack_newsletter_access":"","_jetpack_dont_email_post_to_subs":true,"_jetpack_newsletter_tier_id":0,"_jetpack_memberships_contains_paywalled_content":false,"page_builder":"","_jetpack_feature_clip_id":0,"_jetpack_memberships_contains_paid_content":false,"footnotes":"","jetpack_post_was_ever_published":false,"_members_access_role":[],"_members_access_error":""},"categories":[35],"tags":[],"class_list":["post-51406","post","type-post","status-publish","format-standard","has-post-thumbnail","hentry","category-disp-rennes"],"yoast_head":"<!-- This site is optimized with the Yoast SEO plugin v28.3 - https:\/\/yoast.com\/product\/yoast-seo-wordpress\/ -->\n<title>Prison de Val-de-Reuil : 1 semaine, 2 incidents, 6 bless\u00e9s ! - Syndicat FO Justice<\/title>\n<meta name=\"description\" content=\"Syndicat FO Justice - DISP Rennes - Prison de Val-de-Reuil : 1 semaine, 2 incidents, 6 bless\u00e9s !\" \/>\n<meta name=\"robots\" content=\"index, follow, max-snippet:-1, max-image-preview:large, max-video-preview:-1\" \/>\n<link rel=\"canonical\" href=\"https:\/\/fojustice.fr\/web\/prison-de-val-de-reuil-1-semaine-2-incidents-6-blesses\/\" \/>\n<meta property=\"og:locale\" content=\"fr_FR\" \/>\n<meta property=\"og:type\" content=\"article\" \/>\n<meta property=\"og:title\" content=\"Prison de Val-de-Reuil : 1 semaine, 2 incidents, 6 bless\u00e9s ! - Syndicat FO Justice\" \/>\n<meta property=\"og:description\" content=\"Syndicat FO Justice - DISP Rennes - Prison de Val-de-Reuil : 1 semaine, 2 incidents, 6 bless\u00e9s !\" \/>\n<meta property=\"og:url\" content=\"https:\/\/fojustice.fr\/web\/prison-de-val-de-reuil-1-semaine-2-incidents-6-blesses\/\" \/>\n<meta property=\"og:site_name\" content=\"Syndicat FO Justice\" \/>\n<meta property=\"article:publisher\" content=\"https:\/\/www.facebook.com\/SyndicatFoJustice\" \/>\n<meta property=\"article:published_time\" content=\"2026-08-31T09:39:03+00:00\" \/>\n<meta property=\"og:image\" content=\"https:\/\/fojustice.fr\/web\/wp-content\/uploads\/2023\/11\/Val-de-Reuil.png\" \/>\n\t<meta property=\"og:image:width\" content=\"1200\" \/>\n\t<meta property=\"og:image:height\" content=\"675\" \/>\n\t<meta property=\"og:image:type\" content=\"image\/png\" \/>\n<meta name=\"author\" content=\"adminfojustice\" \/>\n<meta name=\"twitter:card\" content=\"summary_large_image\" \/>\n<meta name=\"twitter:creator\" content=\"@SyndFoJustice\" \/>\n<meta name=\"twitter:site\" content=\"@SyndFoJustice\" \/>\n<meta name=\"twitter:label1\" content=\"\u00c9crit par\" \/>\n\t<meta name=\"twitter:data1\" content=\"adminfojustice\" \/>\n\t<meta name=\"twitter:label2\" content=\"Dur\u00e9e de lecture estim\u00e9e\" \/>\n\t<meta name=\"twitter:data2\" content=\"3 minutes\" \/>\n<script type=\"application\/ld+json\" class=\"yoast-schema-graph\">{\"@context\":\"https:\\\/\\\/schema.org\",\"@graph\":[{\"@type\":\"NewsArticle\",\"@id\":\"https:\\\/\\\/fojustice.fr\\\/web\\\/prison-de-val-de-reuil-1-semaine-2-incidents-6-blesses\\\/#article\",\"isPartOf\":{\"@id\":\"https:\\\/\\\/fojustice.fr\\\/web\\\/prison-de-val-de-reuil-1-semaine-2-incidents-6-blesses\\\/\"},\"author\":{\"name\":\"adminfojustice\",\"@id\":\"https:\\\/\\\/fojustice.fr\\\/web\\\/#\\\/schema\\\/person\\\/a51cb9c3495ce0ca62b78fc96ac3bf9f\"},\"headline\":\"Prison de Val-de-Reuil : 1 semaine, 2 incidents, 6 bless\u00e9s !\",\"datePublished\":\"2026-08-31T09:39:03+00:00\",\"mainEntityOfPage\":{\"@id\":\"https:\\\/\\\/fojustice.fr\\\/web\\\/prison-de-val-de-reuil-1-semaine-2-incidents-6-blesses\\\/\"},\"wordCount\":573,\"commentCount\":0,\"publisher\":{\"@id\":\"https:\\\/\\\/fojustice.fr\\\/web\\\/#organization\"},\"image\":{\"@id\":\"https:\\\/\\\/fojustice.fr\\\/web\\\/prison-de-val-de-reuil-1-semaine-2-incidents-6-blesses\\\/#primaryimage\"},\"thumbnailUrl\":\"https:\\\/\\\/fojustice.fr\\\/web\\\/wp-content\\\/uploads\\\/2023\\\/11\\\/Val-de-Reuil.png\",\"articleSection\":[\"DISP Rennes\"],\"inLanguage\":\"fr-FR\",\"potentialAction\":[{\"@type\":\"CommentAction\",\"name\":\"Comment\",\"target\":[\"https:\\\/\\\/fojustice.fr\\\/web\\\/prison-de-val-de-reuil-1-semaine-2-incidents-6-blesses\\\/#respond\"]}]},{\"@type\":\"WebPage\",\"@id\":\"https:\\\/\\\/fojustice.fr\\\/web\\\/prison-de-val-de-reuil-1-semaine-2-incidents-6-blesses\\\/\",\"url\":\"https:\\\/\\\/fojustice.fr\\\/web\\\/prison-de-val-de-reuil-1-semaine-2-incidents-6-blesses\\\/\",\"name\":\"Prison de Val-de-Reuil : 1 semaine, 2 incidents, 6 bless\u00e9s ! - Syndicat FO Justice\",\"isPartOf\":{\"@id\":\"https:\\\/\\\/fojustice.fr\\\/web\\\/#website\"},\"primaryImageOfPage\":{\"@id\":\"https:\\\/\\\/fojustice.fr\\\/web\\\/prison-de-val-de-reuil-1-semaine-2-incidents-6-blesses\\\/#primaryimage\"},\"image\":{\"@id\":\"https:\\\/\\\/fojustice.fr\\\/web\\\/prison-de-val-de-reuil-1-semaine-2-incidents-6-blesses\\\/#primaryimage\"},\"thumbnailUrl\":\"https:\\\/\\\/fojustice.fr\\\/web\\\/wp-content\\\/uploads\\\/2023\\\/11\\\/Val-de-Reuil.png\",\"datePublished\":\"2026-08-31T09:39:03+00:00\",\"description\":\"Syndicat FO Justice - DISP Rennes - Prison de Val-de-Reuil : 1 semaine, 2 incidents, 6 bless\u00e9s !\",\"breadcrumb\":{\"@id\":\"https:\\\/\\\/fojustice.fr\\\/web\\\/prison-de-val-de-reuil-1-semaine-2-incidents-6-blesses\\\/#breadcrumb\"},\"inLanguage\":\"fr-FR\",\"potentialAction\":[{\"@type\":\"ReadAction\",\"target\":[\"https:\\\/\\\/fojustice.fr\\\/web\\\/prison-de-val-de-reuil-1-semaine-2-incidents-6-blesses\\\/\"]}]},{\"@type\":\"ImageObject\",\"inLanguage\":\"fr-FR\",\"@id\":\"https:\\\/\\\/fojustice.fr\\\/web\\\/prison-de-val-de-reuil-1-semaine-2-incidents-6-blesses\\\/#primaryimage\",\"url\":\"https:\\\/\\\/fojustice.fr\\\/web\\\/wp-content\\\/uploads\\\/2023\\\/11\\\/Val-de-Reuil.png\",\"contentUrl\":\"https:\\\/\\\/fojustice.fr\\\/web\\\/wp-content\\\/uploads\\\/2023\\\/11\\\/Val-de-Reuil.png\",\"width\":1200,\"height\":675},{\"@type\":\"BreadcrumbList\",\"@id\":\"https:\\\/\\\/fojustice.fr\\\/web\\\/prison-de-val-de-reuil-1-semaine-2-incidents-6-blesses\\\/#breadcrumb\",\"itemListElement\":[{\"@type\":\"ListItem\",\"position\":1,\"name\":\"Accueil\",\"item\":\"https:\\\/\\\/fojustice.fr\\\/web\\\/\"},{\"@type\":\"ListItem\",\"position\":2,\"name\":\"Prison de Val-de-Reuil : 1 semaine, 2 incidents, 6 bless\u00e9s !\"}]},{\"@type\":\"WebSite\",\"@id\":\"https:\\\/\\\/fojustice.fr\\\/web\\\/#website\",\"url\":\"https:\\\/\\\/fojustice.fr\\\/web\\\/\",\"name\":\"Syndicat FO Justice\",\"description\":\"Site du Syndicat National FO Justice\",\"publisher\":{\"@id\":\"https:\\\/\\\/fojustice.fr\\\/web\\\/#organization\"},\"alternateName\":\"Syndicat National FO Justice\",\"potentialAction\":[{\"@type\":\"SearchAction\",\"target\":{\"@type\":\"EntryPoint\",\"urlTemplate\":\"https:\\\/\\\/fojustice.fr\\\/web\\\/?s={search_term_string}\"},\"query-input\":{\"@type\":\"PropertyValueSpecification\",\"valueRequired\":true,\"valueName\":\"search_term_string\"}}],\"inLanguage\":\"fr-FR\"},{\"@type\":\"Organization\",\"@id\":\"https:\\\/\\\/fojustice.fr\\\/web\\\/#organization\",\"name\":\"Syndicat National FO Justice\",\"alternateName\":\"Syndicat National FO Justice\",\"url\":\"https:\\\/\\\/fojustice.fr\\\/web\\\/\",\"logo\":{\"@type\":\"ImageObject\",\"inLanguage\":\"fr-FR\",\"@id\":\"https:\\\/\\\/fojustice.fr\\\/web\\\/#\\\/schema\\\/logo\\\/image\\\/\",\"url\":\"https:\\\/\\\/fojustice.fr\\\/web\\\/wp-content\\\/uploads\\\/2022\\\/03\\\/logo-fo-justice.png\",\"contentUrl\":\"https:\\\/\\\/fojustice.fr\\\/web\\\/wp-content\\\/uploads\\\/2022\\\/03\\\/logo-fo-justice.png\",\"width\":800,\"height\":800,\"caption\":\"Syndicat National FO Justice\"},\"image\":{\"@id\":\"https:\\\/\\\/fojustice.fr\\\/web\\\/#\\\/schema\\\/logo\\\/image\\\/\"},\"sameAs\":[\"https:\\\/\\\/www.facebook.com\\\/SyndicatFoJustice\",\"https:\\\/\\\/x.com\\\/SyndFoJustice\"]},{\"@type\":\"Person\",\"@id\":\"https:\\\/\\\/fojustice.fr\\\/web\\\/#\\\/schema\\\/person\\\/a51cb9c3495ce0ca62b78fc96ac3bf9f\",\"name\":\"adminfojustice\",\"image\":{\"@type\":\"ImageObject\",\"inLanguage\":\"fr-FR\",\"@id\":\"https:\\\/\\\/secure.gravatar.com\\\/avatar\\\/368884c0ecc46e53d83c0c3c0af4c6c30a6bbc2aab7535848950f43a950bfd4e?s=96&d=mm&r=g\",\"url\":\"https:\\\/\\\/secure.gravatar.com\\\/avatar\\\/368884c0ecc46e53d83c0c3c0af4c6c30a6bbc2aab7535848950f43a950bfd4e?s=96&d=mm&r=g\",\"contentUrl\":\"https:\\\/\\\/secure.gravatar.com\\\/avatar\\\/368884c0ecc46e53d83c0c3c0af4c6c30a6bbc2aab7535848950f43a950bfd4e?s=96&d=mm&r=g\",\"caption\":\"adminfojustice\"},\"sameAs\":[\"https:\\\/\\\/www.fojustice.fr\\\/web\"],\"url\":\"https:\\\/\\\/fojustice.fr\\\/web\\\/author\\\/adminfojustice\\\/\"}]}<\/script>\n<!-- \/ Yoast SEO plugin. -->","yoast_head_json":{"title":"Prison de Val-de-Reuil : 1 semaine, 2 incidents, 6 bless\u00e9s ! - Syndicat FO Justice","description":"Syndicat FO Justice - DISP Rennes - Prison de Val-de-Reuil : 1 semaine, 2 incidents, 6 bless\u00e9s !","robots":{"index":"index","follow":"follow","max-snippet":"max-snippet:-1","max-image-preview":"max-image-preview:large","max-video-preview":"max-video-preview:-1"},"canonical":"https:\/\/fojustice.fr\/web\/prison-de-val-de-reuil-1-semaine-2-incidents-6-blesses\/","og_locale":"fr_FR","og_type":"article","og_title":"Prison de Val-de-Reuil : 1 semaine, 2 incidents, 6 bless\u00e9s ! - Syndicat FO Justice","og_description":"Syndicat FO Justice - DISP Rennes - Prison de Val-de-Reuil : 1 semaine, 2 incidents, 6 bless\u00e9s !","og_url":"https:\/\/fojustice.fr\/web\/prison-de-val-de-reuil-1-semaine-2-incidents-6-blesses\/","og_site_name":"Syndicat FO Justice","article_publisher":"https:\/\/www.facebook.com\/SyndicatFoJustice","article_published_time":"2026-08-31T09:39:03+00:00","og_image":[{"width":1200,"height":675,"url":"https:\/\/fojustice.fr\/web\/wp-content\/uploads\/2023\/11\/Val-de-Reuil.png","type":"image\/png"}],"author":"adminfojustice","twitter_card":"summary_large_image","twitter_creator":"@SyndFoJustice","twitter_site":"@SyndFoJustice","twitter_misc":{"\u00c9crit par":"adminfojustice","Dur\u00e9e de lecture estim\u00e9e":"3 minutes"},"schema":{"@context":"https:\/\/schema.org","@graph":[{"@type":"NewsArticle","@id":"https:\/\/fojustice.fr\/web\/prison-de-val-de-reuil-1-semaine-2-incidents-6-blesses\/#article","isPartOf":{"@id":"https:\/\/fojustice.fr\/web\/prison-de-val-de-reuil-1-semaine-2-incidents-6-blesses\/"},"author":{"name":"adminfojustice","@id":"https:\/\/fojustice.fr\/web\/#\/schema\/person\/a51cb9c3495ce0ca62b78fc96ac3bf9f"},"headline":"Prison de Val-de-Reuil : 1 semaine, 2 incidents, 6 bless\u00e9s !","datePublished":"2026-08-31T09:39:03+00:00","mainEntityOfPage":{"@id":"https:\/\/fojustice.fr\/web\/prison-de-val-de-reuil-1-semaine-2-incidents-6-blesses\/"},"wordCount":573,"commentCount":0,"publisher":{"@id":"https:\/\/fojustice.fr\/web\/#organization"},"image":{"@id":"https:\/\/fojustice.fr\/web\/prison-de-val-de-reuil-1-semaine-2-incidents-6-blesses\/#primaryimage"},"thumbnailUrl":"https:\/\/fojustice.fr\/web\/wp-content\/uploads\/2023\/11\/Val-de-Reuil.png","articleSection":["DISP Rennes"],"inLanguage":"fr-FR","potentialAction":[{"@type":"CommentAction","name":"Comment","target":["https:\/\/fojustice.fr\/web\/prison-de-val-de-reuil-1-semaine-2-incidents-6-blesses\/#respond"]}]},{"@type":"WebPage","@id":"https:\/\/fojustice.fr\/web\/prison-de-val-de-reuil-1-semaine-2-incidents-6-blesses\/","url":"https:\/\/fojustice.fr\/web\/prison-de-val-de-reuil-1-semaine-2-incidents-6-blesses\/","name":"Prison de Val-de-Reuil : 1 semaine, 2 incidents, 6 bless\u00e9s ! - Syndicat FO Justice","isPartOf":{"@id":"https:\/\/fojustice.fr\/web\/#website"},"primaryImageOfPage":{"@id":"https:\/\/fojustice.fr\/web\/prison-de-val-de-reuil-1-semaine-2-incidents-6-blesses\/#primaryimage"},"image":{"@id":"https:\/\/fojustice.fr\/web\/prison-de-val-de-reuil-1-semaine-2-incidents-6-blesses\/#primaryimage"},"thumbnailUrl":"https:\/\/fojustice.fr\/web\/wp-content\/uploads\/2023\/11\/Val-de-Reuil.png","datePublished":"2026-08-31T09:39:03+00:00","description":"Syndicat FO Justice - DISP Rennes - Prison de Val-de-Reuil : 1 semaine, 2 incidents, 6 bless\u00e9s !","breadcrumb":{"@id":"https:\/\/fojustice.fr\/web\/prison-de-val-de-reuil-1-semaine-2-incidents-6-blesses\/#breadcrumb"},"inLanguage":"fr-FR","potentialAction":[{"@type":"ReadAction","target":["https:\/\/fojustice.fr\/web\/prison-de-val-de-reuil-1-semaine-2-incidents-6-blesses\/"]}]},{"@type":"ImageObject","inLanguage":"fr-FR","@id":"https:\/\/fojustice.fr\/web\/prison-de-val-de-reuil-1-semaine-2-incidents-6-blesses\/#primaryimage","url":"https:\/\/fojustice.fr\/web\/wp-content\/uploads\/2023\/11\/Val-de-Reuil.png","contentUrl":"https:\/\/fojustice.fr\/web\/wp-content\/uploads\/2023\/11\/Val-de-Reuil.png","width":1200,"height":675},{"@type":"BreadcrumbList","@id":"https:\/\/fojustice.fr\/web\/prison-de-val-de-reuil-1-semaine-2-incidents-6-blesses\/#breadcrumb","itemListElement":[{"@type":"ListItem","position":1,"name":"Accueil","item":"https:\/\/fojustice.fr\/web\/"},{"@type":"ListItem","position":2,"name":"Prison de Val-de-Reuil : 1 semaine, 2 incidents, 6 bless\u00e9s !"}]},{"@type":"WebSite","@id":"https:\/\/fojustice.fr\/web\/#website","url":"https:\/\/fojustice.fr\/web\/","name":"Syndicat FO Justice","description":"Site du Syndicat National FO Justice","publisher":{"@id":"https:\/\/fojustice.fr\/web\/#organization"},"alternateName":"Syndicat National FO Justice","potentialAction":[{"@type":"SearchAction","target":{"@type":"EntryPoint","urlTemplate":"https:\/\/fojustice.fr\/web\/?s={search_term_string}"},"query-input":{"@type":"PropertyValueSpecification","valueRequired":true,"valueName":"search_term_string"}}],"inLanguage":"fr-FR"},{"@type":"Organization","@id":"https:\/\/fojustice.fr\/web\/#organization","name":"Syndicat National FO Justice","alternateName":"Syndicat National FO Justice","url":"https:\/\/fojustice.fr\/web\/","logo":{"@type":"ImageObject","inLanguage":"fr-FR","@id":"https:\/\/fojustice.fr\/web\/#\/schema\/logo\/image\/","url":"https:\/\/fojustice.fr\/web\/wp-content\/uploads\/2022\/03\/logo-fo-justice.png","contentUrl":"https:\/\/fojustice.fr\/web\/wp-content\/uploads\/2022\/03\/logo-fo-justice.png","width":800,"height":800,"caption":"Syndicat National FO Justice"},"image":{"@id":"https:\/\/fojustice.fr\/web\/#\/schema\/logo\/image\/"},"sameAs":["https:\/\/www.facebook.com\/SyndicatFoJustice","https:\/\/x.com\/SyndFoJustice"]},{"@type":"Person","@id":"https:\/\/fojustice.fr\/web\/#\/schema\/person\/a51cb9c3495ce0ca62b78fc96ac3bf9f","name":"adminfojustice","image":{"@type":"ImageObject","inLanguage":"fr-FR","@id":"https:\/\/secure.gravatar.com\/avatar\/368884c0ecc46e53d83c0c3c0af4c6c30a6bbc2aab7535848950f43a950bfd4e?s=96&d=mm&r=g","url":"https:\/\/secure.gravatar.com\/avatar\/368884c0ecc46e53d83c0c3c0af4c6c30a6bbc2aab7535848950f43a950bfd4e?s=96&d=mm&r=g","contentUrl":"https:\/\/secure.gravatar.com\/avatar\/368884c0ecc46e53d83c0c3c0af4c6c30a6bbc2aab7535848950f43a950bfd4e?s=96&d=mm&r=g","caption":"adminfojustice"},"sameAs":["https:\/\/www.fojustice.fr\/web"],"url":"https:\/\/fojustice.fr\/web\/author\/adminfojustice\/"}]}},"jetpack_shortlink":"https:\/\/wp.me\/pdNWl1-dn8","jetpack_sharing_enabled":true,"jetpack_featured_media_url":"https:\/\/fojustice.fr\/web\/wp-content\/uploads\/2023\/11\/Val-de-Reuil.png","_links":{"self":[{"href":"https:\/\/fojustice.fr\/web\/wp-json\/wp\/v2\/posts\/51406","targetHints":{"allow":["GET"]}}],"collection":[{"href":"https:\/\/fojustice.fr\/web\/wp-json\/wp\/v2\/posts"}],"about":[{"href":"https:\/\/fojustice.fr\/web\/wp-json\/wp\/v2\/types\/post"}],"author":[{"embeddable":true,"href":"https:\/\/fojustice.fr\/web\/wp-json\/wp\/v2\/users\/1"}],"replies":[{"embeddable":true,"href":"https:\/\/fojustice.fr\/web\/wp-json\/wp\/v2\/comments?post=51406"}],"version-history":[{"count":1,"href":"https:\/\/fojustice.fr\/web\/wp-json\/wp\/v2\/posts\/51406\/revisions"}],"predecessor-version":[{"id":51408,"href":"https:\/\/fojustice.fr\/web\/wp-json\/wp\/v2\/posts\/51406\/revisions\/51408"}],"wp:featuredmedia":[{"embeddable":true,"href":"https:\/\/fojustice.fr\/web\/wp-json\/wp\/v2\/media\/17284"}],"wp:attachment":[{"href":"https:\/\/fojustice.fr\/web\/wp-json\/wp\/v2\/media?parent=51406"}],"wp:term":[{"taxonomy":"category","embeddable":true,"href":"https:\/\/fojustice.fr\/web\/wp-json\/wp\/v2\/categories?post=51406"},{"taxonomy":"post_tag","embeddable":true,"href":"https:\/\/fojustice.fr\/web\/wp-json\/wp\/v2\/tags?post=51406"}],"curies":[{"name":"wp","href":"https:\/\/api.w.org\/{rel}","templated":true}]}}