{"id":51403,"date":"2026-08-31T11:33:33","date_gmt":"2026-08-31T09:33:33","guid":{"rendered":"https:\/\/fojustice.fr\/web\/?p=51403"},"modified":"2026-08-31T11:33:33","modified_gmt":"2026-08-31T09:33:33","slug":"prison-de-fleury-merogis-conges-bonifies-les-agents-ne-doivent-pas-etre-les-victimes-des-delais-administratifs","status":"publish","type":"post","link":"https:\/\/fojustice.fr\/web\/prison-de-fleury-merogis-conges-bonifies-les-agents-ne-doivent-pas-etre-les-victimes-des-delais-administratifs\/","title":{"rendered":"Prison de Fleury-M\u00e9rogis : Cong\u00e9s bonifi\u00e9s, les agents ne doivent pas \u00eatre les victimes des d\u00e9lais administratifs !"},"content":{"rendered":"<p class=\"p1\"><span style=\"color: #ff0000;\"><strong><span class=\"s1\">Force Ouvri\u00e8re Justice <\/span><\/strong><\/span>d\u00e9nonce fermement les d\u00e9lais impos\u00e9s localement par la DRH du<\/p>\n<p class=\"p1\">Centre p\u00e9nitentiaire de Fleury-M\u00e9rogis dans le cadre de la campagne des cong\u00e9s bonifi\u00e9s \u00e9t\u00e9 2027.<\/p>\n<p class=\"p1\">Une note de service locale du 14 ao\u00fbt 2026 impose aux agents de transmettre leur dossier complet au plus tard le 1er septembre 2026.<\/p>\n<p class=\"p1\">Cette exigence locale est d&#8217;autant plus incompr\u00e9hensible qu&#8217;elle ne correspond pas au calendrier de gestion DGAP communiqu\u00e9 pour la campagne des cong\u00e9s bonifi\u00e9s.<\/p>\n<p class=\"p1\"><span style=\"text-decoration: underline;\"><strong>UNE DATE OFFICIELLE POUR LES AGENTS : 14 SEPTEMBRE 2026<\/strong><\/span><\/p>\n<p class=\"p1\">Le calendrier DGAP pr\u00e9voit clairement :<\/p>\n<p class=\"p1\"><strong>14 septembre 2026 :<\/strong> date limite de d\u00e9p\u00f4t du dossier complet par l\u2019agent aupr\u00e8s de son \u00e9tablissement.<\/p>\n<p class=\"p1\"><strong>23 septembre 2026 :<\/strong> date limite de d\u00e9p\u00f4t du dossier complet par les structures aupr\u00e8s de la DISP.<\/p>\n<p class=\"p1\"><strong>5 octobre 2026 :<\/strong> transmission de l\u2019ensemble des dossiers au bureau RH7.<\/p>\n<p class=\"p2\"><span style=\"color: #ff0000;\"><strong>Force Ouvri\u00e8re Justice demande donc que la date du 14 septembre 2026 soit pleinement respect\u00e9e pour les personnels de Fleury-M\u00e9rogis.<\/strong><\/span><\/p>\n<p class=\"p1\">Nous pouvons parfaitement comprendre les imp\u00e9ratifs de gestion, de contr\u00f4le et d&#8217;organisation des services RH de proximit\u00e9.<\/p>\n<p class=\"p1\">Mais ces contraintes administratives ne doivent en aucun cas \u00eatre report\u00e9es sur les agents et se traduire par une restriction de leurs droits.<\/p>\n<p class=\"p1\">La constitution d&#8217;un dossier de cong\u00e9 bonifi\u00e9 peut n\u00e9cessiter de nombreuses d\u00e9marches administratives : Obtention de pi\u00e8ces justificatives, documents familiaux, justificatifs de r\u00e9sidence, d\u00e9marches aupr\u00e8s de diff\u00e9rentes administrations ou organismes, parfois \u00e0 plusieurs milliers de kilom\u00e8tres de l\u2019Hexagone.<\/p>\n<p class=\"p1\">Imposer aux personnels <span style=\"text-decoration: underline;\"><strong>un dossier \u00ab complet \u00bb<\/strong><\/span> au 1er septembre, alors que le calendrier DGAP fixe au 14 septembre la date limite de d\u00e9p\u00f4t par l&#8217;agent, revient \u00e0 r\u00e9duire de mani\u00e8re significative le temps dont disposent les personnels pour faire valoir leur droit.<\/p>\n<p class=\"p1\"><strong><span class=\"s1\" style=\"color: #ff0000;\">Force Ouvri\u00e8re Justice <\/span><\/strong>refuse que les agents \u00e9ligibles soient p\u00e9nalis\u00e9s pour permettre \u00e0 l&#8217;administration de gagner quelques jours dans son organisation interne.<\/p>\n<p class=\"p1\">Les d\u00e9lais de transmission entre la DRH locale, la DISP et la DGAP rel\u00e8vent de l&#8217;organisation administrative.<\/p>\n<p class=\"p1\">Ils ne doivent pas devenir une raison pour amputer le d\u00e9lai dont disposent les personnels pour constituer leur dossier.<\/p>\n<p class=\"p2\"><strong><span style=\"color: #ff0000;\">Force Ouvri\u00e8re Justice<\/span><\/strong> <span class=\"s2\">exige :<\/span><\/p>\n<p class=\"p1\"><span style=\"text-decoration: underline;\"><strong>\u2022 Le respect du calendrier DGAP<\/strong><\/span> et notamment de la date du 14 septembre 2026 pour le d\u00e9p\u00f4t des dossiers par les agents ;<\/p>\n<p class=\"p1\"><span style=\"text-decoration: underline;\"><strong>\u2022 La modification imm\u00e9diate de la consigne locale<\/strong><\/span> fixant au 1er septembre la transmission des dossiers complets ;<\/p>\n<p class=\"p1\"><span style=\"text-decoration: underline;\"><strong>\u2022 Qu&#8217;aucun agent \u00e9ligible ne soit \u00e9cart\u00e9 ou p\u00e9nalis\u00e9<\/strong><\/span> au seul motif qu&#8217;il n&#8217;a pas pu fournir un dossier complet au 1er septembre ;<\/p>\n<p class=\"p1\">\u2022 Que les personnels b\u00e9n\u00e9ficient de l&#8217;int\u00e9gralit\u00e9 du d\u00e9lai pr\u00e9vu par le calendrier de gestion ;<\/p>\n<p class=\"p1\">\u2022 Que les contraintes d&#8217;organisation des services RH soient trait\u00e9es entre les diff\u00e9rents niveaux administratifs sans faire peser leurs cons\u00e9quences sur les droits des agents.<\/p>\n<p class=\"p1\"><strong>UN DROIT \u00c0 FAIRE RESPECTER, PAS UNE FAVEUR \u00c0 QU\u00c9MANDER !<\/strong><\/p>\n<p class=\"p1\"><strong><span class=\"s1\" style=\"color: #ff0000;\">Force Ouvri\u00e8re Justice <\/span><\/strong>restera particuli\u00e8rement vigilant sur cette campagne.<\/p>\n<p class=\"p1\">Les cong\u00e9s bonifi\u00e9s constituent un droit pour les agents qui remplissent les conditions d\u2019\u00e9ligibilit\u00e9.<\/p>\n<p class=\"p1\">L&#8217;administration doit organiser ses services en fonction des droits des personnels, et non demander aux personnels de renoncer \u00e0 une partie de leurs d\u00e9lais pour faciliter son propre fonctionnement.<\/p>\n<p class=\"p1\">Les agents ne seront pas les boucs \u00e9missaires des contraintes administratives.<\/p>\n<p class=\"p1\"><span style=\"text-decoration: underline;\"><strong>Le 14 septembre est la date pr\u00e9vue pour le d\u00e9p\u00f4t des dossiers par les agents.<\/strong><\/span><\/p>\n<p class=\"p1\"><span style=\"text-decoration: underline;\"><strong>FO Justice demande que cette date soit respect\u00e9e \u00e0 Fleury-M\u00e9rogis.<\/strong><\/span><\/p>\n<p class=\"p3\"><span style=\"color: #ff0000;\"><strong>D\u00c9FENDRE LES DROITS DES PERSONNELS, C\u2019EST AUSSI REFUSER LES D\u00c9LAIS INJUSTIFI\u00c9S !<\/strong><\/span><\/p>\n<p class=\"p4\"><span class=\"s1\" style=\"color: #ff0000;\"><b>Force Ouvri\u00e8re justice <\/b><\/span><b>convoque le mardi 08 septembre au foyer C \u00e0 19h <\/b><b>une assembl\u00e9e g\u00e9n\u00e9rale sur les difficult\u00e9s portant sur les cong\u00e9s bonifi\u00e9s.<\/b><\/p>\n<p><a href=\"https:\/\/fojustice.fr\/web\/wp-content\/uploads\/2026\/08\/Tract-FO-Justice-Conges-bonifies-Delais-hors-clous-.pdf\">Lire le communiqu\u00e9<\/a><\/p>\n","protected":false},"excerpt":{"rendered":"<p>Force Ouvri\u00e8re Justice d\u00e9nonce fermement les d\u00e9lais impos\u00e9s localement par la DRH du Centre p\u00e9nitentiaire de Fleury-M\u00e9rogis dans le cadre de la campagne des cong\u00e9s bonifi\u00e9s \u00e9t\u00e9 2027. Une note de service locale du 14 ao\u00fbt 2026 impose aux agents de transmettre leur dossier complet au plus tard le 1er septembre 2026. Cette exigence locale [&hellip;]<\/p>\n","protected":false},"author":1,"featured_media":26049,"comment_status":"open","ping_status":"open","sticky":false,"template":"","format":"standard","meta":{"_angie_page":false,"_jetpack_newsletter_access":"","_jetpack_dont_email_post_to_subs":true,"_jetpack_newsletter_tier_id":0,"_jetpack_memberships_contains_paywalled_content":false,"page_builder":"","_jetpack_feature_clip_id":0,"_jetpack_memberships_contains_paid_content":false,"footnotes":"","jetpack_post_was_ever_published":false,"_members_access_role":[],"_members_access_error":""},"categories":[34],"tags":[],"class_list":["post-51403","post","type-post","status-publish","format-standard","has-post-thumbnail","hentry","category-disp-paris"],"yoast_head":"<!-- This site is optimized with the Yoast SEO plugin v28.3 - https:\/\/yoast.com\/product\/yoast-seo-wordpress\/ -->\n<title>Prison de Fleury-M\u00e9rogis : Cong\u00e9s bonifi\u00e9s, les agents ne doivent pas \u00eatre les victimes des d\u00e9lais administratifs ! - Syndicat FO Justice<\/title>\n<meta name=\"description\" content=\"Syndicat FO Justice - DISP Paris - Prison de Fleury-M\u00e9rogis : Cong\u00e9s bonifi\u00e9s, les agents ne doivent pas \u00eatre les victimes des d\u00e9lais administratifs !\" \/>\n<meta name=\"robots\" content=\"index, follow, max-snippet:-1, max-image-preview:large, max-video-preview:-1\" \/>\n<link rel=\"canonical\" href=\"https:\/\/fojustice.fr\/web\/prison-de-fleury-merogis-conges-bonifies-les-agents-ne-doivent-pas-etre-les-victimes-des-delais-administratifs\/\" \/>\n<meta property=\"og:locale\" content=\"fr_FR\" \/>\n<meta property=\"og:type\" content=\"article\" \/>\n<meta property=\"og:title\" content=\"Prison de Fleury-M\u00e9rogis : Cong\u00e9s bonifi\u00e9s, les agents ne doivent pas \u00eatre les victimes des d\u00e9lais administratifs ! - Syndicat FO Justice\" \/>\n<meta property=\"og:description\" content=\"Syndicat FO Justice - DISP Paris - Prison de Fleury-M\u00e9rogis : Cong\u00e9s bonifi\u00e9s, les agents ne doivent pas \u00eatre les victimes des d\u00e9lais administratifs !\" \/>\n<meta property=\"og:url\" content=\"https:\/\/fojustice.fr\/web\/prison-de-fleury-merogis-conges-bonifies-les-agents-ne-doivent-pas-etre-les-victimes-des-delais-administratifs\/\" \/>\n<meta property=\"og:site_name\" content=\"Syndicat FO Justice\" \/>\n<meta property=\"article:publisher\" content=\"https:\/\/www.facebook.com\/SyndicatFoJustice\" \/>\n<meta property=\"article:published_time\" content=\"2026-08-31T09:33:33+00:00\" \/>\n<meta property=\"og:image\" content=\"https:\/\/fojustice.fr\/web\/wp-content\/uploads\/2024\/08\/Capture-decran-2024-08-30-a-08.27.02.png\" \/>\n\t<meta property=\"og:image:width\" content=\"1156\" \/>\n\t<meta property=\"og:image:height\" content=\"614\" \/>\n\t<meta property=\"og:image:type\" content=\"image\/png\" \/>\n<meta name=\"author\" content=\"adminfojustice\" \/>\n<meta name=\"twitter:card\" content=\"summary_large_image\" \/>\n<meta name=\"twitter:creator\" content=\"@SyndFoJustice\" \/>\n<meta name=\"twitter:site\" content=\"@SyndFoJustice\" \/>\n<meta name=\"twitter:label1\" content=\"\u00c9crit par\" \/>\n\t<meta name=\"twitter:data1\" content=\"adminfojustice\" \/>\n\t<meta name=\"twitter:label2\" content=\"Dur\u00e9e de lecture estim\u00e9e\" \/>\n\t<meta name=\"twitter:data2\" content=\"3 minutes\" \/>\n<script type=\"application\/ld+json\" class=\"yoast-schema-graph\">{\"@context\":\"https:\\\/\\\/schema.org\",\"@graph\":[{\"@type\":\"NewsArticle\",\"@id\":\"https:\\\/\\\/fojustice.fr\\\/web\\\/prison-de-fleury-merogis-conges-bonifies-les-agents-ne-doivent-pas-etre-les-victimes-des-delais-administratifs\\\/#article\",\"isPartOf\":{\"@id\":\"https:\\\/\\\/fojustice.fr\\\/web\\\/prison-de-fleury-merogis-conges-bonifies-les-agents-ne-doivent-pas-etre-les-victimes-des-delais-administratifs\\\/\"},\"author\":{\"name\":\"adminfojustice\",\"@id\":\"https:\\\/\\\/fojustice.fr\\\/web\\\/#\\\/schema\\\/person\\\/a51cb9c3495ce0ca62b78fc96ac3bf9f\"},\"headline\":\"Prison de Fleury-M\u00e9rogis : Cong\u00e9s bonifi\u00e9s, les agents ne doivent pas \u00eatre les victimes des d\u00e9lais administratifs !\",\"datePublished\":\"2026-08-31T09:33:33+00:00\",\"mainEntityOfPage\":{\"@id\":\"https:\\\/\\\/fojustice.fr\\\/web\\\/prison-de-fleury-merogis-conges-bonifies-les-agents-ne-doivent-pas-etre-les-victimes-des-delais-administratifs\\\/\"},\"wordCount\":656,\"commentCount\":0,\"publisher\":{\"@id\":\"https:\\\/\\\/fojustice.fr\\\/web\\\/#organization\"},\"image\":{\"@id\":\"https:\\\/\\\/fojustice.fr\\\/web\\\/prison-de-fleury-merogis-conges-bonifies-les-agents-ne-doivent-pas-etre-les-victimes-des-delais-administratifs\\\/#primaryimage\"},\"thumbnailUrl\":\"https:\\\/\\\/fojustice.fr\\\/web\\\/wp-content\\\/uploads\\\/2024\\\/08\\\/Capture-decran-2024-08-30-a-08.27.02.png\",\"articleSection\":[\"DISP Paris\"],\"inLanguage\":\"fr-FR\",\"potentialAction\":[{\"@type\":\"CommentAction\",\"name\":\"Comment\",\"target\":[\"https:\\\/\\\/fojustice.fr\\\/web\\\/prison-de-fleury-merogis-conges-bonifies-les-agents-ne-doivent-pas-etre-les-victimes-des-delais-administratifs\\\/#respond\"]}]},{\"@type\":\"WebPage\",\"@id\":\"https:\\\/\\\/fojustice.fr\\\/web\\\/prison-de-fleury-merogis-conges-bonifies-les-agents-ne-doivent-pas-etre-les-victimes-des-delais-administratifs\\\/\",\"url\":\"https:\\\/\\\/fojustice.fr\\\/web\\\/prison-de-fleury-merogis-conges-bonifies-les-agents-ne-doivent-pas-etre-les-victimes-des-delais-administratifs\\\/\",\"name\":\"Prison de Fleury-M\u00e9rogis : Cong\u00e9s bonifi\u00e9s, les agents ne doivent pas \u00eatre les victimes des d\u00e9lais administratifs ! - Syndicat FO Justice\",\"isPartOf\":{\"@id\":\"https:\\\/\\\/fojustice.fr\\\/web\\\/#website\"},\"primaryImageOfPage\":{\"@id\":\"https:\\\/\\\/fojustice.fr\\\/web\\\/prison-de-fleury-merogis-conges-bonifies-les-agents-ne-doivent-pas-etre-les-victimes-des-delais-administratifs\\\/#primaryimage\"},\"image\":{\"@id\":\"https:\\\/\\\/fojustice.fr\\\/web\\\/prison-de-fleury-merogis-conges-bonifies-les-agents-ne-doivent-pas-etre-les-victimes-des-delais-administratifs\\\/#primaryimage\"},\"thumbnailUrl\":\"https:\\\/\\\/fojustice.fr\\\/web\\\/wp-content\\\/uploads\\\/2024\\\/08\\\/Capture-decran-2024-08-30-a-08.27.02.png\",\"datePublished\":\"2026-08-31T09:33:33+00:00\",\"description\":\"Syndicat FO Justice - DISP Paris - Prison de Fleury-M\u00e9rogis : Cong\u00e9s bonifi\u00e9s, les agents ne doivent pas \u00eatre les victimes des d\u00e9lais administratifs !\",\"breadcrumb\":{\"@id\":\"https:\\\/\\\/fojustice.fr\\\/web\\\/prison-de-fleury-merogis-conges-bonifies-les-agents-ne-doivent-pas-etre-les-victimes-des-delais-administratifs\\\/#breadcrumb\"},\"inLanguage\":\"fr-FR\",\"potentialAction\":[{\"@type\":\"ReadAction\",\"target\":[\"https:\\\/\\\/fojustice.fr\\\/web\\\/prison-de-fleury-merogis-conges-bonifies-les-agents-ne-doivent-pas-etre-les-victimes-des-delais-administratifs\\\/\"]}]},{\"@type\":\"ImageObject\",\"inLanguage\":\"fr-FR\",\"@id\":\"https:\\\/\\\/fojustice.fr\\\/web\\\/prison-de-fleury-merogis-conges-bonifies-les-agents-ne-doivent-pas-etre-les-victimes-des-delais-administratifs\\\/#primaryimage\",\"url\":\"https:\\\/\\\/fojustice.fr\\\/web\\\/wp-content\\\/uploads\\\/2024\\\/08\\\/Capture-decran-2024-08-30-a-08.27.02.png\",\"contentUrl\":\"https:\\\/\\\/fojustice.fr\\\/web\\\/wp-content\\\/uploads\\\/2024\\\/08\\\/Capture-decran-2024-08-30-a-08.27.02.png\",\"width\":1156,\"height\":614},{\"@type\":\"BreadcrumbList\",\"@id\":\"https:\\\/\\\/fojustice.fr\\\/web\\\/prison-de-fleury-merogis-conges-bonifies-les-agents-ne-doivent-pas-etre-les-victimes-des-delais-administratifs\\\/#breadcrumb\",\"itemListElement\":[{\"@type\":\"ListItem\",\"position\":1,\"name\":\"Accueil\",\"item\":\"https:\\\/\\\/fojustice.fr\\\/web\\\/\"},{\"@type\":\"ListItem\",\"position\":2,\"name\":\"Prison de Fleury-M\u00e9rogis : Cong\u00e9s bonifi\u00e9s, les agents ne doivent pas \u00eatre les victimes des d\u00e9lais administratifs !\"}]},{\"@type\":\"WebSite\",\"@id\":\"https:\\\/\\\/fojustice.fr\\\/web\\\/#website\",\"url\":\"https:\\\/\\\/fojustice.fr\\\/web\\\/\",\"name\":\"Syndicat FO Justice\",\"description\":\"Site du Syndicat National FO Justice\",\"publisher\":{\"@id\":\"https:\\\/\\\/fojustice.fr\\\/web\\\/#organization\"},\"alternateName\":\"Syndicat National FO Justice\",\"potentialAction\":[{\"@type\":\"SearchAction\",\"target\":{\"@type\":\"EntryPoint\",\"urlTemplate\":\"https:\\\/\\\/fojustice.fr\\\/web\\\/?s={search_term_string}\"},\"query-input\":{\"@type\":\"PropertyValueSpecification\",\"valueRequired\":true,\"valueName\":\"search_term_string\"}}],\"inLanguage\":\"fr-FR\"},{\"@type\":\"Organization\",\"@id\":\"https:\\\/\\\/fojustice.fr\\\/web\\\/#organization\",\"name\":\"Syndicat National FO Justice\",\"alternateName\":\"Syndicat National FO Justice\",\"url\":\"https:\\\/\\\/fojustice.fr\\\/web\\\/\",\"logo\":{\"@type\":\"ImageObject\",\"inLanguage\":\"fr-FR\",\"@id\":\"https:\\\/\\\/fojustice.fr\\\/web\\\/#\\\/schema\\\/logo\\\/image\\\/\",\"url\":\"https:\\\/\\\/fojustice.fr\\\/web\\\/wp-content\\\/uploads\\\/2022\\\/03\\\/logo-fo-justice.png\",\"contentUrl\":\"https:\\\/\\\/fojustice.fr\\\/web\\\/wp-content\\\/uploads\\\/2022\\\/03\\\/logo-fo-justice.png\",\"width\":800,\"height\":800,\"caption\":\"Syndicat National FO Justice\"},\"image\":{\"@id\":\"https:\\\/\\\/fojustice.fr\\\/web\\\/#\\\/schema\\\/logo\\\/image\\\/\"},\"sameAs\":[\"https:\\\/\\\/www.facebook.com\\\/SyndicatFoJustice\",\"https:\\\/\\\/x.com\\\/SyndFoJustice\"]},{\"@type\":\"Person\",\"@id\":\"https:\\\/\\\/fojustice.fr\\\/web\\\/#\\\/schema\\\/person\\\/a51cb9c3495ce0ca62b78fc96ac3bf9f\",\"name\":\"adminfojustice\",\"image\":{\"@type\":\"ImageObject\",\"inLanguage\":\"fr-FR\",\"@id\":\"https:\\\/\\\/secure.gravatar.com\\\/avatar\\\/368884c0ecc46e53d83c0c3c0af4c6c30a6bbc2aab7535848950f43a950bfd4e?s=96&d=mm&r=g\",\"url\":\"https:\\\/\\\/secure.gravatar.com\\\/avatar\\\/368884c0ecc46e53d83c0c3c0af4c6c30a6bbc2aab7535848950f43a950bfd4e?s=96&d=mm&r=g\",\"contentUrl\":\"https:\\\/\\\/secure.gravatar.com\\\/avatar\\\/368884c0ecc46e53d83c0c3c0af4c6c30a6bbc2aab7535848950f43a950bfd4e?s=96&d=mm&r=g\",\"caption\":\"adminfojustice\"},\"sameAs\":[\"https:\\\/\\\/www.fojustice.fr\\\/web\"],\"url\":\"https:\\\/\\\/fojustice.fr\\\/web\\\/author\\\/adminfojustice\\\/\"}]}<\/script>\n<!-- \/ Yoast SEO plugin. -->","yoast_head_json":{"title":"Prison de Fleury-M\u00e9rogis : Cong\u00e9s bonifi\u00e9s, les agents ne doivent pas \u00eatre les victimes des d\u00e9lais administratifs ! - Syndicat FO Justice","description":"Syndicat FO Justice - DISP Paris - Prison de Fleury-M\u00e9rogis : Cong\u00e9s bonifi\u00e9s, les agents ne doivent pas \u00eatre les victimes des d\u00e9lais administratifs !","robots":{"index":"index","follow":"follow","max-snippet":"max-snippet:-1","max-image-preview":"max-image-preview:large","max-video-preview":"max-video-preview:-1"},"canonical":"https:\/\/fojustice.fr\/web\/prison-de-fleury-merogis-conges-bonifies-les-agents-ne-doivent-pas-etre-les-victimes-des-delais-administratifs\/","og_locale":"fr_FR","og_type":"article","og_title":"Prison de Fleury-M\u00e9rogis : Cong\u00e9s bonifi\u00e9s, les agents ne doivent pas \u00eatre les victimes des d\u00e9lais administratifs ! - Syndicat FO Justice","og_description":"Syndicat FO Justice - DISP Paris - Prison de Fleury-M\u00e9rogis : Cong\u00e9s bonifi\u00e9s, les agents ne doivent pas \u00eatre les victimes des d\u00e9lais administratifs !","og_url":"https:\/\/fojustice.fr\/web\/prison-de-fleury-merogis-conges-bonifies-les-agents-ne-doivent-pas-etre-les-victimes-des-delais-administratifs\/","og_site_name":"Syndicat FO Justice","article_publisher":"https:\/\/www.facebook.com\/SyndicatFoJustice","article_published_time":"2026-08-31T09:33:33+00:00","og_image":[{"width":1156,"height":614,"url":"https:\/\/fojustice.fr\/web\/wp-content\/uploads\/2024\/08\/Capture-decran-2024-08-30-a-08.27.02.png","type":"image\/png"}],"author":"adminfojustice","twitter_card":"summary_large_image","twitter_creator":"@SyndFoJustice","twitter_site":"@SyndFoJustice","twitter_misc":{"\u00c9crit par":"adminfojustice","Dur\u00e9e de lecture estim\u00e9e":"3 minutes"},"schema":{"@context":"https:\/\/schema.org","@graph":[{"@type":"NewsArticle","@id":"https:\/\/fojustice.fr\/web\/prison-de-fleury-merogis-conges-bonifies-les-agents-ne-doivent-pas-etre-les-victimes-des-delais-administratifs\/#article","isPartOf":{"@id":"https:\/\/fojustice.fr\/web\/prison-de-fleury-merogis-conges-bonifies-les-agents-ne-doivent-pas-etre-les-victimes-des-delais-administratifs\/"},"author":{"name":"adminfojustice","@id":"https:\/\/fojustice.fr\/web\/#\/schema\/person\/a51cb9c3495ce0ca62b78fc96ac3bf9f"},"headline":"Prison de Fleury-M\u00e9rogis : Cong\u00e9s bonifi\u00e9s, les agents ne doivent pas \u00eatre les victimes des d\u00e9lais administratifs !","datePublished":"2026-08-31T09:33:33+00:00","mainEntityOfPage":{"@id":"https:\/\/fojustice.fr\/web\/prison-de-fleury-merogis-conges-bonifies-les-agents-ne-doivent-pas-etre-les-victimes-des-delais-administratifs\/"},"wordCount":656,"commentCount":0,"publisher":{"@id":"https:\/\/fojustice.fr\/web\/#organization"},"image":{"@id":"https:\/\/fojustice.fr\/web\/prison-de-fleury-merogis-conges-bonifies-les-agents-ne-doivent-pas-etre-les-victimes-des-delais-administratifs\/#primaryimage"},"thumbnailUrl":"https:\/\/fojustice.fr\/web\/wp-content\/uploads\/2024\/08\/Capture-decran-2024-08-30-a-08.27.02.png","articleSection":["DISP Paris"],"inLanguage":"fr-FR","potentialAction":[{"@type":"CommentAction","name":"Comment","target":["https:\/\/fojustice.fr\/web\/prison-de-fleury-merogis-conges-bonifies-les-agents-ne-doivent-pas-etre-les-victimes-des-delais-administratifs\/#respond"]}]},{"@type":"WebPage","@id":"https:\/\/fojustice.fr\/web\/prison-de-fleury-merogis-conges-bonifies-les-agents-ne-doivent-pas-etre-les-victimes-des-delais-administratifs\/","url":"https:\/\/fojustice.fr\/web\/prison-de-fleury-merogis-conges-bonifies-les-agents-ne-doivent-pas-etre-les-victimes-des-delais-administratifs\/","name":"Prison de Fleury-M\u00e9rogis : Cong\u00e9s bonifi\u00e9s, les agents ne doivent pas \u00eatre les victimes des d\u00e9lais administratifs ! - Syndicat FO Justice","isPartOf":{"@id":"https:\/\/fojustice.fr\/web\/#website"},"primaryImageOfPage":{"@id":"https:\/\/fojustice.fr\/web\/prison-de-fleury-merogis-conges-bonifies-les-agents-ne-doivent-pas-etre-les-victimes-des-delais-administratifs\/#primaryimage"},"image":{"@id":"https:\/\/fojustice.fr\/web\/prison-de-fleury-merogis-conges-bonifies-les-agents-ne-doivent-pas-etre-les-victimes-des-delais-administratifs\/#primaryimage"},"thumbnailUrl":"https:\/\/fojustice.fr\/web\/wp-content\/uploads\/2024\/08\/Capture-decran-2024-08-30-a-08.27.02.png","datePublished":"2026-08-31T09:33:33+00:00","description":"Syndicat FO Justice - DISP Paris - Prison de Fleury-M\u00e9rogis : Cong\u00e9s bonifi\u00e9s, les agents ne doivent pas \u00eatre les victimes des d\u00e9lais administratifs !","breadcrumb":{"@id":"https:\/\/fojustice.fr\/web\/prison-de-fleury-merogis-conges-bonifies-les-agents-ne-doivent-pas-etre-les-victimes-des-delais-administratifs\/#breadcrumb"},"inLanguage":"fr-FR","potentialAction":[{"@type":"ReadAction","target":["https:\/\/fojustice.fr\/web\/prison-de-fleury-merogis-conges-bonifies-les-agents-ne-doivent-pas-etre-les-victimes-des-delais-administratifs\/"]}]},{"@type":"ImageObject","inLanguage":"fr-FR","@id":"https:\/\/fojustice.fr\/web\/prison-de-fleury-merogis-conges-bonifies-les-agents-ne-doivent-pas-etre-les-victimes-des-delais-administratifs\/#primaryimage","url":"https:\/\/fojustice.fr\/web\/wp-content\/uploads\/2024\/08\/Capture-decran-2024-08-30-a-08.27.02.png","contentUrl":"https:\/\/fojustice.fr\/web\/wp-content\/uploads\/2024\/08\/Capture-decran-2024-08-30-a-08.27.02.png","width":1156,"height":614},{"@type":"BreadcrumbList","@id":"https:\/\/fojustice.fr\/web\/prison-de-fleury-merogis-conges-bonifies-les-agents-ne-doivent-pas-etre-les-victimes-des-delais-administratifs\/#breadcrumb","itemListElement":[{"@type":"ListItem","position":1,"name":"Accueil","item":"https:\/\/fojustice.fr\/web\/"},{"@type":"ListItem","position":2,"name":"Prison de Fleury-M\u00e9rogis : Cong\u00e9s bonifi\u00e9s, les agents ne doivent pas \u00eatre les victimes des d\u00e9lais administratifs !"}]},{"@type":"WebSite","@id":"https:\/\/fojustice.fr\/web\/#website","url":"https:\/\/fojustice.fr\/web\/","name":"Syndicat FO Justice","description":"Site du Syndicat National FO Justice","publisher":{"@id":"https:\/\/fojustice.fr\/web\/#organization"},"alternateName":"Syndicat National FO Justice","potentialAction":[{"@type":"SearchAction","target":{"@type":"EntryPoint","urlTemplate":"https:\/\/fojustice.fr\/web\/?s={search_term_string}"},"query-input":{"@type":"PropertyValueSpecification","valueRequired":true,"valueName":"search_term_string"}}],"inLanguage":"fr-FR"},{"@type":"Organization","@id":"https:\/\/fojustice.fr\/web\/#organization","name":"Syndicat National FO Justice","alternateName":"Syndicat National FO Justice","url":"https:\/\/fojustice.fr\/web\/","logo":{"@type":"ImageObject","inLanguage":"fr-FR","@id":"https:\/\/fojustice.fr\/web\/#\/schema\/logo\/image\/","url":"https:\/\/fojustice.fr\/web\/wp-content\/uploads\/2022\/03\/logo-fo-justice.png","contentUrl":"https:\/\/fojustice.fr\/web\/wp-content\/uploads\/2022\/03\/logo-fo-justice.png","width":800,"height":800,"caption":"Syndicat National FO Justice"},"image":{"@id":"https:\/\/fojustice.fr\/web\/#\/schema\/logo\/image\/"},"sameAs":["https:\/\/www.facebook.com\/SyndicatFoJustice","https:\/\/x.com\/SyndFoJustice"]},{"@type":"Person","@id":"https:\/\/fojustice.fr\/web\/#\/schema\/person\/a51cb9c3495ce0ca62b78fc96ac3bf9f","name":"adminfojustice","image":{"@type":"ImageObject","inLanguage":"fr-FR","@id":"https:\/\/secure.gravatar.com\/avatar\/368884c0ecc46e53d83c0c3c0af4c6c30a6bbc2aab7535848950f43a950bfd4e?s=96&d=mm&r=g","url":"https:\/\/secure.gravatar.com\/avatar\/368884c0ecc46e53d83c0c3c0af4c6c30a6bbc2aab7535848950f43a950bfd4e?s=96&d=mm&r=g","contentUrl":"https:\/\/secure.gravatar.com\/avatar\/368884c0ecc46e53d83c0c3c0af4c6c30a6bbc2aab7535848950f43a950bfd4e?s=96&d=mm&r=g","caption":"adminfojustice"},"sameAs":["https:\/\/www.fojustice.fr\/web"],"url":"https:\/\/fojustice.fr\/web\/author\/adminfojustice\/"}]}},"jetpack_shortlink":"https:\/\/wp.me\/pdNWl1-dn5","jetpack_sharing_enabled":true,"jetpack_featured_media_url":"https:\/\/fojustice.fr\/web\/wp-content\/uploads\/2024\/08\/Capture-decran-2024-08-30-a-08.27.02.png","_links":{"self":[{"href":"https:\/\/fojustice.fr\/web\/wp-json\/wp\/v2\/posts\/51403","targetHints":{"allow":["GET"]}}],"collection":[{"href":"https:\/\/fojustice.fr\/web\/wp-json\/wp\/v2\/posts"}],"about":[{"href":"https:\/\/fojustice.fr\/web\/wp-json\/wp\/v2\/types\/post"}],"author":[{"embeddable":true,"href":"https:\/\/fojustice.fr\/web\/wp-json\/wp\/v2\/users\/1"}],"replies":[{"embeddable":true,"href":"https:\/\/fojustice.fr\/web\/wp-json\/wp\/v2\/comments?post=51403"}],"version-history":[{"count":1,"href":"https:\/\/fojustice.fr\/web\/wp-json\/wp\/v2\/posts\/51403\/revisions"}],"predecessor-version":[{"id":51405,"href":"https:\/\/fojustice.fr\/web\/wp-json\/wp\/v2\/posts\/51403\/revisions\/51405"}],"wp:featuredmedia":[{"embeddable":true,"href":"https:\/\/fojustice.fr\/web\/wp-json\/wp\/v2\/media\/26049"}],"wp:attachment":[{"href":"https:\/\/fojustice.fr\/web\/wp-json\/wp\/v2\/media?parent=51403"}],"wp:term":[{"taxonomy":"category","embeddable":true,"href":"https:\/\/fojustice.fr\/web\/wp-json\/wp\/v2\/categories?post=51403"},{"taxonomy":"post_tag","embeddable":true,"href":"https:\/\/fojustice.fr\/web\/wp-json\/wp\/v2\/tags?post=51403"}],"curies":[{"name":"wp","href":"https:\/\/api.w.org\/{rel}","templated":true}]}}