{"id":51396,"date":"2026-08-31T10:54:09","date_gmt":"2026-08-31T08:54:09","guid":{"rendered":"https:\/\/fojustice.fr\/web\/?p=51396"},"modified":"2026-08-31T10:54:09","modified_gmt":"2026-08-31T08:54:09","slug":"action-sociale-les-subventions-pour-les-vacances-et-les-loisirs-de-nos-enfants","status":"publish","type":"post","link":"https:\/\/fojustice.fr\/web\/action-sociale-les-subventions-pour-les-vacances-et-les-loisirs-de-nos-enfants\/","title":{"rendered":"Action Sociale : Les subventions pour les vacances et les loisirs de nos enfants"},"content":{"rendered":"<p><span style=\"color: #000080;\"><strong>\u21d2 Les subventions pour les vacances et les loisirs de nos enfants<\/strong><\/span><\/p>\n<p>A l&#8217;approche de la rentr\u00e9e, l&#8217;<span style=\"color: #000080;\"><strong>Union <span style=\"color: #ff0000;\">FO<\/span> Justice<\/strong><\/span> rappelle aux personnels du minist\u00e8re de la Justice qu&#8217;ils peuvent b\u00e9n\u00e9ficier de prestations interminist\u00e9rielles d&#8217;action sociale pour participer aux frais de vacances et de loisirs de leurs enfants.<\/p>\n<p>Ces aides concernent les enfants de moins de 18 ans et sont vers\u00e9es sous conditions de ressources, selon les r\u00e8gles appliqu\u00e9es par l&#8217;administration.<\/p>\n<p><strong><span style=\"color: #ff0000;\">Les s\u00e9jours d\u00e9j\u00e0 subventionn\u00e9s par la Fondation d&#8217;Aguesseau ne peuvent pas b\u00e9n\u00e9ficier de cette aide suppl\u00e9mentaire.<\/span><\/strong><\/p>\n<p><img fetchpriority=\"high\" decoding=\"async\" class=\"size-full wp-image-51398 aligncenter\" src=\"https:\/\/fojustice.fr\/web\/wp-content\/uploads\/2026\/08\/Capture-decran-2026-08-31-a-10.42.38.png\" alt=\"\" width=\"1014\" height=\"526\" srcset=\"https:\/\/fojustice.fr\/web\/wp-content\/uploads\/2026\/08\/Capture-decran-2026-08-31-a-10.42.38.png 1014w, https:\/\/fojustice.fr\/web\/wp-content\/uploads\/2026\/08\/Capture-decran-2026-08-31-a-10.42.38-300x156.png 300w, https:\/\/fojustice.fr\/web\/wp-content\/uploads\/2026\/08\/Capture-decran-2026-08-31-a-10.42.38-768x398.png 768w, https:\/\/fojustice.fr\/web\/wp-content\/uploads\/2026\/08\/Capture-decran-2026-08-31-a-10.42.38-324x168.png 324w, https:\/\/fojustice.fr\/web\/wp-content\/uploads\/2026\/08\/Capture-decran-2026-08-31-a-10.42.38-416x216.png 416w\" sizes=\"(max-width: 1014px) 100vw, 1014px\" \/><\/p>\n<p><span style=\"color: #000080;\"><strong>UNE AIDE TOUJOURS PROPOS\u00c9E PAR LA MMJ<\/strong><\/span><\/p>\n<p><span style=\"color: #000080;\"><strong>Le total des aides ne peut pas d\u00e9passer la d\u00e9pense r\u00e9ellement support\u00e9e par la famille<\/strong><\/span><\/p>\n<p><span style=\"color: #000080;\"><strong>Les adh\u00e9rents de la MMJ dont les enfants mineurs sont inscrits comme ayants droit peuvent toujours solliciter une allocation pour les s\u00e9jours avec h\u00e9bergement. Elle est attribu\u00e9e selon le quotient familial. Le bar\u00e8me actualis\u00e9 et le formulaire sont disponibles aupr\u00e8s de la MMJ et dans l&#8217;espace adh\u00e9rent. Cette aide peut se cumuler avec la prestation du minist\u00e8re, sous r\u00e9serve des conditions de la MMJ et dans la limite des frais r\u00e9ellement engag\u00e9s.<\/strong><\/span><\/p>\n<p><a href=\"https:\/\/www.mmj.fr\/soutien-financier\/mutuelle-sante-solidaire\"><span style=\"text-decoration: underline;\"><span style=\"color: #000080;\"><strong>https:\/\/www.mmj.fr\/soutien-financier\/mutuelle-sante-solidaire<\/strong><\/span><\/span><\/a><\/p>\n<p><strong>\u2022 N&#8217;h\u00e9sitez pas \u00e0 contacter votre service RH ainsi que la MMJ, si vous en \u00eates adh\u00e9rent,<\/strong><\/p>\n<p><strong>AFIN DE FAIRE VALOIR VOS DROITS !<\/strong><\/p>\n<p style=\"text-align: center;\"><span style=\"color: #ff0000;\"><strong>CES AIDES EXISTENT : UTILISEZ-LES !!<\/strong><\/span><\/p>\n<p style=\"text-align: center;\"><span style=\"color: #ff0000;\"><strong><span style=\"color: #000080;\">L&#8217;Union<\/span> FO <span style=\"color: #000080;\">Justice<\/span>, notre r\u00e9sistance, VOTRE inFOrmation !!!<\/strong><\/span><\/p>\n<p><a href=\"https:\/\/fojustice.fr\/web\/wp-content\/uploads\/2026\/08\/20250831-Union-FO-Justice-Action-Sociale-Subvention-vacances-loisirs-2026.pdf\">Lire le communiqu\u00e9<\/a><\/p>\n","protected":false},"excerpt":{"rendered":"<p>\u21d2 Les subventions pour les vacances et les loisirs de nos enfants A l&#8217;approche de la rentr\u00e9e, l&#8217;Union FO Justice rappelle aux personnels du minist\u00e8re de la Justice qu&#8217;ils peuvent b\u00e9n\u00e9ficier de prestations interminist\u00e9rielles d&#8217;action sociale pour participer aux frais de vacances et de loisirs de leurs enfants. Ces aides concernent les enfants de moins [&hellip;]<\/p>\n","protected":false},"author":1,"featured_media":51400,"comment_status":"open","ping_status":"open","sticky":false,"template":"","format":"standard","meta":{"_angie_page":false,"_jetpack_newsletter_access":"","_jetpack_dont_email_post_to_subs":true,"_jetpack_newsletter_tier_id":0,"_jetpack_memberships_contains_paywalled_content":false,"page_builder":"","_jetpack_feature_clip_id":0,"_jetpack_memberships_contains_paid_content":false,"footnotes":"","jetpack_post_was_ever_published":false,"_members_access_role":[],"_members_access_error":""},"categories":[74,41],"tags":[],"class_list":["post-51396","post","type-post","status-publish","format-standard","has-post-thumbnail","hentry","category-action-sociale","category-national"],"yoast_head":"<!-- This site is optimized with the Yoast SEO plugin v28.3 - https:\/\/yoast.com\/product\/yoast-seo-wordpress\/ -->\n<title>Action Sociale : Les subventions pour les vacances et les loisirs de nos enfants - Syndicat FO Justice<\/title>\n<meta name=\"description\" content=\"Syndicat FO Justice - NATIONAL - Action Sociale : Les subventions pour les vacances et les loisirs de nos enfants\" \/>\n<meta name=\"robots\" content=\"index, follow, max-snippet:-1, max-image-preview:large, max-video-preview:-1\" \/>\n<link rel=\"canonical\" href=\"https:\/\/fojustice.fr\/web\/action-sociale-les-subventions-pour-les-vacances-et-les-loisirs-de-nos-enfants\/\" \/>\n<meta property=\"og:locale\" content=\"fr_FR\" \/>\n<meta property=\"og:type\" content=\"article\" \/>\n<meta property=\"og:title\" content=\"Action Sociale : Les subventions pour les vacances et les loisirs de nos enfants - Syndicat FO Justice\" \/>\n<meta property=\"og:description\" content=\"Syndicat FO Justice - NATIONAL - Action Sociale : Les subventions pour les vacances et les loisirs de nos enfants\" \/>\n<meta property=\"og:url\" content=\"https:\/\/fojustice.fr\/web\/action-sociale-les-subventions-pour-les-vacances-et-les-loisirs-de-nos-enfants\/\" \/>\n<meta property=\"og:site_name\" content=\"Syndicat FO Justice\" \/>\n<meta property=\"article:publisher\" content=\"https:\/\/www.facebook.com\/SyndicatFoJustice\" \/>\n<meta property=\"article:published_time\" content=\"2026-08-31T08:54:09+00:00\" \/>\n<meta property=\"og:image\" content=\"https:\/\/fojustice.fr\/web\/wp-content\/uploads\/2026\/08\/Capture-decran-2026-08-31-a-10.49.25-1024x560.png\" \/>\n\t<meta property=\"og:image:width\" content=\"1024\" \/>\n\t<meta property=\"og:image:height\" content=\"560\" \/>\n\t<meta property=\"og:image:type\" content=\"image\/png\" \/>\n<meta name=\"author\" content=\"adminfojustice\" \/>\n<meta name=\"twitter:card\" content=\"summary_large_image\" \/>\n<meta name=\"twitter:creator\" content=\"@SyndFoJustice\" \/>\n<meta name=\"twitter:site\" content=\"@SyndFoJustice\" \/>\n<meta name=\"twitter:label1\" content=\"\u00c9crit par\" \/>\n\t<meta name=\"twitter:data1\" content=\"adminfojustice\" \/>\n\t<meta name=\"twitter:label2\" content=\"Dur\u00e9e de lecture estim\u00e9e\" \/>\n\t<meta name=\"twitter:data2\" content=\"1 minute\" \/>\n<script type=\"application\/ld+json\" class=\"yoast-schema-graph\">{\"@context\":\"https:\\\/\\\/schema.org\",\"@graph\":[{\"@type\":\"NewsArticle\",\"@id\":\"https:\\\/\\\/fojustice.fr\\\/web\\\/action-sociale-les-subventions-pour-les-vacances-et-les-loisirs-de-nos-enfants\\\/#article\",\"isPartOf\":{\"@id\":\"https:\\\/\\\/fojustice.fr\\\/web\\\/action-sociale-les-subventions-pour-les-vacances-et-les-loisirs-de-nos-enfants\\\/\"},\"author\":{\"name\":\"adminfojustice\",\"@id\":\"https:\\\/\\\/fojustice.fr\\\/web\\\/#\\\/schema\\\/person\\\/a51cb9c3495ce0ca62b78fc96ac3bf9f\"},\"headline\":\"Action Sociale : Les subventions pour les vacances et les loisirs de nos enfants\",\"datePublished\":\"2026-08-31T08:54:09+00:00\",\"mainEntityOfPage\":{\"@id\":\"https:\\\/\\\/fojustice.fr\\\/web\\\/action-sociale-les-subventions-pour-les-vacances-et-les-loisirs-de-nos-enfants\\\/\"},\"wordCount\":275,\"commentCount\":0,\"publisher\":{\"@id\":\"https:\\\/\\\/fojustice.fr\\\/web\\\/#organization\"},\"image\":{\"@id\":\"https:\\\/\\\/fojustice.fr\\\/web\\\/action-sociale-les-subventions-pour-les-vacances-et-les-loisirs-de-nos-enfants\\\/#primaryimage\"},\"thumbnailUrl\":\"https:\\\/\\\/fojustice.fr\\\/web\\\/wp-content\\\/uploads\\\/2026\\\/08\\\/Capture-decran-2026-08-31-a-10.49.25-scaled.png\",\"articleSection\":[\"ACTION SOCIALE\",\"NATIONAL\"],\"inLanguage\":\"fr-FR\",\"potentialAction\":[{\"@type\":\"CommentAction\",\"name\":\"Comment\",\"target\":[\"https:\\\/\\\/fojustice.fr\\\/web\\\/action-sociale-les-subventions-pour-les-vacances-et-les-loisirs-de-nos-enfants\\\/#respond\"]}]},{\"@type\":\"WebPage\",\"@id\":\"https:\\\/\\\/fojustice.fr\\\/web\\\/action-sociale-les-subventions-pour-les-vacances-et-les-loisirs-de-nos-enfants\\\/\",\"url\":\"https:\\\/\\\/fojustice.fr\\\/web\\\/action-sociale-les-subventions-pour-les-vacances-et-les-loisirs-de-nos-enfants\\\/\",\"name\":\"Action Sociale : Les subventions pour les vacances et les loisirs de nos enfants - Syndicat FO Justice\",\"isPartOf\":{\"@id\":\"https:\\\/\\\/fojustice.fr\\\/web\\\/#website\"},\"primaryImageOfPage\":{\"@id\":\"https:\\\/\\\/fojustice.fr\\\/web\\\/action-sociale-les-subventions-pour-les-vacances-et-les-loisirs-de-nos-enfants\\\/#primaryimage\"},\"image\":{\"@id\":\"https:\\\/\\\/fojustice.fr\\\/web\\\/action-sociale-les-subventions-pour-les-vacances-et-les-loisirs-de-nos-enfants\\\/#primaryimage\"},\"thumbnailUrl\":\"https:\\\/\\\/fojustice.fr\\\/web\\\/wp-content\\\/uploads\\\/2026\\\/08\\\/Capture-decran-2026-08-31-a-10.49.25-scaled.png\",\"datePublished\":\"2026-08-31T08:54:09+00:00\",\"description\":\"Syndicat FO Justice - NATIONAL - Action Sociale : Les subventions pour les vacances et les loisirs de nos enfants\",\"breadcrumb\":{\"@id\":\"https:\\\/\\\/fojustice.fr\\\/web\\\/action-sociale-les-subventions-pour-les-vacances-et-les-loisirs-de-nos-enfants\\\/#breadcrumb\"},\"inLanguage\":\"fr-FR\",\"potentialAction\":[{\"@type\":\"ReadAction\",\"target\":[\"https:\\\/\\\/fojustice.fr\\\/web\\\/action-sociale-les-subventions-pour-les-vacances-et-les-loisirs-de-nos-enfants\\\/\"]}]},{\"@type\":\"ImageObject\",\"inLanguage\":\"fr-FR\",\"@id\":\"https:\\\/\\\/fojustice.fr\\\/web\\\/action-sociale-les-subventions-pour-les-vacances-et-les-loisirs-de-nos-enfants\\\/#primaryimage\",\"url\":\"https:\\\/\\\/fojustice.fr\\\/web\\\/wp-content\\\/uploads\\\/2026\\\/08\\\/Capture-decran-2026-08-31-a-10.49.25-scaled.png\",\"contentUrl\":\"https:\\\/\\\/fojustice.fr\\\/web\\\/wp-content\\\/uploads\\\/2026\\\/08\\\/Capture-decran-2026-08-31-a-10.49.25-scaled.png\",\"width\":2048,\"height\":1120},{\"@type\":\"BreadcrumbList\",\"@id\":\"https:\\\/\\\/fojustice.fr\\\/web\\\/action-sociale-les-subventions-pour-les-vacances-et-les-loisirs-de-nos-enfants\\\/#breadcrumb\",\"itemListElement\":[{\"@type\":\"ListItem\",\"position\":1,\"name\":\"Accueil\",\"item\":\"https:\\\/\\\/fojustice.fr\\\/web\\\/\"},{\"@type\":\"ListItem\",\"position\":2,\"name\":\"Action Sociale : Les subventions pour les vacances et les loisirs de nos enfants\"}]},{\"@type\":\"WebSite\",\"@id\":\"https:\\\/\\\/fojustice.fr\\\/web\\\/#website\",\"url\":\"https:\\\/\\\/fojustice.fr\\\/web\\\/\",\"name\":\"Syndicat FO Justice\",\"description\":\"Site du Syndicat National FO Justice\",\"publisher\":{\"@id\":\"https:\\\/\\\/fojustice.fr\\\/web\\\/#organization\"},\"alternateName\":\"Syndicat National FO Justice\",\"potentialAction\":[{\"@type\":\"SearchAction\",\"target\":{\"@type\":\"EntryPoint\",\"urlTemplate\":\"https:\\\/\\\/fojustice.fr\\\/web\\\/?s={search_term_string}\"},\"query-input\":{\"@type\":\"PropertyValueSpecification\",\"valueRequired\":true,\"valueName\":\"search_term_string\"}}],\"inLanguage\":\"fr-FR\"},{\"@type\":\"Organization\",\"@id\":\"https:\\\/\\\/fojustice.fr\\\/web\\\/#organization\",\"name\":\"Syndicat National FO Justice\",\"alternateName\":\"Syndicat National FO Justice\",\"url\":\"https:\\\/\\\/fojustice.fr\\\/web\\\/\",\"logo\":{\"@type\":\"ImageObject\",\"inLanguage\":\"fr-FR\",\"@id\":\"https:\\\/\\\/fojustice.fr\\\/web\\\/#\\\/schema\\\/logo\\\/image\\\/\",\"url\":\"https:\\\/\\\/fojustice.fr\\\/web\\\/wp-content\\\/uploads\\\/2022\\\/03\\\/logo-fo-justice.png\",\"contentUrl\":\"https:\\\/\\\/fojustice.fr\\\/web\\\/wp-content\\\/uploads\\\/2022\\\/03\\\/logo-fo-justice.png\",\"width\":800,\"height\":800,\"caption\":\"Syndicat National FO Justice\"},\"image\":{\"@id\":\"https:\\\/\\\/fojustice.fr\\\/web\\\/#\\\/schema\\\/logo\\\/image\\\/\"},\"sameAs\":[\"https:\\\/\\\/www.facebook.com\\\/SyndicatFoJustice\",\"https:\\\/\\\/x.com\\\/SyndFoJustice\"]},{\"@type\":\"Person\",\"@id\":\"https:\\\/\\\/fojustice.fr\\\/web\\\/#\\\/schema\\\/person\\\/a51cb9c3495ce0ca62b78fc96ac3bf9f\",\"name\":\"adminfojustice\",\"image\":{\"@type\":\"ImageObject\",\"inLanguage\":\"fr-FR\",\"@id\":\"https:\\\/\\\/secure.gravatar.com\\\/avatar\\\/368884c0ecc46e53d83c0c3c0af4c6c30a6bbc2aab7535848950f43a950bfd4e?s=96&d=mm&r=g\",\"url\":\"https:\\\/\\\/secure.gravatar.com\\\/avatar\\\/368884c0ecc46e53d83c0c3c0af4c6c30a6bbc2aab7535848950f43a950bfd4e?s=96&d=mm&r=g\",\"contentUrl\":\"https:\\\/\\\/secure.gravatar.com\\\/avatar\\\/368884c0ecc46e53d83c0c3c0af4c6c30a6bbc2aab7535848950f43a950bfd4e?s=96&d=mm&r=g\",\"caption\":\"adminfojustice\"},\"sameAs\":[\"https:\\\/\\\/www.fojustice.fr\\\/web\"],\"url\":\"https:\\\/\\\/fojustice.fr\\\/web\\\/author\\\/adminfojustice\\\/\"}]}<\/script>\n<!-- \/ Yoast SEO plugin. -->","yoast_head_json":{"title":"Action Sociale : Les subventions pour les vacances et les loisirs de nos enfants - Syndicat FO Justice","description":"Syndicat FO Justice - NATIONAL - Action Sociale : Les subventions pour les vacances et les loisirs de nos enfants","robots":{"index":"index","follow":"follow","max-snippet":"max-snippet:-1","max-image-preview":"max-image-preview:large","max-video-preview":"max-video-preview:-1"},"canonical":"https:\/\/fojustice.fr\/web\/action-sociale-les-subventions-pour-les-vacances-et-les-loisirs-de-nos-enfants\/","og_locale":"fr_FR","og_type":"article","og_title":"Action Sociale : Les subventions pour les vacances et les loisirs de nos enfants - Syndicat FO Justice","og_description":"Syndicat FO Justice - NATIONAL - Action Sociale : Les subventions pour les vacances et les loisirs de nos enfants","og_url":"https:\/\/fojustice.fr\/web\/action-sociale-les-subventions-pour-les-vacances-et-les-loisirs-de-nos-enfants\/","og_site_name":"Syndicat FO Justice","article_publisher":"https:\/\/www.facebook.com\/SyndicatFoJustice","article_published_time":"2026-08-31T08:54:09+00:00","og_image":[{"width":1024,"height":560,"url":"https:\/\/fojustice.fr\/web\/wp-content\/uploads\/2026\/08\/Capture-decran-2026-08-31-a-10.49.25-1024x560.png","type":"image\/png"}],"author":"adminfojustice","twitter_card":"summary_large_image","twitter_creator":"@SyndFoJustice","twitter_site":"@SyndFoJustice","twitter_misc":{"\u00c9crit par":"adminfojustice","Dur\u00e9e de lecture estim\u00e9e":"1 minute"},"schema":{"@context":"https:\/\/schema.org","@graph":[{"@type":"NewsArticle","@id":"https:\/\/fojustice.fr\/web\/action-sociale-les-subventions-pour-les-vacances-et-les-loisirs-de-nos-enfants\/#article","isPartOf":{"@id":"https:\/\/fojustice.fr\/web\/action-sociale-les-subventions-pour-les-vacances-et-les-loisirs-de-nos-enfants\/"},"author":{"name":"adminfojustice","@id":"https:\/\/fojustice.fr\/web\/#\/schema\/person\/a51cb9c3495ce0ca62b78fc96ac3bf9f"},"headline":"Action Sociale : Les subventions pour les vacances et les loisirs de nos enfants","datePublished":"2026-08-31T08:54:09+00:00","mainEntityOfPage":{"@id":"https:\/\/fojustice.fr\/web\/action-sociale-les-subventions-pour-les-vacances-et-les-loisirs-de-nos-enfants\/"},"wordCount":275,"commentCount":0,"publisher":{"@id":"https:\/\/fojustice.fr\/web\/#organization"},"image":{"@id":"https:\/\/fojustice.fr\/web\/action-sociale-les-subventions-pour-les-vacances-et-les-loisirs-de-nos-enfants\/#primaryimage"},"thumbnailUrl":"https:\/\/fojustice.fr\/web\/wp-content\/uploads\/2026\/08\/Capture-decran-2026-08-31-a-10.49.25-scaled.png","articleSection":["ACTION SOCIALE","NATIONAL"],"inLanguage":"fr-FR","potentialAction":[{"@type":"CommentAction","name":"Comment","target":["https:\/\/fojustice.fr\/web\/action-sociale-les-subventions-pour-les-vacances-et-les-loisirs-de-nos-enfants\/#respond"]}]},{"@type":"WebPage","@id":"https:\/\/fojustice.fr\/web\/action-sociale-les-subventions-pour-les-vacances-et-les-loisirs-de-nos-enfants\/","url":"https:\/\/fojustice.fr\/web\/action-sociale-les-subventions-pour-les-vacances-et-les-loisirs-de-nos-enfants\/","name":"Action Sociale : Les subventions pour les vacances et les loisirs de nos enfants - Syndicat FO Justice","isPartOf":{"@id":"https:\/\/fojustice.fr\/web\/#website"},"primaryImageOfPage":{"@id":"https:\/\/fojustice.fr\/web\/action-sociale-les-subventions-pour-les-vacances-et-les-loisirs-de-nos-enfants\/#primaryimage"},"image":{"@id":"https:\/\/fojustice.fr\/web\/action-sociale-les-subventions-pour-les-vacances-et-les-loisirs-de-nos-enfants\/#primaryimage"},"thumbnailUrl":"https:\/\/fojustice.fr\/web\/wp-content\/uploads\/2026\/08\/Capture-decran-2026-08-31-a-10.49.25-scaled.png","datePublished":"2026-08-31T08:54:09+00:00","description":"Syndicat FO Justice - NATIONAL - Action Sociale : Les subventions pour les vacances et les loisirs de nos enfants","breadcrumb":{"@id":"https:\/\/fojustice.fr\/web\/action-sociale-les-subventions-pour-les-vacances-et-les-loisirs-de-nos-enfants\/#breadcrumb"},"inLanguage":"fr-FR","potentialAction":[{"@type":"ReadAction","target":["https:\/\/fojustice.fr\/web\/action-sociale-les-subventions-pour-les-vacances-et-les-loisirs-de-nos-enfants\/"]}]},{"@type":"ImageObject","inLanguage":"fr-FR","@id":"https:\/\/fojustice.fr\/web\/action-sociale-les-subventions-pour-les-vacances-et-les-loisirs-de-nos-enfants\/#primaryimage","url":"https:\/\/fojustice.fr\/web\/wp-content\/uploads\/2026\/08\/Capture-decran-2026-08-31-a-10.49.25-scaled.png","contentUrl":"https:\/\/fojustice.fr\/web\/wp-content\/uploads\/2026\/08\/Capture-decran-2026-08-31-a-10.49.25-scaled.png","width":2048,"height":1120},{"@type":"BreadcrumbList","@id":"https:\/\/fojustice.fr\/web\/action-sociale-les-subventions-pour-les-vacances-et-les-loisirs-de-nos-enfants\/#breadcrumb","itemListElement":[{"@type":"ListItem","position":1,"name":"Accueil","item":"https:\/\/fojustice.fr\/web\/"},{"@type":"ListItem","position":2,"name":"Action Sociale : Les subventions pour les vacances et les loisirs de nos enfants"}]},{"@type":"WebSite","@id":"https:\/\/fojustice.fr\/web\/#website","url":"https:\/\/fojustice.fr\/web\/","name":"Syndicat FO Justice","description":"Site du Syndicat National FO Justice","publisher":{"@id":"https:\/\/fojustice.fr\/web\/#organization"},"alternateName":"Syndicat National FO Justice","potentialAction":[{"@type":"SearchAction","target":{"@type":"EntryPoint","urlTemplate":"https:\/\/fojustice.fr\/web\/?s={search_term_string}"},"query-input":{"@type":"PropertyValueSpecification","valueRequired":true,"valueName":"search_term_string"}}],"inLanguage":"fr-FR"},{"@type":"Organization","@id":"https:\/\/fojustice.fr\/web\/#organization","name":"Syndicat National FO Justice","alternateName":"Syndicat National FO Justice","url":"https:\/\/fojustice.fr\/web\/","logo":{"@type":"ImageObject","inLanguage":"fr-FR","@id":"https:\/\/fojustice.fr\/web\/#\/schema\/logo\/image\/","url":"https:\/\/fojustice.fr\/web\/wp-content\/uploads\/2022\/03\/logo-fo-justice.png","contentUrl":"https:\/\/fojustice.fr\/web\/wp-content\/uploads\/2022\/03\/logo-fo-justice.png","width":800,"height":800,"caption":"Syndicat National FO Justice"},"image":{"@id":"https:\/\/fojustice.fr\/web\/#\/schema\/logo\/image\/"},"sameAs":["https:\/\/www.facebook.com\/SyndicatFoJustice","https:\/\/x.com\/SyndFoJustice"]},{"@type":"Person","@id":"https:\/\/fojustice.fr\/web\/#\/schema\/person\/a51cb9c3495ce0ca62b78fc96ac3bf9f","name":"adminfojustice","image":{"@type":"ImageObject","inLanguage":"fr-FR","@id":"https:\/\/secure.gravatar.com\/avatar\/368884c0ecc46e53d83c0c3c0af4c6c30a6bbc2aab7535848950f43a950bfd4e?s=96&d=mm&r=g","url":"https:\/\/secure.gravatar.com\/avatar\/368884c0ecc46e53d83c0c3c0af4c6c30a6bbc2aab7535848950f43a950bfd4e?s=96&d=mm&r=g","contentUrl":"https:\/\/secure.gravatar.com\/avatar\/368884c0ecc46e53d83c0c3c0af4c6c30a6bbc2aab7535848950f43a950bfd4e?s=96&d=mm&r=g","caption":"adminfojustice"},"sameAs":["https:\/\/www.fojustice.fr\/web"],"url":"https:\/\/fojustice.fr\/web\/author\/adminfojustice\/"}]}},"jetpack_shortlink":"https:\/\/wp.me\/pdNWl1-dmY","jetpack_sharing_enabled":true,"jetpack_featured_media_url":"https:\/\/fojustice.fr\/web\/wp-content\/uploads\/2026\/08\/Capture-decran-2026-08-31-a-10.49.25-scaled.png","_links":{"self":[{"href":"https:\/\/fojustice.fr\/web\/wp-json\/wp\/v2\/posts\/51396","targetHints":{"allow":["GET"]}}],"collection":[{"href":"https:\/\/fojustice.fr\/web\/wp-json\/wp\/v2\/posts"}],"about":[{"href":"https:\/\/fojustice.fr\/web\/wp-json\/wp\/v2\/types\/post"}],"author":[{"embeddable":true,"href":"https:\/\/fojustice.fr\/web\/wp-json\/wp\/v2\/users\/1"}],"replies":[{"embeddable":true,"href":"https:\/\/fojustice.fr\/web\/wp-json\/wp\/v2\/comments?post=51396"}],"version-history":[{"count":1,"href":"https:\/\/fojustice.fr\/web\/wp-json\/wp\/v2\/posts\/51396\/revisions"}],"predecessor-version":[{"id":51401,"href":"https:\/\/fojustice.fr\/web\/wp-json\/wp\/v2\/posts\/51396\/revisions\/51401"}],"wp:featuredmedia":[{"embeddable":true,"href":"https:\/\/fojustice.fr\/web\/wp-json\/wp\/v2\/media\/51400"}],"wp:attachment":[{"href":"https:\/\/fojustice.fr\/web\/wp-json\/wp\/v2\/media?parent=51396"}],"wp:term":[{"taxonomy":"category","embeddable":true,"href":"https:\/\/fojustice.fr\/web\/wp-json\/wp\/v2\/categories?post=51396"},{"taxonomy":"post_tag","embeddable":true,"href":"https:\/\/fojustice.fr\/web\/wp-json\/wp\/v2\/tags?post=51396"}],"curies":[{"name":"wp","href":"https:\/\/api.w.org\/{rel}","templated":true}]}}