{"id":51392,"date":"2026-08-31T10:05:51","date_gmt":"2026-08-31T08:05:51","guid":{"rendered":"https:\/\/fojustice.fr\/web\/?p=51392"},"modified":"2026-08-31T10:05:51","modified_gmt":"2026-08-31T08:05:51","slug":"prison-doermingen-bienvenue-a-jurassic-parc-facon-oermingen","status":"publish","type":"post","link":"https:\/\/fojustice.fr\/web\/prison-doermingen-bienvenue-a-jurassic-parc-facon-oermingen\/","title":{"rendered":"Prison d&#8217;Oermingen : Bienvenue \u00e0 Jurassic Parc, fa\u00e7on Oermingen !"},"content":{"rendered":"<p class=\"p1\">Ici aussi, le syst\u00e8me technique est entre de bonnes mains\u2026 enfin, en principe\u2026<\/p>\n<p class=\"p1\">La r\u00e9putation de notre bel \u00e9tablissement \u00e9gale la renomm\u00e9e cin\u00e9matographique du film. Cependant, une diff\u00e9rence notoire les s\u00e9pare : <strong>l\u2019un est une fiction, l\u2019autre est notre triste r\u00e9alit\u00e9 !!<\/strong><\/p>\n<p class=\"p1\">La maintenance des b\u00e2timents et des installations participe directement aux conditions de travail des personnels, \u00e0 la s\u00e9curit\u00e9 et au bon fonctionnement de l\u2019\u00e9tablissement\u2026<\/p>\n<p class=\"p2\" style=\"text-align: center;\"><span style=\"color: #ff0000;\"><strong>NOTRE DENIS NEDRY LOCAL VOUS DIT QUE TOUT VA BIEN !!<\/strong><\/span><\/p>\n<p class=\"p1\">Et d\u00e9veloppe un concept de maintenance jusqu\u2019ici jamais observ\u00e9 nulle part ailleurs\u2026<\/p>\n<p class=\"p1\" style=\"text-align: center;\"><strong>LA MAINTENANCE PAR ATTENTE\u2026<\/strong><\/p>\n<p class=\"p1\">&#8211; \u00c0 quoi sert un responsable technique si les probl\u00e8mes signal\u00e9s restent sans r\u00e9ponse ?<\/p>\n<p class=\"p1\">&#8211; \u00c0 quoi sert la pr\u00e9vention si l\u2019on se contente de constater les d\u00e9g\u00e2ts une fois qu\u2019ils sont l\u00e0 ?<\/p>\n<p class=\"p1\">Les probl\u00e8mes de notre \u00e9tablissement ne sont plus des probl\u00e8mes isol\u00e9s, mais bel et bien des probl\u00e8mes qui touchent TOUS les secteurs du fonctionnement de l\u2019\u00e9tablissement <strong>(fuites d\u2019eau, odeur de rats dans les chambres de repos et autour des b\u00e2timents, odeur d\u2019eau stagnante sur diff\u00e9rents endroits de la d\u00e9tention, dysfonctionnement des cuisines, etc\u2026)<\/strong><\/p>\n<p class=\"p2\" style=\"text-align: center;\"><span style=\"color: #ff0000;\"><strong>ALERTE CRITIQUE, DENIS\u2026 FAUT R\u00c9AGIR !!!<\/strong><\/span><\/p>\n<p class=\"p1\">Une prison n\u2019est pas un parc d\u2019attractions !!<\/p>\n<p class=\"p1\">Alors, \u00e0 moins d\u2019avoir encore du venin de dilophosaure dans les yeux\u2026.<\/p>\n<p class=\"p1\">L\u2019intersyndicale vous somme d\u2019agir et d\u2019arr\u00eater cette posture antagoniste qui vous caract\u00e9rise depuis d\u00e9j\u00e0 tant d\u2019ann\u00e9es\u2026L\u2019inaction n\u2019emp\u00eache jamais les probl\u00e8mes de grandir ; elle leur laisse simplement le temps de devenir incontr\u00f4lables.<\/p>\n<p class=\"p1\">NOTRE \u00c9TABLISSEMENT M\u00c9RITE MIEUX QUE CELA.<\/p>\n<p class=\"p3\" style=\"text-align: center;\"><strong>L\u2019INTERSYNDICALE du CD OERMINGEN le 31 aout 2026.<\/strong><\/p>\n<p><a href=\"https:\/\/fojustice.fr\/web\/wp-content\/uploads\/2026\/08\/Bienvenue-a-jurassic-parc-facon-oermingen.pdf\">Lire le communiqu\u00e9<\/a><\/p>\n","protected":false},"excerpt":{"rendered":"<p>Ici aussi, le syst\u00e8me technique est entre de bonnes mains\u2026 enfin, en principe\u2026 La r\u00e9putation de notre bel \u00e9tablissement \u00e9gale la renomm\u00e9e cin\u00e9matographique du film. Cependant, une diff\u00e9rence notoire les s\u00e9pare : l\u2019un est une fiction, l\u2019autre est notre triste r\u00e9alit\u00e9 !! La maintenance des b\u00e2timents et des installations participe directement aux conditions de travail [&hellip;]<\/p>\n","protected":false},"author":1,"featured_media":4453,"comment_status":"open","ping_status":"open","sticky":false,"template":"","format":"standard","meta":{"_angie_page":false,"_jetpack_newsletter_access":"","_jetpack_dont_email_post_to_subs":true,"_jetpack_newsletter_tier_id":0,"_jetpack_memberships_contains_paywalled_content":false,"page_builder":"","_jetpack_feature_clip_id":0,"_jetpack_memberships_contains_paid_content":false,"footnotes":"","jetpack_post_was_ever_published":false,"_members_access_role":[],"_members_access_error":""},"categories":[36],"tags":[],"class_list":["post-51392","post","type-post","status-publish","format-standard","has-post-thumbnail","hentry","category-disp-strasbourg"],"yoast_head":"<!-- This site is optimized with the Yoast SEO plugin v28.3 - https:\/\/yoast.com\/product\/yoast-seo-wordpress\/ -->\n<title>Prison d&#039;Oermingen : Bienvenue \u00e0 Jurassic Parc, fa\u00e7on Oermingen ! - Syndicat FO Justice<\/title>\n<meta name=\"description\" content=\"Syndicat FO Justice - DISP Strasbourg - Prison d&#039;Oermingen : Bienvenue \u00e0 Jurassic Parc, fa\u00e7on Oermingen !\" \/>\n<meta name=\"robots\" content=\"index, follow, max-snippet:-1, max-image-preview:large, max-video-preview:-1\" \/>\n<link rel=\"canonical\" href=\"https:\/\/fojustice.fr\/web\/prison-doermingen-bienvenue-a-jurassic-parc-facon-oermingen\/\" \/>\n<meta property=\"og:locale\" content=\"fr_FR\" \/>\n<meta property=\"og:type\" content=\"article\" \/>\n<meta property=\"og:title\" content=\"Prison d&#039;Oermingen : Bienvenue \u00e0 Jurassic Parc, fa\u00e7on Oermingen ! - Syndicat FO Justice\" \/>\n<meta property=\"og:description\" content=\"Syndicat FO Justice - DISP Strasbourg - Prison d&#039;Oermingen : Bienvenue \u00e0 Jurassic Parc, fa\u00e7on Oermingen !\" \/>\n<meta property=\"og:url\" content=\"https:\/\/fojustice.fr\/web\/prison-doermingen-bienvenue-a-jurassic-parc-facon-oermingen\/\" \/>\n<meta property=\"og:site_name\" content=\"Syndicat FO Justice\" \/>\n<meta property=\"article:publisher\" content=\"https:\/\/www.facebook.com\/SyndicatFoJustice\" \/>\n<meta property=\"article:published_time\" content=\"2026-08-31T08:05:51+00:00\" \/>\n<meta property=\"og:image\" content=\"https:\/\/fojustice.fr\/web\/wp-content\/uploads\/2022\/05\/Oermingen.jpeg\" \/>\n\t<meta property=\"og:image:width\" content=\"870\" \/>\n\t<meta property=\"og:image:height\" content=\"489\" \/>\n\t<meta property=\"og:image:type\" content=\"image\/jpeg\" \/>\n<meta name=\"author\" content=\"adminfojustice\" \/>\n<meta name=\"twitter:card\" content=\"summary_large_image\" \/>\n<meta name=\"twitter:creator\" content=\"@SyndFoJustice\" \/>\n<meta name=\"twitter:site\" content=\"@SyndFoJustice\" \/>\n<meta name=\"twitter:label1\" content=\"\u00c9crit par\" \/>\n\t<meta name=\"twitter:data1\" content=\"adminfojustice\" \/>\n\t<meta name=\"twitter:label2\" content=\"Dur\u00e9e de lecture estim\u00e9e\" \/>\n\t<meta name=\"twitter:data2\" content=\"1 minute\" \/>\n<script type=\"application\/ld+json\" class=\"yoast-schema-graph\">{\"@context\":\"https:\\\/\\\/schema.org\",\"@graph\":[{\"@type\":\"NewsArticle\",\"@id\":\"https:\\\/\\\/fojustice.fr\\\/web\\\/prison-doermingen-bienvenue-a-jurassic-parc-facon-oermingen\\\/#article\",\"isPartOf\":{\"@id\":\"https:\\\/\\\/fojustice.fr\\\/web\\\/prison-doermingen-bienvenue-a-jurassic-parc-facon-oermingen\\\/\"},\"author\":{\"name\":\"adminfojustice\",\"@id\":\"https:\\\/\\\/fojustice.fr\\\/web\\\/#\\\/schema\\\/person\\\/a51cb9c3495ce0ca62b78fc96ac3bf9f\"},\"headline\":\"Prison d&#8217;Oermingen : Bienvenue \u00e0 Jurassic Parc, fa\u00e7on Oermingen !\",\"datePublished\":\"2026-08-31T08:05:51+00:00\",\"mainEntityOfPage\":{\"@id\":\"https:\\\/\\\/fojustice.fr\\\/web\\\/prison-doermingen-bienvenue-a-jurassic-parc-facon-oermingen\\\/\"},\"wordCount\":303,\"commentCount\":0,\"publisher\":{\"@id\":\"https:\\\/\\\/fojustice.fr\\\/web\\\/#organization\"},\"image\":{\"@id\":\"https:\\\/\\\/fojustice.fr\\\/web\\\/prison-doermingen-bienvenue-a-jurassic-parc-facon-oermingen\\\/#primaryimage\"},\"thumbnailUrl\":\"https:\\\/\\\/fojustice.fr\\\/web\\\/wp-content\\\/uploads\\\/2022\\\/05\\\/Oermingen.jpeg\",\"articleSection\":[\"DISP Strasbourg\"],\"inLanguage\":\"fr-FR\",\"potentialAction\":[{\"@type\":\"CommentAction\",\"name\":\"Comment\",\"target\":[\"https:\\\/\\\/fojustice.fr\\\/web\\\/prison-doermingen-bienvenue-a-jurassic-parc-facon-oermingen\\\/#respond\"]}]},{\"@type\":\"WebPage\",\"@id\":\"https:\\\/\\\/fojustice.fr\\\/web\\\/prison-doermingen-bienvenue-a-jurassic-parc-facon-oermingen\\\/\",\"url\":\"https:\\\/\\\/fojustice.fr\\\/web\\\/prison-doermingen-bienvenue-a-jurassic-parc-facon-oermingen\\\/\",\"name\":\"Prison d'Oermingen : Bienvenue \u00e0 Jurassic Parc, fa\u00e7on Oermingen ! - Syndicat FO Justice\",\"isPartOf\":{\"@id\":\"https:\\\/\\\/fojustice.fr\\\/web\\\/#website\"},\"primaryImageOfPage\":{\"@id\":\"https:\\\/\\\/fojustice.fr\\\/web\\\/prison-doermingen-bienvenue-a-jurassic-parc-facon-oermingen\\\/#primaryimage\"},\"image\":{\"@id\":\"https:\\\/\\\/fojustice.fr\\\/web\\\/prison-doermingen-bienvenue-a-jurassic-parc-facon-oermingen\\\/#primaryimage\"},\"thumbnailUrl\":\"https:\\\/\\\/fojustice.fr\\\/web\\\/wp-content\\\/uploads\\\/2022\\\/05\\\/Oermingen.jpeg\",\"datePublished\":\"2026-08-31T08:05:51+00:00\",\"description\":\"Syndicat FO Justice - DISP Strasbourg - Prison d'Oermingen : Bienvenue \u00e0 Jurassic Parc, fa\u00e7on Oermingen !\",\"breadcrumb\":{\"@id\":\"https:\\\/\\\/fojustice.fr\\\/web\\\/prison-doermingen-bienvenue-a-jurassic-parc-facon-oermingen\\\/#breadcrumb\"},\"inLanguage\":\"fr-FR\",\"potentialAction\":[{\"@type\":\"ReadAction\",\"target\":[\"https:\\\/\\\/fojustice.fr\\\/web\\\/prison-doermingen-bienvenue-a-jurassic-parc-facon-oermingen\\\/\"]}]},{\"@type\":\"ImageObject\",\"inLanguage\":\"fr-FR\",\"@id\":\"https:\\\/\\\/fojustice.fr\\\/web\\\/prison-doermingen-bienvenue-a-jurassic-parc-facon-oermingen\\\/#primaryimage\",\"url\":\"https:\\\/\\\/fojustice.fr\\\/web\\\/wp-content\\\/uploads\\\/2022\\\/05\\\/Oermingen.jpeg\",\"contentUrl\":\"https:\\\/\\\/fojustice.fr\\\/web\\\/wp-content\\\/uploads\\\/2022\\\/05\\\/Oermingen.jpeg\",\"width\":870,\"height\":489},{\"@type\":\"BreadcrumbList\",\"@id\":\"https:\\\/\\\/fojustice.fr\\\/web\\\/prison-doermingen-bienvenue-a-jurassic-parc-facon-oermingen\\\/#breadcrumb\",\"itemListElement\":[{\"@type\":\"ListItem\",\"position\":1,\"name\":\"Accueil\",\"item\":\"https:\\\/\\\/fojustice.fr\\\/web\\\/\"},{\"@type\":\"ListItem\",\"position\":2,\"name\":\"Prison d&#8217;Oermingen : Bienvenue \u00e0 Jurassic Parc, fa\u00e7on Oermingen !\"}]},{\"@type\":\"WebSite\",\"@id\":\"https:\\\/\\\/fojustice.fr\\\/web\\\/#website\",\"url\":\"https:\\\/\\\/fojustice.fr\\\/web\\\/\",\"name\":\"Syndicat FO Justice\",\"description\":\"Site du Syndicat National FO Justice\",\"publisher\":{\"@id\":\"https:\\\/\\\/fojustice.fr\\\/web\\\/#organization\"},\"alternateName\":\"Syndicat National FO Justice\",\"potentialAction\":[{\"@type\":\"SearchAction\",\"target\":{\"@type\":\"EntryPoint\",\"urlTemplate\":\"https:\\\/\\\/fojustice.fr\\\/web\\\/?s={search_term_string}\"},\"query-input\":{\"@type\":\"PropertyValueSpecification\",\"valueRequired\":true,\"valueName\":\"search_term_string\"}}],\"inLanguage\":\"fr-FR\"},{\"@type\":\"Organization\",\"@id\":\"https:\\\/\\\/fojustice.fr\\\/web\\\/#organization\",\"name\":\"Syndicat National FO Justice\",\"alternateName\":\"Syndicat National FO Justice\",\"url\":\"https:\\\/\\\/fojustice.fr\\\/web\\\/\",\"logo\":{\"@type\":\"ImageObject\",\"inLanguage\":\"fr-FR\",\"@id\":\"https:\\\/\\\/fojustice.fr\\\/web\\\/#\\\/schema\\\/logo\\\/image\\\/\",\"url\":\"https:\\\/\\\/fojustice.fr\\\/web\\\/wp-content\\\/uploads\\\/2022\\\/03\\\/logo-fo-justice.png\",\"contentUrl\":\"https:\\\/\\\/fojustice.fr\\\/web\\\/wp-content\\\/uploads\\\/2022\\\/03\\\/logo-fo-justice.png\",\"width\":800,\"height\":800,\"caption\":\"Syndicat National FO Justice\"},\"image\":{\"@id\":\"https:\\\/\\\/fojustice.fr\\\/web\\\/#\\\/schema\\\/logo\\\/image\\\/\"},\"sameAs\":[\"https:\\\/\\\/www.facebook.com\\\/SyndicatFoJustice\",\"https:\\\/\\\/x.com\\\/SyndFoJustice\"]},{\"@type\":\"Person\",\"@id\":\"https:\\\/\\\/fojustice.fr\\\/web\\\/#\\\/schema\\\/person\\\/a51cb9c3495ce0ca62b78fc96ac3bf9f\",\"name\":\"adminfojustice\",\"image\":{\"@type\":\"ImageObject\",\"inLanguage\":\"fr-FR\",\"@id\":\"https:\\\/\\\/secure.gravatar.com\\\/avatar\\\/368884c0ecc46e53d83c0c3c0af4c6c30a6bbc2aab7535848950f43a950bfd4e?s=96&d=mm&r=g\",\"url\":\"https:\\\/\\\/secure.gravatar.com\\\/avatar\\\/368884c0ecc46e53d83c0c3c0af4c6c30a6bbc2aab7535848950f43a950bfd4e?s=96&d=mm&r=g\",\"contentUrl\":\"https:\\\/\\\/secure.gravatar.com\\\/avatar\\\/368884c0ecc46e53d83c0c3c0af4c6c30a6bbc2aab7535848950f43a950bfd4e?s=96&d=mm&r=g\",\"caption\":\"adminfojustice\"},\"sameAs\":[\"https:\\\/\\\/www.fojustice.fr\\\/web\"],\"url\":\"https:\\\/\\\/fojustice.fr\\\/web\\\/author\\\/adminfojustice\\\/\"}]}<\/script>\n<!-- \/ Yoast SEO plugin. -->","yoast_head_json":{"title":"Prison d'Oermingen : Bienvenue \u00e0 Jurassic Parc, fa\u00e7on Oermingen ! - Syndicat FO Justice","description":"Syndicat FO Justice - DISP Strasbourg - Prison d'Oermingen : Bienvenue \u00e0 Jurassic Parc, fa\u00e7on Oermingen !","robots":{"index":"index","follow":"follow","max-snippet":"max-snippet:-1","max-image-preview":"max-image-preview:large","max-video-preview":"max-video-preview:-1"},"canonical":"https:\/\/fojustice.fr\/web\/prison-doermingen-bienvenue-a-jurassic-parc-facon-oermingen\/","og_locale":"fr_FR","og_type":"article","og_title":"Prison d'Oermingen : Bienvenue \u00e0 Jurassic Parc, fa\u00e7on Oermingen ! - Syndicat FO Justice","og_description":"Syndicat FO Justice - DISP Strasbourg - Prison d'Oermingen : Bienvenue \u00e0 Jurassic Parc, fa\u00e7on Oermingen !","og_url":"https:\/\/fojustice.fr\/web\/prison-doermingen-bienvenue-a-jurassic-parc-facon-oermingen\/","og_site_name":"Syndicat FO Justice","article_publisher":"https:\/\/www.facebook.com\/SyndicatFoJustice","article_published_time":"2026-08-31T08:05:51+00:00","og_image":[{"width":870,"height":489,"url":"https:\/\/fojustice.fr\/web\/wp-content\/uploads\/2022\/05\/Oermingen.jpeg","type":"image\/jpeg"}],"author":"adminfojustice","twitter_card":"summary_large_image","twitter_creator":"@SyndFoJustice","twitter_site":"@SyndFoJustice","twitter_misc":{"\u00c9crit par":"adminfojustice","Dur\u00e9e de lecture estim\u00e9e":"1 minute"},"schema":{"@context":"https:\/\/schema.org","@graph":[{"@type":"NewsArticle","@id":"https:\/\/fojustice.fr\/web\/prison-doermingen-bienvenue-a-jurassic-parc-facon-oermingen\/#article","isPartOf":{"@id":"https:\/\/fojustice.fr\/web\/prison-doermingen-bienvenue-a-jurassic-parc-facon-oermingen\/"},"author":{"name":"adminfojustice","@id":"https:\/\/fojustice.fr\/web\/#\/schema\/person\/a51cb9c3495ce0ca62b78fc96ac3bf9f"},"headline":"Prison d&#8217;Oermingen : Bienvenue \u00e0 Jurassic Parc, fa\u00e7on Oermingen !","datePublished":"2026-08-31T08:05:51+00:00","mainEntityOfPage":{"@id":"https:\/\/fojustice.fr\/web\/prison-doermingen-bienvenue-a-jurassic-parc-facon-oermingen\/"},"wordCount":303,"commentCount":0,"publisher":{"@id":"https:\/\/fojustice.fr\/web\/#organization"},"image":{"@id":"https:\/\/fojustice.fr\/web\/prison-doermingen-bienvenue-a-jurassic-parc-facon-oermingen\/#primaryimage"},"thumbnailUrl":"https:\/\/fojustice.fr\/web\/wp-content\/uploads\/2022\/05\/Oermingen.jpeg","articleSection":["DISP Strasbourg"],"inLanguage":"fr-FR","potentialAction":[{"@type":"CommentAction","name":"Comment","target":["https:\/\/fojustice.fr\/web\/prison-doermingen-bienvenue-a-jurassic-parc-facon-oermingen\/#respond"]}]},{"@type":"WebPage","@id":"https:\/\/fojustice.fr\/web\/prison-doermingen-bienvenue-a-jurassic-parc-facon-oermingen\/","url":"https:\/\/fojustice.fr\/web\/prison-doermingen-bienvenue-a-jurassic-parc-facon-oermingen\/","name":"Prison d'Oermingen : Bienvenue \u00e0 Jurassic Parc, fa\u00e7on Oermingen ! - Syndicat FO Justice","isPartOf":{"@id":"https:\/\/fojustice.fr\/web\/#website"},"primaryImageOfPage":{"@id":"https:\/\/fojustice.fr\/web\/prison-doermingen-bienvenue-a-jurassic-parc-facon-oermingen\/#primaryimage"},"image":{"@id":"https:\/\/fojustice.fr\/web\/prison-doermingen-bienvenue-a-jurassic-parc-facon-oermingen\/#primaryimage"},"thumbnailUrl":"https:\/\/fojustice.fr\/web\/wp-content\/uploads\/2022\/05\/Oermingen.jpeg","datePublished":"2026-08-31T08:05:51+00:00","description":"Syndicat FO Justice - DISP Strasbourg - Prison d'Oermingen : Bienvenue \u00e0 Jurassic Parc, fa\u00e7on Oermingen !","breadcrumb":{"@id":"https:\/\/fojustice.fr\/web\/prison-doermingen-bienvenue-a-jurassic-parc-facon-oermingen\/#breadcrumb"},"inLanguage":"fr-FR","potentialAction":[{"@type":"ReadAction","target":["https:\/\/fojustice.fr\/web\/prison-doermingen-bienvenue-a-jurassic-parc-facon-oermingen\/"]}]},{"@type":"ImageObject","inLanguage":"fr-FR","@id":"https:\/\/fojustice.fr\/web\/prison-doermingen-bienvenue-a-jurassic-parc-facon-oermingen\/#primaryimage","url":"https:\/\/fojustice.fr\/web\/wp-content\/uploads\/2022\/05\/Oermingen.jpeg","contentUrl":"https:\/\/fojustice.fr\/web\/wp-content\/uploads\/2022\/05\/Oermingen.jpeg","width":870,"height":489},{"@type":"BreadcrumbList","@id":"https:\/\/fojustice.fr\/web\/prison-doermingen-bienvenue-a-jurassic-parc-facon-oermingen\/#breadcrumb","itemListElement":[{"@type":"ListItem","position":1,"name":"Accueil","item":"https:\/\/fojustice.fr\/web\/"},{"@type":"ListItem","position":2,"name":"Prison d&#8217;Oermingen : Bienvenue \u00e0 Jurassic Parc, fa\u00e7on Oermingen !"}]},{"@type":"WebSite","@id":"https:\/\/fojustice.fr\/web\/#website","url":"https:\/\/fojustice.fr\/web\/","name":"Syndicat FO Justice","description":"Site du Syndicat National FO Justice","publisher":{"@id":"https:\/\/fojustice.fr\/web\/#organization"},"alternateName":"Syndicat National FO Justice","potentialAction":[{"@type":"SearchAction","target":{"@type":"EntryPoint","urlTemplate":"https:\/\/fojustice.fr\/web\/?s={search_term_string}"},"query-input":{"@type":"PropertyValueSpecification","valueRequired":true,"valueName":"search_term_string"}}],"inLanguage":"fr-FR"},{"@type":"Organization","@id":"https:\/\/fojustice.fr\/web\/#organization","name":"Syndicat National FO Justice","alternateName":"Syndicat National FO Justice","url":"https:\/\/fojustice.fr\/web\/","logo":{"@type":"ImageObject","inLanguage":"fr-FR","@id":"https:\/\/fojustice.fr\/web\/#\/schema\/logo\/image\/","url":"https:\/\/fojustice.fr\/web\/wp-content\/uploads\/2022\/03\/logo-fo-justice.png","contentUrl":"https:\/\/fojustice.fr\/web\/wp-content\/uploads\/2022\/03\/logo-fo-justice.png","width":800,"height":800,"caption":"Syndicat National FO Justice"},"image":{"@id":"https:\/\/fojustice.fr\/web\/#\/schema\/logo\/image\/"},"sameAs":["https:\/\/www.facebook.com\/SyndicatFoJustice","https:\/\/x.com\/SyndFoJustice"]},{"@type":"Person","@id":"https:\/\/fojustice.fr\/web\/#\/schema\/person\/a51cb9c3495ce0ca62b78fc96ac3bf9f","name":"adminfojustice","image":{"@type":"ImageObject","inLanguage":"fr-FR","@id":"https:\/\/secure.gravatar.com\/avatar\/368884c0ecc46e53d83c0c3c0af4c6c30a6bbc2aab7535848950f43a950bfd4e?s=96&d=mm&r=g","url":"https:\/\/secure.gravatar.com\/avatar\/368884c0ecc46e53d83c0c3c0af4c6c30a6bbc2aab7535848950f43a950bfd4e?s=96&d=mm&r=g","contentUrl":"https:\/\/secure.gravatar.com\/avatar\/368884c0ecc46e53d83c0c3c0af4c6c30a6bbc2aab7535848950f43a950bfd4e?s=96&d=mm&r=g","caption":"adminfojustice"},"sameAs":["https:\/\/www.fojustice.fr\/web"],"url":"https:\/\/fojustice.fr\/web\/author\/adminfojustice\/"}]}},"jetpack_shortlink":"https:\/\/wp.me\/pdNWl1-dmU","jetpack_sharing_enabled":true,"jetpack_featured_media_url":"https:\/\/fojustice.fr\/web\/wp-content\/uploads\/2022\/05\/Oermingen.jpeg","_links":{"self":[{"href":"https:\/\/fojustice.fr\/web\/wp-json\/wp\/v2\/posts\/51392","targetHints":{"allow":["GET"]}}],"collection":[{"href":"https:\/\/fojustice.fr\/web\/wp-json\/wp\/v2\/posts"}],"about":[{"href":"https:\/\/fojustice.fr\/web\/wp-json\/wp\/v2\/types\/post"}],"author":[{"embeddable":true,"href":"https:\/\/fojustice.fr\/web\/wp-json\/wp\/v2\/users\/1"}],"replies":[{"embeddable":true,"href":"https:\/\/fojustice.fr\/web\/wp-json\/wp\/v2\/comments?post=51392"}],"version-history":[{"count":1,"href":"https:\/\/fojustice.fr\/web\/wp-json\/wp\/v2\/posts\/51392\/revisions"}],"predecessor-version":[{"id":51394,"href":"https:\/\/fojustice.fr\/web\/wp-json\/wp\/v2\/posts\/51392\/revisions\/51394"}],"wp:featuredmedia":[{"embeddable":true,"href":"https:\/\/fojustice.fr\/web\/wp-json\/wp\/v2\/media\/4453"}],"wp:attachment":[{"href":"https:\/\/fojustice.fr\/web\/wp-json\/wp\/v2\/media?parent=51392"}],"wp:term":[{"taxonomy":"category","embeddable":true,"href":"https:\/\/fojustice.fr\/web\/wp-json\/wp\/v2\/categories?post=51392"},{"taxonomy":"post_tag","embeddable":true,"href":"https:\/\/fojustice.fr\/web\/wp-json\/wp\/v2\/tags?post=51392"}],"curies":[{"name":"wp","href":"https:\/\/api.w.org\/{rel}","templated":true}]}}