{"id":51385,"date":"2026-08-31T08:47:03","date_gmt":"2026-08-31T06:47:03","guid":{"rendered":"https:\/\/fojustice.fr\/web\/?p=51385"},"modified":"2026-08-31T08:47:03","modified_gmt":"2026-08-31T06:47:03","slug":"prison-de-majicavo-a-quatre-mois-des-elections-lufap-decouvre-le-centre-penitentiaire","status":"publish","type":"post","link":"https:\/\/fojustice.fr\/web\/prison-de-majicavo-a-quatre-mois-des-elections-lufap-decouvre-le-centre-penitentiaire\/","title":{"rendered":"Prison de Majicavo : \u00c0 quatre mois des \u00e9lections, l&#8217;UFAP d\u00e9couvre le Centre P\u00e9nitentiaire !"},"content":{"rendered":"<p class=\"p1\">\u00c0 quelques mois des \u00e9lections professionnelles, certains semblent soudainement d\u00e9couvrir les r\u00e9alit\u00e9s du <strong>Centre p\u00e9nitentiaire de Majicavo.<\/strong><\/p>\n<p class=\"p1\">Mais les coll\u00e8gues ont de la m\u00e9moire, <strong>et les faits sont l\u00e0.<\/strong><\/p>\n<p class=\"p2\"><span style=\"color: #ff0000;\"><strong>L\u2019int\u00e9gration des surveillants mahorais: FO Justice avait fait le choix de d\u00e9fendre les coll\u00e8gues<\/strong><\/span><\/p>\n<p class=\"p1\">\u00c0 l\u2019\u00e9poque de l\u2019int\u00e9gration des coll\u00e8gues surveillants mahorais recrut\u00e9s localement :<\/p>\n<p class=\"p3\"><span style=\"color: #000080;\"><strong><span class=\"s1\">\u2022 <\/span>L\u2019UFAP avait vot\u00e9 CONTRE ;<\/strong><\/span><\/p>\n<p class=\"p3\"><span style=\"color: #000080;\"><strong><span class=\"s1\">\u2022 <\/span>La CGT s\u2019\u00e9tait ABSTENUE ;<\/strong><\/span><\/p>\n<p class=\"p3\"><span style=\"color: #000080;\"><strong><span class=\"s1\">\u2022 <\/span>FO Justice \u00e9tait la seule organisation syndicale \u00e0 avoir vot\u00e9 POUR.<\/strong><\/span><\/p>\n<p class=\"p4\"><span style=\"color: #ff0000;\"><strong>C\u2019est un fait.<\/strong><\/span><\/p>\n<p class=\"p1\">Tous les anciens coll\u00e8gues pourront en t\u00e9moigner.<\/p>\n<p class=\"p1\">Aujourd\u2019hui encore, les cons\u00e9quences de certaines d\u00e9cisions prises \u00e0 cette \u00e9poque continuent d\u2019impacter la fiabilisation des carri\u00e8res des coll\u00e8gues mahorais.<\/p>\n<p class=\"p3\"><span style=\"color: #000080;\"><strong>FO Justice, elle, avait fait le choix de soutenir les personnels.<\/strong><\/span><\/p>\n<p class=\"p5\"><span style=\"color: #ff0000;\"><strong>Plus de dix ans d\u2019absence\u2026 et soudain, \u00e0 quatre mois des \u00e9lections !<\/strong><\/span><\/p>\n<p class=\"p1\">Pendant plus de dix ans, l\u2019UFAP nationale n\u2019est pas venue dans notre \u00e9tablissement.<\/p>\n<p class=\"p1\">Pendant ce temps, FO Justice \u00e9tait pr\u00e9sente et continuait de d\u00e9fendre les personnels et les int\u00e9r\u00eats des agents du Centre p\u00e9nitentiaire de Majicavo.<\/p>\n<p class=\"p1\">Aujourd\u2019hui, \u00e0 quelques mois des \u00e9lections professionnelles, certains d\u00e9couvrent soudainement notre \u00e9tablissement et les difficult\u00e9s rencontr\u00e9es quotidiennement par les personnels.<\/p>\n<p class=\"p3\"><span style=\"color: #000080;\"><strong>Les coll\u00e8gues jugeront sur les actes, pas sur les apparitions de derni\u00e8re minute.<\/strong><\/span><\/p>\n<p class=\"p6\">Les grands mouvements sociaux : souvenez-vous !<\/p>\n<p class=\"p1\">Lors des grands mouvements sociaux intersyndicaux de ces derni\u00e8res ann\u00e9es, une consigne revenait r\u00e9guli\u00e8rement.<\/p>\n<p class=\"p1\">Souvenez-vous de la consigne qui \u00e9tait donn\u00e9e par le secr\u00e9taire national de l\u2019UFAP de l\u2019\u00e9poque, au secr\u00e9taire UFAP local de se retirer de l\u2019intersyndicale.<\/p>\n<p class=\"p1\">Et cette consigne \u00e9tait appliqu\u00e9e ;<\/p>\n<p class=\"p4\"><span class=\"s2\">Les faits sont l\u00e0. <\/span><span style=\"color: #ff0000;\"><strong>FO Justice ne les invente pas.<\/strong><\/span><\/p>\n<p class=\"p1\"><strong>Prenons l\u2019exemple du plus grand mouvement social qu\u2019a connu notre \u00e9tablissement, un mouvement <span class=\"s3\">qui avait dur\u00e9 pr\u00e8s de <\/span><span class=\"s4\" style=\"color: #ff0000;\">trois semaines.<\/span><\/strong><\/p>\n<p class=\"p1\">Les revendications \u00e9taient pourtant essentielles:<\/p>\n<p class=\"p3\"><span style=\"color: #000080;\"><strong>\u2022 l\u2019agrandissement du b\u00e2timent H ;<\/strong><\/span><\/p>\n<p class=\"p3\"><span style=\"color: #000080;\"><strong>\u2022 la construction d\u2019un nouvel \u00e9tablissement ;<\/strong><\/span><\/p>\n<p class=\"p3\"><span style=\"color: #000080;\"><strong>\u2022 le renforcement des effectifs ;<\/strong><\/span><\/p>\n<p class=\"p3\"><span style=\"color: #000080;\"><strong>\u2022 et de nombreuses autres revendications indispensables pour am\u00e9liorer les conditions de travail des personnels.<\/strong><\/span><\/p>\n<p class=\"p2\"><span class=\"s1\">Pourtant, souvenez-vous : <\/span><span style=\"color: #ff0000;\"><strong>l\u2019UFAP s\u2019\u00e9tait retir\u00e9e du mouvement.<\/strong><\/span><\/p>\n<p class=\"p1\">Mais lorsque les repr\u00e9sentants des organisations syndicales devaient se rendre au minist\u00e8re pour participer aux n\u00e9gociations, l\u2019UFAP avait demand\u00e9 et obtenu \u00e0 participer aux discussions, alors m\u00eame qu\u2019elle ne faisait plus partie du mouvement.<\/p>\n<p class=\"p4\"><strong><span style=\"color: #ff0000;\">Les coll\u00e8gues appr\u00e9cieront.<\/span><\/strong><\/p>\n<p class=\"p6\"><span style=\"color: #000080;\"><strong>Apr\u00e8s CHIDO : FO Justice \u00e9tait l\u00e0 pour les agents sinistr\u00e9s<\/strong><\/span><\/p>\n<p class=\"p1\">Souvenez-vous \u00e9galement de la p\u00e9riode qui a suivi <strong>CHIDO<\/strong>.<\/p>\n<p class=\"p1\">Alors que les agents sinistr\u00e9s avaient besoin d\u2019une aide rapide et concr\u00e8te, le secr\u00e9taire national UNSA Justice avait notamment exig\u00e9 une assurance pour pouvoir b\u00e9n\u00e9ficier de la prime.<\/p>\n<p class=\"p1\">Ses propos \u00e9taient clairs :<\/p>\n<p class=\"p4\"><span style=\"color: #ff0000;\"><strong>\u00ab Les r\u00e8gles sont valables pour tout le monde. \u00bb<\/strong><\/span><\/p>\n<p class=\"p1\">Heureusement, les repr\u00e9sentants de <strong>FO Justice<\/strong> \u00e9taient pr\u00e9sents.<\/p>\n<p class=\"p1\">Gr\u00e2ce \u00e0 leur intervention et \u00e0 leur mobilisation,<strong> une enveloppe suppl\u00e9mentaire<\/strong> a pu \u00eatre d\u00e9bloqu\u00e9e afin de venir en aide aux agents sinistr\u00e9s.<\/p>\n<p class=\"p1\">Quand les coll\u00e8gues avaient besoin de soutien, <strong>FO Justice \u00e9tait l\u00e0 pour d\u00e9fendre leurs int\u00e9r\u00eats.<\/strong><\/p>\n<p class=\"p9\"><strong><span style=\"color: #ff0000;\">LES FAITS. RIEN QUE LES FAITS.<\/span><\/strong><\/p>\n<p class=\"p1\">\u00c0 quatre mois des \u00e9lections professionnelles, les coll\u00e8gues doivent pouvoir faire leur choix en toute connaissance de cause.<\/p>\n<p class=\"p1\">FO Justice ne d\u00e9couvre pas aujourd\u2019hui le Centre p\u00e9nitentiaire de Majicavo.<\/p>\n<p class=\"p10\"><span style=\"color: #000080;\"><strong>FO Justice \u00e9tait l\u00e0 hier.<\/strong><\/span><\/p>\n<p class=\"p10\"><span style=\"color: #000080;\"><strong>FO Justice est l\u00e0 aujourd\u2019hui.<\/strong><\/span><\/p>\n<p class=\"p10\"><span style=\"color: #000080;\"><strong>FO Justice sera l\u00e0 demain.<\/strong><\/span><\/p>\n<p class=\"p11\"><strong>LES COLL\u00c8GUES ONT DE LA M\u00c9MOIRE !<\/strong><\/p>\n<p class=\"p4\"><span style=\"color: #ff0000;\"><strong>FO JUSTICE<\/strong><\/span><\/p>\n<p class=\"p4\"><span style=\"color: #ff0000;\"><strong>Toujours aux c\u00f4t\u00e9s des personnels !<\/strong><\/span><\/p>\n<p><a href=\"https:\/\/fojustice.fr\/web\/wp-content\/uploads\/2026\/08\/UFAP-DECOUVRE-MAJICAVO.pdf\">Lire le communiqu\u00e9<\/a><\/p>\n","protected":false},"excerpt":{"rendered":"<p>\u00c0 quelques mois des \u00e9lections professionnelles, certains semblent soudainement d\u00e9couvrir les r\u00e9alit\u00e9s du Centre p\u00e9nitentiaire de Majicavo. Mais les coll\u00e8gues ont de la m\u00e9moire, et les faits sont l\u00e0. L\u2019int\u00e9gration des surveillants mahorais: FO Justice avait fait le choix de d\u00e9fendre les coll\u00e8gues \u00c0 l\u2019\u00e9poque de l\u2019int\u00e9gration des coll\u00e8gues surveillants mahorais recrut\u00e9s localement : \u2022 [&hellip;]<\/p>\n","protected":false},"author":1,"featured_media":28217,"comment_status":"open","ping_status":"open","sticky":false,"template":"","format":"standard","meta":{"_angie_page":false,"_jetpack_newsletter_access":"","_jetpack_dont_email_post_to_subs":true,"_jetpack_newsletter_tier_id":0,"_jetpack_memberships_contains_paywalled_content":false,"page_builder":"","_jetpack_feature_clip_id":0,"_jetpack_memberships_contains_paid_content":false,"footnotes":"","jetpack_post_was_ever_published":false,"_members_access_role":[],"_members_access_error":""},"categories":[38],"tags":[],"class_list":["post-51385","post","type-post","status-publish","format-standard","has-post-thumbnail","hentry","category-dom-tom"],"yoast_head":"<!-- This site is optimized with the Yoast SEO plugin v28.3 - https:\/\/yoast.com\/product\/yoast-seo-wordpress\/ -->\n<title>Prison de Majicavo : \u00c0 quatre mois des \u00e9lections, l&#039;UFAP d\u00e9couvre le Centre P\u00e9nitentiaire ! - Syndicat FO Justice<\/title>\n<meta name=\"description\" content=\"Syndicat FO Justice - DOM-TOM - Prison de Majicavo : \u00c0 quatre mois des \u00e9lections, l&#039;UFAP d\u00e9couvre le Centre P\u00e9nitentiaire !\" \/>\n<meta name=\"robots\" content=\"index, follow, max-snippet:-1, max-image-preview:large, max-video-preview:-1\" \/>\n<link rel=\"canonical\" href=\"https:\/\/fojustice.fr\/web\/prison-de-majicavo-a-quatre-mois-des-elections-lufap-decouvre-le-centre-penitentiaire\/\" \/>\n<meta property=\"og:locale\" content=\"fr_FR\" \/>\n<meta property=\"og:type\" content=\"article\" \/>\n<meta property=\"og:title\" content=\"Prison de Majicavo : \u00c0 quatre mois des \u00e9lections, l&#039;UFAP d\u00e9couvre le Centre P\u00e9nitentiaire ! - Syndicat FO Justice\" \/>\n<meta property=\"og:description\" content=\"Syndicat FO Justice - DOM-TOM - Prison de Majicavo : \u00c0 quatre mois des \u00e9lections, l&#039;UFAP d\u00e9couvre le Centre P\u00e9nitentiaire !\" \/>\n<meta property=\"og:url\" content=\"https:\/\/fojustice.fr\/web\/prison-de-majicavo-a-quatre-mois-des-elections-lufap-decouvre-le-centre-penitentiaire\/\" \/>\n<meta property=\"og:site_name\" content=\"Syndicat FO Justice\" \/>\n<meta property=\"article:publisher\" content=\"https:\/\/www.facebook.com\/SyndicatFoJustice\" \/>\n<meta property=\"article:published_time\" content=\"2026-08-31T06:47:03+00:00\" \/>\n<meta property=\"og:image\" content=\"https:\/\/fojustice.fr\/web\/wp-content\/uploads\/2024\/11\/MAjicavo-3.jpeg\" \/>\n\t<meta property=\"og:image:width\" content=\"1600\" \/>\n\t<meta property=\"og:image:height\" content=\"747\" \/>\n\t<meta property=\"og:image:type\" content=\"image\/jpeg\" \/>\n<meta name=\"author\" content=\"adminfojustice\" \/>\n<meta name=\"twitter:card\" content=\"summary_large_image\" \/>\n<meta name=\"twitter:creator\" content=\"@SyndFoJustice\" \/>\n<meta name=\"twitter:site\" content=\"@SyndFoJustice\" \/>\n<meta name=\"twitter:label1\" content=\"\u00c9crit par\" \/>\n\t<meta name=\"twitter:data1\" content=\"adminfojustice\" \/>\n\t<meta name=\"twitter:label2\" content=\"Dur\u00e9e de lecture estim\u00e9e\" \/>\n\t<meta name=\"twitter:data2\" content=\"3 minutes\" \/>\n<script type=\"application\/ld+json\" class=\"yoast-schema-graph\">{\"@context\":\"https:\\\/\\\/schema.org\",\"@graph\":[{\"@type\":\"NewsArticle\",\"@id\":\"https:\\\/\\\/fojustice.fr\\\/web\\\/prison-de-majicavo-a-quatre-mois-des-elections-lufap-decouvre-le-centre-penitentiaire\\\/#article\",\"isPartOf\":{\"@id\":\"https:\\\/\\\/fojustice.fr\\\/web\\\/prison-de-majicavo-a-quatre-mois-des-elections-lufap-decouvre-le-centre-penitentiaire\\\/\"},\"author\":{\"name\":\"adminfojustice\",\"@id\":\"https:\\\/\\\/fojustice.fr\\\/web\\\/#\\\/schema\\\/person\\\/a51cb9c3495ce0ca62b78fc96ac3bf9f\"},\"headline\":\"Prison de Majicavo : \u00c0 quatre mois des \u00e9lections, l&#8217;UFAP d\u00e9couvre le Centre P\u00e9nitentiaire !\",\"datePublished\":\"2026-08-31T06:47:03+00:00\",\"mainEntityOfPage\":{\"@id\":\"https:\\\/\\\/fojustice.fr\\\/web\\\/prison-de-majicavo-a-quatre-mois-des-elections-lufap-decouvre-le-centre-penitentiaire\\\/\"},\"wordCount\":623,\"commentCount\":0,\"publisher\":{\"@id\":\"https:\\\/\\\/fojustice.fr\\\/web\\\/#organization\"},\"image\":{\"@id\":\"https:\\\/\\\/fojustice.fr\\\/web\\\/prison-de-majicavo-a-quatre-mois-des-elections-lufap-decouvre-le-centre-penitentiaire\\\/#primaryimage\"},\"thumbnailUrl\":\"https:\\\/\\\/fojustice.fr\\\/web\\\/wp-content\\\/uploads\\\/2024\\\/11\\\/MAjicavo-3.jpeg\",\"articleSection\":[\"DOM-TOM\"],\"inLanguage\":\"fr-FR\",\"potentialAction\":[{\"@type\":\"CommentAction\",\"name\":\"Comment\",\"target\":[\"https:\\\/\\\/fojustice.fr\\\/web\\\/prison-de-majicavo-a-quatre-mois-des-elections-lufap-decouvre-le-centre-penitentiaire\\\/#respond\"]}]},{\"@type\":\"WebPage\",\"@id\":\"https:\\\/\\\/fojustice.fr\\\/web\\\/prison-de-majicavo-a-quatre-mois-des-elections-lufap-decouvre-le-centre-penitentiaire\\\/\",\"url\":\"https:\\\/\\\/fojustice.fr\\\/web\\\/prison-de-majicavo-a-quatre-mois-des-elections-lufap-decouvre-le-centre-penitentiaire\\\/\",\"name\":\"Prison de Majicavo : \u00c0 quatre mois des \u00e9lections, l'UFAP d\u00e9couvre le Centre P\u00e9nitentiaire ! - Syndicat FO Justice\",\"isPartOf\":{\"@id\":\"https:\\\/\\\/fojustice.fr\\\/web\\\/#website\"},\"primaryImageOfPage\":{\"@id\":\"https:\\\/\\\/fojustice.fr\\\/web\\\/prison-de-majicavo-a-quatre-mois-des-elections-lufap-decouvre-le-centre-penitentiaire\\\/#primaryimage\"},\"image\":{\"@id\":\"https:\\\/\\\/fojustice.fr\\\/web\\\/prison-de-majicavo-a-quatre-mois-des-elections-lufap-decouvre-le-centre-penitentiaire\\\/#primaryimage\"},\"thumbnailUrl\":\"https:\\\/\\\/fojustice.fr\\\/web\\\/wp-content\\\/uploads\\\/2024\\\/11\\\/MAjicavo-3.jpeg\",\"datePublished\":\"2026-08-31T06:47:03+00:00\",\"description\":\"Syndicat FO Justice - DOM-TOM - Prison de Majicavo : \u00c0 quatre mois des \u00e9lections, l'UFAP d\u00e9couvre le Centre P\u00e9nitentiaire !\",\"breadcrumb\":{\"@id\":\"https:\\\/\\\/fojustice.fr\\\/web\\\/prison-de-majicavo-a-quatre-mois-des-elections-lufap-decouvre-le-centre-penitentiaire\\\/#breadcrumb\"},\"inLanguage\":\"fr-FR\",\"potentialAction\":[{\"@type\":\"ReadAction\",\"target\":[\"https:\\\/\\\/fojustice.fr\\\/web\\\/prison-de-majicavo-a-quatre-mois-des-elections-lufap-decouvre-le-centre-penitentiaire\\\/\"]}]},{\"@type\":\"ImageObject\",\"inLanguage\":\"fr-FR\",\"@id\":\"https:\\\/\\\/fojustice.fr\\\/web\\\/prison-de-majicavo-a-quatre-mois-des-elections-lufap-decouvre-le-centre-penitentiaire\\\/#primaryimage\",\"url\":\"https:\\\/\\\/fojustice.fr\\\/web\\\/wp-content\\\/uploads\\\/2024\\\/11\\\/MAjicavo-3.jpeg\",\"contentUrl\":\"https:\\\/\\\/fojustice.fr\\\/web\\\/wp-content\\\/uploads\\\/2024\\\/11\\\/MAjicavo-3.jpeg\",\"width\":1600,\"height\":747},{\"@type\":\"BreadcrumbList\",\"@id\":\"https:\\\/\\\/fojustice.fr\\\/web\\\/prison-de-majicavo-a-quatre-mois-des-elections-lufap-decouvre-le-centre-penitentiaire\\\/#breadcrumb\",\"itemListElement\":[{\"@type\":\"ListItem\",\"position\":1,\"name\":\"Accueil\",\"item\":\"https:\\\/\\\/fojustice.fr\\\/web\\\/\"},{\"@type\":\"ListItem\",\"position\":2,\"name\":\"Prison de Majicavo : \u00c0 quatre mois des \u00e9lections, l&#8217;UFAP d\u00e9couvre le Centre P\u00e9nitentiaire !\"}]},{\"@type\":\"WebSite\",\"@id\":\"https:\\\/\\\/fojustice.fr\\\/web\\\/#website\",\"url\":\"https:\\\/\\\/fojustice.fr\\\/web\\\/\",\"name\":\"Syndicat FO Justice\",\"description\":\"Site du Syndicat National FO Justice\",\"publisher\":{\"@id\":\"https:\\\/\\\/fojustice.fr\\\/web\\\/#organization\"},\"alternateName\":\"Syndicat National FO Justice\",\"potentialAction\":[{\"@type\":\"SearchAction\",\"target\":{\"@type\":\"EntryPoint\",\"urlTemplate\":\"https:\\\/\\\/fojustice.fr\\\/web\\\/?s={search_term_string}\"},\"query-input\":{\"@type\":\"PropertyValueSpecification\",\"valueRequired\":true,\"valueName\":\"search_term_string\"}}],\"inLanguage\":\"fr-FR\"},{\"@type\":\"Organization\",\"@id\":\"https:\\\/\\\/fojustice.fr\\\/web\\\/#organization\",\"name\":\"Syndicat National FO Justice\",\"alternateName\":\"Syndicat National FO Justice\",\"url\":\"https:\\\/\\\/fojustice.fr\\\/web\\\/\",\"logo\":{\"@type\":\"ImageObject\",\"inLanguage\":\"fr-FR\",\"@id\":\"https:\\\/\\\/fojustice.fr\\\/web\\\/#\\\/schema\\\/logo\\\/image\\\/\",\"url\":\"https:\\\/\\\/fojustice.fr\\\/web\\\/wp-content\\\/uploads\\\/2022\\\/03\\\/logo-fo-justice.png\",\"contentUrl\":\"https:\\\/\\\/fojustice.fr\\\/web\\\/wp-content\\\/uploads\\\/2022\\\/03\\\/logo-fo-justice.png\",\"width\":800,\"height\":800,\"caption\":\"Syndicat National FO Justice\"},\"image\":{\"@id\":\"https:\\\/\\\/fojustice.fr\\\/web\\\/#\\\/schema\\\/logo\\\/image\\\/\"},\"sameAs\":[\"https:\\\/\\\/www.facebook.com\\\/SyndicatFoJustice\",\"https:\\\/\\\/x.com\\\/SyndFoJustice\"]},{\"@type\":\"Person\",\"@id\":\"https:\\\/\\\/fojustice.fr\\\/web\\\/#\\\/schema\\\/person\\\/a51cb9c3495ce0ca62b78fc96ac3bf9f\",\"name\":\"adminfojustice\",\"image\":{\"@type\":\"ImageObject\",\"inLanguage\":\"fr-FR\",\"@id\":\"https:\\\/\\\/secure.gravatar.com\\\/avatar\\\/368884c0ecc46e53d83c0c3c0af4c6c30a6bbc2aab7535848950f43a950bfd4e?s=96&d=mm&r=g\",\"url\":\"https:\\\/\\\/secure.gravatar.com\\\/avatar\\\/368884c0ecc46e53d83c0c3c0af4c6c30a6bbc2aab7535848950f43a950bfd4e?s=96&d=mm&r=g\",\"contentUrl\":\"https:\\\/\\\/secure.gravatar.com\\\/avatar\\\/368884c0ecc46e53d83c0c3c0af4c6c30a6bbc2aab7535848950f43a950bfd4e?s=96&d=mm&r=g\",\"caption\":\"adminfojustice\"},\"sameAs\":[\"https:\\\/\\\/www.fojustice.fr\\\/web\"],\"url\":\"https:\\\/\\\/fojustice.fr\\\/web\\\/author\\\/adminfojustice\\\/\"}]}<\/script>\n<!-- \/ Yoast SEO plugin. -->","yoast_head_json":{"title":"Prison de Majicavo : \u00c0 quatre mois des \u00e9lections, l'UFAP d\u00e9couvre le Centre P\u00e9nitentiaire ! - Syndicat FO Justice","description":"Syndicat FO Justice - DOM-TOM - Prison de Majicavo : \u00c0 quatre mois des \u00e9lections, l'UFAP d\u00e9couvre le Centre P\u00e9nitentiaire !","robots":{"index":"index","follow":"follow","max-snippet":"max-snippet:-1","max-image-preview":"max-image-preview:large","max-video-preview":"max-video-preview:-1"},"canonical":"https:\/\/fojustice.fr\/web\/prison-de-majicavo-a-quatre-mois-des-elections-lufap-decouvre-le-centre-penitentiaire\/","og_locale":"fr_FR","og_type":"article","og_title":"Prison de Majicavo : \u00c0 quatre mois des \u00e9lections, l'UFAP d\u00e9couvre le Centre P\u00e9nitentiaire ! - Syndicat FO Justice","og_description":"Syndicat FO Justice - DOM-TOM - Prison de Majicavo : \u00c0 quatre mois des \u00e9lections, l'UFAP d\u00e9couvre le Centre P\u00e9nitentiaire !","og_url":"https:\/\/fojustice.fr\/web\/prison-de-majicavo-a-quatre-mois-des-elections-lufap-decouvre-le-centre-penitentiaire\/","og_site_name":"Syndicat FO Justice","article_publisher":"https:\/\/www.facebook.com\/SyndicatFoJustice","article_published_time":"2026-08-31T06:47:03+00:00","og_image":[{"width":1600,"height":747,"url":"https:\/\/fojustice.fr\/web\/wp-content\/uploads\/2024\/11\/MAjicavo-3.jpeg","type":"image\/jpeg"}],"author":"adminfojustice","twitter_card":"summary_large_image","twitter_creator":"@SyndFoJustice","twitter_site":"@SyndFoJustice","twitter_misc":{"\u00c9crit par":"adminfojustice","Dur\u00e9e de lecture estim\u00e9e":"3 minutes"},"schema":{"@context":"https:\/\/schema.org","@graph":[{"@type":"NewsArticle","@id":"https:\/\/fojustice.fr\/web\/prison-de-majicavo-a-quatre-mois-des-elections-lufap-decouvre-le-centre-penitentiaire\/#article","isPartOf":{"@id":"https:\/\/fojustice.fr\/web\/prison-de-majicavo-a-quatre-mois-des-elections-lufap-decouvre-le-centre-penitentiaire\/"},"author":{"name":"adminfojustice","@id":"https:\/\/fojustice.fr\/web\/#\/schema\/person\/a51cb9c3495ce0ca62b78fc96ac3bf9f"},"headline":"Prison de Majicavo : \u00c0 quatre mois des \u00e9lections, l&#8217;UFAP d\u00e9couvre le Centre P\u00e9nitentiaire !","datePublished":"2026-08-31T06:47:03+00:00","mainEntityOfPage":{"@id":"https:\/\/fojustice.fr\/web\/prison-de-majicavo-a-quatre-mois-des-elections-lufap-decouvre-le-centre-penitentiaire\/"},"wordCount":623,"commentCount":0,"publisher":{"@id":"https:\/\/fojustice.fr\/web\/#organization"},"image":{"@id":"https:\/\/fojustice.fr\/web\/prison-de-majicavo-a-quatre-mois-des-elections-lufap-decouvre-le-centre-penitentiaire\/#primaryimage"},"thumbnailUrl":"https:\/\/fojustice.fr\/web\/wp-content\/uploads\/2024\/11\/MAjicavo-3.jpeg","articleSection":["DOM-TOM"],"inLanguage":"fr-FR","potentialAction":[{"@type":"CommentAction","name":"Comment","target":["https:\/\/fojustice.fr\/web\/prison-de-majicavo-a-quatre-mois-des-elections-lufap-decouvre-le-centre-penitentiaire\/#respond"]}]},{"@type":"WebPage","@id":"https:\/\/fojustice.fr\/web\/prison-de-majicavo-a-quatre-mois-des-elections-lufap-decouvre-le-centre-penitentiaire\/","url":"https:\/\/fojustice.fr\/web\/prison-de-majicavo-a-quatre-mois-des-elections-lufap-decouvre-le-centre-penitentiaire\/","name":"Prison de Majicavo : \u00c0 quatre mois des \u00e9lections, l'UFAP d\u00e9couvre le Centre P\u00e9nitentiaire ! - Syndicat FO Justice","isPartOf":{"@id":"https:\/\/fojustice.fr\/web\/#website"},"primaryImageOfPage":{"@id":"https:\/\/fojustice.fr\/web\/prison-de-majicavo-a-quatre-mois-des-elections-lufap-decouvre-le-centre-penitentiaire\/#primaryimage"},"image":{"@id":"https:\/\/fojustice.fr\/web\/prison-de-majicavo-a-quatre-mois-des-elections-lufap-decouvre-le-centre-penitentiaire\/#primaryimage"},"thumbnailUrl":"https:\/\/fojustice.fr\/web\/wp-content\/uploads\/2024\/11\/MAjicavo-3.jpeg","datePublished":"2026-08-31T06:47:03+00:00","description":"Syndicat FO Justice - DOM-TOM - Prison de Majicavo : \u00c0 quatre mois des \u00e9lections, l'UFAP d\u00e9couvre le Centre P\u00e9nitentiaire !","breadcrumb":{"@id":"https:\/\/fojustice.fr\/web\/prison-de-majicavo-a-quatre-mois-des-elections-lufap-decouvre-le-centre-penitentiaire\/#breadcrumb"},"inLanguage":"fr-FR","potentialAction":[{"@type":"ReadAction","target":["https:\/\/fojustice.fr\/web\/prison-de-majicavo-a-quatre-mois-des-elections-lufap-decouvre-le-centre-penitentiaire\/"]}]},{"@type":"ImageObject","inLanguage":"fr-FR","@id":"https:\/\/fojustice.fr\/web\/prison-de-majicavo-a-quatre-mois-des-elections-lufap-decouvre-le-centre-penitentiaire\/#primaryimage","url":"https:\/\/fojustice.fr\/web\/wp-content\/uploads\/2024\/11\/MAjicavo-3.jpeg","contentUrl":"https:\/\/fojustice.fr\/web\/wp-content\/uploads\/2024\/11\/MAjicavo-3.jpeg","width":1600,"height":747},{"@type":"BreadcrumbList","@id":"https:\/\/fojustice.fr\/web\/prison-de-majicavo-a-quatre-mois-des-elections-lufap-decouvre-le-centre-penitentiaire\/#breadcrumb","itemListElement":[{"@type":"ListItem","position":1,"name":"Accueil","item":"https:\/\/fojustice.fr\/web\/"},{"@type":"ListItem","position":2,"name":"Prison de Majicavo : \u00c0 quatre mois des \u00e9lections, l&#8217;UFAP d\u00e9couvre le Centre P\u00e9nitentiaire !"}]},{"@type":"WebSite","@id":"https:\/\/fojustice.fr\/web\/#website","url":"https:\/\/fojustice.fr\/web\/","name":"Syndicat FO Justice","description":"Site du Syndicat National FO Justice","publisher":{"@id":"https:\/\/fojustice.fr\/web\/#organization"},"alternateName":"Syndicat National FO Justice","potentialAction":[{"@type":"SearchAction","target":{"@type":"EntryPoint","urlTemplate":"https:\/\/fojustice.fr\/web\/?s={search_term_string}"},"query-input":{"@type":"PropertyValueSpecification","valueRequired":true,"valueName":"search_term_string"}}],"inLanguage":"fr-FR"},{"@type":"Organization","@id":"https:\/\/fojustice.fr\/web\/#organization","name":"Syndicat National FO Justice","alternateName":"Syndicat National FO Justice","url":"https:\/\/fojustice.fr\/web\/","logo":{"@type":"ImageObject","inLanguage":"fr-FR","@id":"https:\/\/fojustice.fr\/web\/#\/schema\/logo\/image\/","url":"https:\/\/fojustice.fr\/web\/wp-content\/uploads\/2022\/03\/logo-fo-justice.png","contentUrl":"https:\/\/fojustice.fr\/web\/wp-content\/uploads\/2022\/03\/logo-fo-justice.png","width":800,"height":800,"caption":"Syndicat National FO Justice"},"image":{"@id":"https:\/\/fojustice.fr\/web\/#\/schema\/logo\/image\/"},"sameAs":["https:\/\/www.facebook.com\/SyndicatFoJustice","https:\/\/x.com\/SyndFoJustice"]},{"@type":"Person","@id":"https:\/\/fojustice.fr\/web\/#\/schema\/person\/a51cb9c3495ce0ca62b78fc96ac3bf9f","name":"adminfojustice","image":{"@type":"ImageObject","inLanguage":"fr-FR","@id":"https:\/\/secure.gravatar.com\/avatar\/368884c0ecc46e53d83c0c3c0af4c6c30a6bbc2aab7535848950f43a950bfd4e?s=96&d=mm&r=g","url":"https:\/\/secure.gravatar.com\/avatar\/368884c0ecc46e53d83c0c3c0af4c6c30a6bbc2aab7535848950f43a950bfd4e?s=96&d=mm&r=g","contentUrl":"https:\/\/secure.gravatar.com\/avatar\/368884c0ecc46e53d83c0c3c0af4c6c30a6bbc2aab7535848950f43a950bfd4e?s=96&d=mm&r=g","caption":"adminfojustice"},"sameAs":["https:\/\/www.fojustice.fr\/web"],"url":"https:\/\/fojustice.fr\/web\/author\/adminfojustice\/"}]}},"jetpack_shortlink":"https:\/\/wp.me\/pdNWl1-dmN","jetpack_sharing_enabled":true,"jetpack_featured_media_url":"https:\/\/fojustice.fr\/web\/wp-content\/uploads\/2024\/11\/MAjicavo-3.jpeg","_links":{"self":[{"href":"https:\/\/fojustice.fr\/web\/wp-json\/wp\/v2\/posts\/51385","targetHints":{"allow":["GET"]}}],"collection":[{"href":"https:\/\/fojustice.fr\/web\/wp-json\/wp\/v2\/posts"}],"about":[{"href":"https:\/\/fojustice.fr\/web\/wp-json\/wp\/v2\/types\/post"}],"author":[{"embeddable":true,"href":"https:\/\/fojustice.fr\/web\/wp-json\/wp\/v2\/users\/1"}],"replies":[{"embeddable":true,"href":"https:\/\/fojustice.fr\/web\/wp-json\/wp\/v2\/comments?post=51385"}],"version-history":[{"count":1,"href":"https:\/\/fojustice.fr\/web\/wp-json\/wp\/v2\/posts\/51385\/revisions"}],"predecessor-version":[{"id":51387,"href":"https:\/\/fojustice.fr\/web\/wp-json\/wp\/v2\/posts\/51385\/revisions\/51387"}],"wp:featuredmedia":[{"embeddable":true,"href":"https:\/\/fojustice.fr\/web\/wp-json\/wp\/v2\/media\/28217"}],"wp:attachment":[{"href":"https:\/\/fojustice.fr\/web\/wp-json\/wp\/v2\/media?parent=51385"}],"wp:term":[{"taxonomy":"category","embeddable":true,"href":"https:\/\/fojustice.fr\/web\/wp-json\/wp\/v2\/categories?post=51385"},{"taxonomy":"post_tag","embeddable":true,"href":"https:\/\/fojustice.fr\/web\/wp-json\/wp\/v2\/tags?post=51385"}],"curies":[{"name":"wp","href":"https:\/\/api.w.org\/{rel}","templated":true}]}}