{"id":51382,"date":"2026-08-30T18:24:13","date_gmt":"2026-08-30T16:24:13","guid":{"rendered":"https:\/\/fojustice.fr\/web\/?p=51382"},"modified":"2026-08-30T18:24:13","modified_gmt":"2026-08-30T16:24:13","slug":"prison-de-caen-ifs-ca-demonte-ca-cache-ca-trafique","status":"publish","type":"post","link":"https:\/\/fojustice.fr\/web\/prison-de-caen-ifs-ca-demonte-ca-cache-ca-trafique\/","title":{"rendered":"Prison de Caen-Ifs : \u00c7a d\u00e9monte, \u00e7a cache, \u00e7a trafique !"},"content":{"rendered":"<p class=\"p1\">D\u00e9cid\u00e9ment, les d\u00e9couvertes de produits et objets interdits continuent de s\u2019encha\u00eener au sein de l\u2019\u00e9tablissement.<\/p>\n<p class=\"p1\">Ce 28 ao\u00fbt, en fin de journ\u00e9e, lors d\u2019une fouille de cellule programm\u00e9e en MAH1, les ELSP ont r\u00e9alis\u00e9 une nouvelle d\u00e9couverte particuli\u00e8rement significative.<\/p>\n<p class=\"p1\">Les personnels ont mis la main sur :<\/p>\n<p class=\"p2\" style=\"text-align: center;\"><span style=\"color: #ff0000;\"><strong>2 iPhones<\/strong><\/span><\/p>\n<p class=\"p2\" style=\"text-align: center;\"><span style=\"color: #ff0000;\"><strong>2 cartes SIM<\/strong><\/span><\/p>\n<p class=\"p2\" style=\"text-align: center;\"><span style=\"color: #ff0000;\"><strong>4,1 grammes de substance test\u00e9e positive \u00e0 la r\u00e9sine de cannabis.<\/strong><\/span><\/p>\n<p class=\"p1\" style=\"text-align: center;\"><strong>\u00c0 l\u2019issue de cette fouille, l\u2019un des d\u00e9tenus occupant la cellule, condamn\u00e9 dans une affaire li\u00e9e \u00e0 des livraisons par drone, a \u00e9t\u00e9 plac\u00e9 au QI.<\/strong><\/p>\n<p class=\"p1\">Et pendant ce temps, les fen\u00eatres continuent d\u2019\u00eatre d\u00e9mont\u00e9es\u2026 Dans la nuit du 29 ao\u00fbt, les personnels rondiers ont une nouvelle fois constat\u00e9 le d\u00e9montage d\u2019une fen\u00eatre de cellule en MAH1. La fouille r\u00e9alis\u00e9e a permis la d\u00e9couverte <span style=\"color: #ff0000;\"><strong><span class=\"s1\">d\u2019un smartphone ainsi que de 2,4 grammes d\u2019une <\/span>substance brun\u00e2tre s\u2019apparentant \u00e0 de la r\u00e9sine de cannabis.<\/strong><\/span><\/p>\n<p class=\"p1\"><strong><span class=\"s1\"><span style=\"color: #ff0000;\">FO Justice<\/span> <\/span><\/strong>exige que les travaux de s\u00e9curisation des fen\u00eatres soient enfin g\u00e9n\u00e9ralis\u00e9s. Cette faille est connue, les d\u00e9montages se r\u00e9p\u00e8tent, mais \u00e0 ce jour le dispositif n\u2019est toujours pas d\u00e9ploy\u00e9 partout.<\/p>\n<p class=\"p3\" style=\"text-align: center;\"><span style=\"color: #000080;\"><strong>Combien de fen\u00eatres faudra-t-il encore retrouver d\u00e9mont\u00e9es avant qu\u2019une r\u00e9ponse durable soit enfin apport\u00e9e ?<\/strong><\/span><\/p>\n<p class=\"p1\">Pour <span class=\"s1\"><span style=\"color: #ff0000;\"><strong>FO Justice<\/strong><\/span>, <\/span>les faits parlent une nouvelle fois d\u2019eux-m\u00eames. Les drones constituent d\u00e9sormais une menace r\u00e9elle pour la s\u00e9curit\u00e9 de nos \u00e9tablissements et permettent l\u2019introduction de produits et d\u2019objets interdits \u00e0 une \u00e9chelle pr\u00e9occupante.<\/p>\n<p class=\"p1\"><strong><span class=\"s1\" style=\"color: #ff0000;\">Le bureau local FO Justice du CP CAEN IFS <\/span><\/strong>f\u00e9licite les personnels et les ELSP pour leur professionnalisme et la qualit\u00e9 de leur intervention.<\/p>\n<p><a href=\"https:\/\/fojustice.fr\/web\/wp-content\/uploads\/2026\/08\/20260830-ca-demonte-ca-cache-ca-trafique-.pdf\">Lire le communiqu\u00e9<\/a><\/p>\n","protected":false},"excerpt":{"rendered":"<p>D\u00e9cid\u00e9ment, les d\u00e9couvertes de produits et objets interdits continuent de s\u2019encha\u00eener au sein de l\u2019\u00e9tablissement. Ce 28 ao\u00fbt, en fin de journ\u00e9e, lors d\u2019une fouille de cellule programm\u00e9e en MAH1, les ELSP ont r\u00e9alis\u00e9 une nouvelle d\u00e9couverte particuli\u00e8rement significative. Les personnels ont mis la main sur : 2 iPhones 2 cartes SIM 4,1 grammes de [&hellip;]<\/p>\n","protected":false},"author":1,"featured_media":17925,"comment_status":"open","ping_status":"open","sticky":false,"template":"","format":"standard","meta":{"_angie_page":false,"_jetpack_newsletter_access":"","_jetpack_dont_email_post_to_subs":true,"_jetpack_newsletter_tier_id":0,"_jetpack_memberships_contains_paywalled_content":false,"page_builder":"","_jetpack_feature_clip_id":0,"_jetpack_memberships_contains_paid_content":false,"footnotes":"","jetpack_post_was_ever_published":false,"_members_access_role":[],"_members_access_error":""},"categories":[35],"tags":[],"class_list":["post-51382","post","type-post","status-publish","format-standard","has-post-thumbnail","hentry","category-disp-rennes"],"yoast_head":"<!-- This site is optimized with the Yoast SEO plugin v28.3 - https:\/\/yoast.com\/product\/yoast-seo-wordpress\/ -->\n<title>Prison de Caen-Ifs : \u00c7a d\u00e9monte, \u00e7a cache, \u00e7a trafique ! - Syndicat FO Justice<\/title>\n<meta name=\"description\" content=\"Syndicat FO Justice - DISP Rennes - Prison de Caen-Ifs : \u00c7a d\u00e9monte, \u00e7a cache, \u00e7a trafique !\" \/>\n<meta name=\"robots\" content=\"index, follow, max-snippet:-1, max-image-preview:large, max-video-preview:-1\" \/>\n<link rel=\"canonical\" href=\"https:\/\/fojustice.fr\/web\/prison-de-caen-ifs-ca-demonte-ca-cache-ca-trafique\/\" \/>\n<meta property=\"og:locale\" content=\"fr_FR\" \/>\n<meta property=\"og:type\" content=\"article\" \/>\n<meta property=\"og:title\" content=\"Prison de Caen-Ifs : \u00c7a d\u00e9monte, \u00e7a cache, \u00e7a trafique ! - Syndicat FO Justice\" \/>\n<meta property=\"og:description\" content=\"Syndicat FO Justice - DISP Rennes - Prison de Caen-Ifs : \u00c7a d\u00e9monte, \u00e7a cache, \u00e7a trafique !\" \/>\n<meta property=\"og:url\" content=\"https:\/\/fojustice.fr\/web\/prison-de-caen-ifs-ca-demonte-ca-cache-ca-trafique\/\" \/>\n<meta property=\"og:site_name\" content=\"Syndicat FO Justice\" \/>\n<meta property=\"article:publisher\" content=\"https:\/\/www.facebook.com\/SyndicatFoJustice\" \/>\n<meta property=\"article:published_time\" content=\"2026-08-30T16:24:13+00:00\" \/>\n<meta property=\"og:image\" content=\"https:\/\/fojustice.fr\/web\/wp-content\/uploads\/2023\/12\/Caen-IFS.jpeg\" \/>\n\t<meta property=\"og:image:width\" content=\"1000\" \/>\n\t<meta property=\"og:image:height\" content=\"563\" \/>\n\t<meta property=\"og:image:type\" content=\"image\/jpeg\" \/>\n<meta name=\"author\" content=\"adminfojustice\" \/>\n<meta name=\"twitter:card\" content=\"summary_large_image\" \/>\n<meta name=\"twitter:creator\" content=\"@SyndFoJustice\" \/>\n<meta name=\"twitter:site\" content=\"@SyndFoJustice\" \/>\n<meta name=\"twitter:label1\" content=\"\u00c9crit par\" \/>\n\t<meta name=\"twitter:data1\" content=\"adminfojustice\" \/>\n\t<meta name=\"twitter:label2\" content=\"Dur\u00e9e de lecture estim\u00e9e\" \/>\n\t<meta name=\"twitter:data2\" content=\"1 minute\" \/>\n<script type=\"application\/ld+json\" class=\"yoast-schema-graph\">{\"@context\":\"https:\\\/\\\/schema.org\",\"@graph\":[{\"@type\":\"NewsArticle\",\"@id\":\"https:\\\/\\\/fojustice.fr\\\/web\\\/prison-de-caen-ifs-ca-demonte-ca-cache-ca-trafique\\\/#article\",\"isPartOf\":{\"@id\":\"https:\\\/\\\/fojustice.fr\\\/web\\\/prison-de-caen-ifs-ca-demonte-ca-cache-ca-trafique\\\/\"},\"author\":{\"name\":\"adminfojustice\",\"@id\":\"https:\\\/\\\/fojustice.fr\\\/web\\\/#\\\/schema\\\/person\\\/a51cb9c3495ce0ca62b78fc96ac3bf9f\"},\"headline\":\"Prison de Caen-Ifs : \u00c7a d\u00e9monte, \u00e7a cache, \u00e7a trafique !\",\"datePublished\":\"2026-08-30T16:24:13+00:00\",\"mainEntityOfPage\":{\"@id\":\"https:\\\/\\\/fojustice.fr\\\/web\\\/prison-de-caen-ifs-ca-demonte-ca-cache-ca-trafique\\\/\"},\"wordCount\":309,\"commentCount\":0,\"publisher\":{\"@id\":\"https:\\\/\\\/fojustice.fr\\\/web\\\/#organization\"},\"image\":{\"@id\":\"https:\\\/\\\/fojustice.fr\\\/web\\\/prison-de-caen-ifs-ca-demonte-ca-cache-ca-trafique\\\/#primaryimage\"},\"thumbnailUrl\":\"https:\\\/\\\/fojustice.fr\\\/web\\\/wp-content\\\/uploads\\\/2023\\\/12\\\/Caen-IFS.jpeg\",\"articleSection\":[\"DISP Rennes\"],\"inLanguage\":\"fr-FR\",\"potentialAction\":[{\"@type\":\"CommentAction\",\"name\":\"Comment\",\"target\":[\"https:\\\/\\\/fojustice.fr\\\/web\\\/prison-de-caen-ifs-ca-demonte-ca-cache-ca-trafique\\\/#respond\"]}]},{\"@type\":\"WebPage\",\"@id\":\"https:\\\/\\\/fojustice.fr\\\/web\\\/prison-de-caen-ifs-ca-demonte-ca-cache-ca-trafique\\\/\",\"url\":\"https:\\\/\\\/fojustice.fr\\\/web\\\/prison-de-caen-ifs-ca-demonte-ca-cache-ca-trafique\\\/\",\"name\":\"Prison de Caen-Ifs : \u00c7a d\u00e9monte, \u00e7a cache, \u00e7a trafique ! - Syndicat FO Justice\",\"isPartOf\":{\"@id\":\"https:\\\/\\\/fojustice.fr\\\/web\\\/#website\"},\"primaryImageOfPage\":{\"@id\":\"https:\\\/\\\/fojustice.fr\\\/web\\\/prison-de-caen-ifs-ca-demonte-ca-cache-ca-trafique\\\/#primaryimage\"},\"image\":{\"@id\":\"https:\\\/\\\/fojustice.fr\\\/web\\\/prison-de-caen-ifs-ca-demonte-ca-cache-ca-trafique\\\/#primaryimage\"},\"thumbnailUrl\":\"https:\\\/\\\/fojustice.fr\\\/web\\\/wp-content\\\/uploads\\\/2023\\\/12\\\/Caen-IFS.jpeg\",\"datePublished\":\"2026-08-30T16:24:13+00:00\",\"description\":\"Syndicat FO Justice - DISP Rennes - Prison de Caen-Ifs : \u00c7a d\u00e9monte, \u00e7a cache, \u00e7a trafique !\",\"breadcrumb\":{\"@id\":\"https:\\\/\\\/fojustice.fr\\\/web\\\/prison-de-caen-ifs-ca-demonte-ca-cache-ca-trafique\\\/#breadcrumb\"},\"inLanguage\":\"fr-FR\",\"potentialAction\":[{\"@type\":\"ReadAction\",\"target\":[\"https:\\\/\\\/fojustice.fr\\\/web\\\/prison-de-caen-ifs-ca-demonte-ca-cache-ca-trafique\\\/\"]}]},{\"@type\":\"ImageObject\",\"inLanguage\":\"fr-FR\",\"@id\":\"https:\\\/\\\/fojustice.fr\\\/web\\\/prison-de-caen-ifs-ca-demonte-ca-cache-ca-trafique\\\/#primaryimage\",\"url\":\"https:\\\/\\\/fojustice.fr\\\/web\\\/wp-content\\\/uploads\\\/2023\\\/12\\\/Caen-IFS.jpeg\",\"contentUrl\":\"https:\\\/\\\/fojustice.fr\\\/web\\\/wp-content\\\/uploads\\\/2023\\\/12\\\/Caen-IFS.jpeg\",\"width\":1000,\"height\":563},{\"@type\":\"BreadcrumbList\",\"@id\":\"https:\\\/\\\/fojustice.fr\\\/web\\\/prison-de-caen-ifs-ca-demonte-ca-cache-ca-trafique\\\/#breadcrumb\",\"itemListElement\":[{\"@type\":\"ListItem\",\"position\":1,\"name\":\"Accueil\",\"item\":\"https:\\\/\\\/fojustice.fr\\\/web\\\/\"},{\"@type\":\"ListItem\",\"position\":2,\"name\":\"Prison de Caen-Ifs : \u00c7a d\u00e9monte, \u00e7a cache, \u00e7a trafique !\"}]},{\"@type\":\"WebSite\",\"@id\":\"https:\\\/\\\/fojustice.fr\\\/web\\\/#website\",\"url\":\"https:\\\/\\\/fojustice.fr\\\/web\\\/\",\"name\":\"Syndicat FO Justice\",\"description\":\"Site du Syndicat National FO Justice\",\"publisher\":{\"@id\":\"https:\\\/\\\/fojustice.fr\\\/web\\\/#organization\"},\"alternateName\":\"Syndicat National FO Justice\",\"potentialAction\":[{\"@type\":\"SearchAction\",\"target\":{\"@type\":\"EntryPoint\",\"urlTemplate\":\"https:\\\/\\\/fojustice.fr\\\/web\\\/?s={search_term_string}\"},\"query-input\":{\"@type\":\"PropertyValueSpecification\",\"valueRequired\":true,\"valueName\":\"search_term_string\"}}],\"inLanguage\":\"fr-FR\"},{\"@type\":\"Organization\",\"@id\":\"https:\\\/\\\/fojustice.fr\\\/web\\\/#organization\",\"name\":\"Syndicat National FO Justice\",\"alternateName\":\"Syndicat National FO Justice\",\"url\":\"https:\\\/\\\/fojustice.fr\\\/web\\\/\",\"logo\":{\"@type\":\"ImageObject\",\"inLanguage\":\"fr-FR\",\"@id\":\"https:\\\/\\\/fojustice.fr\\\/web\\\/#\\\/schema\\\/logo\\\/image\\\/\",\"url\":\"https:\\\/\\\/fojustice.fr\\\/web\\\/wp-content\\\/uploads\\\/2022\\\/03\\\/logo-fo-justice.png\",\"contentUrl\":\"https:\\\/\\\/fojustice.fr\\\/web\\\/wp-content\\\/uploads\\\/2022\\\/03\\\/logo-fo-justice.png\",\"width\":800,\"height\":800,\"caption\":\"Syndicat National FO Justice\"},\"image\":{\"@id\":\"https:\\\/\\\/fojustice.fr\\\/web\\\/#\\\/schema\\\/logo\\\/image\\\/\"},\"sameAs\":[\"https:\\\/\\\/www.facebook.com\\\/SyndicatFoJustice\",\"https:\\\/\\\/x.com\\\/SyndFoJustice\"]},{\"@type\":\"Person\",\"@id\":\"https:\\\/\\\/fojustice.fr\\\/web\\\/#\\\/schema\\\/person\\\/a51cb9c3495ce0ca62b78fc96ac3bf9f\",\"name\":\"adminfojustice\",\"image\":{\"@type\":\"ImageObject\",\"inLanguage\":\"fr-FR\",\"@id\":\"https:\\\/\\\/secure.gravatar.com\\\/avatar\\\/368884c0ecc46e53d83c0c3c0af4c6c30a6bbc2aab7535848950f43a950bfd4e?s=96&d=mm&r=g\",\"url\":\"https:\\\/\\\/secure.gravatar.com\\\/avatar\\\/368884c0ecc46e53d83c0c3c0af4c6c30a6bbc2aab7535848950f43a950bfd4e?s=96&d=mm&r=g\",\"contentUrl\":\"https:\\\/\\\/secure.gravatar.com\\\/avatar\\\/368884c0ecc46e53d83c0c3c0af4c6c30a6bbc2aab7535848950f43a950bfd4e?s=96&d=mm&r=g\",\"caption\":\"adminfojustice\"},\"sameAs\":[\"https:\\\/\\\/www.fojustice.fr\\\/web\"],\"url\":\"https:\\\/\\\/fojustice.fr\\\/web\\\/author\\\/adminfojustice\\\/\"}]}<\/script>\n<!-- \/ Yoast SEO plugin. -->","yoast_head_json":{"title":"Prison de Caen-Ifs : \u00c7a d\u00e9monte, \u00e7a cache, \u00e7a trafique ! - Syndicat FO Justice","description":"Syndicat FO Justice - DISP Rennes - Prison de Caen-Ifs : \u00c7a d\u00e9monte, \u00e7a cache, \u00e7a trafique !","robots":{"index":"index","follow":"follow","max-snippet":"max-snippet:-1","max-image-preview":"max-image-preview:large","max-video-preview":"max-video-preview:-1"},"canonical":"https:\/\/fojustice.fr\/web\/prison-de-caen-ifs-ca-demonte-ca-cache-ca-trafique\/","og_locale":"fr_FR","og_type":"article","og_title":"Prison de Caen-Ifs : \u00c7a d\u00e9monte, \u00e7a cache, \u00e7a trafique ! - Syndicat FO Justice","og_description":"Syndicat FO Justice - DISP Rennes - Prison de Caen-Ifs : \u00c7a d\u00e9monte, \u00e7a cache, \u00e7a trafique !","og_url":"https:\/\/fojustice.fr\/web\/prison-de-caen-ifs-ca-demonte-ca-cache-ca-trafique\/","og_site_name":"Syndicat FO Justice","article_publisher":"https:\/\/www.facebook.com\/SyndicatFoJustice","article_published_time":"2026-08-30T16:24:13+00:00","og_image":[{"width":1000,"height":563,"url":"https:\/\/fojustice.fr\/web\/wp-content\/uploads\/2023\/12\/Caen-IFS.jpeg","type":"image\/jpeg"}],"author":"adminfojustice","twitter_card":"summary_large_image","twitter_creator":"@SyndFoJustice","twitter_site":"@SyndFoJustice","twitter_misc":{"\u00c9crit par":"adminfojustice","Dur\u00e9e de lecture estim\u00e9e":"1 minute"},"schema":{"@context":"https:\/\/schema.org","@graph":[{"@type":"NewsArticle","@id":"https:\/\/fojustice.fr\/web\/prison-de-caen-ifs-ca-demonte-ca-cache-ca-trafique\/#article","isPartOf":{"@id":"https:\/\/fojustice.fr\/web\/prison-de-caen-ifs-ca-demonte-ca-cache-ca-trafique\/"},"author":{"name":"adminfojustice","@id":"https:\/\/fojustice.fr\/web\/#\/schema\/person\/a51cb9c3495ce0ca62b78fc96ac3bf9f"},"headline":"Prison de Caen-Ifs : \u00c7a d\u00e9monte, \u00e7a cache, \u00e7a trafique !","datePublished":"2026-08-30T16:24:13+00:00","mainEntityOfPage":{"@id":"https:\/\/fojustice.fr\/web\/prison-de-caen-ifs-ca-demonte-ca-cache-ca-trafique\/"},"wordCount":309,"commentCount":0,"publisher":{"@id":"https:\/\/fojustice.fr\/web\/#organization"},"image":{"@id":"https:\/\/fojustice.fr\/web\/prison-de-caen-ifs-ca-demonte-ca-cache-ca-trafique\/#primaryimage"},"thumbnailUrl":"https:\/\/fojustice.fr\/web\/wp-content\/uploads\/2023\/12\/Caen-IFS.jpeg","articleSection":["DISP Rennes"],"inLanguage":"fr-FR","potentialAction":[{"@type":"CommentAction","name":"Comment","target":["https:\/\/fojustice.fr\/web\/prison-de-caen-ifs-ca-demonte-ca-cache-ca-trafique\/#respond"]}]},{"@type":"WebPage","@id":"https:\/\/fojustice.fr\/web\/prison-de-caen-ifs-ca-demonte-ca-cache-ca-trafique\/","url":"https:\/\/fojustice.fr\/web\/prison-de-caen-ifs-ca-demonte-ca-cache-ca-trafique\/","name":"Prison de Caen-Ifs : \u00c7a d\u00e9monte, \u00e7a cache, \u00e7a trafique ! - Syndicat FO Justice","isPartOf":{"@id":"https:\/\/fojustice.fr\/web\/#website"},"primaryImageOfPage":{"@id":"https:\/\/fojustice.fr\/web\/prison-de-caen-ifs-ca-demonte-ca-cache-ca-trafique\/#primaryimage"},"image":{"@id":"https:\/\/fojustice.fr\/web\/prison-de-caen-ifs-ca-demonte-ca-cache-ca-trafique\/#primaryimage"},"thumbnailUrl":"https:\/\/fojustice.fr\/web\/wp-content\/uploads\/2023\/12\/Caen-IFS.jpeg","datePublished":"2026-08-30T16:24:13+00:00","description":"Syndicat FO Justice - DISP Rennes - Prison de Caen-Ifs : \u00c7a d\u00e9monte, \u00e7a cache, \u00e7a trafique !","breadcrumb":{"@id":"https:\/\/fojustice.fr\/web\/prison-de-caen-ifs-ca-demonte-ca-cache-ca-trafique\/#breadcrumb"},"inLanguage":"fr-FR","potentialAction":[{"@type":"ReadAction","target":["https:\/\/fojustice.fr\/web\/prison-de-caen-ifs-ca-demonte-ca-cache-ca-trafique\/"]}]},{"@type":"ImageObject","inLanguage":"fr-FR","@id":"https:\/\/fojustice.fr\/web\/prison-de-caen-ifs-ca-demonte-ca-cache-ca-trafique\/#primaryimage","url":"https:\/\/fojustice.fr\/web\/wp-content\/uploads\/2023\/12\/Caen-IFS.jpeg","contentUrl":"https:\/\/fojustice.fr\/web\/wp-content\/uploads\/2023\/12\/Caen-IFS.jpeg","width":1000,"height":563},{"@type":"BreadcrumbList","@id":"https:\/\/fojustice.fr\/web\/prison-de-caen-ifs-ca-demonte-ca-cache-ca-trafique\/#breadcrumb","itemListElement":[{"@type":"ListItem","position":1,"name":"Accueil","item":"https:\/\/fojustice.fr\/web\/"},{"@type":"ListItem","position":2,"name":"Prison de Caen-Ifs : \u00c7a d\u00e9monte, \u00e7a cache, \u00e7a trafique !"}]},{"@type":"WebSite","@id":"https:\/\/fojustice.fr\/web\/#website","url":"https:\/\/fojustice.fr\/web\/","name":"Syndicat FO Justice","description":"Site du Syndicat National FO Justice","publisher":{"@id":"https:\/\/fojustice.fr\/web\/#organization"},"alternateName":"Syndicat National FO Justice","potentialAction":[{"@type":"SearchAction","target":{"@type":"EntryPoint","urlTemplate":"https:\/\/fojustice.fr\/web\/?s={search_term_string}"},"query-input":{"@type":"PropertyValueSpecification","valueRequired":true,"valueName":"search_term_string"}}],"inLanguage":"fr-FR"},{"@type":"Organization","@id":"https:\/\/fojustice.fr\/web\/#organization","name":"Syndicat National FO Justice","alternateName":"Syndicat National FO Justice","url":"https:\/\/fojustice.fr\/web\/","logo":{"@type":"ImageObject","inLanguage":"fr-FR","@id":"https:\/\/fojustice.fr\/web\/#\/schema\/logo\/image\/","url":"https:\/\/fojustice.fr\/web\/wp-content\/uploads\/2022\/03\/logo-fo-justice.png","contentUrl":"https:\/\/fojustice.fr\/web\/wp-content\/uploads\/2022\/03\/logo-fo-justice.png","width":800,"height":800,"caption":"Syndicat National FO Justice"},"image":{"@id":"https:\/\/fojustice.fr\/web\/#\/schema\/logo\/image\/"},"sameAs":["https:\/\/www.facebook.com\/SyndicatFoJustice","https:\/\/x.com\/SyndFoJustice"]},{"@type":"Person","@id":"https:\/\/fojustice.fr\/web\/#\/schema\/person\/a51cb9c3495ce0ca62b78fc96ac3bf9f","name":"adminfojustice","image":{"@type":"ImageObject","inLanguage":"fr-FR","@id":"https:\/\/secure.gravatar.com\/avatar\/368884c0ecc46e53d83c0c3c0af4c6c30a6bbc2aab7535848950f43a950bfd4e?s=96&d=mm&r=g","url":"https:\/\/secure.gravatar.com\/avatar\/368884c0ecc46e53d83c0c3c0af4c6c30a6bbc2aab7535848950f43a950bfd4e?s=96&d=mm&r=g","contentUrl":"https:\/\/secure.gravatar.com\/avatar\/368884c0ecc46e53d83c0c3c0af4c6c30a6bbc2aab7535848950f43a950bfd4e?s=96&d=mm&r=g","caption":"adminfojustice"},"sameAs":["https:\/\/www.fojustice.fr\/web"],"url":"https:\/\/fojustice.fr\/web\/author\/adminfojustice\/"}]}},"jetpack_shortlink":"https:\/\/wp.me\/pdNWl1-dmK","jetpack_sharing_enabled":true,"jetpack_featured_media_url":"https:\/\/fojustice.fr\/web\/wp-content\/uploads\/2023\/12\/Caen-IFS.jpeg","_links":{"self":[{"href":"https:\/\/fojustice.fr\/web\/wp-json\/wp\/v2\/posts\/51382","targetHints":{"allow":["GET"]}}],"collection":[{"href":"https:\/\/fojustice.fr\/web\/wp-json\/wp\/v2\/posts"}],"about":[{"href":"https:\/\/fojustice.fr\/web\/wp-json\/wp\/v2\/types\/post"}],"author":[{"embeddable":true,"href":"https:\/\/fojustice.fr\/web\/wp-json\/wp\/v2\/users\/1"}],"replies":[{"embeddable":true,"href":"https:\/\/fojustice.fr\/web\/wp-json\/wp\/v2\/comments?post=51382"}],"version-history":[{"count":1,"href":"https:\/\/fojustice.fr\/web\/wp-json\/wp\/v2\/posts\/51382\/revisions"}],"predecessor-version":[{"id":51384,"href":"https:\/\/fojustice.fr\/web\/wp-json\/wp\/v2\/posts\/51382\/revisions\/51384"}],"wp:featuredmedia":[{"embeddable":true,"href":"https:\/\/fojustice.fr\/web\/wp-json\/wp\/v2\/media\/17925"}],"wp:attachment":[{"href":"https:\/\/fojustice.fr\/web\/wp-json\/wp\/v2\/media?parent=51382"}],"wp:term":[{"taxonomy":"category","embeddable":true,"href":"https:\/\/fojustice.fr\/web\/wp-json\/wp\/v2\/categories?post=51382"},{"taxonomy":"post_tag","embeddable":true,"href":"https:\/\/fojustice.fr\/web\/wp-json\/wp\/v2\/tags?post=51382"}],"curies":[{"name":"wp","href":"https:\/\/api.w.org\/{rel}","templated":true}]}}