{"id":51378,"date":"2026-08-30T17:49:05","date_gmt":"2026-08-30T15:49:05","guid":{"rendered":"https:\/\/fojustice.fr\/web\/?p=51378"},"modified":"2026-08-30T17:49:05","modified_gmt":"2026-08-30T15:49:05","slug":"adjoint-technique-dgap-tableau-davancement-2026-les-resultats-sont-publies","status":"publish","type":"post","link":"https:\/\/fojustice.fr\/web\/adjoint-technique-dgap-tableau-davancement-2026-les-resultats-sont-publies\/","title":{"rendered":"Adjoint Technique DGAP : Tableau d&#8217;Avancement 2026, les r\u00e9sultats sont publi\u00e9s !"},"content":{"rendered":"<p class=\"p1\"><span class=\"s1\" style=\"color: #ff0000;\"><b>FO Justice PT <\/b><\/span><b>vous informe de la publication du relev\u00e9 de d\u00e9cisions du TA 2026 pour <\/b><b>l\u2019acc\u00e8s au grade d\u2019Adjoint Technique de 1<\/b><span class=\"s2\"><b>\u02b3\u1d49<\/b><\/span><b> classe.<\/b><\/p>\n<p class=\"p1\"><span class=\"s3\" style=\"color: #ff0000;\">\u27a2<\/span> Les r\u00e9sultats sont d\u00e9sormais consultables sur l\u2019APNET : <span style=\"text-decoration: underline; color: #000080;\"><span class=\"s4\">Intranet Justice \/ ApNet \/ Tableau <\/span>d\u2019avancement : adjoints techniques de 1re classe 2026<\/span><\/p>\n<p class=\"p3\" style=\"text-align: center;\"><span style=\"color: #ff0000;\"><b>Notre syndicat adresse toutes ses f\u00e9licitations aux coll\u00e8gues promus !<\/b><\/span><\/p>\n<p class=\"p1\">Si cette promotion marque un pas vers la reconnaissance des comp\u00e9tences et de l&#8217;investissement des adjoints techniques, trop longtemps minimis\u00e9s, elle ne doit pas faire oublier la r\u00e9alit\u00e9 de terrain de notre fili\u00e8re : des personnels indispensables, une charge de travail en hausse continue et une consid\u00e9ration qui peine encore \u00e0 suivre\u2026<\/p>\n<p class=\"p1\">Pour <span class=\"s1\" style=\"color: #ff0000;\"><b>FO Justice PT<\/b><\/span>, la reconnaissance professionnelle ne peut se limiter \u00e0 quelques promotions isol\u00e9es.<\/p>\n<p class=\"p1\">Elle doit se traduire dans les carri\u00e8res, les r\u00e9mun\u00e9rations, les conditions de travail et les perspectives d\u2019\u00e9volution de chacun.<\/p>\n<p class=\"p1\"><span class=\"s1\" style=\"color: #ff0000;\"><b>\u21d2 FO Justice PT<\/b> <\/span><b>continuera \u00e0 porter la voix de tous les personnels techniques, \u00e0 d\u00e9fendre <\/b><b>leurs revendications et \u00e0 exiger des avanc\u00e9es concr\u00e8tes pour toute la fili\u00e8re.<\/b><\/p>\n<p class=\"p3\" style=\"text-align: center;\"><span style=\"color: #ff0000;\"><b>Nous ne l\u00e2cherons rien :<\/b><\/span><\/p>\n<p class=\"p4\" style=\"text-align: center;\"><span style=\"color: #ff0000;\"><b>Parce que votre travail compte et parce que vos sp\u00e9cialit\u00e9s m\u00e9ritent respect !<\/b><\/span><\/p>\n<p class=\"p5\" style=\"text-align: center;\"><span style=\"color: #ff0000;\"><b>FO Justice, toujours aux c\u00f4t\u00e9s des personnels techniques <\/b><b>du minist\u00e8re, toutes cat\u00e9gories et sp\u00e9cialit\u00e9s confondues.<\/b><\/span><\/p>\n<p><a href=\"https:\/\/fojustice.fr\/web\/wp-content\/uploads\/2026\/08\/20260830-FO-Justice-PT-AT-DGAP-Tableau-davancement-2026.pdf\">Lire le communiqu\u00e9<\/a><\/p>\n","protected":false},"excerpt":{"rendered":"<p>FO Justice PT vous informe de la publication du relev\u00e9 de d\u00e9cisions du TA 2026 pour l\u2019acc\u00e8s au grade d\u2019Adjoint Technique de 1\u02b3\u1d49 classe. \u27a2 Les r\u00e9sultats sont d\u00e9sormais consultables sur l\u2019APNET : Intranet Justice \/ ApNet \/ Tableau d\u2019avancement : adjoints techniques de 1re classe 2026 Notre syndicat adresse toutes ses f\u00e9licitations aux coll\u00e8gues [&hellip;]<\/p>\n","protected":false},"author":1,"featured_media":51380,"comment_status":"open","ping_status":"open","sticky":false,"template":"","format":"standard","meta":{"_angie_page":false,"_jetpack_newsletter_access":"","_jetpack_dont_email_post_to_subs":true,"_jetpack_newsletter_tier_id":0,"_jetpack_memberships_contains_paywalled_content":false,"page_builder":"","_jetpack_feature_clip_id":0,"_jetpack_memberships_contains_paid_content":false,"footnotes":"","jetpack_post_was_ever_published":false,"_members_access_role":[],"_members_access_error":""},"categories":[41,27],"tags":[],"class_list":["post-51378","post","type-post","status-publish","format-standard","has-post-thumbnail","hentry","category-national","category-pt"],"yoast_head":"<!-- This site is optimized with the Yoast SEO plugin v28.3 - https:\/\/yoast.com\/product\/yoast-seo-wordpress\/ -->\n<title>Adjoint Technique DGAP : Tableau d&#039;Avancement 2026, les r\u00e9sultats sont publi\u00e9s ! - Syndicat FO Justice<\/title>\n<meta name=\"description\" content=\"Syndicat FO Justice - NATIONAL - Adjoint Technique DGAP : Tableau d&#039;Avancement 2026, les r\u00e9sultats sont publi\u00e9s !\" \/>\n<meta name=\"robots\" content=\"index, follow, max-snippet:-1, max-image-preview:large, max-video-preview:-1\" \/>\n<link rel=\"canonical\" href=\"https:\/\/fojustice.fr\/web\/adjoint-technique-dgap-tableau-davancement-2026-les-resultats-sont-publies\/\" \/>\n<meta property=\"og:locale\" content=\"fr_FR\" \/>\n<meta property=\"og:type\" content=\"article\" \/>\n<meta property=\"og:title\" content=\"Adjoint Technique DGAP : Tableau d&#039;Avancement 2026, les r\u00e9sultats sont publi\u00e9s ! - Syndicat FO Justice\" \/>\n<meta property=\"og:description\" content=\"Syndicat FO Justice - NATIONAL - Adjoint Technique DGAP : Tableau d&#039;Avancement 2026, les r\u00e9sultats sont publi\u00e9s !\" \/>\n<meta property=\"og:url\" content=\"https:\/\/fojustice.fr\/web\/adjoint-technique-dgap-tableau-davancement-2026-les-resultats-sont-publies\/\" \/>\n<meta property=\"og:site_name\" content=\"Syndicat FO Justice\" \/>\n<meta property=\"article:publisher\" content=\"https:\/\/www.facebook.com\/SyndicatFoJustice\" \/>\n<meta property=\"article:published_time\" content=\"2026-08-30T15:49:05+00:00\" \/>\n<meta property=\"og:image\" content=\"https:\/\/fojustice.fr\/web\/wp-content\/uploads\/2026\/08\/Capture-decran-2026-08-30-a-17.45.04-1024x671.png\" \/>\n\t<meta property=\"og:image:width\" content=\"1024\" \/>\n\t<meta property=\"og:image:height\" content=\"671\" \/>\n\t<meta property=\"og:image:type\" content=\"image\/png\" \/>\n<meta name=\"author\" content=\"adminfojustice\" \/>\n<meta name=\"twitter:card\" content=\"summary_large_image\" \/>\n<meta name=\"twitter:creator\" content=\"@SyndFoJustice\" \/>\n<meta name=\"twitter:site\" content=\"@SyndFoJustice\" \/>\n<meta name=\"twitter:label1\" content=\"\u00c9crit par\" \/>\n\t<meta name=\"twitter:data1\" content=\"adminfojustice\" \/>\n\t<meta name=\"twitter:label2\" content=\"Dur\u00e9e de lecture estim\u00e9e\" \/>\n\t<meta name=\"twitter:data2\" content=\"1 minute\" \/>\n<script type=\"application\/ld+json\" class=\"yoast-schema-graph\">{\"@context\":\"https:\\\/\\\/schema.org\",\"@graph\":[{\"@type\":\"NewsArticle\",\"@id\":\"https:\\\/\\\/fojustice.fr\\\/web\\\/adjoint-technique-dgap-tableau-davancement-2026-les-resultats-sont-publies\\\/#article\",\"isPartOf\":{\"@id\":\"https:\\\/\\\/fojustice.fr\\\/web\\\/adjoint-technique-dgap-tableau-davancement-2026-les-resultats-sont-publies\\\/\"},\"author\":{\"name\":\"adminfojustice\",\"@id\":\"https:\\\/\\\/fojustice.fr\\\/web\\\/#\\\/schema\\\/person\\\/a51cb9c3495ce0ca62b78fc96ac3bf9f\"},\"headline\":\"Adjoint Technique DGAP : Tableau d&#8217;Avancement 2026, les r\u00e9sultats sont publi\u00e9s !\",\"datePublished\":\"2026-08-30T15:49:05+00:00\",\"mainEntityOfPage\":{\"@id\":\"https:\\\/\\\/fojustice.fr\\\/web\\\/adjoint-technique-dgap-tableau-davancement-2026-les-resultats-sont-publies\\\/\"},\"wordCount\":236,\"commentCount\":0,\"publisher\":{\"@id\":\"https:\\\/\\\/fojustice.fr\\\/web\\\/#organization\"},\"image\":{\"@id\":\"https:\\\/\\\/fojustice.fr\\\/web\\\/adjoint-technique-dgap-tableau-davancement-2026-les-resultats-sont-publies\\\/#primaryimage\"},\"thumbnailUrl\":\"https:\\\/\\\/fojustice.fr\\\/web\\\/wp-content\\\/uploads\\\/2026\\\/08\\\/Capture-decran-2026-08-30-a-17.45.04-scaled.png\",\"articleSection\":[\"NATIONAL\",\"PT\"],\"inLanguage\":\"fr-FR\",\"potentialAction\":[{\"@type\":\"CommentAction\",\"name\":\"Comment\",\"target\":[\"https:\\\/\\\/fojustice.fr\\\/web\\\/adjoint-technique-dgap-tableau-davancement-2026-les-resultats-sont-publies\\\/#respond\"]}]},{\"@type\":\"WebPage\",\"@id\":\"https:\\\/\\\/fojustice.fr\\\/web\\\/adjoint-technique-dgap-tableau-davancement-2026-les-resultats-sont-publies\\\/\",\"url\":\"https:\\\/\\\/fojustice.fr\\\/web\\\/adjoint-technique-dgap-tableau-davancement-2026-les-resultats-sont-publies\\\/\",\"name\":\"Adjoint Technique DGAP : Tableau d'Avancement 2026, les r\u00e9sultats sont publi\u00e9s ! - Syndicat FO Justice\",\"isPartOf\":{\"@id\":\"https:\\\/\\\/fojustice.fr\\\/web\\\/#website\"},\"primaryImageOfPage\":{\"@id\":\"https:\\\/\\\/fojustice.fr\\\/web\\\/adjoint-technique-dgap-tableau-davancement-2026-les-resultats-sont-publies\\\/#primaryimage\"},\"image\":{\"@id\":\"https:\\\/\\\/fojustice.fr\\\/web\\\/adjoint-technique-dgap-tableau-davancement-2026-les-resultats-sont-publies\\\/#primaryimage\"},\"thumbnailUrl\":\"https:\\\/\\\/fojustice.fr\\\/web\\\/wp-content\\\/uploads\\\/2026\\\/08\\\/Capture-decran-2026-08-30-a-17.45.04-scaled.png\",\"datePublished\":\"2026-08-30T15:49:05+00:00\",\"description\":\"Syndicat FO Justice - NATIONAL - Adjoint Technique DGAP : Tableau d'Avancement 2026, les r\u00e9sultats sont publi\u00e9s !\",\"breadcrumb\":{\"@id\":\"https:\\\/\\\/fojustice.fr\\\/web\\\/adjoint-technique-dgap-tableau-davancement-2026-les-resultats-sont-publies\\\/#breadcrumb\"},\"inLanguage\":\"fr-FR\",\"potentialAction\":[{\"@type\":\"ReadAction\",\"target\":[\"https:\\\/\\\/fojustice.fr\\\/web\\\/adjoint-technique-dgap-tableau-davancement-2026-les-resultats-sont-publies\\\/\"]}]},{\"@type\":\"ImageObject\",\"inLanguage\":\"fr-FR\",\"@id\":\"https:\\\/\\\/fojustice.fr\\\/web\\\/adjoint-technique-dgap-tableau-davancement-2026-les-resultats-sont-publies\\\/#primaryimage\",\"url\":\"https:\\\/\\\/fojustice.fr\\\/web\\\/wp-content\\\/uploads\\\/2026\\\/08\\\/Capture-decran-2026-08-30-a-17.45.04-scaled.png\",\"contentUrl\":\"https:\\\/\\\/fojustice.fr\\\/web\\\/wp-content\\\/uploads\\\/2026\\\/08\\\/Capture-decran-2026-08-30-a-17.45.04-scaled.png\",\"width\":2048,\"height\":1343},{\"@type\":\"BreadcrumbList\",\"@id\":\"https:\\\/\\\/fojustice.fr\\\/web\\\/adjoint-technique-dgap-tableau-davancement-2026-les-resultats-sont-publies\\\/#breadcrumb\",\"itemListElement\":[{\"@type\":\"ListItem\",\"position\":1,\"name\":\"Accueil\",\"item\":\"https:\\\/\\\/fojustice.fr\\\/web\\\/\"},{\"@type\":\"ListItem\",\"position\":2,\"name\":\"Adjoint Technique DGAP : Tableau d&#8217;Avancement 2026, les r\u00e9sultats sont publi\u00e9s !\"}]},{\"@type\":\"WebSite\",\"@id\":\"https:\\\/\\\/fojustice.fr\\\/web\\\/#website\",\"url\":\"https:\\\/\\\/fojustice.fr\\\/web\\\/\",\"name\":\"Syndicat FO Justice\",\"description\":\"Site du Syndicat National FO Justice\",\"publisher\":{\"@id\":\"https:\\\/\\\/fojustice.fr\\\/web\\\/#organization\"},\"alternateName\":\"Syndicat National FO Justice\",\"potentialAction\":[{\"@type\":\"SearchAction\",\"target\":{\"@type\":\"EntryPoint\",\"urlTemplate\":\"https:\\\/\\\/fojustice.fr\\\/web\\\/?s={search_term_string}\"},\"query-input\":{\"@type\":\"PropertyValueSpecification\",\"valueRequired\":true,\"valueName\":\"search_term_string\"}}],\"inLanguage\":\"fr-FR\"},{\"@type\":\"Organization\",\"@id\":\"https:\\\/\\\/fojustice.fr\\\/web\\\/#organization\",\"name\":\"Syndicat National FO Justice\",\"alternateName\":\"Syndicat National FO Justice\",\"url\":\"https:\\\/\\\/fojustice.fr\\\/web\\\/\",\"logo\":{\"@type\":\"ImageObject\",\"inLanguage\":\"fr-FR\",\"@id\":\"https:\\\/\\\/fojustice.fr\\\/web\\\/#\\\/schema\\\/logo\\\/image\\\/\",\"url\":\"https:\\\/\\\/fojustice.fr\\\/web\\\/wp-content\\\/uploads\\\/2022\\\/03\\\/logo-fo-justice.png\",\"contentUrl\":\"https:\\\/\\\/fojustice.fr\\\/web\\\/wp-content\\\/uploads\\\/2022\\\/03\\\/logo-fo-justice.png\",\"width\":800,\"height\":800,\"caption\":\"Syndicat National FO Justice\"},\"image\":{\"@id\":\"https:\\\/\\\/fojustice.fr\\\/web\\\/#\\\/schema\\\/logo\\\/image\\\/\"},\"sameAs\":[\"https:\\\/\\\/www.facebook.com\\\/SyndicatFoJustice\",\"https:\\\/\\\/x.com\\\/SyndFoJustice\"]},{\"@type\":\"Person\",\"@id\":\"https:\\\/\\\/fojustice.fr\\\/web\\\/#\\\/schema\\\/person\\\/a51cb9c3495ce0ca62b78fc96ac3bf9f\",\"name\":\"adminfojustice\",\"image\":{\"@type\":\"ImageObject\",\"inLanguage\":\"fr-FR\",\"@id\":\"https:\\\/\\\/secure.gravatar.com\\\/avatar\\\/368884c0ecc46e53d83c0c3c0af4c6c30a6bbc2aab7535848950f43a950bfd4e?s=96&d=mm&r=g\",\"url\":\"https:\\\/\\\/secure.gravatar.com\\\/avatar\\\/368884c0ecc46e53d83c0c3c0af4c6c30a6bbc2aab7535848950f43a950bfd4e?s=96&d=mm&r=g\",\"contentUrl\":\"https:\\\/\\\/secure.gravatar.com\\\/avatar\\\/368884c0ecc46e53d83c0c3c0af4c6c30a6bbc2aab7535848950f43a950bfd4e?s=96&d=mm&r=g\",\"caption\":\"adminfojustice\"},\"sameAs\":[\"https:\\\/\\\/www.fojustice.fr\\\/web\"],\"url\":\"https:\\\/\\\/fojustice.fr\\\/web\\\/author\\\/adminfojustice\\\/\"}]}<\/script>\n<!-- \/ Yoast SEO plugin. -->","yoast_head_json":{"title":"Adjoint Technique DGAP : Tableau d'Avancement 2026, les r\u00e9sultats sont publi\u00e9s ! - Syndicat FO Justice","description":"Syndicat FO Justice - NATIONAL - Adjoint Technique DGAP : Tableau d'Avancement 2026, les r\u00e9sultats sont publi\u00e9s !","robots":{"index":"index","follow":"follow","max-snippet":"max-snippet:-1","max-image-preview":"max-image-preview:large","max-video-preview":"max-video-preview:-1"},"canonical":"https:\/\/fojustice.fr\/web\/adjoint-technique-dgap-tableau-davancement-2026-les-resultats-sont-publies\/","og_locale":"fr_FR","og_type":"article","og_title":"Adjoint Technique DGAP : Tableau d'Avancement 2026, les r\u00e9sultats sont publi\u00e9s ! - Syndicat FO Justice","og_description":"Syndicat FO Justice - NATIONAL - Adjoint Technique DGAP : Tableau d'Avancement 2026, les r\u00e9sultats sont publi\u00e9s !","og_url":"https:\/\/fojustice.fr\/web\/adjoint-technique-dgap-tableau-davancement-2026-les-resultats-sont-publies\/","og_site_name":"Syndicat FO Justice","article_publisher":"https:\/\/www.facebook.com\/SyndicatFoJustice","article_published_time":"2026-08-30T15:49:05+00:00","og_image":[{"width":1024,"height":671,"url":"https:\/\/fojustice.fr\/web\/wp-content\/uploads\/2026\/08\/Capture-decran-2026-08-30-a-17.45.04-1024x671.png","type":"image\/png"}],"author":"adminfojustice","twitter_card":"summary_large_image","twitter_creator":"@SyndFoJustice","twitter_site":"@SyndFoJustice","twitter_misc":{"\u00c9crit par":"adminfojustice","Dur\u00e9e de lecture estim\u00e9e":"1 minute"},"schema":{"@context":"https:\/\/schema.org","@graph":[{"@type":"NewsArticle","@id":"https:\/\/fojustice.fr\/web\/adjoint-technique-dgap-tableau-davancement-2026-les-resultats-sont-publies\/#article","isPartOf":{"@id":"https:\/\/fojustice.fr\/web\/adjoint-technique-dgap-tableau-davancement-2026-les-resultats-sont-publies\/"},"author":{"name":"adminfojustice","@id":"https:\/\/fojustice.fr\/web\/#\/schema\/person\/a51cb9c3495ce0ca62b78fc96ac3bf9f"},"headline":"Adjoint Technique DGAP : Tableau d&#8217;Avancement 2026, les r\u00e9sultats sont publi\u00e9s !","datePublished":"2026-08-30T15:49:05+00:00","mainEntityOfPage":{"@id":"https:\/\/fojustice.fr\/web\/adjoint-technique-dgap-tableau-davancement-2026-les-resultats-sont-publies\/"},"wordCount":236,"commentCount":0,"publisher":{"@id":"https:\/\/fojustice.fr\/web\/#organization"},"image":{"@id":"https:\/\/fojustice.fr\/web\/adjoint-technique-dgap-tableau-davancement-2026-les-resultats-sont-publies\/#primaryimage"},"thumbnailUrl":"https:\/\/fojustice.fr\/web\/wp-content\/uploads\/2026\/08\/Capture-decran-2026-08-30-a-17.45.04-scaled.png","articleSection":["NATIONAL","PT"],"inLanguage":"fr-FR","potentialAction":[{"@type":"CommentAction","name":"Comment","target":["https:\/\/fojustice.fr\/web\/adjoint-technique-dgap-tableau-davancement-2026-les-resultats-sont-publies\/#respond"]}]},{"@type":"WebPage","@id":"https:\/\/fojustice.fr\/web\/adjoint-technique-dgap-tableau-davancement-2026-les-resultats-sont-publies\/","url":"https:\/\/fojustice.fr\/web\/adjoint-technique-dgap-tableau-davancement-2026-les-resultats-sont-publies\/","name":"Adjoint Technique DGAP : Tableau d'Avancement 2026, les r\u00e9sultats sont publi\u00e9s ! - Syndicat FO Justice","isPartOf":{"@id":"https:\/\/fojustice.fr\/web\/#website"},"primaryImageOfPage":{"@id":"https:\/\/fojustice.fr\/web\/adjoint-technique-dgap-tableau-davancement-2026-les-resultats-sont-publies\/#primaryimage"},"image":{"@id":"https:\/\/fojustice.fr\/web\/adjoint-technique-dgap-tableau-davancement-2026-les-resultats-sont-publies\/#primaryimage"},"thumbnailUrl":"https:\/\/fojustice.fr\/web\/wp-content\/uploads\/2026\/08\/Capture-decran-2026-08-30-a-17.45.04-scaled.png","datePublished":"2026-08-30T15:49:05+00:00","description":"Syndicat FO Justice - NATIONAL - Adjoint Technique DGAP : Tableau d'Avancement 2026, les r\u00e9sultats sont publi\u00e9s !","breadcrumb":{"@id":"https:\/\/fojustice.fr\/web\/adjoint-technique-dgap-tableau-davancement-2026-les-resultats-sont-publies\/#breadcrumb"},"inLanguage":"fr-FR","potentialAction":[{"@type":"ReadAction","target":["https:\/\/fojustice.fr\/web\/adjoint-technique-dgap-tableau-davancement-2026-les-resultats-sont-publies\/"]}]},{"@type":"ImageObject","inLanguage":"fr-FR","@id":"https:\/\/fojustice.fr\/web\/adjoint-technique-dgap-tableau-davancement-2026-les-resultats-sont-publies\/#primaryimage","url":"https:\/\/fojustice.fr\/web\/wp-content\/uploads\/2026\/08\/Capture-decran-2026-08-30-a-17.45.04-scaled.png","contentUrl":"https:\/\/fojustice.fr\/web\/wp-content\/uploads\/2026\/08\/Capture-decran-2026-08-30-a-17.45.04-scaled.png","width":2048,"height":1343},{"@type":"BreadcrumbList","@id":"https:\/\/fojustice.fr\/web\/adjoint-technique-dgap-tableau-davancement-2026-les-resultats-sont-publies\/#breadcrumb","itemListElement":[{"@type":"ListItem","position":1,"name":"Accueil","item":"https:\/\/fojustice.fr\/web\/"},{"@type":"ListItem","position":2,"name":"Adjoint Technique DGAP : Tableau d&#8217;Avancement 2026, les r\u00e9sultats sont publi\u00e9s !"}]},{"@type":"WebSite","@id":"https:\/\/fojustice.fr\/web\/#website","url":"https:\/\/fojustice.fr\/web\/","name":"Syndicat FO Justice","description":"Site du Syndicat National FO Justice","publisher":{"@id":"https:\/\/fojustice.fr\/web\/#organization"},"alternateName":"Syndicat National FO Justice","potentialAction":[{"@type":"SearchAction","target":{"@type":"EntryPoint","urlTemplate":"https:\/\/fojustice.fr\/web\/?s={search_term_string}"},"query-input":{"@type":"PropertyValueSpecification","valueRequired":true,"valueName":"search_term_string"}}],"inLanguage":"fr-FR"},{"@type":"Organization","@id":"https:\/\/fojustice.fr\/web\/#organization","name":"Syndicat National FO Justice","alternateName":"Syndicat National FO Justice","url":"https:\/\/fojustice.fr\/web\/","logo":{"@type":"ImageObject","inLanguage":"fr-FR","@id":"https:\/\/fojustice.fr\/web\/#\/schema\/logo\/image\/","url":"https:\/\/fojustice.fr\/web\/wp-content\/uploads\/2022\/03\/logo-fo-justice.png","contentUrl":"https:\/\/fojustice.fr\/web\/wp-content\/uploads\/2022\/03\/logo-fo-justice.png","width":800,"height":800,"caption":"Syndicat National FO Justice"},"image":{"@id":"https:\/\/fojustice.fr\/web\/#\/schema\/logo\/image\/"},"sameAs":["https:\/\/www.facebook.com\/SyndicatFoJustice","https:\/\/x.com\/SyndFoJustice"]},{"@type":"Person","@id":"https:\/\/fojustice.fr\/web\/#\/schema\/person\/a51cb9c3495ce0ca62b78fc96ac3bf9f","name":"adminfojustice","image":{"@type":"ImageObject","inLanguage":"fr-FR","@id":"https:\/\/secure.gravatar.com\/avatar\/368884c0ecc46e53d83c0c3c0af4c6c30a6bbc2aab7535848950f43a950bfd4e?s=96&d=mm&r=g","url":"https:\/\/secure.gravatar.com\/avatar\/368884c0ecc46e53d83c0c3c0af4c6c30a6bbc2aab7535848950f43a950bfd4e?s=96&d=mm&r=g","contentUrl":"https:\/\/secure.gravatar.com\/avatar\/368884c0ecc46e53d83c0c3c0af4c6c30a6bbc2aab7535848950f43a950bfd4e?s=96&d=mm&r=g","caption":"adminfojustice"},"sameAs":["https:\/\/www.fojustice.fr\/web"],"url":"https:\/\/fojustice.fr\/web\/author\/adminfojustice\/"}]}},"jetpack_shortlink":"https:\/\/wp.me\/pdNWl1-dmG","jetpack_sharing_enabled":true,"jetpack_featured_media_url":"https:\/\/fojustice.fr\/web\/wp-content\/uploads\/2026\/08\/Capture-decran-2026-08-30-a-17.45.04-scaled.png","_links":{"self":[{"href":"https:\/\/fojustice.fr\/web\/wp-json\/wp\/v2\/posts\/51378","targetHints":{"allow":["GET"]}}],"collection":[{"href":"https:\/\/fojustice.fr\/web\/wp-json\/wp\/v2\/posts"}],"about":[{"href":"https:\/\/fojustice.fr\/web\/wp-json\/wp\/v2\/types\/post"}],"author":[{"embeddable":true,"href":"https:\/\/fojustice.fr\/web\/wp-json\/wp\/v2\/users\/1"}],"replies":[{"embeddable":true,"href":"https:\/\/fojustice.fr\/web\/wp-json\/wp\/v2\/comments?post=51378"}],"version-history":[{"count":1,"href":"https:\/\/fojustice.fr\/web\/wp-json\/wp\/v2\/posts\/51378\/revisions"}],"predecessor-version":[{"id":51381,"href":"https:\/\/fojustice.fr\/web\/wp-json\/wp\/v2\/posts\/51378\/revisions\/51381"}],"wp:featuredmedia":[{"embeddable":true,"href":"https:\/\/fojustice.fr\/web\/wp-json\/wp\/v2\/media\/51380"}],"wp:attachment":[{"href":"https:\/\/fojustice.fr\/web\/wp-json\/wp\/v2\/media?parent=51378"}],"wp:term":[{"taxonomy":"category","embeddable":true,"href":"https:\/\/fojustice.fr\/web\/wp-json\/wp\/v2\/categories?post=51378"},{"taxonomy":"post_tag","embeddable":true,"href":"https:\/\/fojustice.fr\/web\/wp-json\/wp\/v2\/tags?post=51378"}],"curies":[{"name":"wp","href":"https:\/\/api.w.org\/{rel}","templated":true}]}}