{"id":51369,"date":"2026-08-29T10:38:10","date_gmt":"2026-08-29T08:38:10","guid":{"rendered":"https:\/\/fojustice.fr\/web\/?p=51369"},"modified":"2026-08-29T10:38:10","modified_gmt":"2026-08-29T08:38:10","slug":"prison-de-beziers-ca-deborde-la-surpopulation-met-en-danger-la-securite-de-tous","status":"publish","type":"post","link":"https:\/\/fojustice.fr\/web\/prison-de-beziers-ca-deborde-la-surpopulation-met-en-danger-la-securite-de-tous\/","title":{"rendered":"Prison de B\u00e9ziers : \u00c7a d\u00e9borde ! La surpopulation met en danger la s\u00e9curit\u00e9 de tous"},"content":{"rendered":"<p class=\"p1\" style=\"text-align: center;\"><span class=\"s1\"><b><span style=\"color: #ff0000;\">FO Justice<\/span> <\/b><\/span><b>tire une nouvelle fois la sonnette d\u2019alarme.<\/b><\/p>\n<p class=\"p2\">La situation du Centre P\u00e9nitentiaire de B\u00e9ziers devient chaque jour plus pr\u00e9occupante. Les chiffres dont nous disposons sont alarmants : la MAH2 compte actuellement <b>372 personnes d\u00e9tenues, avec pas moins de 117 <\/b><b>matelas au sol<\/b>. <b>La MA1 accueille quant \u00e0 elle environ 360 d\u00e9tenus, avec elle aussi un nombre de matelas <\/b><b>au sol \u00e0 peu pr\u00e8s \u00e9quivalent \u00e0 celui de la MA2<\/b>, tandis que les deux centres de d\u00e9tention ne disposent que de quelques places restantes.<\/p>\n<p class=\"p2\">\u00c0 cette surpopulation s\u2019ajoute une autre probl\u00e9matique majeure : <b>le quartier disciplinaire est aujourd\u2019hui <\/b><span class=\"s2\"><b>occup\u00e9 par de nombreux d\u00e9tenus bloqueurs, <\/b><\/span><span style=\"color: #ff0000;\"><b>avec 8 places occup\u00e9es sur une capacit\u00e9 de 16 ! <\/b><\/span><span class=\"s2\">Cette <\/span>situation r\u00e9duit consid\u00e9rablement la marge de man\u0153uvre de l\u2019\u00e9tablissement lorsqu\u2019un incident survient et qu\u2019il faut pouvoir isoler ou sanctionner rapidement un d\u00e9tenu.<\/p>\n<p class=\"p2\"><b>Le probl\u00e8me n\u2019est pas uniquement une question de chiffres.<\/b> Derri\u00e8re chaque matelas au sol, chaque cellule occup\u00e9e au maximum de ses capacit\u00e9s et chaque place indisponible, ce sont des conditions de d\u00e9tention qui se d\u00e9gradent et des tensions suppl\u00e9mentaires qui apparaissent entre personnes d\u00e9tenues. Pour les personnels, cela signifie davantage de conflits \u00e0 g\u00e9rer, davantage de difficult\u00e9s lors des mouvements, des changements de cellule et des affectations, mais surtout <b>davantage de risques lors des interventions.<\/b><\/p>\n<p class=\"p4\" style=\"text-align: center;\"><span style=\"color: #ff0000;\"><b>Les agents doivent d\u00e9j\u00e0 composer quotidiennement avec des effectifs insuffisants, <\/b><b>des postes non couverts et une fatigue importante. Leurs demander, dans le m\u00eame <\/b><b>temps, de g\u00e9rer une population toujours plus importante dans un \u00e9tablissement qui <\/b><b>arrive \u00e0 saturation n\u2019est plus acceptable.<\/b><\/span><\/p>\n<p class=\"p5\"><b>\u00c0 force de remplir les \u00e9tablissements au-del\u00e0 de leur capacit\u00e9, on finit par supprimer toute marge de s\u00e9curit\u00e9.<\/b> Que se passera-t-il demain lorsqu\u2019un incident grave n\u00e9cessitera une cellule disponible, une place au quartier disciplinaire ou simplement la possibilit\u00e9 de s\u00e9parer deux personnes d\u00e9tenues ?<\/p>\n<p class=\"p4\" style=\"text-align: center;\"><span style=\"color: #ff0000;\"><b>La r\u00e9ponse ne peut pas \u00eatre : \u00ab il n\u2019y a plus de place \u00bb.<\/b><\/span><\/p>\n<p class=\"p5\">Pour <span class=\"s1\" style=\"color: #ff0000;\"><b>FO Justice CP B\u00e9ziers<\/b><\/span>, il est d\u00e9sormais indispensable que l\u2019administration prenne des mesures imm\u00e9diates. Nous demandons que la situation de l\u2019\u00e9tablissement soit r\u00e9ellement prise en compte et qu\u2019un <b>stop aux \u00e9crous<\/b>, au moins temporaire, soit \u00e9tudi\u00e9 afin de permettre au CP B\u00e9ziers de retrouver un niveau d\u2019occupation davantage compatible avec ses capacit\u00e9s r\u00e9elles et avec les conditions de s\u00e9curit\u00e9 n\u00e9cessaires.<\/p>\n<p class=\"p5\">Nous refusons que la surpopulation devienne une nouvelle fois la variable d\u2019ajustement de l\u2019administration et que les personnels soient contraints de g\u00e9rer l\u2019ing\u00e9rable avec toujours moins de moyens. <b>La s\u00e9curit\u00e9 des personnels, des <\/b><b>personnes d\u00e9tenues et du bon fonctionnement de l\u2019\u00e9tablissement ne peuvent pas \u00eatre sacrifi\u00e9e au nom des <\/b><b>chiffres.<\/b><\/p>\n<p class=\"p5\"><span class=\"s1\" style=\"color: #ff0000;\"><b>FO Justice CP B\u00e9ziers <\/b><\/span><b>demande des d\u00e9cisions et des actes. Il est temps de d\u00e9sengorger l\u2019\u00e9tablissement (QD et <\/b><b>d\u00e9tention) avant qu\u2019un nouvel incident grave ne vienne rappeler, une fois de plus, que nous avions pourtant alert\u00e9.<\/b><\/p>\n<p><a href=\"https:\/\/fojustice.fr\/web\/wp-content\/uploads\/2026\/08\/20260828-Communique-Local-Ca-deborde-La-surpopulation-met-en-danger-la-securite-de-tous-1.pdf\">Lire le communiqu\u00e9<\/a><\/p>\n","protected":false},"excerpt":{"rendered":"<p>FO Justice tire une nouvelle fois la sonnette d\u2019alarme. La situation du Centre P\u00e9nitentiaire de B\u00e9ziers devient chaque jour plus pr\u00e9occupante. Les chiffres dont nous disposons sont alarmants : la MAH2 compte actuellement 372 personnes d\u00e9tenues, avec pas moins de 117 matelas au sol. La MA1 accueille quant \u00e0 elle environ 360 d\u00e9tenus, avec elle [&hellip;]<\/p>\n","protected":false},"author":1,"featured_media":2636,"comment_status":"open","ping_status":"open","sticky":false,"template":"","format":"standard","meta":{"_angie_page":false,"_jetpack_newsletter_access":"","_jetpack_dont_email_post_to_subs":true,"_jetpack_newsletter_tier_id":0,"_jetpack_memberships_contains_paywalled_content":false,"page_builder":"","_jetpack_feature_clip_id":0,"_jetpack_memberships_contains_paid_content":false,"footnotes":"","jetpack_post_was_ever_published":false,"_members_access_role":[],"_members_access_error":""},"categories":[37],"tags":[],"class_list":["post-51369","post","type-post","status-publish","format-standard","has-post-thumbnail","hentry","category-disp-toulouse"],"yoast_head":"<!-- This site is optimized with the Yoast SEO plugin v28.3 - https:\/\/yoast.com\/product\/yoast-seo-wordpress\/ -->\n<title>Prison de B\u00e9ziers : \u00c7a d\u00e9borde ! La surpopulation met en danger la s\u00e9curit\u00e9 de tous - Syndicat FO Justice<\/title>\n<meta name=\"description\" content=\"Syndicat FO Justice - DISP Toulouse - Prison de B\u00e9ziers : \u00c7a d\u00e9borde ! La surpopulation met en danger la s\u00e9curit\u00e9 de tous\" \/>\n<meta name=\"robots\" content=\"index, follow, max-snippet:-1, max-image-preview:large, max-video-preview:-1\" \/>\n<link rel=\"canonical\" href=\"https:\/\/fojustice.fr\/web\/prison-de-beziers-ca-deborde-la-surpopulation-met-en-danger-la-securite-de-tous\/\" \/>\n<meta property=\"og:locale\" content=\"fr_FR\" \/>\n<meta property=\"og:type\" content=\"article\" \/>\n<meta property=\"og:title\" content=\"Prison de B\u00e9ziers : \u00c7a d\u00e9borde ! La surpopulation met en danger la s\u00e9curit\u00e9 de tous - Syndicat FO Justice\" \/>\n<meta property=\"og:description\" content=\"Syndicat FO Justice - DISP Toulouse - Prison de B\u00e9ziers : \u00c7a d\u00e9borde ! La surpopulation met en danger la s\u00e9curit\u00e9 de tous\" \/>\n<meta property=\"og:url\" content=\"https:\/\/fojustice.fr\/web\/prison-de-beziers-ca-deborde-la-surpopulation-met-en-danger-la-securite-de-tous\/\" \/>\n<meta property=\"og:site_name\" content=\"Syndicat FO Justice\" \/>\n<meta property=\"article:publisher\" content=\"https:\/\/www.facebook.com\/SyndicatFoJustice\" \/>\n<meta property=\"article:published_time\" content=\"2026-08-29T08:38:10+00:00\" \/>\n<meta property=\"og:image\" content=\"https:\/\/fojustice.fr\/web\/wp-content\/uploads\/2022\/04\/prison-de-Beziers.jpeg\" \/>\n\t<meta property=\"og:image:width\" content=\"1200\" \/>\n\t<meta property=\"og:image:height\" content=\"680\" \/>\n\t<meta property=\"og:image:type\" content=\"image\/jpeg\" \/>\n<meta name=\"author\" content=\"adminfojustice\" \/>\n<meta name=\"twitter:card\" content=\"summary_large_image\" \/>\n<meta name=\"twitter:creator\" content=\"@SyndFoJustice\" \/>\n<meta name=\"twitter:site\" content=\"@SyndFoJustice\" \/>\n<meta name=\"twitter:label1\" content=\"\u00c9crit par\" \/>\n\t<meta name=\"twitter:data1\" content=\"adminfojustice\" \/>\n\t<meta name=\"twitter:label2\" content=\"Dur\u00e9e de lecture estim\u00e9e\" \/>\n\t<meta name=\"twitter:data2\" content=\"3 minutes\" \/>\n<script type=\"application\/ld+json\" class=\"yoast-schema-graph\">{\"@context\":\"https:\\\/\\\/schema.org\",\"@graph\":[{\"@type\":\"NewsArticle\",\"@id\":\"https:\\\/\\\/fojustice.fr\\\/web\\\/prison-de-beziers-ca-deborde-la-surpopulation-met-en-danger-la-securite-de-tous\\\/#article\",\"isPartOf\":{\"@id\":\"https:\\\/\\\/fojustice.fr\\\/web\\\/prison-de-beziers-ca-deborde-la-surpopulation-met-en-danger-la-securite-de-tous\\\/\"},\"author\":{\"name\":\"adminfojustice\",\"@id\":\"https:\\\/\\\/fojustice.fr\\\/web\\\/#\\\/schema\\\/person\\\/a51cb9c3495ce0ca62b78fc96ac3bf9f\"},\"headline\":\"Prison de B\u00e9ziers : \u00c7a d\u00e9borde ! La surpopulation met en danger la s\u00e9curit\u00e9 de tous\",\"datePublished\":\"2026-08-29T08:38:10+00:00\",\"mainEntityOfPage\":{\"@id\":\"https:\\\/\\\/fojustice.fr\\\/web\\\/prison-de-beziers-ca-deborde-la-surpopulation-met-en-danger-la-securite-de-tous\\\/\"},\"wordCount\":531,\"commentCount\":0,\"publisher\":{\"@id\":\"https:\\\/\\\/fojustice.fr\\\/web\\\/#organization\"},\"image\":{\"@id\":\"https:\\\/\\\/fojustice.fr\\\/web\\\/prison-de-beziers-ca-deborde-la-surpopulation-met-en-danger-la-securite-de-tous\\\/#primaryimage\"},\"thumbnailUrl\":\"https:\\\/\\\/fojustice.fr\\\/web\\\/wp-content\\\/uploads\\\/2022\\\/04\\\/prison-de-Beziers.jpeg\",\"articleSection\":[\"DISP Toulouse\"],\"inLanguage\":\"fr-FR\",\"potentialAction\":[{\"@type\":\"CommentAction\",\"name\":\"Comment\",\"target\":[\"https:\\\/\\\/fojustice.fr\\\/web\\\/prison-de-beziers-ca-deborde-la-surpopulation-met-en-danger-la-securite-de-tous\\\/#respond\"]}]},{\"@type\":\"WebPage\",\"@id\":\"https:\\\/\\\/fojustice.fr\\\/web\\\/prison-de-beziers-ca-deborde-la-surpopulation-met-en-danger-la-securite-de-tous\\\/\",\"url\":\"https:\\\/\\\/fojustice.fr\\\/web\\\/prison-de-beziers-ca-deborde-la-surpopulation-met-en-danger-la-securite-de-tous\\\/\",\"name\":\"Prison de B\u00e9ziers : \u00c7a d\u00e9borde ! La surpopulation met en danger la s\u00e9curit\u00e9 de tous - Syndicat FO Justice\",\"isPartOf\":{\"@id\":\"https:\\\/\\\/fojustice.fr\\\/web\\\/#website\"},\"primaryImageOfPage\":{\"@id\":\"https:\\\/\\\/fojustice.fr\\\/web\\\/prison-de-beziers-ca-deborde-la-surpopulation-met-en-danger-la-securite-de-tous\\\/#primaryimage\"},\"image\":{\"@id\":\"https:\\\/\\\/fojustice.fr\\\/web\\\/prison-de-beziers-ca-deborde-la-surpopulation-met-en-danger-la-securite-de-tous\\\/#primaryimage\"},\"thumbnailUrl\":\"https:\\\/\\\/fojustice.fr\\\/web\\\/wp-content\\\/uploads\\\/2022\\\/04\\\/prison-de-Beziers.jpeg\",\"datePublished\":\"2026-08-29T08:38:10+00:00\",\"description\":\"Syndicat FO Justice - DISP Toulouse - Prison de B\u00e9ziers : \u00c7a d\u00e9borde ! La surpopulation met en danger la s\u00e9curit\u00e9 de tous\",\"breadcrumb\":{\"@id\":\"https:\\\/\\\/fojustice.fr\\\/web\\\/prison-de-beziers-ca-deborde-la-surpopulation-met-en-danger-la-securite-de-tous\\\/#breadcrumb\"},\"inLanguage\":\"fr-FR\",\"potentialAction\":[{\"@type\":\"ReadAction\",\"target\":[\"https:\\\/\\\/fojustice.fr\\\/web\\\/prison-de-beziers-ca-deborde-la-surpopulation-met-en-danger-la-securite-de-tous\\\/\"]}]},{\"@type\":\"ImageObject\",\"inLanguage\":\"fr-FR\",\"@id\":\"https:\\\/\\\/fojustice.fr\\\/web\\\/prison-de-beziers-ca-deborde-la-surpopulation-met-en-danger-la-securite-de-tous\\\/#primaryimage\",\"url\":\"https:\\\/\\\/fojustice.fr\\\/web\\\/wp-content\\\/uploads\\\/2022\\\/04\\\/prison-de-Beziers.jpeg\",\"contentUrl\":\"https:\\\/\\\/fojustice.fr\\\/web\\\/wp-content\\\/uploads\\\/2022\\\/04\\\/prison-de-Beziers.jpeg\",\"width\":1200,\"height\":680},{\"@type\":\"BreadcrumbList\",\"@id\":\"https:\\\/\\\/fojustice.fr\\\/web\\\/prison-de-beziers-ca-deborde-la-surpopulation-met-en-danger-la-securite-de-tous\\\/#breadcrumb\",\"itemListElement\":[{\"@type\":\"ListItem\",\"position\":1,\"name\":\"Accueil\",\"item\":\"https:\\\/\\\/fojustice.fr\\\/web\\\/\"},{\"@type\":\"ListItem\",\"position\":2,\"name\":\"Prison de B\u00e9ziers : \u00c7a d\u00e9borde ! La surpopulation met en danger la s\u00e9curit\u00e9 de tous\"}]},{\"@type\":\"WebSite\",\"@id\":\"https:\\\/\\\/fojustice.fr\\\/web\\\/#website\",\"url\":\"https:\\\/\\\/fojustice.fr\\\/web\\\/\",\"name\":\"Syndicat FO Justice\",\"description\":\"Site du Syndicat National FO Justice\",\"publisher\":{\"@id\":\"https:\\\/\\\/fojustice.fr\\\/web\\\/#organization\"},\"alternateName\":\"Syndicat National FO Justice\",\"potentialAction\":[{\"@type\":\"SearchAction\",\"target\":{\"@type\":\"EntryPoint\",\"urlTemplate\":\"https:\\\/\\\/fojustice.fr\\\/web\\\/?s={search_term_string}\"},\"query-input\":{\"@type\":\"PropertyValueSpecification\",\"valueRequired\":true,\"valueName\":\"search_term_string\"}}],\"inLanguage\":\"fr-FR\"},{\"@type\":\"Organization\",\"@id\":\"https:\\\/\\\/fojustice.fr\\\/web\\\/#organization\",\"name\":\"Syndicat National FO Justice\",\"alternateName\":\"Syndicat National FO Justice\",\"url\":\"https:\\\/\\\/fojustice.fr\\\/web\\\/\",\"logo\":{\"@type\":\"ImageObject\",\"inLanguage\":\"fr-FR\",\"@id\":\"https:\\\/\\\/fojustice.fr\\\/web\\\/#\\\/schema\\\/logo\\\/image\\\/\",\"url\":\"https:\\\/\\\/fojustice.fr\\\/web\\\/wp-content\\\/uploads\\\/2022\\\/03\\\/logo-fo-justice.png\",\"contentUrl\":\"https:\\\/\\\/fojustice.fr\\\/web\\\/wp-content\\\/uploads\\\/2022\\\/03\\\/logo-fo-justice.png\",\"width\":800,\"height\":800,\"caption\":\"Syndicat National FO Justice\"},\"image\":{\"@id\":\"https:\\\/\\\/fojustice.fr\\\/web\\\/#\\\/schema\\\/logo\\\/image\\\/\"},\"sameAs\":[\"https:\\\/\\\/www.facebook.com\\\/SyndicatFoJustice\",\"https:\\\/\\\/x.com\\\/SyndFoJustice\"]},{\"@type\":\"Person\",\"@id\":\"https:\\\/\\\/fojustice.fr\\\/web\\\/#\\\/schema\\\/person\\\/a51cb9c3495ce0ca62b78fc96ac3bf9f\",\"name\":\"adminfojustice\",\"image\":{\"@type\":\"ImageObject\",\"inLanguage\":\"fr-FR\",\"@id\":\"https:\\\/\\\/secure.gravatar.com\\\/avatar\\\/368884c0ecc46e53d83c0c3c0af4c6c30a6bbc2aab7535848950f43a950bfd4e?s=96&d=mm&r=g\",\"url\":\"https:\\\/\\\/secure.gravatar.com\\\/avatar\\\/368884c0ecc46e53d83c0c3c0af4c6c30a6bbc2aab7535848950f43a950bfd4e?s=96&d=mm&r=g\",\"contentUrl\":\"https:\\\/\\\/secure.gravatar.com\\\/avatar\\\/368884c0ecc46e53d83c0c3c0af4c6c30a6bbc2aab7535848950f43a950bfd4e?s=96&d=mm&r=g\",\"caption\":\"adminfojustice\"},\"sameAs\":[\"https:\\\/\\\/www.fojustice.fr\\\/web\"],\"url\":\"https:\\\/\\\/fojustice.fr\\\/web\\\/author\\\/adminfojustice\\\/\"}]}<\/script>\n<!-- \/ Yoast SEO plugin. -->","yoast_head_json":{"title":"Prison de B\u00e9ziers : \u00c7a d\u00e9borde ! La surpopulation met en danger la s\u00e9curit\u00e9 de tous - Syndicat FO Justice","description":"Syndicat FO Justice - DISP Toulouse - Prison de B\u00e9ziers : \u00c7a d\u00e9borde ! La surpopulation met en danger la s\u00e9curit\u00e9 de tous","robots":{"index":"index","follow":"follow","max-snippet":"max-snippet:-1","max-image-preview":"max-image-preview:large","max-video-preview":"max-video-preview:-1"},"canonical":"https:\/\/fojustice.fr\/web\/prison-de-beziers-ca-deborde-la-surpopulation-met-en-danger-la-securite-de-tous\/","og_locale":"fr_FR","og_type":"article","og_title":"Prison de B\u00e9ziers : \u00c7a d\u00e9borde ! La surpopulation met en danger la s\u00e9curit\u00e9 de tous - Syndicat FO Justice","og_description":"Syndicat FO Justice - DISP Toulouse - Prison de B\u00e9ziers : \u00c7a d\u00e9borde ! La surpopulation met en danger la s\u00e9curit\u00e9 de tous","og_url":"https:\/\/fojustice.fr\/web\/prison-de-beziers-ca-deborde-la-surpopulation-met-en-danger-la-securite-de-tous\/","og_site_name":"Syndicat FO Justice","article_publisher":"https:\/\/www.facebook.com\/SyndicatFoJustice","article_published_time":"2026-08-29T08:38:10+00:00","og_image":[{"width":1200,"height":680,"url":"https:\/\/fojustice.fr\/web\/wp-content\/uploads\/2022\/04\/prison-de-Beziers.jpeg","type":"image\/jpeg"}],"author":"adminfojustice","twitter_card":"summary_large_image","twitter_creator":"@SyndFoJustice","twitter_site":"@SyndFoJustice","twitter_misc":{"\u00c9crit par":"adminfojustice","Dur\u00e9e de lecture estim\u00e9e":"3 minutes"},"schema":{"@context":"https:\/\/schema.org","@graph":[{"@type":"NewsArticle","@id":"https:\/\/fojustice.fr\/web\/prison-de-beziers-ca-deborde-la-surpopulation-met-en-danger-la-securite-de-tous\/#article","isPartOf":{"@id":"https:\/\/fojustice.fr\/web\/prison-de-beziers-ca-deborde-la-surpopulation-met-en-danger-la-securite-de-tous\/"},"author":{"name":"adminfojustice","@id":"https:\/\/fojustice.fr\/web\/#\/schema\/person\/a51cb9c3495ce0ca62b78fc96ac3bf9f"},"headline":"Prison de B\u00e9ziers : \u00c7a d\u00e9borde ! La surpopulation met en danger la s\u00e9curit\u00e9 de tous","datePublished":"2026-08-29T08:38:10+00:00","mainEntityOfPage":{"@id":"https:\/\/fojustice.fr\/web\/prison-de-beziers-ca-deborde-la-surpopulation-met-en-danger-la-securite-de-tous\/"},"wordCount":531,"commentCount":0,"publisher":{"@id":"https:\/\/fojustice.fr\/web\/#organization"},"image":{"@id":"https:\/\/fojustice.fr\/web\/prison-de-beziers-ca-deborde-la-surpopulation-met-en-danger-la-securite-de-tous\/#primaryimage"},"thumbnailUrl":"https:\/\/fojustice.fr\/web\/wp-content\/uploads\/2022\/04\/prison-de-Beziers.jpeg","articleSection":["DISP Toulouse"],"inLanguage":"fr-FR","potentialAction":[{"@type":"CommentAction","name":"Comment","target":["https:\/\/fojustice.fr\/web\/prison-de-beziers-ca-deborde-la-surpopulation-met-en-danger-la-securite-de-tous\/#respond"]}]},{"@type":"WebPage","@id":"https:\/\/fojustice.fr\/web\/prison-de-beziers-ca-deborde-la-surpopulation-met-en-danger-la-securite-de-tous\/","url":"https:\/\/fojustice.fr\/web\/prison-de-beziers-ca-deborde-la-surpopulation-met-en-danger-la-securite-de-tous\/","name":"Prison de B\u00e9ziers : \u00c7a d\u00e9borde ! La surpopulation met en danger la s\u00e9curit\u00e9 de tous - Syndicat FO Justice","isPartOf":{"@id":"https:\/\/fojustice.fr\/web\/#website"},"primaryImageOfPage":{"@id":"https:\/\/fojustice.fr\/web\/prison-de-beziers-ca-deborde-la-surpopulation-met-en-danger-la-securite-de-tous\/#primaryimage"},"image":{"@id":"https:\/\/fojustice.fr\/web\/prison-de-beziers-ca-deborde-la-surpopulation-met-en-danger-la-securite-de-tous\/#primaryimage"},"thumbnailUrl":"https:\/\/fojustice.fr\/web\/wp-content\/uploads\/2022\/04\/prison-de-Beziers.jpeg","datePublished":"2026-08-29T08:38:10+00:00","description":"Syndicat FO Justice - DISP Toulouse - Prison de B\u00e9ziers : \u00c7a d\u00e9borde ! La surpopulation met en danger la s\u00e9curit\u00e9 de tous","breadcrumb":{"@id":"https:\/\/fojustice.fr\/web\/prison-de-beziers-ca-deborde-la-surpopulation-met-en-danger-la-securite-de-tous\/#breadcrumb"},"inLanguage":"fr-FR","potentialAction":[{"@type":"ReadAction","target":["https:\/\/fojustice.fr\/web\/prison-de-beziers-ca-deborde-la-surpopulation-met-en-danger-la-securite-de-tous\/"]}]},{"@type":"ImageObject","inLanguage":"fr-FR","@id":"https:\/\/fojustice.fr\/web\/prison-de-beziers-ca-deborde-la-surpopulation-met-en-danger-la-securite-de-tous\/#primaryimage","url":"https:\/\/fojustice.fr\/web\/wp-content\/uploads\/2022\/04\/prison-de-Beziers.jpeg","contentUrl":"https:\/\/fojustice.fr\/web\/wp-content\/uploads\/2022\/04\/prison-de-Beziers.jpeg","width":1200,"height":680},{"@type":"BreadcrumbList","@id":"https:\/\/fojustice.fr\/web\/prison-de-beziers-ca-deborde-la-surpopulation-met-en-danger-la-securite-de-tous\/#breadcrumb","itemListElement":[{"@type":"ListItem","position":1,"name":"Accueil","item":"https:\/\/fojustice.fr\/web\/"},{"@type":"ListItem","position":2,"name":"Prison de B\u00e9ziers : \u00c7a d\u00e9borde ! La surpopulation met en danger la s\u00e9curit\u00e9 de tous"}]},{"@type":"WebSite","@id":"https:\/\/fojustice.fr\/web\/#website","url":"https:\/\/fojustice.fr\/web\/","name":"Syndicat FO Justice","description":"Site du Syndicat National FO Justice","publisher":{"@id":"https:\/\/fojustice.fr\/web\/#organization"},"alternateName":"Syndicat National FO Justice","potentialAction":[{"@type":"SearchAction","target":{"@type":"EntryPoint","urlTemplate":"https:\/\/fojustice.fr\/web\/?s={search_term_string}"},"query-input":{"@type":"PropertyValueSpecification","valueRequired":true,"valueName":"search_term_string"}}],"inLanguage":"fr-FR"},{"@type":"Organization","@id":"https:\/\/fojustice.fr\/web\/#organization","name":"Syndicat National FO Justice","alternateName":"Syndicat National FO Justice","url":"https:\/\/fojustice.fr\/web\/","logo":{"@type":"ImageObject","inLanguage":"fr-FR","@id":"https:\/\/fojustice.fr\/web\/#\/schema\/logo\/image\/","url":"https:\/\/fojustice.fr\/web\/wp-content\/uploads\/2022\/03\/logo-fo-justice.png","contentUrl":"https:\/\/fojustice.fr\/web\/wp-content\/uploads\/2022\/03\/logo-fo-justice.png","width":800,"height":800,"caption":"Syndicat National FO Justice"},"image":{"@id":"https:\/\/fojustice.fr\/web\/#\/schema\/logo\/image\/"},"sameAs":["https:\/\/www.facebook.com\/SyndicatFoJustice","https:\/\/x.com\/SyndFoJustice"]},{"@type":"Person","@id":"https:\/\/fojustice.fr\/web\/#\/schema\/person\/a51cb9c3495ce0ca62b78fc96ac3bf9f","name":"adminfojustice","image":{"@type":"ImageObject","inLanguage":"fr-FR","@id":"https:\/\/secure.gravatar.com\/avatar\/368884c0ecc46e53d83c0c3c0af4c6c30a6bbc2aab7535848950f43a950bfd4e?s=96&d=mm&r=g","url":"https:\/\/secure.gravatar.com\/avatar\/368884c0ecc46e53d83c0c3c0af4c6c30a6bbc2aab7535848950f43a950bfd4e?s=96&d=mm&r=g","contentUrl":"https:\/\/secure.gravatar.com\/avatar\/368884c0ecc46e53d83c0c3c0af4c6c30a6bbc2aab7535848950f43a950bfd4e?s=96&d=mm&r=g","caption":"adminfojustice"},"sameAs":["https:\/\/www.fojustice.fr\/web"],"url":"https:\/\/fojustice.fr\/web\/author\/adminfojustice\/"}]}},"jetpack_shortlink":"https:\/\/wp.me\/pdNWl1-dmx","jetpack_sharing_enabled":true,"jetpack_featured_media_url":"https:\/\/fojustice.fr\/web\/wp-content\/uploads\/2022\/04\/prison-de-Beziers.jpeg","_links":{"self":[{"href":"https:\/\/fojustice.fr\/web\/wp-json\/wp\/v2\/posts\/51369","targetHints":{"allow":["GET"]}}],"collection":[{"href":"https:\/\/fojustice.fr\/web\/wp-json\/wp\/v2\/posts"}],"about":[{"href":"https:\/\/fojustice.fr\/web\/wp-json\/wp\/v2\/types\/post"}],"author":[{"embeddable":true,"href":"https:\/\/fojustice.fr\/web\/wp-json\/wp\/v2\/users\/1"}],"replies":[{"embeddable":true,"href":"https:\/\/fojustice.fr\/web\/wp-json\/wp\/v2\/comments?post=51369"}],"version-history":[{"count":1,"href":"https:\/\/fojustice.fr\/web\/wp-json\/wp\/v2\/posts\/51369\/revisions"}],"predecessor-version":[{"id":51372,"href":"https:\/\/fojustice.fr\/web\/wp-json\/wp\/v2\/posts\/51369\/revisions\/51372"}],"wp:featuredmedia":[{"embeddable":true,"href":"https:\/\/fojustice.fr\/web\/wp-json\/wp\/v2\/media\/2636"}],"wp:attachment":[{"href":"https:\/\/fojustice.fr\/web\/wp-json\/wp\/v2\/media?parent=51369"}],"wp:term":[{"taxonomy":"category","embeddable":true,"href":"https:\/\/fojustice.fr\/web\/wp-json\/wp\/v2\/categories?post=51369"},{"taxonomy":"post_tag","embeddable":true,"href":"https:\/\/fojustice.fr\/web\/wp-json\/wp\/v2\/tags?post=51369"}],"curies":[{"name":"wp","href":"https:\/\/api.w.org\/{rel}","templated":true}]}}