{"id":51366,"date":"2026-08-29T10:32:50","date_gmt":"2026-08-29T08:32:50","guid":{"rendered":"https:\/\/fojustice.fr\/web\/?p=51366"},"modified":"2026-08-29T10:32:50","modified_gmt":"2026-08-29T08:32:50","slug":"prison-beziers-une-nouvelle-fois-la-violence-sexprime","status":"publish","type":"post","link":"https:\/\/fojustice.fr\/web\/prison-beziers-une-nouvelle-fois-la-violence-sexprime\/","title":{"rendered":"Prison B\u00e9ziers : Une nouvelle fois, la violence s&#8217;exprime !"},"content":{"rendered":"<p class=\"p1\">Une nouvelle fois, les personnels du CP B\u00e9ziers sont confront\u00e9s \u00e0 un d\u00e9tenu au profil particuli\u00e8rement violent et dont le comportement devient de plus en plus difficile \u00e0 g\u00e9rer.<\/p>\n<p class=\"p1\"><b>Le premier incident s\u2019est produit hier.<\/b> En fin d\u2019apr\u00e8s-midi, alors que le d\u00e9tenu \u00e9tait \u00e0 l\u2019origine d\u2019un important tapage, les personnels ont d\u00e9cid\u00e9 de commencer la distribution du repas par sa cellule. D\u00e8s l\u2019ouverture de la porte, celui-ci s\u2019est montr\u00e9 extr\u00eamement mena\u00e7ant et a invectiv\u00e9 les agents pr\u00e9sents.<\/p>\n<p class=\"p1\">Alors que le Brigadier-Chef Encadrement du QI\/QD tentait de r\u00e9tablir le dialogue<b>, <\/b><span style=\"color: #ff0000;\"><span class=\"s1\"><b>le d\u00e9tenu s\u2019est saisi de <\/b><\/span><b>son t\u00e9l\u00e9viseur et l\u2019a projet\u00e9 en direction du grad\u00e9<\/b>.<\/span> <span class=\"s2\">Les personnels sont imm\u00e9diatement intervenus afin <\/span>d\u2019emp\u00eacher le passage \u00e0 l\u2019acte. Le d\u00e9tenu s\u2019est alors violemment d\u00e9battu et sa ma\u00eetrise a n\u00e9cessit\u00e9 l\u2019intervention des agents.<\/p>\n<p class=\"p1\">Conduit au quartier disciplinaire, son comportement ne s\u2019est pas calm\u00e9. <span style=\"color: #ff0000;\"><span class=\"s1\"><b>Au moment de la sortie des <\/b><\/span><b>personnels de la cellule du QD, le d\u00e9tenu a crach\u00e9 en direction des personnels pr\u00e9sents, atteignant <\/b><span class=\"s1\"><b>le grad\u00e9 au niveau du front.<\/b> <\/span><\/span>La mise en pr\u00e9vention aura finalement \u00e9t\u00e9 le seul moyen de mettre un terme \u00e0 l\u2019incident.<\/p>\n<p class=\"p3\" style=\"text-align: center;\"><span style=\"color: #ff0000;\"><b>Et aujourd\u2019hui encore, la situation se poursuit.<\/b><\/span><\/p>\n<p class=\"p1\">\u00c0 chaque ouverture de porte, les personnels sont confront\u00e9s \u00e0 <b>des crachats, des provocations, des <\/b><b>menaces, des insultes et des propos racistes.<\/b> Cette situation devient totalement inadmissible pour les agents qui doivent assurer quotidiennement la prise en charge de ce d\u00e9tenu dans un climat de tension permanent.<\/p>\n<p class=\"p1\"><span class=\"s1\" style=\"color: #ff0000;\"><b>FO Justice CP B\u00e9ziers<\/b> <\/span>tient \u00e0 saluer le professionnalisme, la r\u00e9activit\u00e9 et le sang-froid des personnels qui doivent une nouvelle fois intervenir dans des conditions particuli\u00e8rement difficiles.<\/p>\n<p class=\"p1\"><b>Mais au-del\u00e0 de ces incidents r\u00e9p\u00e9t\u00e9s, une question demeure :<\/b><\/p>\n<p class=\"p3\" style=\"text-align: center;\"><span style=\"color: #ff0000;\"><b>Que fait encore ce profil au CP B\u00e9ziers ?<\/b><\/span><\/p>\n<p class=\"p1\">Le Quartier d\u2019Isolement est aujourd\u2019hui fl\u00e9ch\u00e9 QLCO. Pourtant, certains profils qui y sont plac\u00e9s semblent totalement incompatibles avec les conditions de fonctionnement et les moyens dont disposent les personnels. Lorsque les incidents se r\u00e9p\u00e8tent, que les menaces, les violences, les crachats, les insultes et les propos racistes deviennent le quotidien, <b>il est temps de prendre des d\u00e9cisions.<\/b><\/p>\n<p class=\"p1\">D\u2019apr\u00e8s les \u00e9l\u00e9ments dont nous disposons, ce d\u00e9tenu aurait d\u00e9j\u00e0 \u00e9t\u00e9 \u00e9cart\u00e9 de plusieurs \u00e9tablissements, notamment Toulouse-Seysses et Perpignan. Aujourd\u2019hui, les personnels de B\u00e9ziers doivent \u00e0 leur tour faire face \u00e0 son comportement violent et impr\u00e9visible.<\/p>\n<p class=\"p2\" style=\"text-align: center;\"><span style=\"color: #ff0000;\"><b>La seule r\u00e9ponse apport\u00e9e par la direction semble aujourd\u2019hui \u00eatre <\/b><b>l\u2019ouverture d\u2019un DOT.<\/b><\/span><\/p>\n<p class=\"p1\">Mais avec une lib\u00e9ration annonc\u00e9e en mars 2027, peut-on r\u00e9ellement se satisfaire d\u2019attendre et de laisser les personnels subir encore pendant des mois ?<\/p>\n<p class=\"p3\" style=\"text-align: center;\"><b>Pour FO Justice CP B\u00e9ziers, la r\u00e9ponse est clairement NON.<\/b><\/p>\n<p class=\"p1\">Face \u00e0 la r\u00e9p\u00e9tition des incidents et \u00e0 l\u2019escalade des comportements, <b>nous demandons son transfert <\/b><b>imm\u00e9diat vers un \u00e9tablissement ou une structure r\u00e9ellement adapt\u00e9e \u00e0 son profil.<\/b><\/p>\n<p class=\"p1\">Nous refusons d\u2019attendre qu\u2019un personnel soit gravement bless\u00e9 pour que l\u2019administration consid\u00e8re enfin l\u2019urgence de la situation.<\/p>\n<p class=\"p1\">Les agents ne peuvent pas \u00eatre condamn\u00e9s \u00e0 subir quotidiennement des violences, des crachats, des menaces, des insultes et des propos racistes au seul motif qu\u2019aucune solution n\u2019est trouv\u00e9e.<\/p>\n<p class=\"p2\" style=\"text-align: center;\"><span style=\"color: #ff0000;\"><b>La s\u00e9curit\u00e9 des personnels doit primer.<\/b><\/span><\/p>\n<p class=\"p1\"><span class=\"s1\" style=\"color: #ff0000;\"><b>FO Justice CP B\u00e9ziers<\/b> <\/span><b>apporte tout son soutien aux coll\u00e8gues confront\u00e9s \u00e0 ces comportements et <\/b><b>continuera d\u2019exiger des actions concr\u00e8tes de la direction et de la Direction interr\u00e9gionale.<\/b><\/p>\n<p class=\"p4\" style=\"text-align: center;\"><b>Il est temps d\u2019agir. Avant qu\u2019il ne soit trop tard.<\/b><\/p>\n<p><a href=\"https:\/\/fojustice.fr\/web\/wp-content\/uploads\/2026\/08\/20260827-Communique-Local-Une-nouvelle-fois-la-violence-sexprime-1.pdf\">Lire le communiqu\u00e9<\/a><\/p>\n","protected":false},"excerpt":{"rendered":"<p>Une nouvelle fois, les personnels du CP B\u00e9ziers sont confront\u00e9s \u00e0 un d\u00e9tenu au profil particuli\u00e8rement violent et dont le comportement devient de plus en plus difficile \u00e0 g\u00e9rer. Le premier incident s\u2019est produit hier. En fin d\u2019apr\u00e8s-midi, alors que le d\u00e9tenu \u00e9tait \u00e0 l\u2019origine d\u2019un important tapage, les personnels ont d\u00e9cid\u00e9 de commencer la [&hellip;]<\/p>\n","protected":false},"author":1,"featured_media":17800,"comment_status":"open","ping_status":"open","sticky":false,"template":"","format":"standard","meta":{"_angie_page":false,"_jetpack_newsletter_access":"","_jetpack_dont_email_post_to_subs":true,"_jetpack_newsletter_tier_id":0,"_jetpack_memberships_contains_paywalled_content":false,"page_builder":"","_jetpack_feature_clip_id":0,"_jetpack_memberships_contains_paid_content":false,"footnotes":"","jetpack_post_was_ever_published":false,"_members_access_role":[],"_members_access_error":""},"categories":[37],"tags":[],"class_list":["post-51366","post","type-post","status-publish","format-standard","has-post-thumbnail","hentry","category-disp-toulouse"],"yoast_head":"<!-- This site is optimized with the Yoast SEO plugin v28.3 - https:\/\/yoast.com\/product\/yoast-seo-wordpress\/ -->\n<title>Prison B\u00e9ziers : Une nouvelle fois, la violence s&#039;exprime ! - Syndicat FO Justice<\/title>\n<meta name=\"description\" content=\"Syndicat FO Justice - DISP Toulouse - Prison B\u00e9ziers : Une nouvelle fois, la violence s&#039;exprime !\" \/>\n<meta name=\"robots\" content=\"index, follow, max-snippet:-1, max-image-preview:large, max-video-preview:-1\" \/>\n<link rel=\"canonical\" href=\"https:\/\/fojustice.fr\/web\/prison-beziers-une-nouvelle-fois-la-violence-sexprime\/\" \/>\n<meta property=\"og:locale\" content=\"fr_FR\" \/>\n<meta property=\"og:type\" content=\"article\" \/>\n<meta property=\"og:title\" content=\"Prison B\u00e9ziers : Une nouvelle fois, la violence s&#039;exprime ! - Syndicat FO Justice\" \/>\n<meta property=\"og:description\" content=\"Syndicat FO Justice - DISP Toulouse - Prison B\u00e9ziers : Une nouvelle fois, la violence s&#039;exprime !\" \/>\n<meta property=\"og:url\" content=\"https:\/\/fojustice.fr\/web\/prison-beziers-une-nouvelle-fois-la-violence-sexprime\/\" \/>\n<meta property=\"og:site_name\" content=\"Syndicat FO Justice\" \/>\n<meta property=\"article:publisher\" content=\"https:\/\/www.facebook.com\/SyndicatFoJustice\" \/>\n<meta property=\"article:published_time\" content=\"2026-08-29T08:32:50+00:00\" \/>\n<meta property=\"og:image\" content=\"https:\/\/fojustice.fr\/web\/wp-content\/uploads\/2023\/12\/prison-beziers.jpeg\" \/>\n\t<meta property=\"og:image:width\" content=\"600\" \/>\n\t<meta property=\"og:image:height\" content=\"400\" \/>\n\t<meta property=\"og:image:type\" content=\"image\/jpeg\" \/>\n<meta name=\"author\" content=\"adminfojustice\" \/>\n<meta name=\"twitter:card\" content=\"summary_large_image\" \/>\n<meta name=\"twitter:creator\" content=\"@SyndFoJustice\" \/>\n<meta name=\"twitter:site\" content=\"@SyndFoJustice\" \/>\n<meta name=\"twitter:label1\" content=\"\u00c9crit par\" \/>\n\t<meta name=\"twitter:data1\" content=\"adminfojustice\" \/>\n\t<meta name=\"twitter:label2\" content=\"Dur\u00e9e de lecture estim\u00e9e\" \/>\n\t<meta name=\"twitter:data2\" content=\"3 minutes\" \/>\n<script type=\"application\/ld+json\" class=\"yoast-schema-graph\">{\"@context\":\"https:\\\/\\\/schema.org\",\"@graph\":[{\"@type\":\"NewsArticle\",\"@id\":\"https:\\\/\\\/fojustice.fr\\\/web\\\/prison-beziers-une-nouvelle-fois-la-violence-sexprime\\\/#article\",\"isPartOf\":{\"@id\":\"https:\\\/\\\/fojustice.fr\\\/web\\\/prison-beziers-une-nouvelle-fois-la-violence-sexprime\\\/\"},\"author\":{\"name\":\"adminfojustice\",\"@id\":\"https:\\\/\\\/fojustice.fr\\\/web\\\/#\\\/schema\\\/person\\\/a51cb9c3495ce0ca62b78fc96ac3bf9f\"},\"headline\":\"Prison B\u00e9ziers : Une nouvelle fois, la violence s&#8217;exprime !\",\"datePublished\":\"2026-08-29T08:32:50+00:00\",\"mainEntityOfPage\":{\"@id\":\"https:\\\/\\\/fojustice.fr\\\/web\\\/prison-beziers-une-nouvelle-fois-la-violence-sexprime\\\/\"},\"wordCount\":633,\"commentCount\":0,\"publisher\":{\"@id\":\"https:\\\/\\\/fojustice.fr\\\/web\\\/#organization\"},\"image\":{\"@id\":\"https:\\\/\\\/fojustice.fr\\\/web\\\/prison-beziers-une-nouvelle-fois-la-violence-sexprime\\\/#primaryimage\"},\"thumbnailUrl\":\"https:\\\/\\\/fojustice.fr\\\/web\\\/wp-content\\\/uploads\\\/2023\\\/12\\\/prison-beziers.jpeg\",\"articleSection\":[\"DISP Toulouse\"],\"inLanguage\":\"fr-FR\",\"potentialAction\":[{\"@type\":\"CommentAction\",\"name\":\"Comment\",\"target\":[\"https:\\\/\\\/fojustice.fr\\\/web\\\/prison-beziers-une-nouvelle-fois-la-violence-sexprime\\\/#respond\"]}]},{\"@type\":\"WebPage\",\"@id\":\"https:\\\/\\\/fojustice.fr\\\/web\\\/prison-beziers-une-nouvelle-fois-la-violence-sexprime\\\/\",\"url\":\"https:\\\/\\\/fojustice.fr\\\/web\\\/prison-beziers-une-nouvelle-fois-la-violence-sexprime\\\/\",\"name\":\"Prison B\u00e9ziers : Une nouvelle fois, la violence s'exprime ! - Syndicat FO Justice\",\"isPartOf\":{\"@id\":\"https:\\\/\\\/fojustice.fr\\\/web\\\/#website\"},\"primaryImageOfPage\":{\"@id\":\"https:\\\/\\\/fojustice.fr\\\/web\\\/prison-beziers-une-nouvelle-fois-la-violence-sexprime\\\/#primaryimage\"},\"image\":{\"@id\":\"https:\\\/\\\/fojustice.fr\\\/web\\\/prison-beziers-une-nouvelle-fois-la-violence-sexprime\\\/#primaryimage\"},\"thumbnailUrl\":\"https:\\\/\\\/fojustice.fr\\\/web\\\/wp-content\\\/uploads\\\/2023\\\/12\\\/prison-beziers.jpeg\",\"datePublished\":\"2026-08-29T08:32:50+00:00\",\"description\":\"Syndicat FO Justice - DISP Toulouse - Prison B\u00e9ziers : Une nouvelle fois, la violence s'exprime !\",\"breadcrumb\":{\"@id\":\"https:\\\/\\\/fojustice.fr\\\/web\\\/prison-beziers-une-nouvelle-fois-la-violence-sexprime\\\/#breadcrumb\"},\"inLanguage\":\"fr-FR\",\"potentialAction\":[{\"@type\":\"ReadAction\",\"target\":[\"https:\\\/\\\/fojustice.fr\\\/web\\\/prison-beziers-une-nouvelle-fois-la-violence-sexprime\\\/\"]}]},{\"@type\":\"ImageObject\",\"inLanguage\":\"fr-FR\",\"@id\":\"https:\\\/\\\/fojustice.fr\\\/web\\\/prison-beziers-une-nouvelle-fois-la-violence-sexprime\\\/#primaryimage\",\"url\":\"https:\\\/\\\/fojustice.fr\\\/web\\\/wp-content\\\/uploads\\\/2023\\\/12\\\/prison-beziers.jpeg\",\"contentUrl\":\"https:\\\/\\\/fojustice.fr\\\/web\\\/wp-content\\\/uploads\\\/2023\\\/12\\\/prison-beziers.jpeg\",\"width\":600,\"height\":400},{\"@type\":\"BreadcrumbList\",\"@id\":\"https:\\\/\\\/fojustice.fr\\\/web\\\/prison-beziers-une-nouvelle-fois-la-violence-sexprime\\\/#breadcrumb\",\"itemListElement\":[{\"@type\":\"ListItem\",\"position\":1,\"name\":\"Accueil\",\"item\":\"https:\\\/\\\/fojustice.fr\\\/web\\\/\"},{\"@type\":\"ListItem\",\"position\":2,\"name\":\"Prison B\u00e9ziers : Une nouvelle fois, la violence s&#8217;exprime !\"}]},{\"@type\":\"WebSite\",\"@id\":\"https:\\\/\\\/fojustice.fr\\\/web\\\/#website\",\"url\":\"https:\\\/\\\/fojustice.fr\\\/web\\\/\",\"name\":\"Syndicat FO Justice\",\"description\":\"Site du Syndicat National FO Justice\",\"publisher\":{\"@id\":\"https:\\\/\\\/fojustice.fr\\\/web\\\/#organization\"},\"alternateName\":\"Syndicat National FO Justice\",\"potentialAction\":[{\"@type\":\"SearchAction\",\"target\":{\"@type\":\"EntryPoint\",\"urlTemplate\":\"https:\\\/\\\/fojustice.fr\\\/web\\\/?s={search_term_string}\"},\"query-input\":{\"@type\":\"PropertyValueSpecification\",\"valueRequired\":true,\"valueName\":\"search_term_string\"}}],\"inLanguage\":\"fr-FR\"},{\"@type\":\"Organization\",\"@id\":\"https:\\\/\\\/fojustice.fr\\\/web\\\/#organization\",\"name\":\"Syndicat National FO Justice\",\"alternateName\":\"Syndicat National FO Justice\",\"url\":\"https:\\\/\\\/fojustice.fr\\\/web\\\/\",\"logo\":{\"@type\":\"ImageObject\",\"inLanguage\":\"fr-FR\",\"@id\":\"https:\\\/\\\/fojustice.fr\\\/web\\\/#\\\/schema\\\/logo\\\/image\\\/\",\"url\":\"https:\\\/\\\/fojustice.fr\\\/web\\\/wp-content\\\/uploads\\\/2022\\\/03\\\/logo-fo-justice.png\",\"contentUrl\":\"https:\\\/\\\/fojustice.fr\\\/web\\\/wp-content\\\/uploads\\\/2022\\\/03\\\/logo-fo-justice.png\",\"width\":800,\"height\":800,\"caption\":\"Syndicat National FO Justice\"},\"image\":{\"@id\":\"https:\\\/\\\/fojustice.fr\\\/web\\\/#\\\/schema\\\/logo\\\/image\\\/\"},\"sameAs\":[\"https:\\\/\\\/www.facebook.com\\\/SyndicatFoJustice\",\"https:\\\/\\\/x.com\\\/SyndFoJustice\"]},{\"@type\":\"Person\",\"@id\":\"https:\\\/\\\/fojustice.fr\\\/web\\\/#\\\/schema\\\/person\\\/a51cb9c3495ce0ca62b78fc96ac3bf9f\",\"name\":\"adminfojustice\",\"image\":{\"@type\":\"ImageObject\",\"inLanguage\":\"fr-FR\",\"@id\":\"https:\\\/\\\/secure.gravatar.com\\\/avatar\\\/368884c0ecc46e53d83c0c3c0af4c6c30a6bbc2aab7535848950f43a950bfd4e?s=96&d=mm&r=g\",\"url\":\"https:\\\/\\\/secure.gravatar.com\\\/avatar\\\/368884c0ecc46e53d83c0c3c0af4c6c30a6bbc2aab7535848950f43a950bfd4e?s=96&d=mm&r=g\",\"contentUrl\":\"https:\\\/\\\/secure.gravatar.com\\\/avatar\\\/368884c0ecc46e53d83c0c3c0af4c6c30a6bbc2aab7535848950f43a950bfd4e?s=96&d=mm&r=g\",\"caption\":\"adminfojustice\"},\"sameAs\":[\"https:\\\/\\\/www.fojustice.fr\\\/web\"],\"url\":\"https:\\\/\\\/fojustice.fr\\\/web\\\/author\\\/adminfojustice\\\/\"}]}<\/script>\n<!-- \/ Yoast SEO plugin. -->","yoast_head_json":{"title":"Prison B\u00e9ziers : Une nouvelle fois, la violence s'exprime ! - Syndicat FO Justice","description":"Syndicat FO Justice - DISP Toulouse - Prison B\u00e9ziers : Une nouvelle fois, la violence s'exprime !","robots":{"index":"index","follow":"follow","max-snippet":"max-snippet:-1","max-image-preview":"max-image-preview:large","max-video-preview":"max-video-preview:-1"},"canonical":"https:\/\/fojustice.fr\/web\/prison-beziers-une-nouvelle-fois-la-violence-sexprime\/","og_locale":"fr_FR","og_type":"article","og_title":"Prison B\u00e9ziers : Une nouvelle fois, la violence s'exprime ! - Syndicat FO Justice","og_description":"Syndicat FO Justice - DISP Toulouse - Prison B\u00e9ziers : Une nouvelle fois, la violence s'exprime !","og_url":"https:\/\/fojustice.fr\/web\/prison-beziers-une-nouvelle-fois-la-violence-sexprime\/","og_site_name":"Syndicat FO Justice","article_publisher":"https:\/\/www.facebook.com\/SyndicatFoJustice","article_published_time":"2026-08-29T08:32:50+00:00","og_image":[{"width":600,"height":400,"url":"https:\/\/fojustice.fr\/web\/wp-content\/uploads\/2023\/12\/prison-beziers.jpeg","type":"image\/jpeg"}],"author":"adminfojustice","twitter_card":"summary_large_image","twitter_creator":"@SyndFoJustice","twitter_site":"@SyndFoJustice","twitter_misc":{"\u00c9crit par":"adminfojustice","Dur\u00e9e de lecture estim\u00e9e":"3 minutes"},"schema":{"@context":"https:\/\/schema.org","@graph":[{"@type":"NewsArticle","@id":"https:\/\/fojustice.fr\/web\/prison-beziers-une-nouvelle-fois-la-violence-sexprime\/#article","isPartOf":{"@id":"https:\/\/fojustice.fr\/web\/prison-beziers-une-nouvelle-fois-la-violence-sexprime\/"},"author":{"name":"adminfojustice","@id":"https:\/\/fojustice.fr\/web\/#\/schema\/person\/a51cb9c3495ce0ca62b78fc96ac3bf9f"},"headline":"Prison B\u00e9ziers : Une nouvelle fois, la violence s&#8217;exprime !","datePublished":"2026-08-29T08:32:50+00:00","mainEntityOfPage":{"@id":"https:\/\/fojustice.fr\/web\/prison-beziers-une-nouvelle-fois-la-violence-sexprime\/"},"wordCount":633,"commentCount":0,"publisher":{"@id":"https:\/\/fojustice.fr\/web\/#organization"},"image":{"@id":"https:\/\/fojustice.fr\/web\/prison-beziers-une-nouvelle-fois-la-violence-sexprime\/#primaryimage"},"thumbnailUrl":"https:\/\/fojustice.fr\/web\/wp-content\/uploads\/2023\/12\/prison-beziers.jpeg","articleSection":["DISP Toulouse"],"inLanguage":"fr-FR","potentialAction":[{"@type":"CommentAction","name":"Comment","target":["https:\/\/fojustice.fr\/web\/prison-beziers-une-nouvelle-fois-la-violence-sexprime\/#respond"]}]},{"@type":"WebPage","@id":"https:\/\/fojustice.fr\/web\/prison-beziers-une-nouvelle-fois-la-violence-sexprime\/","url":"https:\/\/fojustice.fr\/web\/prison-beziers-une-nouvelle-fois-la-violence-sexprime\/","name":"Prison B\u00e9ziers : Une nouvelle fois, la violence s'exprime ! - Syndicat FO Justice","isPartOf":{"@id":"https:\/\/fojustice.fr\/web\/#website"},"primaryImageOfPage":{"@id":"https:\/\/fojustice.fr\/web\/prison-beziers-une-nouvelle-fois-la-violence-sexprime\/#primaryimage"},"image":{"@id":"https:\/\/fojustice.fr\/web\/prison-beziers-une-nouvelle-fois-la-violence-sexprime\/#primaryimage"},"thumbnailUrl":"https:\/\/fojustice.fr\/web\/wp-content\/uploads\/2023\/12\/prison-beziers.jpeg","datePublished":"2026-08-29T08:32:50+00:00","description":"Syndicat FO Justice - DISP Toulouse - Prison B\u00e9ziers : Une nouvelle fois, la violence s'exprime !","breadcrumb":{"@id":"https:\/\/fojustice.fr\/web\/prison-beziers-une-nouvelle-fois-la-violence-sexprime\/#breadcrumb"},"inLanguage":"fr-FR","potentialAction":[{"@type":"ReadAction","target":["https:\/\/fojustice.fr\/web\/prison-beziers-une-nouvelle-fois-la-violence-sexprime\/"]}]},{"@type":"ImageObject","inLanguage":"fr-FR","@id":"https:\/\/fojustice.fr\/web\/prison-beziers-une-nouvelle-fois-la-violence-sexprime\/#primaryimage","url":"https:\/\/fojustice.fr\/web\/wp-content\/uploads\/2023\/12\/prison-beziers.jpeg","contentUrl":"https:\/\/fojustice.fr\/web\/wp-content\/uploads\/2023\/12\/prison-beziers.jpeg","width":600,"height":400},{"@type":"BreadcrumbList","@id":"https:\/\/fojustice.fr\/web\/prison-beziers-une-nouvelle-fois-la-violence-sexprime\/#breadcrumb","itemListElement":[{"@type":"ListItem","position":1,"name":"Accueil","item":"https:\/\/fojustice.fr\/web\/"},{"@type":"ListItem","position":2,"name":"Prison B\u00e9ziers : Une nouvelle fois, la violence s&#8217;exprime !"}]},{"@type":"WebSite","@id":"https:\/\/fojustice.fr\/web\/#website","url":"https:\/\/fojustice.fr\/web\/","name":"Syndicat FO Justice","description":"Site du Syndicat National FO Justice","publisher":{"@id":"https:\/\/fojustice.fr\/web\/#organization"},"alternateName":"Syndicat National FO Justice","potentialAction":[{"@type":"SearchAction","target":{"@type":"EntryPoint","urlTemplate":"https:\/\/fojustice.fr\/web\/?s={search_term_string}"},"query-input":{"@type":"PropertyValueSpecification","valueRequired":true,"valueName":"search_term_string"}}],"inLanguage":"fr-FR"},{"@type":"Organization","@id":"https:\/\/fojustice.fr\/web\/#organization","name":"Syndicat National FO Justice","alternateName":"Syndicat National FO Justice","url":"https:\/\/fojustice.fr\/web\/","logo":{"@type":"ImageObject","inLanguage":"fr-FR","@id":"https:\/\/fojustice.fr\/web\/#\/schema\/logo\/image\/","url":"https:\/\/fojustice.fr\/web\/wp-content\/uploads\/2022\/03\/logo-fo-justice.png","contentUrl":"https:\/\/fojustice.fr\/web\/wp-content\/uploads\/2022\/03\/logo-fo-justice.png","width":800,"height":800,"caption":"Syndicat National FO Justice"},"image":{"@id":"https:\/\/fojustice.fr\/web\/#\/schema\/logo\/image\/"},"sameAs":["https:\/\/www.facebook.com\/SyndicatFoJustice","https:\/\/x.com\/SyndFoJustice"]},{"@type":"Person","@id":"https:\/\/fojustice.fr\/web\/#\/schema\/person\/a51cb9c3495ce0ca62b78fc96ac3bf9f","name":"adminfojustice","image":{"@type":"ImageObject","inLanguage":"fr-FR","@id":"https:\/\/secure.gravatar.com\/avatar\/368884c0ecc46e53d83c0c3c0af4c6c30a6bbc2aab7535848950f43a950bfd4e?s=96&d=mm&r=g","url":"https:\/\/secure.gravatar.com\/avatar\/368884c0ecc46e53d83c0c3c0af4c6c30a6bbc2aab7535848950f43a950bfd4e?s=96&d=mm&r=g","contentUrl":"https:\/\/secure.gravatar.com\/avatar\/368884c0ecc46e53d83c0c3c0af4c6c30a6bbc2aab7535848950f43a950bfd4e?s=96&d=mm&r=g","caption":"adminfojustice"},"sameAs":["https:\/\/www.fojustice.fr\/web"],"url":"https:\/\/fojustice.fr\/web\/author\/adminfojustice\/"}]}},"jetpack_shortlink":"https:\/\/wp.me\/pdNWl1-dmu","jetpack_sharing_enabled":true,"jetpack_featured_media_url":"https:\/\/fojustice.fr\/web\/wp-content\/uploads\/2023\/12\/prison-beziers.jpeg","_links":{"self":[{"href":"https:\/\/fojustice.fr\/web\/wp-json\/wp\/v2\/posts\/51366","targetHints":{"allow":["GET"]}}],"collection":[{"href":"https:\/\/fojustice.fr\/web\/wp-json\/wp\/v2\/posts"}],"about":[{"href":"https:\/\/fojustice.fr\/web\/wp-json\/wp\/v2\/types\/post"}],"author":[{"embeddable":true,"href":"https:\/\/fojustice.fr\/web\/wp-json\/wp\/v2\/users\/1"}],"replies":[{"embeddable":true,"href":"https:\/\/fojustice.fr\/web\/wp-json\/wp\/v2\/comments?post=51366"}],"version-history":[{"count":1,"href":"https:\/\/fojustice.fr\/web\/wp-json\/wp\/v2\/posts\/51366\/revisions"}],"predecessor-version":[{"id":51368,"href":"https:\/\/fojustice.fr\/web\/wp-json\/wp\/v2\/posts\/51366\/revisions\/51368"}],"wp:featuredmedia":[{"embeddable":true,"href":"https:\/\/fojustice.fr\/web\/wp-json\/wp\/v2\/media\/17800"}],"wp:attachment":[{"href":"https:\/\/fojustice.fr\/web\/wp-json\/wp\/v2\/media?parent=51366"}],"wp:term":[{"taxonomy":"category","embeddable":true,"href":"https:\/\/fojustice.fr\/web\/wp-json\/wp\/v2\/categories?post=51366"},{"taxonomy":"post_tag","embeddable":true,"href":"https:\/\/fojustice.fr\/web\/wp-json\/wp\/v2\/tags?post=51366"}],"curies":[{"name":"wp","href":"https:\/\/api.w.org\/{rel}","templated":true}]}}