{"id":51352,"date":"2026-08-28T20:49:38","date_gmt":"2026-08-28T18:49:38","guid":{"rendered":"https:\/\/fojustice.fr\/web\/?p=51352"},"modified":"2026-08-28T20:49:38","modified_gmt":"2026-08-28T18:49:38","slug":"di-de-paris-assemblee-generale-fo-justice-paris-foyer-c-fleury-merogis-8-septembre-2026","status":"publish","type":"post","link":"https:\/\/fojustice.fr\/web\/di-de-paris-assemblee-generale-fo-justice-paris-foyer-c-fleury-merogis-8-septembre-2026\/","title":{"rendered":"DI de Paris : Assembl\u00e9e g\u00e9n\u00e9rale FO Justice Paris, foyer C &#8211; Fleury-M\u00e9rogis 8 septembre 2026"},"content":{"rendered":"<p style=\"text-align: center;\"><span style=\"color: #ff0000;\"><strong>OUTRE-MER : DES DROITS TOUJOURS MALTRAIT\u00c9S !<\/strong><\/span><\/p>\n<p><b><span style=\"text-decoration: underline; color: #ff0000;\">Objet<\/span> : Invitation \u00e0 l\u2019assembl\u00e9e g\u00e9n\u00e9rale <span style=\"color: #ff0000;\">FO Justice Paris<\/span> sur les droits Outre-mer, les cong\u00e9s bonifi\u00e9s, la prime \u00ab vie ch\u00e8re \u00bb et les difficult\u00e9s administratives persistantes.<\/b><\/p>\n<p>L\u2019administration demande sans cesse aux agents <b>exemplarit\u00e9, rigueur et respect des d\u00e9lais<\/b>.<\/p>\n<p>En revanche, lorsqu\u2019il s\u2019agit de respecter les droits des personnels ultramarins, les dysfonctionnements persistent.<\/p>\n<ul>\n<li>La prime <b>\u00ab vie ch\u00e8re \u00bb<\/b> n\u2019est toujours pas vers\u00e9e dans des d\u00e9lais satisfaisants.<\/li>\n<li>Les agents doivent constituer leurs dossiers dans des <b>d\u00e9lais extr\u00eamement courts<\/b>.<\/li>\n<li>Les justificatifs demand\u00e9s sont nombreux, complexes et parfois difficiles \u00e0 obtenir.<\/li>\n<li>Les p\u00e9riodes d\u2019ouverture pour d\u00e9poser les dossiers interviennent notamment pendant la p\u00e9riode estivale, alors m\u00eame que les \u00e9coles et certains organismes sont ferm\u00e9s, compliquant fortement la constitution des dossiers familiaux.<\/li>\n<li>Les agents doivent trop souvent relancer, justifier et attendre pour faire respecter des droits qui devraient \u00eatre appliqu\u00e9s automatiquement.<\/li>\n<\/ul>\n<p><span style=\"color: #ff0000;\"><b>FO Justice ne laissera rien passer.<\/b><\/span><\/p>\n<p><span style=\"color: #000080;\"><strong>Pourquoi cette assembl\u00e9e g\u00e9n\u00e9rale ?<\/strong><\/span><\/p>\n<p>Retards r\u00e9currents sur la prime \u00ab vie ch\u00e8re \u00bb, d\u00e9lais trop courts, complexit\u00e9 des justificatifs, p\u00e9riodes de d\u00e9p\u00f4t inadapt\u00e9es, manque d\u2019anticipation et d\u2019information : <b>il est temps de faire un point complet avec les agents concern\u00e9s.<\/b><\/p>\n<p>LES AGENTS N\u2019ONT PAS \u00c0 SUBIR<\/p>\n<p>LES CARENCES DE L\u2019ADMINISTRATION.<\/p>\n<p>FO Justice invite<\/p>\n<p><b>Tous les agents de la r\u00e9gion parisienne qui souhaitent participer<\/b> \u00e0 cette assembl\u00e9e g\u00e9n\u00e9rale :<\/p>\n<p><b>Mardi 8 septembre 2026<\/b><br \/>\n<b>\u00c0 partir de 19h<\/b><br \/>\n<b>FOYER C \u2013 FLEURY-M\u00c9ROGIS<\/b><\/p>\n<p><b>3 heures d\u2019information syndicale seront compt\u00e9es.<\/b><\/p>\n<p>Cette assembl\u00e9e g\u00e9n\u00e9rale sera l\u2019occasion de faire le point sur les difficult\u00e9s rencontr\u00e9es, de r\u00e9pondre aux questions des agents et de porter collectivement les revendications li\u00e9es aux droits Outre-mer.<\/p>\n<p><span style=\"color: #ff0000;\"><b>FO Justice Paris restera mobilis\u00e9e et ne laissera rien passer.<\/b><\/span><\/p>\n<p><b>UISP \u2013 FO Justice Paris<\/b><br \/>\n<b>Le 28.08.2026<\/b><\/p>\n<p><b>FO R\u00e9sister ! FO Rien L\u00e2cher !!!<\/b><\/p>\n<p><a href=\"https:\/\/fojustice.fr\/web\/wp-content\/uploads\/2026\/08\/communique-FO-JUSTICE-UISP-PARIS.pdf\">Lire le communiqu\u00e9<\/a><\/p>\n","protected":false},"excerpt":{"rendered":"<p>OUTRE-MER : DES DROITS TOUJOURS MALTRAIT\u00c9S ! Objet : Invitation \u00e0 l\u2019assembl\u00e9e g\u00e9n\u00e9rale FO Justice Paris sur les droits Outre-mer, les cong\u00e9s bonifi\u00e9s, la prime \u00ab vie ch\u00e8re \u00bb et les difficult\u00e9s administratives persistantes. L\u2019administration demande sans cesse aux agents exemplarit\u00e9, rigueur et respect des d\u00e9lais. En revanche, lorsqu\u2019il s\u2019agit de respecter les droits des [&hellip;]<\/p>\n","protected":false},"author":1,"featured_media":51354,"comment_status":"open","ping_status":"open","sticky":false,"template":"","format":"standard","meta":{"_angie_page":false,"_jetpack_newsletter_access":"","_jetpack_dont_email_post_to_subs":true,"_jetpack_newsletter_tier_id":0,"_jetpack_memberships_contains_paywalled_content":false,"page_builder":"","_jetpack_feature_clip_id":0,"_jetpack_memberships_contains_paid_content":false,"footnotes":"","jetpack_post_was_ever_published":false,"_members_access_role":[],"_members_access_error":""},"categories":[34],"tags":[],"class_list":["post-51352","post","type-post","status-publish","format-standard","has-post-thumbnail","hentry","category-disp-paris"],"yoast_head":"<!-- This site is optimized with the Yoast SEO plugin v28.3 - https:\/\/yoast.com\/product\/yoast-seo-wordpress\/ -->\n<title>DI de Paris : Assembl\u00e9e g\u00e9n\u00e9rale FO Justice Paris, foyer C - Fleury-M\u00e9rogis 8 septembre 2026 - Syndicat FO Justice<\/title>\n<meta name=\"description\" content=\"Syndicat FO Justice - DISP Paris - DI de Paris : Assembl\u00e9e g\u00e9n\u00e9rale FO Justice Paris, foyer C - Fleury-M\u00e9rogis 8 septembre 2026\" \/>\n<meta name=\"robots\" content=\"index, follow, max-snippet:-1, max-image-preview:large, max-video-preview:-1\" \/>\n<link rel=\"canonical\" href=\"https:\/\/fojustice.fr\/web\/di-de-paris-assemblee-generale-fo-justice-paris-foyer-c-fleury-merogis-8-septembre-2026\/\" \/>\n<meta property=\"og:locale\" content=\"fr_FR\" \/>\n<meta property=\"og:type\" content=\"article\" \/>\n<meta property=\"og:title\" content=\"DI de Paris : Assembl\u00e9e g\u00e9n\u00e9rale FO Justice Paris, foyer C - Fleury-M\u00e9rogis 8 septembre 2026 - Syndicat FO Justice\" \/>\n<meta property=\"og:description\" content=\"Syndicat FO Justice - DISP Paris - DI de Paris : Assembl\u00e9e g\u00e9n\u00e9rale FO Justice Paris, foyer C - Fleury-M\u00e9rogis 8 septembre 2026\" \/>\n<meta property=\"og:url\" content=\"https:\/\/fojustice.fr\/web\/di-de-paris-assemblee-generale-fo-justice-paris-foyer-c-fleury-merogis-8-septembre-2026\/\" \/>\n<meta property=\"og:site_name\" content=\"Syndicat FO Justice\" \/>\n<meta property=\"article:publisher\" content=\"https:\/\/www.facebook.com\/SyndicatFoJustice\" \/>\n<meta property=\"article:published_time\" content=\"2026-08-28T18:49:38+00:00\" \/>\n<meta property=\"og:image\" content=\"https:\/\/fojustice.fr\/web\/wp-content\/uploads\/2026\/08\/Capture-decran-2026-08-28-a-20.47.52-1024x718.png\" \/>\n\t<meta property=\"og:image:width\" content=\"1024\" \/>\n\t<meta property=\"og:image:height\" content=\"718\" \/>\n\t<meta property=\"og:image:type\" content=\"image\/png\" \/>\n<meta name=\"author\" content=\"adminfojustice\" \/>\n<meta name=\"twitter:card\" content=\"summary_large_image\" \/>\n<meta name=\"twitter:creator\" content=\"@SyndFoJustice\" \/>\n<meta name=\"twitter:site\" content=\"@SyndFoJustice\" \/>\n<meta name=\"twitter:label1\" content=\"\u00c9crit par\" \/>\n\t<meta name=\"twitter:data1\" content=\"adminfojustice\" \/>\n\t<meta name=\"twitter:label2\" content=\"Dur\u00e9e de lecture estim\u00e9e\" \/>\n\t<meta name=\"twitter:data2\" content=\"2 minutes\" \/>\n<script type=\"application\/ld+json\" class=\"yoast-schema-graph\">{\"@context\":\"https:\\\/\\\/schema.org\",\"@graph\":[{\"@type\":\"NewsArticle\",\"@id\":\"https:\\\/\\\/fojustice.fr\\\/web\\\/di-de-paris-assemblee-generale-fo-justice-paris-foyer-c-fleury-merogis-8-septembre-2026\\\/#article\",\"isPartOf\":{\"@id\":\"https:\\\/\\\/fojustice.fr\\\/web\\\/di-de-paris-assemblee-generale-fo-justice-paris-foyer-c-fleury-merogis-8-septembre-2026\\\/\"},\"author\":{\"name\":\"adminfojustice\",\"@id\":\"https:\\\/\\\/fojustice.fr\\\/web\\\/#\\\/schema\\\/person\\\/a51cb9c3495ce0ca62b78fc96ac3bf9f\"},\"headline\":\"DI de Paris : Assembl\u00e9e g\u00e9n\u00e9rale FO Justice Paris, foyer C &#8211; Fleury-M\u00e9rogis 8 septembre 2026\",\"datePublished\":\"2026-08-28T18:49:38+00:00\",\"mainEntityOfPage\":{\"@id\":\"https:\\\/\\\/fojustice.fr\\\/web\\\/di-de-paris-assemblee-generale-fo-justice-paris-foyer-c-fleury-merogis-8-septembre-2026\\\/\"},\"wordCount\":346,\"commentCount\":0,\"publisher\":{\"@id\":\"https:\\\/\\\/fojustice.fr\\\/web\\\/#organization\"},\"image\":{\"@id\":\"https:\\\/\\\/fojustice.fr\\\/web\\\/di-de-paris-assemblee-generale-fo-justice-paris-foyer-c-fleury-merogis-8-septembre-2026\\\/#primaryimage\"},\"thumbnailUrl\":\"https:\\\/\\\/fojustice.fr\\\/web\\\/wp-content\\\/uploads\\\/2026\\\/08\\\/Capture-decran-2026-08-28-a-20.47.52.png\",\"articleSection\":[\"DISP Paris\"],\"inLanguage\":\"fr-FR\",\"potentialAction\":[{\"@type\":\"CommentAction\",\"name\":\"Comment\",\"target\":[\"https:\\\/\\\/fojustice.fr\\\/web\\\/di-de-paris-assemblee-generale-fo-justice-paris-foyer-c-fleury-merogis-8-septembre-2026\\\/#respond\"]}]},{\"@type\":\"WebPage\",\"@id\":\"https:\\\/\\\/fojustice.fr\\\/web\\\/di-de-paris-assemblee-generale-fo-justice-paris-foyer-c-fleury-merogis-8-septembre-2026\\\/\",\"url\":\"https:\\\/\\\/fojustice.fr\\\/web\\\/di-de-paris-assemblee-generale-fo-justice-paris-foyer-c-fleury-merogis-8-septembre-2026\\\/\",\"name\":\"DI de Paris : Assembl\u00e9e g\u00e9n\u00e9rale FO Justice Paris, foyer C - Fleury-M\u00e9rogis 8 septembre 2026 - Syndicat FO Justice\",\"isPartOf\":{\"@id\":\"https:\\\/\\\/fojustice.fr\\\/web\\\/#website\"},\"primaryImageOfPage\":{\"@id\":\"https:\\\/\\\/fojustice.fr\\\/web\\\/di-de-paris-assemblee-generale-fo-justice-paris-foyer-c-fleury-merogis-8-septembre-2026\\\/#primaryimage\"},\"image\":{\"@id\":\"https:\\\/\\\/fojustice.fr\\\/web\\\/di-de-paris-assemblee-generale-fo-justice-paris-foyer-c-fleury-merogis-8-septembre-2026\\\/#primaryimage\"},\"thumbnailUrl\":\"https:\\\/\\\/fojustice.fr\\\/web\\\/wp-content\\\/uploads\\\/2026\\\/08\\\/Capture-decran-2026-08-28-a-20.47.52.png\",\"datePublished\":\"2026-08-28T18:49:38+00:00\",\"description\":\"Syndicat FO Justice - DISP Paris - DI de Paris : Assembl\u00e9e g\u00e9n\u00e9rale FO Justice Paris, foyer C - Fleury-M\u00e9rogis 8 septembre 2026\",\"breadcrumb\":{\"@id\":\"https:\\\/\\\/fojustice.fr\\\/web\\\/di-de-paris-assemblee-generale-fo-justice-paris-foyer-c-fleury-merogis-8-septembre-2026\\\/#breadcrumb\"},\"inLanguage\":\"fr-FR\",\"potentialAction\":[{\"@type\":\"ReadAction\",\"target\":[\"https:\\\/\\\/fojustice.fr\\\/web\\\/di-de-paris-assemblee-generale-fo-justice-paris-foyer-c-fleury-merogis-8-septembre-2026\\\/\"]}]},{\"@type\":\"ImageObject\",\"inLanguage\":\"fr-FR\",\"@id\":\"https:\\\/\\\/fojustice.fr\\\/web\\\/di-de-paris-assemblee-generale-fo-justice-paris-foyer-c-fleury-merogis-8-septembre-2026\\\/#primaryimage\",\"url\":\"https:\\\/\\\/fojustice.fr\\\/web\\\/wp-content\\\/uploads\\\/2026\\\/08\\\/Capture-decran-2026-08-28-a-20.47.52.png\",\"contentUrl\":\"https:\\\/\\\/fojustice.fr\\\/web\\\/wp-content\\\/uploads\\\/2026\\\/08\\\/Capture-decran-2026-08-28-a-20.47.52.png\",\"width\":1990,\"height\":1396},{\"@type\":\"BreadcrumbList\",\"@id\":\"https:\\\/\\\/fojustice.fr\\\/web\\\/di-de-paris-assemblee-generale-fo-justice-paris-foyer-c-fleury-merogis-8-septembre-2026\\\/#breadcrumb\",\"itemListElement\":[{\"@type\":\"ListItem\",\"position\":1,\"name\":\"Accueil\",\"item\":\"https:\\\/\\\/fojustice.fr\\\/web\\\/\"},{\"@type\":\"ListItem\",\"position\":2,\"name\":\"DI de Paris : Assembl\u00e9e g\u00e9n\u00e9rale FO Justice Paris, foyer C &#8211; Fleury-M\u00e9rogis 8 septembre 2026\"}]},{\"@type\":\"WebSite\",\"@id\":\"https:\\\/\\\/fojustice.fr\\\/web\\\/#website\",\"url\":\"https:\\\/\\\/fojustice.fr\\\/web\\\/\",\"name\":\"Syndicat FO Justice\",\"description\":\"Site du Syndicat National FO Justice\",\"publisher\":{\"@id\":\"https:\\\/\\\/fojustice.fr\\\/web\\\/#organization\"},\"alternateName\":\"Syndicat National FO Justice\",\"potentialAction\":[{\"@type\":\"SearchAction\",\"target\":{\"@type\":\"EntryPoint\",\"urlTemplate\":\"https:\\\/\\\/fojustice.fr\\\/web\\\/?s={search_term_string}\"},\"query-input\":{\"@type\":\"PropertyValueSpecification\",\"valueRequired\":true,\"valueName\":\"search_term_string\"}}],\"inLanguage\":\"fr-FR\"},{\"@type\":\"Organization\",\"@id\":\"https:\\\/\\\/fojustice.fr\\\/web\\\/#organization\",\"name\":\"Syndicat National FO Justice\",\"alternateName\":\"Syndicat National FO Justice\",\"url\":\"https:\\\/\\\/fojustice.fr\\\/web\\\/\",\"logo\":{\"@type\":\"ImageObject\",\"inLanguage\":\"fr-FR\",\"@id\":\"https:\\\/\\\/fojustice.fr\\\/web\\\/#\\\/schema\\\/logo\\\/image\\\/\",\"url\":\"https:\\\/\\\/fojustice.fr\\\/web\\\/wp-content\\\/uploads\\\/2022\\\/03\\\/logo-fo-justice.png\",\"contentUrl\":\"https:\\\/\\\/fojustice.fr\\\/web\\\/wp-content\\\/uploads\\\/2022\\\/03\\\/logo-fo-justice.png\",\"width\":800,\"height\":800,\"caption\":\"Syndicat National FO Justice\"},\"image\":{\"@id\":\"https:\\\/\\\/fojustice.fr\\\/web\\\/#\\\/schema\\\/logo\\\/image\\\/\"},\"sameAs\":[\"https:\\\/\\\/www.facebook.com\\\/SyndicatFoJustice\",\"https:\\\/\\\/x.com\\\/SyndFoJustice\"]},{\"@type\":\"Person\",\"@id\":\"https:\\\/\\\/fojustice.fr\\\/web\\\/#\\\/schema\\\/person\\\/a51cb9c3495ce0ca62b78fc96ac3bf9f\",\"name\":\"adminfojustice\",\"image\":{\"@type\":\"ImageObject\",\"inLanguage\":\"fr-FR\",\"@id\":\"https:\\\/\\\/secure.gravatar.com\\\/avatar\\\/368884c0ecc46e53d83c0c3c0af4c6c30a6bbc2aab7535848950f43a950bfd4e?s=96&d=mm&r=g\",\"url\":\"https:\\\/\\\/secure.gravatar.com\\\/avatar\\\/368884c0ecc46e53d83c0c3c0af4c6c30a6bbc2aab7535848950f43a950bfd4e?s=96&d=mm&r=g\",\"contentUrl\":\"https:\\\/\\\/secure.gravatar.com\\\/avatar\\\/368884c0ecc46e53d83c0c3c0af4c6c30a6bbc2aab7535848950f43a950bfd4e?s=96&d=mm&r=g\",\"caption\":\"adminfojustice\"},\"sameAs\":[\"https:\\\/\\\/www.fojustice.fr\\\/web\"],\"url\":\"https:\\\/\\\/fojustice.fr\\\/web\\\/author\\\/adminfojustice\\\/\"}]}<\/script>\n<!-- \/ Yoast SEO plugin. -->","yoast_head_json":{"title":"DI de Paris : Assembl\u00e9e g\u00e9n\u00e9rale FO Justice Paris, foyer C - Fleury-M\u00e9rogis 8 septembre 2026 - Syndicat FO Justice","description":"Syndicat FO Justice - DISP Paris - DI de Paris : Assembl\u00e9e g\u00e9n\u00e9rale FO Justice Paris, foyer C - Fleury-M\u00e9rogis 8 septembre 2026","robots":{"index":"index","follow":"follow","max-snippet":"max-snippet:-1","max-image-preview":"max-image-preview:large","max-video-preview":"max-video-preview:-1"},"canonical":"https:\/\/fojustice.fr\/web\/di-de-paris-assemblee-generale-fo-justice-paris-foyer-c-fleury-merogis-8-septembre-2026\/","og_locale":"fr_FR","og_type":"article","og_title":"DI de Paris : Assembl\u00e9e g\u00e9n\u00e9rale FO Justice Paris, foyer C - Fleury-M\u00e9rogis 8 septembre 2026 - Syndicat FO Justice","og_description":"Syndicat FO Justice - DISP Paris - DI de Paris : Assembl\u00e9e g\u00e9n\u00e9rale FO Justice Paris, foyer C - Fleury-M\u00e9rogis 8 septembre 2026","og_url":"https:\/\/fojustice.fr\/web\/di-de-paris-assemblee-generale-fo-justice-paris-foyer-c-fleury-merogis-8-septembre-2026\/","og_site_name":"Syndicat FO Justice","article_publisher":"https:\/\/www.facebook.com\/SyndicatFoJustice","article_published_time":"2026-08-28T18:49:38+00:00","og_image":[{"width":1024,"height":718,"url":"https:\/\/fojustice.fr\/web\/wp-content\/uploads\/2026\/08\/Capture-decran-2026-08-28-a-20.47.52-1024x718.png","type":"image\/png"}],"author":"adminfojustice","twitter_card":"summary_large_image","twitter_creator":"@SyndFoJustice","twitter_site":"@SyndFoJustice","twitter_misc":{"\u00c9crit par":"adminfojustice","Dur\u00e9e de lecture estim\u00e9e":"2 minutes"},"schema":{"@context":"https:\/\/schema.org","@graph":[{"@type":"NewsArticle","@id":"https:\/\/fojustice.fr\/web\/di-de-paris-assemblee-generale-fo-justice-paris-foyer-c-fleury-merogis-8-septembre-2026\/#article","isPartOf":{"@id":"https:\/\/fojustice.fr\/web\/di-de-paris-assemblee-generale-fo-justice-paris-foyer-c-fleury-merogis-8-septembre-2026\/"},"author":{"name":"adminfojustice","@id":"https:\/\/fojustice.fr\/web\/#\/schema\/person\/a51cb9c3495ce0ca62b78fc96ac3bf9f"},"headline":"DI de Paris : Assembl\u00e9e g\u00e9n\u00e9rale FO Justice Paris, foyer C &#8211; Fleury-M\u00e9rogis 8 septembre 2026","datePublished":"2026-08-28T18:49:38+00:00","mainEntityOfPage":{"@id":"https:\/\/fojustice.fr\/web\/di-de-paris-assemblee-generale-fo-justice-paris-foyer-c-fleury-merogis-8-septembre-2026\/"},"wordCount":346,"commentCount":0,"publisher":{"@id":"https:\/\/fojustice.fr\/web\/#organization"},"image":{"@id":"https:\/\/fojustice.fr\/web\/di-de-paris-assemblee-generale-fo-justice-paris-foyer-c-fleury-merogis-8-septembre-2026\/#primaryimage"},"thumbnailUrl":"https:\/\/fojustice.fr\/web\/wp-content\/uploads\/2026\/08\/Capture-decran-2026-08-28-a-20.47.52.png","articleSection":["DISP Paris"],"inLanguage":"fr-FR","potentialAction":[{"@type":"CommentAction","name":"Comment","target":["https:\/\/fojustice.fr\/web\/di-de-paris-assemblee-generale-fo-justice-paris-foyer-c-fleury-merogis-8-septembre-2026\/#respond"]}]},{"@type":"WebPage","@id":"https:\/\/fojustice.fr\/web\/di-de-paris-assemblee-generale-fo-justice-paris-foyer-c-fleury-merogis-8-septembre-2026\/","url":"https:\/\/fojustice.fr\/web\/di-de-paris-assemblee-generale-fo-justice-paris-foyer-c-fleury-merogis-8-septembre-2026\/","name":"DI de Paris : Assembl\u00e9e g\u00e9n\u00e9rale FO Justice Paris, foyer C - Fleury-M\u00e9rogis 8 septembre 2026 - Syndicat FO Justice","isPartOf":{"@id":"https:\/\/fojustice.fr\/web\/#website"},"primaryImageOfPage":{"@id":"https:\/\/fojustice.fr\/web\/di-de-paris-assemblee-generale-fo-justice-paris-foyer-c-fleury-merogis-8-septembre-2026\/#primaryimage"},"image":{"@id":"https:\/\/fojustice.fr\/web\/di-de-paris-assemblee-generale-fo-justice-paris-foyer-c-fleury-merogis-8-septembre-2026\/#primaryimage"},"thumbnailUrl":"https:\/\/fojustice.fr\/web\/wp-content\/uploads\/2026\/08\/Capture-decran-2026-08-28-a-20.47.52.png","datePublished":"2026-08-28T18:49:38+00:00","description":"Syndicat FO Justice - DISP Paris - DI de Paris : Assembl\u00e9e g\u00e9n\u00e9rale FO Justice Paris, foyer C - Fleury-M\u00e9rogis 8 septembre 2026","breadcrumb":{"@id":"https:\/\/fojustice.fr\/web\/di-de-paris-assemblee-generale-fo-justice-paris-foyer-c-fleury-merogis-8-septembre-2026\/#breadcrumb"},"inLanguage":"fr-FR","potentialAction":[{"@type":"ReadAction","target":["https:\/\/fojustice.fr\/web\/di-de-paris-assemblee-generale-fo-justice-paris-foyer-c-fleury-merogis-8-septembre-2026\/"]}]},{"@type":"ImageObject","inLanguage":"fr-FR","@id":"https:\/\/fojustice.fr\/web\/di-de-paris-assemblee-generale-fo-justice-paris-foyer-c-fleury-merogis-8-septembre-2026\/#primaryimage","url":"https:\/\/fojustice.fr\/web\/wp-content\/uploads\/2026\/08\/Capture-decran-2026-08-28-a-20.47.52.png","contentUrl":"https:\/\/fojustice.fr\/web\/wp-content\/uploads\/2026\/08\/Capture-decran-2026-08-28-a-20.47.52.png","width":1990,"height":1396},{"@type":"BreadcrumbList","@id":"https:\/\/fojustice.fr\/web\/di-de-paris-assemblee-generale-fo-justice-paris-foyer-c-fleury-merogis-8-septembre-2026\/#breadcrumb","itemListElement":[{"@type":"ListItem","position":1,"name":"Accueil","item":"https:\/\/fojustice.fr\/web\/"},{"@type":"ListItem","position":2,"name":"DI de Paris : Assembl\u00e9e g\u00e9n\u00e9rale FO Justice Paris, foyer C &#8211; Fleury-M\u00e9rogis 8 septembre 2026"}]},{"@type":"WebSite","@id":"https:\/\/fojustice.fr\/web\/#website","url":"https:\/\/fojustice.fr\/web\/","name":"Syndicat FO Justice","description":"Site du Syndicat National FO Justice","publisher":{"@id":"https:\/\/fojustice.fr\/web\/#organization"},"alternateName":"Syndicat National FO Justice","potentialAction":[{"@type":"SearchAction","target":{"@type":"EntryPoint","urlTemplate":"https:\/\/fojustice.fr\/web\/?s={search_term_string}"},"query-input":{"@type":"PropertyValueSpecification","valueRequired":true,"valueName":"search_term_string"}}],"inLanguage":"fr-FR"},{"@type":"Organization","@id":"https:\/\/fojustice.fr\/web\/#organization","name":"Syndicat National FO Justice","alternateName":"Syndicat National FO Justice","url":"https:\/\/fojustice.fr\/web\/","logo":{"@type":"ImageObject","inLanguage":"fr-FR","@id":"https:\/\/fojustice.fr\/web\/#\/schema\/logo\/image\/","url":"https:\/\/fojustice.fr\/web\/wp-content\/uploads\/2022\/03\/logo-fo-justice.png","contentUrl":"https:\/\/fojustice.fr\/web\/wp-content\/uploads\/2022\/03\/logo-fo-justice.png","width":800,"height":800,"caption":"Syndicat National FO Justice"},"image":{"@id":"https:\/\/fojustice.fr\/web\/#\/schema\/logo\/image\/"},"sameAs":["https:\/\/www.facebook.com\/SyndicatFoJustice","https:\/\/x.com\/SyndFoJustice"]},{"@type":"Person","@id":"https:\/\/fojustice.fr\/web\/#\/schema\/person\/a51cb9c3495ce0ca62b78fc96ac3bf9f","name":"adminfojustice","image":{"@type":"ImageObject","inLanguage":"fr-FR","@id":"https:\/\/secure.gravatar.com\/avatar\/368884c0ecc46e53d83c0c3c0af4c6c30a6bbc2aab7535848950f43a950bfd4e?s=96&d=mm&r=g","url":"https:\/\/secure.gravatar.com\/avatar\/368884c0ecc46e53d83c0c3c0af4c6c30a6bbc2aab7535848950f43a950bfd4e?s=96&d=mm&r=g","contentUrl":"https:\/\/secure.gravatar.com\/avatar\/368884c0ecc46e53d83c0c3c0af4c6c30a6bbc2aab7535848950f43a950bfd4e?s=96&d=mm&r=g","caption":"adminfojustice"},"sameAs":["https:\/\/www.fojustice.fr\/web"],"url":"https:\/\/fojustice.fr\/web\/author\/adminfojustice\/"}]}},"jetpack_shortlink":"https:\/\/wp.me\/pdNWl1-dmg","jetpack_sharing_enabled":true,"jetpack_featured_media_url":"https:\/\/fojustice.fr\/web\/wp-content\/uploads\/2026\/08\/Capture-decran-2026-08-28-a-20.47.52.png","_links":{"self":[{"href":"https:\/\/fojustice.fr\/web\/wp-json\/wp\/v2\/posts\/51352","targetHints":{"allow":["GET"]}}],"collection":[{"href":"https:\/\/fojustice.fr\/web\/wp-json\/wp\/v2\/posts"}],"about":[{"href":"https:\/\/fojustice.fr\/web\/wp-json\/wp\/v2\/types\/post"}],"author":[{"embeddable":true,"href":"https:\/\/fojustice.fr\/web\/wp-json\/wp\/v2\/users\/1"}],"replies":[{"embeddable":true,"href":"https:\/\/fojustice.fr\/web\/wp-json\/wp\/v2\/comments?post=51352"}],"version-history":[{"count":1,"href":"https:\/\/fojustice.fr\/web\/wp-json\/wp\/v2\/posts\/51352\/revisions"}],"predecessor-version":[{"id":51355,"href":"https:\/\/fojustice.fr\/web\/wp-json\/wp\/v2\/posts\/51352\/revisions\/51355"}],"wp:featuredmedia":[{"embeddable":true,"href":"https:\/\/fojustice.fr\/web\/wp-json\/wp\/v2\/media\/51354"}],"wp:attachment":[{"href":"https:\/\/fojustice.fr\/web\/wp-json\/wp\/v2\/media?parent=51352"}],"wp:term":[{"taxonomy":"category","embeddable":true,"href":"https:\/\/fojustice.fr\/web\/wp-json\/wp\/v2\/categories?post=51352"},{"taxonomy":"post_tag","embeddable":true,"href":"https:\/\/fojustice.fr\/web\/wp-json\/wp\/v2\/tags?post=51352"}],"curies":[{"name":"wp","href":"https:\/\/api.w.org\/{rel}","templated":true}]}}