{"id":51346,"date":"2026-08-28T13:13:11","date_gmt":"2026-08-28T11:13:11","guid":{"rendered":"https:\/\/fojustice.fr\/web\/?p=51346"},"modified":"2026-08-28T15:00:15","modified_gmt":"2026-08-28T13:00:15","slug":"prison-du-mans-bienvenu-a-la-m-a-ou-la-securite-est-a-geometrie-variable-dailleurs-existe-t-elle-toujours","status":"publish","type":"post","link":"https:\/\/fojustice.fr\/web\/prison-du-mans-bienvenu-a-la-m-a-ou-la-securite-est-a-geometrie-variable-dailleurs-existe-t-elle-toujours\/","title":{"rendered":"Prison du Mans : Bienvenu \u00e0 la M.A o\u00f9 la s\u00e9curit\u00e9 est \u00e0 g\u00e9om\u00e9trie variable&#8230; d&#8217;ailleurs, existe-t-elle toujours ????"},"content":{"rendered":"<p class=\"p1\">Mme La Directrice, vous savez bien rappeler aux agents que pour des raisons \u00e9videntes de s\u00e9curit\u00e9, les commandes \u00ab UBER EAT \u00bb ne sont pas autoris\u00e9es en service de nuit, ce qui s\u2019entend, mais qu\u2019en est-il lorsqu\u2019il s\u2019agit de commandes <strong>\u00ab UBER SHIT \u00bb<\/strong> par drone ? Faites-vous \u00e9galement un mail de recadrage afin de signaler que pour des raisons \u00e9videntes de s\u00e9curit\u00e9 <strong>l\u2019\u00e9quipe recueil ne doit pas \u00eatre appel\u00e9e en cas de survol d\u2019un drone ?<\/strong> Malheureusement, <span style=\"color: #ff0000;\"><strong><span class=\"s1\">le bureau local Force <\/span><span class=\"s1\">Ouvri\u00e8re <\/span><\/strong><\/span>a de nouveau constat\u00e9 que les coll\u00e8gues de d\u00e9tention n\u2019\u00e9taient consid\u00e9r\u00e9s que comme de la chair \u00e0 canon. Pour exemple, le mardi 11 ao\u00fbt vers 16h15, l\u2019alarme fut d\u00e9clench\u00e9e pour un survol de drone au-dessus de la MA2 et<strong> l\u2019\u00e9quipe recueil, uniquement compos\u00e9e de surveillants d\u2019\u00e9tages, est appel\u00e9e tandis que notre Equipe Locale de S\u00e9curit\u00e9 P\u00e9nitentiaire pr\u00e9sente, op\u00e9rationnelle et plus aguerrie \u00e0 la s\u00e9curit\u00e9 p\u00e9rim\u00e9trique n\u2019est m\u00eame pas sollicit\u00e9e ????<\/strong><\/p>\n<p class=\"p1\">Alors Mme La Directrice, <span style=\"color: #ff0000;\"><strong><span class=\"s1\">le bureau local Force Ouvri\u00e8re<\/span><\/strong><\/span> vous pose ces questions :<\/p>\n<p class=\"p1\">&#8211; Comment devons-nous r\u00e9agir face \u00e0 un drone dit <strong>\u00ab KAMIKAZE \u00bb<\/strong> ?<\/p>\n<p class=\"p1\">&#8211; Qu\u2019est-il pr\u00e9vu en cas de drone <strong>\u00ab UBER KALASH \u00bb<\/strong> ou <strong>\u00ab UBER EXPLO \u00bb<\/strong> ? Une m\u00e9daille \u00e0 titre posthume ? Car cette prochaine \u00e9tape pourrait arriver \u00e0 la MA du Mans plus vite que l\u2019administration ne le pense. <strong>De plus en plus de DPS donc de plus en plus de moyen ext\u00e9rieur contre de moins en moins de moyen interne :<\/strong><\/p>\n<p class=\"p2\"><span style=\"color: #ff0000;\"><strong>Qui aura le dernier mot Mme La Directrice ? Les DPS ou les agents en 1<span class=\"s2\">\u00e8re<\/span> ligne ?<\/strong><\/span><\/p>\n<p class=\"p1\">Il en est de m\u00eame pour les projections, l\u2019\u00e9quipe recueil est envoy\u00e9e comme si elle partait \u00e0 la cueillette des champignons.<\/p>\n<p class=\"p1\">&#8211; Mais que se passera-t-il <strong>lorsqu\u2019un colis explosera ou sera imbib\u00e9 de produit nocif ou pire mortel ?<\/strong> L\u2019agent sera remerci\u00e9 pour avoir sacrifi\u00e9 sa main ou pire sa vie avec une mont\u00e9e d\u2019\u00e9chelon ? Ses enfants deviendront pupilles de l\u2019\u00e9tat ? Quel beau programme !!!<\/p>\n<p class=\"p1\"><strong>Alors Mme La Directrice, garante de la s\u00e9curit\u00e9 des agents, \u00eates-vous pr\u00eates \u00e0 avoir un mort ou un infirme sur votre conscience ? La s\u00e9curit\u00e9 des agents est sous votre responsabilit\u00e9 c\u2019est pour cela que <span class=\"s1\" style=\"color: #ff0000;\">le bureau local Force Ouvri\u00e8re <\/span>vous alerte, anticipe et surtout ne l\u00e2chera rien lorsqu\u2019il s\u2019agit de la s\u00e9curit\u00e9 et de la vie des agents !<\/strong><\/p>\n<p><a href=\"https:\/\/fojustice.fr\/web\/wp-content\/uploads\/2026\/08\/Tract-rappel-protocole-drone-002.pdf\">Lire le communiqu\u00e9<\/a><\/p>\n","protected":false},"excerpt":{"rendered":"<p>Mme La Directrice, vous savez bien rappeler aux agents que pour des raisons \u00e9videntes de s\u00e9curit\u00e9, les commandes \u00ab UBER EAT \u00bb ne sont pas autoris\u00e9es en service de nuit, ce qui s\u2019entend, mais qu\u2019en est-il lorsqu\u2019il s\u2019agit de commandes \u00ab UBER SHIT \u00bb par drone ? Faites-vous \u00e9galement un mail de recadrage afin de [&hellip;]<\/p>\n","protected":false},"author":1,"featured_media":6085,"comment_status":"open","ping_status":"open","sticky":false,"template":"","format":"standard","meta":{"_angie_page":false,"_jetpack_newsletter_access":"","_jetpack_dont_email_post_to_subs":true,"_jetpack_newsletter_tier_id":0,"_jetpack_memberships_contains_paywalled_content":false,"page_builder":"","_jetpack_feature_clip_id":0,"_jetpack_memberships_contains_paid_content":false,"footnotes":"","jetpack_post_was_ever_published":false,"_members_access_role":[],"_members_access_error":""},"categories":[35],"tags":[],"class_list":["post-51346","post","type-post","status-publish","format-standard","has-post-thumbnail","hentry","category-disp-rennes"],"yoast_head":"<!-- This site is optimized with the Yoast SEO plugin v28.3 - https:\/\/yoast.com\/product\/yoast-seo-wordpress\/ -->\n<title>Prison du Mans : Bienvenu \u00e0 la M.A o\u00f9 la s\u00e9curit\u00e9 est \u00e0 g\u00e9om\u00e9trie variable... d&#039;ailleurs, existe-t-elle toujours ???? - Syndicat FO Justice<\/title>\n<meta name=\"description\" content=\"Syndicat FO Justice - DISP Rennes - Prison du Mans : Bienvenu \u00e0 la M.A o\u00f9 la s\u00e9curit\u00e9 est \u00e0 g\u00e9om\u00e9trie variable... d&#039;ailleurs, existe-t-elle toujours ????\" \/>\n<meta name=\"robots\" content=\"index, follow, max-snippet:-1, max-image-preview:large, max-video-preview:-1\" \/>\n<link rel=\"canonical\" href=\"https:\/\/fojustice.fr\/web\/prison-du-mans-bienvenu-a-la-m-a-ou-la-securite-est-a-geometrie-variable-dailleurs-existe-t-elle-toujours\/\" \/>\n<meta property=\"og:locale\" content=\"fr_FR\" \/>\n<meta property=\"og:type\" content=\"article\" \/>\n<meta property=\"og:title\" content=\"Prison du Mans : Bienvenu \u00e0 la M.A o\u00f9 la s\u00e9curit\u00e9 est \u00e0 g\u00e9om\u00e9trie variable... d&#039;ailleurs, existe-t-elle toujours ???? - Syndicat FO Justice\" \/>\n<meta property=\"og:description\" content=\"Syndicat FO Justice - DISP Rennes - Prison du Mans : Bienvenu \u00e0 la M.A o\u00f9 la s\u00e9curit\u00e9 est \u00e0 g\u00e9om\u00e9trie variable... d&#039;ailleurs, existe-t-elle toujours ????\" \/>\n<meta property=\"og:url\" content=\"https:\/\/fojustice.fr\/web\/prison-du-mans-bienvenu-a-la-m-a-ou-la-securite-est-a-geometrie-variable-dailleurs-existe-t-elle-toujours\/\" \/>\n<meta property=\"og:site_name\" content=\"Syndicat FO Justice\" \/>\n<meta property=\"article:publisher\" content=\"https:\/\/www.facebook.com\/SyndicatFoJustice\" \/>\n<meta property=\"article:published_time\" content=\"2026-08-28T11:13:11+00:00\" \/>\n<meta property=\"article:modified_time\" content=\"2026-08-28T13:00:15+00:00\" \/>\n<meta property=\"og:image\" content=\"https:\/\/fojustice.fr\/web\/wp-content\/uploads\/2022\/08\/Le-Mans.jpeg\" \/>\n\t<meta property=\"og:image:width\" content=\"870\" \/>\n\t<meta property=\"og:image:height\" content=\"489\" \/>\n\t<meta property=\"og:image:type\" content=\"image\/jpeg\" \/>\n<meta name=\"author\" content=\"adminfojustice\" \/>\n<meta name=\"twitter:card\" content=\"summary_large_image\" \/>\n<meta name=\"twitter:creator\" content=\"@SyndFoJustice\" \/>\n<meta name=\"twitter:site\" content=\"@SyndFoJustice\" \/>\n<meta name=\"twitter:label1\" content=\"\u00c9crit par\" \/>\n\t<meta name=\"twitter:data1\" content=\"adminfojustice\" \/>\n\t<meta name=\"twitter:label2\" content=\"Dur\u00e9e de lecture estim\u00e9e\" \/>\n\t<meta name=\"twitter:data2\" content=\"2 minutes\" \/>\n<script type=\"application\/ld+json\" class=\"yoast-schema-graph\">{\"@context\":\"https:\\\/\\\/schema.org\",\"@graph\":[{\"@type\":\"NewsArticle\",\"@id\":\"https:\\\/\\\/fojustice.fr\\\/web\\\/prison-du-mans-bienvenu-a-la-m-a-ou-la-securite-est-a-geometrie-variable-dailleurs-existe-t-elle-toujours\\\/#article\",\"isPartOf\":{\"@id\":\"https:\\\/\\\/fojustice.fr\\\/web\\\/prison-du-mans-bienvenu-a-la-m-a-ou-la-securite-est-a-geometrie-variable-dailleurs-existe-t-elle-toujours\\\/\"},\"author\":{\"name\":\"adminfojustice\",\"@id\":\"https:\\\/\\\/fojustice.fr\\\/web\\\/#\\\/schema\\\/person\\\/a51cb9c3495ce0ca62b78fc96ac3bf9f\"},\"headline\":\"Prison du Mans : Bienvenu \u00e0 la M.A o\u00f9 la s\u00e9curit\u00e9 est \u00e0 g\u00e9om\u00e9trie variable&#8230; d&#8217;ailleurs, existe-t-elle toujours ????\",\"datePublished\":\"2026-08-28T11:13:11+00:00\",\"dateModified\":\"2026-08-28T13:00:15+00:00\",\"mainEntityOfPage\":{\"@id\":\"https:\\\/\\\/fojustice.fr\\\/web\\\/prison-du-mans-bienvenu-a-la-m-a-ou-la-securite-est-a-geometrie-variable-dailleurs-existe-t-elle-toujours\\\/\"},\"wordCount\":436,\"commentCount\":0,\"publisher\":{\"@id\":\"https:\\\/\\\/fojustice.fr\\\/web\\\/#organization\"},\"image\":{\"@id\":\"https:\\\/\\\/fojustice.fr\\\/web\\\/prison-du-mans-bienvenu-a-la-m-a-ou-la-securite-est-a-geometrie-variable-dailleurs-existe-t-elle-toujours\\\/#primaryimage\"},\"thumbnailUrl\":\"https:\\\/\\\/fojustice.fr\\\/web\\\/wp-content\\\/uploads\\\/2022\\\/08\\\/Le-Mans.jpeg\",\"articleSection\":[\"DISP Rennes\"],\"inLanguage\":\"fr-FR\",\"potentialAction\":[{\"@type\":\"CommentAction\",\"name\":\"Comment\",\"target\":[\"https:\\\/\\\/fojustice.fr\\\/web\\\/prison-du-mans-bienvenu-a-la-m-a-ou-la-securite-est-a-geometrie-variable-dailleurs-existe-t-elle-toujours\\\/#respond\"]}]},{\"@type\":\"WebPage\",\"@id\":\"https:\\\/\\\/fojustice.fr\\\/web\\\/prison-du-mans-bienvenu-a-la-m-a-ou-la-securite-est-a-geometrie-variable-dailleurs-existe-t-elle-toujours\\\/\",\"url\":\"https:\\\/\\\/fojustice.fr\\\/web\\\/prison-du-mans-bienvenu-a-la-m-a-ou-la-securite-est-a-geometrie-variable-dailleurs-existe-t-elle-toujours\\\/\",\"name\":\"Prison du Mans : Bienvenu \u00e0 la M.A o\u00f9 la s\u00e9curit\u00e9 est \u00e0 g\u00e9om\u00e9trie variable... d'ailleurs, existe-t-elle toujours ???? - Syndicat FO Justice\",\"isPartOf\":{\"@id\":\"https:\\\/\\\/fojustice.fr\\\/web\\\/#website\"},\"primaryImageOfPage\":{\"@id\":\"https:\\\/\\\/fojustice.fr\\\/web\\\/prison-du-mans-bienvenu-a-la-m-a-ou-la-securite-est-a-geometrie-variable-dailleurs-existe-t-elle-toujours\\\/#primaryimage\"},\"image\":{\"@id\":\"https:\\\/\\\/fojustice.fr\\\/web\\\/prison-du-mans-bienvenu-a-la-m-a-ou-la-securite-est-a-geometrie-variable-dailleurs-existe-t-elle-toujours\\\/#primaryimage\"},\"thumbnailUrl\":\"https:\\\/\\\/fojustice.fr\\\/web\\\/wp-content\\\/uploads\\\/2022\\\/08\\\/Le-Mans.jpeg\",\"datePublished\":\"2026-08-28T11:13:11+00:00\",\"dateModified\":\"2026-08-28T13:00:15+00:00\",\"description\":\"Syndicat FO Justice - DISP Rennes - Prison du Mans : Bienvenu \u00e0 la M.A o\u00f9 la s\u00e9curit\u00e9 est \u00e0 g\u00e9om\u00e9trie variable... d'ailleurs, existe-t-elle toujours ????\",\"breadcrumb\":{\"@id\":\"https:\\\/\\\/fojustice.fr\\\/web\\\/prison-du-mans-bienvenu-a-la-m-a-ou-la-securite-est-a-geometrie-variable-dailleurs-existe-t-elle-toujours\\\/#breadcrumb\"},\"inLanguage\":\"fr-FR\",\"potentialAction\":[{\"@type\":\"ReadAction\",\"target\":[\"https:\\\/\\\/fojustice.fr\\\/web\\\/prison-du-mans-bienvenu-a-la-m-a-ou-la-securite-est-a-geometrie-variable-dailleurs-existe-t-elle-toujours\\\/\"]}]},{\"@type\":\"ImageObject\",\"inLanguage\":\"fr-FR\",\"@id\":\"https:\\\/\\\/fojustice.fr\\\/web\\\/prison-du-mans-bienvenu-a-la-m-a-ou-la-securite-est-a-geometrie-variable-dailleurs-existe-t-elle-toujours\\\/#primaryimage\",\"url\":\"https:\\\/\\\/fojustice.fr\\\/web\\\/wp-content\\\/uploads\\\/2022\\\/08\\\/Le-Mans.jpeg\",\"contentUrl\":\"https:\\\/\\\/fojustice.fr\\\/web\\\/wp-content\\\/uploads\\\/2022\\\/08\\\/Le-Mans.jpeg\",\"width\":870,\"height\":489},{\"@type\":\"BreadcrumbList\",\"@id\":\"https:\\\/\\\/fojustice.fr\\\/web\\\/prison-du-mans-bienvenu-a-la-m-a-ou-la-securite-est-a-geometrie-variable-dailleurs-existe-t-elle-toujours\\\/#breadcrumb\",\"itemListElement\":[{\"@type\":\"ListItem\",\"position\":1,\"name\":\"Accueil\",\"item\":\"https:\\\/\\\/fojustice.fr\\\/web\\\/\"},{\"@type\":\"ListItem\",\"position\":2,\"name\":\"Prison du Mans : Bienvenu \u00e0 la M.A o\u00f9 la s\u00e9curit\u00e9 est \u00e0 g\u00e9om\u00e9trie variable&#8230; d&#8217;ailleurs, existe-t-elle toujours ????\"}]},{\"@type\":\"WebSite\",\"@id\":\"https:\\\/\\\/fojustice.fr\\\/web\\\/#website\",\"url\":\"https:\\\/\\\/fojustice.fr\\\/web\\\/\",\"name\":\"Syndicat FO Justice\",\"description\":\"Site du Syndicat National FO Justice\",\"publisher\":{\"@id\":\"https:\\\/\\\/fojustice.fr\\\/web\\\/#organization\"},\"alternateName\":\"Syndicat National FO Justice\",\"potentialAction\":[{\"@type\":\"SearchAction\",\"target\":{\"@type\":\"EntryPoint\",\"urlTemplate\":\"https:\\\/\\\/fojustice.fr\\\/web\\\/?s={search_term_string}\"},\"query-input\":{\"@type\":\"PropertyValueSpecification\",\"valueRequired\":true,\"valueName\":\"search_term_string\"}}],\"inLanguage\":\"fr-FR\"},{\"@type\":\"Organization\",\"@id\":\"https:\\\/\\\/fojustice.fr\\\/web\\\/#organization\",\"name\":\"Syndicat National FO Justice\",\"alternateName\":\"Syndicat National FO Justice\",\"url\":\"https:\\\/\\\/fojustice.fr\\\/web\\\/\",\"logo\":{\"@type\":\"ImageObject\",\"inLanguage\":\"fr-FR\",\"@id\":\"https:\\\/\\\/fojustice.fr\\\/web\\\/#\\\/schema\\\/logo\\\/image\\\/\",\"url\":\"https:\\\/\\\/fojustice.fr\\\/web\\\/wp-content\\\/uploads\\\/2022\\\/03\\\/logo-fo-justice.png\",\"contentUrl\":\"https:\\\/\\\/fojustice.fr\\\/web\\\/wp-content\\\/uploads\\\/2022\\\/03\\\/logo-fo-justice.png\",\"width\":800,\"height\":800,\"caption\":\"Syndicat National FO Justice\"},\"image\":{\"@id\":\"https:\\\/\\\/fojustice.fr\\\/web\\\/#\\\/schema\\\/logo\\\/image\\\/\"},\"sameAs\":[\"https:\\\/\\\/www.facebook.com\\\/SyndicatFoJustice\",\"https:\\\/\\\/x.com\\\/SyndFoJustice\"]},{\"@type\":\"Person\",\"@id\":\"https:\\\/\\\/fojustice.fr\\\/web\\\/#\\\/schema\\\/person\\\/a51cb9c3495ce0ca62b78fc96ac3bf9f\",\"name\":\"adminfojustice\",\"image\":{\"@type\":\"ImageObject\",\"inLanguage\":\"fr-FR\",\"@id\":\"https:\\\/\\\/secure.gravatar.com\\\/avatar\\\/368884c0ecc46e53d83c0c3c0af4c6c30a6bbc2aab7535848950f43a950bfd4e?s=96&d=mm&r=g\",\"url\":\"https:\\\/\\\/secure.gravatar.com\\\/avatar\\\/368884c0ecc46e53d83c0c3c0af4c6c30a6bbc2aab7535848950f43a950bfd4e?s=96&d=mm&r=g\",\"contentUrl\":\"https:\\\/\\\/secure.gravatar.com\\\/avatar\\\/368884c0ecc46e53d83c0c3c0af4c6c30a6bbc2aab7535848950f43a950bfd4e?s=96&d=mm&r=g\",\"caption\":\"adminfojustice\"},\"sameAs\":[\"https:\\\/\\\/www.fojustice.fr\\\/web\"],\"url\":\"https:\\\/\\\/fojustice.fr\\\/web\\\/author\\\/adminfojustice\\\/\"}]}<\/script>\n<!-- \/ Yoast SEO plugin. -->","yoast_head_json":{"title":"Prison du Mans : Bienvenu \u00e0 la M.A o\u00f9 la s\u00e9curit\u00e9 est \u00e0 g\u00e9om\u00e9trie variable... d'ailleurs, existe-t-elle toujours ???? - Syndicat FO Justice","description":"Syndicat FO Justice - DISP Rennes - Prison du Mans : Bienvenu \u00e0 la M.A o\u00f9 la s\u00e9curit\u00e9 est \u00e0 g\u00e9om\u00e9trie variable... d'ailleurs, existe-t-elle toujours ????","robots":{"index":"index","follow":"follow","max-snippet":"max-snippet:-1","max-image-preview":"max-image-preview:large","max-video-preview":"max-video-preview:-1"},"canonical":"https:\/\/fojustice.fr\/web\/prison-du-mans-bienvenu-a-la-m-a-ou-la-securite-est-a-geometrie-variable-dailleurs-existe-t-elle-toujours\/","og_locale":"fr_FR","og_type":"article","og_title":"Prison du Mans : Bienvenu \u00e0 la M.A o\u00f9 la s\u00e9curit\u00e9 est \u00e0 g\u00e9om\u00e9trie variable... d'ailleurs, existe-t-elle toujours ???? - Syndicat FO Justice","og_description":"Syndicat FO Justice - DISP Rennes - Prison du Mans : Bienvenu \u00e0 la M.A o\u00f9 la s\u00e9curit\u00e9 est \u00e0 g\u00e9om\u00e9trie variable... d'ailleurs, existe-t-elle toujours ????","og_url":"https:\/\/fojustice.fr\/web\/prison-du-mans-bienvenu-a-la-m-a-ou-la-securite-est-a-geometrie-variable-dailleurs-existe-t-elle-toujours\/","og_site_name":"Syndicat FO Justice","article_publisher":"https:\/\/www.facebook.com\/SyndicatFoJustice","article_published_time":"2026-08-28T11:13:11+00:00","article_modified_time":"2026-08-28T13:00:15+00:00","og_image":[{"width":870,"height":489,"url":"https:\/\/fojustice.fr\/web\/wp-content\/uploads\/2022\/08\/Le-Mans.jpeg","type":"image\/jpeg"}],"author":"adminfojustice","twitter_card":"summary_large_image","twitter_creator":"@SyndFoJustice","twitter_site":"@SyndFoJustice","twitter_misc":{"\u00c9crit par":"adminfojustice","Dur\u00e9e de lecture estim\u00e9e":"2 minutes"},"schema":{"@context":"https:\/\/schema.org","@graph":[{"@type":"NewsArticle","@id":"https:\/\/fojustice.fr\/web\/prison-du-mans-bienvenu-a-la-m-a-ou-la-securite-est-a-geometrie-variable-dailleurs-existe-t-elle-toujours\/#article","isPartOf":{"@id":"https:\/\/fojustice.fr\/web\/prison-du-mans-bienvenu-a-la-m-a-ou-la-securite-est-a-geometrie-variable-dailleurs-existe-t-elle-toujours\/"},"author":{"name":"adminfojustice","@id":"https:\/\/fojustice.fr\/web\/#\/schema\/person\/a51cb9c3495ce0ca62b78fc96ac3bf9f"},"headline":"Prison du Mans : Bienvenu \u00e0 la M.A o\u00f9 la s\u00e9curit\u00e9 est \u00e0 g\u00e9om\u00e9trie variable&#8230; d&#8217;ailleurs, existe-t-elle toujours ????","datePublished":"2026-08-28T11:13:11+00:00","dateModified":"2026-08-28T13:00:15+00:00","mainEntityOfPage":{"@id":"https:\/\/fojustice.fr\/web\/prison-du-mans-bienvenu-a-la-m-a-ou-la-securite-est-a-geometrie-variable-dailleurs-existe-t-elle-toujours\/"},"wordCount":436,"commentCount":0,"publisher":{"@id":"https:\/\/fojustice.fr\/web\/#organization"},"image":{"@id":"https:\/\/fojustice.fr\/web\/prison-du-mans-bienvenu-a-la-m-a-ou-la-securite-est-a-geometrie-variable-dailleurs-existe-t-elle-toujours\/#primaryimage"},"thumbnailUrl":"https:\/\/fojustice.fr\/web\/wp-content\/uploads\/2022\/08\/Le-Mans.jpeg","articleSection":["DISP Rennes"],"inLanguage":"fr-FR","potentialAction":[{"@type":"CommentAction","name":"Comment","target":["https:\/\/fojustice.fr\/web\/prison-du-mans-bienvenu-a-la-m-a-ou-la-securite-est-a-geometrie-variable-dailleurs-existe-t-elle-toujours\/#respond"]}]},{"@type":"WebPage","@id":"https:\/\/fojustice.fr\/web\/prison-du-mans-bienvenu-a-la-m-a-ou-la-securite-est-a-geometrie-variable-dailleurs-existe-t-elle-toujours\/","url":"https:\/\/fojustice.fr\/web\/prison-du-mans-bienvenu-a-la-m-a-ou-la-securite-est-a-geometrie-variable-dailleurs-existe-t-elle-toujours\/","name":"Prison du Mans : Bienvenu \u00e0 la M.A o\u00f9 la s\u00e9curit\u00e9 est \u00e0 g\u00e9om\u00e9trie variable... d'ailleurs, existe-t-elle toujours ???? - Syndicat FO Justice","isPartOf":{"@id":"https:\/\/fojustice.fr\/web\/#website"},"primaryImageOfPage":{"@id":"https:\/\/fojustice.fr\/web\/prison-du-mans-bienvenu-a-la-m-a-ou-la-securite-est-a-geometrie-variable-dailleurs-existe-t-elle-toujours\/#primaryimage"},"image":{"@id":"https:\/\/fojustice.fr\/web\/prison-du-mans-bienvenu-a-la-m-a-ou-la-securite-est-a-geometrie-variable-dailleurs-existe-t-elle-toujours\/#primaryimage"},"thumbnailUrl":"https:\/\/fojustice.fr\/web\/wp-content\/uploads\/2022\/08\/Le-Mans.jpeg","datePublished":"2026-08-28T11:13:11+00:00","dateModified":"2026-08-28T13:00:15+00:00","description":"Syndicat FO Justice - DISP Rennes - Prison du Mans : Bienvenu \u00e0 la M.A o\u00f9 la s\u00e9curit\u00e9 est \u00e0 g\u00e9om\u00e9trie variable... d'ailleurs, existe-t-elle toujours ????","breadcrumb":{"@id":"https:\/\/fojustice.fr\/web\/prison-du-mans-bienvenu-a-la-m-a-ou-la-securite-est-a-geometrie-variable-dailleurs-existe-t-elle-toujours\/#breadcrumb"},"inLanguage":"fr-FR","potentialAction":[{"@type":"ReadAction","target":["https:\/\/fojustice.fr\/web\/prison-du-mans-bienvenu-a-la-m-a-ou-la-securite-est-a-geometrie-variable-dailleurs-existe-t-elle-toujours\/"]}]},{"@type":"ImageObject","inLanguage":"fr-FR","@id":"https:\/\/fojustice.fr\/web\/prison-du-mans-bienvenu-a-la-m-a-ou-la-securite-est-a-geometrie-variable-dailleurs-existe-t-elle-toujours\/#primaryimage","url":"https:\/\/fojustice.fr\/web\/wp-content\/uploads\/2022\/08\/Le-Mans.jpeg","contentUrl":"https:\/\/fojustice.fr\/web\/wp-content\/uploads\/2022\/08\/Le-Mans.jpeg","width":870,"height":489},{"@type":"BreadcrumbList","@id":"https:\/\/fojustice.fr\/web\/prison-du-mans-bienvenu-a-la-m-a-ou-la-securite-est-a-geometrie-variable-dailleurs-existe-t-elle-toujours\/#breadcrumb","itemListElement":[{"@type":"ListItem","position":1,"name":"Accueil","item":"https:\/\/fojustice.fr\/web\/"},{"@type":"ListItem","position":2,"name":"Prison du Mans : Bienvenu \u00e0 la M.A o\u00f9 la s\u00e9curit\u00e9 est \u00e0 g\u00e9om\u00e9trie variable&#8230; d&#8217;ailleurs, existe-t-elle toujours ????"}]},{"@type":"WebSite","@id":"https:\/\/fojustice.fr\/web\/#website","url":"https:\/\/fojustice.fr\/web\/","name":"Syndicat FO Justice","description":"Site du Syndicat National FO Justice","publisher":{"@id":"https:\/\/fojustice.fr\/web\/#organization"},"alternateName":"Syndicat National FO Justice","potentialAction":[{"@type":"SearchAction","target":{"@type":"EntryPoint","urlTemplate":"https:\/\/fojustice.fr\/web\/?s={search_term_string}"},"query-input":{"@type":"PropertyValueSpecification","valueRequired":true,"valueName":"search_term_string"}}],"inLanguage":"fr-FR"},{"@type":"Organization","@id":"https:\/\/fojustice.fr\/web\/#organization","name":"Syndicat National FO Justice","alternateName":"Syndicat National FO Justice","url":"https:\/\/fojustice.fr\/web\/","logo":{"@type":"ImageObject","inLanguage":"fr-FR","@id":"https:\/\/fojustice.fr\/web\/#\/schema\/logo\/image\/","url":"https:\/\/fojustice.fr\/web\/wp-content\/uploads\/2022\/03\/logo-fo-justice.png","contentUrl":"https:\/\/fojustice.fr\/web\/wp-content\/uploads\/2022\/03\/logo-fo-justice.png","width":800,"height":800,"caption":"Syndicat National FO Justice"},"image":{"@id":"https:\/\/fojustice.fr\/web\/#\/schema\/logo\/image\/"},"sameAs":["https:\/\/www.facebook.com\/SyndicatFoJustice","https:\/\/x.com\/SyndFoJustice"]},{"@type":"Person","@id":"https:\/\/fojustice.fr\/web\/#\/schema\/person\/a51cb9c3495ce0ca62b78fc96ac3bf9f","name":"adminfojustice","image":{"@type":"ImageObject","inLanguage":"fr-FR","@id":"https:\/\/secure.gravatar.com\/avatar\/368884c0ecc46e53d83c0c3c0af4c6c30a6bbc2aab7535848950f43a950bfd4e?s=96&d=mm&r=g","url":"https:\/\/secure.gravatar.com\/avatar\/368884c0ecc46e53d83c0c3c0af4c6c30a6bbc2aab7535848950f43a950bfd4e?s=96&d=mm&r=g","contentUrl":"https:\/\/secure.gravatar.com\/avatar\/368884c0ecc46e53d83c0c3c0af4c6c30a6bbc2aab7535848950f43a950bfd4e?s=96&d=mm&r=g","caption":"adminfojustice"},"sameAs":["https:\/\/www.fojustice.fr\/web"],"url":"https:\/\/fojustice.fr\/web\/author\/adminfojustice\/"}]}},"jetpack_shortlink":"https:\/\/wp.me\/pdNWl1-dma","jetpack_sharing_enabled":true,"jetpack_featured_media_url":"https:\/\/fojustice.fr\/web\/wp-content\/uploads\/2022\/08\/Le-Mans.jpeg","_links":{"self":[{"href":"https:\/\/fojustice.fr\/web\/wp-json\/wp\/v2\/posts\/51346","targetHints":{"allow":["GET"]}}],"collection":[{"href":"https:\/\/fojustice.fr\/web\/wp-json\/wp\/v2\/posts"}],"about":[{"href":"https:\/\/fojustice.fr\/web\/wp-json\/wp\/v2\/types\/post"}],"author":[{"embeddable":true,"href":"https:\/\/fojustice.fr\/web\/wp-json\/wp\/v2\/users\/1"}],"replies":[{"embeddable":true,"href":"https:\/\/fojustice.fr\/web\/wp-json\/wp\/v2\/comments?post=51346"}],"version-history":[{"count":1,"href":"https:\/\/fojustice.fr\/web\/wp-json\/wp\/v2\/posts\/51346\/revisions"}],"predecessor-version":[{"id":51348,"href":"https:\/\/fojustice.fr\/web\/wp-json\/wp\/v2\/posts\/51346\/revisions\/51348"}],"wp:featuredmedia":[{"embeddable":true,"href":"https:\/\/fojustice.fr\/web\/wp-json\/wp\/v2\/media\/6085"}],"wp:attachment":[{"href":"https:\/\/fojustice.fr\/web\/wp-json\/wp\/v2\/media?parent=51346"}],"wp:term":[{"taxonomy":"category","embeddable":true,"href":"https:\/\/fojustice.fr\/web\/wp-json\/wp\/v2\/categories?post=51346"},{"taxonomy":"post_tag","embeddable":true,"href":"https:\/\/fojustice.fr\/web\/wp-json\/wp\/v2\/tags?post=51346"}],"curies":[{"name":"wp","href":"https:\/\/api.w.org\/{rel}","templated":true}]}}