{"id":51341,"date":"2026-08-28T12:06:39","date_gmt":"2026-08-28T10:06:39","guid":{"rendered":"https:\/\/fojustice.fr\/web\/?p=51341"},"modified":"2026-08-28T12:06:39","modified_gmt":"2026-08-28T10:06:39","slug":"prison-de-caen-ifs-encore-un-drone-encore-une-livraison","status":"publish","type":"post","link":"https:\/\/fojustice.fr\/web\/prison-de-caen-ifs-encore-un-drone-encore-une-livraison\/","title":{"rendered":"Prison de Caen-Ifs : Encore un drone, encore une livraison !"},"content":{"rendered":"<p class=\"p1\">Ce matin, la vigilance des personnels a une nouvelle fois permis de mettre \u00e0 jour une \u00e9ni\u00e8me livraison par drone.<\/p>\n<p class=\"p1\"><strong>Un agent a constat\u00e9 la pr\u00e9sence d\u2019un drone endommag\u00e9 au niveau du PIPR, celui-ci \u00e9mettant encore un signal sonore. La pr\u00e9sence d\u2019esprit, la r\u00e9activit\u00e9 et la pers\u00e9v\u00e9rance de deux autres personnels ont permis la localisation d\u2019un colis \u00e0 proximit\u00e9.<\/strong><\/p>\n<p class=\"p1\">Une major encadrante de b\u00e2timent s\u2019est alors rendue sur place afin de r\u00e9cup\u00e9rer le colis.<\/p>\n<p class=\"p1\">Apr\u00e8s v\u00e9rification et tests, le contenu d\u00e9couvert est particuli\u00e8rement inqui\u00e9tant :<\/p>\n<p class=\"p2\" style=\"text-align: center;\"><span style=\"color: #ff0000;\"><strong>22 grammes de coca\u00efne<\/strong><\/span><\/p>\n<p class=\"p2\" style=\"text-align: center;\"><span style=\"color: #ff0000;\"><strong>214 grammes d\u2019une substance s\u2019apparentant \u00e0 de la r\u00e9sine de cannabis<\/strong><\/span><\/p>\n<p class=\"p2\" style=\"text-align: center;\"><span style=\"color: #ff0000;\"><strong>20 grammes d\u2019herbe de cannabis<\/strong><\/span><\/p>\n<p class=\"p2\" style=\"text-align: center;\"><span style=\"color: #ff0000;\"><strong>1 iPhone<\/strong><\/span><\/p>\n<p class=\"p2\" style=\"text-align: center;\"><span style=\"color: #ff0000;\"><strong>1 c\u00e2ble iPhone<\/strong><\/span><\/p>\n<p class=\"p2\" style=\"text-align: center;\"><span style=\"color: #ff0000;\"><strong>des feuilles \u00e0 rouler.<\/strong><\/span><\/p>\n<p class=\"p1\">Apr\u00e8s les \u00e9v\u00e9nements r\u00e9cents, cette nouvelle d\u00e9couverte vient confirmer ce que <span style=\"color: #ff0000;\"><strong><span class=\"s1\">FO Justice <\/span><\/strong><\/span>d\u00e9nonce depuis longtemps. Les drones constituent aujourd\u2019hui un v\u00e9ritable vecteur d\u2019introduction de stup\u00e9fiants et de t\u00e9l\u00e9phones au sein de la d\u00e9tention.<\/p>\n<p class=\"p3\" style=\"text-align: center;\"><span style=\"color: #000080;\"><strong>Et une nouvelle fois, ce sont les agents, par leur vigilance et leur connaissance du terrain, qui permettent de d\u00e9jouer ce type de livraison.<\/strong><\/span><\/p>\n<p class=\"p1\"><strong>Pour <span class=\"s1\" style=\"color: #ff0000;\">le bureau local FO Justice CP CAEN IFS<\/span>, il est d\u00e9sormais indispensable que la menace soit prise \u00e0 la hauteur de sa r\u00e9alit\u00e9. Les quantit\u00e9s de stup\u00e9fiants retrouv\u00e9es, associ\u00e9es \u00e0 l\u2019introduction de t\u00e9l\u00e9phones, d\u00e9montrent que nous ne sommes plus face \u00e0 de simples tentatives isol\u00e9es mais bien \u00e0 un r\u00e9el trafic.<\/strong><\/p>\n<p class=\"p1\"><strong><span class=\"s1\" style=\"color: #ff0000;\">Le bureau local FO justice <\/span><\/strong>tient \u00e0 f\u00e9liciter l\u2019ensemble des personnels pour leur vigilance, leur r\u00e9activit\u00e9 et leur professionnalisme, avec une mention particuli\u00e8re pour l\u2019agent dont l\u2019attention a permis de rep\u00e9rer le drone et surtout de localiser le colis. Une nouvelle fois, les personnels ont su d\u00e9montrer leur engagement et leurs capacit\u00e9s \u00e0 r\u00e9agir efficacement face \u00e0 ces tentatives d\u2019introduction, constituant ainsi le premier rempart contre les trafics en d\u00e9tention.<\/p>\n<p><a href=\"https:\/\/fojustice.fr\/web\/wp-content\/uploads\/2026\/08\/20260828-Encore-un-drone-encore-une-livraison.pdf\">Lire le communiqu\u00e9<\/a><\/p>\n","protected":false},"excerpt":{"rendered":"<p>Ce matin, la vigilance des personnels a une nouvelle fois permis de mettre \u00e0 jour une \u00e9ni\u00e8me livraison par drone. Un agent a constat\u00e9 la pr\u00e9sence d\u2019un drone endommag\u00e9 au niveau du PIPR, celui-ci \u00e9mettant encore un signal sonore. La pr\u00e9sence d\u2019esprit, la r\u00e9activit\u00e9 et la pers\u00e9v\u00e9rance de deux autres personnels ont permis la localisation [&hellip;]<\/p>\n","protected":false},"author":1,"featured_media":17925,"comment_status":"open","ping_status":"open","sticky":false,"template":"","format":"standard","meta":{"_angie_page":false,"_jetpack_newsletter_access":"","_jetpack_dont_email_post_to_subs":true,"_jetpack_newsletter_tier_id":0,"_jetpack_memberships_contains_paywalled_content":false,"page_builder":"","_jetpack_feature_clip_id":0,"_jetpack_memberships_contains_paid_content":false,"footnotes":"","jetpack_post_was_ever_published":false,"_members_access_role":[],"_members_access_error":""},"categories":[35],"tags":[],"class_list":["post-51341","post","type-post","status-publish","format-standard","has-post-thumbnail","hentry","category-disp-rennes"],"yoast_head":"<!-- This site is optimized with the Yoast SEO plugin v28.3 - https:\/\/yoast.com\/product\/yoast-seo-wordpress\/ -->\n<title>Prison de Caen-Ifs : Encore un drone, encore une livraison ! - Syndicat FO Justice<\/title>\n<meta name=\"description\" content=\"Syndicat FO Justice - Prison de Caen-Ifs : Encore un drone, encore une livraison !\" \/>\n<meta name=\"robots\" content=\"index, follow, max-snippet:-1, max-image-preview:large, max-video-preview:-1\" \/>\n<link rel=\"canonical\" href=\"https:\/\/fojustice.fr\/web\/prison-de-caen-ifs-encore-un-drone-encore-une-livraison\/\" \/>\n<meta property=\"og:locale\" content=\"fr_FR\" \/>\n<meta property=\"og:type\" content=\"article\" \/>\n<meta property=\"og:title\" content=\"Prison de Caen-Ifs : Encore un drone, encore une livraison ! - Syndicat FO Justice\" \/>\n<meta property=\"og:description\" content=\"Syndicat FO Justice - Prison de Caen-Ifs : Encore un drone, encore une livraison !\" \/>\n<meta property=\"og:url\" content=\"https:\/\/fojustice.fr\/web\/prison-de-caen-ifs-encore-un-drone-encore-une-livraison\/\" \/>\n<meta property=\"og:site_name\" content=\"Syndicat FO Justice\" \/>\n<meta property=\"article:publisher\" content=\"https:\/\/www.facebook.com\/SyndicatFoJustice\" \/>\n<meta property=\"article:published_time\" content=\"2026-08-28T10:06:39+00:00\" \/>\n<meta property=\"og:image\" content=\"https:\/\/fojustice.fr\/web\/wp-content\/uploads\/2023\/12\/Caen-IFS.jpeg\" \/>\n\t<meta property=\"og:image:width\" content=\"1000\" \/>\n\t<meta property=\"og:image:height\" content=\"563\" \/>\n\t<meta property=\"og:image:type\" content=\"image\/jpeg\" \/>\n<meta name=\"author\" content=\"adminfojustice\" \/>\n<meta name=\"twitter:card\" content=\"summary_large_image\" \/>\n<meta name=\"twitter:creator\" content=\"@SyndFoJustice\" \/>\n<meta name=\"twitter:site\" content=\"@SyndFoJustice\" \/>\n<meta name=\"twitter:label1\" content=\"\u00c9crit par\" \/>\n\t<meta name=\"twitter:data1\" content=\"adminfojustice\" \/>\n\t<meta name=\"twitter:label2\" content=\"Dur\u00e9e de lecture estim\u00e9e\" \/>\n\t<meta name=\"twitter:data2\" content=\"2 minutes\" \/>\n<script type=\"application\/ld+json\" class=\"yoast-schema-graph\">{\"@context\":\"https:\\\/\\\/schema.org\",\"@graph\":[{\"@type\":\"NewsArticle\",\"@id\":\"https:\\\/\\\/fojustice.fr\\\/web\\\/prison-de-caen-ifs-encore-un-drone-encore-une-livraison\\\/#article\",\"isPartOf\":{\"@id\":\"https:\\\/\\\/fojustice.fr\\\/web\\\/prison-de-caen-ifs-encore-un-drone-encore-une-livraison\\\/\"},\"author\":{\"name\":\"adminfojustice\",\"@id\":\"https:\\\/\\\/fojustice.fr\\\/web\\\/#\\\/schema\\\/person\\\/a51cb9c3495ce0ca62b78fc96ac3bf9f\"},\"headline\":\"Prison de Caen-Ifs : Encore un drone, encore une livraison !\",\"datePublished\":\"2026-08-28T10:06:39+00:00\",\"mainEntityOfPage\":{\"@id\":\"https:\\\/\\\/fojustice.fr\\\/web\\\/prison-de-caen-ifs-encore-un-drone-encore-une-livraison\\\/\"},\"wordCount\":350,\"commentCount\":0,\"publisher\":{\"@id\":\"https:\\\/\\\/fojustice.fr\\\/web\\\/#organization\"},\"image\":{\"@id\":\"https:\\\/\\\/fojustice.fr\\\/web\\\/prison-de-caen-ifs-encore-un-drone-encore-une-livraison\\\/#primaryimage\"},\"thumbnailUrl\":\"https:\\\/\\\/fojustice.fr\\\/web\\\/wp-content\\\/uploads\\\/2023\\\/12\\\/Caen-IFS.jpeg\",\"articleSection\":[\"DISP Rennes\"],\"inLanguage\":\"fr-FR\",\"potentialAction\":[{\"@type\":\"CommentAction\",\"name\":\"Comment\",\"target\":[\"https:\\\/\\\/fojustice.fr\\\/web\\\/prison-de-caen-ifs-encore-un-drone-encore-une-livraison\\\/#respond\"]}]},{\"@type\":\"WebPage\",\"@id\":\"https:\\\/\\\/fojustice.fr\\\/web\\\/prison-de-caen-ifs-encore-un-drone-encore-une-livraison\\\/\",\"url\":\"https:\\\/\\\/fojustice.fr\\\/web\\\/prison-de-caen-ifs-encore-un-drone-encore-une-livraison\\\/\",\"name\":\"Prison de Caen-Ifs : Encore un drone, encore une livraison ! - Syndicat FO Justice\",\"isPartOf\":{\"@id\":\"https:\\\/\\\/fojustice.fr\\\/web\\\/#website\"},\"primaryImageOfPage\":{\"@id\":\"https:\\\/\\\/fojustice.fr\\\/web\\\/prison-de-caen-ifs-encore-un-drone-encore-une-livraison\\\/#primaryimage\"},\"image\":{\"@id\":\"https:\\\/\\\/fojustice.fr\\\/web\\\/prison-de-caen-ifs-encore-un-drone-encore-une-livraison\\\/#primaryimage\"},\"thumbnailUrl\":\"https:\\\/\\\/fojustice.fr\\\/web\\\/wp-content\\\/uploads\\\/2023\\\/12\\\/Caen-IFS.jpeg\",\"datePublished\":\"2026-08-28T10:06:39+00:00\",\"description\":\"Syndicat FO Justice - Prison de Caen-Ifs : Encore un drone, encore une livraison !\",\"breadcrumb\":{\"@id\":\"https:\\\/\\\/fojustice.fr\\\/web\\\/prison-de-caen-ifs-encore-un-drone-encore-une-livraison\\\/#breadcrumb\"},\"inLanguage\":\"fr-FR\",\"potentialAction\":[{\"@type\":\"ReadAction\",\"target\":[\"https:\\\/\\\/fojustice.fr\\\/web\\\/prison-de-caen-ifs-encore-un-drone-encore-une-livraison\\\/\"]}]},{\"@type\":\"ImageObject\",\"inLanguage\":\"fr-FR\",\"@id\":\"https:\\\/\\\/fojustice.fr\\\/web\\\/prison-de-caen-ifs-encore-un-drone-encore-une-livraison\\\/#primaryimage\",\"url\":\"https:\\\/\\\/fojustice.fr\\\/web\\\/wp-content\\\/uploads\\\/2023\\\/12\\\/Caen-IFS.jpeg\",\"contentUrl\":\"https:\\\/\\\/fojustice.fr\\\/web\\\/wp-content\\\/uploads\\\/2023\\\/12\\\/Caen-IFS.jpeg\",\"width\":1000,\"height\":563},{\"@type\":\"BreadcrumbList\",\"@id\":\"https:\\\/\\\/fojustice.fr\\\/web\\\/prison-de-caen-ifs-encore-un-drone-encore-une-livraison\\\/#breadcrumb\",\"itemListElement\":[{\"@type\":\"ListItem\",\"position\":1,\"name\":\"Accueil\",\"item\":\"https:\\\/\\\/fojustice.fr\\\/web\\\/\"},{\"@type\":\"ListItem\",\"position\":2,\"name\":\"Prison de Caen-Ifs : Encore un drone, encore une livraison !\"}]},{\"@type\":\"WebSite\",\"@id\":\"https:\\\/\\\/fojustice.fr\\\/web\\\/#website\",\"url\":\"https:\\\/\\\/fojustice.fr\\\/web\\\/\",\"name\":\"Syndicat FO Justice\",\"description\":\"Site du Syndicat National FO Justice\",\"publisher\":{\"@id\":\"https:\\\/\\\/fojustice.fr\\\/web\\\/#organization\"},\"alternateName\":\"Syndicat National FO Justice\",\"potentialAction\":[{\"@type\":\"SearchAction\",\"target\":{\"@type\":\"EntryPoint\",\"urlTemplate\":\"https:\\\/\\\/fojustice.fr\\\/web\\\/?s={search_term_string}\"},\"query-input\":{\"@type\":\"PropertyValueSpecification\",\"valueRequired\":true,\"valueName\":\"search_term_string\"}}],\"inLanguage\":\"fr-FR\"},{\"@type\":\"Organization\",\"@id\":\"https:\\\/\\\/fojustice.fr\\\/web\\\/#organization\",\"name\":\"Syndicat National FO Justice\",\"alternateName\":\"Syndicat National FO Justice\",\"url\":\"https:\\\/\\\/fojustice.fr\\\/web\\\/\",\"logo\":{\"@type\":\"ImageObject\",\"inLanguage\":\"fr-FR\",\"@id\":\"https:\\\/\\\/fojustice.fr\\\/web\\\/#\\\/schema\\\/logo\\\/image\\\/\",\"url\":\"https:\\\/\\\/fojustice.fr\\\/web\\\/wp-content\\\/uploads\\\/2022\\\/03\\\/logo-fo-justice.png\",\"contentUrl\":\"https:\\\/\\\/fojustice.fr\\\/web\\\/wp-content\\\/uploads\\\/2022\\\/03\\\/logo-fo-justice.png\",\"width\":800,\"height\":800,\"caption\":\"Syndicat National FO Justice\"},\"image\":{\"@id\":\"https:\\\/\\\/fojustice.fr\\\/web\\\/#\\\/schema\\\/logo\\\/image\\\/\"},\"sameAs\":[\"https:\\\/\\\/www.facebook.com\\\/SyndicatFoJustice\",\"https:\\\/\\\/x.com\\\/SyndFoJustice\"]},{\"@type\":\"Person\",\"@id\":\"https:\\\/\\\/fojustice.fr\\\/web\\\/#\\\/schema\\\/person\\\/a51cb9c3495ce0ca62b78fc96ac3bf9f\",\"name\":\"adminfojustice\",\"image\":{\"@type\":\"ImageObject\",\"inLanguage\":\"fr-FR\",\"@id\":\"https:\\\/\\\/secure.gravatar.com\\\/avatar\\\/368884c0ecc46e53d83c0c3c0af4c6c30a6bbc2aab7535848950f43a950bfd4e?s=96&d=mm&r=g\",\"url\":\"https:\\\/\\\/secure.gravatar.com\\\/avatar\\\/368884c0ecc46e53d83c0c3c0af4c6c30a6bbc2aab7535848950f43a950bfd4e?s=96&d=mm&r=g\",\"contentUrl\":\"https:\\\/\\\/secure.gravatar.com\\\/avatar\\\/368884c0ecc46e53d83c0c3c0af4c6c30a6bbc2aab7535848950f43a950bfd4e?s=96&d=mm&r=g\",\"caption\":\"adminfojustice\"},\"sameAs\":[\"https:\\\/\\\/www.fojustice.fr\\\/web\"],\"url\":\"https:\\\/\\\/fojustice.fr\\\/web\\\/author\\\/adminfojustice\\\/\"}]}<\/script>\n<!-- \/ Yoast SEO plugin. -->","yoast_head_json":{"title":"Prison de Caen-Ifs : Encore un drone, encore une livraison ! - Syndicat FO Justice","description":"Syndicat FO Justice - Prison de Caen-Ifs : Encore un drone, encore une livraison !","robots":{"index":"index","follow":"follow","max-snippet":"max-snippet:-1","max-image-preview":"max-image-preview:large","max-video-preview":"max-video-preview:-1"},"canonical":"https:\/\/fojustice.fr\/web\/prison-de-caen-ifs-encore-un-drone-encore-une-livraison\/","og_locale":"fr_FR","og_type":"article","og_title":"Prison de Caen-Ifs : Encore un drone, encore une livraison ! - Syndicat FO Justice","og_description":"Syndicat FO Justice - Prison de Caen-Ifs : Encore un drone, encore une livraison !","og_url":"https:\/\/fojustice.fr\/web\/prison-de-caen-ifs-encore-un-drone-encore-une-livraison\/","og_site_name":"Syndicat FO Justice","article_publisher":"https:\/\/www.facebook.com\/SyndicatFoJustice","article_published_time":"2026-08-28T10:06:39+00:00","og_image":[{"width":1000,"height":563,"url":"https:\/\/fojustice.fr\/web\/wp-content\/uploads\/2023\/12\/Caen-IFS.jpeg","type":"image\/jpeg"}],"author":"adminfojustice","twitter_card":"summary_large_image","twitter_creator":"@SyndFoJustice","twitter_site":"@SyndFoJustice","twitter_misc":{"\u00c9crit par":"adminfojustice","Dur\u00e9e de lecture estim\u00e9e":"2 minutes"},"schema":{"@context":"https:\/\/schema.org","@graph":[{"@type":"NewsArticle","@id":"https:\/\/fojustice.fr\/web\/prison-de-caen-ifs-encore-un-drone-encore-une-livraison\/#article","isPartOf":{"@id":"https:\/\/fojustice.fr\/web\/prison-de-caen-ifs-encore-un-drone-encore-une-livraison\/"},"author":{"name":"adminfojustice","@id":"https:\/\/fojustice.fr\/web\/#\/schema\/person\/a51cb9c3495ce0ca62b78fc96ac3bf9f"},"headline":"Prison de Caen-Ifs : Encore un drone, encore une livraison !","datePublished":"2026-08-28T10:06:39+00:00","mainEntityOfPage":{"@id":"https:\/\/fojustice.fr\/web\/prison-de-caen-ifs-encore-un-drone-encore-une-livraison\/"},"wordCount":350,"commentCount":0,"publisher":{"@id":"https:\/\/fojustice.fr\/web\/#organization"},"image":{"@id":"https:\/\/fojustice.fr\/web\/prison-de-caen-ifs-encore-un-drone-encore-une-livraison\/#primaryimage"},"thumbnailUrl":"https:\/\/fojustice.fr\/web\/wp-content\/uploads\/2023\/12\/Caen-IFS.jpeg","articleSection":["DISP Rennes"],"inLanguage":"fr-FR","potentialAction":[{"@type":"CommentAction","name":"Comment","target":["https:\/\/fojustice.fr\/web\/prison-de-caen-ifs-encore-un-drone-encore-une-livraison\/#respond"]}]},{"@type":"WebPage","@id":"https:\/\/fojustice.fr\/web\/prison-de-caen-ifs-encore-un-drone-encore-une-livraison\/","url":"https:\/\/fojustice.fr\/web\/prison-de-caen-ifs-encore-un-drone-encore-une-livraison\/","name":"Prison de Caen-Ifs : Encore un drone, encore une livraison ! - Syndicat FO Justice","isPartOf":{"@id":"https:\/\/fojustice.fr\/web\/#website"},"primaryImageOfPage":{"@id":"https:\/\/fojustice.fr\/web\/prison-de-caen-ifs-encore-un-drone-encore-une-livraison\/#primaryimage"},"image":{"@id":"https:\/\/fojustice.fr\/web\/prison-de-caen-ifs-encore-un-drone-encore-une-livraison\/#primaryimage"},"thumbnailUrl":"https:\/\/fojustice.fr\/web\/wp-content\/uploads\/2023\/12\/Caen-IFS.jpeg","datePublished":"2026-08-28T10:06:39+00:00","description":"Syndicat FO Justice - Prison de Caen-Ifs : Encore un drone, encore une livraison !","breadcrumb":{"@id":"https:\/\/fojustice.fr\/web\/prison-de-caen-ifs-encore-un-drone-encore-une-livraison\/#breadcrumb"},"inLanguage":"fr-FR","potentialAction":[{"@type":"ReadAction","target":["https:\/\/fojustice.fr\/web\/prison-de-caen-ifs-encore-un-drone-encore-une-livraison\/"]}]},{"@type":"ImageObject","inLanguage":"fr-FR","@id":"https:\/\/fojustice.fr\/web\/prison-de-caen-ifs-encore-un-drone-encore-une-livraison\/#primaryimage","url":"https:\/\/fojustice.fr\/web\/wp-content\/uploads\/2023\/12\/Caen-IFS.jpeg","contentUrl":"https:\/\/fojustice.fr\/web\/wp-content\/uploads\/2023\/12\/Caen-IFS.jpeg","width":1000,"height":563},{"@type":"BreadcrumbList","@id":"https:\/\/fojustice.fr\/web\/prison-de-caen-ifs-encore-un-drone-encore-une-livraison\/#breadcrumb","itemListElement":[{"@type":"ListItem","position":1,"name":"Accueil","item":"https:\/\/fojustice.fr\/web\/"},{"@type":"ListItem","position":2,"name":"Prison de Caen-Ifs : Encore un drone, encore une livraison !"}]},{"@type":"WebSite","@id":"https:\/\/fojustice.fr\/web\/#website","url":"https:\/\/fojustice.fr\/web\/","name":"Syndicat FO Justice","description":"Site du Syndicat National FO Justice","publisher":{"@id":"https:\/\/fojustice.fr\/web\/#organization"},"alternateName":"Syndicat National FO Justice","potentialAction":[{"@type":"SearchAction","target":{"@type":"EntryPoint","urlTemplate":"https:\/\/fojustice.fr\/web\/?s={search_term_string}"},"query-input":{"@type":"PropertyValueSpecification","valueRequired":true,"valueName":"search_term_string"}}],"inLanguage":"fr-FR"},{"@type":"Organization","@id":"https:\/\/fojustice.fr\/web\/#organization","name":"Syndicat National FO Justice","alternateName":"Syndicat National FO Justice","url":"https:\/\/fojustice.fr\/web\/","logo":{"@type":"ImageObject","inLanguage":"fr-FR","@id":"https:\/\/fojustice.fr\/web\/#\/schema\/logo\/image\/","url":"https:\/\/fojustice.fr\/web\/wp-content\/uploads\/2022\/03\/logo-fo-justice.png","contentUrl":"https:\/\/fojustice.fr\/web\/wp-content\/uploads\/2022\/03\/logo-fo-justice.png","width":800,"height":800,"caption":"Syndicat National FO Justice"},"image":{"@id":"https:\/\/fojustice.fr\/web\/#\/schema\/logo\/image\/"},"sameAs":["https:\/\/www.facebook.com\/SyndicatFoJustice","https:\/\/x.com\/SyndFoJustice"]},{"@type":"Person","@id":"https:\/\/fojustice.fr\/web\/#\/schema\/person\/a51cb9c3495ce0ca62b78fc96ac3bf9f","name":"adminfojustice","image":{"@type":"ImageObject","inLanguage":"fr-FR","@id":"https:\/\/secure.gravatar.com\/avatar\/368884c0ecc46e53d83c0c3c0af4c6c30a6bbc2aab7535848950f43a950bfd4e?s=96&d=mm&r=g","url":"https:\/\/secure.gravatar.com\/avatar\/368884c0ecc46e53d83c0c3c0af4c6c30a6bbc2aab7535848950f43a950bfd4e?s=96&d=mm&r=g","contentUrl":"https:\/\/secure.gravatar.com\/avatar\/368884c0ecc46e53d83c0c3c0af4c6c30a6bbc2aab7535848950f43a950bfd4e?s=96&d=mm&r=g","caption":"adminfojustice"},"sameAs":["https:\/\/www.fojustice.fr\/web"],"url":"https:\/\/fojustice.fr\/web\/author\/adminfojustice\/"}]}},"jetpack_shortlink":"https:\/\/wp.me\/pdNWl1-dm5","jetpack_sharing_enabled":true,"jetpack_featured_media_url":"https:\/\/fojustice.fr\/web\/wp-content\/uploads\/2023\/12\/Caen-IFS.jpeg","_links":{"self":[{"href":"https:\/\/fojustice.fr\/web\/wp-json\/wp\/v2\/posts\/51341","targetHints":{"allow":["GET"]}}],"collection":[{"href":"https:\/\/fojustice.fr\/web\/wp-json\/wp\/v2\/posts"}],"about":[{"href":"https:\/\/fojustice.fr\/web\/wp-json\/wp\/v2\/types\/post"}],"author":[{"embeddable":true,"href":"https:\/\/fojustice.fr\/web\/wp-json\/wp\/v2\/users\/1"}],"replies":[{"embeddable":true,"href":"https:\/\/fojustice.fr\/web\/wp-json\/wp\/v2\/comments?post=51341"}],"version-history":[{"count":1,"href":"https:\/\/fojustice.fr\/web\/wp-json\/wp\/v2\/posts\/51341\/revisions"}],"predecessor-version":[{"id":51344,"href":"https:\/\/fojustice.fr\/web\/wp-json\/wp\/v2\/posts\/51341\/revisions\/51344"}],"wp:featuredmedia":[{"embeddable":true,"href":"https:\/\/fojustice.fr\/web\/wp-json\/wp\/v2\/media\/17925"}],"wp:attachment":[{"href":"https:\/\/fojustice.fr\/web\/wp-json\/wp\/v2\/media?parent=51341"}],"wp:term":[{"taxonomy":"category","embeddable":true,"href":"https:\/\/fojustice.fr\/web\/wp-json\/wp\/v2\/categories?post=51341"},{"taxonomy":"post_tag","embeddable":true,"href":"https:\/\/fojustice.fr\/web\/wp-json\/wp\/v2\/tags?post=51341"}],"curies":[{"name":"wp","href":"https:\/\/api.w.org\/{rel}","templated":true}]}}