{"id":51338,"date":"2026-08-28T11:26:53","date_gmt":"2026-08-28T09:26:53","guid":{"rendered":"https:\/\/fojustice.fr\/web\/?p=51338"},"modified":"2026-08-28T11:26:53","modified_gmt":"2026-08-28T09:26:53","slug":"prison-de-basse-terre-demantelement-acte-2-jusquou-faudra-t-il-aller","status":"publish","type":"post","link":"https:\/\/fojustice.fr\/web\/prison-de-basse-terre-demantelement-acte-2-jusquou-faudra-t-il-aller\/","title":{"rendered":"Prison de Basse-Terre : D\u00e9mant\u00e8lement Acte 2, jusqu&#8217;o\u00f9 faudra-t-il aller ?"},"content":{"rendered":"<p class=\"p1\"><b>JEUDI 27 AO\u00dbT 2026 \u2014 MA DE BASSE-TERRE UN COUTEAU. DES STUP\u00c9FIANTS, DES <\/b><b>T\u00c9L\u00c9PHONES, DU MAT\u00c9RIEL \u00c9LECTRONIQUE\u2026<\/b><\/p>\n<p class=\"p2\"><span class=\"s1\">Et toujours la m\u00eame question : <\/span><span style=\"color: #ff0000;\"><b>QUAND LA DIRECTION VA-T-ELLE ENFIN PRENDRE LA <\/b><b>MESURE DU DANGER ?<\/b><\/span><\/p>\n<p class=\"p1\">Aujourd\u2019hui encore, la r\u00e9alit\u00e9 du terrain vient nous rappeler que notre \u00e9tablissement est devenu une v\u00e9ritable <b>POUDRI\u00c8RE<\/b>. Lors du d\u00e9part en promenade, une bagarre, qui s\u2019apparente \u00e0 un r\u00e8glement de comptes, \u00e9clate. Puis vient la d\u00e9couverte qui glace le sang : <b>un COUTEAU<\/b> retrouv\u00e9 sur la coursive ! Dans une prison.<\/p>\n<p class=\"p1\">\u00c0 quelques m\u00e8tres des personnels. \u00c0 quelques m\u00e8tres des personnes d\u00e9tenues.<\/p>\n<p class=\"p1\">Aujourd\u2019hui, nous avons peut-\u00eatre \u00e9vit\u00e9 un drame. Mais demain ? Face \u00e0 cette situation, la Direction engage les ELSP sur une op\u00e9ration de fouille. Et une nouvelle fois, le r\u00e9sultat est \u00e9difiant :<\/p>\n<ul>\n<li class=\"p1\">6 t\u00e9l\u00e9phones portables, dont des Iphones<\/li>\n<li class=\"p1\">133 grammes de produits stup\u00e9fiants : cannabis, r\u00e9sine et crack<\/li>\n<li class=\"p1\">1 balance \u00e9lectronique<\/li>\n<li class=\"p1\">1 cl\u00e9 TORX<\/li>\n<li class=\"p1\">1 montre connect\u00e9e<\/li>\n<li class=\"p1\">c\u00e2bles, \u00e9couteurs et divers accessoires t\u00e9l\u00e9phoniques<\/li>\n<\/ul>\n<p class=\"p2\" style=\"text-align: center;\"><span style=\"color: #ff0000;\"><b>CE N\u2019EST PLUS UNE ALERTE. CE N\u2019EST PLUS UN SIMPLE PROBL\u00c8ME. C\u2019EST UN SIGNAL D\u2019ALARME MAJEUR !<\/b><\/span><\/p>\n<p class=\"p1\">Et pendant ce temps, les personnels continuent de travailler sous pression, en sous-effectif, avec des moyens qui ne sont pas toujours \u00e0 la hauteur des menaces auxquelles ils sont confront\u00e9s. <span style=\"color: #ff0000;\"><b>FO Justice Basse-Terre<\/b><\/span> le dit haut et fort :<\/p>\n<ul>\n<li class=\"p1\"><b>Nous refusons d\u2019attendre qu\u2019un coll\u00e8gue soit bless\u00e9 pour que la direction r\u00e9agisse.<\/b><\/li>\n<li class=\"p1\"><b>Nous refusons d\u2019attendre un \u00ab poignardage \u00bb pour que la direction prenne des mesures<\/b><\/li>\n<li class=\"p1\"><b>Nous refusons que la s\u00e9curit\u00e9 des personnels devienne une variable d\u2019ajustement<\/b><\/li>\n<\/ul>\n<p class=\"p1\">Comment des couteaux, des stup\u00e9fiants, des t\u00e9l\u00e9phones et du mat\u00e9riel permettant d\u2019alimenter les trafics peuvent-ils encore se retrouver dans nos murs ?<\/p>\n<p class=\"p2\" style=\"text-align: center;\"><span style=\"color: #ff0000;\"><b>QUI CONTR\u00d4LE R\u00c9ELLEMENT CE QUI RENTRE DANS L\u2019\u00c9TABLISSEMENT ?<\/b><\/span><\/p>\n<p class=\"p1\">Parce qu\u2019aujourd\u2019hui, c\u2019est un couteau. <b>DEMAIN, CE SERA QUOI ?<\/b> Un agent agress\u00e9 ? Un coll\u00e8gue poignard\u00e9 ? Un r\u00e8glement de comptes qui d\u00e9g\u00e9n\u00e8re ? Un drame que tout le monde viendra ensuite d\u00e9plorer ?<\/p>\n<p class=\"p2\" style=\"text-align: center;\"><span style=\"color: #ff0000;\"><span class=\"s3\"><b>NOUS REFUSONS DE JOUER \u00c0 LA ROULETTE RUSSE AVEC LA S\u00c9CURIT\u00c9 DES <\/b><\/span><span class=\"s3\"><b>PERSONNELS !<\/b><\/span><\/span><\/p>\n<p class=\"p1\"><span class=\"s4\" style=\"color: #ff0000;\"><b>FO Justice Bast\u00e8<\/b> <\/span><span class=\"s3\">dit STOP ! Nous adressons nos f\u00e9licitations et notre soutien total aux agents ELSP, une <\/span><span class=\"s3\">nouvelle fois mobilis\u00e9s et pleinement engag\u00e9s dans cette op\u00e9ration. Leur professionnalisme d\u00e9montre une <\/span><span class=\"s3\">chose : QUAND ON DONNE AUX AGENTS LES MOYENS D\u2019AGIR, LES R\u00c9SULTATS SONT AU <\/span><span class=\"s3\">RENDEZ-VOUS.<\/span><\/p>\n<p class=\"p1\"><strong><span class=\"s4\" style=\"color: #ff0000;\">FO Justice Bast\u00e8 <\/span><\/strong><span class=\"s3\">salue \u00e9galement l\u2019implication du surveillant des vestiaires et de la surveillante de la <\/span><span class=\"s3\">buanderie, qui ont apport\u00e9 leur concours lors de cette op\u00e9ration.<\/span><\/p>\n<p class=\"p1\"><span class=\"s3\">Monsieur le Directeur : <b>IL EST TEMPS D\u2019AGIR<\/b>. Pas demain. Pas apr\u00e8s le prochain incident. C\u2019EST <\/span><span class=\"s3\">MAINTENANT !<\/span><\/p>\n<p class=\"p1\"><span class=\"s4\" style=\"color: #ff0000;\"><b>FO Justice Bast\u00e8<\/b> <\/span><span class=\"s3\">ne veut plus de belles paroles. <\/span><span class=\"s4\" style=\"color: #ff0000;\"><b>FO Justice Bast\u00e8<\/b> <\/span><span class=\"s3\">ne veut plus de constats r\u00e9dig\u00e9s APR\u00c8S <\/span><span class=\"s3\">les incidents. <\/span><span class=\"s4\" style=\"color: #ff0000;\"><b>FO Justice Bast\u00e8<\/b> <\/span><span class=\"s3\">veut DES ACTES !<\/span><\/p>\n<ul>\n<li class=\"p1\"><span class=\"s3\">Renforcement imm\u00e9diat des contr\u00f4les.<\/span><\/li>\n<li class=\"p1\"><span class=\"s3\">S\u00e9curisation r\u00e9elle des acc\u00e8s.<\/span><\/li>\n<li class=\"p1\"><span class=\"s3\">Moyens humains adapt\u00e9s aux missions et aux risques.<\/span><\/li>\n<li class=\"p1\"><span class=\"s3\">Moyens mat\u00e9riels \u00e0 la hauteur des enjeux.<\/span><\/li>\n<li class=\"p1\"><span class=\"s3\">Fouilles et op\u00e9rations de s\u00e9curisation r\u00e9guli\u00e8res.<\/span><\/li>\n<li class=\"p1\"><span class=\"s3\">Lutte renforc\u00e9e contre les trafics et les projections.<\/span><\/li>\n<li class=\"p1\"><span class=\"s3\">Une v\u00e9ritable strat\u00e9gie de s\u00e9curisation de l\u2019\u00e9tablissement.<\/span><\/li>\n<\/ul>\n<p class=\"p1\"><span class=\"s3\">Car pendant que certains constatent les probl\u00e8mes depuis des bureaux, <b>CE SONT LES PERSONNELS <\/b><\/span><span class=\"s3\"><b>QUI SONT EN PREMI\u00c8RE LIGNE.<\/b> Ce sont eux qui ouvrent les portes. Ce sont eux qui accompagnent <\/span><span class=\"s3\">les mouvements. Ce sont eux qui assurent les promenades. Ce sont eux qui interviennent lorsque la situation <\/span><span class=\"s3\">d\u00e9g\u00e9n\u00e8re.<\/span><\/p>\n<p class=\"p2\" style=\"text-align: center;\"><span style=\"color: #ff0000;\"><span class=\"s3\"><b>NOS COLL\u00c8GUES NE DOIVENT PAS PAYER LE PRIX DES FAILLES DE S\u00c9CURIT\u00c9 QUE <\/b><\/span><span class=\"s3\"><b>NOUS D\u00c9NON\u00c7ONS DEPUIS DES MOIS !<\/b><\/span><\/span><\/p>\n<p class=\"p1\"><span class=\"s3\">Aujourd\u2019hui, nous avons peut-\u00eatre \u00e9vit\u00e9 un drame. Mais combien de temps allons-nous encore compter sur <\/span><span class=\"s3\">la chance ?<\/span><\/p>\n<p class=\"p1\"><span class=\"s4\"><b>FO JUSTICE BAST\u00c8<\/b><\/span><span class=\"s3\"> <b>PR\u00c9VIENT : NOUS NE NOUS TAIRONS PAS. NOUS NE BANALISERONS <\/b><\/span><span class=\"s3\"><b>PAS. NOUS NE NOUS HABITUERONS PAS \u00c0 L\u2019INACCEPTABLE. NOUS NE LAISSERONS PAS <\/b><\/span><span class=\"s3\"><b>LA S\u00c9CURIT\u00c9 DES PERSONNELS \u00caTRE SACRIFI\u00c9E.<\/b><\/span><\/p>\n<p class=\"p1\"><span class=\"s3\"><b>MONSIEUR LE DIRECTEUR : PROT\u00c9GEZ VOS AGENTS AVANT D\u2019AVOIR \u00c0 LES PLEURER. <\/b><\/span><span class=\"s3\"><b>POUR FO JUSTICE BAST\u00c8 LA S\u00c9CURIT\u00c9 DES PERSONNELS N\u2019EST PAS N\u00c9GOCIABLE !<\/b><\/span><\/p>\n<p><a href=\"https:\/\/fojustice.fr\/web\/wp-content\/uploads\/2026\/08\/MA-BT-DEMANTELEMENT-\u2013-ACTE-2-JUSQUOU-FAUDRA-T-IL-ALLER.pdf\">Lire le communiqu\u00e9<\/a><\/p>\n","protected":false},"excerpt":{"rendered":"<p>JEUDI 27 AO\u00dbT 2026 \u2014 MA DE BASSE-TERRE UN COUTEAU. DES STUP\u00c9FIANTS, DES T\u00c9L\u00c9PHONES, DU MAT\u00c9RIEL \u00c9LECTRONIQUE\u2026 Et toujours la m\u00eame question : QUAND LA DIRECTION VA-T-ELLE ENFIN PRENDRE LA MESURE DU DANGER ? Aujourd\u2019hui encore, la r\u00e9alit\u00e9 du terrain vient nous rappeler que notre \u00e9tablissement est devenu une v\u00e9ritable POUDRI\u00c8RE. Lors du d\u00e9part en [&hellip;]<\/p>\n","protected":false},"author":1,"featured_media":28366,"comment_status":"open","ping_status":"open","sticky":false,"template":"","format":"standard","meta":{"_angie_page":false,"_jetpack_newsletter_access":"","_jetpack_dont_email_post_to_subs":true,"_jetpack_newsletter_tier_id":0,"_jetpack_memberships_contains_paywalled_content":false,"page_builder":"","_jetpack_feature_clip_id":0,"_jetpack_memberships_contains_paid_content":false,"footnotes":"","jetpack_post_was_ever_published":false,"_members_access_role":[],"_members_access_error":""},"categories":[38],"tags":[],"class_list":["post-51338","post","type-post","status-publish","format-standard","has-post-thumbnail","hentry","category-dom-tom"],"yoast_head":"<!-- This site is optimized with the Yoast SEO plugin v28.3 - https:\/\/yoast.com\/product\/yoast-seo-wordpress\/ -->\n<title>Prison de Basse-Terre : D\u00e9mant\u00e8lement Acte 2, jusqu&#039;o\u00f9 faudra-t-il aller ? - Syndicat FO Justice<\/title>\n<meta name=\"description\" content=\"Syndicat FO Justice - DOM-TOM - Prison de Basse-Terre : D\u00e9mant\u00e8lement Acte 2, jusqu&#039;o\u00f9 faudra-t-il aller ?\" \/>\n<meta name=\"robots\" content=\"index, follow, max-snippet:-1, max-image-preview:large, max-video-preview:-1\" \/>\n<link rel=\"canonical\" href=\"https:\/\/fojustice.fr\/web\/prison-de-basse-terre-demantelement-acte-2-jusquou-faudra-t-il-aller\/\" \/>\n<meta property=\"og:locale\" content=\"fr_FR\" \/>\n<meta property=\"og:type\" content=\"article\" \/>\n<meta property=\"og:title\" content=\"Prison de Basse-Terre : D\u00e9mant\u00e8lement Acte 2, jusqu&#039;o\u00f9 faudra-t-il aller ? - Syndicat FO Justice\" \/>\n<meta property=\"og:description\" content=\"Syndicat FO Justice - DOM-TOM - Prison de Basse-Terre : D\u00e9mant\u00e8lement Acte 2, jusqu&#039;o\u00f9 faudra-t-il aller ?\" \/>\n<meta property=\"og:url\" content=\"https:\/\/fojustice.fr\/web\/prison-de-basse-terre-demantelement-acte-2-jusquou-faudra-t-il-aller\/\" \/>\n<meta property=\"og:site_name\" content=\"Syndicat FO Justice\" \/>\n<meta property=\"article:publisher\" content=\"https:\/\/www.facebook.com\/SyndicatFoJustice\" \/>\n<meta property=\"article:published_time\" content=\"2026-08-28T09:26:53+00:00\" \/>\n<meta property=\"og:image\" content=\"https:\/\/fojustice.fr\/web\/wp-content\/uploads\/2024\/11\/WhatsApp-Image-2024-11-08-at-19.09.26.jpeg\" \/>\n\t<meta property=\"og:image:width\" content=\"1600\" \/>\n\t<meta property=\"og:image:height\" content=\"1200\" \/>\n\t<meta property=\"og:image:type\" content=\"image\/jpeg\" \/>\n<meta name=\"author\" content=\"adminfojustice\" \/>\n<meta name=\"twitter:card\" content=\"summary_large_image\" \/>\n<meta name=\"twitter:creator\" content=\"@SyndFoJustice\" \/>\n<meta name=\"twitter:site\" content=\"@SyndFoJustice\" \/>\n<meta name=\"twitter:label1\" content=\"\u00c9crit par\" \/>\n\t<meta name=\"twitter:data1\" content=\"adminfojustice\" \/>\n\t<meta name=\"twitter:label2\" content=\"Dur\u00e9e de lecture estim\u00e9e\" \/>\n\t<meta name=\"twitter:data2\" content=\"4 minutes\" \/>\n<script type=\"application\/ld+json\" class=\"yoast-schema-graph\">{\"@context\":\"https:\\\/\\\/schema.org\",\"@graph\":[{\"@type\":\"NewsArticle\",\"@id\":\"https:\\\/\\\/fojustice.fr\\\/web\\\/prison-de-basse-terre-demantelement-acte-2-jusquou-faudra-t-il-aller\\\/#article\",\"isPartOf\":{\"@id\":\"https:\\\/\\\/fojustice.fr\\\/web\\\/prison-de-basse-terre-demantelement-acte-2-jusquou-faudra-t-il-aller\\\/\"},\"author\":{\"name\":\"adminfojustice\",\"@id\":\"https:\\\/\\\/fojustice.fr\\\/web\\\/#\\\/schema\\\/person\\\/a51cb9c3495ce0ca62b78fc96ac3bf9f\"},\"headline\":\"Prison de Basse-Terre : D\u00e9mant\u00e8lement Acte 2, jusqu&#8217;o\u00f9 faudra-t-il aller ?\",\"datePublished\":\"2026-08-28T09:26:53+00:00\",\"mainEntityOfPage\":{\"@id\":\"https:\\\/\\\/fojustice.fr\\\/web\\\/prison-de-basse-terre-demantelement-acte-2-jusquou-faudra-t-il-aller\\\/\"},\"wordCount\":715,\"commentCount\":0,\"publisher\":{\"@id\":\"https:\\\/\\\/fojustice.fr\\\/web\\\/#organization\"},\"image\":{\"@id\":\"https:\\\/\\\/fojustice.fr\\\/web\\\/prison-de-basse-terre-demantelement-acte-2-jusquou-faudra-t-il-aller\\\/#primaryimage\"},\"thumbnailUrl\":\"https:\\\/\\\/fojustice.fr\\\/web\\\/wp-content\\\/uploads\\\/2024\\\/11\\\/WhatsApp-Image-2024-11-08-at-19.09.26.jpeg\",\"articleSection\":[\"DOM-TOM\"],\"inLanguage\":\"fr-FR\",\"potentialAction\":[{\"@type\":\"CommentAction\",\"name\":\"Comment\",\"target\":[\"https:\\\/\\\/fojustice.fr\\\/web\\\/prison-de-basse-terre-demantelement-acte-2-jusquou-faudra-t-il-aller\\\/#respond\"]}]},{\"@type\":\"WebPage\",\"@id\":\"https:\\\/\\\/fojustice.fr\\\/web\\\/prison-de-basse-terre-demantelement-acte-2-jusquou-faudra-t-il-aller\\\/\",\"url\":\"https:\\\/\\\/fojustice.fr\\\/web\\\/prison-de-basse-terre-demantelement-acte-2-jusquou-faudra-t-il-aller\\\/\",\"name\":\"Prison de Basse-Terre : D\u00e9mant\u00e8lement Acte 2, jusqu'o\u00f9 faudra-t-il aller ? - Syndicat FO Justice\",\"isPartOf\":{\"@id\":\"https:\\\/\\\/fojustice.fr\\\/web\\\/#website\"},\"primaryImageOfPage\":{\"@id\":\"https:\\\/\\\/fojustice.fr\\\/web\\\/prison-de-basse-terre-demantelement-acte-2-jusquou-faudra-t-il-aller\\\/#primaryimage\"},\"image\":{\"@id\":\"https:\\\/\\\/fojustice.fr\\\/web\\\/prison-de-basse-terre-demantelement-acte-2-jusquou-faudra-t-il-aller\\\/#primaryimage\"},\"thumbnailUrl\":\"https:\\\/\\\/fojustice.fr\\\/web\\\/wp-content\\\/uploads\\\/2024\\\/11\\\/WhatsApp-Image-2024-11-08-at-19.09.26.jpeg\",\"datePublished\":\"2026-08-28T09:26:53+00:00\",\"description\":\"Syndicat FO Justice - DOM-TOM - Prison de Basse-Terre : D\u00e9mant\u00e8lement Acte 2, jusqu'o\u00f9 faudra-t-il aller ?\",\"breadcrumb\":{\"@id\":\"https:\\\/\\\/fojustice.fr\\\/web\\\/prison-de-basse-terre-demantelement-acte-2-jusquou-faudra-t-il-aller\\\/#breadcrumb\"},\"inLanguage\":\"fr-FR\",\"potentialAction\":[{\"@type\":\"ReadAction\",\"target\":[\"https:\\\/\\\/fojustice.fr\\\/web\\\/prison-de-basse-terre-demantelement-acte-2-jusquou-faudra-t-il-aller\\\/\"]}]},{\"@type\":\"ImageObject\",\"inLanguage\":\"fr-FR\",\"@id\":\"https:\\\/\\\/fojustice.fr\\\/web\\\/prison-de-basse-terre-demantelement-acte-2-jusquou-faudra-t-il-aller\\\/#primaryimage\",\"url\":\"https:\\\/\\\/fojustice.fr\\\/web\\\/wp-content\\\/uploads\\\/2024\\\/11\\\/WhatsApp-Image-2024-11-08-at-19.09.26.jpeg\",\"contentUrl\":\"https:\\\/\\\/fojustice.fr\\\/web\\\/wp-content\\\/uploads\\\/2024\\\/11\\\/WhatsApp-Image-2024-11-08-at-19.09.26.jpeg\",\"width\":1600,\"height\":1200},{\"@type\":\"BreadcrumbList\",\"@id\":\"https:\\\/\\\/fojustice.fr\\\/web\\\/prison-de-basse-terre-demantelement-acte-2-jusquou-faudra-t-il-aller\\\/#breadcrumb\",\"itemListElement\":[{\"@type\":\"ListItem\",\"position\":1,\"name\":\"Accueil\",\"item\":\"https:\\\/\\\/fojustice.fr\\\/web\\\/\"},{\"@type\":\"ListItem\",\"position\":2,\"name\":\"Prison de Basse-Terre : D\u00e9mant\u00e8lement Acte 2, jusqu&#8217;o\u00f9 faudra-t-il aller ?\"}]},{\"@type\":\"WebSite\",\"@id\":\"https:\\\/\\\/fojustice.fr\\\/web\\\/#website\",\"url\":\"https:\\\/\\\/fojustice.fr\\\/web\\\/\",\"name\":\"Syndicat FO Justice\",\"description\":\"Site du Syndicat National FO Justice\",\"publisher\":{\"@id\":\"https:\\\/\\\/fojustice.fr\\\/web\\\/#organization\"},\"alternateName\":\"Syndicat National FO Justice\",\"potentialAction\":[{\"@type\":\"SearchAction\",\"target\":{\"@type\":\"EntryPoint\",\"urlTemplate\":\"https:\\\/\\\/fojustice.fr\\\/web\\\/?s={search_term_string}\"},\"query-input\":{\"@type\":\"PropertyValueSpecification\",\"valueRequired\":true,\"valueName\":\"search_term_string\"}}],\"inLanguage\":\"fr-FR\"},{\"@type\":\"Organization\",\"@id\":\"https:\\\/\\\/fojustice.fr\\\/web\\\/#organization\",\"name\":\"Syndicat National FO Justice\",\"alternateName\":\"Syndicat National FO Justice\",\"url\":\"https:\\\/\\\/fojustice.fr\\\/web\\\/\",\"logo\":{\"@type\":\"ImageObject\",\"inLanguage\":\"fr-FR\",\"@id\":\"https:\\\/\\\/fojustice.fr\\\/web\\\/#\\\/schema\\\/logo\\\/image\\\/\",\"url\":\"https:\\\/\\\/fojustice.fr\\\/web\\\/wp-content\\\/uploads\\\/2022\\\/03\\\/logo-fo-justice.png\",\"contentUrl\":\"https:\\\/\\\/fojustice.fr\\\/web\\\/wp-content\\\/uploads\\\/2022\\\/03\\\/logo-fo-justice.png\",\"width\":800,\"height\":800,\"caption\":\"Syndicat National FO Justice\"},\"image\":{\"@id\":\"https:\\\/\\\/fojustice.fr\\\/web\\\/#\\\/schema\\\/logo\\\/image\\\/\"},\"sameAs\":[\"https:\\\/\\\/www.facebook.com\\\/SyndicatFoJustice\",\"https:\\\/\\\/x.com\\\/SyndFoJustice\"]},{\"@type\":\"Person\",\"@id\":\"https:\\\/\\\/fojustice.fr\\\/web\\\/#\\\/schema\\\/person\\\/a51cb9c3495ce0ca62b78fc96ac3bf9f\",\"name\":\"adminfojustice\",\"image\":{\"@type\":\"ImageObject\",\"inLanguage\":\"fr-FR\",\"@id\":\"https:\\\/\\\/secure.gravatar.com\\\/avatar\\\/368884c0ecc46e53d83c0c3c0af4c6c30a6bbc2aab7535848950f43a950bfd4e?s=96&d=mm&r=g\",\"url\":\"https:\\\/\\\/secure.gravatar.com\\\/avatar\\\/368884c0ecc46e53d83c0c3c0af4c6c30a6bbc2aab7535848950f43a950bfd4e?s=96&d=mm&r=g\",\"contentUrl\":\"https:\\\/\\\/secure.gravatar.com\\\/avatar\\\/368884c0ecc46e53d83c0c3c0af4c6c30a6bbc2aab7535848950f43a950bfd4e?s=96&d=mm&r=g\",\"caption\":\"adminfojustice\"},\"sameAs\":[\"https:\\\/\\\/www.fojustice.fr\\\/web\"],\"url\":\"https:\\\/\\\/fojustice.fr\\\/web\\\/author\\\/adminfojustice\\\/\"}]}<\/script>\n<!-- \/ Yoast SEO plugin. -->","yoast_head_json":{"title":"Prison de Basse-Terre : D\u00e9mant\u00e8lement Acte 2, jusqu'o\u00f9 faudra-t-il aller ? - Syndicat FO Justice","description":"Syndicat FO Justice - DOM-TOM - Prison de Basse-Terre : D\u00e9mant\u00e8lement Acte 2, jusqu'o\u00f9 faudra-t-il aller ?","robots":{"index":"index","follow":"follow","max-snippet":"max-snippet:-1","max-image-preview":"max-image-preview:large","max-video-preview":"max-video-preview:-1"},"canonical":"https:\/\/fojustice.fr\/web\/prison-de-basse-terre-demantelement-acte-2-jusquou-faudra-t-il-aller\/","og_locale":"fr_FR","og_type":"article","og_title":"Prison de Basse-Terre : D\u00e9mant\u00e8lement Acte 2, jusqu'o\u00f9 faudra-t-il aller ? - Syndicat FO Justice","og_description":"Syndicat FO Justice - DOM-TOM - Prison de Basse-Terre : D\u00e9mant\u00e8lement Acte 2, jusqu'o\u00f9 faudra-t-il aller ?","og_url":"https:\/\/fojustice.fr\/web\/prison-de-basse-terre-demantelement-acte-2-jusquou-faudra-t-il-aller\/","og_site_name":"Syndicat FO Justice","article_publisher":"https:\/\/www.facebook.com\/SyndicatFoJustice","article_published_time":"2026-08-28T09:26:53+00:00","og_image":[{"width":1600,"height":1200,"url":"https:\/\/fojustice.fr\/web\/wp-content\/uploads\/2024\/11\/WhatsApp-Image-2024-11-08-at-19.09.26.jpeg","type":"image\/jpeg"}],"author":"adminfojustice","twitter_card":"summary_large_image","twitter_creator":"@SyndFoJustice","twitter_site":"@SyndFoJustice","twitter_misc":{"\u00c9crit par":"adminfojustice","Dur\u00e9e de lecture estim\u00e9e":"4 minutes"},"schema":{"@context":"https:\/\/schema.org","@graph":[{"@type":"NewsArticle","@id":"https:\/\/fojustice.fr\/web\/prison-de-basse-terre-demantelement-acte-2-jusquou-faudra-t-il-aller\/#article","isPartOf":{"@id":"https:\/\/fojustice.fr\/web\/prison-de-basse-terre-demantelement-acte-2-jusquou-faudra-t-il-aller\/"},"author":{"name":"adminfojustice","@id":"https:\/\/fojustice.fr\/web\/#\/schema\/person\/a51cb9c3495ce0ca62b78fc96ac3bf9f"},"headline":"Prison de Basse-Terre : D\u00e9mant\u00e8lement Acte 2, jusqu&#8217;o\u00f9 faudra-t-il aller ?","datePublished":"2026-08-28T09:26:53+00:00","mainEntityOfPage":{"@id":"https:\/\/fojustice.fr\/web\/prison-de-basse-terre-demantelement-acte-2-jusquou-faudra-t-il-aller\/"},"wordCount":715,"commentCount":0,"publisher":{"@id":"https:\/\/fojustice.fr\/web\/#organization"},"image":{"@id":"https:\/\/fojustice.fr\/web\/prison-de-basse-terre-demantelement-acte-2-jusquou-faudra-t-il-aller\/#primaryimage"},"thumbnailUrl":"https:\/\/fojustice.fr\/web\/wp-content\/uploads\/2024\/11\/WhatsApp-Image-2024-11-08-at-19.09.26.jpeg","articleSection":["DOM-TOM"],"inLanguage":"fr-FR","potentialAction":[{"@type":"CommentAction","name":"Comment","target":["https:\/\/fojustice.fr\/web\/prison-de-basse-terre-demantelement-acte-2-jusquou-faudra-t-il-aller\/#respond"]}]},{"@type":"WebPage","@id":"https:\/\/fojustice.fr\/web\/prison-de-basse-terre-demantelement-acte-2-jusquou-faudra-t-il-aller\/","url":"https:\/\/fojustice.fr\/web\/prison-de-basse-terre-demantelement-acte-2-jusquou-faudra-t-il-aller\/","name":"Prison de Basse-Terre : D\u00e9mant\u00e8lement Acte 2, jusqu'o\u00f9 faudra-t-il aller ? - Syndicat FO Justice","isPartOf":{"@id":"https:\/\/fojustice.fr\/web\/#website"},"primaryImageOfPage":{"@id":"https:\/\/fojustice.fr\/web\/prison-de-basse-terre-demantelement-acte-2-jusquou-faudra-t-il-aller\/#primaryimage"},"image":{"@id":"https:\/\/fojustice.fr\/web\/prison-de-basse-terre-demantelement-acte-2-jusquou-faudra-t-il-aller\/#primaryimage"},"thumbnailUrl":"https:\/\/fojustice.fr\/web\/wp-content\/uploads\/2024\/11\/WhatsApp-Image-2024-11-08-at-19.09.26.jpeg","datePublished":"2026-08-28T09:26:53+00:00","description":"Syndicat FO Justice - DOM-TOM - Prison de Basse-Terre : D\u00e9mant\u00e8lement Acte 2, jusqu'o\u00f9 faudra-t-il aller ?","breadcrumb":{"@id":"https:\/\/fojustice.fr\/web\/prison-de-basse-terre-demantelement-acte-2-jusquou-faudra-t-il-aller\/#breadcrumb"},"inLanguage":"fr-FR","potentialAction":[{"@type":"ReadAction","target":["https:\/\/fojustice.fr\/web\/prison-de-basse-terre-demantelement-acte-2-jusquou-faudra-t-il-aller\/"]}]},{"@type":"ImageObject","inLanguage":"fr-FR","@id":"https:\/\/fojustice.fr\/web\/prison-de-basse-terre-demantelement-acte-2-jusquou-faudra-t-il-aller\/#primaryimage","url":"https:\/\/fojustice.fr\/web\/wp-content\/uploads\/2024\/11\/WhatsApp-Image-2024-11-08-at-19.09.26.jpeg","contentUrl":"https:\/\/fojustice.fr\/web\/wp-content\/uploads\/2024\/11\/WhatsApp-Image-2024-11-08-at-19.09.26.jpeg","width":1600,"height":1200},{"@type":"BreadcrumbList","@id":"https:\/\/fojustice.fr\/web\/prison-de-basse-terre-demantelement-acte-2-jusquou-faudra-t-il-aller\/#breadcrumb","itemListElement":[{"@type":"ListItem","position":1,"name":"Accueil","item":"https:\/\/fojustice.fr\/web\/"},{"@type":"ListItem","position":2,"name":"Prison de Basse-Terre : D\u00e9mant\u00e8lement Acte 2, jusqu&#8217;o\u00f9 faudra-t-il aller ?"}]},{"@type":"WebSite","@id":"https:\/\/fojustice.fr\/web\/#website","url":"https:\/\/fojustice.fr\/web\/","name":"Syndicat FO Justice","description":"Site du Syndicat National FO Justice","publisher":{"@id":"https:\/\/fojustice.fr\/web\/#organization"},"alternateName":"Syndicat National FO Justice","potentialAction":[{"@type":"SearchAction","target":{"@type":"EntryPoint","urlTemplate":"https:\/\/fojustice.fr\/web\/?s={search_term_string}"},"query-input":{"@type":"PropertyValueSpecification","valueRequired":true,"valueName":"search_term_string"}}],"inLanguage":"fr-FR"},{"@type":"Organization","@id":"https:\/\/fojustice.fr\/web\/#organization","name":"Syndicat National FO Justice","alternateName":"Syndicat National FO Justice","url":"https:\/\/fojustice.fr\/web\/","logo":{"@type":"ImageObject","inLanguage":"fr-FR","@id":"https:\/\/fojustice.fr\/web\/#\/schema\/logo\/image\/","url":"https:\/\/fojustice.fr\/web\/wp-content\/uploads\/2022\/03\/logo-fo-justice.png","contentUrl":"https:\/\/fojustice.fr\/web\/wp-content\/uploads\/2022\/03\/logo-fo-justice.png","width":800,"height":800,"caption":"Syndicat National FO Justice"},"image":{"@id":"https:\/\/fojustice.fr\/web\/#\/schema\/logo\/image\/"},"sameAs":["https:\/\/www.facebook.com\/SyndicatFoJustice","https:\/\/x.com\/SyndFoJustice"]},{"@type":"Person","@id":"https:\/\/fojustice.fr\/web\/#\/schema\/person\/a51cb9c3495ce0ca62b78fc96ac3bf9f","name":"adminfojustice","image":{"@type":"ImageObject","inLanguage":"fr-FR","@id":"https:\/\/secure.gravatar.com\/avatar\/368884c0ecc46e53d83c0c3c0af4c6c30a6bbc2aab7535848950f43a950bfd4e?s=96&d=mm&r=g","url":"https:\/\/secure.gravatar.com\/avatar\/368884c0ecc46e53d83c0c3c0af4c6c30a6bbc2aab7535848950f43a950bfd4e?s=96&d=mm&r=g","contentUrl":"https:\/\/secure.gravatar.com\/avatar\/368884c0ecc46e53d83c0c3c0af4c6c30a6bbc2aab7535848950f43a950bfd4e?s=96&d=mm&r=g","caption":"adminfojustice"},"sameAs":["https:\/\/www.fojustice.fr\/web"],"url":"https:\/\/fojustice.fr\/web\/author\/adminfojustice\/"}]}},"jetpack_shortlink":"https:\/\/wp.me\/pdNWl1-dm2","jetpack_sharing_enabled":true,"jetpack_featured_media_url":"https:\/\/fojustice.fr\/web\/wp-content\/uploads\/2024\/11\/WhatsApp-Image-2024-11-08-at-19.09.26.jpeg","_links":{"self":[{"href":"https:\/\/fojustice.fr\/web\/wp-json\/wp\/v2\/posts\/51338","targetHints":{"allow":["GET"]}}],"collection":[{"href":"https:\/\/fojustice.fr\/web\/wp-json\/wp\/v2\/posts"}],"about":[{"href":"https:\/\/fojustice.fr\/web\/wp-json\/wp\/v2\/types\/post"}],"author":[{"embeddable":true,"href":"https:\/\/fojustice.fr\/web\/wp-json\/wp\/v2\/users\/1"}],"replies":[{"embeddable":true,"href":"https:\/\/fojustice.fr\/web\/wp-json\/wp\/v2\/comments?post=51338"}],"version-history":[{"count":1,"href":"https:\/\/fojustice.fr\/web\/wp-json\/wp\/v2\/posts\/51338\/revisions"}],"predecessor-version":[{"id":51340,"href":"https:\/\/fojustice.fr\/web\/wp-json\/wp\/v2\/posts\/51338\/revisions\/51340"}],"wp:featuredmedia":[{"embeddable":true,"href":"https:\/\/fojustice.fr\/web\/wp-json\/wp\/v2\/media\/28366"}],"wp:attachment":[{"href":"https:\/\/fojustice.fr\/web\/wp-json\/wp\/v2\/media?parent=51338"}],"wp:term":[{"taxonomy":"category","embeddable":true,"href":"https:\/\/fojustice.fr\/web\/wp-json\/wp\/v2\/categories?post=51338"},{"taxonomy":"post_tag","embeddable":true,"href":"https:\/\/fojustice.fr\/web\/wp-json\/wp\/v2\/tags?post=51338"}],"curies":[{"name":"wp","href":"https:\/\/api.w.org\/{rel}","templated":true}]}}