{"id":51335,"date":"2026-08-28T10:53:50","date_gmt":"2026-08-28T08:53:50","guid":{"rendered":"https:\/\/fojustice.fr\/web\/?p=51335"},"modified":"2026-08-28T10:53:50","modified_gmt":"2026-08-28T08:53:50","slug":"prison-de-rouen-service-des-sports-lorsque-les-projections-sement-le-trouble","status":"publish","type":"post","link":"https:\/\/fojustice.fr\/web\/prison-de-rouen-service-des-sports-lorsque-les-projections-sement-le-trouble\/","title":{"rendered":"Prison de Rouen : Service des sports, lorsque les projections s\u00e8ment le trouble !"},"content":{"rendered":"<p class=\"p1\">Jeudi 27 ao\u00fbt, aux alentours de 16h00, trois colis sont projet\u00e9s et atterrissent sur le terrain de sport alors que plusieurs personnes d\u00e9tenues s\u2019y trouvent.<\/p>\n<p class=\"p1\">Les agents pr\u00e9sents appliquent imm\u00e9diatement le protocole pr\u00e9vu en cas de projections, lequel pr\u00e9voit notamment la r\u00e9int\u00e9gration en cellule des personnes d\u00e9tenues concern\u00e9es sans passage pr\u00e9alable par les douches.<\/p>\n<p class=\"p1\">M\u00e9content de l\u2019application de ce protocole, le d\u00e9tenu D. refuse de r\u00e9int\u00e9grer et incite les autres personnes d\u00e9tenues \u00e0 faire de m\u00eame, compliquant ainsi la r\u00e9int\u00e9gration.<\/p>\n<p class=\"p1\">Face \u00e0 cette situation, des renforts de personnels ainsi que certains officiers sont venus pr\u00eater main- forte afin de s\u00e9curiser le secteur, proc\u00e9der \u00e0 la fouille des personnes d\u00e9tenues et permettre leur r\u00e9int\u00e9gration en cellule.<\/p>\n<p class=\"p1\">Pendant que certains \u00e9taient au contact et participaient activement \u00e0 la gestion de cet incident, d\u2019autres ont pr\u00e9f\u00e9r\u00e9 regarder la situation de loin\u2026<\/p>\n<p class=\"p1\">Une attitude d\u2019autant plus difficile \u00e0 comprendre lorsque l\u2019on sait que parmi eux se trouvait l\u2019officier en charge de l\u2019infra s\u00e9curit\u00e9 de l\u2019\u00e9tablissement.<\/p>\n<p class=\"p1\">Une nouvelle fois, les projections venues de l\u2019ext\u00e9rieur perturbent directement le fonctionnement de l\u2019\u00e9tablissement et compliquent les conditions d\u2019intervention des personnels.<\/p>\n<p class=\"p2\" style=\"text-align: center;\"><span style=\"color: #ff0000;\"><strong>FO JUSTICE DEMANDE UN CHANGEMENT DU CIRCUIT DE CIRCULATION !<\/strong><\/span><\/p>\n<p class=\"p1\"><strong><span class=\"s1\" style=\"color: #ff0000;\">Le Bureau Local FO Justice <\/span><\/strong>demande que les personnes d\u00e9tenues de la division 1, lors de leurs d\u00e9placements vers ou depuis le terrain de sport, transitent par le rez-de-chauss\u00e9e de la division 2 plut\u00f4t que par le chemin d\u2019intervention.<\/p>\n<p class=\"p1\">En effet, des colis projet\u00e9s se retrouvent r\u00e9guli\u00e8rement bloqu\u00e9s dans les filets situ\u00e9s au niveau de ce chemin d\u2019intervention.<\/p>\n<p class=\"p1\">Il n\u2019est pas coh\u00e9rent de continuer \u00e0 faire circuler les personnes d\u00e9tenues dans une zone o\u00f9 des projections et colis peuvent r\u00e9guli\u00e8rement \u00eatre pr\u00e9sents.<\/p>\n<p class=\"p1\">Cette modification du circuit permettrait de limiter les risques de r\u00e9cup\u00e9ration de colis et de s\u00e9curiser davantage les mouvements ainsi que le travail des personnels.<\/p>\n<p class=\"p1\"><strong><span class=\"s1\" style=\"color: #ff0000;\">Le Bureau Local FO Justice<\/span><\/strong> tient \u00e0 saluer le professionnalisme et la ma\u00eetrise des agents pr\u00e9sents, des renforts ainsi que des officiers qui se sont r\u00e9ellement mobilis\u00e9s \u00e0 leurs c\u00f4t\u00e9s, permettant de g\u00e9rer cette situation et de r\u00e9tablir l\u2019ordre.<\/p>\n<p><a href=\"https:\/\/fojustice.fr\/web\/wp-content\/uploads\/2026\/08\/servicedessports27082026.pdf\">Lire le communiqu\u00e9<\/a><\/p>\n","protected":false},"excerpt":{"rendered":"<p>Jeudi 27 ao\u00fbt, aux alentours de 16h00, trois colis sont projet\u00e9s et atterrissent sur le terrain de sport alors que plusieurs personnes d\u00e9tenues s\u2019y trouvent. Les agents pr\u00e9sents appliquent imm\u00e9diatement le protocole pr\u00e9vu en cas de projections, lequel pr\u00e9voit notamment la r\u00e9int\u00e9gration en cellule des personnes d\u00e9tenues concern\u00e9es sans passage pr\u00e9alable par les douches. M\u00e9content [&hellip;]<\/p>\n","protected":false},"author":1,"featured_media":28448,"comment_status":"open","ping_status":"open","sticky":false,"template":"","format":"standard","meta":{"_angie_page":false,"_jetpack_newsletter_access":"","_jetpack_dont_email_post_to_subs":true,"_jetpack_newsletter_tier_id":0,"_jetpack_memberships_contains_paywalled_content":false,"page_builder":"","_jetpack_feature_clip_id":0,"_jetpack_memberships_contains_paid_content":false,"footnotes":"","jetpack_post_was_ever_published":false,"_members_access_role":[],"_members_access_error":""},"categories":[35],"tags":[],"class_list":["post-51335","post","type-post","status-publish","format-standard","has-post-thumbnail","hentry","category-disp-rennes"],"yoast_head":"<!-- This site is optimized with the Yoast SEO plugin v28.3 - https:\/\/yoast.com\/product\/yoast-seo-wordpress\/ -->\n<title>Prison de Rouen : Service des sports, lorsque les projections s\u00e8ment le trouble ! - Syndicat FO Justice<\/title>\n<meta name=\"description\" content=\"Syndicat FO Justice - DISP Rennes - Prison de Rouen : Service des sports, lorsque les projections s\u00e8ment le trouble !\" \/>\n<meta name=\"robots\" content=\"index, follow, max-snippet:-1, max-image-preview:large, max-video-preview:-1\" \/>\n<link rel=\"canonical\" href=\"https:\/\/fojustice.fr\/web\/prison-de-rouen-service-des-sports-lorsque-les-projections-sement-le-trouble\/\" \/>\n<meta property=\"og:locale\" content=\"fr_FR\" \/>\n<meta property=\"og:type\" content=\"article\" \/>\n<meta property=\"og:title\" content=\"Prison de Rouen : Service des sports, lorsque les projections s\u00e8ment le trouble ! - Syndicat FO Justice\" \/>\n<meta property=\"og:description\" content=\"Syndicat FO Justice - DISP Rennes - Prison de Rouen : Service des sports, lorsque les projections s\u00e8ment le trouble !\" \/>\n<meta property=\"og:url\" content=\"https:\/\/fojustice.fr\/web\/prison-de-rouen-service-des-sports-lorsque-les-projections-sement-le-trouble\/\" \/>\n<meta property=\"og:site_name\" content=\"Syndicat FO Justice\" \/>\n<meta property=\"article:publisher\" content=\"https:\/\/www.facebook.com\/SyndicatFoJustice\" \/>\n<meta property=\"article:published_time\" content=\"2026-08-28T08:53:50+00:00\" \/>\n<meta property=\"og:image\" content=\"https:\/\/fojustice.fr\/web\/wp-content\/uploads\/2024\/11\/WhatsApp-Image-2024-11-12-at-16.03.37.jpeg\" \/>\n\t<meta property=\"og:image:width\" content=\"1600\" \/>\n\t<meta property=\"og:image:height\" content=\"1200\" \/>\n\t<meta property=\"og:image:type\" content=\"image\/jpeg\" \/>\n<meta name=\"author\" content=\"adminfojustice\" \/>\n<meta name=\"twitter:card\" content=\"summary_large_image\" \/>\n<meta name=\"twitter:creator\" content=\"@SyndFoJustice\" \/>\n<meta name=\"twitter:site\" content=\"@SyndFoJustice\" \/>\n<meta name=\"twitter:label1\" content=\"\u00c9crit par\" \/>\n\t<meta name=\"twitter:data1\" content=\"adminfojustice\" \/>\n\t<meta name=\"twitter:label2\" content=\"Dur\u00e9e de lecture estim\u00e9e\" \/>\n\t<meta name=\"twitter:data2\" content=\"2 minutes\" \/>\n<script type=\"application\/ld+json\" class=\"yoast-schema-graph\">{\"@context\":\"https:\\\/\\\/schema.org\",\"@graph\":[{\"@type\":\"NewsArticle\",\"@id\":\"https:\\\/\\\/fojustice.fr\\\/web\\\/prison-de-rouen-service-des-sports-lorsque-les-projections-sement-le-trouble\\\/#article\",\"isPartOf\":{\"@id\":\"https:\\\/\\\/fojustice.fr\\\/web\\\/prison-de-rouen-service-des-sports-lorsque-les-projections-sement-le-trouble\\\/\"},\"author\":{\"name\":\"adminfojustice\",\"@id\":\"https:\\\/\\\/fojustice.fr\\\/web\\\/#\\\/schema\\\/person\\\/a51cb9c3495ce0ca62b78fc96ac3bf9f\"},\"headline\":\"Prison de Rouen : Service des sports, lorsque les projections s\u00e8ment le trouble !\",\"datePublished\":\"2026-08-28T08:53:50+00:00\",\"mainEntityOfPage\":{\"@id\":\"https:\\\/\\\/fojustice.fr\\\/web\\\/prison-de-rouen-service-des-sports-lorsque-les-projections-sement-le-trouble\\\/\"},\"wordCount\":412,\"commentCount\":0,\"publisher\":{\"@id\":\"https:\\\/\\\/fojustice.fr\\\/web\\\/#organization\"},\"image\":{\"@id\":\"https:\\\/\\\/fojustice.fr\\\/web\\\/prison-de-rouen-service-des-sports-lorsque-les-projections-sement-le-trouble\\\/#primaryimage\"},\"thumbnailUrl\":\"https:\\\/\\\/fojustice.fr\\\/web\\\/wp-content\\\/uploads\\\/2024\\\/11\\\/WhatsApp-Image-2024-11-12-at-16.03.37.jpeg\",\"articleSection\":[\"DISP Rennes\"],\"inLanguage\":\"fr-FR\",\"potentialAction\":[{\"@type\":\"CommentAction\",\"name\":\"Comment\",\"target\":[\"https:\\\/\\\/fojustice.fr\\\/web\\\/prison-de-rouen-service-des-sports-lorsque-les-projections-sement-le-trouble\\\/#respond\"]}]},{\"@type\":\"WebPage\",\"@id\":\"https:\\\/\\\/fojustice.fr\\\/web\\\/prison-de-rouen-service-des-sports-lorsque-les-projections-sement-le-trouble\\\/\",\"url\":\"https:\\\/\\\/fojustice.fr\\\/web\\\/prison-de-rouen-service-des-sports-lorsque-les-projections-sement-le-trouble\\\/\",\"name\":\"Prison de Rouen : Service des sports, lorsque les projections s\u00e8ment le trouble ! - Syndicat FO Justice\",\"isPartOf\":{\"@id\":\"https:\\\/\\\/fojustice.fr\\\/web\\\/#website\"},\"primaryImageOfPage\":{\"@id\":\"https:\\\/\\\/fojustice.fr\\\/web\\\/prison-de-rouen-service-des-sports-lorsque-les-projections-sement-le-trouble\\\/#primaryimage\"},\"image\":{\"@id\":\"https:\\\/\\\/fojustice.fr\\\/web\\\/prison-de-rouen-service-des-sports-lorsque-les-projections-sement-le-trouble\\\/#primaryimage\"},\"thumbnailUrl\":\"https:\\\/\\\/fojustice.fr\\\/web\\\/wp-content\\\/uploads\\\/2024\\\/11\\\/WhatsApp-Image-2024-11-12-at-16.03.37.jpeg\",\"datePublished\":\"2026-08-28T08:53:50+00:00\",\"description\":\"Syndicat FO Justice - DISP Rennes - Prison de Rouen : Service des sports, lorsque les projections s\u00e8ment le trouble !\",\"breadcrumb\":{\"@id\":\"https:\\\/\\\/fojustice.fr\\\/web\\\/prison-de-rouen-service-des-sports-lorsque-les-projections-sement-le-trouble\\\/#breadcrumb\"},\"inLanguage\":\"fr-FR\",\"potentialAction\":[{\"@type\":\"ReadAction\",\"target\":[\"https:\\\/\\\/fojustice.fr\\\/web\\\/prison-de-rouen-service-des-sports-lorsque-les-projections-sement-le-trouble\\\/\"]}]},{\"@type\":\"ImageObject\",\"inLanguage\":\"fr-FR\",\"@id\":\"https:\\\/\\\/fojustice.fr\\\/web\\\/prison-de-rouen-service-des-sports-lorsque-les-projections-sement-le-trouble\\\/#primaryimage\",\"url\":\"https:\\\/\\\/fojustice.fr\\\/web\\\/wp-content\\\/uploads\\\/2024\\\/11\\\/WhatsApp-Image-2024-11-12-at-16.03.37.jpeg\",\"contentUrl\":\"https:\\\/\\\/fojustice.fr\\\/web\\\/wp-content\\\/uploads\\\/2024\\\/11\\\/WhatsApp-Image-2024-11-12-at-16.03.37.jpeg\",\"width\":1600,\"height\":1200},{\"@type\":\"BreadcrumbList\",\"@id\":\"https:\\\/\\\/fojustice.fr\\\/web\\\/prison-de-rouen-service-des-sports-lorsque-les-projections-sement-le-trouble\\\/#breadcrumb\",\"itemListElement\":[{\"@type\":\"ListItem\",\"position\":1,\"name\":\"Accueil\",\"item\":\"https:\\\/\\\/fojustice.fr\\\/web\\\/\"},{\"@type\":\"ListItem\",\"position\":2,\"name\":\"Prison de Rouen : Service des sports, lorsque les projections s\u00e8ment le trouble !\"}]},{\"@type\":\"WebSite\",\"@id\":\"https:\\\/\\\/fojustice.fr\\\/web\\\/#website\",\"url\":\"https:\\\/\\\/fojustice.fr\\\/web\\\/\",\"name\":\"Syndicat FO Justice\",\"description\":\"Site du Syndicat National FO Justice\",\"publisher\":{\"@id\":\"https:\\\/\\\/fojustice.fr\\\/web\\\/#organization\"},\"alternateName\":\"Syndicat National FO Justice\",\"potentialAction\":[{\"@type\":\"SearchAction\",\"target\":{\"@type\":\"EntryPoint\",\"urlTemplate\":\"https:\\\/\\\/fojustice.fr\\\/web\\\/?s={search_term_string}\"},\"query-input\":{\"@type\":\"PropertyValueSpecification\",\"valueRequired\":true,\"valueName\":\"search_term_string\"}}],\"inLanguage\":\"fr-FR\"},{\"@type\":\"Organization\",\"@id\":\"https:\\\/\\\/fojustice.fr\\\/web\\\/#organization\",\"name\":\"Syndicat National FO Justice\",\"alternateName\":\"Syndicat National FO Justice\",\"url\":\"https:\\\/\\\/fojustice.fr\\\/web\\\/\",\"logo\":{\"@type\":\"ImageObject\",\"inLanguage\":\"fr-FR\",\"@id\":\"https:\\\/\\\/fojustice.fr\\\/web\\\/#\\\/schema\\\/logo\\\/image\\\/\",\"url\":\"https:\\\/\\\/fojustice.fr\\\/web\\\/wp-content\\\/uploads\\\/2022\\\/03\\\/logo-fo-justice.png\",\"contentUrl\":\"https:\\\/\\\/fojustice.fr\\\/web\\\/wp-content\\\/uploads\\\/2022\\\/03\\\/logo-fo-justice.png\",\"width\":800,\"height\":800,\"caption\":\"Syndicat National FO Justice\"},\"image\":{\"@id\":\"https:\\\/\\\/fojustice.fr\\\/web\\\/#\\\/schema\\\/logo\\\/image\\\/\"},\"sameAs\":[\"https:\\\/\\\/www.facebook.com\\\/SyndicatFoJustice\",\"https:\\\/\\\/x.com\\\/SyndFoJustice\"]},{\"@type\":\"Person\",\"@id\":\"https:\\\/\\\/fojustice.fr\\\/web\\\/#\\\/schema\\\/person\\\/a51cb9c3495ce0ca62b78fc96ac3bf9f\",\"name\":\"adminfojustice\",\"image\":{\"@type\":\"ImageObject\",\"inLanguage\":\"fr-FR\",\"@id\":\"https:\\\/\\\/secure.gravatar.com\\\/avatar\\\/368884c0ecc46e53d83c0c3c0af4c6c30a6bbc2aab7535848950f43a950bfd4e?s=96&d=mm&r=g\",\"url\":\"https:\\\/\\\/secure.gravatar.com\\\/avatar\\\/368884c0ecc46e53d83c0c3c0af4c6c30a6bbc2aab7535848950f43a950bfd4e?s=96&d=mm&r=g\",\"contentUrl\":\"https:\\\/\\\/secure.gravatar.com\\\/avatar\\\/368884c0ecc46e53d83c0c3c0af4c6c30a6bbc2aab7535848950f43a950bfd4e?s=96&d=mm&r=g\",\"caption\":\"adminfojustice\"},\"sameAs\":[\"https:\\\/\\\/www.fojustice.fr\\\/web\"],\"url\":\"https:\\\/\\\/fojustice.fr\\\/web\\\/author\\\/adminfojustice\\\/\"}]}<\/script>\n<!-- \/ Yoast SEO plugin. -->","yoast_head_json":{"title":"Prison de Rouen : Service des sports, lorsque les projections s\u00e8ment le trouble ! - Syndicat FO Justice","description":"Syndicat FO Justice - DISP Rennes - Prison de Rouen : Service des sports, lorsque les projections s\u00e8ment le trouble !","robots":{"index":"index","follow":"follow","max-snippet":"max-snippet:-1","max-image-preview":"max-image-preview:large","max-video-preview":"max-video-preview:-1"},"canonical":"https:\/\/fojustice.fr\/web\/prison-de-rouen-service-des-sports-lorsque-les-projections-sement-le-trouble\/","og_locale":"fr_FR","og_type":"article","og_title":"Prison de Rouen : Service des sports, lorsque les projections s\u00e8ment le trouble ! - Syndicat FO Justice","og_description":"Syndicat FO Justice - DISP Rennes - Prison de Rouen : Service des sports, lorsque les projections s\u00e8ment le trouble !","og_url":"https:\/\/fojustice.fr\/web\/prison-de-rouen-service-des-sports-lorsque-les-projections-sement-le-trouble\/","og_site_name":"Syndicat FO Justice","article_publisher":"https:\/\/www.facebook.com\/SyndicatFoJustice","article_published_time":"2026-08-28T08:53:50+00:00","og_image":[{"width":1600,"height":1200,"url":"https:\/\/fojustice.fr\/web\/wp-content\/uploads\/2024\/11\/WhatsApp-Image-2024-11-12-at-16.03.37.jpeg","type":"image\/jpeg"}],"author":"adminfojustice","twitter_card":"summary_large_image","twitter_creator":"@SyndFoJustice","twitter_site":"@SyndFoJustice","twitter_misc":{"\u00c9crit par":"adminfojustice","Dur\u00e9e de lecture estim\u00e9e":"2 minutes"},"schema":{"@context":"https:\/\/schema.org","@graph":[{"@type":"NewsArticle","@id":"https:\/\/fojustice.fr\/web\/prison-de-rouen-service-des-sports-lorsque-les-projections-sement-le-trouble\/#article","isPartOf":{"@id":"https:\/\/fojustice.fr\/web\/prison-de-rouen-service-des-sports-lorsque-les-projections-sement-le-trouble\/"},"author":{"name":"adminfojustice","@id":"https:\/\/fojustice.fr\/web\/#\/schema\/person\/a51cb9c3495ce0ca62b78fc96ac3bf9f"},"headline":"Prison de Rouen : Service des sports, lorsque les projections s\u00e8ment le trouble !","datePublished":"2026-08-28T08:53:50+00:00","mainEntityOfPage":{"@id":"https:\/\/fojustice.fr\/web\/prison-de-rouen-service-des-sports-lorsque-les-projections-sement-le-trouble\/"},"wordCount":412,"commentCount":0,"publisher":{"@id":"https:\/\/fojustice.fr\/web\/#organization"},"image":{"@id":"https:\/\/fojustice.fr\/web\/prison-de-rouen-service-des-sports-lorsque-les-projections-sement-le-trouble\/#primaryimage"},"thumbnailUrl":"https:\/\/fojustice.fr\/web\/wp-content\/uploads\/2024\/11\/WhatsApp-Image-2024-11-12-at-16.03.37.jpeg","articleSection":["DISP Rennes"],"inLanguage":"fr-FR","potentialAction":[{"@type":"CommentAction","name":"Comment","target":["https:\/\/fojustice.fr\/web\/prison-de-rouen-service-des-sports-lorsque-les-projections-sement-le-trouble\/#respond"]}]},{"@type":"WebPage","@id":"https:\/\/fojustice.fr\/web\/prison-de-rouen-service-des-sports-lorsque-les-projections-sement-le-trouble\/","url":"https:\/\/fojustice.fr\/web\/prison-de-rouen-service-des-sports-lorsque-les-projections-sement-le-trouble\/","name":"Prison de Rouen : Service des sports, lorsque les projections s\u00e8ment le trouble ! - Syndicat FO Justice","isPartOf":{"@id":"https:\/\/fojustice.fr\/web\/#website"},"primaryImageOfPage":{"@id":"https:\/\/fojustice.fr\/web\/prison-de-rouen-service-des-sports-lorsque-les-projections-sement-le-trouble\/#primaryimage"},"image":{"@id":"https:\/\/fojustice.fr\/web\/prison-de-rouen-service-des-sports-lorsque-les-projections-sement-le-trouble\/#primaryimage"},"thumbnailUrl":"https:\/\/fojustice.fr\/web\/wp-content\/uploads\/2024\/11\/WhatsApp-Image-2024-11-12-at-16.03.37.jpeg","datePublished":"2026-08-28T08:53:50+00:00","description":"Syndicat FO Justice - DISP Rennes - Prison de Rouen : Service des sports, lorsque les projections s\u00e8ment le trouble !","breadcrumb":{"@id":"https:\/\/fojustice.fr\/web\/prison-de-rouen-service-des-sports-lorsque-les-projections-sement-le-trouble\/#breadcrumb"},"inLanguage":"fr-FR","potentialAction":[{"@type":"ReadAction","target":["https:\/\/fojustice.fr\/web\/prison-de-rouen-service-des-sports-lorsque-les-projections-sement-le-trouble\/"]}]},{"@type":"ImageObject","inLanguage":"fr-FR","@id":"https:\/\/fojustice.fr\/web\/prison-de-rouen-service-des-sports-lorsque-les-projections-sement-le-trouble\/#primaryimage","url":"https:\/\/fojustice.fr\/web\/wp-content\/uploads\/2024\/11\/WhatsApp-Image-2024-11-12-at-16.03.37.jpeg","contentUrl":"https:\/\/fojustice.fr\/web\/wp-content\/uploads\/2024\/11\/WhatsApp-Image-2024-11-12-at-16.03.37.jpeg","width":1600,"height":1200},{"@type":"BreadcrumbList","@id":"https:\/\/fojustice.fr\/web\/prison-de-rouen-service-des-sports-lorsque-les-projections-sement-le-trouble\/#breadcrumb","itemListElement":[{"@type":"ListItem","position":1,"name":"Accueil","item":"https:\/\/fojustice.fr\/web\/"},{"@type":"ListItem","position":2,"name":"Prison de Rouen : Service des sports, lorsque les projections s\u00e8ment le trouble !"}]},{"@type":"WebSite","@id":"https:\/\/fojustice.fr\/web\/#website","url":"https:\/\/fojustice.fr\/web\/","name":"Syndicat FO Justice","description":"Site du Syndicat National FO Justice","publisher":{"@id":"https:\/\/fojustice.fr\/web\/#organization"},"alternateName":"Syndicat National FO Justice","potentialAction":[{"@type":"SearchAction","target":{"@type":"EntryPoint","urlTemplate":"https:\/\/fojustice.fr\/web\/?s={search_term_string}"},"query-input":{"@type":"PropertyValueSpecification","valueRequired":true,"valueName":"search_term_string"}}],"inLanguage":"fr-FR"},{"@type":"Organization","@id":"https:\/\/fojustice.fr\/web\/#organization","name":"Syndicat National FO Justice","alternateName":"Syndicat National FO Justice","url":"https:\/\/fojustice.fr\/web\/","logo":{"@type":"ImageObject","inLanguage":"fr-FR","@id":"https:\/\/fojustice.fr\/web\/#\/schema\/logo\/image\/","url":"https:\/\/fojustice.fr\/web\/wp-content\/uploads\/2022\/03\/logo-fo-justice.png","contentUrl":"https:\/\/fojustice.fr\/web\/wp-content\/uploads\/2022\/03\/logo-fo-justice.png","width":800,"height":800,"caption":"Syndicat National FO Justice"},"image":{"@id":"https:\/\/fojustice.fr\/web\/#\/schema\/logo\/image\/"},"sameAs":["https:\/\/www.facebook.com\/SyndicatFoJustice","https:\/\/x.com\/SyndFoJustice"]},{"@type":"Person","@id":"https:\/\/fojustice.fr\/web\/#\/schema\/person\/a51cb9c3495ce0ca62b78fc96ac3bf9f","name":"adminfojustice","image":{"@type":"ImageObject","inLanguage":"fr-FR","@id":"https:\/\/secure.gravatar.com\/avatar\/368884c0ecc46e53d83c0c3c0af4c6c30a6bbc2aab7535848950f43a950bfd4e?s=96&d=mm&r=g","url":"https:\/\/secure.gravatar.com\/avatar\/368884c0ecc46e53d83c0c3c0af4c6c30a6bbc2aab7535848950f43a950bfd4e?s=96&d=mm&r=g","contentUrl":"https:\/\/secure.gravatar.com\/avatar\/368884c0ecc46e53d83c0c3c0af4c6c30a6bbc2aab7535848950f43a950bfd4e?s=96&d=mm&r=g","caption":"adminfojustice"},"sameAs":["https:\/\/www.fojustice.fr\/web"],"url":"https:\/\/fojustice.fr\/web\/author\/adminfojustice\/"}]}},"jetpack_shortlink":"https:\/\/wp.me\/pdNWl1-dlZ","jetpack_sharing_enabled":true,"jetpack_featured_media_url":"https:\/\/fojustice.fr\/web\/wp-content\/uploads\/2024\/11\/WhatsApp-Image-2024-11-12-at-16.03.37.jpeg","_links":{"self":[{"href":"https:\/\/fojustice.fr\/web\/wp-json\/wp\/v2\/posts\/51335","targetHints":{"allow":["GET"]}}],"collection":[{"href":"https:\/\/fojustice.fr\/web\/wp-json\/wp\/v2\/posts"}],"about":[{"href":"https:\/\/fojustice.fr\/web\/wp-json\/wp\/v2\/types\/post"}],"author":[{"embeddable":true,"href":"https:\/\/fojustice.fr\/web\/wp-json\/wp\/v2\/users\/1"}],"replies":[{"embeddable":true,"href":"https:\/\/fojustice.fr\/web\/wp-json\/wp\/v2\/comments?post=51335"}],"version-history":[{"count":1,"href":"https:\/\/fojustice.fr\/web\/wp-json\/wp\/v2\/posts\/51335\/revisions"}],"predecessor-version":[{"id":51337,"href":"https:\/\/fojustice.fr\/web\/wp-json\/wp\/v2\/posts\/51335\/revisions\/51337"}],"wp:featuredmedia":[{"embeddable":true,"href":"https:\/\/fojustice.fr\/web\/wp-json\/wp\/v2\/media\/28448"}],"wp:attachment":[{"href":"https:\/\/fojustice.fr\/web\/wp-json\/wp\/v2\/media?parent=51335"}],"wp:term":[{"taxonomy":"category","embeddable":true,"href":"https:\/\/fojustice.fr\/web\/wp-json\/wp\/v2\/categories?post=51335"},{"taxonomy":"post_tag","embeddable":true,"href":"https:\/\/fojustice.fr\/web\/wp-json\/wp\/v2\/tags?post=51335"}],"curies":[{"name":"wp","href":"https:\/\/api.w.org\/{rel}","templated":true}]}}