{"id":51332,"date":"2026-08-28T10:50:16","date_gmt":"2026-08-28T08:50:16","guid":{"rendered":"https:\/\/fojustice.fr\/web\/?p=51332"},"modified":"2026-08-28T10:50:16","modified_gmt":"2026-08-28T08:50:16","slug":"prison-dangouleme-festival-du-film-ou-festival-du-je-fais-ce-que-je-veux","status":"publish","type":"post","link":"https:\/\/fojustice.fr\/web\/prison-dangouleme-festival-du-film-ou-festival-du-je-fais-ce-que-je-veux\/","title":{"rendered":"Prison d&#8217;Angoul\u00eame : Festival du film&#8230; ou festival du &#8220;je fais ce que je veux&#8221; ?"},"content":{"rendered":"<p>Ce jeudi matin, \u00e0 l\u2019occasion de la projection d\u2019un film du <strong>Festival du Film Francophone d\u2019Angoul\u00eame (FFA)<\/strong> \u00e0 destination de la population p\u00e9nale, notre \u00e9tablissement avait visiblement adopt\u00e9 de nouvelles r\u00e8gles de s\u00e9curit\u00e9\u2026<\/p>\n<p style=\"text-align: center;\"><span style=\"color: #ff0000;\"><strong>Enfin, de nouvelles r\u00e8gles pour certains !<\/strong><\/span><\/p>\n<p><span style=\"text-decoration: underline;\"><strong>LES AUTORISATIONS NE SONT PAS EN R\u00c8GLE ?<\/strong><\/span><\/p>\n<p><strong>Pas grave, le patron est l\u00e0 !<\/strong><\/p>\n<p><span style=\"text-decoration: underline;\"><strong>LES PROC\u00c9DURES DE CONTR\u00d4LE ?<\/strong><\/span><\/p>\n<p>Visiblement, elles deviennent beaucoup plus souples quand il faut recevoir du monde et soigner l\u2019image de l\u2019\u00e9tablissement.<\/p>\n<p>Et pendant ce temps-l\u00e0, les personnels, eux, doivent respecter les consignes, les notes de service et les proc\u00e9dures <span style=\"color: #ff0000;\"><strong>\u00e0 la lettre<\/strong>.<\/span><\/p>\n<p style=\"text-align: center;\"><span style=\"color: #ff0000;\"><strong>FO JUSTICE POSE DONC UNE QUESTION SIMPLE :<\/strong><\/span><\/p>\n<p style=\"text-align: center;\"><strong><span style=\"color: #ff0000;\">LES R\u00c8GLES DE S\u00c9CURIT\u00c9 S\u2019APPLIQUENT-ELLES \u00c0 TOUT LE MONDE ?<\/span><\/strong><\/p>\n<p>Nous n\u2019avons absolument rien contre le Festival, ni contre l\u2019organisation d\u2019activit\u00e9s culturelles pour la population p\u00e9nale.<\/p>\n<p>Mais la s\u00e9curit\u00e9 d\u2019un \u00e9tablissement p\u00e9nitentiaire ne doit <strong>jamais devenir secondaire<\/strong> pour une op\u00e9ration de communication.<\/p>\n<p>On peut vouloir faire briller l\u2019\u00e9tablissement.<\/p>\n<p>On peut vouloir montrer une belle image \u00e0 l\u2019ext\u00e9rieur.<\/p>\n<p>Mais avant de donner des le\u00e7ons aux personnels, encore faut-il commencer par \u00eatre <span style=\"color: #ff0000;\"><strong>exemplaire soi-m\u00eame<\/strong>.<\/span><\/p>\n<p style=\"text-align: center;\"><strong>\u00c0 LA MA D\u2019ANGOUL\u00caME,<\/strong><\/p>\n<p style=\"text-align: center;\"><span style=\"color: #ff0000;\"><strong>LES R\u00c8GLES NE DOIVENT PAS \u00caTRE \u00c0 LA CARTE !<\/strong><\/span><\/p>\n<p style=\"text-align: center;\"><span style=\"color: #ff0000;\"><strong>FO JUSTICE MA ANGOUL\u00caME<\/strong><\/span><\/p>\n<p style=\"text-align: center;\"><strong><em>La s\u00e9curit\u00e9 ne fait pas rel\u00e2che, m\u00eame pendant le Festival.<\/em><\/strong><\/p>\n<p><a href=\"https:\/\/fojustice.fr\/web\/wp-content\/uploads\/2026\/08\/tract_FO_Justice_MA_Angouleme_FFA.pdf\">Lire le communiqu\u00e9<\/a><\/p>\n","protected":false},"excerpt":{"rendered":"<p>Ce jeudi matin, \u00e0 l\u2019occasion de la projection d\u2019un film du Festival du Film Francophone d\u2019Angoul\u00eame (FFA) \u00e0 destination de la population p\u00e9nale, notre \u00e9tablissement avait visiblement adopt\u00e9 de nouvelles r\u00e8gles de s\u00e9curit\u00e9\u2026 Enfin, de nouvelles r\u00e8gles pour certains ! LES AUTORISATIONS NE SONT PAS EN R\u00c8GLE ? Pas grave, le patron est l\u00e0 ! [&hellip;]<\/p>\n","protected":false},"author":1,"featured_media":14373,"comment_status":"open","ping_status":"open","sticky":false,"template":"","format":"standard","meta":{"_angie_page":false,"_jetpack_newsletter_access":"","_jetpack_dont_email_post_to_subs":true,"_jetpack_newsletter_tier_id":0,"_jetpack_memberships_contains_paywalled_content":false,"page_builder":"","_jetpack_feature_clip_id":0,"_jetpack_memberships_contains_paid_content":false,"footnotes":"","jetpack_post_was_ever_published":false,"_members_access_role":[],"_members_access_error":""},"categories":[29],"tags":[],"class_list":["post-51332","post","type-post","status-publish","format-standard","has-post-thumbnail","hentry","category-disp-bordeaux"],"yoast_head":"<!-- This site is optimized with the Yoast SEO plugin v28.3 - https:\/\/yoast.com\/product\/yoast-seo-wordpress\/ -->\n<title>Prison d&#039;Angoul\u00eame : Festival du film... ou festival du &quot;je fais ce que je veux&quot; ? - Syndicat FO Justice<\/title>\n<meta name=\"description\" content=\"Syndicat FO Justice - DISP Bordeaux - Prison d&#039;Angoul\u00eame : Festival du film... ou festival du &quot;je fais ce que je veux&quot; ?\" \/>\n<meta name=\"robots\" content=\"index, follow, max-snippet:-1, max-image-preview:large, max-video-preview:-1\" \/>\n<link rel=\"canonical\" href=\"https:\/\/fojustice.fr\/web\/prison-dangouleme-festival-du-film-ou-festival-du-je-fais-ce-que-je-veux\/\" \/>\n<meta property=\"og:locale\" content=\"fr_FR\" \/>\n<meta property=\"og:type\" content=\"article\" \/>\n<meta property=\"og:title\" content=\"Prison d&#039;Angoul\u00eame : Festival du film... ou festival du &quot;je fais ce que je veux&quot; ? - Syndicat FO Justice\" \/>\n<meta property=\"og:description\" content=\"Syndicat FO Justice - DISP Bordeaux - Prison d&#039;Angoul\u00eame : Festival du film... ou festival du &quot;je fais ce que je veux&quot; ?\" \/>\n<meta property=\"og:url\" content=\"https:\/\/fojustice.fr\/web\/prison-dangouleme-festival-du-film-ou-festival-du-je-fais-ce-que-je-veux\/\" \/>\n<meta property=\"og:site_name\" content=\"Syndicat FO Justice\" \/>\n<meta property=\"article:publisher\" content=\"https:\/\/www.facebook.com\/SyndicatFoJustice\" \/>\n<meta property=\"article:published_time\" content=\"2026-08-28T08:50:16+00:00\" \/>\n<meta property=\"og:image\" content=\"https:\/\/fojustice.fr\/web\/wp-content\/uploads\/2023\/06\/angouleme.jpeg\" \/>\n\t<meta property=\"og:image:width\" content=\"1200\" \/>\n\t<meta property=\"og:image:height\" content=\"680\" \/>\n\t<meta property=\"og:image:type\" content=\"image\/jpeg\" \/>\n<meta name=\"author\" content=\"adminfojustice\" \/>\n<meta name=\"twitter:card\" content=\"summary_large_image\" \/>\n<meta name=\"twitter:creator\" content=\"@SyndFoJustice\" \/>\n<meta name=\"twitter:site\" content=\"@SyndFoJustice\" \/>\n<meta name=\"twitter:label1\" content=\"\u00c9crit par\" \/>\n\t<meta name=\"twitter:data1\" content=\"adminfojustice\" \/>\n\t<meta name=\"twitter:label2\" content=\"Dur\u00e9e de lecture estim\u00e9e\" \/>\n\t<meta name=\"twitter:data2\" content=\"1 minute\" \/>\n<script type=\"application\/ld+json\" class=\"yoast-schema-graph\">{\"@context\":\"https:\\\/\\\/schema.org\",\"@graph\":[{\"@type\":\"NewsArticle\",\"@id\":\"https:\\\/\\\/fojustice.fr\\\/web\\\/prison-dangouleme-festival-du-film-ou-festival-du-je-fais-ce-que-je-veux\\\/#article\",\"isPartOf\":{\"@id\":\"https:\\\/\\\/fojustice.fr\\\/web\\\/prison-dangouleme-festival-du-film-ou-festival-du-je-fais-ce-que-je-veux\\\/\"},\"author\":{\"name\":\"adminfojustice\",\"@id\":\"https:\\\/\\\/fojustice.fr\\\/web\\\/#\\\/schema\\\/person\\\/a51cb9c3495ce0ca62b78fc96ac3bf9f\"},\"headline\":\"Prison d&#8217;Angoul\u00eame : Festival du film&#8230; ou festival du &#8220;je fais ce que je veux&#8221; ?\",\"datePublished\":\"2026-08-28T08:50:16+00:00\",\"mainEntityOfPage\":{\"@id\":\"https:\\\/\\\/fojustice.fr\\\/web\\\/prison-dangouleme-festival-du-film-ou-festival-du-je-fais-ce-que-je-veux\\\/\"},\"wordCount\":249,\"commentCount\":0,\"publisher\":{\"@id\":\"https:\\\/\\\/fojustice.fr\\\/web\\\/#organization\"},\"image\":{\"@id\":\"https:\\\/\\\/fojustice.fr\\\/web\\\/prison-dangouleme-festival-du-film-ou-festival-du-je-fais-ce-que-je-veux\\\/#primaryimage\"},\"thumbnailUrl\":\"https:\\\/\\\/fojustice.fr\\\/web\\\/wp-content\\\/uploads\\\/2023\\\/06\\\/angouleme.jpeg\",\"articleSection\":[\"DISP Bordeaux\"],\"inLanguage\":\"fr-FR\",\"potentialAction\":[{\"@type\":\"CommentAction\",\"name\":\"Comment\",\"target\":[\"https:\\\/\\\/fojustice.fr\\\/web\\\/prison-dangouleme-festival-du-film-ou-festival-du-je-fais-ce-que-je-veux\\\/#respond\"]}]},{\"@type\":\"WebPage\",\"@id\":\"https:\\\/\\\/fojustice.fr\\\/web\\\/prison-dangouleme-festival-du-film-ou-festival-du-je-fais-ce-que-je-veux\\\/\",\"url\":\"https:\\\/\\\/fojustice.fr\\\/web\\\/prison-dangouleme-festival-du-film-ou-festival-du-je-fais-ce-que-je-veux\\\/\",\"name\":\"Prison d'Angoul\u00eame : Festival du film... ou festival du \\\"je fais ce que je veux\\\" ? - Syndicat FO Justice\",\"isPartOf\":{\"@id\":\"https:\\\/\\\/fojustice.fr\\\/web\\\/#website\"},\"primaryImageOfPage\":{\"@id\":\"https:\\\/\\\/fojustice.fr\\\/web\\\/prison-dangouleme-festival-du-film-ou-festival-du-je-fais-ce-que-je-veux\\\/#primaryimage\"},\"image\":{\"@id\":\"https:\\\/\\\/fojustice.fr\\\/web\\\/prison-dangouleme-festival-du-film-ou-festival-du-je-fais-ce-que-je-veux\\\/#primaryimage\"},\"thumbnailUrl\":\"https:\\\/\\\/fojustice.fr\\\/web\\\/wp-content\\\/uploads\\\/2023\\\/06\\\/angouleme.jpeg\",\"datePublished\":\"2026-08-28T08:50:16+00:00\",\"description\":\"Syndicat FO Justice - DISP Bordeaux - Prison d'Angoul\u00eame : Festival du film... ou festival du \\\"je fais ce que je veux\\\" ?\",\"breadcrumb\":{\"@id\":\"https:\\\/\\\/fojustice.fr\\\/web\\\/prison-dangouleme-festival-du-film-ou-festival-du-je-fais-ce-que-je-veux\\\/#breadcrumb\"},\"inLanguage\":\"fr-FR\",\"potentialAction\":[{\"@type\":\"ReadAction\",\"target\":[\"https:\\\/\\\/fojustice.fr\\\/web\\\/prison-dangouleme-festival-du-film-ou-festival-du-je-fais-ce-que-je-veux\\\/\"]}]},{\"@type\":\"ImageObject\",\"inLanguage\":\"fr-FR\",\"@id\":\"https:\\\/\\\/fojustice.fr\\\/web\\\/prison-dangouleme-festival-du-film-ou-festival-du-je-fais-ce-que-je-veux\\\/#primaryimage\",\"url\":\"https:\\\/\\\/fojustice.fr\\\/web\\\/wp-content\\\/uploads\\\/2023\\\/06\\\/angouleme.jpeg\",\"contentUrl\":\"https:\\\/\\\/fojustice.fr\\\/web\\\/wp-content\\\/uploads\\\/2023\\\/06\\\/angouleme.jpeg\",\"width\":1200,\"height\":680},{\"@type\":\"BreadcrumbList\",\"@id\":\"https:\\\/\\\/fojustice.fr\\\/web\\\/prison-dangouleme-festival-du-film-ou-festival-du-je-fais-ce-que-je-veux\\\/#breadcrumb\",\"itemListElement\":[{\"@type\":\"ListItem\",\"position\":1,\"name\":\"Accueil\",\"item\":\"https:\\\/\\\/fojustice.fr\\\/web\\\/\"},{\"@type\":\"ListItem\",\"position\":2,\"name\":\"Prison d&#8217;Angoul\u00eame : Festival du film&#8230; ou festival du &#8220;je fais ce que je veux&#8221; ?\"}]},{\"@type\":\"WebSite\",\"@id\":\"https:\\\/\\\/fojustice.fr\\\/web\\\/#website\",\"url\":\"https:\\\/\\\/fojustice.fr\\\/web\\\/\",\"name\":\"Syndicat FO Justice\",\"description\":\"Site du Syndicat National FO Justice\",\"publisher\":{\"@id\":\"https:\\\/\\\/fojustice.fr\\\/web\\\/#organization\"},\"alternateName\":\"Syndicat National FO Justice\",\"potentialAction\":[{\"@type\":\"SearchAction\",\"target\":{\"@type\":\"EntryPoint\",\"urlTemplate\":\"https:\\\/\\\/fojustice.fr\\\/web\\\/?s={search_term_string}\"},\"query-input\":{\"@type\":\"PropertyValueSpecification\",\"valueRequired\":true,\"valueName\":\"search_term_string\"}}],\"inLanguage\":\"fr-FR\"},{\"@type\":\"Organization\",\"@id\":\"https:\\\/\\\/fojustice.fr\\\/web\\\/#organization\",\"name\":\"Syndicat National FO Justice\",\"alternateName\":\"Syndicat National FO Justice\",\"url\":\"https:\\\/\\\/fojustice.fr\\\/web\\\/\",\"logo\":{\"@type\":\"ImageObject\",\"inLanguage\":\"fr-FR\",\"@id\":\"https:\\\/\\\/fojustice.fr\\\/web\\\/#\\\/schema\\\/logo\\\/image\\\/\",\"url\":\"https:\\\/\\\/fojustice.fr\\\/web\\\/wp-content\\\/uploads\\\/2022\\\/03\\\/logo-fo-justice.png\",\"contentUrl\":\"https:\\\/\\\/fojustice.fr\\\/web\\\/wp-content\\\/uploads\\\/2022\\\/03\\\/logo-fo-justice.png\",\"width\":800,\"height\":800,\"caption\":\"Syndicat National FO Justice\"},\"image\":{\"@id\":\"https:\\\/\\\/fojustice.fr\\\/web\\\/#\\\/schema\\\/logo\\\/image\\\/\"},\"sameAs\":[\"https:\\\/\\\/www.facebook.com\\\/SyndicatFoJustice\",\"https:\\\/\\\/x.com\\\/SyndFoJustice\"]},{\"@type\":\"Person\",\"@id\":\"https:\\\/\\\/fojustice.fr\\\/web\\\/#\\\/schema\\\/person\\\/a51cb9c3495ce0ca62b78fc96ac3bf9f\",\"name\":\"adminfojustice\",\"image\":{\"@type\":\"ImageObject\",\"inLanguage\":\"fr-FR\",\"@id\":\"https:\\\/\\\/secure.gravatar.com\\\/avatar\\\/368884c0ecc46e53d83c0c3c0af4c6c30a6bbc2aab7535848950f43a950bfd4e?s=96&d=mm&r=g\",\"url\":\"https:\\\/\\\/secure.gravatar.com\\\/avatar\\\/368884c0ecc46e53d83c0c3c0af4c6c30a6bbc2aab7535848950f43a950bfd4e?s=96&d=mm&r=g\",\"contentUrl\":\"https:\\\/\\\/secure.gravatar.com\\\/avatar\\\/368884c0ecc46e53d83c0c3c0af4c6c30a6bbc2aab7535848950f43a950bfd4e?s=96&d=mm&r=g\",\"caption\":\"adminfojustice\"},\"sameAs\":[\"https:\\\/\\\/www.fojustice.fr\\\/web\"],\"url\":\"https:\\\/\\\/fojustice.fr\\\/web\\\/author\\\/adminfojustice\\\/\"}]}<\/script>\n<!-- \/ Yoast SEO plugin. -->","yoast_head_json":{"title":"Prison d'Angoul\u00eame : Festival du film... ou festival du \"je fais ce que je veux\" ? - Syndicat FO Justice","description":"Syndicat FO Justice - DISP Bordeaux - Prison d'Angoul\u00eame : Festival du film... ou festival du \"je fais ce que je veux\" ?","robots":{"index":"index","follow":"follow","max-snippet":"max-snippet:-1","max-image-preview":"max-image-preview:large","max-video-preview":"max-video-preview:-1"},"canonical":"https:\/\/fojustice.fr\/web\/prison-dangouleme-festival-du-film-ou-festival-du-je-fais-ce-que-je-veux\/","og_locale":"fr_FR","og_type":"article","og_title":"Prison d'Angoul\u00eame : Festival du film... ou festival du \"je fais ce que je veux\" ? - Syndicat FO Justice","og_description":"Syndicat FO Justice - DISP Bordeaux - Prison d'Angoul\u00eame : Festival du film... ou festival du \"je fais ce que je veux\" ?","og_url":"https:\/\/fojustice.fr\/web\/prison-dangouleme-festival-du-film-ou-festival-du-je-fais-ce-que-je-veux\/","og_site_name":"Syndicat FO Justice","article_publisher":"https:\/\/www.facebook.com\/SyndicatFoJustice","article_published_time":"2026-08-28T08:50:16+00:00","og_image":[{"width":1200,"height":680,"url":"https:\/\/fojustice.fr\/web\/wp-content\/uploads\/2023\/06\/angouleme.jpeg","type":"image\/jpeg"}],"author":"adminfojustice","twitter_card":"summary_large_image","twitter_creator":"@SyndFoJustice","twitter_site":"@SyndFoJustice","twitter_misc":{"\u00c9crit par":"adminfojustice","Dur\u00e9e de lecture estim\u00e9e":"1 minute"},"schema":{"@context":"https:\/\/schema.org","@graph":[{"@type":"NewsArticle","@id":"https:\/\/fojustice.fr\/web\/prison-dangouleme-festival-du-film-ou-festival-du-je-fais-ce-que-je-veux\/#article","isPartOf":{"@id":"https:\/\/fojustice.fr\/web\/prison-dangouleme-festival-du-film-ou-festival-du-je-fais-ce-que-je-veux\/"},"author":{"name":"adminfojustice","@id":"https:\/\/fojustice.fr\/web\/#\/schema\/person\/a51cb9c3495ce0ca62b78fc96ac3bf9f"},"headline":"Prison d&#8217;Angoul\u00eame : Festival du film&#8230; ou festival du &#8220;je fais ce que je veux&#8221; ?","datePublished":"2026-08-28T08:50:16+00:00","mainEntityOfPage":{"@id":"https:\/\/fojustice.fr\/web\/prison-dangouleme-festival-du-film-ou-festival-du-je-fais-ce-que-je-veux\/"},"wordCount":249,"commentCount":0,"publisher":{"@id":"https:\/\/fojustice.fr\/web\/#organization"},"image":{"@id":"https:\/\/fojustice.fr\/web\/prison-dangouleme-festival-du-film-ou-festival-du-je-fais-ce-que-je-veux\/#primaryimage"},"thumbnailUrl":"https:\/\/fojustice.fr\/web\/wp-content\/uploads\/2023\/06\/angouleme.jpeg","articleSection":["DISP Bordeaux"],"inLanguage":"fr-FR","potentialAction":[{"@type":"CommentAction","name":"Comment","target":["https:\/\/fojustice.fr\/web\/prison-dangouleme-festival-du-film-ou-festival-du-je-fais-ce-que-je-veux\/#respond"]}]},{"@type":"WebPage","@id":"https:\/\/fojustice.fr\/web\/prison-dangouleme-festival-du-film-ou-festival-du-je-fais-ce-que-je-veux\/","url":"https:\/\/fojustice.fr\/web\/prison-dangouleme-festival-du-film-ou-festival-du-je-fais-ce-que-je-veux\/","name":"Prison d'Angoul\u00eame : Festival du film... ou festival du \"je fais ce que je veux\" ? - Syndicat FO Justice","isPartOf":{"@id":"https:\/\/fojustice.fr\/web\/#website"},"primaryImageOfPage":{"@id":"https:\/\/fojustice.fr\/web\/prison-dangouleme-festival-du-film-ou-festival-du-je-fais-ce-que-je-veux\/#primaryimage"},"image":{"@id":"https:\/\/fojustice.fr\/web\/prison-dangouleme-festival-du-film-ou-festival-du-je-fais-ce-que-je-veux\/#primaryimage"},"thumbnailUrl":"https:\/\/fojustice.fr\/web\/wp-content\/uploads\/2023\/06\/angouleme.jpeg","datePublished":"2026-08-28T08:50:16+00:00","description":"Syndicat FO Justice - DISP Bordeaux - Prison d'Angoul\u00eame : Festival du film... ou festival du \"je fais ce que je veux\" ?","breadcrumb":{"@id":"https:\/\/fojustice.fr\/web\/prison-dangouleme-festival-du-film-ou-festival-du-je-fais-ce-que-je-veux\/#breadcrumb"},"inLanguage":"fr-FR","potentialAction":[{"@type":"ReadAction","target":["https:\/\/fojustice.fr\/web\/prison-dangouleme-festival-du-film-ou-festival-du-je-fais-ce-que-je-veux\/"]}]},{"@type":"ImageObject","inLanguage":"fr-FR","@id":"https:\/\/fojustice.fr\/web\/prison-dangouleme-festival-du-film-ou-festival-du-je-fais-ce-que-je-veux\/#primaryimage","url":"https:\/\/fojustice.fr\/web\/wp-content\/uploads\/2023\/06\/angouleme.jpeg","contentUrl":"https:\/\/fojustice.fr\/web\/wp-content\/uploads\/2023\/06\/angouleme.jpeg","width":1200,"height":680},{"@type":"BreadcrumbList","@id":"https:\/\/fojustice.fr\/web\/prison-dangouleme-festival-du-film-ou-festival-du-je-fais-ce-que-je-veux\/#breadcrumb","itemListElement":[{"@type":"ListItem","position":1,"name":"Accueil","item":"https:\/\/fojustice.fr\/web\/"},{"@type":"ListItem","position":2,"name":"Prison d&#8217;Angoul\u00eame : Festival du film&#8230; ou festival du &#8220;je fais ce que je veux&#8221; ?"}]},{"@type":"WebSite","@id":"https:\/\/fojustice.fr\/web\/#website","url":"https:\/\/fojustice.fr\/web\/","name":"Syndicat FO Justice","description":"Site du Syndicat National FO Justice","publisher":{"@id":"https:\/\/fojustice.fr\/web\/#organization"},"alternateName":"Syndicat National FO Justice","potentialAction":[{"@type":"SearchAction","target":{"@type":"EntryPoint","urlTemplate":"https:\/\/fojustice.fr\/web\/?s={search_term_string}"},"query-input":{"@type":"PropertyValueSpecification","valueRequired":true,"valueName":"search_term_string"}}],"inLanguage":"fr-FR"},{"@type":"Organization","@id":"https:\/\/fojustice.fr\/web\/#organization","name":"Syndicat National FO Justice","alternateName":"Syndicat National FO Justice","url":"https:\/\/fojustice.fr\/web\/","logo":{"@type":"ImageObject","inLanguage":"fr-FR","@id":"https:\/\/fojustice.fr\/web\/#\/schema\/logo\/image\/","url":"https:\/\/fojustice.fr\/web\/wp-content\/uploads\/2022\/03\/logo-fo-justice.png","contentUrl":"https:\/\/fojustice.fr\/web\/wp-content\/uploads\/2022\/03\/logo-fo-justice.png","width":800,"height":800,"caption":"Syndicat National FO Justice"},"image":{"@id":"https:\/\/fojustice.fr\/web\/#\/schema\/logo\/image\/"},"sameAs":["https:\/\/www.facebook.com\/SyndicatFoJustice","https:\/\/x.com\/SyndFoJustice"]},{"@type":"Person","@id":"https:\/\/fojustice.fr\/web\/#\/schema\/person\/a51cb9c3495ce0ca62b78fc96ac3bf9f","name":"adminfojustice","image":{"@type":"ImageObject","inLanguage":"fr-FR","@id":"https:\/\/secure.gravatar.com\/avatar\/368884c0ecc46e53d83c0c3c0af4c6c30a6bbc2aab7535848950f43a950bfd4e?s=96&d=mm&r=g","url":"https:\/\/secure.gravatar.com\/avatar\/368884c0ecc46e53d83c0c3c0af4c6c30a6bbc2aab7535848950f43a950bfd4e?s=96&d=mm&r=g","contentUrl":"https:\/\/secure.gravatar.com\/avatar\/368884c0ecc46e53d83c0c3c0af4c6c30a6bbc2aab7535848950f43a950bfd4e?s=96&d=mm&r=g","caption":"adminfojustice"},"sameAs":["https:\/\/www.fojustice.fr\/web"],"url":"https:\/\/fojustice.fr\/web\/author\/adminfojustice\/"}]}},"jetpack_shortlink":"https:\/\/wp.me\/pdNWl1-dlW","jetpack_sharing_enabled":true,"jetpack_featured_media_url":"https:\/\/fojustice.fr\/web\/wp-content\/uploads\/2023\/06\/angouleme.jpeg","_links":{"self":[{"href":"https:\/\/fojustice.fr\/web\/wp-json\/wp\/v2\/posts\/51332","targetHints":{"allow":["GET"]}}],"collection":[{"href":"https:\/\/fojustice.fr\/web\/wp-json\/wp\/v2\/posts"}],"about":[{"href":"https:\/\/fojustice.fr\/web\/wp-json\/wp\/v2\/types\/post"}],"author":[{"embeddable":true,"href":"https:\/\/fojustice.fr\/web\/wp-json\/wp\/v2\/users\/1"}],"replies":[{"embeddable":true,"href":"https:\/\/fojustice.fr\/web\/wp-json\/wp\/v2\/comments?post=51332"}],"version-history":[{"count":1,"href":"https:\/\/fojustice.fr\/web\/wp-json\/wp\/v2\/posts\/51332\/revisions"}],"predecessor-version":[{"id":51334,"href":"https:\/\/fojustice.fr\/web\/wp-json\/wp\/v2\/posts\/51332\/revisions\/51334"}],"wp:featuredmedia":[{"embeddable":true,"href":"https:\/\/fojustice.fr\/web\/wp-json\/wp\/v2\/media\/14373"}],"wp:attachment":[{"href":"https:\/\/fojustice.fr\/web\/wp-json\/wp\/v2\/media?parent=51332"}],"wp:term":[{"taxonomy":"category","embeddable":true,"href":"https:\/\/fojustice.fr\/web\/wp-json\/wp\/v2\/categories?post=51332"},{"taxonomy":"post_tag","embeddable":true,"href":"https:\/\/fojustice.fr\/web\/wp-json\/wp\/v2\/tags?post=51332"}],"curies":[{"name":"wp","href":"https:\/\/api.w.org\/{rel}","templated":true}]}}