{"id":51325,"date":"2026-08-28T10:09:28","date_gmt":"2026-08-28T08:09:28","guid":{"rendered":"https:\/\/fojustice.fr\/web\/?p=51325"},"modified":"2026-08-28T10:09:28","modified_gmt":"2026-08-28T08:09:28","slug":"prison-de-rennes-vezin-la-direction-et-ses-petits-proteges","status":"publish","type":"post","link":"https:\/\/fojustice.fr\/web\/prison-de-rennes-vezin-la-direction-et-ses-petits-proteges\/","title":{"rendered":"Prison de Rennes-Vezin : La Direction et ses petits prot\u00e9g\u00e9s"},"content":{"rendered":"<p class=\"p1\"><strong>Depuis plusieurs mois,<\/strong> un d\u00e9tenu class\u00e9 auxiliaire maintenance adopte un comportement de plus en plus incompatible avec son poste : <strong>menaces, refus d\u2019obtemp\u00e9rer, provocations\u2026<\/strong> Et malgr\u00e9 tout cela, notre ch\u00e8re <strong>direction refuse toujours de le suspendre.<\/strong><\/p>\n<p class=\"p1\"><span style=\"text-decoration: underline;\"><strong>Le 31 mars 2026<\/strong><\/span>, ce d\u00e9tenu passe une premi\u00e8re fois en Commission de Discipline pour des <span class=\"s1\" style=\"color: #ff0000;\"><strong>insultes envers un personnel<\/strong> <\/span><span class=\"s2\">en service de nuit : <\/span><span style=\"text-decoration: underline; color: #ff0000;\">15 jours de quartier disciplinaire avec sursis.<\/span><\/p>\n<p class=\"p1\">Malgr\u00e9 cet incident, il est <strong>class\u00e9 auxiliaire maintenance<\/strong> d\u00e8s le 1er avril 2026, un choix surprenant lorsqu\u2019on sait que ce type de poste est normalement confi\u00e9 \u00e0 des d\u00e9tenus capables d\u2019adopter un comportement irr\u00e9prochable.<\/p>\n<p class=\"p1\"><span style=\"text-decoration: underline;\"><strong>Le 18 juin 2026<\/strong><\/span>, nouvel incident : il <span class=\"s1\" style=\"color: #ff0000;\"><strong>incite \u00e0 un mouvement collectif<\/strong> <\/span>de blocage de la cour de promenade du CD. R\u00e9sultat : un avertissement. <span style=\"text-decoration: underline; color: #ff0000;\"><span class=\"s1\">Aucun d\u00e9classement<\/span>.<\/span><\/p>\n<p class=\"p1\"><span style=\"text-decoration: underline;\"><strong>Le 14 juillet 2026<\/strong><\/span>, il est clairement identifi\u00e9 par plusieurs agents comme <span style=\"color: #ff0000;\"><strong><span class=\"s1\">participant \u00e0 une agression <\/span><\/strong><\/span>sur un autre d\u00e9tenu. L\u00e0 encore : <span style=\"text-decoration: underline; color: #ff0000;\"><span class=\"s1\">aucune suspension<\/span>.<\/span><\/p>\n<p class=\"p1\"><span style=\"text-decoration: underline;\"><strong>Les 20, 21 et 25 ao\u00fbt<\/strong><\/span>, ce d\u00e9tenu fait l\u2019objet de trois CRI, pour<span style=\"color: #ff0000;\"><strong> <span class=\"s1\">violences verbales envers les personnels et plusieurs <\/span><span class=\"s1\">refus d\u2019obtemp\u00e9rer<\/span><\/strong><\/span>. \u00c0 cette succession d\u2019incidents viennent s\u2019ajouter de nombreuses <strong>observations et CRI faisant \u00e9tat de manquements dans son travail.<\/strong> Il va m\u00eame jusqu\u2019\u00e0 se vanter aupr\u00e8s des agents que la direction ne les soutiendra pas.<\/p>\n<p class=\"p1\"><strong>Au regard de la situation actuelle, difficile de lui donner tort, <span class=\"s1\" style=\"color: #ff0000;\">la direction refuse de le suspendre <\/span><\/strong>de son poste dans l\u2019attente de son passage en CDD. Il nous est m\u00eame d\u00e9sormais affirm\u00e9 qu\u2019aucune suspension ne devrait avoir lieu avant une Commission de Discipline.<\/p>\n<p class=\"p1\">Face \u00e0 cette accumulation de faits, la direction ne lui accordera finalement qu\u2019un <strong>gentil recadrage<\/strong>. Nous ne doutons pas une seconde qu\u2019il en soit <strong>ressorti profond\u00e9ment boulevers\u00e9\u2026<\/strong><\/p>\n<p class=\"p1\"><strong>Que faut-il donc \u00e0 notre direction pour enfin d\u00e9classer un d\u00e9tenu ?<\/strong> Cherche-t-elle d\u00e9sesp\u00e9r\u00e9ment de pauvres \u00e2mes \u00e0 sauver ? Met-elle \u00e0 ce point en doute la parole et les \u00e9crits de ses propres agents ?<\/p>\n<p class=\"p1\">Le message envoy\u00e9 aux personnels devient de plus en plus clair : <span style=\"color: #ff0000;\"><strong><span class=\"s1\">vous pouvez signaler et multiplier les CRI, cela ne <\/span>p\u00e8sera pas bien lourd face aux petits prot\u00e9g\u00e9s de la direction<span class=\"s2\">.<\/span><\/strong><\/span><\/p>\n<p class=\"p1\" style=\"text-align: center;\"><strong>Il ne faut pas oublier que la r\u00e9insertion passe aussi par l\u2019apprentissage du respect d\u2019un cadre, d\u2019un r\u00e8glement et des personnels repr\u00e9sentant l\u2019autorit\u00e9.<\/strong><\/p>\n<p class=\"p1\"><span style=\"text-decoration: underline;\"><strong>Mesdames les directrices<\/strong><\/span>, comment voulez-vous que les personnels puissent faire respecter leur autorit\u00e9 lorsque des d\u00e9tenus constatent qu\u2019ils peuvent multiplier les incidents tout en continuant \u00e0 <strong>b\u00e9n\u00e9ficier de votre protection ?<\/strong><\/p>\n<p class=\"p1\" style=\"text-align: center;\"><strong>\u00c0 force de vouloir pr\u00e9server vos petits prot\u00e9g\u00e9s, attention \u00e0 ne pas oublier ceux que vous \u00eates cens\u00e9es soutenir au quotidien et qui m\u00e9ritent, eux, v\u00e9ritablement votre soutien !<\/strong><\/p>\n<p class=\"p1\"><strong><span class=\"s3\" style=\"color: #ff0000;\">Le bureau local FO Justice <\/span><\/strong>exige la suspension imm\u00e9diate de ce d\u00e9tenu de son poste d\u2019auxiliaire maintenance ainsi que son d\u00e9classement \u00e0 l\u2019issue de la Commission de Discipline.<\/p>\n<p class=\"p1\"><strong><span class=\"s3\" style=\"color: #ff0000;\">Le bureau local FO Justice <\/span><\/strong>rappelle donc une \u00e9vidence : tout d\u00e9tenu qui ne respecte pas les personnels doit r\u00e9pondre de ses actes et en assumer les cons\u00e9quences.<\/p>\n<p class=\"p1\" style=\"text-align: center;\"><strong>\u00c0 force de prot\u00e9ger les mauvaises personnes, ne vous \u00e9tonnez pas que les personnels finissent par se demander de quel c\u00f4t\u00e9 se trouve r\u00e9ellement leur direction.<\/strong><\/p>\n<p><a href=\"https:\/\/fojustice.fr\/web\/wp-content\/uploads\/2026\/08\/La-direction-et-ses-petits-proteges.pdf\">Lire le communiqu\u00e9<\/a><\/p>\n","protected":false},"excerpt":{"rendered":"<p>Depuis plusieurs mois, un d\u00e9tenu class\u00e9 auxiliaire maintenance adopte un comportement de plus en plus incompatible avec son poste : menaces, refus d\u2019obtemp\u00e9rer, provocations\u2026 Et malgr\u00e9 tout cela, notre ch\u00e8re direction refuse toujours de le suspendre. Le 31 mars 2026, ce d\u00e9tenu passe une premi\u00e8re fois en Commission de Discipline pour des insultes envers un [&hellip;]<\/p>\n","protected":false},"author":1,"featured_media":51329,"comment_status":"open","ping_status":"open","sticky":false,"template":"","format":"standard","meta":{"_angie_page":false,"_jetpack_newsletter_access":"","_jetpack_dont_email_post_to_subs":true,"_jetpack_newsletter_tier_id":0,"_jetpack_memberships_contains_paywalled_content":false,"page_builder":"","_jetpack_feature_clip_id":0,"_jetpack_memberships_contains_paid_content":false,"footnotes":"","jetpack_post_was_ever_published":false,"_members_access_role":[],"_members_access_error":""},"categories":[35],"tags":[],"class_list":["post-51325","post","type-post","status-publish","format-standard","has-post-thumbnail","hentry","category-disp-rennes"],"yoast_head":"<!-- This site is optimized with the Yoast SEO plugin v28.3 - https:\/\/yoast.com\/product\/yoast-seo-wordpress\/ -->\n<title>Prison de Rennes-Vezin : La Direction et ses petits prot\u00e9g\u00e9s - Syndicat FO Justice<\/title>\n<meta name=\"description\" content=\"Syndicat FO Justice - DISP Rennes - Prison de Rennes-Vezin : La Direction et ses petits prot\u00e9g\u00e9s\" \/>\n<meta name=\"robots\" content=\"index, follow, max-snippet:-1, max-image-preview:large, max-video-preview:-1\" \/>\n<link rel=\"canonical\" href=\"https:\/\/fojustice.fr\/web\/prison-de-rennes-vezin-la-direction-et-ses-petits-proteges\/\" \/>\n<meta property=\"og:locale\" content=\"fr_FR\" \/>\n<meta property=\"og:type\" content=\"article\" \/>\n<meta property=\"og:title\" content=\"Prison de Rennes-Vezin : La Direction et ses petits prot\u00e9g\u00e9s - Syndicat FO Justice\" \/>\n<meta property=\"og:description\" content=\"Syndicat FO Justice - DISP Rennes - Prison de Rennes-Vezin : La Direction et ses petits prot\u00e9g\u00e9s\" \/>\n<meta property=\"og:url\" content=\"https:\/\/fojustice.fr\/web\/prison-de-rennes-vezin-la-direction-et-ses-petits-proteges\/\" \/>\n<meta property=\"og:site_name\" content=\"Syndicat FO Justice\" \/>\n<meta property=\"article:publisher\" content=\"https:\/\/www.facebook.com\/SyndicatFoJustice\" \/>\n<meta property=\"article:published_time\" content=\"2026-08-28T08:09:28+00:00\" \/>\n<meta property=\"og:image\" content=\"https:\/\/fojustice.fr\/web\/wp-content\/uploads\/2026\/08\/Capture-decran-2026-08-28-a-10.08.07.png\" \/>\n\t<meta property=\"og:image:width\" content=\"486\" \/>\n\t<meta property=\"og:image:height\" content=\"316\" \/>\n\t<meta property=\"og:image:type\" content=\"image\/png\" \/>\n<meta name=\"author\" content=\"adminfojustice\" \/>\n<meta name=\"twitter:card\" content=\"summary_large_image\" \/>\n<meta name=\"twitter:creator\" content=\"@SyndFoJustice\" \/>\n<meta name=\"twitter:site\" content=\"@SyndFoJustice\" \/>\n<meta name=\"twitter:label1\" content=\"\u00c9crit par\" \/>\n\t<meta name=\"twitter:data1\" content=\"adminfojustice\" \/>\n\t<meta name=\"twitter:label2\" content=\"Dur\u00e9e de lecture estim\u00e9e\" \/>\n\t<meta name=\"twitter:data2\" content=\"3 minutes\" \/>\n<script type=\"application\/ld+json\" class=\"yoast-schema-graph\">{\"@context\":\"https:\\\/\\\/schema.org\",\"@graph\":[{\"@type\":\"NewsArticle\",\"@id\":\"https:\\\/\\\/fojustice.fr\\\/web\\\/prison-de-rennes-vezin-la-direction-et-ses-petits-proteges\\\/#article\",\"isPartOf\":{\"@id\":\"https:\\\/\\\/fojustice.fr\\\/web\\\/prison-de-rennes-vezin-la-direction-et-ses-petits-proteges\\\/\"},\"author\":{\"name\":\"adminfojustice\",\"@id\":\"https:\\\/\\\/fojustice.fr\\\/web\\\/#\\\/schema\\\/person\\\/a51cb9c3495ce0ca62b78fc96ac3bf9f\"},\"headline\":\"Prison de Rennes-Vezin : La Direction et ses petits prot\u00e9g\u00e9s\",\"datePublished\":\"2026-08-28T08:09:28+00:00\",\"mainEntityOfPage\":{\"@id\":\"https:\\\/\\\/fojustice.fr\\\/web\\\/prison-de-rennes-vezin-la-direction-et-ses-petits-proteges\\\/\"},\"wordCount\":560,\"commentCount\":0,\"publisher\":{\"@id\":\"https:\\\/\\\/fojustice.fr\\\/web\\\/#organization\"},\"image\":{\"@id\":\"https:\\\/\\\/fojustice.fr\\\/web\\\/prison-de-rennes-vezin-la-direction-et-ses-petits-proteges\\\/#primaryimage\"},\"thumbnailUrl\":\"https:\\\/\\\/fojustice.fr\\\/web\\\/wp-content\\\/uploads\\\/2026\\\/08\\\/Capture-decran-2026-08-28-a-10.08.07.png\",\"articleSection\":[\"DISP Rennes\"],\"inLanguage\":\"fr-FR\",\"potentialAction\":[{\"@type\":\"CommentAction\",\"name\":\"Comment\",\"target\":[\"https:\\\/\\\/fojustice.fr\\\/web\\\/prison-de-rennes-vezin-la-direction-et-ses-petits-proteges\\\/#respond\"]}]},{\"@type\":\"WebPage\",\"@id\":\"https:\\\/\\\/fojustice.fr\\\/web\\\/prison-de-rennes-vezin-la-direction-et-ses-petits-proteges\\\/\",\"url\":\"https:\\\/\\\/fojustice.fr\\\/web\\\/prison-de-rennes-vezin-la-direction-et-ses-petits-proteges\\\/\",\"name\":\"Prison de Rennes-Vezin : La Direction et ses petits prot\u00e9g\u00e9s - Syndicat FO Justice\",\"isPartOf\":{\"@id\":\"https:\\\/\\\/fojustice.fr\\\/web\\\/#website\"},\"primaryImageOfPage\":{\"@id\":\"https:\\\/\\\/fojustice.fr\\\/web\\\/prison-de-rennes-vezin-la-direction-et-ses-petits-proteges\\\/#primaryimage\"},\"image\":{\"@id\":\"https:\\\/\\\/fojustice.fr\\\/web\\\/prison-de-rennes-vezin-la-direction-et-ses-petits-proteges\\\/#primaryimage\"},\"thumbnailUrl\":\"https:\\\/\\\/fojustice.fr\\\/web\\\/wp-content\\\/uploads\\\/2026\\\/08\\\/Capture-decran-2026-08-28-a-10.08.07.png\",\"datePublished\":\"2026-08-28T08:09:28+00:00\",\"description\":\"Syndicat FO Justice - DISP Rennes - Prison de Rennes-Vezin : La Direction et ses petits prot\u00e9g\u00e9s\",\"breadcrumb\":{\"@id\":\"https:\\\/\\\/fojustice.fr\\\/web\\\/prison-de-rennes-vezin-la-direction-et-ses-petits-proteges\\\/#breadcrumb\"},\"inLanguage\":\"fr-FR\",\"potentialAction\":[{\"@type\":\"ReadAction\",\"target\":[\"https:\\\/\\\/fojustice.fr\\\/web\\\/prison-de-rennes-vezin-la-direction-et-ses-petits-proteges\\\/\"]}]},{\"@type\":\"ImageObject\",\"inLanguage\":\"fr-FR\",\"@id\":\"https:\\\/\\\/fojustice.fr\\\/web\\\/prison-de-rennes-vezin-la-direction-et-ses-petits-proteges\\\/#primaryimage\",\"url\":\"https:\\\/\\\/fojustice.fr\\\/web\\\/wp-content\\\/uploads\\\/2026\\\/08\\\/Capture-decran-2026-08-28-a-10.08.07.png\",\"contentUrl\":\"https:\\\/\\\/fojustice.fr\\\/web\\\/wp-content\\\/uploads\\\/2026\\\/08\\\/Capture-decran-2026-08-28-a-10.08.07.png\",\"width\":486,\"height\":316},{\"@type\":\"BreadcrumbList\",\"@id\":\"https:\\\/\\\/fojustice.fr\\\/web\\\/prison-de-rennes-vezin-la-direction-et-ses-petits-proteges\\\/#breadcrumb\",\"itemListElement\":[{\"@type\":\"ListItem\",\"position\":1,\"name\":\"Accueil\",\"item\":\"https:\\\/\\\/fojustice.fr\\\/web\\\/\"},{\"@type\":\"ListItem\",\"position\":2,\"name\":\"Prison de Rennes-Vezin : La Direction et ses petits prot\u00e9g\u00e9s\"}]},{\"@type\":\"WebSite\",\"@id\":\"https:\\\/\\\/fojustice.fr\\\/web\\\/#website\",\"url\":\"https:\\\/\\\/fojustice.fr\\\/web\\\/\",\"name\":\"Syndicat FO Justice\",\"description\":\"Site du Syndicat National FO Justice\",\"publisher\":{\"@id\":\"https:\\\/\\\/fojustice.fr\\\/web\\\/#organization\"},\"alternateName\":\"Syndicat National FO Justice\",\"potentialAction\":[{\"@type\":\"SearchAction\",\"target\":{\"@type\":\"EntryPoint\",\"urlTemplate\":\"https:\\\/\\\/fojustice.fr\\\/web\\\/?s={search_term_string}\"},\"query-input\":{\"@type\":\"PropertyValueSpecification\",\"valueRequired\":true,\"valueName\":\"search_term_string\"}}],\"inLanguage\":\"fr-FR\"},{\"@type\":\"Organization\",\"@id\":\"https:\\\/\\\/fojustice.fr\\\/web\\\/#organization\",\"name\":\"Syndicat National FO Justice\",\"alternateName\":\"Syndicat National FO Justice\",\"url\":\"https:\\\/\\\/fojustice.fr\\\/web\\\/\",\"logo\":{\"@type\":\"ImageObject\",\"inLanguage\":\"fr-FR\",\"@id\":\"https:\\\/\\\/fojustice.fr\\\/web\\\/#\\\/schema\\\/logo\\\/image\\\/\",\"url\":\"https:\\\/\\\/fojustice.fr\\\/web\\\/wp-content\\\/uploads\\\/2022\\\/03\\\/logo-fo-justice.png\",\"contentUrl\":\"https:\\\/\\\/fojustice.fr\\\/web\\\/wp-content\\\/uploads\\\/2022\\\/03\\\/logo-fo-justice.png\",\"width\":800,\"height\":800,\"caption\":\"Syndicat National FO Justice\"},\"image\":{\"@id\":\"https:\\\/\\\/fojustice.fr\\\/web\\\/#\\\/schema\\\/logo\\\/image\\\/\"},\"sameAs\":[\"https:\\\/\\\/www.facebook.com\\\/SyndicatFoJustice\",\"https:\\\/\\\/x.com\\\/SyndFoJustice\"]},{\"@type\":\"Person\",\"@id\":\"https:\\\/\\\/fojustice.fr\\\/web\\\/#\\\/schema\\\/person\\\/a51cb9c3495ce0ca62b78fc96ac3bf9f\",\"name\":\"adminfojustice\",\"image\":{\"@type\":\"ImageObject\",\"inLanguage\":\"fr-FR\",\"@id\":\"https:\\\/\\\/secure.gravatar.com\\\/avatar\\\/368884c0ecc46e53d83c0c3c0af4c6c30a6bbc2aab7535848950f43a950bfd4e?s=96&d=mm&r=g\",\"url\":\"https:\\\/\\\/secure.gravatar.com\\\/avatar\\\/368884c0ecc46e53d83c0c3c0af4c6c30a6bbc2aab7535848950f43a950bfd4e?s=96&d=mm&r=g\",\"contentUrl\":\"https:\\\/\\\/secure.gravatar.com\\\/avatar\\\/368884c0ecc46e53d83c0c3c0af4c6c30a6bbc2aab7535848950f43a950bfd4e?s=96&d=mm&r=g\",\"caption\":\"adminfojustice\"},\"sameAs\":[\"https:\\\/\\\/www.fojustice.fr\\\/web\"],\"url\":\"https:\\\/\\\/fojustice.fr\\\/web\\\/author\\\/adminfojustice\\\/\"}]}<\/script>\n<!-- \/ Yoast SEO plugin. -->","yoast_head_json":{"title":"Prison de Rennes-Vezin : La Direction et ses petits prot\u00e9g\u00e9s - Syndicat FO Justice","description":"Syndicat FO Justice - DISP Rennes - Prison de Rennes-Vezin : La Direction et ses petits prot\u00e9g\u00e9s","robots":{"index":"index","follow":"follow","max-snippet":"max-snippet:-1","max-image-preview":"max-image-preview:large","max-video-preview":"max-video-preview:-1"},"canonical":"https:\/\/fojustice.fr\/web\/prison-de-rennes-vezin-la-direction-et-ses-petits-proteges\/","og_locale":"fr_FR","og_type":"article","og_title":"Prison de Rennes-Vezin : La Direction et ses petits prot\u00e9g\u00e9s - Syndicat FO Justice","og_description":"Syndicat FO Justice - DISP Rennes - Prison de Rennes-Vezin : La Direction et ses petits prot\u00e9g\u00e9s","og_url":"https:\/\/fojustice.fr\/web\/prison-de-rennes-vezin-la-direction-et-ses-petits-proteges\/","og_site_name":"Syndicat FO Justice","article_publisher":"https:\/\/www.facebook.com\/SyndicatFoJustice","article_published_time":"2026-08-28T08:09:28+00:00","og_image":[{"width":486,"height":316,"url":"https:\/\/fojustice.fr\/web\/wp-content\/uploads\/2026\/08\/Capture-decran-2026-08-28-a-10.08.07.png","type":"image\/png"}],"author":"adminfojustice","twitter_card":"summary_large_image","twitter_creator":"@SyndFoJustice","twitter_site":"@SyndFoJustice","twitter_misc":{"\u00c9crit par":"adminfojustice","Dur\u00e9e de lecture estim\u00e9e":"3 minutes"},"schema":{"@context":"https:\/\/schema.org","@graph":[{"@type":"NewsArticle","@id":"https:\/\/fojustice.fr\/web\/prison-de-rennes-vezin-la-direction-et-ses-petits-proteges\/#article","isPartOf":{"@id":"https:\/\/fojustice.fr\/web\/prison-de-rennes-vezin-la-direction-et-ses-petits-proteges\/"},"author":{"name":"adminfojustice","@id":"https:\/\/fojustice.fr\/web\/#\/schema\/person\/a51cb9c3495ce0ca62b78fc96ac3bf9f"},"headline":"Prison de Rennes-Vezin : La Direction et ses petits prot\u00e9g\u00e9s","datePublished":"2026-08-28T08:09:28+00:00","mainEntityOfPage":{"@id":"https:\/\/fojustice.fr\/web\/prison-de-rennes-vezin-la-direction-et-ses-petits-proteges\/"},"wordCount":560,"commentCount":0,"publisher":{"@id":"https:\/\/fojustice.fr\/web\/#organization"},"image":{"@id":"https:\/\/fojustice.fr\/web\/prison-de-rennes-vezin-la-direction-et-ses-petits-proteges\/#primaryimage"},"thumbnailUrl":"https:\/\/fojustice.fr\/web\/wp-content\/uploads\/2026\/08\/Capture-decran-2026-08-28-a-10.08.07.png","articleSection":["DISP Rennes"],"inLanguage":"fr-FR","potentialAction":[{"@type":"CommentAction","name":"Comment","target":["https:\/\/fojustice.fr\/web\/prison-de-rennes-vezin-la-direction-et-ses-petits-proteges\/#respond"]}]},{"@type":"WebPage","@id":"https:\/\/fojustice.fr\/web\/prison-de-rennes-vezin-la-direction-et-ses-petits-proteges\/","url":"https:\/\/fojustice.fr\/web\/prison-de-rennes-vezin-la-direction-et-ses-petits-proteges\/","name":"Prison de Rennes-Vezin : La Direction et ses petits prot\u00e9g\u00e9s - Syndicat FO Justice","isPartOf":{"@id":"https:\/\/fojustice.fr\/web\/#website"},"primaryImageOfPage":{"@id":"https:\/\/fojustice.fr\/web\/prison-de-rennes-vezin-la-direction-et-ses-petits-proteges\/#primaryimage"},"image":{"@id":"https:\/\/fojustice.fr\/web\/prison-de-rennes-vezin-la-direction-et-ses-petits-proteges\/#primaryimage"},"thumbnailUrl":"https:\/\/fojustice.fr\/web\/wp-content\/uploads\/2026\/08\/Capture-decran-2026-08-28-a-10.08.07.png","datePublished":"2026-08-28T08:09:28+00:00","description":"Syndicat FO Justice - DISP Rennes - Prison de Rennes-Vezin : La Direction et ses petits prot\u00e9g\u00e9s","breadcrumb":{"@id":"https:\/\/fojustice.fr\/web\/prison-de-rennes-vezin-la-direction-et-ses-petits-proteges\/#breadcrumb"},"inLanguage":"fr-FR","potentialAction":[{"@type":"ReadAction","target":["https:\/\/fojustice.fr\/web\/prison-de-rennes-vezin-la-direction-et-ses-petits-proteges\/"]}]},{"@type":"ImageObject","inLanguage":"fr-FR","@id":"https:\/\/fojustice.fr\/web\/prison-de-rennes-vezin-la-direction-et-ses-petits-proteges\/#primaryimage","url":"https:\/\/fojustice.fr\/web\/wp-content\/uploads\/2026\/08\/Capture-decran-2026-08-28-a-10.08.07.png","contentUrl":"https:\/\/fojustice.fr\/web\/wp-content\/uploads\/2026\/08\/Capture-decran-2026-08-28-a-10.08.07.png","width":486,"height":316},{"@type":"BreadcrumbList","@id":"https:\/\/fojustice.fr\/web\/prison-de-rennes-vezin-la-direction-et-ses-petits-proteges\/#breadcrumb","itemListElement":[{"@type":"ListItem","position":1,"name":"Accueil","item":"https:\/\/fojustice.fr\/web\/"},{"@type":"ListItem","position":2,"name":"Prison de Rennes-Vezin : La Direction et ses petits prot\u00e9g\u00e9s"}]},{"@type":"WebSite","@id":"https:\/\/fojustice.fr\/web\/#website","url":"https:\/\/fojustice.fr\/web\/","name":"Syndicat FO Justice","description":"Site du Syndicat National FO Justice","publisher":{"@id":"https:\/\/fojustice.fr\/web\/#organization"},"alternateName":"Syndicat National FO Justice","potentialAction":[{"@type":"SearchAction","target":{"@type":"EntryPoint","urlTemplate":"https:\/\/fojustice.fr\/web\/?s={search_term_string}"},"query-input":{"@type":"PropertyValueSpecification","valueRequired":true,"valueName":"search_term_string"}}],"inLanguage":"fr-FR"},{"@type":"Organization","@id":"https:\/\/fojustice.fr\/web\/#organization","name":"Syndicat National FO Justice","alternateName":"Syndicat National FO Justice","url":"https:\/\/fojustice.fr\/web\/","logo":{"@type":"ImageObject","inLanguage":"fr-FR","@id":"https:\/\/fojustice.fr\/web\/#\/schema\/logo\/image\/","url":"https:\/\/fojustice.fr\/web\/wp-content\/uploads\/2022\/03\/logo-fo-justice.png","contentUrl":"https:\/\/fojustice.fr\/web\/wp-content\/uploads\/2022\/03\/logo-fo-justice.png","width":800,"height":800,"caption":"Syndicat National FO Justice"},"image":{"@id":"https:\/\/fojustice.fr\/web\/#\/schema\/logo\/image\/"},"sameAs":["https:\/\/www.facebook.com\/SyndicatFoJustice","https:\/\/x.com\/SyndFoJustice"]},{"@type":"Person","@id":"https:\/\/fojustice.fr\/web\/#\/schema\/person\/a51cb9c3495ce0ca62b78fc96ac3bf9f","name":"adminfojustice","image":{"@type":"ImageObject","inLanguage":"fr-FR","@id":"https:\/\/secure.gravatar.com\/avatar\/368884c0ecc46e53d83c0c3c0af4c6c30a6bbc2aab7535848950f43a950bfd4e?s=96&d=mm&r=g","url":"https:\/\/secure.gravatar.com\/avatar\/368884c0ecc46e53d83c0c3c0af4c6c30a6bbc2aab7535848950f43a950bfd4e?s=96&d=mm&r=g","contentUrl":"https:\/\/secure.gravatar.com\/avatar\/368884c0ecc46e53d83c0c3c0af4c6c30a6bbc2aab7535848950f43a950bfd4e?s=96&d=mm&r=g","caption":"adminfojustice"},"sameAs":["https:\/\/www.fojustice.fr\/web"],"url":"https:\/\/fojustice.fr\/web\/author\/adminfojustice\/"}]}},"jetpack_shortlink":"https:\/\/wp.me\/pdNWl1-dlP","jetpack_sharing_enabled":true,"jetpack_featured_media_url":"https:\/\/fojustice.fr\/web\/wp-content\/uploads\/2026\/08\/Capture-decran-2026-08-28-a-10.08.07.png","_links":{"self":[{"href":"https:\/\/fojustice.fr\/web\/wp-json\/wp\/v2\/posts\/51325","targetHints":{"allow":["GET"]}}],"collection":[{"href":"https:\/\/fojustice.fr\/web\/wp-json\/wp\/v2\/posts"}],"about":[{"href":"https:\/\/fojustice.fr\/web\/wp-json\/wp\/v2\/types\/post"}],"author":[{"embeddable":true,"href":"https:\/\/fojustice.fr\/web\/wp-json\/wp\/v2\/users\/1"}],"replies":[{"embeddable":true,"href":"https:\/\/fojustice.fr\/web\/wp-json\/wp\/v2\/comments?post=51325"}],"version-history":[{"count":1,"href":"https:\/\/fojustice.fr\/web\/wp-json\/wp\/v2\/posts\/51325\/revisions"}],"predecessor-version":[{"id":51330,"href":"https:\/\/fojustice.fr\/web\/wp-json\/wp\/v2\/posts\/51325\/revisions\/51330"}],"wp:featuredmedia":[{"embeddable":true,"href":"https:\/\/fojustice.fr\/web\/wp-json\/wp\/v2\/media\/51329"}],"wp:attachment":[{"href":"https:\/\/fojustice.fr\/web\/wp-json\/wp\/v2\/media?parent=51325"}],"wp:term":[{"taxonomy":"category","embeddable":true,"href":"https:\/\/fojustice.fr\/web\/wp-json\/wp\/v2\/categories?post=51325"},{"taxonomy":"post_tag","embeddable":true,"href":"https:\/\/fojustice.fr\/web\/wp-json\/wp\/v2\/tags?post=51325"}],"curies":[{"name":"wp","href":"https:\/\/api.w.org\/{rel}","templated":true}]}}