{"id":51317,"date":"2026-08-27T22:49:29","date_gmt":"2026-08-27T20:49:29","guid":{"rendered":"https:\/\/fojustice.fr\/web\/?p=51317"},"modified":"2026-08-27T22:50:35","modified_gmt":"2026-08-27T20:50:35","slug":"prison-de-noumea-la-prevention-des-risques-nest-pas-une-option","status":"publish","type":"post","link":"https:\/\/fojustice.fr\/web\/prison-de-noumea-la-prevention-des-risques-nest-pas-une-option\/","title":{"rendered":"Prison de Noum\u00e9a : La pr\u00e9vention des risques n&#8217;est pas une option !"},"content":{"rendered":"<p class=\"p1\" style=\"text-align: right;\"><b>Monsieur Vincent DUPEYRE<\/b><\/p>\n<p class=\"p1\" style=\"text-align: right;\">Directeur Interr\u00e9gional<\/p>\n<p class=\"p1\" style=\"text-align: right;\">Direction des Services P\u00e9nitentiaires d\u2019Outre-Mer<\/p>\n<p class=\"p1\" style=\"text-align: right;\">48, rue Denis PAPIN<\/p>\n<p class=\"p1\" style=\"text-align: right;\">94200 Ivry-sur-Seine<\/p>\n<p class=\"p1\"><span style=\"text-decoration: underline;\">Objet<\/span> : Conditions de travail, d\u2019hygi\u00e8ne et de s\u00e9curit\u00e9 &#8211; Entrave \u00e0 l\u2019exercice syndical<\/p>\n<p class=\"p1\">P.J. : Relance \u00e9crite adress\u00e9e au m\u00e9decin de pr\u00e9vention<\/p>\n<p class=\"p1\">R\u00e9f : D\u00e9cret n\u00b0 2011-184 du 15 f\u00e9vrier 2011 article 37 et 34 relatif aux comit\u00e9s techniques dans les administrations et les \u00e9tablissements publics de l&#8217;Etat ; D\u00e9cret n\u00b082-447 du 28 mai 1982 article 18-1 relatif \u00e0 l&#8217;exercice du droit syndical dans la fonction publique ;<\/p>\n<p class=\"p1\">D\u00e9cret n\u00b082-453 du 28 mai 1982 relatif \u00e0 l&#8217;hygi\u00e8ne et \u00e0 la s\u00e9curit\u00e9 du travail ainsi qu&#8217;\u00e0 la pr\u00e9vention m\u00e9dicale dans la fonction publique ;<\/p>\n<p class=\"p1\">D\u00e9cret n\u00b02020-1427 du 20 novembre 2020 relatif aux comit\u00e9s sociaux d&#8217;administration dans les administrations et les \u00e9tablissements publics de l&#8217;Etat ;<\/p>\n<p class=\"p1\">Article R4121-4 du code du travail ;<\/p>\n<p class=\"p1\">Charte du dialogue social<\/p>\n<p class=\"p1\">Copie adress\u00e9e \u00e0 : Monsieur le D\u00e9put\u00e9 et Monsieur le S\u00e9nateur de la Nouvelle Cal\u00e9donie, autorit\u00e9s administratives territoriales concern\u00e9es<\/p>\n<p class=\"p1\">Monsieur le Directeur Interr\u00e9gional,<\/p>\n<p class=\"p1\">Par une lettre ouverte \u00e0 votre attention, en date du 26 mars 2026, FO JUSTICE vous a alert\u00e9 sur un manque de transparence concernant la transmission des informations et des documents n\u00e9cessaires au travail d\u2019\u00e9valuation des risques professionnels, d\u00e9finis comme suit :<\/p>\n<ul>\n<li class=\"p1\">\u00a0Le rapport social unique ou bilan social ;<\/li>\n<li class=\"p1\">\u00a0Le rapport de l\u2019agent de pr\u00e9vention ;<\/li>\n<li class=\"p1\">\u00a0Le rapport du m\u00e9decin de pr\u00e9vention.<\/li>\n<\/ul>\n<p class=\"p1\">Dans le cadre de la premi\u00e8re Formation Sp\u00e9cialis\u00e9e, en date du 29 mai 2026, FO JUSTICE a une nouvelle fois constat\u00e9 l\u2019absence de pr\u00e9sentation d\u00e9dit rapports.<\/p>\n<p class=\"p1\">Nous vous rappelons que ces documents constituent des \u00e9l\u00e9ments essentiels \u00e0 l\u2019information d\u2019indicateurs, \u00e0 l\u2019\u00e9laboration du programme annuel de pr\u00e9vention des risques professionnels, mais \u00e9galement au recensement des donn\u00e9es relatives \u00e0 la sant\u00e9, la s\u00e9curit\u00e9 et aux conditions de travail.<\/p>\n<p class=\"p1\">Or, dans le cadre de l\u2019exercice de ses comp\u00e9tences, le CSA doit pouvoir disposer de ces donn\u00e9es afin d\u2019exercer pleinement ses pr\u00e9rogatives en mati\u00e8re d\u2019am\u00e9lioration des conditions de travail des agents du service public. \u00c0 ce titre, les donn\u00e9es issues de la base de donn\u00e9es sociales, ces indicateurs obligatoires constituent un support indispensable aux d\u00e9bats relatifs \u00e0 l\u2019\u00e9volution des politiques de ressources humaines. Le manque de transparence concernant les moyens et la communication marque un sentiment d\u2019entrave \u00e0 l\u2019action syndicale, et porte atteinte \u00e0 la mise en place et au bon exercice des missions des repr\u00e9sentants du personnel, ainsi qu\u2019\u00e0 l&#8217;exercice du droit syndical.<\/p>\n<p class=\"p1\">FO JUSTICE exige l\u00e9gitimement l\u2019acc\u00e8s \u00e0 l\u2019ensemble des pi\u00e8ces n\u00e9cessaires afin de pouvoir exercer pleinement ses pr\u00e9rogatives et mener un travail approfondi en faveur de l\u2019am\u00e9lioration des conditions de vie et de travail des personnels. Nous vous demandons donc de bien vouloir rem\u00e9dier \u00e0 cette situation dans les plus brefs d\u00e9lais.<\/p>\n<p class=\"p1\">Autre point constat\u00e9 qui pose question : outre l\u2019absence du rapport du m\u00e9decin de pr\u00e9vention, document permettant au comit\u00e9 et \u00e0 la FS de mesurer l\u2019activit\u00e9 de la m\u00e9decine de pr\u00e9vention au sein de l\u2019\u00e9tablissement. \u00c0 la demande des repr\u00e9sentants du comit\u00e9, une visite de site ainsi qu\u2019une intervention ont \u00e9t\u00e9 r\u00e9alis\u00e9es le 10 d\u00e9cembre 2025 en pr\u00e9sence du m\u00e9decin, afin d\u2019identifier et de retranscrire certaines situations de travail relevant de risques professionnels. Malgr\u00e9 une relance \u00e9crite adress\u00e9e au m\u00e9decin (PJ), FO JUSTICE est au regret de constater qu\u2019\u00e0 ce jour, aucun signalement \u00e9crit n\u2019a \u00e9t\u00e9 r\u00e9alis\u00e9 ni transmis \u00e0 la suite de ces interventions.<\/p>\n<p class=\"p1\">Il est \u00e0 rappeler que le m\u00e9decin de pr\u00e9vention, dans une position de neutralit\u00e9, a l\u2019obligation de signaler par \u00e9crit au chef de service les risques pour la sant\u00e9 des agents qu&#8217;il constate et qui sont en rapport avec leur milieu de travail. Il est \u00e9galement tenu de r\u00e9diger chaque ann\u00e9e un rapport d&#8217;activit\u00e9, transmis au chef de service ainsi qu\u2019\u00e0 la formation sp\u00e9cialis\u00e9e en mati\u00e8re de sant\u00e9, de s\u00e9curit\u00e9 et de conditions de travail ou, \u00e0 d\u00e9faut, au comit\u00e9 social d&#8217;administration. Au regard de ces \u00e9l\u00e9ments, nous vous demandons de rem\u00e9dier \u00e0 cette situation dans les plus brefs d\u00e9lais.<\/p>\n<p class=\"p1\">Autre point \u00e9galement, concernant les missions relevant de l\u2019agent de pr\u00e9vention, FO JUSTICE d\u00e9nonce le fait que les conditions n\u00e9cessaires \u00e0 leur exercice ne sont aujourd\u2019hui plus r\u00e9unies. Il convient de rappeler qu\u2019en date du 21 janvier 2026, \u00e0 la suite de la d\u00e9mission de l\u2019agent de pr\u00e9vention (ADP), ce poste n\u2019a, \u00e0 ce jour, toujours pas fait l\u2019objet d\u2019un appel \u00e0 candidature. Cette situation entra\u00eene de fait un d\u00e9faut dans l\u2019identification des besoins, ainsi que dans la mise en \u0153uvre des travaux et des actions de pr\u00e9vention \u00e0 engager au sein de l\u2019\u00e9tablissement.<\/p>\n<p class=\"p1\">Pourtant, \u00e0 plusieurs reprises, FO JUSTICE a pris ses responsabilit\u00e9s en vous faisant valoir des propositions concr\u00e8tes visant \u00e0 r\u00e9soudre ou \u00e0 am\u00e9liorer cette situation. La persistance de cette situation pose \u00e9galement question sur la r\u00e9elle volont\u00e9 de votre autorit\u00e9, en sa qualit\u00e9 de garante de la sant\u00e9, de la s\u00e9curit\u00e9 et des conditions de travail des agents, de prendre les mesures n\u00e9cessaires pour r\u00e9gler durablement cette probl\u00e9matique.<\/p>\n<p class=\"p1\">La situation en mati\u00e8re de pr\u00e9vention des risques psychosociaux (RPS), pr\u00e9vue par l\u2019accord cadre et la circulaire du minist\u00e8re de la Justice de 2013, qui doivent \u00eatre mis en application localement, demeure totalement carenc\u00e9e.<\/p>\n<p class=\"p1\">\u00c0 ce jour, aucun diagnostic partag\u00e9 des facteurs de risques psychosociaux n\u2019a \u00e9t\u00e9 pr\u00e9sent\u00e9 ni d\u00e9battu au sein du comit\u00e9. De m\u00eame, aucun programme annuel de pr\u00e9vention des risques professionnels et d\u2019am\u00e9lioration des conditions de travail n\u2019int\u00e8gre de plan d\u2019action sp\u00e9cifique en mati\u00e8re de pr\u00e9vention des RPS, assorti d\u2019objectifs pr\u00e9cis et d\u2019un calendrier clairement d\u00e9fini.<\/p>\n<p class=\"p1\">Nous d\u00e9plorons qu\u2019\u00e0 ce jour, aucune politique efficace de pr\u00e9vention des risques psychosociaux ne soit mise en \u0153uvre au sein de l\u2019\u00e9tablissement et d\u00e9clin\u00e9e au sein des diff\u00e9rents services. Pourtant, l\u2019\u00e9valuation et la pr\u00e9vention des RPS s\u2019inscrivent pleinement dans la d\u00e9marche globale de pr\u00e9vention des risques professionnels et participent directement \u00e0 l\u2019am\u00e9lioration des conditions de vie au travail des agents de la fonction publique.<\/p>\n<p class=\"p1\">FO JUSTICE vous rappelle que le protocole d\u2019accord relatif \u00e0 la pr\u00e9vention des risques psychosociaux dans la fonction publique, impose \u00e0 l\u2019administration une obligation de protection de la sant\u00e9 physique et mentale des agents publics, et plus particuli\u00e8rement des personnels des services p\u00e9nitentiaires.<\/p>\n<p class=\"p1\">Par ailleurs, lors de la s\u00e9ance de la FS, une pratique courante et non conforme a \u00e9t\u00e9 relev\u00e9e concernant les interventions des agents de surveillance lors des coupures de courant au sein des b\u00e2timents. En effet, les personnels se retrouvent livr\u00e9s \u00e0 eux-m\u00eames pour palier ces situations et sont amen\u00e9s, dans certains cas, \u00e0 intervenir directement sur les tableaux \u00e9lectriques afin de r\u00e9tablir le courant, sans aucune pr\u00e9conisation ni consigne adapt\u00e9e, et dans des conditions pr\u00e9sentant un risque.<\/p>\n<p class=\"p1\">Or, il s\u2019av\u00e8re qu\u2019un agent a b\u00e9n\u00e9fici\u00e9, il y a plus de deux ans, d\u2019une formation \u00e0 la sensibilisation aux risques \u00e9lectriques dont l\u2019objectif \u00e9tait d\u2019assurer une mission de formation destin\u00e9e aux personnels expos\u00e9s.<\/p>\n<p class=\"p1\">FO JUSTICE constate que cet agent ne r\u00e9pond pas au cadre de la mission qu\u2019il lui a \u00e9t\u00e9 attribu\u00e9e et que, parall\u00e8lement, la direction locale n\u2019assure plus son r\u00f4le de contr\u00f4le, laissant ainsi se d\u00e9velopper des situations de travail \u00e0 risque pour les agents de terrain.<\/p>\n<p class=\"p1\">Au vu des situations relev\u00e9es et recens\u00e9es, il appara\u00eet aujourd\u2019hui clairement que votre autorit\u00e9 doit \u00eatre en mesure d\u2019apporter des r\u00e9ponses concr\u00e8tes, au regard des responsabilit\u00e9s qui sont les v\u00f4tres.<\/p>\n<p class=\"p1\">\u00c0 ce titre, FO JUSTICE entend vous en rappeler les fondamentaux :<\/p>\n<ul>\n<li class=\"p1\">\u00a0En application de l\u2019article R4121-4 du code du travail, le chef de service doit indiquer \u00e0 ses agents les modalit\u00e9s d\u2019acc\u00e8s au DUERP et du registre de sant\u00e9 et de s\u00e9curit\u00e9 au travail afin de les informer des mesures de pr\u00e9vention des risques identifi\u00e9s ainsi que des consignes de s\u00e9curit\u00e9.<\/li>\n<li class=\"p1\">\u00a0En application du D\u00e9cret n\u00b082-453 du 28 mai 1982 relatif \u00e0 l&#8217;hygi\u00e8ne et \u00e0 la s\u00e9curit\u00e9 du travail ainsi qu&#8217;\u00e0 la pr\u00e9vention m\u00e9dicale dans la fonction publique, les chefs de service sont charg\u00e9s, dans la limite de leurs attributions et dans le cadre des d\u00e9l\u00e9gations qui leur sont consenties, de veiller \u00e0 la s\u00e9curit\u00e9 et \u00e0 la protection de la sant\u00e9 des agents plac\u00e9s sous leur autorit\u00e9.<\/li>\n<li class=\"p1\">\u00a0Au titre de l\u2019article L 4121-1 du Code du travail, l\u2019employeur doit prendre \u00ab les mesures n\u00e9cessaires pour assurer la s\u00e9curit\u00e9 et prot\u00e9ger la sant\u00e9 physique et mentale des travailleurs, notamment par le biais d\u2019actions de pr\u00e9vention des risques professionnels et de la p\u00e9nibilit\u00e9 au travail, d\u2019action d\u2019information et de formation, et la mise en place d\u2019une organisation et de moyens adapt\u00e9s \u00bb. L\u2019\u00e9valuation des risques professionnels constitue une obligation de l\u2019employeur.<\/li>\n<\/ul>\n<p class=\"p1\">Dans l\u2019attente de votre positionnement sur ces sujets, nous vous prions de croire Monsieur le Directeur Interr\u00e9gional, \u00e0 notre profond attachement au service public p\u00e9nitentiaire mais \u00e9galement, \u00e0 la protection de celles et ceux qui le font vivre.<\/p>\n<p><a href=\"https:\/\/fojustice.fr\/web\/wp-content\/uploads\/2026\/08\/Lettre-ouverte-DISPOM-la-prevention-des-risques-nest-pas-une-option.pdf\">Lire le communiqu\u00e9<\/a><\/p>\n","protected":false},"excerpt":{"rendered":"<p>Monsieur Vincent DUPEYRE Directeur Interr\u00e9gional Direction des Services P\u00e9nitentiaires d\u2019Outre-Mer 48, rue Denis PAPIN 94200 Ivry-sur-Seine Objet : Conditions de travail, d\u2019hygi\u00e8ne et de s\u00e9curit\u00e9 &#8211; Entrave \u00e0 l\u2019exercice syndical P.J. : Relance \u00e9crite adress\u00e9e au m\u00e9decin de pr\u00e9vention R\u00e9f : D\u00e9cret n\u00b0 2011-184 du 15 f\u00e9vrier 2011 article 37 et 34 relatif aux comit\u00e9s [&hellip;]<\/p>\n","protected":false},"author":1,"featured_media":50478,"comment_status":"open","ping_status":"open","sticky":false,"template":"","format":"standard","meta":{"_angie_page":false,"_jetpack_newsletter_access":"","_jetpack_dont_email_post_to_subs":true,"_jetpack_newsletter_tier_id":0,"_jetpack_memberships_contains_paywalled_content":false,"page_builder":"","_jetpack_feature_clip_id":0,"_jetpack_memberships_contains_paid_content":false,"footnotes":"","jetpack_post_was_ever_published":false,"_members_access_role":[],"_members_access_error":""},"categories":[38],"tags":[],"class_list":["post-51317","post","type-post","status-publish","format-standard","has-post-thumbnail","hentry","category-dom-tom"],"yoast_head":"<!-- This site is optimized with the Yoast SEO plugin v28.3 - https:\/\/yoast.com\/product\/yoast-seo-wordpress\/ -->\n<title>Prison de Noum\u00e9a : La pr\u00e9vention des risques n&#039;est pas une option ! - Syndicat FO Justice<\/title>\n<meta name=\"description\" content=\"Syndicat FO Justice - DOM-TOM - Prison de Noum\u00e9a : La pr\u00e9vention des risques n&#039;est pas une option !\" \/>\n<meta name=\"robots\" content=\"index, follow, max-snippet:-1, max-image-preview:large, max-video-preview:-1\" \/>\n<link rel=\"canonical\" href=\"https:\/\/fojustice.fr\/web\/prison-de-noumea-la-prevention-des-risques-nest-pas-une-option\/\" \/>\n<meta property=\"og:locale\" content=\"fr_FR\" \/>\n<meta property=\"og:type\" content=\"article\" \/>\n<meta property=\"og:title\" content=\"Prison de Noum\u00e9a : La pr\u00e9vention des risques n&#039;est pas une option ! - Syndicat FO Justice\" \/>\n<meta property=\"og:description\" content=\"Syndicat FO Justice - DOM-TOM - Prison de Noum\u00e9a : La pr\u00e9vention des risques n&#039;est pas une option !\" \/>\n<meta property=\"og:url\" content=\"https:\/\/fojustice.fr\/web\/prison-de-noumea-la-prevention-des-risques-nest-pas-une-option\/\" \/>\n<meta property=\"og:site_name\" content=\"Syndicat FO Justice\" \/>\n<meta property=\"article:publisher\" content=\"https:\/\/www.facebook.com\/SyndicatFoJustice\" \/>\n<meta property=\"article:published_time\" content=\"2026-08-27T20:49:29+00:00\" \/>\n<meta property=\"article:modified_time\" content=\"2026-08-27T20:50:35+00:00\" \/>\n<meta property=\"og:image\" content=\"https:\/\/fojustice.fr\/web\/wp-content\/uploads\/2026\/07\/Capture-decran-2026-07-29-a-12.32.48-1024x678.png\" \/>\n\t<meta property=\"og:image:width\" content=\"1024\" \/>\n\t<meta property=\"og:image:height\" content=\"678\" \/>\n\t<meta property=\"og:image:type\" content=\"image\/png\" \/>\n<meta name=\"author\" content=\"adminfojustice\" \/>\n<meta name=\"twitter:card\" content=\"summary_large_image\" \/>\n<meta name=\"twitter:creator\" content=\"@SyndFoJustice\" \/>\n<meta name=\"twitter:site\" content=\"@SyndFoJustice\" \/>\n<meta name=\"twitter:label1\" content=\"\u00c9crit par\" \/>\n\t<meta name=\"twitter:data1\" content=\"adminfojustice\" \/>\n\t<meta name=\"twitter:label2\" content=\"Dur\u00e9e de lecture estim\u00e9e\" \/>\n\t<meta name=\"twitter:data2\" content=\"8 minutes\" \/>\n<script type=\"application\/ld+json\" class=\"yoast-schema-graph\">{\"@context\":\"https:\\\/\\\/schema.org\",\"@graph\":[{\"@type\":\"NewsArticle\",\"@id\":\"https:\\\/\\\/fojustice.fr\\\/web\\\/prison-de-noumea-la-prevention-des-risques-nest-pas-une-option\\\/#article\",\"isPartOf\":{\"@id\":\"https:\\\/\\\/fojustice.fr\\\/web\\\/prison-de-noumea-la-prevention-des-risques-nest-pas-une-option\\\/\"},\"author\":{\"name\":\"adminfojustice\",\"@id\":\"https:\\\/\\\/fojustice.fr\\\/web\\\/#\\\/schema\\\/person\\\/a51cb9c3495ce0ca62b78fc96ac3bf9f\"},\"headline\":\"Prison de Noum\u00e9a : La pr\u00e9vention des risques n&#8217;est pas une option !\",\"datePublished\":\"2026-08-27T20:49:29+00:00\",\"dateModified\":\"2026-08-27T20:50:35+00:00\",\"mainEntityOfPage\":{\"@id\":\"https:\\\/\\\/fojustice.fr\\\/web\\\/prison-de-noumea-la-prevention-des-risques-nest-pas-une-option\\\/\"},\"wordCount\":1636,\"commentCount\":0,\"publisher\":{\"@id\":\"https:\\\/\\\/fojustice.fr\\\/web\\\/#organization\"},\"image\":{\"@id\":\"https:\\\/\\\/fojustice.fr\\\/web\\\/prison-de-noumea-la-prevention-des-risques-nest-pas-une-option\\\/#primaryimage\"},\"thumbnailUrl\":\"https:\\\/\\\/fojustice.fr\\\/web\\\/wp-content\\\/uploads\\\/2026\\\/07\\\/Capture-decran-2026-07-29-a-12.32.48-scaled.png\",\"articleSection\":[\"DOM-TOM\"],\"inLanguage\":\"fr-FR\",\"potentialAction\":[{\"@type\":\"CommentAction\",\"name\":\"Comment\",\"target\":[\"https:\\\/\\\/fojustice.fr\\\/web\\\/prison-de-noumea-la-prevention-des-risques-nest-pas-une-option\\\/#respond\"]}]},{\"@type\":\"WebPage\",\"@id\":\"https:\\\/\\\/fojustice.fr\\\/web\\\/prison-de-noumea-la-prevention-des-risques-nest-pas-une-option\\\/\",\"url\":\"https:\\\/\\\/fojustice.fr\\\/web\\\/prison-de-noumea-la-prevention-des-risques-nest-pas-une-option\\\/\",\"name\":\"Prison de Noum\u00e9a : La pr\u00e9vention des risques n'est pas une option ! - Syndicat FO Justice\",\"isPartOf\":{\"@id\":\"https:\\\/\\\/fojustice.fr\\\/web\\\/#website\"},\"primaryImageOfPage\":{\"@id\":\"https:\\\/\\\/fojustice.fr\\\/web\\\/prison-de-noumea-la-prevention-des-risques-nest-pas-une-option\\\/#primaryimage\"},\"image\":{\"@id\":\"https:\\\/\\\/fojustice.fr\\\/web\\\/prison-de-noumea-la-prevention-des-risques-nest-pas-une-option\\\/#primaryimage\"},\"thumbnailUrl\":\"https:\\\/\\\/fojustice.fr\\\/web\\\/wp-content\\\/uploads\\\/2026\\\/07\\\/Capture-decran-2026-07-29-a-12.32.48-scaled.png\",\"datePublished\":\"2026-08-27T20:49:29+00:00\",\"dateModified\":\"2026-08-27T20:50:35+00:00\",\"description\":\"Syndicat FO Justice - DOM-TOM - Prison de Noum\u00e9a : La pr\u00e9vention des risques n'est pas une option !\",\"breadcrumb\":{\"@id\":\"https:\\\/\\\/fojustice.fr\\\/web\\\/prison-de-noumea-la-prevention-des-risques-nest-pas-une-option\\\/#breadcrumb\"},\"inLanguage\":\"fr-FR\",\"potentialAction\":[{\"@type\":\"ReadAction\",\"target\":[\"https:\\\/\\\/fojustice.fr\\\/web\\\/prison-de-noumea-la-prevention-des-risques-nest-pas-une-option\\\/\"]}]},{\"@type\":\"ImageObject\",\"inLanguage\":\"fr-FR\",\"@id\":\"https:\\\/\\\/fojustice.fr\\\/web\\\/prison-de-noumea-la-prevention-des-risques-nest-pas-une-option\\\/#primaryimage\",\"url\":\"https:\\\/\\\/fojustice.fr\\\/web\\\/wp-content\\\/uploads\\\/2026\\\/07\\\/Capture-decran-2026-07-29-a-12.32.48-scaled.png\",\"contentUrl\":\"https:\\\/\\\/fojustice.fr\\\/web\\\/wp-content\\\/uploads\\\/2026\\\/07\\\/Capture-decran-2026-07-29-a-12.32.48-scaled.png\",\"width\":2048,\"height\":1357},{\"@type\":\"BreadcrumbList\",\"@id\":\"https:\\\/\\\/fojustice.fr\\\/web\\\/prison-de-noumea-la-prevention-des-risques-nest-pas-une-option\\\/#breadcrumb\",\"itemListElement\":[{\"@type\":\"ListItem\",\"position\":1,\"name\":\"Accueil\",\"item\":\"https:\\\/\\\/fojustice.fr\\\/web\\\/\"},{\"@type\":\"ListItem\",\"position\":2,\"name\":\"Prison de Noum\u00e9a : La pr\u00e9vention des risques n&#8217;est pas une option !\"}]},{\"@type\":\"WebSite\",\"@id\":\"https:\\\/\\\/fojustice.fr\\\/web\\\/#website\",\"url\":\"https:\\\/\\\/fojustice.fr\\\/web\\\/\",\"name\":\"Syndicat FO Justice\",\"description\":\"Site du Syndicat National FO Justice\",\"publisher\":{\"@id\":\"https:\\\/\\\/fojustice.fr\\\/web\\\/#organization\"},\"alternateName\":\"Syndicat National FO Justice\",\"potentialAction\":[{\"@type\":\"SearchAction\",\"target\":{\"@type\":\"EntryPoint\",\"urlTemplate\":\"https:\\\/\\\/fojustice.fr\\\/web\\\/?s={search_term_string}\"},\"query-input\":{\"@type\":\"PropertyValueSpecification\",\"valueRequired\":true,\"valueName\":\"search_term_string\"}}],\"inLanguage\":\"fr-FR\"},{\"@type\":\"Organization\",\"@id\":\"https:\\\/\\\/fojustice.fr\\\/web\\\/#organization\",\"name\":\"Syndicat National FO Justice\",\"alternateName\":\"Syndicat National FO Justice\",\"url\":\"https:\\\/\\\/fojustice.fr\\\/web\\\/\",\"logo\":{\"@type\":\"ImageObject\",\"inLanguage\":\"fr-FR\",\"@id\":\"https:\\\/\\\/fojustice.fr\\\/web\\\/#\\\/schema\\\/logo\\\/image\\\/\",\"url\":\"https:\\\/\\\/fojustice.fr\\\/web\\\/wp-content\\\/uploads\\\/2022\\\/03\\\/logo-fo-justice.png\",\"contentUrl\":\"https:\\\/\\\/fojustice.fr\\\/web\\\/wp-content\\\/uploads\\\/2022\\\/03\\\/logo-fo-justice.png\",\"width\":800,\"height\":800,\"caption\":\"Syndicat National FO Justice\"},\"image\":{\"@id\":\"https:\\\/\\\/fojustice.fr\\\/web\\\/#\\\/schema\\\/logo\\\/image\\\/\"},\"sameAs\":[\"https:\\\/\\\/www.facebook.com\\\/SyndicatFoJustice\",\"https:\\\/\\\/x.com\\\/SyndFoJustice\"]},{\"@type\":\"Person\",\"@id\":\"https:\\\/\\\/fojustice.fr\\\/web\\\/#\\\/schema\\\/person\\\/a51cb9c3495ce0ca62b78fc96ac3bf9f\",\"name\":\"adminfojustice\",\"image\":{\"@type\":\"ImageObject\",\"inLanguage\":\"fr-FR\",\"@id\":\"https:\\\/\\\/secure.gravatar.com\\\/avatar\\\/368884c0ecc46e53d83c0c3c0af4c6c30a6bbc2aab7535848950f43a950bfd4e?s=96&d=mm&r=g\",\"url\":\"https:\\\/\\\/secure.gravatar.com\\\/avatar\\\/368884c0ecc46e53d83c0c3c0af4c6c30a6bbc2aab7535848950f43a950bfd4e?s=96&d=mm&r=g\",\"contentUrl\":\"https:\\\/\\\/secure.gravatar.com\\\/avatar\\\/368884c0ecc46e53d83c0c3c0af4c6c30a6bbc2aab7535848950f43a950bfd4e?s=96&d=mm&r=g\",\"caption\":\"adminfojustice\"},\"sameAs\":[\"https:\\\/\\\/www.fojustice.fr\\\/web\"],\"url\":\"https:\\\/\\\/fojustice.fr\\\/web\\\/author\\\/adminfojustice\\\/\"}]}<\/script>\n<!-- \/ Yoast SEO plugin. -->","yoast_head_json":{"title":"Prison de Noum\u00e9a : La pr\u00e9vention des risques n'est pas une option ! - Syndicat FO Justice","description":"Syndicat FO Justice - DOM-TOM - Prison de Noum\u00e9a : La pr\u00e9vention des risques n'est pas une option !","robots":{"index":"index","follow":"follow","max-snippet":"max-snippet:-1","max-image-preview":"max-image-preview:large","max-video-preview":"max-video-preview:-1"},"canonical":"https:\/\/fojustice.fr\/web\/prison-de-noumea-la-prevention-des-risques-nest-pas-une-option\/","og_locale":"fr_FR","og_type":"article","og_title":"Prison de Noum\u00e9a : La pr\u00e9vention des risques n'est pas une option ! - Syndicat FO Justice","og_description":"Syndicat FO Justice - DOM-TOM - Prison de Noum\u00e9a : La pr\u00e9vention des risques n'est pas une option !","og_url":"https:\/\/fojustice.fr\/web\/prison-de-noumea-la-prevention-des-risques-nest-pas-une-option\/","og_site_name":"Syndicat FO Justice","article_publisher":"https:\/\/www.facebook.com\/SyndicatFoJustice","article_published_time":"2026-08-27T20:49:29+00:00","article_modified_time":"2026-08-27T20:50:35+00:00","og_image":[{"width":1024,"height":678,"url":"https:\/\/fojustice.fr\/web\/wp-content\/uploads\/2026\/07\/Capture-decran-2026-07-29-a-12.32.48-1024x678.png","type":"image\/png"}],"author":"adminfojustice","twitter_card":"summary_large_image","twitter_creator":"@SyndFoJustice","twitter_site":"@SyndFoJustice","twitter_misc":{"\u00c9crit par":"adminfojustice","Dur\u00e9e de lecture estim\u00e9e":"8 minutes"},"schema":{"@context":"https:\/\/schema.org","@graph":[{"@type":"NewsArticle","@id":"https:\/\/fojustice.fr\/web\/prison-de-noumea-la-prevention-des-risques-nest-pas-une-option\/#article","isPartOf":{"@id":"https:\/\/fojustice.fr\/web\/prison-de-noumea-la-prevention-des-risques-nest-pas-une-option\/"},"author":{"name":"adminfojustice","@id":"https:\/\/fojustice.fr\/web\/#\/schema\/person\/a51cb9c3495ce0ca62b78fc96ac3bf9f"},"headline":"Prison de Noum\u00e9a : La pr\u00e9vention des risques n&#8217;est pas une option !","datePublished":"2026-08-27T20:49:29+00:00","dateModified":"2026-08-27T20:50:35+00:00","mainEntityOfPage":{"@id":"https:\/\/fojustice.fr\/web\/prison-de-noumea-la-prevention-des-risques-nest-pas-une-option\/"},"wordCount":1636,"commentCount":0,"publisher":{"@id":"https:\/\/fojustice.fr\/web\/#organization"},"image":{"@id":"https:\/\/fojustice.fr\/web\/prison-de-noumea-la-prevention-des-risques-nest-pas-une-option\/#primaryimage"},"thumbnailUrl":"https:\/\/fojustice.fr\/web\/wp-content\/uploads\/2026\/07\/Capture-decran-2026-07-29-a-12.32.48-scaled.png","articleSection":["DOM-TOM"],"inLanguage":"fr-FR","potentialAction":[{"@type":"CommentAction","name":"Comment","target":["https:\/\/fojustice.fr\/web\/prison-de-noumea-la-prevention-des-risques-nest-pas-une-option\/#respond"]}]},{"@type":"WebPage","@id":"https:\/\/fojustice.fr\/web\/prison-de-noumea-la-prevention-des-risques-nest-pas-une-option\/","url":"https:\/\/fojustice.fr\/web\/prison-de-noumea-la-prevention-des-risques-nest-pas-une-option\/","name":"Prison de Noum\u00e9a : La pr\u00e9vention des risques n'est pas une option ! - Syndicat FO Justice","isPartOf":{"@id":"https:\/\/fojustice.fr\/web\/#website"},"primaryImageOfPage":{"@id":"https:\/\/fojustice.fr\/web\/prison-de-noumea-la-prevention-des-risques-nest-pas-une-option\/#primaryimage"},"image":{"@id":"https:\/\/fojustice.fr\/web\/prison-de-noumea-la-prevention-des-risques-nest-pas-une-option\/#primaryimage"},"thumbnailUrl":"https:\/\/fojustice.fr\/web\/wp-content\/uploads\/2026\/07\/Capture-decran-2026-07-29-a-12.32.48-scaled.png","datePublished":"2026-08-27T20:49:29+00:00","dateModified":"2026-08-27T20:50:35+00:00","description":"Syndicat FO Justice - DOM-TOM - Prison de Noum\u00e9a : La pr\u00e9vention des risques n'est pas une option !","breadcrumb":{"@id":"https:\/\/fojustice.fr\/web\/prison-de-noumea-la-prevention-des-risques-nest-pas-une-option\/#breadcrumb"},"inLanguage":"fr-FR","potentialAction":[{"@type":"ReadAction","target":["https:\/\/fojustice.fr\/web\/prison-de-noumea-la-prevention-des-risques-nest-pas-une-option\/"]}]},{"@type":"ImageObject","inLanguage":"fr-FR","@id":"https:\/\/fojustice.fr\/web\/prison-de-noumea-la-prevention-des-risques-nest-pas-une-option\/#primaryimage","url":"https:\/\/fojustice.fr\/web\/wp-content\/uploads\/2026\/07\/Capture-decran-2026-07-29-a-12.32.48-scaled.png","contentUrl":"https:\/\/fojustice.fr\/web\/wp-content\/uploads\/2026\/07\/Capture-decran-2026-07-29-a-12.32.48-scaled.png","width":2048,"height":1357},{"@type":"BreadcrumbList","@id":"https:\/\/fojustice.fr\/web\/prison-de-noumea-la-prevention-des-risques-nest-pas-une-option\/#breadcrumb","itemListElement":[{"@type":"ListItem","position":1,"name":"Accueil","item":"https:\/\/fojustice.fr\/web\/"},{"@type":"ListItem","position":2,"name":"Prison de Noum\u00e9a : La pr\u00e9vention des risques n&#8217;est pas une option !"}]},{"@type":"WebSite","@id":"https:\/\/fojustice.fr\/web\/#website","url":"https:\/\/fojustice.fr\/web\/","name":"Syndicat FO Justice","description":"Site du Syndicat National FO Justice","publisher":{"@id":"https:\/\/fojustice.fr\/web\/#organization"},"alternateName":"Syndicat National FO Justice","potentialAction":[{"@type":"SearchAction","target":{"@type":"EntryPoint","urlTemplate":"https:\/\/fojustice.fr\/web\/?s={search_term_string}"},"query-input":{"@type":"PropertyValueSpecification","valueRequired":true,"valueName":"search_term_string"}}],"inLanguage":"fr-FR"},{"@type":"Organization","@id":"https:\/\/fojustice.fr\/web\/#organization","name":"Syndicat National FO Justice","alternateName":"Syndicat National FO Justice","url":"https:\/\/fojustice.fr\/web\/","logo":{"@type":"ImageObject","inLanguage":"fr-FR","@id":"https:\/\/fojustice.fr\/web\/#\/schema\/logo\/image\/","url":"https:\/\/fojustice.fr\/web\/wp-content\/uploads\/2022\/03\/logo-fo-justice.png","contentUrl":"https:\/\/fojustice.fr\/web\/wp-content\/uploads\/2022\/03\/logo-fo-justice.png","width":800,"height":800,"caption":"Syndicat National FO Justice"},"image":{"@id":"https:\/\/fojustice.fr\/web\/#\/schema\/logo\/image\/"},"sameAs":["https:\/\/www.facebook.com\/SyndicatFoJustice","https:\/\/x.com\/SyndFoJustice"]},{"@type":"Person","@id":"https:\/\/fojustice.fr\/web\/#\/schema\/person\/a51cb9c3495ce0ca62b78fc96ac3bf9f","name":"adminfojustice","image":{"@type":"ImageObject","inLanguage":"fr-FR","@id":"https:\/\/secure.gravatar.com\/avatar\/368884c0ecc46e53d83c0c3c0af4c6c30a6bbc2aab7535848950f43a950bfd4e?s=96&d=mm&r=g","url":"https:\/\/secure.gravatar.com\/avatar\/368884c0ecc46e53d83c0c3c0af4c6c30a6bbc2aab7535848950f43a950bfd4e?s=96&d=mm&r=g","contentUrl":"https:\/\/secure.gravatar.com\/avatar\/368884c0ecc46e53d83c0c3c0af4c6c30a6bbc2aab7535848950f43a950bfd4e?s=96&d=mm&r=g","caption":"adminfojustice"},"sameAs":["https:\/\/www.fojustice.fr\/web"],"url":"https:\/\/fojustice.fr\/web\/author\/adminfojustice\/"}]}},"jetpack_shortlink":"https:\/\/wp.me\/pdNWl1-dlH","jetpack_sharing_enabled":true,"jetpack_featured_media_url":"https:\/\/fojustice.fr\/web\/wp-content\/uploads\/2026\/07\/Capture-decran-2026-07-29-a-12.32.48-scaled.png","_links":{"self":[{"href":"https:\/\/fojustice.fr\/web\/wp-json\/wp\/v2\/posts\/51317","targetHints":{"allow":["GET"]}}],"collection":[{"href":"https:\/\/fojustice.fr\/web\/wp-json\/wp\/v2\/posts"}],"about":[{"href":"https:\/\/fojustice.fr\/web\/wp-json\/wp\/v2\/types\/post"}],"author":[{"embeddable":true,"href":"https:\/\/fojustice.fr\/web\/wp-json\/wp\/v2\/users\/1"}],"replies":[{"embeddable":true,"href":"https:\/\/fojustice.fr\/web\/wp-json\/wp\/v2\/comments?post=51317"}],"version-history":[{"count":4,"href":"https:\/\/fojustice.fr\/web\/wp-json\/wp\/v2\/posts\/51317\/revisions"}],"predecessor-version":[{"id":51322,"href":"https:\/\/fojustice.fr\/web\/wp-json\/wp\/v2\/posts\/51317\/revisions\/51322"}],"wp:featuredmedia":[{"embeddable":true,"href":"https:\/\/fojustice.fr\/web\/wp-json\/wp\/v2\/media\/50478"}],"wp:attachment":[{"href":"https:\/\/fojustice.fr\/web\/wp-json\/wp\/v2\/media?parent=51317"}],"wp:term":[{"taxonomy":"category","embeddable":true,"href":"https:\/\/fojustice.fr\/web\/wp-json\/wp\/v2\/categories?post=51317"},{"taxonomy":"post_tag","embeddable":true,"href":"https:\/\/fojustice.fr\/web\/wp-json\/wp\/v2\/tags?post=51317"}],"curies":[{"name":"wp","href":"https:\/\/api.w.org\/{rel}","templated":true}]}}