{"id":51314,"date":"2026-08-27T21:02:25","date_gmt":"2026-08-27T19:02:25","guid":{"rendered":"https:\/\/fojustice.fr\/web\/?p=51314"},"modified":"2026-08-27T21:02:25","modified_gmt":"2026-08-27T19:02:25","slug":"prison-de-fresnes-une-journee-sous-tres-haute-tension","status":"publish","type":"post","link":"https:\/\/fojustice.fr\/web\/prison-de-fresnes-une-journee-sous-tres-haute-tension\/","title":{"rendered":"Prison de Fresnes : Une journ\u00e9e sous tr\u00e8s haute tension !"},"content":{"rendered":"<p>Les personnels du Centre p\u00e9nitentiaire de Fresnes ont, une nouvelle fois, <span style=\"color: #ff0000;\"><strong>d\u00fb faire face \u00e0 une journ\u00e9e particuli\u00e8rement \u00e9prouvante.<\/strong><\/span><\/p>\n<p><span style=\"color: #ff0000;\"><strong>INTERVENTION EN D\u00c9TENTION : SIX AGENTS PRIS EN CHARGE !<\/strong><\/span><\/p>\n<p>Lors d\u2019une affectation de cellule, une personne d\u00e9tenue a refus\u00e9 l\u2019arriv\u00e9e d\u2019un nouveau cod\u00e9tenu et s\u2019est oppos\u00e9e <b>physiquement et avec virulence<\/b> \u00e0 l\u2019intervention des personnels.<\/p>\n<p>Les surveillants pr\u00e9sents, accompagn\u00e9s d\u2019un <b>brigadier-chef encadrant et d\u2019un major<\/b>, ont d\u00fb intervenir afin de reprendre le contr\u00f4le.<\/p>\n<p><span style=\"color: #ff0000;\"><b>PLUSIEURS COLL\u00c8GUES ONT \u00c9T\u00c9 BLESS\u00c9S ET CERTAINS EXPOS\u00c9S \u00c0 DES PROJECTIONS DE SANG.<\/b><\/span><\/p>\n<p><span style=\"color: #ff0000;\">\u27a1\ufe0f <b>SIX AGENTS ont n\u00e9cessit\u00e9 une prise en charge m\u00e9dicale \u00e0 l\u2019issue de l\u2019intervention.<\/b><\/span><\/p>\n<p><strong><span style=\"color: #ff0000;\">FO Justice<\/span> <\/strong>apporte son <b>soutien total<\/b> \u00e0 l\u2019ensemble de nos coll\u00e8gues concern\u00e9s et leur souhaite un prompt r\u00e9tablissement.<\/p>\n<p><span style=\"color: #000080;\"><strong>INTEMP\u00c9RIES : LES PERSONNELS ENCORE MOBILIS\u00c9S !<\/strong><\/span><\/p>\n<p>Dans le m\u00eame temps, les fortes intemp\u00e9ries ont provoqu\u00e9 plusieurs inondations au sein de l\u2019\u00e9tablissement et de ses structures rattach\u00e9es.<\/p>\n<p>L\u00e0 encore, les personnels ont r\u00e9pondu pr\u00e9sents pour <b>s\u00e9curiser les secteurs, g\u00e9rer les cons\u00e9quences de la mont\u00e9e des eaux et assurer la continuit\u00e9 du service.<\/b><\/p>\n<p>Selon les derni\u00e8res informations port\u00e9es \u00e0 notre connaissance, <b>la situation est d\u00e9sormais ma\u00eetris\u00e9e.<\/b><\/p>\n<p>D\u2019importantes op\u00e9rations de nettoyage sont pr\u00e9vues afin de remettre les secteurs concern\u00e9s en \u00e9tat.<\/p>\n<p style=\"text-align: center;\"><span style=\"color: #000080;\"><strong>AGRESSION, BLESSURES, INTEMP\u00c9RIES :<\/strong><\/span><\/p>\n<p style=\"text-align: center;\"><span style=\"color: #ff0000;\"><strong>NOS COLL\u00c8GUES TOUJOURS EN PREMI\u00c8RE LIGNE !<\/strong><\/span><\/p>\n<p>En quelques heures, nos coll\u00e8gues auront encore d\u00fb faire face \u00e0 l\u2019exceptionnel tout en continuant d\u2019assurer leurs missions.<\/p>\n<p><span style=\"color: #ff0000;\">\u27a1\ufe0f <b>\u00c0 nos coll\u00e8gues bless\u00e9s : tout notre soutien.<\/b><\/span><\/p>\n<p><span style=\"color: #ff0000;\">\u27a1\ufe0f <b>\u00c0 l\u2019ensemble des agents, grad\u00e9s et personnels mobilis\u00e9s aujourd\u2019hui : votre engagement m\u00e9rite d\u2019\u00eatre reconnu.<\/b><\/span><\/p>\n<p>FO Justice restera particuli\u00e8rement attentif aux suites de ces \u00e9v\u00e9nements, \u00e0 l\u2019accompagnement des agents concern\u00e9s et aux difficult\u00e9s rencontr\u00e9es sur le terrain.<\/p>\n<p><b>Besoin d\u2019un accompagnement, d\u2019une intervention ou simplement de nous faire remonter une difficult\u00e9 : sollicitez-nous.<\/b><\/p>\n<p style=\"text-align: center;\"><strong>NOUS SOMMES PR\u00c9SENTS \u00c0 VOS C\u00d4T\u00c9S.<\/strong><\/p>\n<p style=\"text-align: center;\"><strong>FACE \u00c0 L\u2019EXCEPTIONNEL, LES PERSONNELS R\u00c9PONDENT PR\u00c9SENTS.<\/strong><\/p>\n<p style=\"text-align: center;\"><strong><span style=\"color: #ff0000;\">FO JUSTICE<\/span> AUSSI !<\/strong><\/p>\n<p><a href=\"https:\/\/fojustice.fr\/web\/wp-content\/uploads\/2026\/08\/DOC-20260827-WA0065.pdf\">Lire le communiqu\u00e9<\/a><\/p>\n","protected":false},"excerpt":{"rendered":"<p>Les personnels du Centre p\u00e9nitentiaire de Fresnes ont, une nouvelle fois, d\u00fb faire face \u00e0 une journ\u00e9e particuli\u00e8rement \u00e9prouvante. INTERVENTION EN D\u00c9TENTION : SIX AGENTS PRIS EN CHARGE ! Lors d\u2019une affectation de cellule, une personne d\u00e9tenue a refus\u00e9 l\u2019arriv\u00e9e d\u2019un nouveau cod\u00e9tenu et s\u2019est oppos\u00e9e physiquement et avec virulence \u00e0 l\u2019intervention des personnels. Les [&hellip;]<\/p>\n","protected":false},"author":1,"featured_media":8311,"comment_status":"open","ping_status":"open","sticky":false,"template":"","format":"standard","meta":{"_angie_page":false,"_jetpack_newsletter_access":"","_jetpack_dont_email_post_to_subs":true,"_jetpack_newsletter_tier_id":0,"_jetpack_memberships_contains_paywalled_content":false,"page_builder":"","_jetpack_feature_clip_id":0,"_jetpack_memberships_contains_paid_content":false,"footnotes":"","jetpack_post_was_ever_published":false,"_members_access_role":[],"_members_access_error":""},"categories":[34],"tags":[],"class_list":["post-51314","post","type-post","status-publish","format-standard","has-post-thumbnail","hentry","category-disp-paris"],"yoast_head":"<!-- This site is optimized with the Yoast SEO plugin v28.3 - https:\/\/yoast.com\/product\/yoast-seo-wordpress\/ -->\n<title>Prison de Fresnes : Une journ\u00e9e sous tr\u00e8s haute tension ! - Syndicat FO Justice<\/title>\n<meta name=\"description\" content=\"Syndicat FO Justice - DISP Paris - Prison de Fresnes : Une journ\u00e9e sous tr\u00e8s haute tension !\" \/>\n<meta name=\"robots\" content=\"index, follow, max-snippet:-1, max-image-preview:large, max-video-preview:-1\" \/>\n<link rel=\"canonical\" href=\"https:\/\/fojustice.fr\/web\/prison-de-fresnes-une-journee-sous-tres-haute-tension\/\" \/>\n<meta property=\"og:locale\" content=\"fr_FR\" \/>\n<meta property=\"og:type\" content=\"article\" \/>\n<meta property=\"og:title\" content=\"Prison de Fresnes : Une journ\u00e9e sous tr\u00e8s haute tension ! - Syndicat FO Justice\" \/>\n<meta property=\"og:description\" content=\"Syndicat FO Justice - DISP Paris - Prison de Fresnes : Une journ\u00e9e sous tr\u00e8s haute tension !\" \/>\n<meta property=\"og:url\" content=\"https:\/\/fojustice.fr\/web\/prison-de-fresnes-une-journee-sous-tres-haute-tension\/\" \/>\n<meta property=\"og:site_name\" content=\"Syndicat FO Justice\" \/>\n<meta property=\"article:publisher\" content=\"https:\/\/www.facebook.com\/SyndicatFoJustice\" \/>\n<meta property=\"article:published_time\" content=\"2026-08-27T19:02:25+00:00\" \/>\n<meta property=\"og:image\" content=\"https:\/\/fojustice.fr\/web\/wp-content\/uploads\/2022\/10\/fresnes.jpeg\" \/>\n\t<meta property=\"og:image:width\" content=\"1350\" \/>\n\t<meta property=\"og:image:height\" content=\"759\" \/>\n\t<meta property=\"og:image:type\" content=\"image\/jpeg\" \/>\n<meta name=\"author\" content=\"adminfojustice\" \/>\n<meta name=\"twitter:card\" content=\"summary_large_image\" \/>\n<meta name=\"twitter:creator\" content=\"@SyndFoJustice\" \/>\n<meta name=\"twitter:site\" content=\"@SyndFoJustice\" \/>\n<meta name=\"twitter:label1\" content=\"\u00c9crit par\" \/>\n\t<meta name=\"twitter:data1\" content=\"adminfojustice\" \/>\n\t<meta name=\"twitter:label2\" content=\"Dur\u00e9e de lecture estim\u00e9e\" \/>\n\t<meta name=\"twitter:data2\" content=\"2 minutes\" \/>\n<script type=\"application\/ld+json\" class=\"yoast-schema-graph\">{\"@context\":\"https:\\\/\\\/schema.org\",\"@graph\":[{\"@type\":\"NewsArticle\",\"@id\":\"https:\\\/\\\/fojustice.fr\\\/web\\\/prison-de-fresnes-une-journee-sous-tres-haute-tension\\\/#article\",\"isPartOf\":{\"@id\":\"https:\\\/\\\/fojustice.fr\\\/web\\\/prison-de-fresnes-une-journee-sous-tres-haute-tension\\\/\"},\"author\":{\"name\":\"adminfojustice\",\"@id\":\"https:\\\/\\\/fojustice.fr\\\/web\\\/#\\\/schema\\\/person\\\/a51cb9c3495ce0ca62b78fc96ac3bf9f\"},\"headline\":\"Prison de Fresnes : Une journ\u00e9e sous tr\u00e8s haute tension !\",\"datePublished\":\"2026-08-27T19:02:25+00:00\",\"mainEntityOfPage\":{\"@id\":\"https:\\\/\\\/fojustice.fr\\\/web\\\/prison-de-fresnes-une-journee-sous-tres-haute-tension\\\/\"},\"wordCount\":371,\"commentCount\":0,\"publisher\":{\"@id\":\"https:\\\/\\\/fojustice.fr\\\/web\\\/#organization\"},\"image\":{\"@id\":\"https:\\\/\\\/fojustice.fr\\\/web\\\/prison-de-fresnes-une-journee-sous-tres-haute-tension\\\/#primaryimage\"},\"thumbnailUrl\":\"https:\\\/\\\/fojustice.fr\\\/web\\\/wp-content\\\/uploads\\\/2022\\\/10\\\/fresnes.jpeg\",\"articleSection\":[\"DISP Paris\"],\"inLanguage\":\"fr-FR\",\"potentialAction\":[{\"@type\":\"CommentAction\",\"name\":\"Comment\",\"target\":[\"https:\\\/\\\/fojustice.fr\\\/web\\\/prison-de-fresnes-une-journee-sous-tres-haute-tension\\\/#respond\"]}]},{\"@type\":\"WebPage\",\"@id\":\"https:\\\/\\\/fojustice.fr\\\/web\\\/prison-de-fresnes-une-journee-sous-tres-haute-tension\\\/\",\"url\":\"https:\\\/\\\/fojustice.fr\\\/web\\\/prison-de-fresnes-une-journee-sous-tres-haute-tension\\\/\",\"name\":\"Prison de Fresnes : Une journ\u00e9e sous tr\u00e8s haute tension ! - Syndicat FO Justice\",\"isPartOf\":{\"@id\":\"https:\\\/\\\/fojustice.fr\\\/web\\\/#website\"},\"primaryImageOfPage\":{\"@id\":\"https:\\\/\\\/fojustice.fr\\\/web\\\/prison-de-fresnes-une-journee-sous-tres-haute-tension\\\/#primaryimage\"},\"image\":{\"@id\":\"https:\\\/\\\/fojustice.fr\\\/web\\\/prison-de-fresnes-une-journee-sous-tres-haute-tension\\\/#primaryimage\"},\"thumbnailUrl\":\"https:\\\/\\\/fojustice.fr\\\/web\\\/wp-content\\\/uploads\\\/2022\\\/10\\\/fresnes.jpeg\",\"datePublished\":\"2026-08-27T19:02:25+00:00\",\"description\":\"Syndicat FO Justice - DISP Paris - Prison de Fresnes : Une journ\u00e9e sous tr\u00e8s haute tension !\",\"breadcrumb\":{\"@id\":\"https:\\\/\\\/fojustice.fr\\\/web\\\/prison-de-fresnes-une-journee-sous-tres-haute-tension\\\/#breadcrumb\"},\"inLanguage\":\"fr-FR\",\"potentialAction\":[{\"@type\":\"ReadAction\",\"target\":[\"https:\\\/\\\/fojustice.fr\\\/web\\\/prison-de-fresnes-une-journee-sous-tres-haute-tension\\\/\"]}]},{\"@type\":\"ImageObject\",\"inLanguage\":\"fr-FR\",\"@id\":\"https:\\\/\\\/fojustice.fr\\\/web\\\/prison-de-fresnes-une-journee-sous-tres-haute-tension\\\/#primaryimage\",\"url\":\"https:\\\/\\\/fojustice.fr\\\/web\\\/wp-content\\\/uploads\\\/2022\\\/10\\\/fresnes.jpeg\",\"contentUrl\":\"https:\\\/\\\/fojustice.fr\\\/web\\\/wp-content\\\/uploads\\\/2022\\\/10\\\/fresnes.jpeg\",\"width\":1350,\"height\":759},{\"@type\":\"BreadcrumbList\",\"@id\":\"https:\\\/\\\/fojustice.fr\\\/web\\\/prison-de-fresnes-une-journee-sous-tres-haute-tension\\\/#breadcrumb\",\"itemListElement\":[{\"@type\":\"ListItem\",\"position\":1,\"name\":\"Accueil\",\"item\":\"https:\\\/\\\/fojustice.fr\\\/web\\\/\"},{\"@type\":\"ListItem\",\"position\":2,\"name\":\"Prison de Fresnes : Une journ\u00e9e sous tr\u00e8s haute tension !\"}]},{\"@type\":\"WebSite\",\"@id\":\"https:\\\/\\\/fojustice.fr\\\/web\\\/#website\",\"url\":\"https:\\\/\\\/fojustice.fr\\\/web\\\/\",\"name\":\"Syndicat FO Justice\",\"description\":\"Site du Syndicat National FO Justice\",\"publisher\":{\"@id\":\"https:\\\/\\\/fojustice.fr\\\/web\\\/#organization\"},\"alternateName\":\"Syndicat National FO Justice\",\"potentialAction\":[{\"@type\":\"SearchAction\",\"target\":{\"@type\":\"EntryPoint\",\"urlTemplate\":\"https:\\\/\\\/fojustice.fr\\\/web\\\/?s={search_term_string}\"},\"query-input\":{\"@type\":\"PropertyValueSpecification\",\"valueRequired\":true,\"valueName\":\"search_term_string\"}}],\"inLanguage\":\"fr-FR\"},{\"@type\":\"Organization\",\"@id\":\"https:\\\/\\\/fojustice.fr\\\/web\\\/#organization\",\"name\":\"Syndicat National FO Justice\",\"alternateName\":\"Syndicat National FO Justice\",\"url\":\"https:\\\/\\\/fojustice.fr\\\/web\\\/\",\"logo\":{\"@type\":\"ImageObject\",\"inLanguage\":\"fr-FR\",\"@id\":\"https:\\\/\\\/fojustice.fr\\\/web\\\/#\\\/schema\\\/logo\\\/image\\\/\",\"url\":\"https:\\\/\\\/fojustice.fr\\\/web\\\/wp-content\\\/uploads\\\/2022\\\/03\\\/logo-fo-justice.png\",\"contentUrl\":\"https:\\\/\\\/fojustice.fr\\\/web\\\/wp-content\\\/uploads\\\/2022\\\/03\\\/logo-fo-justice.png\",\"width\":800,\"height\":800,\"caption\":\"Syndicat National FO Justice\"},\"image\":{\"@id\":\"https:\\\/\\\/fojustice.fr\\\/web\\\/#\\\/schema\\\/logo\\\/image\\\/\"},\"sameAs\":[\"https:\\\/\\\/www.facebook.com\\\/SyndicatFoJustice\",\"https:\\\/\\\/x.com\\\/SyndFoJustice\"]},{\"@type\":\"Person\",\"@id\":\"https:\\\/\\\/fojustice.fr\\\/web\\\/#\\\/schema\\\/person\\\/a51cb9c3495ce0ca62b78fc96ac3bf9f\",\"name\":\"adminfojustice\",\"image\":{\"@type\":\"ImageObject\",\"inLanguage\":\"fr-FR\",\"@id\":\"https:\\\/\\\/secure.gravatar.com\\\/avatar\\\/368884c0ecc46e53d83c0c3c0af4c6c30a6bbc2aab7535848950f43a950bfd4e?s=96&d=mm&r=g\",\"url\":\"https:\\\/\\\/secure.gravatar.com\\\/avatar\\\/368884c0ecc46e53d83c0c3c0af4c6c30a6bbc2aab7535848950f43a950bfd4e?s=96&d=mm&r=g\",\"contentUrl\":\"https:\\\/\\\/secure.gravatar.com\\\/avatar\\\/368884c0ecc46e53d83c0c3c0af4c6c30a6bbc2aab7535848950f43a950bfd4e?s=96&d=mm&r=g\",\"caption\":\"adminfojustice\"},\"sameAs\":[\"https:\\\/\\\/www.fojustice.fr\\\/web\"],\"url\":\"https:\\\/\\\/fojustice.fr\\\/web\\\/author\\\/adminfojustice\\\/\"}]}<\/script>\n<!-- \/ Yoast SEO plugin. -->","yoast_head_json":{"title":"Prison de Fresnes : Une journ\u00e9e sous tr\u00e8s haute tension ! - Syndicat FO Justice","description":"Syndicat FO Justice - DISP Paris - Prison de Fresnes : Une journ\u00e9e sous tr\u00e8s haute tension !","robots":{"index":"index","follow":"follow","max-snippet":"max-snippet:-1","max-image-preview":"max-image-preview:large","max-video-preview":"max-video-preview:-1"},"canonical":"https:\/\/fojustice.fr\/web\/prison-de-fresnes-une-journee-sous-tres-haute-tension\/","og_locale":"fr_FR","og_type":"article","og_title":"Prison de Fresnes : Une journ\u00e9e sous tr\u00e8s haute tension ! - Syndicat FO Justice","og_description":"Syndicat FO Justice - DISP Paris - Prison de Fresnes : Une journ\u00e9e sous tr\u00e8s haute tension !","og_url":"https:\/\/fojustice.fr\/web\/prison-de-fresnes-une-journee-sous-tres-haute-tension\/","og_site_name":"Syndicat FO Justice","article_publisher":"https:\/\/www.facebook.com\/SyndicatFoJustice","article_published_time":"2026-08-27T19:02:25+00:00","og_image":[{"width":1350,"height":759,"url":"https:\/\/fojustice.fr\/web\/wp-content\/uploads\/2022\/10\/fresnes.jpeg","type":"image\/jpeg"}],"author":"adminfojustice","twitter_card":"summary_large_image","twitter_creator":"@SyndFoJustice","twitter_site":"@SyndFoJustice","twitter_misc":{"\u00c9crit par":"adminfojustice","Dur\u00e9e de lecture estim\u00e9e":"2 minutes"},"schema":{"@context":"https:\/\/schema.org","@graph":[{"@type":"NewsArticle","@id":"https:\/\/fojustice.fr\/web\/prison-de-fresnes-une-journee-sous-tres-haute-tension\/#article","isPartOf":{"@id":"https:\/\/fojustice.fr\/web\/prison-de-fresnes-une-journee-sous-tres-haute-tension\/"},"author":{"name":"adminfojustice","@id":"https:\/\/fojustice.fr\/web\/#\/schema\/person\/a51cb9c3495ce0ca62b78fc96ac3bf9f"},"headline":"Prison de Fresnes : Une journ\u00e9e sous tr\u00e8s haute tension !","datePublished":"2026-08-27T19:02:25+00:00","mainEntityOfPage":{"@id":"https:\/\/fojustice.fr\/web\/prison-de-fresnes-une-journee-sous-tres-haute-tension\/"},"wordCount":371,"commentCount":0,"publisher":{"@id":"https:\/\/fojustice.fr\/web\/#organization"},"image":{"@id":"https:\/\/fojustice.fr\/web\/prison-de-fresnes-une-journee-sous-tres-haute-tension\/#primaryimage"},"thumbnailUrl":"https:\/\/fojustice.fr\/web\/wp-content\/uploads\/2022\/10\/fresnes.jpeg","articleSection":["DISP Paris"],"inLanguage":"fr-FR","potentialAction":[{"@type":"CommentAction","name":"Comment","target":["https:\/\/fojustice.fr\/web\/prison-de-fresnes-une-journee-sous-tres-haute-tension\/#respond"]}]},{"@type":"WebPage","@id":"https:\/\/fojustice.fr\/web\/prison-de-fresnes-une-journee-sous-tres-haute-tension\/","url":"https:\/\/fojustice.fr\/web\/prison-de-fresnes-une-journee-sous-tres-haute-tension\/","name":"Prison de Fresnes : Une journ\u00e9e sous tr\u00e8s haute tension ! - Syndicat FO Justice","isPartOf":{"@id":"https:\/\/fojustice.fr\/web\/#website"},"primaryImageOfPage":{"@id":"https:\/\/fojustice.fr\/web\/prison-de-fresnes-une-journee-sous-tres-haute-tension\/#primaryimage"},"image":{"@id":"https:\/\/fojustice.fr\/web\/prison-de-fresnes-une-journee-sous-tres-haute-tension\/#primaryimage"},"thumbnailUrl":"https:\/\/fojustice.fr\/web\/wp-content\/uploads\/2022\/10\/fresnes.jpeg","datePublished":"2026-08-27T19:02:25+00:00","description":"Syndicat FO Justice - DISP Paris - Prison de Fresnes : Une journ\u00e9e sous tr\u00e8s haute tension !","breadcrumb":{"@id":"https:\/\/fojustice.fr\/web\/prison-de-fresnes-une-journee-sous-tres-haute-tension\/#breadcrumb"},"inLanguage":"fr-FR","potentialAction":[{"@type":"ReadAction","target":["https:\/\/fojustice.fr\/web\/prison-de-fresnes-une-journee-sous-tres-haute-tension\/"]}]},{"@type":"ImageObject","inLanguage":"fr-FR","@id":"https:\/\/fojustice.fr\/web\/prison-de-fresnes-une-journee-sous-tres-haute-tension\/#primaryimage","url":"https:\/\/fojustice.fr\/web\/wp-content\/uploads\/2022\/10\/fresnes.jpeg","contentUrl":"https:\/\/fojustice.fr\/web\/wp-content\/uploads\/2022\/10\/fresnes.jpeg","width":1350,"height":759},{"@type":"BreadcrumbList","@id":"https:\/\/fojustice.fr\/web\/prison-de-fresnes-une-journee-sous-tres-haute-tension\/#breadcrumb","itemListElement":[{"@type":"ListItem","position":1,"name":"Accueil","item":"https:\/\/fojustice.fr\/web\/"},{"@type":"ListItem","position":2,"name":"Prison de Fresnes : Une journ\u00e9e sous tr\u00e8s haute tension !"}]},{"@type":"WebSite","@id":"https:\/\/fojustice.fr\/web\/#website","url":"https:\/\/fojustice.fr\/web\/","name":"Syndicat FO Justice","description":"Site du Syndicat National FO Justice","publisher":{"@id":"https:\/\/fojustice.fr\/web\/#organization"},"alternateName":"Syndicat National FO Justice","potentialAction":[{"@type":"SearchAction","target":{"@type":"EntryPoint","urlTemplate":"https:\/\/fojustice.fr\/web\/?s={search_term_string}"},"query-input":{"@type":"PropertyValueSpecification","valueRequired":true,"valueName":"search_term_string"}}],"inLanguage":"fr-FR"},{"@type":"Organization","@id":"https:\/\/fojustice.fr\/web\/#organization","name":"Syndicat National FO Justice","alternateName":"Syndicat National FO Justice","url":"https:\/\/fojustice.fr\/web\/","logo":{"@type":"ImageObject","inLanguage":"fr-FR","@id":"https:\/\/fojustice.fr\/web\/#\/schema\/logo\/image\/","url":"https:\/\/fojustice.fr\/web\/wp-content\/uploads\/2022\/03\/logo-fo-justice.png","contentUrl":"https:\/\/fojustice.fr\/web\/wp-content\/uploads\/2022\/03\/logo-fo-justice.png","width":800,"height":800,"caption":"Syndicat National FO Justice"},"image":{"@id":"https:\/\/fojustice.fr\/web\/#\/schema\/logo\/image\/"},"sameAs":["https:\/\/www.facebook.com\/SyndicatFoJustice","https:\/\/x.com\/SyndFoJustice"]},{"@type":"Person","@id":"https:\/\/fojustice.fr\/web\/#\/schema\/person\/a51cb9c3495ce0ca62b78fc96ac3bf9f","name":"adminfojustice","image":{"@type":"ImageObject","inLanguage":"fr-FR","@id":"https:\/\/secure.gravatar.com\/avatar\/368884c0ecc46e53d83c0c3c0af4c6c30a6bbc2aab7535848950f43a950bfd4e?s=96&d=mm&r=g","url":"https:\/\/secure.gravatar.com\/avatar\/368884c0ecc46e53d83c0c3c0af4c6c30a6bbc2aab7535848950f43a950bfd4e?s=96&d=mm&r=g","contentUrl":"https:\/\/secure.gravatar.com\/avatar\/368884c0ecc46e53d83c0c3c0af4c6c30a6bbc2aab7535848950f43a950bfd4e?s=96&d=mm&r=g","caption":"adminfojustice"},"sameAs":["https:\/\/www.fojustice.fr\/web"],"url":"https:\/\/fojustice.fr\/web\/author\/adminfojustice\/"}]}},"jetpack_shortlink":"https:\/\/wp.me\/pdNWl1-dlE","jetpack_sharing_enabled":true,"jetpack_featured_media_url":"https:\/\/fojustice.fr\/web\/wp-content\/uploads\/2022\/10\/fresnes.jpeg","_links":{"self":[{"href":"https:\/\/fojustice.fr\/web\/wp-json\/wp\/v2\/posts\/51314","targetHints":{"allow":["GET"]}}],"collection":[{"href":"https:\/\/fojustice.fr\/web\/wp-json\/wp\/v2\/posts"}],"about":[{"href":"https:\/\/fojustice.fr\/web\/wp-json\/wp\/v2\/types\/post"}],"author":[{"embeddable":true,"href":"https:\/\/fojustice.fr\/web\/wp-json\/wp\/v2\/users\/1"}],"replies":[{"embeddable":true,"href":"https:\/\/fojustice.fr\/web\/wp-json\/wp\/v2\/comments?post=51314"}],"version-history":[{"count":1,"href":"https:\/\/fojustice.fr\/web\/wp-json\/wp\/v2\/posts\/51314\/revisions"}],"predecessor-version":[{"id":51316,"href":"https:\/\/fojustice.fr\/web\/wp-json\/wp\/v2\/posts\/51314\/revisions\/51316"}],"wp:featuredmedia":[{"embeddable":true,"href":"https:\/\/fojustice.fr\/web\/wp-json\/wp\/v2\/media\/8311"}],"wp:attachment":[{"href":"https:\/\/fojustice.fr\/web\/wp-json\/wp\/v2\/media?parent=51314"}],"wp:term":[{"taxonomy":"category","embeddable":true,"href":"https:\/\/fojustice.fr\/web\/wp-json\/wp\/v2\/categories?post=51314"},{"taxonomy":"post_tag","embeddable":true,"href":"https:\/\/fojustice.fr\/web\/wp-json\/wp\/v2\/tags?post=51314"}],"curies":[{"name":"wp","href":"https:\/\/api.w.org\/{rel}","templated":true}]}}