{"id":51305,"date":"2026-08-27T16:49:01","date_gmt":"2026-08-27T14:49:01","guid":{"rendered":"https:\/\/fojustice.fr\/web\/?p=51305"},"modified":"2026-08-27T16:49:01","modified_gmt":"2026-08-27T14:49:01","slug":"di-de-lyon-gratuite-des-tcl-pour-les-forces-de-lordre-les-personnels-penitentiaires-sont-ils-concernes","status":"publish","type":"post","link":"https:\/\/fojustice.fr\/web\/di-de-lyon-gratuite-des-tcl-pour-les-forces-de-lordre-les-personnels-penitentiaires-sont-ils-concernes\/","title":{"rendered":"DI de Lyon : Gratuit\u00e9 des TCL pour les forces de l&#8217;ordre, les personnels p\u00e9nitentiaires sont-ils concern\u00e9s ?"},"content":{"rendered":"<p class=\"p1\"><span class=\"s1\">M LUI-HIN-TS<\/span>AN Didier A Madame SARSELLI V\u00e9ronique Secr\u00e9taire R\u00e9gionale FO Justice Lyon Pr\u00e9sidente de la M\u00e9tropole de Lyon Pr\u00e9sidente de SYTRAL Mobilit\u00e9s<\/p>\n<p class=\"p1\"><span style=\"text-decoration: underline;\">Objet<\/span> : Gratuit\u00e9 des TCL pour les personnels p\u00e9nitentiaires<\/p>\n<p class=\"p1\">Madame la Pr\u00e9sidente,<\/p>\n<p class=\"p1\">L\u2019<span class=\"s2\" style=\"color: #ff0000;\"><b>U<\/b><\/span>nion <span class=\"s2\"><b>I<\/b><\/span>nterr\u00e9gionale des <span class=\"s2\" style=\"color: #ff0000;\"><b>S<\/b><\/span>ervices <span class=\"s2\" style=\"color: #ff0000;\"><b>P<\/b><\/span>\u00e9nitentiaires <span class=\"s2\"><span style=\"color: #ff0000;\"><b>FO Justice<\/b><\/span> L<\/span>yon a bien pris acte de votre volont\u00e9 de rendre gratuits les TCL pour les forces de l\u2019ordre, lors de votre intervention aux m\u00e9dias du 25 ao\u00fbt 2026 afin de renforcer la s\u00e9curit\u00e9 des citoyens lyonnais dans les transports en commun.<\/p>\n<p class=\"p1\">Nous prenons cette annonce avec beaucoup d\u2019enthousiasme et ne pouvons qu\u2019\u00eatre satisfaits d\u2019une telle mesure.<\/p>\n<p class=\"p1\">En tant que 3<span class=\"s3\">\u00e8me<\/span> force de s\u00e9curit\u00e9 int\u00e9rieure, notre int\u00e9gration \u00e0 ce dispositif constituerait une marque de reconnaissance de notre professionnalisme.<\/p>\n<p class=\"p1\">Notre pr\u00e9sence permettrait un \u00e9largissement des ressources humaines, capables de renforcer et d\u2019assurer la s\u00e9curit\u00e9 dans les transports.<\/p>\n<p class=\"p1\">Nos missions au quotidien ciblent la s\u00e9curisation int\u00e9rieure et p\u00e9rim\u00e9trique des \u00e9tablissements p\u00e9nitentiaires, la garde et la protection des personnes qui nous sont confi\u00e9es, ainsi que des missions ext\u00e9rieures sur la voie publique.<\/p>\n<p class=\"p1\">Nous sommes form\u00e9s en grande partie aux techniques d\u2019intervention, \u00e0 l\u2019utilisation des armes et \u00e0 la gestion des conflits. De nous avoir \u00e0 vos c\u00f4t\u00e9s sera un plus pour les usagers.<\/p>\n<p class=\"p1\">Votre annonce laisse \u00e0 penser que notre int\u00e9gration \u00e0 ce dispositif est de fait, de par notre statut de force de s\u00e9curit\u00e9 de l\u2019\u00c9tat.<\/p>\n<p class=\"p1\">Dans le cas contraire, nous vous demandons de prendre en consid\u00e9ration notre courrier.<\/p>\n<p class=\"p1\">L\u2019<span class=\"s2\" style=\"color: #ff0000;\"><b>UISP FO Justice Lyon <\/b><\/span>reste \u00e0 votre disposition pour tout \u00e9change afin de vous apporter des \u00e9l\u00e9ments compl\u00e9mentaires pouvant motiver votre d\u00e9cision quant \u00e0 notre int\u00e9gration \u00e0 ce dispositif.<\/p>\n<p class=\"p1\">Comptant sur votre diligence, je vous prie d\u2019agr\u00e9er, madame, l\u2019expression de notre haute consid\u00e9ration.<\/p>\n<p><a href=\"https:\/\/fojustice.fr\/web\/wp-content\/uploads\/2026\/08\/LETTRE-OUVERTE-Metropole-de-Lyon.pdf\">Lire le communiqu\u00e9<\/a><\/p>\n","protected":false},"excerpt":{"rendered":"<p>M LUI-HIN-TSAN Didier A Madame SARSELLI V\u00e9ronique Secr\u00e9taire R\u00e9gionale FO Justice Lyon Pr\u00e9sidente de la M\u00e9tropole de Lyon Pr\u00e9sidente de SYTRAL Mobilit\u00e9s Objet : Gratuit\u00e9 des TCL pour les personnels p\u00e9nitentiaires Madame la Pr\u00e9sidente, L\u2019Union Interr\u00e9gionale des Services P\u00e9nitentiaires FO Justice Lyon a bien pris acte de votre volont\u00e9 de rendre gratuits les TCL pour [&hellip;]<\/p>\n","protected":false},"author":1,"featured_media":51307,"comment_status":"open","ping_status":"open","sticky":false,"template":"","format":"standard","meta":{"_angie_page":false,"_jetpack_newsletter_access":"","_jetpack_dont_email_post_to_subs":true,"_jetpack_newsletter_tier_id":0,"_jetpack_memberships_contains_paywalled_content":false,"page_builder":"","_jetpack_feature_clip_id":0,"_jetpack_memberships_contains_paid_content":false,"footnotes":"","jetpack_post_was_ever_published":false,"_members_access_role":[],"_members_access_error":""},"categories":[32],"tags":[],"class_list":["post-51305","post","type-post","status-publish","format-standard","has-post-thumbnail","hentry","category-disp-lyon"],"yoast_head":"<!-- This site is optimized with the Yoast SEO plugin v28.3 - https:\/\/yoast.com\/product\/yoast-seo-wordpress\/ -->\n<title>DI de Lyon : Gratuit\u00e9 des TCL pour les forces de l&#039;ordre, les personnels p\u00e9nitentiaires sont-ils concern\u00e9s ? - Syndicat FO Justice<\/title>\n<meta name=\"description\" content=\"Syndicat FO Justice - DISP Lyon - DI de Lyon : Gratuit\u00e9 des TCL pour les forces de l&#039;ordre, les personnels p\u00e9nitentiaires sont-ils concern\u00e9s ?\" \/>\n<meta name=\"robots\" content=\"index, follow, max-snippet:-1, max-image-preview:large, max-video-preview:-1\" \/>\n<link rel=\"canonical\" href=\"https:\/\/fojustice.fr\/web\/di-de-lyon-gratuite-des-tcl-pour-les-forces-de-lordre-les-personnels-penitentiaires-sont-ils-concernes\/\" \/>\n<meta property=\"og:locale\" content=\"fr_FR\" \/>\n<meta property=\"og:type\" content=\"article\" \/>\n<meta property=\"og:title\" content=\"DI de Lyon : Gratuit\u00e9 des TCL pour les forces de l&#039;ordre, les personnels p\u00e9nitentiaires sont-ils concern\u00e9s ? - Syndicat FO Justice\" \/>\n<meta property=\"og:description\" content=\"Syndicat FO Justice - DISP Lyon - DI de Lyon : Gratuit\u00e9 des TCL pour les forces de l&#039;ordre, les personnels p\u00e9nitentiaires sont-ils concern\u00e9s ?\" \/>\n<meta property=\"og:url\" content=\"https:\/\/fojustice.fr\/web\/di-de-lyon-gratuite-des-tcl-pour-les-forces-de-lordre-les-personnels-penitentiaires-sont-ils-concernes\/\" \/>\n<meta property=\"og:site_name\" content=\"Syndicat FO Justice\" \/>\n<meta property=\"article:publisher\" content=\"https:\/\/www.facebook.com\/SyndicatFoJustice\" \/>\n<meta property=\"article:published_time\" content=\"2026-08-27T14:49:01+00:00\" \/>\n<meta property=\"og:image\" content=\"https:\/\/fojustice.fr\/web\/wp-content\/uploads\/2026\/08\/Capture-decran-2026-08-27-a-16.46.58-1024x767.png\" \/>\n\t<meta property=\"og:image:width\" content=\"1024\" \/>\n\t<meta property=\"og:image:height\" content=\"767\" \/>\n\t<meta property=\"og:image:type\" content=\"image\/png\" \/>\n<meta name=\"author\" content=\"adminfojustice\" \/>\n<meta name=\"twitter:card\" content=\"summary_large_image\" \/>\n<meta name=\"twitter:creator\" content=\"@SyndFoJustice\" \/>\n<meta name=\"twitter:site\" content=\"@SyndFoJustice\" \/>\n<meta name=\"twitter:label1\" content=\"\u00c9crit par\" \/>\n\t<meta name=\"twitter:data1\" content=\"adminfojustice\" \/>\n\t<meta name=\"twitter:label2\" content=\"Dur\u00e9e de lecture estim\u00e9e\" \/>\n\t<meta name=\"twitter:data2\" content=\"2 minutes\" \/>\n<script type=\"application\/ld+json\" class=\"yoast-schema-graph\">{\"@context\":\"https:\\\/\\\/schema.org\",\"@graph\":[{\"@type\":\"NewsArticle\",\"@id\":\"https:\\\/\\\/fojustice.fr\\\/web\\\/di-de-lyon-gratuite-des-tcl-pour-les-forces-de-lordre-les-personnels-penitentiaires-sont-ils-concernes\\\/#article\",\"isPartOf\":{\"@id\":\"https:\\\/\\\/fojustice.fr\\\/web\\\/di-de-lyon-gratuite-des-tcl-pour-les-forces-de-lordre-les-personnels-penitentiaires-sont-ils-concernes\\\/\"},\"author\":{\"name\":\"adminfojustice\",\"@id\":\"https:\\\/\\\/fojustice.fr\\\/web\\\/#\\\/schema\\\/person\\\/a51cb9c3495ce0ca62b78fc96ac3bf9f\"},\"headline\":\"DI de Lyon : Gratuit\u00e9 des TCL pour les forces de l&#8217;ordre, les personnels p\u00e9nitentiaires sont-ils concern\u00e9s ?\",\"datePublished\":\"2026-08-27T14:49:01+00:00\",\"mainEntityOfPage\":{\"@id\":\"https:\\\/\\\/fojustice.fr\\\/web\\\/di-de-lyon-gratuite-des-tcl-pour-les-forces-de-lordre-les-personnels-penitentiaires-sont-ils-concernes\\\/\"},\"wordCount\":343,\"commentCount\":0,\"publisher\":{\"@id\":\"https:\\\/\\\/fojustice.fr\\\/web\\\/#organization\"},\"image\":{\"@id\":\"https:\\\/\\\/fojustice.fr\\\/web\\\/di-de-lyon-gratuite-des-tcl-pour-les-forces-de-lordre-les-personnels-penitentiaires-sont-ils-concernes\\\/#primaryimage\"},\"thumbnailUrl\":\"https:\\\/\\\/fojustice.fr\\\/web\\\/wp-content\\\/uploads\\\/2026\\\/08\\\/Capture-decran-2026-08-27-a-16.46.58.png\",\"articleSection\":[\"DISP Lyon\"],\"inLanguage\":\"fr-FR\",\"potentialAction\":[{\"@type\":\"CommentAction\",\"name\":\"Comment\",\"target\":[\"https:\\\/\\\/fojustice.fr\\\/web\\\/di-de-lyon-gratuite-des-tcl-pour-les-forces-de-lordre-les-personnels-penitentiaires-sont-ils-concernes\\\/#respond\"]}]},{\"@type\":\"WebPage\",\"@id\":\"https:\\\/\\\/fojustice.fr\\\/web\\\/di-de-lyon-gratuite-des-tcl-pour-les-forces-de-lordre-les-personnels-penitentiaires-sont-ils-concernes\\\/\",\"url\":\"https:\\\/\\\/fojustice.fr\\\/web\\\/di-de-lyon-gratuite-des-tcl-pour-les-forces-de-lordre-les-personnels-penitentiaires-sont-ils-concernes\\\/\",\"name\":\"DI de Lyon : Gratuit\u00e9 des TCL pour les forces de l'ordre, les personnels p\u00e9nitentiaires sont-ils concern\u00e9s ? - Syndicat FO Justice\",\"isPartOf\":{\"@id\":\"https:\\\/\\\/fojustice.fr\\\/web\\\/#website\"},\"primaryImageOfPage\":{\"@id\":\"https:\\\/\\\/fojustice.fr\\\/web\\\/di-de-lyon-gratuite-des-tcl-pour-les-forces-de-lordre-les-personnels-penitentiaires-sont-ils-concernes\\\/#primaryimage\"},\"image\":{\"@id\":\"https:\\\/\\\/fojustice.fr\\\/web\\\/di-de-lyon-gratuite-des-tcl-pour-les-forces-de-lordre-les-personnels-penitentiaires-sont-ils-concernes\\\/#primaryimage\"},\"thumbnailUrl\":\"https:\\\/\\\/fojustice.fr\\\/web\\\/wp-content\\\/uploads\\\/2026\\\/08\\\/Capture-decran-2026-08-27-a-16.46.58.png\",\"datePublished\":\"2026-08-27T14:49:01+00:00\",\"description\":\"Syndicat FO Justice - DISP Lyon - DI de Lyon : Gratuit\u00e9 des TCL pour les forces de l'ordre, les personnels p\u00e9nitentiaires sont-ils concern\u00e9s ?\",\"breadcrumb\":{\"@id\":\"https:\\\/\\\/fojustice.fr\\\/web\\\/di-de-lyon-gratuite-des-tcl-pour-les-forces-de-lordre-les-personnels-penitentiaires-sont-ils-concernes\\\/#breadcrumb\"},\"inLanguage\":\"fr-FR\",\"potentialAction\":[{\"@type\":\"ReadAction\",\"target\":[\"https:\\\/\\\/fojustice.fr\\\/web\\\/di-de-lyon-gratuite-des-tcl-pour-les-forces-de-lordre-les-personnels-penitentiaires-sont-ils-concernes\\\/\"]}]},{\"@type\":\"ImageObject\",\"inLanguage\":\"fr-FR\",\"@id\":\"https:\\\/\\\/fojustice.fr\\\/web\\\/di-de-lyon-gratuite-des-tcl-pour-les-forces-de-lordre-les-personnels-penitentiaires-sont-ils-concernes\\\/#primaryimage\",\"url\":\"https:\\\/\\\/fojustice.fr\\\/web\\\/wp-content\\\/uploads\\\/2026\\\/08\\\/Capture-decran-2026-08-27-a-16.46.58.png\",\"contentUrl\":\"https:\\\/\\\/fojustice.fr\\\/web\\\/wp-content\\\/uploads\\\/2026\\\/08\\\/Capture-decran-2026-08-27-a-16.46.58.png\",\"width\":1862,\"height\":1394},{\"@type\":\"BreadcrumbList\",\"@id\":\"https:\\\/\\\/fojustice.fr\\\/web\\\/di-de-lyon-gratuite-des-tcl-pour-les-forces-de-lordre-les-personnels-penitentiaires-sont-ils-concernes\\\/#breadcrumb\",\"itemListElement\":[{\"@type\":\"ListItem\",\"position\":1,\"name\":\"Accueil\",\"item\":\"https:\\\/\\\/fojustice.fr\\\/web\\\/\"},{\"@type\":\"ListItem\",\"position\":2,\"name\":\"DI de Lyon : Gratuit\u00e9 des TCL pour les forces de l&#8217;ordre, les personnels p\u00e9nitentiaires sont-ils concern\u00e9s ?\"}]},{\"@type\":\"WebSite\",\"@id\":\"https:\\\/\\\/fojustice.fr\\\/web\\\/#website\",\"url\":\"https:\\\/\\\/fojustice.fr\\\/web\\\/\",\"name\":\"Syndicat FO Justice\",\"description\":\"Site du Syndicat National FO Justice\",\"publisher\":{\"@id\":\"https:\\\/\\\/fojustice.fr\\\/web\\\/#organization\"},\"alternateName\":\"Syndicat National FO Justice\",\"potentialAction\":[{\"@type\":\"SearchAction\",\"target\":{\"@type\":\"EntryPoint\",\"urlTemplate\":\"https:\\\/\\\/fojustice.fr\\\/web\\\/?s={search_term_string}\"},\"query-input\":{\"@type\":\"PropertyValueSpecification\",\"valueRequired\":true,\"valueName\":\"search_term_string\"}}],\"inLanguage\":\"fr-FR\"},{\"@type\":\"Organization\",\"@id\":\"https:\\\/\\\/fojustice.fr\\\/web\\\/#organization\",\"name\":\"Syndicat National FO Justice\",\"alternateName\":\"Syndicat National FO Justice\",\"url\":\"https:\\\/\\\/fojustice.fr\\\/web\\\/\",\"logo\":{\"@type\":\"ImageObject\",\"inLanguage\":\"fr-FR\",\"@id\":\"https:\\\/\\\/fojustice.fr\\\/web\\\/#\\\/schema\\\/logo\\\/image\\\/\",\"url\":\"https:\\\/\\\/fojustice.fr\\\/web\\\/wp-content\\\/uploads\\\/2022\\\/03\\\/logo-fo-justice.png\",\"contentUrl\":\"https:\\\/\\\/fojustice.fr\\\/web\\\/wp-content\\\/uploads\\\/2022\\\/03\\\/logo-fo-justice.png\",\"width\":800,\"height\":800,\"caption\":\"Syndicat National FO Justice\"},\"image\":{\"@id\":\"https:\\\/\\\/fojustice.fr\\\/web\\\/#\\\/schema\\\/logo\\\/image\\\/\"},\"sameAs\":[\"https:\\\/\\\/www.facebook.com\\\/SyndicatFoJustice\",\"https:\\\/\\\/x.com\\\/SyndFoJustice\"]},{\"@type\":\"Person\",\"@id\":\"https:\\\/\\\/fojustice.fr\\\/web\\\/#\\\/schema\\\/person\\\/a51cb9c3495ce0ca62b78fc96ac3bf9f\",\"name\":\"adminfojustice\",\"image\":{\"@type\":\"ImageObject\",\"inLanguage\":\"fr-FR\",\"@id\":\"https:\\\/\\\/secure.gravatar.com\\\/avatar\\\/368884c0ecc46e53d83c0c3c0af4c6c30a6bbc2aab7535848950f43a950bfd4e?s=96&d=mm&r=g\",\"url\":\"https:\\\/\\\/secure.gravatar.com\\\/avatar\\\/368884c0ecc46e53d83c0c3c0af4c6c30a6bbc2aab7535848950f43a950bfd4e?s=96&d=mm&r=g\",\"contentUrl\":\"https:\\\/\\\/secure.gravatar.com\\\/avatar\\\/368884c0ecc46e53d83c0c3c0af4c6c30a6bbc2aab7535848950f43a950bfd4e?s=96&d=mm&r=g\",\"caption\":\"adminfojustice\"},\"sameAs\":[\"https:\\\/\\\/www.fojustice.fr\\\/web\"],\"url\":\"https:\\\/\\\/fojustice.fr\\\/web\\\/author\\\/adminfojustice\\\/\"}]}<\/script>\n<!-- \/ Yoast SEO plugin. -->","yoast_head_json":{"title":"DI de Lyon : Gratuit\u00e9 des TCL pour les forces de l'ordre, les personnels p\u00e9nitentiaires sont-ils concern\u00e9s ? - Syndicat FO Justice","description":"Syndicat FO Justice - DISP Lyon - DI de Lyon : Gratuit\u00e9 des TCL pour les forces de l'ordre, les personnels p\u00e9nitentiaires sont-ils concern\u00e9s ?","robots":{"index":"index","follow":"follow","max-snippet":"max-snippet:-1","max-image-preview":"max-image-preview:large","max-video-preview":"max-video-preview:-1"},"canonical":"https:\/\/fojustice.fr\/web\/di-de-lyon-gratuite-des-tcl-pour-les-forces-de-lordre-les-personnels-penitentiaires-sont-ils-concernes\/","og_locale":"fr_FR","og_type":"article","og_title":"DI de Lyon : Gratuit\u00e9 des TCL pour les forces de l'ordre, les personnels p\u00e9nitentiaires sont-ils concern\u00e9s ? - Syndicat FO Justice","og_description":"Syndicat FO Justice - DISP Lyon - DI de Lyon : Gratuit\u00e9 des TCL pour les forces de l'ordre, les personnels p\u00e9nitentiaires sont-ils concern\u00e9s ?","og_url":"https:\/\/fojustice.fr\/web\/di-de-lyon-gratuite-des-tcl-pour-les-forces-de-lordre-les-personnels-penitentiaires-sont-ils-concernes\/","og_site_name":"Syndicat FO Justice","article_publisher":"https:\/\/www.facebook.com\/SyndicatFoJustice","article_published_time":"2026-08-27T14:49:01+00:00","og_image":[{"width":1024,"height":767,"url":"https:\/\/fojustice.fr\/web\/wp-content\/uploads\/2026\/08\/Capture-decran-2026-08-27-a-16.46.58-1024x767.png","type":"image\/png"}],"author":"adminfojustice","twitter_card":"summary_large_image","twitter_creator":"@SyndFoJustice","twitter_site":"@SyndFoJustice","twitter_misc":{"\u00c9crit par":"adminfojustice","Dur\u00e9e de lecture estim\u00e9e":"2 minutes"},"schema":{"@context":"https:\/\/schema.org","@graph":[{"@type":"NewsArticle","@id":"https:\/\/fojustice.fr\/web\/di-de-lyon-gratuite-des-tcl-pour-les-forces-de-lordre-les-personnels-penitentiaires-sont-ils-concernes\/#article","isPartOf":{"@id":"https:\/\/fojustice.fr\/web\/di-de-lyon-gratuite-des-tcl-pour-les-forces-de-lordre-les-personnels-penitentiaires-sont-ils-concernes\/"},"author":{"name":"adminfojustice","@id":"https:\/\/fojustice.fr\/web\/#\/schema\/person\/a51cb9c3495ce0ca62b78fc96ac3bf9f"},"headline":"DI de Lyon : Gratuit\u00e9 des TCL pour les forces de l&#8217;ordre, les personnels p\u00e9nitentiaires sont-ils concern\u00e9s ?","datePublished":"2026-08-27T14:49:01+00:00","mainEntityOfPage":{"@id":"https:\/\/fojustice.fr\/web\/di-de-lyon-gratuite-des-tcl-pour-les-forces-de-lordre-les-personnels-penitentiaires-sont-ils-concernes\/"},"wordCount":343,"commentCount":0,"publisher":{"@id":"https:\/\/fojustice.fr\/web\/#organization"},"image":{"@id":"https:\/\/fojustice.fr\/web\/di-de-lyon-gratuite-des-tcl-pour-les-forces-de-lordre-les-personnels-penitentiaires-sont-ils-concernes\/#primaryimage"},"thumbnailUrl":"https:\/\/fojustice.fr\/web\/wp-content\/uploads\/2026\/08\/Capture-decran-2026-08-27-a-16.46.58.png","articleSection":["DISP Lyon"],"inLanguage":"fr-FR","potentialAction":[{"@type":"CommentAction","name":"Comment","target":["https:\/\/fojustice.fr\/web\/di-de-lyon-gratuite-des-tcl-pour-les-forces-de-lordre-les-personnels-penitentiaires-sont-ils-concernes\/#respond"]}]},{"@type":"WebPage","@id":"https:\/\/fojustice.fr\/web\/di-de-lyon-gratuite-des-tcl-pour-les-forces-de-lordre-les-personnels-penitentiaires-sont-ils-concernes\/","url":"https:\/\/fojustice.fr\/web\/di-de-lyon-gratuite-des-tcl-pour-les-forces-de-lordre-les-personnels-penitentiaires-sont-ils-concernes\/","name":"DI de Lyon : Gratuit\u00e9 des TCL pour les forces de l'ordre, les personnels p\u00e9nitentiaires sont-ils concern\u00e9s ? - Syndicat FO Justice","isPartOf":{"@id":"https:\/\/fojustice.fr\/web\/#website"},"primaryImageOfPage":{"@id":"https:\/\/fojustice.fr\/web\/di-de-lyon-gratuite-des-tcl-pour-les-forces-de-lordre-les-personnels-penitentiaires-sont-ils-concernes\/#primaryimage"},"image":{"@id":"https:\/\/fojustice.fr\/web\/di-de-lyon-gratuite-des-tcl-pour-les-forces-de-lordre-les-personnels-penitentiaires-sont-ils-concernes\/#primaryimage"},"thumbnailUrl":"https:\/\/fojustice.fr\/web\/wp-content\/uploads\/2026\/08\/Capture-decran-2026-08-27-a-16.46.58.png","datePublished":"2026-08-27T14:49:01+00:00","description":"Syndicat FO Justice - DISP Lyon - DI de Lyon : Gratuit\u00e9 des TCL pour les forces de l'ordre, les personnels p\u00e9nitentiaires sont-ils concern\u00e9s ?","breadcrumb":{"@id":"https:\/\/fojustice.fr\/web\/di-de-lyon-gratuite-des-tcl-pour-les-forces-de-lordre-les-personnels-penitentiaires-sont-ils-concernes\/#breadcrumb"},"inLanguage":"fr-FR","potentialAction":[{"@type":"ReadAction","target":["https:\/\/fojustice.fr\/web\/di-de-lyon-gratuite-des-tcl-pour-les-forces-de-lordre-les-personnels-penitentiaires-sont-ils-concernes\/"]}]},{"@type":"ImageObject","inLanguage":"fr-FR","@id":"https:\/\/fojustice.fr\/web\/di-de-lyon-gratuite-des-tcl-pour-les-forces-de-lordre-les-personnels-penitentiaires-sont-ils-concernes\/#primaryimage","url":"https:\/\/fojustice.fr\/web\/wp-content\/uploads\/2026\/08\/Capture-decran-2026-08-27-a-16.46.58.png","contentUrl":"https:\/\/fojustice.fr\/web\/wp-content\/uploads\/2026\/08\/Capture-decran-2026-08-27-a-16.46.58.png","width":1862,"height":1394},{"@type":"BreadcrumbList","@id":"https:\/\/fojustice.fr\/web\/di-de-lyon-gratuite-des-tcl-pour-les-forces-de-lordre-les-personnels-penitentiaires-sont-ils-concernes\/#breadcrumb","itemListElement":[{"@type":"ListItem","position":1,"name":"Accueil","item":"https:\/\/fojustice.fr\/web\/"},{"@type":"ListItem","position":2,"name":"DI de Lyon : Gratuit\u00e9 des TCL pour les forces de l&#8217;ordre, les personnels p\u00e9nitentiaires sont-ils concern\u00e9s ?"}]},{"@type":"WebSite","@id":"https:\/\/fojustice.fr\/web\/#website","url":"https:\/\/fojustice.fr\/web\/","name":"Syndicat FO Justice","description":"Site du Syndicat National FO Justice","publisher":{"@id":"https:\/\/fojustice.fr\/web\/#organization"},"alternateName":"Syndicat National FO Justice","potentialAction":[{"@type":"SearchAction","target":{"@type":"EntryPoint","urlTemplate":"https:\/\/fojustice.fr\/web\/?s={search_term_string}"},"query-input":{"@type":"PropertyValueSpecification","valueRequired":true,"valueName":"search_term_string"}}],"inLanguage":"fr-FR"},{"@type":"Organization","@id":"https:\/\/fojustice.fr\/web\/#organization","name":"Syndicat National FO Justice","alternateName":"Syndicat National FO Justice","url":"https:\/\/fojustice.fr\/web\/","logo":{"@type":"ImageObject","inLanguage":"fr-FR","@id":"https:\/\/fojustice.fr\/web\/#\/schema\/logo\/image\/","url":"https:\/\/fojustice.fr\/web\/wp-content\/uploads\/2022\/03\/logo-fo-justice.png","contentUrl":"https:\/\/fojustice.fr\/web\/wp-content\/uploads\/2022\/03\/logo-fo-justice.png","width":800,"height":800,"caption":"Syndicat National FO Justice"},"image":{"@id":"https:\/\/fojustice.fr\/web\/#\/schema\/logo\/image\/"},"sameAs":["https:\/\/www.facebook.com\/SyndicatFoJustice","https:\/\/x.com\/SyndFoJustice"]},{"@type":"Person","@id":"https:\/\/fojustice.fr\/web\/#\/schema\/person\/a51cb9c3495ce0ca62b78fc96ac3bf9f","name":"adminfojustice","image":{"@type":"ImageObject","inLanguage":"fr-FR","@id":"https:\/\/secure.gravatar.com\/avatar\/368884c0ecc46e53d83c0c3c0af4c6c30a6bbc2aab7535848950f43a950bfd4e?s=96&d=mm&r=g","url":"https:\/\/secure.gravatar.com\/avatar\/368884c0ecc46e53d83c0c3c0af4c6c30a6bbc2aab7535848950f43a950bfd4e?s=96&d=mm&r=g","contentUrl":"https:\/\/secure.gravatar.com\/avatar\/368884c0ecc46e53d83c0c3c0af4c6c30a6bbc2aab7535848950f43a950bfd4e?s=96&d=mm&r=g","caption":"adminfojustice"},"sameAs":["https:\/\/www.fojustice.fr\/web"],"url":"https:\/\/fojustice.fr\/web\/author\/adminfojustice\/"}]}},"jetpack_shortlink":"https:\/\/wp.me\/pdNWl1-dlv","jetpack_sharing_enabled":true,"jetpack_featured_media_url":"https:\/\/fojustice.fr\/web\/wp-content\/uploads\/2026\/08\/Capture-decran-2026-08-27-a-16.46.58.png","_links":{"self":[{"href":"https:\/\/fojustice.fr\/web\/wp-json\/wp\/v2\/posts\/51305","targetHints":{"allow":["GET"]}}],"collection":[{"href":"https:\/\/fojustice.fr\/web\/wp-json\/wp\/v2\/posts"}],"about":[{"href":"https:\/\/fojustice.fr\/web\/wp-json\/wp\/v2\/types\/post"}],"author":[{"embeddable":true,"href":"https:\/\/fojustice.fr\/web\/wp-json\/wp\/v2\/users\/1"}],"replies":[{"embeddable":true,"href":"https:\/\/fojustice.fr\/web\/wp-json\/wp\/v2\/comments?post=51305"}],"version-history":[{"count":1,"href":"https:\/\/fojustice.fr\/web\/wp-json\/wp\/v2\/posts\/51305\/revisions"}],"predecessor-version":[{"id":51309,"href":"https:\/\/fojustice.fr\/web\/wp-json\/wp\/v2\/posts\/51305\/revisions\/51309"}],"wp:featuredmedia":[{"embeddable":true,"href":"https:\/\/fojustice.fr\/web\/wp-json\/wp\/v2\/media\/51307"}],"wp:attachment":[{"href":"https:\/\/fojustice.fr\/web\/wp-json\/wp\/v2\/media?parent=51305"}],"wp:term":[{"taxonomy":"category","embeddable":true,"href":"https:\/\/fojustice.fr\/web\/wp-json\/wp\/v2\/categories?post=51305"},{"taxonomy":"post_tag","embeddable":true,"href":"https:\/\/fojustice.fr\/web\/wp-json\/wp\/v2\/tags?post=51305"}],"curies":[{"name":"wp","href":"https:\/\/api.w.org\/{rel}","templated":true}]}}