{"id":51297,"date":"2026-08-27T14:04:42","date_gmt":"2026-08-27T12:04:42","guid":{"rendered":"https:\/\/fojustice.fr\/web\/?p=51297"},"modified":"2026-08-27T14:04:42","modified_gmt":"2026-08-27T12:04:42","slug":"prison-dannoeullin-25-aout-violences-incendies-une-journee-sous-haute-tension","status":"publish","type":"post","link":"https:\/\/fojustice.fr\/web\/prison-dannoeullin-25-aout-violences-incendies-une-journee-sous-haute-tension\/","title":{"rendered":"Prison d&#8217;Annoeullin : 25 ao\u00fbt, violences, incendies&#8230; une journ\u00e9e sous haute tension"},"content":{"rendered":"<p style=\"text-align: center;\"><span style=\"color: #000080;\"><strong>UNE JOURN\u00c9E QUI MET NOS PERSONNELS \u00c0 RUDE \u00c9PREUVE<\/strong><\/span><\/p>\n<p>Le <strong>mardi 25 ao\u00fbt 2026<\/strong>, notre \u00e9tablissement a \u00e9t\u00e9 confront\u00e9 \u00e0 une succession d\u2019\u00e9v\u00e9nements particuli\u00e8rement graves, mettant \u00e0 rude \u00e9preuve l\u2019ensemble des personnels.<\/p>\n<p>En quelques heures, <span style=\"color: #ff0000;\"><strong>agression d\u2019une coll\u00e8gue, insultes, d\u00e9couverte de produits illicites et de mat\u00e9riels interdits, puis plusieurs d\u00e9parts de feu au quartier disciplinaire<\/strong> <\/span>se sont succ\u00e9d\u00e9.<\/p>\n<p>Les agents ont d\u00fb intervenir dans l\u2019urgence, avec r\u00e9activit\u00e9 et professionnalisme, pour maintenir la s\u00e9curit\u00e9 de l\u2019\u00e9tablissement.<\/p>\n<p style=\"text-align: center;\"><span style=\"color: #000080;\"><strong>INSULTES, VIOLENCES : NOS COLL\u00c8GUES NE DOIVENT PLUS \u00caTRE DES CIBLES<\/strong><\/span><\/p>\n<p>Dans la matin\u00e9e, lors d\u2019une fouille programm\u00e9e d\u2019une cellule du b\u00e2timent B, les personnels ont d\u00e9couvert <strong><span style=\"color: #ff0000;\">7,6 grammes de substances<\/span> s\u2019apparentant \u00e0 de la r\u00e9sine de cannabis ainsi qu\u2019un c\u00e2ble de chargement pour t\u00e9l\u00e9phone portable<\/strong>.<\/p>\n<p>\u00c0 l\u2019issue de cette fouille, la personne d\u00e9tenue concern\u00e9e a adopt\u00e9 un comportement particuli\u00e8rement virulent, multipliant les insultes et le tapage.<\/p>\n<p>Lors de la distribution des repas, la situation a d\u00e9g\u00e9n\u00e9r\u00e9. Apr\u00e8s de nouvelles insultes et alors qu\u2019une d\u00e9gradation de la t\u00e9l\u00e9vision de la cellule \u00e9tait constat\u00e9e, <strong>la personne d\u00e9tenue s\u2019est volontairement dirig\u00e9e vers une surveillante, l\u2019a saisie au visage et au cou, provoquant sa chute dans l\u2019entr\u00e9e de la cellule<\/strong>.<\/p>\n<p>Pour assurer sa s\u00e9curit\u00e9, la coll\u00e8gue a d\u00fb refermer la porte de la cellule. <strong>La mise en pr\u00e9vention a finalement constitu\u00e9 le seul moyen de mettre fin \u00e0 l\u2019incident.<\/strong><\/p>\n<p style=\"text-align: center;\"><span style=\"color: #ff0000;\"><strong>FO JUSTICE <span style=\"color: #000080;\">apporte son soutien total \u00e0 notre coll\u00e8gue victime de cette agression.<\/span><\/strong><\/span><\/p>\n<p style=\"text-align: center;\"><strong><span style=\"color: #000080;\">PUIS LES INCENDIES SE SONT ENCHA\u00ceN\u00c9S !<\/span><\/strong><\/p>\n<p>Comme si cela ne suffisait pas, les personnels ont ensuite \u00e9t\u00e9 confront\u00e9s \u00e0 <strong>plusieurs d\u00e9parts de feu au quartier disciplinaire<\/strong>.<\/p>\n<p>Peu avant 13h, une personne d\u00e9tenue a volontairement mis le feu \u00e0 son matelas, ses draps et sa couverture dans sa cellule. <strong>L\u2019intervention des agents a \u00e9t\u00e9 n\u00e9cessaire pour \u00e9teindre l\u2019incendie<\/strong>, avant une prise en charge m\u00e9dicale par les personnels soignants et les sapeurs-pompiers.<\/p>\n<p>Vers 15h15, un incendie a \u00e9t\u00e9 d\u00e9clench\u00e9 dans une autre cellule du QD, l\u00e0 encore au niveau du matelas, des draps et de la couverture. <strong>Les coll\u00e8gues ont d\u00fb intervenir pour ma\u00eetriser le feu.<\/strong><\/p>\n<p>Puis, en soir\u00e9e, la situation a pris une nouvelle dimension.<\/p>\n<p>Vers 20h30, un d\u00e9tenu a volontairement mis le feu \u00e0 des morceaux de draps, provoquant une propagation des flammes sur la toiture du QD. <strong>L\u2019intervention du service de nuit avec le RIA a \u00e9t\u00e9 n\u00e9cessaire pour mettre fin \u00e0 l\u2019incident.<\/strong><\/p>\n<p>La mobilisation des personnels pour contenir le sinistre et s\u00e9curiser les personnes d\u00e9tenues pr\u00e9sentes dans le secteur a \u00e9t\u00e9 <strong>exemplaire<\/strong>.<\/p>\n<p style=\"text-align: center;\"><span style=\"color: #000080;\"><strong>QUAND LES AGENTS DOIVENT FAIRE FACE \u00c0 TOUT\u2026 AVEC TOUJOURS LES M\u00caMES MOYENS !<\/strong><\/span><\/p>\n<p>Cette succession d\u2019\u00e9v\u00e9nements pose la question des <strong>conditions dans lesquelles nos personnels exercent leur mission<\/strong>.<\/p>\n<p>Violences, agressions, trafics, d\u00e9gradations, incendies\u2026 Les agents doivent \u00eatre capables de r\u00e9pondre \u00e0 toutes les situations, parfois <strong>dans l\u2019urgence<\/strong>, et toujours avec le m\u00eame objectif : <span style=\"color: #ff0000;\"><strong>assurer la s\u00e9curit\u00e9 de tous<\/strong>.<\/span><\/p>\n<p>Pourtant, derri\u00e8re chaque intervention, il y a des coll\u00e8gues qui prennent des risques.<\/p>\n<p><strong>Nous refusons que ces risques deviennent une banalit\u00e9 du quotidien p\u00e9nitentiaire.<\/strong><\/p>\n<p style=\"text-align: center;\"><strong><span style=\"color: #000080;\"><span style=\"color: #ff0000;\">FO JUSTICE<\/span> SALUE LE PROFESSIONNALISME DES PERSONNELS<\/span><\/strong><\/p>\n<p>Face \u00e0 cette succession d\u2019incidents, <strong><span style=\"color: #ff0000;\">FO JUSTICE<\/span> tient \u00e0 saluer l\u2019ensemble des personnels mobilis\u00e9s au cours de cette journ\u00e9e et de cette soir\u00e9e<\/strong>.<\/p>\n<p>Les agents sont intervenus face aux violences, ont assur\u00e9 les fouilles, ont ma\u00eetris\u00e9 les diff\u00e9rents incendies et ont particip\u00e9 \u00e0 la s\u00e9curisation du quartier disciplinaire.<\/p>\n<p><span style=\"color: #ff0000;\"><strong>Leur vigilance, leur sang-froid, leur r\u00e9activit\u00e9 et leur professionnalisme ont permis d\u2019\u00e9viter que ces situations ne prennent une ampleur encore plus importante.<\/strong><\/span><\/p>\n<p><span style=\"color: #ff0000;\"><strong>FO JUSTICE<\/strong><\/span> demande que <strong>l\u2019engagement des personnels ayant particip\u00e9 \u00e0 ces interventions soit reconnu et r\u00e9compens\u00e9<\/strong>, notamment par des <strong>gratifications et des mises \u00e0 l\u2019honneur<\/strong>.<\/p>\n<p style=\"text-align: center;\"><span style=\"color: #000080;\"><strong>ASSEZ DE PAROLES : DES MOYENS !<\/strong><\/span><\/p>\n<p>Ces \u00e9v\u00e9nements d\u00e9montrent que les personnels p\u00e9nitentiaires sont <strong>en premi\u00e8re ligne face \u00e0 des situations toujours plus complexes et dangereuses<\/strong>.<\/p>\n<p><strong><span style=\"color: #ff0000;\">FO JUSTICE<\/span><\/strong> continuera d\u2019exiger les <strong>moyens humains, mat\u00e9riels et s\u00e9curitaires<\/strong> n\u00e9cessaires pour permettre aux agents d\u2019exercer leurs missions dans des conditions dignes et s\u00e9curis\u00e9es.<\/p>\n<p style=\"text-align: center;\"><span style=\"color: #ff0000;\"><strong>NOS COLL\u00c8GUES NE SONT PAS DU MAT\u00c9RIEL JETABLE.<\/strong><\/span><\/p>\n<p style=\"text-align: center;\"><strong>ILS M\u00c9RITENT DES MOYENS.<\/strong><\/p>\n<p style=\"text-align: center;\"><strong>ILS M\u00c9RITENT LA PROTECTION.<\/strong><\/p>\n<p style=\"text-align: center;\"><strong>ILS M\u00c9RITENT LA RECONNAISSANCE.<\/strong><\/p>\n<p><a href=\"https:\/\/fojustice.fr\/web\/wp-content\/uploads\/2026\/08\/CP-LILLE-ANNOEULLIN-UNE-JOURNEE-SOUS-HAUTE-TENSION.pdf\">Lire le communiqu\u00e9<\/a><\/p>\n","protected":false},"excerpt":{"rendered":"<p>UNE JOURN\u00c9E QUI MET NOS PERSONNELS \u00c0 RUDE \u00c9PREUVE Le mardi 25 ao\u00fbt 2026, notre \u00e9tablissement a \u00e9t\u00e9 confront\u00e9 \u00e0 une succession d\u2019\u00e9v\u00e9nements particuli\u00e8rement graves, mettant \u00e0 rude \u00e9preuve l\u2019ensemble des personnels. En quelques heures, agression d\u2019une coll\u00e8gue, insultes, d\u00e9couverte de produits illicites et de mat\u00e9riels interdits, puis plusieurs d\u00e9parts de feu au quartier disciplinaire [&hellip;]<\/p>\n","protected":false},"author":1,"featured_media":2280,"comment_status":"open","ping_status":"open","sticky":false,"template":"","format":"standard","meta":{"_angie_page":false,"_jetpack_newsletter_access":"","_jetpack_dont_email_post_to_subs":true,"_jetpack_newsletter_tier_id":0,"_jetpack_memberships_contains_paywalled_content":false,"page_builder":"","_jetpack_feature_clip_id":0,"_jetpack_memberships_contains_paid_content":false,"footnotes":"","jetpack_post_was_ever_published":false,"_members_access_role":[],"_members_access_error":""},"categories":[31],"tags":[],"class_list":["post-51297","post","type-post","status-publish","format-standard","has-post-thumbnail","hentry","category-disp-lille"],"yoast_head":"<!-- This site is optimized with the Yoast SEO plugin v28.3 - https:\/\/yoast.com\/product\/yoast-seo-wordpress\/ -->\n<title>Prison d&#039;Annoeullin : 25 ao\u00fbt, violences, incendies... une journ\u00e9e sous haute tension - Syndicat FO Justice<\/title>\n<meta name=\"description\" content=\"Syndicat FO Justice - DISP Lille - Prison d&#039;Annoeullin : 25 ao\u00fbt, violences, incendies... une journ\u00e9e sous haute tension\" \/>\n<meta name=\"robots\" content=\"index, follow, max-snippet:-1, max-image-preview:large, max-video-preview:-1\" \/>\n<link rel=\"canonical\" href=\"https:\/\/fojustice.fr\/web\/prison-dannoeullin-25-aout-violences-incendies-une-journee-sous-haute-tension\/\" \/>\n<meta property=\"og:locale\" content=\"fr_FR\" \/>\n<meta property=\"og:type\" content=\"article\" \/>\n<meta property=\"og:title\" content=\"Prison d&#039;Annoeullin : 25 ao\u00fbt, violences, incendies... une journ\u00e9e sous haute tension - Syndicat FO Justice\" \/>\n<meta property=\"og:description\" content=\"Syndicat FO Justice - DISP Lille - Prison d&#039;Annoeullin : 25 ao\u00fbt, violences, incendies... une journ\u00e9e sous haute tension\" \/>\n<meta property=\"og:url\" content=\"https:\/\/fojustice.fr\/web\/prison-dannoeullin-25-aout-violences-incendies-une-journee-sous-haute-tension\/\" \/>\n<meta property=\"og:site_name\" content=\"Syndicat FO Justice\" \/>\n<meta property=\"article:publisher\" content=\"https:\/\/www.facebook.com\/SyndicatFoJustice\" \/>\n<meta property=\"article:published_time\" content=\"2026-08-27T12:04:42+00:00\" \/>\n<meta property=\"og:image\" content=\"https:\/\/fojustice.fr\/web\/wp-content\/uploads\/2022\/03\/prison-dAnnoeullin.jpeg\" \/>\n\t<meta property=\"og:image:width\" content=\"870\" \/>\n\t<meta property=\"og:image:height\" content=\"489\" \/>\n\t<meta property=\"og:image:type\" content=\"image\/jpeg\" \/>\n<meta name=\"author\" content=\"adminfojustice\" \/>\n<meta name=\"twitter:card\" content=\"summary_large_image\" \/>\n<meta name=\"twitter:creator\" content=\"@SyndFoJustice\" \/>\n<meta name=\"twitter:site\" content=\"@SyndFoJustice\" \/>\n<meta name=\"twitter:label1\" content=\"\u00c9crit par\" \/>\n\t<meta name=\"twitter:data1\" content=\"adminfojustice\" \/>\n\t<meta name=\"twitter:label2\" content=\"Dur\u00e9e de lecture estim\u00e9e\" \/>\n\t<meta name=\"twitter:data2\" content=\"4 minutes\" \/>\n<script type=\"application\/ld+json\" class=\"yoast-schema-graph\">{\"@context\":\"https:\\\/\\\/schema.org\",\"@graph\":[{\"@type\":\"NewsArticle\",\"@id\":\"https:\\\/\\\/fojustice.fr\\\/web\\\/prison-dannoeullin-25-aout-violences-incendies-une-journee-sous-haute-tension\\\/#article\",\"isPartOf\":{\"@id\":\"https:\\\/\\\/fojustice.fr\\\/web\\\/prison-dannoeullin-25-aout-violences-incendies-une-journee-sous-haute-tension\\\/\"},\"author\":{\"name\":\"adminfojustice\",\"@id\":\"https:\\\/\\\/fojustice.fr\\\/web\\\/#\\\/schema\\\/person\\\/a51cb9c3495ce0ca62b78fc96ac3bf9f\"},\"headline\":\"Prison d&#8217;Annoeullin : 25 ao\u00fbt, violences, incendies&#8230; une journ\u00e9e sous haute tension\",\"datePublished\":\"2026-08-27T12:04:42+00:00\",\"mainEntityOfPage\":{\"@id\":\"https:\\\/\\\/fojustice.fr\\\/web\\\/prison-dannoeullin-25-aout-violences-incendies-une-journee-sous-haute-tension\\\/\"},\"wordCount\":767,\"commentCount\":0,\"publisher\":{\"@id\":\"https:\\\/\\\/fojustice.fr\\\/web\\\/#organization\"},\"image\":{\"@id\":\"https:\\\/\\\/fojustice.fr\\\/web\\\/prison-dannoeullin-25-aout-violences-incendies-une-journee-sous-haute-tension\\\/#primaryimage\"},\"thumbnailUrl\":\"https:\\\/\\\/fojustice.fr\\\/web\\\/wp-content\\\/uploads\\\/2022\\\/03\\\/prison-dAnnoeullin.jpeg\",\"articleSection\":[\"DISP Lille\"],\"inLanguage\":\"fr-FR\",\"potentialAction\":[{\"@type\":\"CommentAction\",\"name\":\"Comment\",\"target\":[\"https:\\\/\\\/fojustice.fr\\\/web\\\/prison-dannoeullin-25-aout-violences-incendies-une-journee-sous-haute-tension\\\/#respond\"]}]},{\"@type\":\"WebPage\",\"@id\":\"https:\\\/\\\/fojustice.fr\\\/web\\\/prison-dannoeullin-25-aout-violences-incendies-une-journee-sous-haute-tension\\\/\",\"url\":\"https:\\\/\\\/fojustice.fr\\\/web\\\/prison-dannoeullin-25-aout-violences-incendies-une-journee-sous-haute-tension\\\/\",\"name\":\"Prison d'Annoeullin : 25 ao\u00fbt, violences, incendies... une journ\u00e9e sous haute tension - Syndicat FO Justice\",\"isPartOf\":{\"@id\":\"https:\\\/\\\/fojustice.fr\\\/web\\\/#website\"},\"primaryImageOfPage\":{\"@id\":\"https:\\\/\\\/fojustice.fr\\\/web\\\/prison-dannoeullin-25-aout-violences-incendies-une-journee-sous-haute-tension\\\/#primaryimage\"},\"image\":{\"@id\":\"https:\\\/\\\/fojustice.fr\\\/web\\\/prison-dannoeullin-25-aout-violences-incendies-une-journee-sous-haute-tension\\\/#primaryimage\"},\"thumbnailUrl\":\"https:\\\/\\\/fojustice.fr\\\/web\\\/wp-content\\\/uploads\\\/2022\\\/03\\\/prison-dAnnoeullin.jpeg\",\"datePublished\":\"2026-08-27T12:04:42+00:00\",\"description\":\"Syndicat FO Justice - DISP Lille - Prison d'Annoeullin : 25 ao\u00fbt, violences, incendies... une journ\u00e9e sous haute tension\",\"breadcrumb\":{\"@id\":\"https:\\\/\\\/fojustice.fr\\\/web\\\/prison-dannoeullin-25-aout-violences-incendies-une-journee-sous-haute-tension\\\/#breadcrumb\"},\"inLanguage\":\"fr-FR\",\"potentialAction\":[{\"@type\":\"ReadAction\",\"target\":[\"https:\\\/\\\/fojustice.fr\\\/web\\\/prison-dannoeullin-25-aout-violences-incendies-une-journee-sous-haute-tension\\\/\"]}]},{\"@type\":\"ImageObject\",\"inLanguage\":\"fr-FR\",\"@id\":\"https:\\\/\\\/fojustice.fr\\\/web\\\/prison-dannoeullin-25-aout-violences-incendies-une-journee-sous-haute-tension\\\/#primaryimage\",\"url\":\"https:\\\/\\\/fojustice.fr\\\/web\\\/wp-content\\\/uploads\\\/2022\\\/03\\\/prison-dAnnoeullin.jpeg\",\"contentUrl\":\"https:\\\/\\\/fojustice.fr\\\/web\\\/wp-content\\\/uploads\\\/2022\\\/03\\\/prison-dAnnoeullin.jpeg\",\"width\":870,\"height\":489},{\"@type\":\"BreadcrumbList\",\"@id\":\"https:\\\/\\\/fojustice.fr\\\/web\\\/prison-dannoeullin-25-aout-violences-incendies-une-journee-sous-haute-tension\\\/#breadcrumb\",\"itemListElement\":[{\"@type\":\"ListItem\",\"position\":1,\"name\":\"Accueil\",\"item\":\"https:\\\/\\\/fojustice.fr\\\/web\\\/\"},{\"@type\":\"ListItem\",\"position\":2,\"name\":\"Prison d&#8217;Annoeullin : 25 ao\u00fbt, violences, incendies&#8230; une journ\u00e9e sous haute tension\"}]},{\"@type\":\"WebSite\",\"@id\":\"https:\\\/\\\/fojustice.fr\\\/web\\\/#website\",\"url\":\"https:\\\/\\\/fojustice.fr\\\/web\\\/\",\"name\":\"Syndicat FO Justice\",\"description\":\"Site du Syndicat National FO Justice\",\"publisher\":{\"@id\":\"https:\\\/\\\/fojustice.fr\\\/web\\\/#organization\"},\"alternateName\":\"Syndicat National FO Justice\",\"potentialAction\":[{\"@type\":\"SearchAction\",\"target\":{\"@type\":\"EntryPoint\",\"urlTemplate\":\"https:\\\/\\\/fojustice.fr\\\/web\\\/?s={search_term_string}\"},\"query-input\":{\"@type\":\"PropertyValueSpecification\",\"valueRequired\":true,\"valueName\":\"search_term_string\"}}],\"inLanguage\":\"fr-FR\"},{\"@type\":\"Organization\",\"@id\":\"https:\\\/\\\/fojustice.fr\\\/web\\\/#organization\",\"name\":\"Syndicat National FO Justice\",\"alternateName\":\"Syndicat National FO Justice\",\"url\":\"https:\\\/\\\/fojustice.fr\\\/web\\\/\",\"logo\":{\"@type\":\"ImageObject\",\"inLanguage\":\"fr-FR\",\"@id\":\"https:\\\/\\\/fojustice.fr\\\/web\\\/#\\\/schema\\\/logo\\\/image\\\/\",\"url\":\"https:\\\/\\\/fojustice.fr\\\/web\\\/wp-content\\\/uploads\\\/2022\\\/03\\\/logo-fo-justice.png\",\"contentUrl\":\"https:\\\/\\\/fojustice.fr\\\/web\\\/wp-content\\\/uploads\\\/2022\\\/03\\\/logo-fo-justice.png\",\"width\":800,\"height\":800,\"caption\":\"Syndicat National FO Justice\"},\"image\":{\"@id\":\"https:\\\/\\\/fojustice.fr\\\/web\\\/#\\\/schema\\\/logo\\\/image\\\/\"},\"sameAs\":[\"https:\\\/\\\/www.facebook.com\\\/SyndicatFoJustice\",\"https:\\\/\\\/x.com\\\/SyndFoJustice\"]},{\"@type\":\"Person\",\"@id\":\"https:\\\/\\\/fojustice.fr\\\/web\\\/#\\\/schema\\\/person\\\/a51cb9c3495ce0ca62b78fc96ac3bf9f\",\"name\":\"adminfojustice\",\"image\":{\"@type\":\"ImageObject\",\"inLanguage\":\"fr-FR\",\"@id\":\"https:\\\/\\\/secure.gravatar.com\\\/avatar\\\/368884c0ecc46e53d83c0c3c0af4c6c30a6bbc2aab7535848950f43a950bfd4e?s=96&d=mm&r=g\",\"url\":\"https:\\\/\\\/secure.gravatar.com\\\/avatar\\\/368884c0ecc46e53d83c0c3c0af4c6c30a6bbc2aab7535848950f43a950bfd4e?s=96&d=mm&r=g\",\"contentUrl\":\"https:\\\/\\\/secure.gravatar.com\\\/avatar\\\/368884c0ecc46e53d83c0c3c0af4c6c30a6bbc2aab7535848950f43a950bfd4e?s=96&d=mm&r=g\",\"caption\":\"adminfojustice\"},\"sameAs\":[\"https:\\\/\\\/www.fojustice.fr\\\/web\"],\"url\":\"https:\\\/\\\/fojustice.fr\\\/web\\\/author\\\/adminfojustice\\\/\"}]}<\/script>\n<!-- \/ Yoast SEO plugin. -->","yoast_head_json":{"title":"Prison d'Annoeullin : 25 ao\u00fbt, violences, incendies... une journ\u00e9e sous haute tension - Syndicat FO Justice","description":"Syndicat FO Justice - DISP Lille - Prison d'Annoeullin : 25 ao\u00fbt, violences, incendies... une journ\u00e9e sous haute tension","robots":{"index":"index","follow":"follow","max-snippet":"max-snippet:-1","max-image-preview":"max-image-preview:large","max-video-preview":"max-video-preview:-1"},"canonical":"https:\/\/fojustice.fr\/web\/prison-dannoeullin-25-aout-violences-incendies-une-journee-sous-haute-tension\/","og_locale":"fr_FR","og_type":"article","og_title":"Prison d'Annoeullin : 25 ao\u00fbt, violences, incendies... une journ\u00e9e sous haute tension - Syndicat FO Justice","og_description":"Syndicat FO Justice - DISP Lille - Prison d'Annoeullin : 25 ao\u00fbt, violences, incendies... une journ\u00e9e sous haute tension","og_url":"https:\/\/fojustice.fr\/web\/prison-dannoeullin-25-aout-violences-incendies-une-journee-sous-haute-tension\/","og_site_name":"Syndicat FO Justice","article_publisher":"https:\/\/www.facebook.com\/SyndicatFoJustice","article_published_time":"2026-08-27T12:04:42+00:00","og_image":[{"width":870,"height":489,"url":"https:\/\/fojustice.fr\/web\/wp-content\/uploads\/2022\/03\/prison-dAnnoeullin.jpeg","type":"image\/jpeg"}],"author":"adminfojustice","twitter_card":"summary_large_image","twitter_creator":"@SyndFoJustice","twitter_site":"@SyndFoJustice","twitter_misc":{"\u00c9crit par":"adminfojustice","Dur\u00e9e de lecture estim\u00e9e":"4 minutes"},"schema":{"@context":"https:\/\/schema.org","@graph":[{"@type":"NewsArticle","@id":"https:\/\/fojustice.fr\/web\/prison-dannoeullin-25-aout-violences-incendies-une-journee-sous-haute-tension\/#article","isPartOf":{"@id":"https:\/\/fojustice.fr\/web\/prison-dannoeullin-25-aout-violences-incendies-une-journee-sous-haute-tension\/"},"author":{"name":"adminfojustice","@id":"https:\/\/fojustice.fr\/web\/#\/schema\/person\/a51cb9c3495ce0ca62b78fc96ac3bf9f"},"headline":"Prison d&#8217;Annoeullin : 25 ao\u00fbt, violences, incendies&#8230; une journ\u00e9e sous haute tension","datePublished":"2026-08-27T12:04:42+00:00","mainEntityOfPage":{"@id":"https:\/\/fojustice.fr\/web\/prison-dannoeullin-25-aout-violences-incendies-une-journee-sous-haute-tension\/"},"wordCount":767,"commentCount":0,"publisher":{"@id":"https:\/\/fojustice.fr\/web\/#organization"},"image":{"@id":"https:\/\/fojustice.fr\/web\/prison-dannoeullin-25-aout-violences-incendies-une-journee-sous-haute-tension\/#primaryimage"},"thumbnailUrl":"https:\/\/fojustice.fr\/web\/wp-content\/uploads\/2022\/03\/prison-dAnnoeullin.jpeg","articleSection":["DISP Lille"],"inLanguage":"fr-FR","potentialAction":[{"@type":"CommentAction","name":"Comment","target":["https:\/\/fojustice.fr\/web\/prison-dannoeullin-25-aout-violences-incendies-une-journee-sous-haute-tension\/#respond"]}]},{"@type":"WebPage","@id":"https:\/\/fojustice.fr\/web\/prison-dannoeullin-25-aout-violences-incendies-une-journee-sous-haute-tension\/","url":"https:\/\/fojustice.fr\/web\/prison-dannoeullin-25-aout-violences-incendies-une-journee-sous-haute-tension\/","name":"Prison d'Annoeullin : 25 ao\u00fbt, violences, incendies... une journ\u00e9e sous haute tension - Syndicat FO Justice","isPartOf":{"@id":"https:\/\/fojustice.fr\/web\/#website"},"primaryImageOfPage":{"@id":"https:\/\/fojustice.fr\/web\/prison-dannoeullin-25-aout-violences-incendies-une-journee-sous-haute-tension\/#primaryimage"},"image":{"@id":"https:\/\/fojustice.fr\/web\/prison-dannoeullin-25-aout-violences-incendies-une-journee-sous-haute-tension\/#primaryimage"},"thumbnailUrl":"https:\/\/fojustice.fr\/web\/wp-content\/uploads\/2022\/03\/prison-dAnnoeullin.jpeg","datePublished":"2026-08-27T12:04:42+00:00","description":"Syndicat FO Justice - DISP Lille - Prison d'Annoeullin : 25 ao\u00fbt, violences, incendies... une journ\u00e9e sous haute tension","breadcrumb":{"@id":"https:\/\/fojustice.fr\/web\/prison-dannoeullin-25-aout-violences-incendies-une-journee-sous-haute-tension\/#breadcrumb"},"inLanguage":"fr-FR","potentialAction":[{"@type":"ReadAction","target":["https:\/\/fojustice.fr\/web\/prison-dannoeullin-25-aout-violences-incendies-une-journee-sous-haute-tension\/"]}]},{"@type":"ImageObject","inLanguage":"fr-FR","@id":"https:\/\/fojustice.fr\/web\/prison-dannoeullin-25-aout-violences-incendies-une-journee-sous-haute-tension\/#primaryimage","url":"https:\/\/fojustice.fr\/web\/wp-content\/uploads\/2022\/03\/prison-dAnnoeullin.jpeg","contentUrl":"https:\/\/fojustice.fr\/web\/wp-content\/uploads\/2022\/03\/prison-dAnnoeullin.jpeg","width":870,"height":489},{"@type":"BreadcrumbList","@id":"https:\/\/fojustice.fr\/web\/prison-dannoeullin-25-aout-violences-incendies-une-journee-sous-haute-tension\/#breadcrumb","itemListElement":[{"@type":"ListItem","position":1,"name":"Accueil","item":"https:\/\/fojustice.fr\/web\/"},{"@type":"ListItem","position":2,"name":"Prison d&#8217;Annoeullin : 25 ao\u00fbt, violences, incendies&#8230; une journ\u00e9e sous haute tension"}]},{"@type":"WebSite","@id":"https:\/\/fojustice.fr\/web\/#website","url":"https:\/\/fojustice.fr\/web\/","name":"Syndicat FO Justice","description":"Site du Syndicat National FO Justice","publisher":{"@id":"https:\/\/fojustice.fr\/web\/#organization"},"alternateName":"Syndicat National FO Justice","potentialAction":[{"@type":"SearchAction","target":{"@type":"EntryPoint","urlTemplate":"https:\/\/fojustice.fr\/web\/?s={search_term_string}"},"query-input":{"@type":"PropertyValueSpecification","valueRequired":true,"valueName":"search_term_string"}}],"inLanguage":"fr-FR"},{"@type":"Organization","@id":"https:\/\/fojustice.fr\/web\/#organization","name":"Syndicat National FO Justice","alternateName":"Syndicat National FO Justice","url":"https:\/\/fojustice.fr\/web\/","logo":{"@type":"ImageObject","inLanguage":"fr-FR","@id":"https:\/\/fojustice.fr\/web\/#\/schema\/logo\/image\/","url":"https:\/\/fojustice.fr\/web\/wp-content\/uploads\/2022\/03\/logo-fo-justice.png","contentUrl":"https:\/\/fojustice.fr\/web\/wp-content\/uploads\/2022\/03\/logo-fo-justice.png","width":800,"height":800,"caption":"Syndicat National FO Justice"},"image":{"@id":"https:\/\/fojustice.fr\/web\/#\/schema\/logo\/image\/"},"sameAs":["https:\/\/www.facebook.com\/SyndicatFoJustice","https:\/\/x.com\/SyndFoJustice"]},{"@type":"Person","@id":"https:\/\/fojustice.fr\/web\/#\/schema\/person\/a51cb9c3495ce0ca62b78fc96ac3bf9f","name":"adminfojustice","image":{"@type":"ImageObject","inLanguage":"fr-FR","@id":"https:\/\/secure.gravatar.com\/avatar\/368884c0ecc46e53d83c0c3c0af4c6c30a6bbc2aab7535848950f43a950bfd4e?s=96&d=mm&r=g","url":"https:\/\/secure.gravatar.com\/avatar\/368884c0ecc46e53d83c0c3c0af4c6c30a6bbc2aab7535848950f43a950bfd4e?s=96&d=mm&r=g","contentUrl":"https:\/\/secure.gravatar.com\/avatar\/368884c0ecc46e53d83c0c3c0af4c6c30a6bbc2aab7535848950f43a950bfd4e?s=96&d=mm&r=g","caption":"adminfojustice"},"sameAs":["https:\/\/www.fojustice.fr\/web"],"url":"https:\/\/fojustice.fr\/web\/author\/adminfojustice\/"}]}},"jetpack_shortlink":"https:\/\/wp.me\/pdNWl1-dln","jetpack_sharing_enabled":true,"jetpack_featured_media_url":"https:\/\/fojustice.fr\/web\/wp-content\/uploads\/2022\/03\/prison-dAnnoeullin.jpeg","_links":{"self":[{"href":"https:\/\/fojustice.fr\/web\/wp-json\/wp\/v2\/posts\/51297","targetHints":{"allow":["GET"]}}],"collection":[{"href":"https:\/\/fojustice.fr\/web\/wp-json\/wp\/v2\/posts"}],"about":[{"href":"https:\/\/fojustice.fr\/web\/wp-json\/wp\/v2\/types\/post"}],"author":[{"embeddable":true,"href":"https:\/\/fojustice.fr\/web\/wp-json\/wp\/v2\/users\/1"}],"replies":[{"embeddable":true,"href":"https:\/\/fojustice.fr\/web\/wp-json\/wp\/v2\/comments?post=51297"}],"version-history":[{"count":1,"href":"https:\/\/fojustice.fr\/web\/wp-json\/wp\/v2\/posts\/51297\/revisions"}],"predecessor-version":[{"id":51300,"href":"https:\/\/fojustice.fr\/web\/wp-json\/wp\/v2\/posts\/51297\/revisions\/51300"}],"wp:featuredmedia":[{"embeddable":true,"href":"https:\/\/fojustice.fr\/web\/wp-json\/wp\/v2\/media\/2280"}],"wp:attachment":[{"href":"https:\/\/fojustice.fr\/web\/wp-json\/wp\/v2\/media?parent=51297"}],"wp:term":[{"taxonomy":"category","embeddable":true,"href":"https:\/\/fojustice.fr\/web\/wp-json\/wp\/v2\/categories?post=51297"},{"taxonomy":"post_tag","embeddable":true,"href":"https:\/\/fojustice.fr\/web\/wp-json\/wp\/v2\/tags?post=51297"}],"curies":[{"name":"wp","href":"https:\/\/api.w.org\/{rel}","templated":true}]}}