{"id":51292,"date":"2026-08-27T11:14:20","date_gmt":"2026-08-27T09:14:20","guid":{"rendered":"https:\/\/fojustice.fr\/web\/?p=51292"},"modified":"2026-08-27T11:14:20","modified_gmt":"2026-08-27T09:14:20","slug":"di-de-paris-fo-retablit-le-droit-des-agents","status":"publish","type":"post","link":"https:\/\/fojustice.fr\/web\/di-de-paris-fo-retablit-le-droit-des-agents\/","title":{"rendered":"DI de Paris : FO r\u00e9tablit le droit des agents !"},"content":{"rendered":"<p style=\"text-align: center;\"><span style=\"color: #000080;\"><strong>CMO PENDANT UN CONG\u00c9 BONIFI\u00c9 : <span style=\"color: #ff0000;\">FO JUSTICE<\/span><\/strong><\/span><\/p>\n<p style=\"text-align: center;\"><span style=\"color: #000080;\"><strong>OBTIENT UNE CLARIFICATION ET LA R\u00c9GULARISATION DES PRATIQUES !<\/strong><\/span><\/p>\n<p><strong><span style=\"color: #ff0000;\"><span style=\"text-decoration: underline;\">Objet<\/span> :<\/span> Clarification et r\u00e9gularisation des CMO intervenant pendant les cong\u00e9s bonifi\u00e9s.<\/strong><\/p>\n<p>\u00c0 la suite de notre communiqu\u00e9 du 24 juillet 2026 et de nos diff\u00e9rentes interventions aupr\u00e8s de la DISP de Paris, <span style=\"color: #ff0000;\"><strong>FO Justice<\/strong><\/span> a obtenu une r\u00e9ponse claire de l&#8217;administration apr\u00e8s \u00e9changes avec la DGAP.<\/p>\n<p>Le principe est d\u00e9sormais act\u00e9 : un CMO intervenant pendant un cong\u00e9 bonifi\u00e9 doit bien \u00eatre pris en compte.<\/p>\n<p><span style=\"color: #000080;\"><strong>Concr\u00e8tement :<\/strong><\/span><\/p>\n<ul>\n<li>la d\u00e9cision de cong\u00e9 bonifi\u00e9 doit \u00eatre rapport\u00e9e sur toute la p\u00e9riode couverte par le CMO ;<\/li>\n<li>le CMO doit \u00eatre <strong>enregistr\u00e9<\/strong> par les services RH de proximit\u00e9 dans HARMONIE ;<\/li>\n<li>l&#8217;administration centrale est charg\u00e9e de proc\u00e9der \u00e0 la<strong> r\u00e9gularisation de la d\u00e9cision de cong\u00e9 bonifi\u00e9 ;<\/strong><\/li>\n<li>la DIOS doit \u00e9galement transmettre les <strong>consignes<\/strong> n\u00e9cessaires aux services des agents pour la r\u00e9gularisation dans ORIGINE.<\/li>\n<\/ul>\n<p>L&#8217;administration confirme ainsi qu&#8217;un agent ne peut pas \u00eatre plac\u00e9 simultan\u00e9ment en cong\u00e9 bonifi\u00e9 et en CMO.<\/p>\n<p><span style=\"color: #000080;\"><strong><span style=\"color: #ff0000;\">FO Justice<\/span> a saisi,<span style=\"color: #ff0000;\"> FO Justice<\/span> a insist\u00e9, <span style=\"color: #ff0000;\">FO Justice<\/span> a obtenu.<\/strong><\/span><\/p>\n<p>D\u00e9sormais, les consignes doivent \u00eatre appliqu\u00e9es de mani\u00e8re uniforme dans l&#8217;ensemble des \u00e9tablissements, et les situations concern\u00e9es doivent \u00eatre r\u00e9gularis\u00e9es.<\/p>\n<p><strong><span style=\"color: #ff0000;\">FO Justice<\/span><\/strong> restera vigilant afin qu&#8217;aucun agent ne soit priv\u00e9 de ses droits en raison d&#8217;une interpr\u00e9tation locale contraire aux instructions de l&#8217;administration centrale.<\/p>\n<p><a href=\"https:\/\/fojustice.fr\/web\/wp-content\/uploads\/2026\/08\/FO_JUSTICE_PARIS_CMO_CONGES_BONIFIES_27_08_2026.pdf\">Lire le communiqu\u00e9<\/a><\/p>\n","protected":false},"excerpt":{"rendered":"<p>CMO PENDANT UN CONG\u00c9 BONIFI\u00c9 : FO JUSTICE OBTIENT UNE CLARIFICATION ET LA R\u00c9GULARISATION DES PRATIQUES ! Objet : Clarification et r\u00e9gularisation des CMO intervenant pendant les cong\u00e9s bonifi\u00e9s. \u00c0 la suite de notre communiqu\u00e9 du 24 juillet 2026 et de nos diff\u00e9rentes interventions aupr\u00e8s de la DISP de Paris, FO Justice a obtenu une [&hellip;]<\/p>\n","protected":false},"author":1,"featured_media":51294,"comment_status":"open","ping_status":"open","sticky":false,"template":"","format":"standard","meta":{"_angie_page":false,"_jetpack_newsletter_access":"","_jetpack_dont_email_post_to_subs":true,"_jetpack_newsletter_tier_id":0,"_jetpack_memberships_contains_paywalled_content":false,"page_builder":"","_jetpack_feature_clip_id":0,"_jetpack_memberships_contains_paid_content":false,"footnotes":"","jetpack_post_was_ever_published":false,"_members_access_role":[],"_members_access_error":""},"categories":[34],"tags":[],"class_list":["post-51292","post","type-post","status-publish","format-standard","has-post-thumbnail","hentry","category-disp-paris"],"yoast_head":"<!-- This site is optimized with the Yoast SEO plugin v28.3 - https:\/\/yoast.com\/product\/yoast-seo-wordpress\/ -->\n<title>DI de Paris : FO r\u00e9tablit le droit des agents ! - Syndicat FO Justice<\/title>\n<meta name=\"description\" content=\"Syndicat FO Justice - DISP Paris - DI de Paris : FO r\u00e9tablit le droit des agents !\" \/>\n<meta name=\"robots\" content=\"index, follow, max-snippet:-1, max-image-preview:large, max-video-preview:-1\" \/>\n<link rel=\"canonical\" href=\"https:\/\/fojustice.fr\/web\/di-de-paris-fo-retablit-le-droit-des-agents\/\" \/>\n<meta property=\"og:locale\" content=\"fr_FR\" \/>\n<meta property=\"og:type\" content=\"article\" \/>\n<meta property=\"og:title\" content=\"DI de Paris : FO r\u00e9tablit le droit des agents ! - Syndicat FO Justice\" \/>\n<meta property=\"og:description\" content=\"Syndicat FO Justice - DISP Paris - DI de Paris : FO r\u00e9tablit le droit des agents !\" \/>\n<meta property=\"og:url\" content=\"https:\/\/fojustice.fr\/web\/di-de-paris-fo-retablit-le-droit-des-agents\/\" \/>\n<meta property=\"og:site_name\" content=\"Syndicat FO Justice\" \/>\n<meta property=\"article:publisher\" content=\"https:\/\/www.facebook.com\/SyndicatFoJustice\" \/>\n<meta property=\"article:published_time\" content=\"2026-08-27T09:14:20+00:00\" \/>\n<meta property=\"og:image\" content=\"https:\/\/fojustice.fr\/web\/wp-content\/uploads\/2026\/08\/a-2-1024x767.png\" \/>\n\t<meta property=\"og:image:width\" content=\"1024\" \/>\n\t<meta property=\"og:image:height\" content=\"767\" \/>\n\t<meta property=\"og:image:type\" content=\"image\/png\" \/>\n<meta name=\"author\" content=\"adminfojustice\" \/>\n<meta name=\"twitter:card\" content=\"summary_large_image\" \/>\n<meta name=\"twitter:creator\" content=\"@SyndFoJustice\" \/>\n<meta name=\"twitter:site\" content=\"@SyndFoJustice\" \/>\n<meta name=\"twitter:label1\" content=\"\u00c9crit par\" \/>\n\t<meta name=\"twitter:data1\" content=\"adminfojustice\" \/>\n\t<meta name=\"twitter:label2\" content=\"Dur\u00e9e de lecture estim\u00e9e\" \/>\n\t<meta name=\"twitter:data2\" content=\"1 minute\" \/>\n<script type=\"application\/ld+json\" class=\"yoast-schema-graph\">{\"@context\":\"https:\\\/\\\/schema.org\",\"@graph\":[{\"@type\":\"NewsArticle\",\"@id\":\"https:\\\/\\\/fojustice.fr\\\/web\\\/di-de-paris-fo-retablit-le-droit-des-agents\\\/#article\",\"isPartOf\":{\"@id\":\"https:\\\/\\\/fojustice.fr\\\/web\\\/di-de-paris-fo-retablit-le-droit-des-agents\\\/\"},\"author\":{\"name\":\"adminfojustice\",\"@id\":\"https:\\\/\\\/fojustice.fr\\\/web\\\/#\\\/schema\\\/person\\\/a51cb9c3495ce0ca62b78fc96ac3bf9f\"},\"headline\":\"DI de Paris : FO r\u00e9tablit le droit des agents !\",\"datePublished\":\"2026-08-27T09:14:20+00:00\",\"mainEntityOfPage\":{\"@id\":\"https:\\\/\\\/fojustice.fr\\\/web\\\/di-de-paris-fo-retablit-le-droit-des-agents\\\/\"},\"wordCount\":258,\"commentCount\":0,\"publisher\":{\"@id\":\"https:\\\/\\\/fojustice.fr\\\/web\\\/#organization\"},\"image\":{\"@id\":\"https:\\\/\\\/fojustice.fr\\\/web\\\/di-de-paris-fo-retablit-le-droit-des-agents\\\/#primaryimage\"},\"thumbnailUrl\":\"https:\\\/\\\/fojustice.fr\\\/web\\\/wp-content\\\/uploads\\\/2026\\\/08\\\/a-2.png\",\"articleSection\":[\"DISP Paris\"],\"inLanguage\":\"fr-FR\",\"potentialAction\":[{\"@type\":\"CommentAction\",\"name\":\"Comment\",\"target\":[\"https:\\\/\\\/fojustice.fr\\\/web\\\/di-de-paris-fo-retablit-le-droit-des-agents\\\/#respond\"]}]},{\"@type\":\"WebPage\",\"@id\":\"https:\\\/\\\/fojustice.fr\\\/web\\\/di-de-paris-fo-retablit-le-droit-des-agents\\\/\",\"url\":\"https:\\\/\\\/fojustice.fr\\\/web\\\/di-de-paris-fo-retablit-le-droit-des-agents\\\/\",\"name\":\"DI de Paris : FO r\u00e9tablit le droit des agents ! - Syndicat FO Justice\",\"isPartOf\":{\"@id\":\"https:\\\/\\\/fojustice.fr\\\/web\\\/#website\"},\"primaryImageOfPage\":{\"@id\":\"https:\\\/\\\/fojustice.fr\\\/web\\\/di-de-paris-fo-retablit-le-droit-des-agents\\\/#primaryimage\"},\"image\":{\"@id\":\"https:\\\/\\\/fojustice.fr\\\/web\\\/di-de-paris-fo-retablit-le-droit-des-agents\\\/#primaryimage\"},\"thumbnailUrl\":\"https:\\\/\\\/fojustice.fr\\\/web\\\/wp-content\\\/uploads\\\/2026\\\/08\\\/a-2.png\",\"datePublished\":\"2026-08-27T09:14:20+00:00\",\"description\":\"Syndicat FO Justice - DISP Paris - DI de Paris : FO r\u00e9tablit le droit des agents !\",\"breadcrumb\":{\"@id\":\"https:\\\/\\\/fojustice.fr\\\/web\\\/di-de-paris-fo-retablit-le-droit-des-agents\\\/#breadcrumb\"},\"inLanguage\":\"fr-FR\",\"potentialAction\":[{\"@type\":\"ReadAction\",\"target\":[\"https:\\\/\\\/fojustice.fr\\\/web\\\/di-de-paris-fo-retablit-le-droit-des-agents\\\/\"]}]},{\"@type\":\"ImageObject\",\"inLanguage\":\"fr-FR\",\"@id\":\"https:\\\/\\\/fojustice.fr\\\/web\\\/di-de-paris-fo-retablit-le-droit-des-agents\\\/#primaryimage\",\"url\":\"https:\\\/\\\/fojustice.fr\\\/web\\\/wp-content\\\/uploads\\\/2026\\\/08\\\/a-2.png\",\"contentUrl\":\"https:\\\/\\\/fojustice.fr\\\/web\\\/wp-content\\\/uploads\\\/2026\\\/08\\\/a-2.png\",\"width\":1862,\"height\":1394},{\"@type\":\"BreadcrumbList\",\"@id\":\"https:\\\/\\\/fojustice.fr\\\/web\\\/di-de-paris-fo-retablit-le-droit-des-agents\\\/#breadcrumb\",\"itemListElement\":[{\"@type\":\"ListItem\",\"position\":1,\"name\":\"Accueil\",\"item\":\"https:\\\/\\\/fojustice.fr\\\/web\\\/\"},{\"@type\":\"ListItem\",\"position\":2,\"name\":\"DI de Paris : FO r\u00e9tablit le droit des agents !\"}]},{\"@type\":\"WebSite\",\"@id\":\"https:\\\/\\\/fojustice.fr\\\/web\\\/#website\",\"url\":\"https:\\\/\\\/fojustice.fr\\\/web\\\/\",\"name\":\"Syndicat FO Justice\",\"description\":\"Site du Syndicat National FO Justice\",\"publisher\":{\"@id\":\"https:\\\/\\\/fojustice.fr\\\/web\\\/#organization\"},\"alternateName\":\"Syndicat National FO Justice\",\"potentialAction\":[{\"@type\":\"SearchAction\",\"target\":{\"@type\":\"EntryPoint\",\"urlTemplate\":\"https:\\\/\\\/fojustice.fr\\\/web\\\/?s={search_term_string}\"},\"query-input\":{\"@type\":\"PropertyValueSpecification\",\"valueRequired\":true,\"valueName\":\"search_term_string\"}}],\"inLanguage\":\"fr-FR\"},{\"@type\":\"Organization\",\"@id\":\"https:\\\/\\\/fojustice.fr\\\/web\\\/#organization\",\"name\":\"Syndicat National FO Justice\",\"alternateName\":\"Syndicat National FO Justice\",\"url\":\"https:\\\/\\\/fojustice.fr\\\/web\\\/\",\"logo\":{\"@type\":\"ImageObject\",\"inLanguage\":\"fr-FR\",\"@id\":\"https:\\\/\\\/fojustice.fr\\\/web\\\/#\\\/schema\\\/logo\\\/image\\\/\",\"url\":\"https:\\\/\\\/fojustice.fr\\\/web\\\/wp-content\\\/uploads\\\/2022\\\/03\\\/logo-fo-justice.png\",\"contentUrl\":\"https:\\\/\\\/fojustice.fr\\\/web\\\/wp-content\\\/uploads\\\/2022\\\/03\\\/logo-fo-justice.png\",\"width\":800,\"height\":800,\"caption\":\"Syndicat National FO Justice\"},\"image\":{\"@id\":\"https:\\\/\\\/fojustice.fr\\\/web\\\/#\\\/schema\\\/logo\\\/image\\\/\"},\"sameAs\":[\"https:\\\/\\\/www.facebook.com\\\/SyndicatFoJustice\",\"https:\\\/\\\/x.com\\\/SyndFoJustice\"]},{\"@type\":\"Person\",\"@id\":\"https:\\\/\\\/fojustice.fr\\\/web\\\/#\\\/schema\\\/person\\\/a51cb9c3495ce0ca62b78fc96ac3bf9f\",\"name\":\"adminfojustice\",\"image\":{\"@type\":\"ImageObject\",\"inLanguage\":\"fr-FR\",\"@id\":\"https:\\\/\\\/secure.gravatar.com\\\/avatar\\\/368884c0ecc46e53d83c0c3c0af4c6c30a6bbc2aab7535848950f43a950bfd4e?s=96&d=mm&r=g\",\"url\":\"https:\\\/\\\/secure.gravatar.com\\\/avatar\\\/368884c0ecc46e53d83c0c3c0af4c6c30a6bbc2aab7535848950f43a950bfd4e?s=96&d=mm&r=g\",\"contentUrl\":\"https:\\\/\\\/secure.gravatar.com\\\/avatar\\\/368884c0ecc46e53d83c0c3c0af4c6c30a6bbc2aab7535848950f43a950bfd4e?s=96&d=mm&r=g\",\"caption\":\"adminfojustice\"},\"sameAs\":[\"https:\\\/\\\/www.fojustice.fr\\\/web\"],\"url\":\"https:\\\/\\\/fojustice.fr\\\/web\\\/author\\\/adminfojustice\\\/\"}]}<\/script>\n<!-- \/ Yoast SEO plugin. -->","yoast_head_json":{"title":"DI de Paris : FO r\u00e9tablit le droit des agents ! - Syndicat FO Justice","description":"Syndicat FO Justice - DISP Paris - DI de Paris : FO r\u00e9tablit le droit des agents !","robots":{"index":"index","follow":"follow","max-snippet":"max-snippet:-1","max-image-preview":"max-image-preview:large","max-video-preview":"max-video-preview:-1"},"canonical":"https:\/\/fojustice.fr\/web\/di-de-paris-fo-retablit-le-droit-des-agents\/","og_locale":"fr_FR","og_type":"article","og_title":"DI de Paris : FO r\u00e9tablit le droit des agents ! - Syndicat FO Justice","og_description":"Syndicat FO Justice - DISP Paris - DI de Paris : FO r\u00e9tablit le droit des agents !","og_url":"https:\/\/fojustice.fr\/web\/di-de-paris-fo-retablit-le-droit-des-agents\/","og_site_name":"Syndicat FO Justice","article_publisher":"https:\/\/www.facebook.com\/SyndicatFoJustice","article_published_time":"2026-08-27T09:14:20+00:00","og_image":[{"width":1024,"height":767,"url":"https:\/\/fojustice.fr\/web\/wp-content\/uploads\/2026\/08\/a-2-1024x767.png","type":"image\/png"}],"author":"adminfojustice","twitter_card":"summary_large_image","twitter_creator":"@SyndFoJustice","twitter_site":"@SyndFoJustice","twitter_misc":{"\u00c9crit par":"adminfojustice","Dur\u00e9e de lecture estim\u00e9e":"1 minute"},"schema":{"@context":"https:\/\/schema.org","@graph":[{"@type":"NewsArticle","@id":"https:\/\/fojustice.fr\/web\/di-de-paris-fo-retablit-le-droit-des-agents\/#article","isPartOf":{"@id":"https:\/\/fojustice.fr\/web\/di-de-paris-fo-retablit-le-droit-des-agents\/"},"author":{"name":"adminfojustice","@id":"https:\/\/fojustice.fr\/web\/#\/schema\/person\/a51cb9c3495ce0ca62b78fc96ac3bf9f"},"headline":"DI de Paris : FO r\u00e9tablit le droit des agents !","datePublished":"2026-08-27T09:14:20+00:00","mainEntityOfPage":{"@id":"https:\/\/fojustice.fr\/web\/di-de-paris-fo-retablit-le-droit-des-agents\/"},"wordCount":258,"commentCount":0,"publisher":{"@id":"https:\/\/fojustice.fr\/web\/#organization"},"image":{"@id":"https:\/\/fojustice.fr\/web\/di-de-paris-fo-retablit-le-droit-des-agents\/#primaryimage"},"thumbnailUrl":"https:\/\/fojustice.fr\/web\/wp-content\/uploads\/2026\/08\/a-2.png","articleSection":["DISP Paris"],"inLanguage":"fr-FR","potentialAction":[{"@type":"CommentAction","name":"Comment","target":["https:\/\/fojustice.fr\/web\/di-de-paris-fo-retablit-le-droit-des-agents\/#respond"]}]},{"@type":"WebPage","@id":"https:\/\/fojustice.fr\/web\/di-de-paris-fo-retablit-le-droit-des-agents\/","url":"https:\/\/fojustice.fr\/web\/di-de-paris-fo-retablit-le-droit-des-agents\/","name":"DI de Paris : FO r\u00e9tablit le droit des agents ! - Syndicat FO Justice","isPartOf":{"@id":"https:\/\/fojustice.fr\/web\/#website"},"primaryImageOfPage":{"@id":"https:\/\/fojustice.fr\/web\/di-de-paris-fo-retablit-le-droit-des-agents\/#primaryimage"},"image":{"@id":"https:\/\/fojustice.fr\/web\/di-de-paris-fo-retablit-le-droit-des-agents\/#primaryimage"},"thumbnailUrl":"https:\/\/fojustice.fr\/web\/wp-content\/uploads\/2026\/08\/a-2.png","datePublished":"2026-08-27T09:14:20+00:00","description":"Syndicat FO Justice - DISP Paris - DI de Paris : FO r\u00e9tablit le droit des agents !","breadcrumb":{"@id":"https:\/\/fojustice.fr\/web\/di-de-paris-fo-retablit-le-droit-des-agents\/#breadcrumb"},"inLanguage":"fr-FR","potentialAction":[{"@type":"ReadAction","target":["https:\/\/fojustice.fr\/web\/di-de-paris-fo-retablit-le-droit-des-agents\/"]}]},{"@type":"ImageObject","inLanguage":"fr-FR","@id":"https:\/\/fojustice.fr\/web\/di-de-paris-fo-retablit-le-droit-des-agents\/#primaryimage","url":"https:\/\/fojustice.fr\/web\/wp-content\/uploads\/2026\/08\/a-2.png","contentUrl":"https:\/\/fojustice.fr\/web\/wp-content\/uploads\/2026\/08\/a-2.png","width":1862,"height":1394},{"@type":"BreadcrumbList","@id":"https:\/\/fojustice.fr\/web\/di-de-paris-fo-retablit-le-droit-des-agents\/#breadcrumb","itemListElement":[{"@type":"ListItem","position":1,"name":"Accueil","item":"https:\/\/fojustice.fr\/web\/"},{"@type":"ListItem","position":2,"name":"DI de Paris : FO r\u00e9tablit le droit des agents !"}]},{"@type":"WebSite","@id":"https:\/\/fojustice.fr\/web\/#website","url":"https:\/\/fojustice.fr\/web\/","name":"Syndicat FO Justice","description":"Site du Syndicat National FO Justice","publisher":{"@id":"https:\/\/fojustice.fr\/web\/#organization"},"alternateName":"Syndicat National FO Justice","potentialAction":[{"@type":"SearchAction","target":{"@type":"EntryPoint","urlTemplate":"https:\/\/fojustice.fr\/web\/?s={search_term_string}"},"query-input":{"@type":"PropertyValueSpecification","valueRequired":true,"valueName":"search_term_string"}}],"inLanguage":"fr-FR"},{"@type":"Organization","@id":"https:\/\/fojustice.fr\/web\/#organization","name":"Syndicat National FO Justice","alternateName":"Syndicat National FO Justice","url":"https:\/\/fojustice.fr\/web\/","logo":{"@type":"ImageObject","inLanguage":"fr-FR","@id":"https:\/\/fojustice.fr\/web\/#\/schema\/logo\/image\/","url":"https:\/\/fojustice.fr\/web\/wp-content\/uploads\/2022\/03\/logo-fo-justice.png","contentUrl":"https:\/\/fojustice.fr\/web\/wp-content\/uploads\/2022\/03\/logo-fo-justice.png","width":800,"height":800,"caption":"Syndicat National FO Justice"},"image":{"@id":"https:\/\/fojustice.fr\/web\/#\/schema\/logo\/image\/"},"sameAs":["https:\/\/www.facebook.com\/SyndicatFoJustice","https:\/\/x.com\/SyndFoJustice"]},{"@type":"Person","@id":"https:\/\/fojustice.fr\/web\/#\/schema\/person\/a51cb9c3495ce0ca62b78fc96ac3bf9f","name":"adminfojustice","image":{"@type":"ImageObject","inLanguage":"fr-FR","@id":"https:\/\/secure.gravatar.com\/avatar\/368884c0ecc46e53d83c0c3c0af4c6c30a6bbc2aab7535848950f43a950bfd4e?s=96&d=mm&r=g","url":"https:\/\/secure.gravatar.com\/avatar\/368884c0ecc46e53d83c0c3c0af4c6c30a6bbc2aab7535848950f43a950bfd4e?s=96&d=mm&r=g","contentUrl":"https:\/\/secure.gravatar.com\/avatar\/368884c0ecc46e53d83c0c3c0af4c6c30a6bbc2aab7535848950f43a950bfd4e?s=96&d=mm&r=g","caption":"adminfojustice"},"sameAs":["https:\/\/www.fojustice.fr\/web"],"url":"https:\/\/fojustice.fr\/web\/author\/adminfojustice\/"}]}},"jetpack_shortlink":"https:\/\/wp.me\/pdNWl1-dli","jetpack_sharing_enabled":true,"jetpack_featured_media_url":"https:\/\/fojustice.fr\/web\/wp-content\/uploads\/2026\/08\/a-2.png","_links":{"self":[{"href":"https:\/\/fojustice.fr\/web\/wp-json\/wp\/v2\/posts\/51292","targetHints":{"allow":["GET"]}}],"collection":[{"href":"https:\/\/fojustice.fr\/web\/wp-json\/wp\/v2\/posts"}],"about":[{"href":"https:\/\/fojustice.fr\/web\/wp-json\/wp\/v2\/types\/post"}],"author":[{"embeddable":true,"href":"https:\/\/fojustice.fr\/web\/wp-json\/wp\/v2\/users\/1"}],"replies":[{"embeddable":true,"href":"https:\/\/fojustice.fr\/web\/wp-json\/wp\/v2\/comments?post=51292"}],"version-history":[{"count":1,"href":"https:\/\/fojustice.fr\/web\/wp-json\/wp\/v2\/posts\/51292\/revisions"}],"predecessor-version":[{"id":51295,"href":"https:\/\/fojustice.fr\/web\/wp-json\/wp\/v2\/posts\/51292\/revisions\/51295"}],"wp:featuredmedia":[{"embeddable":true,"href":"https:\/\/fojustice.fr\/web\/wp-json\/wp\/v2\/media\/51294"}],"wp:attachment":[{"href":"https:\/\/fojustice.fr\/web\/wp-json\/wp\/v2\/media?parent=51292"}],"wp:term":[{"taxonomy":"category","embeddable":true,"href":"https:\/\/fojustice.fr\/web\/wp-json\/wp\/v2\/categories?post=51292"},{"taxonomy":"post_tag","embeddable":true,"href":"https:\/\/fojustice.fr\/web\/wp-json\/wp\/v2\/tags?post=51292"}],"curies":[{"name":"wp","href":"https:\/\/api.w.org\/{rel}","templated":true}]}}