{"id":49139,"date":"2026-06-19T16:57:45","date_gmt":"2026-06-19T14:57:45","guid":{"rendered":"https:\/\/fojustice.fr\/web\/?p=49139"},"modified":"2026-06-19T16:57:45","modified_gmt":"2026-06-19T14:57:45","slug":"cia-gele-ifse-bloquee-grilles-ecrasees-engagement-reportes-les-personnels-administratifs-ne-vivent-pas-de-promesses","status":"publish","type":"post","link":"https:\/\/fojustice.fr\/web\/cia-gele-ifse-bloquee-grilles-ecrasees-engagement-reportes-les-personnels-administratifs-ne-vivent-pas-de-promesses\/","title":{"rendered":"CIA GEL\u00c9, IFSE BLOQU\u00c9E, GRILLES \u00c9CRAS\u00c9ES, ENGAGEMENT REPORT\u00c9S&#8230; Les Personnels Administratifs ne Vivent pas de Promesses !"},"content":{"rendered":"<p class=\"p1\"><span class=\"s1\" style=\"color: #ff0000;\"><b>FO Justice <\/b><\/span><b><span style=\"color: #ff0000;\">&#8211; Personnels Administratifs<\/span> a pris connaissance de la note relative \u00e0 <\/b><b>l&#8217;attribution du CIA 2026. Une fois encore, le constat est sans appel : les personnels <\/b><b>administratifs devront se contenter du strict minimum pendant que leur pouvoir d&#8217;achat <\/b><b>continue de s&#8217;\u00e9roder.<\/b><\/p>\n<p class=\"p4\"><b>\u25ba<\/b><b> <\/b><b>DES<\/b><b> <\/b><b>MONTANTS<\/b><b> <\/b><b>QUI<\/b><b> <\/b><b>STAGNENT<\/b><\/p>\n<p class=\"p5\">Alors que l&#8217;inflation a durablement impact\u00e9 le quotidien des agents, les montants moyens du CIA demeurent inchang\u00e9s. Une nouvelle fois, l&#8217;administration demande aux personnels administratifs de faire toujours plus avec toujours moins.<\/p>\n<p class=\"p4\"><b>\u25ba<\/b><b> <\/b><b>LE<\/b><b> <\/b><b>R\u00c9EXAMEN<\/b><b> <\/b><b>QUADRIENNAL<\/b><b> <\/b><b>:<\/b><b> <\/b><b>TOUJOURS<\/b><b> <\/b><b>AUX<\/b><b> <\/b><b>ABONN\u00c9S<\/b><b> <\/b><b>ABSENTS<\/b><\/p>\n<p class=\"p7\">Alors que le r\u00e9examen quadriennal de l&#8217;IFSE constitue un dispositif r\u00e9glementaire destin\u00e9 \u00e0 reconna\u00eetre l&#8217;exp\u00e9rience, l&#8217;investissement professionnel et la fid\u00e9lit\u00e9 des agents sur leur poste, de nombreux personnels administratifs \u00e9ligibles n&#8217;en ont pas b\u00e9n\u00e9fici\u00e9 en 2025.<\/p>\n<p class=\"p6\">Pire encore, aucune communication transparente n&#8217;est venue expliquer cette situation aux agents concern\u00e9s. Les personnels sont donc en droit de s&#8217;interroger sur le respect des engagements pris par l&#8217;administration en mati\u00e8re de reconnaissance des parcours professionnels.<\/p>\n<p class=\"p8\" style=\"text-align: center;\"><span style=\"color: #ff0000;\"><b>Une<\/b><b> <\/b><b>fois<\/b><b> <\/b><b>de<\/b><b> <\/b><b>plus,<\/b><b> <\/b><b>les<\/b><b> <\/b><b>Personnels<\/b><b> <\/b><b>Administratifs<\/b><b> <\/b><b>sont<\/b><b> <\/b><b>pri\u00e9s<\/b><b> <\/b><b>d&#8217;attendre&#8230;<\/b><\/span><\/p>\n<p class=\"p8\" style=\"text-align: center;\"><span style=\"color: #ff0000;\"><b>Sans<\/b><b> <\/b><b>r\u00e9ponse<\/b><b> <\/b><b>et<\/b><b> <\/b><b>sans<\/b><b> <\/b><b>reconnaissance<\/b><b> <\/b><b>!<\/b><\/span><\/p>\n<p class=\"p4\"><b>\u25ba<\/b><b> <\/b><b>DES<\/b><b> <\/b><b>GRILLES<\/b><b> <\/b><b>INDICIAIRES<\/b><b> <\/b><b>\u00c0<\/b><b> <\/b><b>BOUT<\/b><b> <\/b><b>DE<\/b><b> <\/b><b>SOUFFLE<\/b><\/p>\n<p class=\"p5\">Pendant ce temps, le SMIC continue de progresser, alors que les grilles indiciaires des cat\u00e9gories C et B s&#8217;\u00e9crasent inexorablement par le bas, au point que certains \u00e9chelons perdent toute coh\u00e9rence.<\/p>\n<ul>\n<li class=\"p5\">Comment parler d&#8217;attractivit\u00e9 lorsque les revalorisations du SMIC absorbent r\u00e9guli\u00e8rement les premiers niveaux de r\u00e9mun\u00e9ration ?<\/li>\n<li class=\"p5\">Comment recruter, fid\u00e9liser et reconna\u00eetre les comp\u00e9tences lorsque les responsabilit\u00e9s augmentent mais que les r\u00e9mun\u00e9rations stagnent ?<\/li>\n<\/ul>\n<p class=\"p9\"><span style=\"color: #ff0000;\"><b>Les Personnels Administratifs continuent d&#8217;\u00eatre les grands oubli\u00e9s des r\u00e9formes salariales alors <\/b><b>m\u00eame<\/b><b> <\/b><b>qu&#8217;ils<\/b><b> <\/b><b>assurent des<\/b><b> <\/b><b>missions indispensables<\/b><b> <\/b><b>au<\/b><b> <\/b><b>fonctionnement<\/b><b> <\/b><b>du<\/b><b> <\/b><b>minist\u00e8re<\/b><b> <\/b><b>de<\/b><b> <\/b><b>la<\/b><b> <\/b><b>Justice.<\/b><\/span><\/p>\n<p class=\"p4\"><b>\u25ba<\/b><b> <\/b><b>DES<\/b><b> <\/b><b>ENGAGEMENTS<\/b><b> <\/b><b>QUI<\/b><b> <\/b><b>RESTENT<\/b><b> <\/b><b>DES<\/b><b> <\/b><b>ANNONCES<\/b><\/p>\n<p class=\"p7\">En septembre 2025, le minist\u00e8re signait un plan de revalorisation indemnitaire pour les personnels administratifs. Plusieurs mesures devaient \u00eatre p\u00e9rennis\u00e9es en 2026.<\/p>\n<p class=\"p1\"><b>Aujourd&#8217;hui, les agents attendent toujours une traduction concr\u00e8te de ces engagements sur leur <\/b><b>fiche de paie.<\/b><\/p>\n<p class=\"p3\" style=\"text-align: center;\"><span style=\"color: #ff0000;\"><b>Les Personnels Administratifs n&#8217;ont que faire des annonces, des calendriers repouss\u00e9s et des effets <\/b><b>de communication.<\/b><\/span><\/p>\n<p class=\"p5\" style=\"text-align: center;\"><span style=\"color: #ff0000;\"><b>Ils<\/b><b> <\/b><b>attendent<\/b><b> <\/b><b>des<\/b><b> <\/b><b>actes<\/b><b> <\/b><b>!<\/b><\/span><\/p>\n<p class=\"p6\"><b>\u25ba<\/b><b> <\/b><b>DE<\/b><b> <\/b><b>QUI<\/b><b> <\/b><b>SE<\/b><b> <\/b><b>MOQUE-T-ON<\/b><b> <\/b><b>?<\/b><\/p>\n<p class=\"p7\"><b>Les<\/b><b> <\/b><b>personnels<\/b><b> <\/b><b>administratifs<\/b><b> <\/b><b>assurent<\/b><b> <\/b><b>chaque<\/b><b> <\/b><b>jour des<\/b><b> <\/b><b>missions<\/b><b> <\/b><b>essentielles<\/b><b> <\/b><b>au<\/b><b> <\/b><b>fonctionnement <\/b><b>du minist\u00e8re de la Justice :<\/b><\/p>\n<ul>\n<li class=\"p8\">gestion des ressources humaines<\/li>\n<li class=\"p8\">gestion budg\u00e9taire et financi\u00e8re<\/li>\n<li class=\"p8\">march\u00e9s publics<\/li>\n<li class=\"p8\">secr\u00e9tariat<\/li>\n<li class=\"p8\">gestion administrative des proc\u00e9dures<\/li>\n<li class=\"p8\">accueil des usagers<\/li>\n<li class=\"p8\">soutien aux juridictions, aux structures p\u00e9nitentiaires, \u00e0 la PJJ et \u00e0 l&#8217;ensemble des directions.<\/li>\n<\/ul>\n<p class=\"p9\" style=\"text-align: center;\"><span style=\"color: #ff0000;\"><b>Sans<\/b><b> <\/b><b>personnels<\/b><b> <\/b><b>administratifs,<\/b><b> <\/b><b>aucun<\/b><b> <\/b><b>service<\/b><b> <\/b><b>ne<\/b><b> <\/b><b>fonctionne<\/b><b> <\/b><b>!<\/b><\/span><\/p>\n<p class=\"p7\"><b>Pourtant,<\/b><b> <\/b><b>ann\u00e9e<\/b><b> <\/b><b>apr\u00e8s<\/b><b> <\/b><b>ann\u00e9e,<\/b><b> <\/b><b>ils<\/b><b> <\/b><b>demeurent<\/b><b> <\/b><b>les<\/b><b> <\/b><b>oubli\u00e9s<\/b><b> <\/b><b>des<\/b><b> <\/b><b>revalorisations, les<\/b><b> <\/b><b>oubli\u00e9s<\/b><b> <\/b><b>des <\/b><b>recrutements,<\/b><b> <\/b><b>les<\/b><b> <\/b><b>oubli\u00e9s<\/b><b> <\/b><b>des<\/b><b> <\/b><b>r\u00e9formes<\/b><b> <\/b><b>et<\/b><b> <\/b><b>les<\/b><b> <\/b><b>oubli\u00e9s<\/b><b> <\/b><b>de<\/b><b> <\/b><b>la<\/b><b> <\/b><b>reconnaissance.<\/b><\/p>\n<p class=\"p10\"><span style=\"color: #ff0000;\"><b>\u25ba FO JUSTICE EXIGE<\/b><\/span><\/p>\n<ul>\n<li class=\"p8\">La mise en \u0153uvre imm\u00e9diate des engagements pris envers la fili\u00e8re administrative<\/li>\n<li class=\"p8\">Le respect effectif du r\u00e9examen quadriennal de l&#8217;IFSE pour tous les agents \u00e9ligibles<\/li>\n<li class=\"p8\">Une communication transparente sur les raisons de son absence pour les agents qui n&#8217;en ont pas b\u00e9n\u00e9fici\u00e9 en 2025<\/li>\n<li class=\"p8\">Une revalorisation significative des socles et plafonds IFSE ainsi que du CIA<\/li>\n<li class=\"p8\">Une refonte ambitieuse des grilles indiciaires des cat\u00e9gories C, B et A<\/li>\n<li class=\"p8\">Une v\u00e9ritable reconnaissance des missions exerc\u00e9es par les personnels administratifs<\/li>\n<li class=\"p8\">Une politique salariale enfin \u00e0 la hauteur de l&#8217;engagement quotidien des agents.<\/li>\n<\/ul>\n<p class=\"p6\"><span style=\"color: #ff0000;\"><b>\u25ba<\/b><b> <\/b><b>LES<\/b><b> <\/b><b>PERSONNELS<\/b><b> <\/b><b>ADMINISTRATIFS<\/b><b> <\/b><b>NE<\/b><b> <\/b><b>VEULENT<\/b><b> <\/b><b>PLUS<\/b><b> <\/b><b>DE<\/b><b> <\/b><b>PROMESSES.<\/b><\/span><\/p>\n<ul>\n<li class=\"p8\">Ils veulent du respect<\/li>\n<li class=\"p8\">Ils veulent de la reconnaissance<\/li>\n<li class=\"p8\">Ils veulent des actes<\/li>\n<li class=\"p8\">Ils veulent des r\u00e9mun\u00e9rations \u00e0 la hauteur de leur engagement.<\/li>\n<\/ul>\n<p class=\"p13\" style=\"text-align: center;\"><strong><span class=\"s6\" style=\"color: #ff0000;\">FO Justice <\/span>&#8211; Personnels Administratifs<\/strong><\/p>\n<p class=\"p14\" style=\"text-align: center;\"><strong>D\u00e9fendre ! Revendiquer ! Obtenir !<\/strong><\/p>\n<p class=\"p15\" style=\"text-align: center;\"><span style=\"color: #ff0000;\"><b>Parce<\/b><b> <\/b><b>que<\/b><b> <\/b><b>faire<\/b><b> <\/b><b>fonctionner<\/b><b> <\/b><b>la<\/b><b> <\/b><b>Justice<\/b><b> <\/b><b>m\u00e9rite<\/b><b> <\/b><b>autre<\/b><b> <\/b><b>chose<\/b><b> <\/b><b>que<\/b><b> <\/b><b>des<\/b><b> <\/b><b>promesses<\/b><b> <\/b><b>!!!<\/b><\/span><\/p>\n<p><a href=\"https:\/\/fojustice.fr\/web\/wp-content\/uploads\/2026\/06\/20260619-FOJusticePA-LesPAneviventpasdepromesses.pdf\">Lire le communiqu\u00e9\u00a0<\/a><\/p>\n","protected":false},"excerpt":{"rendered":"<p>FO Justice &#8211; Personnels Administratifs a pris connaissance de la note relative \u00e0 l&#8217;attribution du CIA 2026. Une fois encore, le constat est sans appel : les personnels administratifs devront se contenter du strict minimum pendant que leur pouvoir d&#8217;achat continue de s&#8217;\u00e9roder. \u25ba DES MONTANTS QUI STAGNENT Alors que l&#8217;inflation a durablement impact\u00e9 le [&hellip;]<\/p>\n","protected":false},"author":1,"featured_media":49140,"comment_status":"open","ping_status":"open","sticky":false,"template":"","format":"standard","meta":{"_jetpack_newsletter_access":"","_jetpack_dont_email_post_to_subs":true,"_jetpack_newsletter_tier_id":0,"_jetpack_memberships_contains_paywalled_content":false,"page_builder":"","_jetpack_feature_clip_id":0,"_jetpack_memberships_contains_paid_content":false,"footnotes":"","jetpack_post_was_ever_published":false,"_members_access_role":[],"_members_access_error":""},"categories":[41,25],"tags":[],"class_list":["post-49139","post","type-post","status-publish","format-standard","has-post-thumbnail","hentry","category-national","category-pa"],"yoast_head":"<!-- This site is optimized with the Yoast SEO plugin v28.4 - https:\/\/yoast.com\/product\/yoast-seo-wordpress\/ -->\n<title>CIA GEL\u00c9, IFSE BLOQU\u00c9E, GRILLES \u00c9CRAS\u00c9ES, ENGAGEMENT REPORT\u00c9S... Les Personnels Administratifs ne Vivent pas de Promesses ! - Syndicat FO Justice<\/title>\n<meta name=\"description\" content=\"Syndicat FO Justice - NATIONAL - CIA GEL\u00c9, IFSE BLOQU\u00c9E, GRILLES \u00c9CRAS\u00c9ES, ENGAGEMENT REPORT\u00c9S... Les Personnels Administratifs ne Vivent pas de Promesses !\" \/>\n<meta name=\"robots\" content=\"index, follow, max-snippet:-1, max-image-preview:large, max-video-preview:-1\" \/>\n<link rel=\"canonical\" href=\"https:\/\/fojustice.fr\/web\/cia-gele-ifse-bloquee-grilles-ecrasees-engagement-reportes-les-personnels-administratifs-ne-vivent-pas-de-promesses\/\" \/>\n<meta property=\"og:locale\" content=\"fr_FR\" \/>\n<meta property=\"og:type\" content=\"article\" \/>\n<meta property=\"og:title\" content=\"CIA GEL\u00c9, IFSE BLOQU\u00c9E, GRILLES \u00c9CRAS\u00c9ES, ENGAGEMENT REPORT\u00c9S... Les Personnels Administratifs ne Vivent pas de Promesses ! - Syndicat FO Justice\" \/>\n<meta property=\"og:description\" content=\"Syndicat FO Justice - NATIONAL - CIA GEL\u00c9, IFSE BLOQU\u00c9E, GRILLES \u00c9CRAS\u00c9ES, ENGAGEMENT REPORT\u00c9S... Les Personnels Administratifs ne Vivent pas de Promesses !\" \/>\n<meta property=\"og:url\" content=\"https:\/\/fojustice.fr\/web\/cia-gele-ifse-bloquee-grilles-ecrasees-engagement-reportes-les-personnels-administratifs-ne-vivent-pas-de-promesses\/\" \/>\n<meta property=\"og:site_name\" content=\"Syndicat FO Justice\" \/>\n<meta property=\"article:publisher\" content=\"https:\/\/www.facebook.com\/SyndicatFoJustice\" \/>\n<meta property=\"article:published_time\" content=\"2026-06-19T14:57:45+00:00\" \/>\n<meta property=\"og:image\" content=\"https:\/\/fojustice.fr\/web\/wp-content\/uploads\/2026\/06\/27967f6e-cc78-4319-a60f-1721ea3454a7-1024x683.png\" \/>\n\t<meta property=\"og:image:width\" content=\"1024\" \/>\n\t<meta property=\"og:image:height\" content=\"683\" \/>\n\t<meta property=\"og:image:type\" content=\"image\/png\" \/>\n<meta name=\"author\" content=\"adminfojustice\" \/>\n<meta name=\"twitter:card\" content=\"summary_large_image\" \/>\n<meta name=\"twitter:creator\" content=\"@SyndFoJustice\" \/>\n<meta name=\"twitter:site\" content=\"@SyndFoJustice\" \/>\n<meta name=\"twitter:label1\" content=\"\u00c9crit par\" \/>\n\t<meta name=\"twitter:data1\" content=\"adminfojustice\" \/>\n\t<meta name=\"twitter:label2\" content=\"Dur\u00e9e de lecture estim\u00e9e\" \/>\n\t<meta name=\"twitter:data2\" content=\"3 minutes\" \/>\n<script type=\"application\/ld+json\" class=\"yoast-schema-graph\">{\"@context\":\"https:\\\/\\\/schema.org\",\"@graph\":[{\"@type\":\"NewsArticle\",\"@id\":\"https:\\\/\\\/fojustice.fr\\\/web\\\/cia-gele-ifse-bloquee-grilles-ecrasees-engagement-reportes-les-personnels-administratifs-ne-vivent-pas-de-promesses\\\/#article\",\"isPartOf\":{\"@id\":\"https:\\\/\\\/fojustice.fr\\\/web\\\/cia-gele-ifse-bloquee-grilles-ecrasees-engagement-reportes-les-personnels-administratifs-ne-vivent-pas-de-promesses\\\/\"},\"author\":{\"name\":\"adminfojustice\",\"@id\":\"https:\\\/\\\/fojustice.fr\\\/web\\\/#\\\/schema\\\/person\\\/a51cb9c3495ce0ca62b78fc96ac3bf9f\"},\"headline\":\"CIA GEL\u00c9, IFSE BLOQU\u00c9E, GRILLES \u00c9CRAS\u00c9ES, ENGAGEMENT REPORT\u00c9S&#8230; Les Personnels Administratifs ne Vivent pas de Promesses !\",\"datePublished\":\"2026-06-19T14:57:45+00:00\",\"mainEntityOfPage\":{\"@id\":\"https:\\\/\\\/fojustice.fr\\\/web\\\/cia-gele-ifse-bloquee-grilles-ecrasees-engagement-reportes-les-personnels-administratifs-ne-vivent-pas-de-promesses\\\/\"},\"wordCount\":652,\"commentCount\":0,\"publisher\":{\"@id\":\"https:\\\/\\\/fojustice.fr\\\/web\\\/#organization\"},\"image\":{\"@id\":\"https:\\\/\\\/fojustice.fr\\\/web\\\/cia-gele-ifse-bloquee-grilles-ecrasees-engagement-reportes-les-personnels-administratifs-ne-vivent-pas-de-promesses\\\/#primaryimage\"},\"thumbnailUrl\":\"https:\\\/\\\/fojustice.fr\\\/web\\\/wp-content\\\/uploads\\\/2026\\\/06\\\/27967f6e-cc78-4319-a60f-1721ea3454a7.png\",\"articleSection\":[\"NATIONAL\",\"PA\"],\"inLanguage\":\"fr-FR\",\"potentialAction\":[{\"@type\":\"CommentAction\",\"name\":\"Comment\",\"target\":[\"https:\\\/\\\/fojustice.fr\\\/web\\\/cia-gele-ifse-bloquee-grilles-ecrasees-engagement-reportes-les-personnels-administratifs-ne-vivent-pas-de-promesses\\\/#respond\"]}]},{\"@type\":\"WebPage\",\"@id\":\"https:\\\/\\\/fojustice.fr\\\/web\\\/cia-gele-ifse-bloquee-grilles-ecrasees-engagement-reportes-les-personnels-administratifs-ne-vivent-pas-de-promesses\\\/\",\"url\":\"https:\\\/\\\/fojustice.fr\\\/web\\\/cia-gele-ifse-bloquee-grilles-ecrasees-engagement-reportes-les-personnels-administratifs-ne-vivent-pas-de-promesses\\\/\",\"name\":\"CIA GEL\u00c9, IFSE BLOQU\u00c9E, GRILLES \u00c9CRAS\u00c9ES, ENGAGEMENT REPORT\u00c9S... Les Personnels Administratifs ne Vivent pas de Promesses ! - Syndicat FO Justice\",\"isPartOf\":{\"@id\":\"https:\\\/\\\/fojustice.fr\\\/web\\\/#website\"},\"primaryImageOfPage\":{\"@id\":\"https:\\\/\\\/fojustice.fr\\\/web\\\/cia-gele-ifse-bloquee-grilles-ecrasees-engagement-reportes-les-personnels-administratifs-ne-vivent-pas-de-promesses\\\/#primaryimage\"},\"image\":{\"@id\":\"https:\\\/\\\/fojustice.fr\\\/web\\\/cia-gele-ifse-bloquee-grilles-ecrasees-engagement-reportes-les-personnels-administratifs-ne-vivent-pas-de-promesses\\\/#primaryimage\"},\"thumbnailUrl\":\"https:\\\/\\\/fojustice.fr\\\/web\\\/wp-content\\\/uploads\\\/2026\\\/06\\\/27967f6e-cc78-4319-a60f-1721ea3454a7.png\",\"datePublished\":\"2026-06-19T14:57:45+00:00\",\"description\":\"Syndicat FO Justice - NATIONAL - CIA GEL\u00c9, IFSE BLOQU\u00c9E, GRILLES \u00c9CRAS\u00c9ES, ENGAGEMENT REPORT\u00c9S... Les Personnels Administratifs ne Vivent pas de Promesses !\",\"breadcrumb\":{\"@id\":\"https:\\\/\\\/fojustice.fr\\\/web\\\/cia-gele-ifse-bloquee-grilles-ecrasees-engagement-reportes-les-personnels-administratifs-ne-vivent-pas-de-promesses\\\/#breadcrumb\"},\"inLanguage\":\"fr-FR\",\"potentialAction\":[{\"@type\":\"ReadAction\",\"target\":[\"https:\\\/\\\/fojustice.fr\\\/web\\\/cia-gele-ifse-bloquee-grilles-ecrasees-engagement-reportes-les-personnels-administratifs-ne-vivent-pas-de-promesses\\\/\"]}]},{\"@type\":\"ImageObject\",\"inLanguage\":\"fr-FR\",\"@id\":\"https:\\\/\\\/fojustice.fr\\\/web\\\/cia-gele-ifse-bloquee-grilles-ecrasees-engagement-reportes-les-personnels-administratifs-ne-vivent-pas-de-promesses\\\/#primaryimage\",\"url\":\"https:\\\/\\\/fojustice.fr\\\/web\\\/wp-content\\\/uploads\\\/2026\\\/06\\\/27967f6e-cc78-4319-a60f-1721ea3454a7.png\",\"contentUrl\":\"https:\\\/\\\/fojustice.fr\\\/web\\\/wp-content\\\/uploads\\\/2026\\\/06\\\/27967f6e-cc78-4319-a60f-1721ea3454a7.png\",\"width\":1536,\"height\":1024},{\"@type\":\"BreadcrumbList\",\"@id\":\"https:\\\/\\\/fojustice.fr\\\/web\\\/cia-gele-ifse-bloquee-grilles-ecrasees-engagement-reportes-les-personnels-administratifs-ne-vivent-pas-de-promesses\\\/#breadcrumb\",\"itemListElement\":[{\"@type\":\"ListItem\",\"position\":1,\"name\":\"Accueil\",\"item\":\"https:\\\/\\\/fojustice.fr\\\/web\\\/\"},{\"@type\":\"ListItem\",\"position\":2,\"name\":\"CIA GEL\u00c9, IFSE BLOQU\u00c9E, GRILLES \u00c9CRAS\u00c9ES, ENGAGEMENT REPORT\u00c9S&#8230; Les Personnels Administratifs ne Vivent pas de Promesses !\"}]},{\"@type\":\"WebSite\",\"@id\":\"https:\\\/\\\/fojustice.fr\\\/web\\\/#website\",\"url\":\"https:\\\/\\\/fojustice.fr\\\/web\\\/\",\"name\":\"Syndicat FO Justice\",\"description\":\"Site du Syndicat National FO Justice\",\"publisher\":{\"@id\":\"https:\\\/\\\/fojustice.fr\\\/web\\\/#organization\"},\"alternateName\":\"Syndicat National FO Justice\",\"potentialAction\":[{\"@type\":\"SearchAction\",\"target\":{\"@type\":\"EntryPoint\",\"urlTemplate\":\"https:\\\/\\\/fojustice.fr\\\/web\\\/?s={search_term_string}\"},\"query-input\":{\"@type\":\"PropertyValueSpecification\",\"valueRequired\":true,\"valueName\":\"search_term_string\"}}],\"inLanguage\":\"fr-FR\"},{\"@type\":\"Organization\",\"@id\":\"https:\\\/\\\/fojustice.fr\\\/web\\\/#organization\",\"name\":\"Syndicat National FO Justice\",\"alternateName\":\"Syndicat National FO Justice\",\"url\":\"https:\\\/\\\/fojustice.fr\\\/web\\\/\",\"logo\":{\"@type\":\"ImageObject\",\"inLanguage\":\"fr-FR\",\"@id\":\"https:\\\/\\\/fojustice.fr\\\/web\\\/#\\\/schema\\\/logo\\\/image\\\/\",\"url\":\"https:\\\/\\\/fojustice.fr\\\/web\\\/wp-content\\\/uploads\\\/2022\\\/03\\\/logo-fo-justice.png\",\"contentUrl\":\"https:\\\/\\\/fojustice.fr\\\/web\\\/wp-content\\\/uploads\\\/2022\\\/03\\\/logo-fo-justice.png\",\"width\":800,\"height\":800,\"caption\":\"Syndicat National FO Justice\"},\"image\":{\"@id\":\"https:\\\/\\\/fojustice.fr\\\/web\\\/#\\\/schema\\\/logo\\\/image\\\/\"},\"sameAs\":[\"https:\\\/\\\/www.facebook.com\\\/SyndicatFoJustice\",\"https:\\\/\\\/x.com\\\/SyndFoJustice\"]},{\"@type\":\"Person\",\"@id\":\"https:\\\/\\\/fojustice.fr\\\/web\\\/#\\\/schema\\\/person\\\/a51cb9c3495ce0ca62b78fc96ac3bf9f\",\"name\":\"adminfojustice\",\"image\":{\"@type\":\"ImageObject\",\"inLanguage\":\"fr-FR\",\"@id\":\"https:\\\/\\\/secure.gravatar.com\\\/avatar\\\/368884c0ecc46e53d83c0c3c0af4c6c30a6bbc2aab7535848950f43a950bfd4e?s=96&d=mm&r=g\",\"url\":\"https:\\\/\\\/secure.gravatar.com\\\/avatar\\\/368884c0ecc46e53d83c0c3c0af4c6c30a6bbc2aab7535848950f43a950bfd4e?s=96&d=mm&r=g\",\"contentUrl\":\"https:\\\/\\\/secure.gravatar.com\\\/avatar\\\/368884c0ecc46e53d83c0c3c0af4c6c30a6bbc2aab7535848950f43a950bfd4e?s=96&d=mm&r=g\",\"caption\":\"adminfojustice\"},\"sameAs\":[\"https:\\\/\\\/www.fojustice.fr\\\/web\"],\"url\":\"https:\\\/\\\/fojustice.fr\\\/web\\\/author\\\/adminfojustice\\\/\"}]}<\/script>\n<!-- \/ Yoast SEO plugin. -->","yoast_head_json":{"title":"CIA GEL\u00c9, IFSE BLOQU\u00c9E, GRILLES \u00c9CRAS\u00c9ES, ENGAGEMENT REPORT\u00c9S... Les Personnels Administratifs ne Vivent pas de Promesses ! - Syndicat FO Justice","description":"Syndicat FO Justice - NATIONAL - CIA GEL\u00c9, IFSE BLOQU\u00c9E, GRILLES \u00c9CRAS\u00c9ES, ENGAGEMENT REPORT\u00c9S... Les Personnels Administratifs ne Vivent pas de Promesses !","robots":{"index":"index","follow":"follow","max-snippet":"max-snippet:-1","max-image-preview":"max-image-preview:large","max-video-preview":"max-video-preview:-1"},"canonical":"https:\/\/fojustice.fr\/web\/cia-gele-ifse-bloquee-grilles-ecrasees-engagement-reportes-les-personnels-administratifs-ne-vivent-pas-de-promesses\/","og_locale":"fr_FR","og_type":"article","og_title":"CIA GEL\u00c9, IFSE BLOQU\u00c9E, GRILLES \u00c9CRAS\u00c9ES, ENGAGEMENT REPORT\u00c9S... Les Personnels Administratifs ne Vivent pas de Promesses ! - Syndicat FO Justice","og_description":"Syndicat FO Justice - NATIONAL - CIA GEL\u00c9, IFSE BLOQU\u00c9E, GRILLES \u00c9CRAS\u00c9ES, ENGAGEMENT REPORT\u00c9S... Les Personnels Administratifs ne Vivent pas de Promesses !","og_url":"https:\/\/fojustice.fr\/web\/cia-gele-ifse-bloquee-grilles-ecrasees-engagement-reportes-les-personnels-administratifs-ne-vivent-pas-de-promesses\/","og_site_name":"Syndicat FO Justice","article_publisher":"https:\/\/www.facebook.com\/SyndicatFoJustice","article_published_time":"2026-06-19T14:57:45+00:00","og_image":[{"width":1024,"height":683,"url":"https:\/\/fojustice.fr\/web\/wp-content\/uploads\/2026\/06\/27967f6e-cc78-4319-a60f-1721ea3454a7-1024x683.png","type":"image\/png"}],"author":"adminfojustice","twitter_card":"summary_large_image","twitter_creator":"@SyndFoJustice","twitter_site":"@SyndFoJustice","twitter_misc":{"\u00c9crit par":"adminfojustice","Dur\u00e9e de lecture estim\u00e9e":"3 minutes"},"schema":{"@context":"https:\/\/schema.org","@graph":[{"@type":"NewsArticle","@id":"https:\/\/fojustice.fr\/web\/cia-gele-ifse-bloquee-grilles-ecrasees-engagement-reportes-les-personnels-administratifs-ne-vivent-pas-de-promesses\/#article","isPartOf":{"@id":"https:\/\/fojustice.fr\/web\/cia-gele-ifse-bloquee-grilles-ecrasees-engagement-reportes-les-personnels-administratifs-ne-vivent-pas-de-promesses\/"},"author":{"name":"adminfojustice","@id":"https:\/\/fojustice.fr\/web\/#\/schema\/person\/a51cb9c3495ce0ca62b78fc96ac3bf9f"},"headline":"CIA GEL\u00c9, IFSE BLOQU\u00c9E, GRILLES \u00c9CRAS\u00c9ES, ENGAGEMENT REPORT\u00c9S&#8230; Les Personnels Administratifs ne Vivent pas de Promesses !","datePublished":"2026-06-19T14:57:45+00:00","mainEntityOfPage":{"@id":"https:\/\/fojustice.fr\/web\/cia-gele-ifse-bloquee-grilles-ecrasees-engagement-reportes-les-personnels-administratifs-ne-vivent-pas-de-promesses\/"},"wordCount":652,"commentCount":0,"publisher":{"@id":"https:\/\/fojustice.fr\/web\/#organization"},"image":{"@id":"https:\/\/fojustice.fr\/web\/cia-gele-ifse-bloquee-grilles-ecrasees-engagement-reportes-les-personnels-administratifs-ne-vivent-pas-de-promesses\/#primaryimage"},"thumbnailUrl":"https:\/\/fojustice.fr\/web\/wp-content\/uploads\/2026\/06\/27967f6e-cc78-4319-a60f-1721ea3454a7.png","articleSection":["NATIONAL","PA"],"inLanguage":"fr-FR","potentialAction":[{"@type":"CommentAction","name":"Comment","target":["https:\/\/fojustice.fr\/web\/cia-gele-ifse-bloquee-grilles-ecrasees-engagement-reportes-les-personnels-administratifs-ne-vivent-pas-de-promesses\/#respond"]}]},{"@type":"WebPage","@id":"https:\/\/fojustice.fr\/web\/cia-gele-ifse-bloquee-grilles-ecrasees-engagement-reportes-les-personnels-administratifs-ne-vivent-pas-de-promesses\/","url":"https:\/\/fojustice.fr\/web\/cia-gele-ifse-bloquee-grilles-ecrasees-engagement-reportes-les-personnels-administratifs-ne-vivent-pas-de-promesses\/","name":"CIA GEL\u00c9, IFSE BLOQU\u00c9E, GRILLES \u00c9CRAS\u00c9ES, ENGAGEMENT REPORT\u00c9S... Les Personnels Administratifs ne Vivent pas de Promesses ! - Syndicat FO Justice","isPartOf":{"@id":"https:\/\/fojustice.fr\/web\/#website"},"primaryImageOfPage":{"@id":"https:\/\/fojustice.fr\/web\/cia-gele-ifse-bloquee-grilles-ecrasees-engagement-reportes-les-personnels-administratifs-ne-vivent-pas-de-promesses\/#primaryimage"},"image":{"@id":"https:\/\/fojustice.fr\/web\/cia-gele-ifse-bloquee-grilles-ecrasees-engagement-reportes-les-personnels-administratifs-ne-vivent-pas-de-promesses\/#primaryimage"},"thumbnailUrl":"https:\/\/fojustice.fr\/web\/wp-content\/uploads\/2026\/06\/27967f6e-cc78-4319-a60f-1721ea3454a7.png","datePublished":"2026-06-19T14:57:45+00:00","description":"Syndicat FO Justice - NATIONAL - CIA GEL\u00c9, IFSE BLOQU\u00c9E, GRILLES \u00c9CRAS\u00c9ES, ENGAGEMENT REPORT\u00c9S... Les Personnels Administratifs ne Vivent pas de Promesses !","breadcrumb":{"@id":"https:\/\/fojustice.fr\/web\/cia-gele-ifse-bloquee-grilles-ecrasees-engagement-reportes-les-personnels-administratifs-ne-vivent-pas-de-promesses\/#breadcrumb"},"inLanguage":"fr-FR","potentialAction":[{"@type":"ReadAction","target":["https:\/\/fojustice.fr\/web\/cia-gele-ifse-bloquee-grilles-ecrasees-engagement-reportes-les-personnels-administratifs-ne-vivent-pas-de-promesses\/"]}]},{"@type":"ImageObject","inLanguage":"fr-FR","@id":"https:\/\/fojustice.fr\/web\/cia-gele-ifse-bloquee-grilles-ecrasees-engagement-reportes-les-personnels-administratifs-ne-vivent-pas-de-promesses\/#primaryimage","url":"https:\/\/fojustice.fr\/web\/wp-content\/uploads\/2026\/06\/27967f6e-cc78-4319-a60f-1721ea3454a7.png","contentUrl":"https:\/\/fojustice.fr\/web\/wp-content\/uploads\/2026\/06\/27967f6e-cc78-4319-a60f-1721ea3454a7.png","width":1536,"height":1024},{"@type":"BreadcrumbList","@id":"https:\/\/fojustice.fr\/web\/cia-gele-ifse-bloquee-grilles-ecrasees-engagement-reportes-les-personnels-administratifs-ne-vivent-pas-de-promesses\/#breadcrumb","itemListElement":[{"@type":"ListItem","position":1,"name":"Accueil","item":"https:\/\/fojustice.fr\/web\/"},{"@type":"ListItem","position":2,"name":"CIA GEL\u00c9, IFSE BLOQU\u00c9E, GRILLES \u00c9CRAS\u00c9ES, ENGAGEMENT REPORT\u00c9S&#8230; Les Personnels Administratifs ne Vivent pas de Promesses !"}]},{"@type":"WebSite","@id":"https:\/\/fojustice.fr\/web\/#website","url":"https:\/\/fojustice.fr\/web\/","name":"Syndicat FO Justice","description":"Site du Syndicat National FO Justice","publisher":{"@id":"https:\/\/fojustice.fr\/web\/#organization"},"alternateName":"Syndicat National FO Justice","potentialAction":[{"@type":"SearchAction","target":{"@type":"EntryPoint","urlTemplate":"https:\/\/fojustice.fr\/web\/?s={search_term_string}"},"query-input":{"@type":"PropertyValueSpecification","valueRequired":true,"valueName":"search_term_string"}}],"inLanguage":"fr-FR"},{"@type":"Organization","@id":"https:\/\/fojustice.fr\/web\/#organization","name":"Syndicat National FO Justice","alternateName":"Syndicat National FO Justice","url":"https:\/\/fojustice.fr\/web\/","logo":{"@type":"ImageObject","inLanguage":"fr-FR","@id":"https:\/\/fojustice.fr\/web\/#\/schema\/logo\/image\/","url":"https:\/\/fojustice.fr\/web\/wp-content\/uploads\/2022\/03\/logo-fo-justice.png","contentUrl":"https:\/\/fojustice.fr\/web\/wp-content\/uploads\/2022\/03\/logo-fo-justice.png","width":800,"height":800,"caption":"Syndicat National FO Justice"},"image":{"@id":"https:\/\/fojustice.fr\/web\/#\/schema\/logo\/image\/"},"sameAs":["https:\/\/www.facebook.com\/SyndicatFoJustice","https:\/\/x.com\/SyndFoJustice"]},{"@type":"Person","@id":"https:\/\/fojustice.fr\/web\/#\/schema\/person\/a51cb9c3495ce0ca62b78fc96ac3bf9f","name":"adminfojustice","image":{"@type":"ImageObject","inLanguage":"fr-FR","@id":"https:\/\/secure.gravatar.com\/avatar\/368884c0ecc46e53d83c0c3c0af4c6c30a6bbc2aab7535848950f43a950bfd4e?s=96&d=mm&r=g","url":"https:\/\/secure.gravatar.com\/avatar\/368884c0ecc46e53d83c0c3c0af4c6c30a6bbc2aab7535848950f43a950bfd4e?s=96&d=mm&r=g","contentUrl":"https:\/\/secure.gravatar.com\/avatar\/368884c0ecc46e53d83c0c3c0af4c6c30a6bbc2aab7535848950f43a950bfd4e?s=96&d=mm&r=g","caption":"adminfojustice"},"sameAs":["https:\/\/www.fojustice.fr\/web"],"url":"https:\/\/fojustice.fr\/web\/author\/adminfojustice\/"}]}},"jetpack_shortlink":"https:\/\/wp.me\/pdNWl1-cMz","jetpack_sharing_enabled":true,"jetpack_featured_media_url":"https:\/\/fojustice.fr\/web\/wp-content\/uploads\/2026\/06\/27967f6e-cc78-4319-a60f-1721ea3454a7.png","_links":{"self":[{"href":"https:\/\/fojustice.fr\/web\/wp-json\/wp\/v2\/posts\/49139","targetHints":{"allow":["GET"]}}],"collection":[{"href":"https:\/\/fojustice.fr\/web\/wp-json\/wp\/v2\/posts"}],"about":[{"href":"https:\/\/fojustice.fr\/web\/wp-json\/wp\/v2\/types\/post"}],"author":[{"embeddable":true,"href":"https:\/\/fojustice.fr\/web\/wp-json\/wp\/v2\/users\/1"}],"replies":[{"embeddable":true,"href":"https:\/\/fojustice.fr\/web\/wp-json\/wp\/v2\/comments?post=49139"}],"version-history":[{"count":1,"href":"https:\/\/fojustice.fr\/web\/wp-json\/wp\/v2\/posts\/49139\/revisions"}],"predecessor-version":[{"id":49142,"href":"https:\/\/fojustice.fr\/web\/wp-json\/wp\/v2\/posts\/49139\/revisions\/49142"}],"wp:featuredmedia":[{"embeddable":true,"href":"https:\/\/fojustice.fr\/web\/wp-json\/wp\/v2\/media\/49140"}],"wp:attachment":[{"href":"https:\/\/fojustice.fr\/web\/wp-json\/wp\/v2\/media?parent=49139"}],"wp:term":[{"taxonomy":"category","embeddable":true,"href":"https:\/\/fojustice.fr\/web\/wp-json\/wp\/v2\/categories?post=49139"},{"taxonomy":"post_tag","embeddable":true,"href":"https:\/\/fojustice.fr\/web\/wp-json\/wp\/v2\/tags?post=49139"}],"curies":[{"name":"wp","href":"https:\/\/api.w.org\/{rel}","templated":true}]}}