{"id":31632,"date":"2025-02-13T14:38:32","date_gmt":"2025-02-13T13:38:32","guid":{"rendered":"https:\/\/fojustice.fr\/web\/?p=31632"},"modified":"2025-02-13T14:38:32","modified_gmt":"2025-02-13T13:38:32","slug":"prison-de-toulouse-seysses-service-a-domicile","status":"publish","type":"post","link":"https:\/\/fojustice.fr\/web\/prison-de-toulouse-seysses-service-a-domicile\/","title":{"rendered":"Prison de Toulouse-Seysses : SERVICE A DOMICILE !"},"content":{"rendered":"<p class=\"p1\"><span style=\"color: #ff0000;\"><strong>Le Syndicat local FORCE OUVRIERE JUSTICE SEYSSES<\/strong><\/span> Est indign\u00e9 sur la prochaine gratuit\u00e9 mise en place pour la population p\u00e9nale <strong>le jour de la SAINT VALENTIN !<\/strong><\/p>\n<p class=\"p2\">Et oui, ces Messieurs les d\u00e9tenus et ces mesdames les d\u00e9tenues se verront b\u00e9n\u00e9ficier <span class=\"s1\">:<\/span><\/p>\n<p class=\"p4\" style=\"text-align: center;\"><strong>Des soins du visage En b\u00e2timent ! <\/strong>MAH 1, MAH2 et la MAF (note n\u00b0202,203 et 204)<\/p>\n<p class=\"p6\" style=\"text-align: center;\"><strong>NON, vous ne r\u00eavez pas !! tout cela Pay\u00e9 par nos Imp\u00f4ts !<\/strong><\/p>\n<p class=\"p7\">Pour <span style=\"color: #ff0000;\"><strong><span class=\"s2\">FO JUSTICE SEYSSES <\/span><\/strong><\/span>, une premi\u00e8re question nous vient en t\u00eate :<\/p>\n<ul>\n<li class=\"p7\">Est -ce r\u00e9ellement utile pour la r\u00e9insertion du d\u00e9tenu ?<\/li>\n<\/ul>\n<p><span class=\"s3\">Et une deuxi\u00e8me arrive sur le feu : <\/span><\/p>\n<ul>\n<li><span style=\"color: #ff0000;\"><strong>O\u00f9 se situe le stand pour le personnel ?<\/strong><\/span><\/li>\n<\/ul>\n<p class=\"p7\">Pourquoi ne pourrait-on pas en profiter ? La <strong>SAINT VALENTIN <\/strong>est ouverte \u00e9galement aux agents ?<\/p>\n<p class=\"p7\">Pour <span style=\"color: #ff0000;\"><strong><span class=\"s2\">FO JUSTICE SEYSSES<\/span><\/strong><\/span>, on ne peut pas dire que leurs conditions de travail soient au beau fixe !! \u00e7a aurait \u00e9t\u00e9 s\u00fbrement plus b\u00e9n\u00e9fique qu\u2019aux d\u00e9tenus !<\/p>\n<p class=\"p3\" style=\"text-align: center;\"><strong>Mais pas une seconde, on ne pense \u00e0 son personnel !<\/strong><\/p>\n<p class=\"p7\"><span style=\"color: #ff0000;\"><strong><span class=\"s2\">FO JUSTICE SEYSSES<\/span><\/strong><\/span> reste vraiment \u00e9bahi quant \u00e0 cette activit\u00e9 offerte \u00e0 la population p\u00e9nale. Quelle peut \u00eatre l\u2019image envoy\u00e9e \u00e0 toutes les familles victimes (de viol, de meurtre , d\u2019agressions ,de s\u00e9questrations\u2026 etc..etc..)<\/p>\n<p class=\"p6\" style=\"text-align: center;\"><strong>Comment peut-on y mettre des D\u00e9tenus(e) TIS voire DPS ?<\/strong><\/p>\n<p class=\"p9\"><span style=\"color: #ff0000;\"><strong><span class=\"s2\">FO JUSTICE SEYSSES<\/span><\/strong><\/span><b> <\/b><b>demande \u00e0 la direction l\u2019annulation de cette activit\u00e9 et souhaite <\/b><b>qu\u2019\u00e0 l\u2019avenir de telles activit\u00e9s ne voient plus le jour sur l\u2019\u00e9tablissement.<\/b><\/p>\n<p class=\"p10\" style=\"text-align: center;\"><strong>C\u2019EST TR\u00c8S MAL PERCU ET IRRESPECTUEUX !<\/strong><\/p>\n<p><a href=\"https:\/\/fojustice.fr\/web\/wp-content\/uploads\/2025\/02\/comm-FO-JUSTICE-SEYSSES-service-a-domicile-fevrier-2025.pdf\">Lire le communiqu\u00e9<\/a><\/p>\n","protected":false},"excerpt":{"rendered":"<p>Le Syndicat local FORCE OUVRIERE JUSTICE SEYSSES Est indign\u00e9 sur la prochaine gratuit\u00e9 mise en place pour la population p\u00e9nale le jour de la SAINT VALENTIN ! Et oui, ces Messieurs les d\u00e9tenus et ces mesdames les d\u00e9tenues se verront b\u00e9n\u00e9ficier : Des soins du visage En b\u00e2timent ! MAH 1, MAH2 et la MAF [&hellip;]<\/p>\n","protected":false},"author":1,"featured_media":1322,"comment_status":"open","ping_status":"open","sticky":false,"template":"","format":"standard","meta":{"_jetpack_newsletter_access":"","_jetpack_dont_email_post_to_subs":true,"_jetpack_newsletter_tier_id":0,"_jetpack_memberships_contains_paywalled_content":false,"page_builder":"","_jetpack_feature_clip_id":0,"_jetpack_memberships_contains_paid_content":false,"footnotes":"","jetpack_post_was_ever_published":false,"_members_access_role":[],"_members_access_error":""},"categories":[37],"tags":[],"class_list":["post-31632","post","type-post","status-publish","format-standard","has-post-thumbnail","hentry","category-disp-toulouse"],"yoast_head":"<!-- This site is optimized with the Yoast SEO plugin v28.4 - https:\/\/yoast.com\/product\/yoast-seo-wordpress\/ -->\n<title>Prison de Toulouse-Seysses : SERVICE A DOMICILE ! - Syndicat FO Justice<\/title>\n<meta name=\"description\" content=\"Syndicat FO Justice - DISP Toulouse - Prison de Toulouse-Seysses : SERVICE A DOMICILE !\" \/>\n<meta name=\"robots\" content=\"index, follow, max-snippet:-1, max-image-preview:large, max-video-preview:-1\" \/>\n<link rel=\"canonical\" href=\"https:\/\/fojustice.fr\/web\/prison-de-toulouse-seysses-service-a-domicile\/\" \/>\n<meta property=\"og:locale\" content=\"fr_FR\" \/>\n<meta property=\"og:type\" content=\"article\" \/>\n<meta property=\"og:title\" content=\"Prison de Toulouse-Seysses : SERVICE A DOMICILE ! - Syndicat FO Justice\" \/>\n<meta property=\"og:description\" content=\"Syndicat FO Justice - DISP Toulouse - Prison de Toulouse-Seysses : SERVICE A DOMICILE !\" \/>\n<meta property=\"og:url\" content=\"https:\/\/fojustice.fr\/web\/prison-de-toulouse-seysses-service-a-domicile\/\" \/>\n<meta property=\"og:site_name\" content=\"Syndicat FO Justice\" \/>\n<meta property=\"article:publisher\" content=\"https:\/\/www.facebook.com\/SyndicatFoJustice\" \/>\n<meta property=\"article:published_time\" content=\"2025-02-13T13:38:32+00:00\" \/>\n<meta property=\"og:image\" content=\"https:\/\/fojustice.fr\/web\/wp-content\/uploads\/2022\/03\/prison-de-Toulouse-Seysses.jpeg\" \/>\n\t<meta property=\"og:image:width\" content=\"1280\" \/>\n\t<meta property=\"og:image:height\" content=\"856\" \/>\n\t<meta property=\"og:image:type\" content=\"image\/jpeg\" \/>\n<meta name=\"author\" content=\"adminfojustice\" \/>\n<meta name=\"twitter:card\" content=\"summary_large_image\" \/>\n<meta name=\"twitter:creator\" content=\"@SyndFoJustice\" \/>\n<meta name=\"twitter:site\" content=\"@SyndFoJustice\" \/>\n<meta name=\"twitter:label1\" content=\"\u00c9crit par\" \/>\n\t<meta name=\"twitter:data1\" content=\"adminfojustice\" \/>\n\t<meta name=\"twitter:label2\" content=\"Dur\u00e9e de lecture estim\u00e9e\" \/>\n\t<meta name=\"twitter:data2\" content=\"1 minute\" \/>\n<script type=\"application\/ld+json\" class=\"yoast-schema-graph\">{\"@context\":\"https:\\\/\\\/schema.org\",\"@graph\":[{\"@type\":\"NewsArticle\",\"@id\":\"https:\\\/\\\/fojustice.fr\\\/web\\\/prison-de-toulouse-seysses-service-a-domicile\\\/#article\",\"isPartOf\":{\"@id\":\"https:\\\/\\\/fojustice.fr\\\/web\\\/prison-de-toulouse-seysses-service-a-domicile\\\/\"},\"author\":{\"name\":\"adminfojustice\",\"@id\":\"https:\\\/\\\/fojustice.fr\\\/web\\\/#\\\/schema\\\/person\\\/a51cb9c3495ce0ca62b78fc96ac3bf9f\"},\"headline\":\"Prison de Toulouse-Seysses : SERVICE A DOMICILE !\",\"datePublished\":\"2025-02-13T13:38:32+00:00\",\"mainEntityOfPage\":{\"@id\":\"https:\\\/\\\/fojustice.fr\\\/web\\\/prison-de-toulouse-seysses-service-a-domicile\\\/\"},\"wordCount\":260,\"commentCount\":7,\"publisher\":{\"@id\":\"https:\\\/\\\/fojustice.fr\\\/web\\\/#organization\"},\"image\":{\"@id\":\"https:\\\/\\\/fojustice.fr\\\/web\\\/prison-de-toulouse-seysses-service-a-domicile\\\/#primaryimage\"},\"thumbnailUrl\":\"https:\\\/\\\/fojustice.fr\\\/web\\\/wp-content\\\/uploads\\\/2022\\\/03\\\/prison-de-Toulouse-Seysses.jpeg\",\"articleSection\":[\"DISP Toulouse\"],\"inLanguage\":\"fr-FR\",\"potentialAction\":[{\"@type\":\"CommentAction\",\"name\":\"Comment\",\"target\":[\"https:\\\/\\\/fojustice.fr\\\/web\\\/prison-de-toulouse-seysses-service-a-domicile\\\/#respond\"]}]},{\"@type\":\"WebPage\",\"@id\":\"https:\\\/\\\/fojustice.fr\\\/web\\\/prison-de-toulouse-seysses-service-a-domicile\\\/\",\"url\":\"https:\\\/\\\/fojustice.fr\\\/web\\\/prison-de-toulouse-seysses-service-a-domicile\\\/\",\"name\":\"Prison de Toulouse-Seysses : SERVICE A DOMICILE ! - Syndicat FO Justice\",\"isPartOf\":{\"@id\":\"https:\\\/\\\/fojustice.fr\\\/web\\\/#website\"},\"primaryImageOfPage\":{\"@id\":\"https:\\\/\\\/fojustice.fr\\\/web\\\/prison-de-toulouse-seysses-service-a-domicile\\\/#primaryimage\"},\"image\":{\"@id\":\"https:\\\/\\\/fojustice.fr\\\/web\\\/prison-de-toulouse-seysses-service-a-domicile\\\/#primaryimage\"},\"thumbnailUrl\":\"https:\\\/\\\/fojustice.fr\\\/web\\\/wp-content\\\/uploads\\\/2022\\\/03\\\/prison-de-Toulouse-Seysses.jpeg\",\"datePublished\":\"2025-02-13T13:38:32+00:00\",\"description\":\"Syndicat FO Justice - DISP Toulouse - Prison de Toulouse-Seysses : SERVICE A DOMICILE !\",\"breadcrumb\":{\"@id\":\"https:\\\/\\\/fojustice.fr\\\/web\\\/prison-de-toulouse-seysses-service-a-domicile\\\/#breadcrumb\"},\"inLanguage\":\"fr-FR\",\"potentialAction\":[{\"@type\":\"ReadAction\",\"target\":[\"https:\\\/\\\/fojustice.fr\\\/web\\\/prison-de-toulouse-seysses-service-a-domicile\\\/\"]}]},{\"@type\":\"ImageObject\",\"inLanguage\":\"fr-FR\",\"@id\":\"https:\\\/\\\/fojustice.fr\\\/web\\\/prison-de-toulouse-seysses-service-a-domicile\\\/#primaryimage\",\"url\":\"https:\\\/\\\/fojustice.fr\\\/web\\\/wp-content\\\/uploads\\\/2022\\\/03\\\/prison-de-Toulouse-Seysses.jpeg\",\"contentUrl\":\"https:\\\/\\\/fojustice.fr\\\/web\\\/wp-content\\\/uploads\\\/2022\\\/03\\\/prison-de-Toulouse-Seysses.jpeg\",\"width\":1280,\"height\":856},{\"@type\":\"BreadcrumbList\",\"@id\":\"https:\\\/\\\/fojustice.fr\\\/web\\\/prison-de-toulouse-seysses-service-a-domicile\\\/#breadcrumb\",\"itemListElement\":[{\"@type\":\"ListItem\",\"position\":1,\"name\":\"Accueil\",\"item\":\"https:\\\/\\\/fojustice.fr\\\/web\\\/\"},{\"@type\":\"ListItem\",\"position\":2,\"name\":\"Prison de Toulouse-Seysses : SERVICE A DOMICILE !\"}]},{\"@type\":\"WebSite\",\"@id\":\"https:\\\/\\\/fojustice.fr\\\/web\\\/#website\",\"url\":\"https:\\\/\\\/fojustice.fr\\\/web\\\/\",\"name\":\"Syndicat FO Justice\",\"description\":\"Site du Syndicat National FO Justice\",\"publisher\":{\"@id\":\"https:\\\/\\\/fojustice.fr\\\/web\\\/#organization\"},\"alternateName\":\"Syndicat National FO Justice\",\"potentialAction\":[{\"@type\":\"SearchAction\",\"target\":{\"@type\":\"EntryPoint\",\"urlTemplate\":\"https:\\\/\\\/fojustice.fr\\\/web\\\/?s={search_term_string}\"},\"query-input\":{\"@type\":\"PropertyValueSpecification\",\"valueRequired\":true,\"valueName\":\"search_term_string\"}}],\"inLanguage\":\"fr-FR\"},{\"@type\":\"Organization\",\"@id\":\"https:\\\/\\\/fojustice.fr\\\/web\\\/#organization\",\"name\":\"Syndicat National FO Justice\",\"alternateName\":\"Syndicat National FO Justice\",\"url\":\"https:\\\/\\\/fojustice.fr\\\/web\\\/\",\"logo\":{\"@type\":\"ImageObject\",\"inLanguage\":\"fr-FR\",\"@id\":\"https:\\\/\\\/fojustice.fr\\\/web\\\/#\\\/schema\\\/logo\\\/image\\\/\",\"url\":\"https:\\\/\\\/fojustice.fr\\\/web\\\/wp-content\\\/uploads\\\/2022\\\/03\\\/logo-fo-justice.png\",\"contentUrl\":\"https:\\\/\\\/fojustice.fr\\\/web\\\/wp-content\\\/uploads\\\/2022\\\/03\\\/logo-fo-justice.png\",\"width\":800,\"height\":800,\"caption\":\"Syndicat National FO Justice\"},\"image\":{\"@id\":\"https:\\\/\\\/fojustice.fr\\\/web\\\/#\\\/schema\\\/logo\\\/image\\\/\"},\"sameAs\":[\"https:\\\/\\\/www.facebook.com\\\/SyndicatFoJustice\",\"https:\\\/\\\/x.com\\\/SyndFoJustice\"]},{\"@type\":\"Person\",\"@id\":\"https:\\\/\\\/fojustice.fr\\\/web\\\/#\\\/schema\\\/person\\\/a51cb9c3495ce0ca62b78fc96ac3bf9f\",\"name\":\"adminfojustice\",\"image\":{\"@type\":\"ImageObject\",\"inLanguage\":\"fr-FR\",\"@id\":\"https:\\\/\\\/secure.gravatar.com\\\/avatar\\\/368884c0ecc46e53d83c0c3c0af4c6c30a6bbc2aab7535848950f43a950bfd4e?s=96&d=mm&r=g\",\"url\":\"https:\\\/\\\/secure.gravatar.com\\\/avatar\\\/368884c0ecc46e53d83c0c3c0af4c6c30a6bbc2aab7535848950f43a950bfd4e?s=96&d=mm&r=g\",\"contentUrl\":\"https:\\\/\\\/secure.gravatar.com\\\/avatar\\\/368884c0ecc46e53d83c0c3c0af4c6c30a6bbc2aab7535848950f43a950bfd4e?s=96&d=mm&r=g\",\"caption\":\"adminfojustice\"},\"sameAs\":[\"https:\\\/\\\/www.fojustice.fr\\\/web\"],\"url\":\"https:\\\/\\\/fojustice.fr\\\/web\\\/author\\\/adminfojustice\\\/\"}]}<\/script>\n<!-- \/ Yoast SEO plugin. -->","yoast_head_json":{"title":"Prison de Toulouse-Seysses : SERVICE A DOMICILE ! - Syndicat FO Justice","description":"Syndicat FO Justice - DISP Toulouse - Prison de Toulouse-Seysses : SERVICE A DOMICILE !","robots":{"index":"index","follow":"follow","max-snippet":"max-snippet:-1","max-image-preview":"max-image-preview:large","max-video-preview":"max-video-preview:-1"},"canonical":"https:\/\/fojustice.fr\/web\/prison-de-toulouse-seysses-service-a-domicile\/","og_locale":"fr_FR","og_type":"article","og_title":"Prison de Toulouse-Seysses : SERVICE A DOMICILE ! - Syndicat FO Justice","og_description":"Syndicat FO Justice - DISP Toulouse - Prison de Toulouse-Seysses : SERVICE A DOMICILE !","og_url":"https:\/\/fojustice.fr\/web\/prison-de-toulouse-seysses-service-a-domicile\/","og_site_name":"Syndicat FO Justice","article_publisher":"https:\/\/www.facebook.com\/SyndicatFoJustice","article_published_time":"2025-02-13T13:38:32+00:00","og_image":[{"width":1280,"height":856,"url":"https:\/\/fojustice.fr\/web\/wp-content\/uploads\/2022\/03\/prison-de-Toulouse-Seysses.jpeg","type":"image\/jpeg"}],"author":"adminfojustice","twitter_card":"summary_large_image","twitter_creator":"@SyndFoJustice","twitter_site":"@SyndFoJustice","twitter_misc":{"\u00c9crit par":"adminfojustice","Dur\u00e9e de lecture estim\u00e9e":"1 minute"},"schema":{"@context":"https:\/\/schema.org","@graph":[{"@type":"NewsArticle","@id":"https:\/\/fojustice.fr\/web\/prison-de-toulouse-seysses-service-a-domicile\/#article","isPartOf":{"@id":"https:\/\/fojustice.fr\/web\/prison-de-toulouse-seysses-service-a-domicile\/"},"author":{"name":"adminfojustice","@id":"https:\/\/fojustice.fr\/web\/#\/schema\/person\/a51cb9c3495ce0ca62b78fc96ac3bf9f"},"headline":"Prison de Toulouse-Seysses : SERVICE A DOMICILE !","datePublished":"2025-02-13T13:38:32+00:00","mainEntityOfPage":{"@id":"https:\/\/fojustice.fr\/web\/prison-de-toulouse-seysses-service-a-domicile\/"},"wordCount":260,"commentCount":7,"publisher":{"@id":"https:\/\/fojustice.fr\/web\/#organization"},"image":{"@id":"https:\/\/fojustice.fr\/web\/prison-de-toulouse-seysses-service-a-domicile\/#primaryimage"},"thumbnailUrl":"https:\/\/fojustice.fr\/web\/wp-content\/uploads\/2022\/03\/prison-de-Toulouse-Seysses.jpeg","articleSection":["DISP Toulouse"],"inLanguage":"fr-FR","potentialAction":[{"@type":"CommentAction","name":"Comment","target":["https:\/\/fojustice.fr\/web\/prison-de-toulouse-seysses-service-a-domicile\/#respond"]}]},{"@type":"WebPage","@id":"https:\/\/fojustice.fr\/web\/prison-de-toulouse-seysses-service-a-domicile\/","url":"https:\/\/fojustice.fr\/web\/prison-de-toulouse-seysses-service-a-domicile\/","name":"Prison de Toulouse-Seysses : SERVICE A DOMICILE ! - Syndicat FO Justice","isPartOf":{"@id":"https:\/\/fojustice.fr\/web\/#website"},"primaryImageOfPage":{"@id":"https:\/\/fojustice.fr\/web\/prison-de-toulouse-seysses-service-a-domicile\/#primaryimage"},"image":{"@id":"https:\/\/fojustice.fr\/web\/prison-de-toulouse-seysses-service-a-domicile\/#primaryimage"},"thumbnailUrl":"https:\/\/fojustice.fr\/web\/wp-content\/uploads\/2022\/03\/prison-de-Toulouse-Seysses.jpeg","datePublished":"2025-02-13T13:38:32+00:00","description":"Syndicat FO Justice - DISP Toulouse - Prison de Toulouse-Seysses : SERVICE A DOMICILE !","breadcrumb":{"@id":"https:\/\/fojustice.fr\/web\/prison-de-toulouse-seysses-service-a-domicile\/#breadcrumb"},"inLanguage":"fr-FR","potentialAction":[{"@type":"ReadAction","target":["https:\/\/fojustice.fr\/web\/prison-de-toulouse-seysses-service-a-domicile\/"]}]},{"@type":"ImageObject","inLanguage":"fr-FR","@id":"https:\/\/fojustice.fr\/web\/prison-de-toulouse-seysses-service-a-domicile\/#primaryimage","url":"https:\/\/fojustice.fr\/web\/wp-content\/uploads\/2022\/03\/prison-de-Toulouse-Seysses.jpeg","contentUrl":"https:\/\/fojustice.fr\/web\/wp-content\/uploads\/2022\/03\/prison-de-Toulouse-Seysses.jpeg","width":1280,"height":856},{"@type":"BreadcrumbList","@id":"https:\/\/fojustice.fr\/web\/prison-de-toulouse-seysses-service-a-domicile\/#breadcrumb","itemListElement":[{"@type":"ListItem","position":1,"name":"Accueil","item":"https:\/\/fojustice.fr\/web\/"},{"@type":"ListItem","position":2,"name":"Prison de Toulouse-Seysses : SERVICE A DOMICILE !"}]},{"@type":"WebSite","@id":"https:\/\/fojustice.fr\/web\/#website","url":"https:\/\/fojustice.fr\/web\/","name":"Syndicat FO Justice","description":"Site du Syndicat National FO Justice","publisher":{"@id":"https:\/\/fojustice.fr\/web\/#organization"},"alternateName":"Syndicat National FO Justice","potentialAction":[{"@type":"SearchAction","target":{"@type":"EntryPoint","urlTemplate":"https:\/\/fojustice.fr\/web\/?s={search_term_string}"},"query-input":{"@type":"PropertyValueSpecification","valueRequired":true,"valueName":"search_term_string"}}],"inLanguage":"fr-FR"},{"@type":"Organization","@id":"https:\/\/fojustice.fr\/web\/#organization","name":"Syndicat National FO Justice","alternateName":"Syndicat National FO Justice","url":"https:\/\/fojustice.fr\/web\/","logo":{"@type":"ImageObject","inLanguage":"fr-FR","@id":"https:\/\/fojustice.fr\/web\/#\/schema\/logo\/image\/","url":"https:\/\/fojustice.fr\/web\/wp-content\/uploads\/2022\/03\/logo-fo-justice.png","contentUrl":"https:\/\/fojustice.fr\/web\/wp-content\/uploads\/2022\/03\/logo-fo-justice.png","width":800,"height":800,"caption":"Syndicat National FO Justice"},"image":{"@id":"https:\/\/fojustice.fr\/web\/#\/schema\/logo\/image\/"},"sameAs":["https:\/\/www.facebook.com\/SyndicatFoJustice","https:\/\/x.com\/SyndFoJustice"]},{"@type":"Person","@id":"https:\/\/fojustice.fr\/web\/#\/schema\/person\/a51cb9c3495ce0ca62b78fc96ac3bf9f","name":"adminfojustice","image":{"@type":"ImageObject","inLanguage":"fr-FR","@id":"https:\/\/secure.gravatar.com\/avatar\/368884c0ecc46e53d83c0c3c0af4c6c30a6bbc2aab7535848950f43a950bfd4e?s=96&d=mm&r=g","url":"https:\/\/secure.gravatar.com\/avatar\/368884c0ecc46e53d83c0c3c0af4c6c30a6bbc2aab7535848950f43a950bfd4e?s=96&d=mm&r=g","contentUrl":"https:\/\/secure.gravatar.com\/avatar\/368884c0ecc46e53d83c0c3c0af4c6c30a6bbc2aab7535848950f43a950bfd4e?s=96&d=mm&r=g","caption":"adminfojustice"},"sameAs":["https:\/\/www.fojustice.fr\/web"],"url":"https:\/\/fojustice.fr\/web\/author\/adminfojustice\/"}]}},"jetpack_shortlink":"https:\/\/wp.me\/pdNWl1-8ec","jetpack_sharing_enabled":true,"jetpack_featured_media_url":"https:\/\/fojustice.fr\/web\/wp-content\/uploads\/2022\/03\/prison-de-Toulouse-Seysses.jpeg","_links":{"self":[{"href":"https:\/\/fojustice.fr\/web\/wp-json\/wp\/v2\/posts\/31632","targetHints":{"allow":["GET"]}}],"collection":[{"href":"https:\/\/fojustice.fr\/web\/wp-json\/wp\/v2\/posts"}],"about":[{"href":"https:\/\/fojustice.fr\/web\/wp-json\/wp\/v2\/types\/post"}],"author":[{"embeddable":true,"href":"https:\/\/fojustice.fr\/web\/wp-json\/wp\/v2\/users\/1"}],"replies":[{"embeddable":true,"href":"https:\/\/fojustice.fr\/web\/wp-json\/wp\/v2\/comments?post=31632"}],"version-history":[{"count":1,"href":"https:\/\/fojustice.fr\/web\/wp-json\/wp\/v2\/posts\/31632\/revisions"}],"predecessor-version":[{"id":31634,"href":"https:\/\/fojustice.fr\/web\/wp-json\/wp\/v2\/posts\/31632\/revisions\/31634"}],"wp:featuredmedia":[{"embeddable":true,"href":"https:\/\/fojustice.fr\/web\/wp-json\/wp\/v2\/media\/1322"}],"wp:attachment":[{"href":"https:\/\/fojustice.fr\/web\/wp-json\/wp\/v2\/media?parent=31632"}],"wp:term":[{"taxonomy":"category","embeddable":true,"href":"https:\/\/fojustice.fr\/web\/wp-json\/wp\/v2\/categories?post=31632"},{"taxonomy":"post_tag","embeddable":true,"href":"https:\/\/fojustice.fr\/web\/wp-json\/wp\/v2\/tags?post=31632"}],"curies":[{"name":"wp","href":"https:\/\/api.w.org\/{rel}","templated":true}]}}